{"id":98134,"date":"2026-03-04T16:44:08","date_gmt":"2026-03-04T16:44:08","guid":{"rendered":"https:\/\/www.shqiperia.com\/blog\/?p=98134"},"modified":"2026-03-04T16:52:02","modified_gmt":"2026-03-04T16:52:02","slug":"asani-me-shpetoi-jeten-ne-iran-futbollisti-ashkovski-mbeta-ne-rruge-i-braktisur-jasiri-me-gjeti-nje-shofer","status":"publish","type":"post","link":"https:\/\/www.shqiperia.com\/blog\/asani-me-shpetoi-jeten-ne-iran-futbollisti-ashkovski-mbeta-ne-rruge-i-braktisur-jasiri-me-gjeti-nje-shofer\/","title":{"rendered":"\u201cASANI M\u00cb SHP\u00cbTOI JET\u00cbN N\u00cb IRAN\u201d\/ Futbollisti Ashkovski: &#8211; Mbeta n\u00eb rrug\u00eb i braktisur, Jasiri m\u00eb gjeti nj\u00eb shofer"},"content":{"rendered":"<div class=\"c-header-content\">\n<div class=\"top-open-content\">\n<div class=\"c-flexy\">\n<div><\/div>\n<div>\n<div id=\"attachment_98139\" style=\"width: 695px\" class=\"wp-caption alignnone\"><img data-recalc-dims=\"1\" loading=\"lazy\" decoding=\"async\" aria-describedby=\"caption-attachment-98139\" data-attachment-id=\"98139\" data-permalink=\"https:\/\/www.shqiperia.com\/blog\/asani-me-shpetoi-jeten-ne-iran-futbollisti-ashkovski-mbeta-ne-rruge-i-braktisur-jasiri-me-gjeti-nje-shofer\/jasir-asani\/\" data-orig-file=\"https:\/\/i0.wp.com\/www.shqiperia.com\/blog\/wp-content\/uploads\/2026\/03\/Jasir-Asani.jpg?fit=900%2C544&amp;ssl=1\" data-orig-size=\"900,544\" data-comments-opened=\"1\" data-image-meta=\"{&quot;aperture&quot;:&quot;0&quot;,&quot;credit&quot;:&quot;&quot;,&quot;camera&quot;:&quot;&quot;,&quot;caption&quot;:&quot;&quot;,&quot;created_timestamp&quot;:&quot;0&quot;,&quot;copyright&quot;:&quot;&quot;,&quot;focal_length&quot;:&quot;0&quot;,&quot;iso&quot;:&quot;0&quot;,&quot;shutter_speed&quot;:&quot;0&quot;,&quot;title&quot;:&quot;&quot;,&quot;orientation&quot;:&quot;0&quot;}\" data-image-title=\"Jasir Asani\" data-image-description=\"\" data-image-caption=\"&lt;p&gt;Jasir Asani&lt;\/p&gt;\n\" data-medium-file=\"https:\/\/i0.wp.com\/www.shqiperia.com\/blog\/wp-content\/uploads\/2026\/03\/Jasir-Asani.jpg?fit=300%2C181&amp;ssl=1\" data-large-file=\"https:\/\/i0.wp.com\/www.shqiperia.com\/blog\/wp-content\/uploads\/2026\/03\/Jasir-Asani.jpg?fit=900%2C544&amp;ssl=1\" class=\" wp-image-98139\" alt=\"\" src=\"https:\/\/i0.wp.com\/www.shqiperia.com\/blog\/wp-content\/uploads\/2026\/03\/Jasir-Asani.jpg?resize=685%2C413&#038;ssl=1\" width=\"685\" height=\"413\" srcset=\"https:\/\/i0.wp.com\/www.shqiperia.com\/blog\/wp-content\/uploads\/2026\/03\/Jasir-Asani.jpg?resize=300%2C181&amp;ssl=1 300w, https:\/\/i0.wp.com\/www.shqiperia.com\/blog\/wp-content\/uploads\/2026\/03\/Jasir-Asani.jpg?resize=768%2C464&amp;ssl=1 768w, https:\/\/i0.wp.com\/www.shqiperia.com\/blog\/wp-content\/uploads\/2026\/03\/Jasir-Asani.jpg?resize=450%2C272&amp;ssl=1 450w, https:\/\/i0.wp.com\/www.shqiperia.com\/blog\/wp-content\/uploads\/2026\/03\/Jasir-Asani.jpg?resize=600%2C363&amp;ssl=1 600w, https:\/\/i0.wp.com\/www.shqiperia.com\/blog\/wp-content\/uploads\/2026\/03\/Jasir-Asani.jpg?resize=400%2C242&amp;ssl=1 400w, https:\/\/i0.wp.com\/www.shqiperia.com\/blog\/wp-content\/uploads\/2026\/03\/Jasir-Asani.jpg?w=900&amp;ssl=1 900w\" sizes=\"auto, (max-width: 685px) 100vw, 685px\" \/><p id=\"caption-attachment-98139\" class=\"wp-caption-text\">Jasir Asani<\/p><\/div>\n<\/div>\n<div><\/div>\n<div class=\"c-article_info\"><span class=\"c-writers_name\">4 Mars 2026<\/span><\/div>\n<div class=\"c-article_info\"><span class=\"c-writers_name\">Nga Gentian Duka<\/span><span class=\"divider\"><\/span><span class=\"open-a-date\"><\/span><a class=\"social-icon-wrapper social-share-btn social-svc-facebook\" target=\"_blank\" href=\"https:\/\/www.facebook.com\/sharer\/sharer.php?u=https%3A%2F%2Fwww.oranews.tv%2Fsport%2Fasani-m-shptoi-jetn-n-iran-futbollisti-ashkovski-mbeta-ne-rruge-i-braktisu-i1306191\" rel=\"noopener\"><span class=\"social-icon-wrapper\"><\/span><\/a><a class=\"social-icon-wrapper social-share-btn social-svc-whatsapp\" target=\"_blank\" href=\"https:\/\/api.whatsapp.com\/send?text=%E2%80%9CASANI%20M%C3%8B%20SHP%C3%8BTOI%20JET%C3%8BN%20N%C3%8B%20IRAN%E2%80%9D%2F%20Futbollisti%20Ashkovski%3A%20Mbeta%20n%C3%AB%20rrug%C3%AB%20i%20braktisur%2C%20Jasiri%20m%C3%AB%20gjeti%20nj%C3%AB%20shofer%20-%20Sport...https%3A%2F%2Fwww.oranews.tv%2Fsport%2Fasani-m-shptoi-jetn-n-iran-futbollisti-ashkovski-mbeta-ne-rruge-i-braktisu-i1306191\" rel=\"noopener\"><span class=\"social-icon-wrapper\"><\/span><\/a><a class=\"social-icon-wrapper social-share-btn social-svc-twitter\" target=\"_blank\" href=\"https:\/\/twitter.com\/intent\/tweet?text=%E2%80%9CASANI%20M%C3%8B%20SHP%C3%8BTOI%20JET%C3%8BN%20N%C3%8B%20IRAN%E2%80%9D%2F%20Futbollisti%20Ashkovski%3A%20Mbeta%20n%C3%AB%20rrug%C3%AB%20i%20braktisur%2C%20Jasiri%20m%C3%AB%20gjeti%20nj%C3%AB%20shofer%20-%20Sport...https%3A%2F%2Fwww.oranews.tv%2Fsport%2Fasani-m-shptoi-jetn-n-iran-futbollisti-ashkovski-mbeta-ne-rruge-i-braktisu-i1306191\" rel=\"noopener\"><span class=\"social-icon-wrapper\"><\/span><\/a><\/div>\n<\/div>\n<\/div>\n<\/div>\n<div class=\"all-content\">\n<p><em>Futbollisti maqedonas Stefan Ashkovski ka rr\u00ebfyer momentet dramatike q\u00eb p\u00ebrjetoi n\u00eb Iran pasi shp\u00ebrtheu lufta. 34 vjecari deklaroi se mbeti pa ushqim dhe pa uj\u00eb p\u00ebr tre dit\u00eb, pasi u braktis nga klubi i tij. Ashkovski pranoi se ai shp\u00ebtoi fal\u00eb Jasir Asanit, i cili i d\u00ebrgoi nj\u00eb shofer p\u00ebr ta larguar nga Irani<\/em><\/p>\n<p>Kalvari i Stefan Ashkovskit gjat\u00eb evakuimit nga Irani m\u00eb n\u00eb fund ka mbaruar, por situata nuk dihej si do t\u00eb kisht\u00eb p\u00ebrfunduar n\u00ebse Jasir Asani nuk do t\u00eb kishte dh\u00ebn\u00eb ndihm\u00ebn e tij. Futbollisti i komb\u00ebtares maqedonase\u00a0 Ashkovski ka rr\u00ebfyer 3 dit\u00ebt m\u00eb t\u00eb v\u00ebshtira t\u00eb jet\u00ebs s\u00eb tij, pas shp\u00ebrthimit t\u00eb luft\u00ebs n\u00eb Iran. Ai deklaroi pwr mediat maqedonase se u braktis nga klubi i tij, Persepolis, nd\u00ebrsa u shpreh se mbeti 3 dit\u00eb pa ngr\u00ebn\u00eb.<\/p>\n<p>&#8220;Kishte sulme kudo, madje edhe af\u00ebr meje. Nuk kisha ngr\u00ebn\u00eb dhe pir\u00eb p\u00ebr tre dit\u00eb. K\u00ebrkoja vet\u00ebm t\u00eb largohesha nga vendi, pasi udh\u00ebheq\u00ebsi i tyre u vra, asgj\u00eb nuk funksionoi, gjith\u00e7ka u mbyll. Ishte shum\u00eb e v\u00ebshtir\u00eb, por gjith\u00e7ka p\u00ebrfundoi mir\u00eb\u201d.<\/p>\n<p>Futbollisti falenderon ish shokun e tij t\u00eb skuadr\u00ebs, Jasir Asanin, pasi ai e ndihmoi p\u00ebr tu larguar nga Irani.<\/p>\n<p><img data-recalc-dims=\"1\" loading=\"lazy\" decoding=\"async\" data-attachment-id=\"98143\" data-permalink=\"https:\/\/www.shqiperia.com\/blog\/asani-me-shpetoi-jeten-ne-iran-futbollisti-ashkovski-mbeta-ne-rruge-i-braktisur-jasiri-me-gjeti-nje-shofer\/1772619796_jasirasanistefanashkovski\/\" data-orig-file=\"https:\/\/i0.wp.com\/www.shqiperia.com\/blog\/wp-content\/uploads\/2026\/03\/1772619796_jasirasanistefanashkovski.jpg?fit=525%2C359&amp;ssl=1\" data-orig-size=\"525,359\" data-comments-opened=\"1\" data-image-meta=\"{&quot;aperture&quot;:&quot;0&quot;,&quot;credit&quot;:&quot;&quot;,&quot;camera&quot;:&quot;&quot;,&quot;caption&quot;:&quot;&quot;,&quot;created_timestamp&quot;:&quot;0&quot;,&quot;copyright&quot;:&quot;&quot;,&quot;focal_length&quot;:&quot;0&quot;,&quot;iso&quot;:&quot;0&quot;,&quot;shutter_speed&quot;:&quot;0&quot;,&quot;title&quot;:&quot;&quot;,&quot;orientation&quot;:&quot;0&quot;}\" data-image-title=\"1772619796_jasirasanistefanashkovski\" data-image-description=\"\" data-image-caption=\"\" data-medium-file=\"https:\/\/i0.wp.com\/www.shqiperia.com\/blog\/wp-content\/uploads\/2026\/03\/1772619796_jasirasanistefanashkovski.jpg?fit=300%2C205&amp;ssl=1\" data-large-file=\"https:\/\/i0.wp.com\/www.shqiperia.com\/blog\/wp-content\/uploads\/2026\/03\/1772619796_jasirasanistefanashkovski.jpg?fit=525%2C359&amp;ssl=1\" class=\"alignnone wp-image-98143\" alt=\"\" src=\"https:\/\/i0.wp.com\/www.shqiperia.com\/blog\/wp-content\/uploads\/2026\/03\/1772619796_jasirasanistefanashkovski.jpg?resize=884%2C604&#038;ssl=1\" width=\"884\" height=\"604\" srcset=\"https:\/\/i0.wp.com\/www.shqiperia.com\/blog\/wp-content\/uploads\/2026\/03\/1772619796_jasirasanistefanashkovski.jpg?resize=300%2C205&amp;ssl=1 300w, https:\/\/i0.wp.com\/www.shqiperia.com\/blog\/wp-content\/uploads\/2026\/03\/1772619796_jasirasanistefanashkovski.jpg?resize=450%2C308&amp;ssl=1 450w, https:\/\/i0.wp.com\/www.shqiperia.com\/blog\/wp-content\/uploads\/2026\/03\/1772619796_jasirasanistefanashkovski.jpg?resize=235%2C160&amp;ssl=1 235w, https:\/\/i0.wp.com\/www.shqiperia.com\/blog\/wp-content\/uploads\/2026\/03\/1772619796_jasirasanistefanashkovski.jpg?resize=400%2C274&amp;ssl=1 400w, https:\/\/i0.wp.com\/www.shqiperia.com\/blog\/wp-content\/uploads\/2026\/03\/1772619796_jasirasanistefanashkovski.jpg?w=525&amp;ssl=1 525w\" sizes=\"auto, (max-width: 884px) 100vw, 884px\" \/><\/p>\n<p>\u201cAsani m\u00eb shp\u00ebtoi. Pa t\u00eb, nuk e di si do t\u00eb p\u00ebrfundonte gjith\u00e7ka. Udh\u00ebtova 15 or\u00eb nga Rafsajan n\u00eb Teheran, pastaj nga kufiri me aeroplan n\u00eb Stamboll. Jasiri m\u00eb ndihmoi, ai kishte shoferin e tij dhe un\u00eb ia dola me t\u00eb\u201d.<\/p>\n<p>T\u00eb dy futbollist\u00ebt aktivizohen n\u00eb kampionatin iranian. Ata tashm\u00eb jan\u00eb larguar, pasi shp\u00ebrtheu lufta dhe ndodhen me familjet e tyre. Makthi p\u00ebr ta ka mbuar<\/p>\n<\/div>\n","protected":false},"excerpt":{"rendered":"<p>4 Mars 2026 Nga Gentian Duka Futbollisti maqedonas Stefan Ashkovski ka rr\u00ebfyer momentet dramatike q\u00eb p\u00ebrjetoi n\u00eb Iran pasi shp\u00ebrtheu lufta. 34 vjecari deklaroi se mbeti pa ushqim dhe pa uj\u00eb p\u00ebr tre dit\u00eb, pasi u braktis nga klubi i tij. Ashkovski pranoi se ai shp\u00ebtoi fal\u00eb Jasir Asanit, i cili i d\u00ebrgoi nj\u00eb shofer [&hellip;]<\/p>\n","protected":false},"author":9,"featured_media":98139,"comment_status":"open","ping_status":"open","sticky":false,"template":"","format":"standard","meta":{"jetpack_post_was_ever_published":false,"_jetpack_newsletter_access":"","_jetpack_dont_email_post_to_subs":false,"_jetpack_newsletter_tier_id":0,"_jetpack_memberships_contains_paywalled_content":false,"_jetpack_memberships_contains_paid_content":false,"footnotes":"","jetpack_publicize_message":"","jetpack_publicize_feature_enabled":true,"jetpack_social_post_already_shared":true,"jetpack_social_options":{"image_generator_settings":{"template":"highway","default_image_id":0,"font":"","enabled":false},"version":2}},"categories":[27,85,10,1,35,86],"tags":[],"class_list":["post-98134","post","type-post","status-publish","format-standard","has-post-thumbnail","hentry","category-blogu-i-udhetarit","category-histori","category-kultura","category-njoftime-shtypi","category-shoqerore","category-trashegimi-kulturore"],"jetpack_publicize_connections":[],"jetpack_featured_media_url":"https:\/\/i0.wp.com\/www.shqiperia.com\/blog\/wp-content\/uploads\/2026\/03\/Jasir-Asani.jpg?fit=900%2C544&ssl=1","jetpack_sharing_enabled":true,"jetpack_shortlink":"https:\/\/wp.me\/p5Z6wp-pwO","jetpack-related-posts":[{"id":74130,"url":"https:\/\/www.shqiperia.com\/blog\/kendi-i-fotografrise-ky-eshte-jasir-asani\/","url_meta":{"origin":98134,"position":0},"title":"Kendi i Fotografrise: &#8211; Ky esht\u00eb Jasir Asani.   &#8230;","author":"Kurt Farka","date":"September 11, 2023","format":false,"excerpt":"11 Shtator 2023 Kendi i Fotografrise: - Ky esht\u00eb Jasir Asani. ...","rel":"","context":"In &quot;Blogu i Udh\u00ebtarit&quot;","block_context":{"text":"Blogu i Udh\u00ebtarit","link":"https:\/\/www.shqiperia.com\/blog\/category\/blogu-i-udhetarit\/"},"img":{"alt_text":"","src":"https:\/\/i0.wp.com\/www.shqiperia.com\/blog\/wp-content\/uploads\/2023\/09\/376868052_792226496240606_2918753038649654774_n-Kopjo.jpg?fit=1200%2C737&ssl=1&resize=350%2C200","width":350,"height":200,"srcset":"https:\/\/i0.wp.com\/www.shqiperia.com\/blog\/wp-content\/uploads\/2023\/09\/376868052_792226496240606_2918753038649654774_n-Kopjo.jpg?fit=1200%2C737&ssl=1&resize=350%2C200 1x, https:\/\/i0.wp.com\/www.shqiperia.com\/blog\/wp-content\/uploads\/2023\/09\/376868052_792226496240606_2918753038649654774_n-Kopjo.jpg?fit=1200%2C737&ssl=1&resize=525%2C300 1.5x, https:\/\/i0.wp.com\/www.shqiperia.com\/blog\/wp-content\/uploads\/2023\/09\/376868052_792226496240606_2918753038649654774_n-Kopjo.jpg?fit=1200%2C737&ssl=1&resize=700%2C400 2x, https:\/\/i0.wp.com\/www.shqiperia.com\/blog\/wp-content\/uploads\/2023\/09\/376868052_792226496240606_2918753038649654774_n-Kopjo.jpg?fit=1200%2C737&ssl=1&resize=1050%2C600 3x"},"classes":[]},{"id":11286,"url":"https:\/\/www.shqiperia.com\/blog\/instituti-i-shkupit-dhe-muzeu-kombetar-aktivitete-te-perbashketa\/","url_meta":{"origin":98134,"position":1},"title":"Instituti i Shkupit dhe Muzeu Komb\u00ebtar, aktivitete t\u00eb p\u00ebrbashk\u00ebta. &#8211;","author":"Kurt Farka","date":"September 9, 2018","format":false,"excerpt":"Instituti i Shkupit dhe Muzeu Komb\u00ebtar, aktivitete t\u00eb p\u00ebrbashk\u00ebta. - N\u00eb mjediset e Muzeut Historik Komb\u00ebtar u n\u00ebnshkrua nj\u00eb memorandum mir\u00ebkuptimi p\u00ebr organizimin e aktiviteteve t\u00eb p\u00ebrbashk\u00ebta nd\u00ebrmjet Muzeut Historik Komb\u00ebtar dhe Institutit t\u00eb Trash\u00ebgimis\u00eb Shpirt\u00ebrore e Kulturore t\u00eb Shqiptar\u00ebve n\u00eb Shkup. N\u00eb fjal\u00ebn e tij dr. Dorian Ko\u00e7i, drejtor\u2026","rel":"","context":"In &quot;Blogu i Udh\u00ebtarit&quot;","block_context":{"text":"Blogu i Udh\u00ebtarit","link":"https:\/\/www.shqiperia.com\/blog\/category\/blogu-i-udhetarit\/"},"img":{"alt_text":"","src":"https:\/\/i0.wp.com\/www.shqiperia.com\/blog\/wp-content\/uploads\/2018\/09\/muzue_memorandumii_koci_dhe_asani_faqe_18-2-Copy.jpg?resize=350%2C200","width":350,"height":200},"classes":[]},{"id":464,"url":"https:\/\/www.shqiperia.com\/blog\/464-2\/","url_meta":{"origin":98134,"position":2},"title":"Drejtori i trash\u00ebgimis\u00eb Asani: Shkupi ka arkiva q\u00eb nga Justinian","author":"Kurt Farka","date":"January 6, 2018","format":false,"excerpt":"Dokumentet historike dhe arkivat e Shkupit, nj\u00eb qend\u00ebr e hershme iliro \u2013shqiptare, kan\u00eb qen\u00eb nj\u00eb pjes\u00eb e historis\u00eb s\u00eb munguar. Drejtori i P\u00ebrgjithsh\u00ebm i Arkivit t\u00eb Shtetit, Ardit Bido, ka vendosur ta plot\u00ebsoj\u00eb k\u00ebt\u00eb boshll\u00ebk t\u00eb madh me rastin e Vitit t\u00eb Sk\u00ebnderbeut. Ky vit n\u00eb Arkivin e Shtetit n\u00eb\u2026","rel":"","context":"In &quot;Kultura&quot;","block_context":{"text":"Kultura","link":"https:\/\/www.shqiperia.com\/blog\/category\/kultura\/"},"img":{"alt_text":"","src":"","width":0,"height":0},"classes":[]},{"id":8279,"url":"https:\/\/www.shqiperia.com\/blog\/shqiptaret-ortodokse-ne-maqedoni-po-kthehen-ne-origjinen-e-tyre\/","url_meta":{"origin":98134,"position":3},"title":"Shqiptar\u00ebt ortodoks\u00eb n\u00eb Maqedoni po kthehen n\u00eb origjinen e tyre. &#8211;","author":"Kurt Farka","date":"June 2, 2018","format":false,"excerpt":"Shqiptar\u00ebt ortodoks\u00eb n\u00eb Maqedoni po kthehen n\u00eb origjinen e tyre. - Intelektuali i shquar, shqiptar ortodoks Branisllav Sinadinovski thot\u00eb se n\u00eb Maqedoni mungojn\u00eb kishat ortodokse shqiptare, nd\u00ebrsa nga ana tjet\u00ebr, nuk mungojn\u00eb, sipas tij, k\u00ebrc\u00ebnimet dhe sulmet p\u00ebr t\u00eb penguar deklarimin e hapur dhe zyrtar t\u00eb tyre si shqiptar\u00eb.\u201cMesazhi im\u2026","rel":"","context":"In &quot;Histori&quot;","block_context":{"text":"Histori","link":"https:\/\/www.shqiperia.com\/blog\/category\/histori\/"},"img":{"alt_text":"","src":"https:\/\/i0.wp.com\/www.shqiperia.com\/blog\/wp-content\/uploads\/2018\/06\/1-62_1520871529-3194760.jpg?fit=633%2C347&ssl=1&resize=350%2C200","width":350,"height":200,"srcset":"https:\/\/i0.wp.com\/www.shqiperia.com\/blog\/wp-content\/uploads\/2018\/06\/1-62_1520871529-3194760.jpg?fit=633%2C347&ssl=1&resize=350%2C200 1x, https:\/\/i0.wp.com\/www.shqiperia.com\/blog\/wp-content\/uploads\/2018\/06\/1-62_1520871529-3194760.jpg?fit=633%2C347&ssl=1&resize=525%2C300 1.5x"},"classes":[]},{"id":74239,"url":"https:\/\/www.shqiperia.com\/blog\/babai-i-jasir-asanit-kam-qare-si-nje-femije-i-vogel-pas-fitores-se-shqiperise-me-polonine\/","url_meta":{"origin":98134,"position":4},"title":"Babai i Jasir Asanit: &#8211; \u201cKam qar\u00eb si nj\u00eb f\u00ebmij\u00eb i vog\u00ebl pas fitores s\u00eb Shqip\u00ebris\u00eb me Polonin\u00eb\u201d","author":"Kurt Farka","date":"September 13, 2023","format":false,"excerpt":"Nga Klaudio Ndreca \"... Jasiri, q\u00eb n\u00eb f\u00ebmij\u00ebri na thoshte: \u201cDua t\u00eb luaj p\u00ebr Shqip\u00ebrin\u00eb\u201d. Jo vet\u00ebm un\u00eb, por e gjith\u00eb familja ime e ka ushqyer me frym\u00eb Komb\u00ebtare\". Jasir Asani \u00ebsht\u00eb padyshim lojtari i momentit te Shqip\u00ebria. Super goli i realizuar kund\u00ebr Polonis\u00eb i la t\u00eb gjith\u00eb pa fjal\u00eb,\u2026","rel":"","context":"In &quot;Kultura&quot;","block_context":{"text":"Kultura","link":"https:\/\/www.shqiperia.com\/blog\/category\/kultura\/"},"img":{"alt_text":"","src":"https:\/\/i0.wp.com\/www.shqiperia.com\/blog\/wp-content\/uploads\/2023\/09\/kasfff-698x430-1.png?fit=698%2C430&ssl=1&resize=350%2C200","width":350,"height":200,"srcset":"https:\/\/i0.wp.com\/www.shqiperia.com\/blog\/wp-content\/uploads\/2023\/09\/kasfff-698x430-1.png?fit=698%2C430&ssl=1&resize=350%2C200 1x, https:\/\/i0.wp.com\/www.shqiperia.com\/blog\/wp-content\/uploads\/2023\/09\/kasfff-698x430-1.png?fit=698%2C430&ssl=1&resize=525%2C300 1.5x"},"classes":[]},{"id":20674,"url":"https:\/\/www.shqiperia.com\/blog\/cu-keput-nje-dege-qarri-kenge-popullore-nga-fshatrat-toske-te-struges\/","url_meta":{"origin":98134,"position":5},"title":"\u201c\u00c7\u2019u k\u00ebput nj\u00eb deg\u00eb qarri\u201d \u2013 Kenge popullore nga fshatrat toske te Struges.-","author":"Kurt Farka","date":"May 3, 2019","format":false,"excerpt":"\u201c\u00c7\u2019u k\u00ebput nj\u00eb deg\u00eb qarri\u201d \u2013 Kenge popullore nga fshatrat toske te Struges.- Nga Bexhet Asani K\u00ebng\u00ebt popullore t\u00eb k\u00ebtij v\u00ebllimi, apo th\u00ebn\u00eb m\u00eb mir\u00eb k\u00ebto perla t\u00eb gurr\u00ebs popullore, i mblodha n\u00eb fshatrat: Fr\u00ebngov\u00eb, Kalisht, Fier, Ladorisht, Teferi\u00e7, Shum, Zagra\u00e7an, Belic\u00eb dhe n\u00eb qytet Strug\u00eb e Oh\u00ebr. K\u00ebto zona\u2026","rel":"","context":"In &quot;Arte&quot;","block_context":{"text":"Arte","link":"https:\/\/www.shqiperia.com\/blog\/category\/arte\/"},"img":{"alt_text":"","src":"https:\/\/i0.wp.com\/www.shqiperia.com\/blog\/wp-content\/uploads\/2019\/05\/57280479_2437979062900153_9101725102604550144_n.jpg?fit=602%2C274&ssl=1&resize=350%2C200","width":350,"height":200,"srcset":"https:\/\/i0.wp.com\/www.shqiperia.com\/blog\/wp-content\/uploads\/2019\/05\/57280479_2437979062900153_9101725102604550144_n.jpg?fit=602%2C274&ssl=1&resize=350%2C200 1x, https:\/\/i0.wp.com\/www.shqiperia.com\/blog\/wp-content\/uploads\/2019\/05\/57280479_2437979062900153_9101725102604550144_n.jpg?fit=602%2C274&ssl=1&resize=525%2C300 1.5x"},"classes":[]}],"_links":{"self":[{"href":"https:\/\/www.shqiperia.com\/blog\/wp-json\/wp\/v2\/posts\/98134","targetHints":{"allow":["GET"]}}],"collection":[{"href":"https:\/\/www.shqiperia.com\/blog\/wp-json\/wp\/v2\/posts"}],"about":[{"href":"https:\/\/www.shqiperia.com\/blog\/wp-json\/wp\/v2\/types\/post"}],"author":[{"embeddable":true,"href":"https:\/\/www.shqiperia.com\/blog\/wp-json\/wp\/v2\/users\/9"}],"replies":[{"embeddable":true,"href":"https:\/\/www.shqiperia.com\/blog\/wp-json\/wp\/v2\/comments?post=98134"}],"version-history":[{"count":6,"href":"https:\/\/www.shqiperia.com\/blog\/wp-json\/wp\/v2\/posts\/98134\/revisions"}],"predecessor-version":[{"id":98145,"href":"https:\/\/www.shqiperia.com\/blog\/wp-json\/wp\/v2\/posts\/98134\/revisions\/98145"}],"wp:featuredmedia":[{"embeddable":true,"href":"https:\/\/www.shqiperia.com\/blog\/wp-json\/wp\/v2\/media\/98139"}],"wp:attachment":[{"href":"https:\/\/www.shqiperia.com\/blog\/wp-json\/wp\/v2\/media?parent=98134"}],"wp:term":[{"taxonomy":"category","embeddable":true,"href":"https:\/\/www.shqiperia.com\/blog\/wp-json\/wp\/v2\/categories?post=98134"},{"taxonomy":"post_tag","embeddable":true,"href":"https:\/\/www.shqiperia.com\/blog\/wp-json\/wp\/v2\/tags?post=98134"}],"curies":[{"name":"wp","href":"https:\/\/api.w.org\/{rel}","templated":true}]}}