{"id":98131,"date":"2026-03-04T16:06:41","date_gmt":"2026-03-04T16:06:41","guid":{"rendered":"https:\/\/www.shqiperia.com\/blog\/?p=98131"},"modified":"2026-03-04T16:06:41","modified_gmt":"2026-03-04T16:06:41","slug":"rregullorja-e-kuvendit-nuk-eshte-statuti-i-ps","status":"publish","type":"post","link":"https:\/\/www.shqiperia.com\/blog\/rregullorja-e-kuvendit-nuk-eshte-statuti-i-ps\/","title":{"rendered":"Rregullorja e Kuvendit nuk \u00ebsht\u00eb Statuti i PS"},"content":{"rendered":"<p><img data-recalc-dims=\"1\" loading=\"lazy\" decoding=\"async\" data-attachment-id=\"98132\" data-permalink=\"https:\/\/www.shqiperia.com\/blog\/rregullorja-e-kuvendit-nuk-eshte-statuti-i-ps\/629065371_1349682787178547_2308478431380904132_n\/\" data-orig-file=\"https:\/\/i0.wp.com\/www.shqiperia.com\/blog\/wp-content\/uploads\/2026\/03\/629065371_1349682787178547_2308478431380904132_n.jpg?fit=1280%2C960&amp;ssl=1\" data-orig-size=\"1280,960\" data-comments-opened=\"1\" data-image-meta=\"{&quot;aperture&quot;:&quot;0&quot;,&quot;credit&quot;:&quot;&quot;,&quot;camera&quot;:&quot;&quot;,&quot;caption&quot;:&quot;&quot;,&quot;created_timestamp&quot;:&quot;0&quot;,&quot;copyright&quot;:&quot;&quot;,&quot;focal_length&quot;:&quot;0&quot;,&quot;iso&quot;:&quot;0&quot;,&quot;shutter_speed&quot;:&quot;0&quot;,&quot;title&quot;:&quot;&quot;,&quot;orientation&quot;:&quot;0&quot;}\" data-image-title=\"629065371_1349682787178547_2308478431380904132_n\" data-image-description=\"\" data-image-caption=\"\" data-medium-file=\"https:\/\/i0.wp.com\/www.shqiperia.com\/blog\/wp-content\/uploads\/2026\/03\/629065371_1349682787178547_2308478431380904132_n.jpg?fit=300%2C225&amp;ssl=1\" data-large-file=\"https:\/\/i0.wp.com\/www.shqiperia.com\/blog\/wp-content\/uploads\/2026\/03\/629065371_1349682787178547_2308478431380904132_n.jpg?fit=1024%2C768&amp;ssl=1\" class=\"alignnone  wp-image-98132\" alt=\"\" src=\"https:\/\/i0.wp.com\/www.shqiperia.com\/blog\/wp-content\/uploads\/2026\/03\/629065371_1349682787178547_2308478431380904132_n.jpg?resize=503%2C377&#038;ssl=1\" width=\"503\" height=\"377\" srcset=\"https:\/\/i0.wp.com\/www.shqiperia.com\/blog\/wp-content\/uploads\/2026\/03\/629065371_1349682787178547_2308478431380904132_n.jpg?resize=300%2C225&amp;ssl=1 300w, https:\/\/i0.wp.com\/www.shqiperia.com\/blog\/wp-content\/uploads\/2026\/03\/629065371_1349682787178547_2308478431380904132_n.jpg?resize=1024%2C768&amp;ssl=1 1024w, https:\/\/i0.wp.com\/www.shqiperia.com\/blog\/wp-content\/uploads\/2026\/03\/629065371_1349682787178547_2308478431380904132_n.jpg?resize=768%2C576&amp;ssl=1 768w, https:\/\/i0.wp.com\/www.shqiperia.com\/blog\/wp-content\/uploads\/2026\/03\/629065371_1349682787178547_2308478431380904132_n.jpg?resize=450%2C338&amp;ssl=1 450w, https:\/\/i0.wp.com\/www.shqiperia.com\/blog\/wp-content\/uploads\/2026\/03\/629065371_1349682787178547_2308478431380904132_n.jpg?resize=600%2C450&amp;ssl=1 600w, https:\/\/i0.wp.com\/www.shqiperia.com\/blog\/wp-content\/uploads\/2026\/03\/629065371_1349682787178547_2308478431380904132_n.jpg?resize=400%2C300&amp;ssl=1 400w, https:\/\/i0.wp.com\/www.shqiperia.com\/blog\/wp-content\/uploads\/2026\/03\/629065371_1349682787178547_2308478431380904132_n.jpg?w=1280&amp;ssl=1 1280w\" sizes=\"auto, (max-width: 503px) 100vw, 503px\" \/><\/p>\n<p>4 Mars 2026<\/p>\n<p>Nga: Gazmend Bardhi.<\/p>\n<div class=\"xdj266r x14z9mp xat24cr x1lziwak x1vvkbs x126k92a\">\n<div>Rregullorja e Kuvendit nuk \u00ebsht\u00eb Statuti i PS, q\u00eb ndryshohet \u00e7do muaj sipas vullnetit t\u00eb vet\u00ebm nj\u00eb partie politike. Rregullorja e Kuvendit \u00ebsht\u00eb ligji q\u00eb garanton bashk\u00ebjetes\u00ebn e t\u00eb gjitha forcave politike brenda institucioneve demokratike, p\u00ebrcaktuar n\u00eb m\u00ebnyr\u00eb konsensuale dhe tashm\u00eb me rregulla t\u00eb konsoliduara.<\/div>\n<\/div>\n<div class=\"x14z9mp xat24cr x1lziwak x1vvkbs xtlvy1s x126k92a\">\n<div>N\u00ebse nj\u00eb pal\u00eb dikton rregullat e bashk\u00ebjetes\u00ebs n\u00eb m\u00ebnyr\u00eb t\u00eb nj\u00ebnashme, at\u00ebher\u00eb kjo \u00ebsht\u00eb dhun\u00eb e shumic\u00ebs ndaj pakic\u00ebs brenda Kuvendit! Bashk\u00ebjetesa brenda institucioneve demokratike pamund\u00ebsohet dhe opozit\u00ebs i diktohet me forc\u00ebn e kartonit edhe n\u00ebse duhet t\u00eb flas\u00eb apo jo, sa duhet t\u00eb flas\u00eb dhe \u00e7far\u00eb duhet t\u00eb thot\u00eb.<\/div>\n<\/div>\n<div class=\"x14z9mp xat24cr x1lziwak x1vvkbs xtlvy1s x126k92a\">\n<div>Duke d\u00ebnuar me forc\u00eb provokimin e ul\u00ebt t\u00eb Grupit Parlamentar t\u00eb PS p\u00ebrmes propozimit t\u00eb ri t\u00eb nj\u00ebansh\u00ebm p\u00ebr ndryshimin e Rregullores s\u00eb Kuvendit, i rikujtoj se po nxit p\u00ebrmes veprimeve t\u00eb nj\u00ebnashme, defunksionalizimin e Kuvendit dhe po i pamund\u00ebson opozit\u00ebs p\u00ebrmbushjen e vullnetit t\u00eb saj p\u00ebr t\u00eb ushtruar rolin e vet n\u00eb nj\u00eb shoq\u00ebri demokratike.<\/div>\n<\/div>\n<div class=\"x14z9mp xat24cr x1lziwak x1vvkbs xtlvy1s x126k92a\">\n<div>Rikujtoj po ashtu, q\u00eb n\u00eb vitin 2012 ndryshimi vet\u00ebm me KONSENSUS i Rregullores s\u00eb Kuvendit ishte kusht i Komisionit Europian q\u00eb Shqip\u00ebria t\u00eb merrte statusin e vendit kandidat p\u00ebr n\u00eb BE. Po sot? Sot \u00ebsht\u00eb kthyer n\u00eb nj\u00eb leck\u00eb me t\u00eb cil\u00ebn mazhoranca e korruptuar e Edi Ram\u00ebs provokon \u00e7do muaj opozit\u00ebn, edhe kur k\u00ebsaj t\u00eb fundit i jep t\u00eb drejt\u00eb nj\u00ebz\u00ebri Gjykata Kushtetuese. Pa asnj\u00eb grimc\u00eb ndjese, pa asnj\u00eb grimc\u00eb reflektimi.<\/div>\n<\/div>\n","protected":false},"excerpt":{"rendered":"<p>4 Mars 2026 Nga: Gazmend Bardhi. Rregullorja e Kuvendit nuk \u00ebsht\u00eb Statuti i PS, q\u00eb ndryshohet \u00e7do muaj sipas vullnetit t\u00eb vet\u00ebm nj\u00eb partie politike. Rregullorja e Kuvendit \u00ebsht\u00eb ligji q\u00eb garanton bashk\u00ebjetes\u00ebn e t\u00eb gjitha forcave politike brenda institucioneve demokratike, p\u00ebrcaktuar n\u00eb m\u00ebnyr\u00eb konsensuale dhe tashm\u00eb me rregulla t\u00eb konsoliduara. N\u00ebse nj\u00eb pal\u00eb dikton [&hellip;]<\/p>\n","protected":false},"author":9,"featured_media":98132,"comment_status":"open","ping_status":"open","sticky":false,"template":"","format":"standard","meta":{"jetpack_post_was_ever_published":false,"_jetpack_newsletter_access":"","_jetpack_dont_email_post_to_subs":false,"_jetpack_newsletter_tier_id":0,"_jetpack_memberships_contains_paywalled_content":false,"_jetpack_memberships_contains_paid_content":false,"footnotes":"","jetpack_publicize_message":"","jetpack_publicize_feature_enabled":true,"jetpack_social_post_already_shared":true,"jetpack_social_options":{"image_generator_settings":{"template":"highway","default_image_id":0,"font":"","enabled":false},"version":2}},"categories":[1,2,35],"tags":[],"class_list":["post-98131","post","type-post","status-publish","format-standard","has-post-thumbnail","hentry","category-njoftime-shtypi","category-politika","category-shoqerore"],"jetpack_publicize_connections":[],"jetpack_featured_media_url":"https:\/\/i0.wp.com\/www.shqiperia.com\/blog\/wp-content\/uploads\/2026\/03\/629065371_1349682787178547_2308478431380904132_n.jpg?fit=1280%2C960&ssl=1","jetpack_sharing_enabled":true,"jetpack_shortlink":"https:\/\/wp.me\/p5Z6wp-pwL","jetpack-related-posts":[{"id":15225,"url":"https:\/\/www.shqiperia.com\/blog\/asgjesim-defakto-i-opozites-pd-lsi-i-nisin-leter-kuvendit-ja-cfare-kerkojne\/","url_meta":{"origin":98131,"position":0},"title":"\u2018Asgj\u00ebsim defakto i opozit\u00ebs\u2019, &#8211; PD-LSI i nisin let\u00ebr Kuvendit. Ja \u00e7far\u00eb k\u00ebrkojn\u00eb. &#8211;","author":"Kurt Farka","date":"December 24, 2018","format":false,"excerpt":"\u2018Asgj\u00ebsim defakto i opozit\u00ebs\u2019, - PD-LSI i nisin let\u00ebr Kuvendit. Ja \u00e7far\u00eb k\u00ebrkojn\u00eb. - 24\/12\/2018. Partia Demokratike dhe L\u00ebvizja Socialiste p\u00ebr Integrim i jan\u00eb drejtuar me nj\u00eb shkres\u00eb Kuvendit t\u00eb Shqip\u00ebris\u00eb, duke k\u00ebrkuar,\u00a0 anulimin e vendimit t\u00eb Kuvendit, q\u00eb rr\u00ebzoi dekretin e presidentit, \u201cP\u00ebr tatimin mbi t\u00eb ardhurat\u201d. Me nj\u00eb\u2026","rel":"","context":"In &quot;Blogu i Udh\u00ebtarit&quot;","block_context":{"text":"Blogu i Udh\u00ebtarit","link":"https:\/\/www.shqiperia.com\/blog\/category\/blogu-i-udhetarit\/"},"img":{"alt_text":"","src":"https:\/\/i0.wp.com\/www.shqiperia.com\/blog\/wp-content\/uploads\/2018\/12\/seance-780x439.jpg?fit=780%2C439&ssl=1&resize=350%2C200","width":350,"height":200,"srcset":"https:\/\/i0.wp.com\/www.shqiperia.com\/blog\/wp-content\/uploads\/2018\/12\/seance-780x439.jpg?fit=780%2C439&ssl=1&resize=350%2C200 1x, https:\/\/i0.wp.com\/www.shqiperia.com\/blog\/wp-content\/uploads\/2018\/12\/seance-780x439.jpg?fit=780%2C439&ssl=1&resize=525%2C300 1.5x, https:\/\/i0.wp.com\/www.shqiperia.com\/blog\/wp-content\/uploads\/2018\/12\/seance-780x439.jpg?fit=780%2C439&ssl=1&resize=700%2C400 2x"},"classes":[]},{"id":47735,"url":"https:\/\/www.shqiperia.com\/blog\/kritika-dhe-proteste-kunder-vendimit-te-kuvendit-qe-u-mbyll-dyert-gazetareve-cenim-i-paster-i-punes-se-medias\/","url_meta":{"origin":98131,"position":1},"title":"Kritika dhe protest\u00eb kund\u00ebr vendimit t\u00eb Kuvendit q\u00eb u mbyll dyert gazetar\u00ebve: C\u00ebnim i past\u00ebr i pun\u00ebs s\u00eb medias","author":"Kurt Farka","date":"June 8, 2021","format":false,"excerpt":"Kritika dhe protest\u00eb kund\u00ebr vendimit t\u00eb Kuvendit q\u00eb u mbyll dyert gazetar\u00ebve: C\u00ebnim i past\u00ebr i pun\u00ebs s\u00eb medias 8 qershor 2021 Vendimi i Byros\u00eb s\u00eb Kuvendit p\u00ebr t\u00eb mbyllur aksesin dhe raportimin e pavarur nga komisionet parlamentare ka irrituar gazetar\u00ebt dhe \u00ebsht\u00eb shoq\u00ebruar me kritika nga organizatat e shoq\u00ebris\u00eb\u2026","rel":"","context":"In &quot;Blogu i Udh\u00ebtarit&quot;","block_context":{"text":"Blogu i Udh\u00ebtarit","link":"https:\/\/www.shqiperia.com\/blog\/category\/blogu-i-udhetarit\/"},"img":{"alt_text":"","src":"https:\/\/i0.wp.com\/www.shqiperia.com\/blog\/wp-content\/uploads\/2021\/06\/Protesta-media-.jpg?fit=600%2C400&ssl=1&resize=350%2C200","width":350,"height":200,"srcset":"https:\/\/i0.wp.com\/www.shqiperia.com\/blog\/wp-content\/uploads\/2021\/06\/Protesta-media-.jpg?fit=600%2C400&ssl=1&resize=350%2C200 1x, https:\/\/i0.wp.com\/www.shqiperia.com\/blog\/wp-content\/uploads\/2021\/06\/Protesta-media-.jpg?fit=600%2C400&ssl=1&resize=525%2C300 1.5x"},"classes":[]},{"id":6599,"url":"https:\/\/www.shqiperia.com\/blog\/topalli-basha-nje-rrogetar-i-rames-duhet-rrezuar\/","url_meta":{"origin":98131,"position":2},"title":"Topalli: Basha, nj\u00eb rrog\u00ebtar i Ram\u00ebs. Duhet rr\u00ebzuar. &#8211;","author":"Kurt Farka","date":"April 18, 2018","format":false,"excerpt":"\u201cT\u00eb sqarohet \u00e7far\u00eb do t\u00eb thot\u00eb mosbindje civile, se nuk shkon; pjes\u00ebmarrja n\u00eb Parlament dhe mosbindja civile bashk\u00eb. Pas ndryshimeve statutore q\u00eb pritet t\u00eb miratohen n\u00eb Kuvendin Komb\u00ebtar t\u00eb fund Prillit, ish-n\u00ebnkryetarja e Partis\u00eb Demokratike, Jozefina Topalli sheh fars\u00ebn e radh\u00ebs s\u00eb Lulzim Bash\u00ebs, p\u00ebr t\u00eb mbajtur karrigen e kryetarit.\u2026","rel":"","context":"In &quot;Politika&quot;","block_context":{"text":"Politika","link":"https:\/\/www.shqiperia.com\/blog\/category\/politika\/"},"img":{"alt_text":"","src":"https:\/\/i0.wp.com\/www.shqiperia.com\/blog\/wp-content\/uploads\/2018\/04\/Jozefina-Topalli.png?fit=500%2C386&ssl=1&resize=350%2C200","width":350,"height":200},"classes":[]},{"id":53385,"url":"https:\/\/www.shqiperia.com\/blog\/shperthejne-tensionet-ne-malin-e-zi-thellohet-konflikti-mes-krivokapic-dhe-abazovic\/","url_meta":{"origin":98131,"position":3},"title":"Shp\u00ebrthejn\u00eb tensionet n\u00eb Malin e Zi. &#8211; Thellohet konflikti mes Krivokapi\u00e7 dhe Abazovi\u00e7","author":"Kurt Farka","date":"January 22, 2022","format":false,"excerpt":"Shp\u00ebrthejn\u00eb tensionet n\u00eb Malin e Zi. - Thellohet konflikti mes Krivokapi\u00e7 dhe Abazovi\u00e7 22 JANAR 2022 Q\u00eb nga momenti kur u paralajm\u00ebrua mocioni i mosbesimit ndaj qeveris\u00eb s\u00eb kryeministrit Zdravko Krivokapiq n\u00eb Mal t\u00eb Zi filluan akuzat mes Kryeminist\u00ebrit dhe Zv\/kryeministrit, protestat n\u00eb rrug\u00eb dhe s\u00eb fundmi erdhi edhe propozimi\u2026","rel":"","context":"In &quot;Blogu i Udh\u00ebtarit&quot;","block_context":{"text":"Blogu i Udh\u00ebtarit","link":"https:\/\/www.shqiperia.com\/blog\/category\/blogu-i-udhetarit\/"},"img":{"alt_text":"","src":"https:\/\/i0.wp.com\/www.shqiperia.com\/blog\/wp-content\/uploads\/2022\/01\/Shperthejne-tensionet-ne-Malin-e-Zi.-Thellohet-konflikti-mes-Krivokapic-dhe-Abazovic.jpg?fit=800%2C450&ssl=1&resize=350%2C200","width":350,"height":200,"srcset":"https:\/\/i0.wp.com\/www.shqiperia.com\/blog\/wp-content\/uploads\/2022\/01\/Shperthejne-tensionet-ne-Malin-e-Zi.-Thellohet-konflikti-mes-Krivokapic-dhe-Abazovic.jpg?fit=800%2C450&ssl=1&resize=350%2C200 1x, https:\/\/i0.wp.com\/www.shqiperia.com\/blog\/wp-content\/uploads\/2022\/01\/Shperthejne-tensionet-ne-Malin-e-Zi.-Thellohet-konflikti-mes-Krivokapic-dhe-Abazovic.jpg?fit=800%2C450&ssl=1&resize=525%2C300 1.5x, https:\/\/i0.wp.com\/www.shqiperia.com\/blog\/wp-content\/uploads\/2022\/01\/Shperthejne-tensionet-ne-Malin-e-Zi.-Thellohet-konflikti-mes-Krivokapic-dhe-Abazovic.jpg?fit=800%2C450&ssl=1&resize=700%2C400 2x"},"classes":[]},{"id":51529,"url":"https:\/\/www.shqiperia.com\/blog\/lulzim-basha-kriminelet-e-rames-ndihmojne-sali-berishen\/","url_meta":{"origin":98131,"position":4},"title":"Lulzim Basha: &#8211; Kriminel\u00ebt e Ram\u00ebs ndihmojn\u00eb Sali Berish\u00ebn","author":"Kurt Farka","date":"November 20, 2021","format":false,"excerpt":"Lulzim Basha: - Kriminel\u00ebt e Ram\u00ebs ndihmojn\u00eb Sali Berish\u00ebn 18 Nentor 2021 Lulzim Basha paralajm\u00ebron se do t\u00eb zbatoj\u00eb \u00e7do mas\u00eb q\u00eb parashikon Statuti p\u00ebr k\u00ebdo q\u00eb d\u00ebmton interesat elektorale apo politike t\u00eb PD-s\u00eb. Ky mesazh i kryetarit duket si nj\u00eb paralajm\u00ebrim edhe ndaj deputet\u00ebve t\u00eb cil\u00ebt po mb\u00ebshtesin Sali\u2026","rel":"","context":"In &quot;Blogu i Udh\u00ebtarit&quot;","block_context":{"text":"Blogu i Udh\u00ebtarit","link":"https:\/\/www.shqiperia.com\/blog\/category\/blogu-i-udhetarit\/"},"img":{"alt_text":"","src":"https:\/\/i0.wp.com\/www.shqiperia.com\/blog\/wp-content\/uploads\/2021\/11\/Berisha-Basha.jpg?fit=1024%2C606&ssl=1&resize=350%2C200","width":350,"height":200,"srcset":"https:\/\/i0.wp.com\/www.shqiperia.com\/blog\/wp-content\/uploads\/2021\/11\/Berisha-Basha.jpg?fit=1024%2C606&ssl=1&resize=350%2C200 1x, https:\/\/i0.wp.com\/www.shqiperia.com\/blog\/wp-content\/uploads\/2021\/11\/Berisha-Basha.jpg?fit=1024%2C606&ssl=1&resize=525%2C300 1.5x, https:\/\/i0.wp.com\/www.shqiperia.com\/blog\/wp-content\/uploads\/2021\/11\/Berisha-Basha.jpg?fit=1024%2C606&ssl=1&resize=700%2C400 2x"},"classes":[]},{"id":75075,"url":"https:\/\/www.shqiperia.com\/blog\/saraci-kuvendi-i-kthyer-ne-nje-kongres-te-ps-se-nese-nuk-zgjidhet-ngerci-me-mjete-politike-te-kycet\/","url_meta":{"origin":98131,"position":5},"title":"Sara\u00e7i: Kuvendi i kthyer n\u00eb nj\u00eb kongres t\u00eb PS-s\u00eb.  &#8211; N\u00ebse nuk zgjidhet ng\u00ebr\u00e7i me mjete politike t\u00eb ky\u00e7et","author":"Kurt Farka","date":"October 31, 2023","format":false,"excerpt":"N\u00eb \u201cDrejt\u201d nga Luan Rama n\u00eb ora News, Romir Sara\u00e7i\u00a0 tha se kuvendit \u00ebsht\u00eb b\u00ebr\u00eb nj\u00eb kongres partie, ku nuk ka diskutim idesh dhe debat e politike. Sara\u00e7i:\u00a0Nuk m\u00eb shqet\u00ebson kjo dhun\u00eb n\u00eb kuvend, por dhuna politike ndaj opozit\u00ebs. Sigurisht q\u00eb b\u00ebn lajm. B\u00ebn lajm edhe kthimi i kuvendit n\u00eb\u2026","rel":"","context":"In &quot;Blogu i Udh\u00ebtarit&quot;","block_context":{"text":"Blogu i Udh\u00ebtarit","link":"https:\/\/www.shqiperia.com\/blog\/category\/blogu-i-udhetarit\/"},"img":{"alt_text":"","src":"https:\/\/i0.wp.com\/www.shqiperia.com\/blog\/wp-content\/uploads\/2023\/10\/640-0-1698684087xcapturejpg-607-1-300x161.jpg?resize=350%2C200&ssl=1","width":350,"height":200},"classes":[]}],"_links":{"self":[{"href":"https:\/\/www.shqiperia.com\/blog\/wp-json\/wp\/v2\/posts\/98131","targetHints":{"allow":["GET"]}}],"collection":[{"href":"https:\/\/www.shqiperia.com\/blog\/wp-json\/wp\/v2\/posts"}],"about":[{"href":"https:\/\/www.shqiperia.com\/blog\/wp-json\/wp\/v2\/types\/post"}],"author":[{"embeddable":true,"href":"https:\/\/www.shqiperia.com\/blog\/wp-json\/wp\/v2\/users\/9"}],"replies":[{"embeddable":true,"href":"https:\/\/www.shqiperia.com\/blog\/wp-json\/wp\/v2\/comments?post=98131"}],"version-history":[{"count":1,"href":"https:\/\/www.shqiperia.com\/blog\/wp-json\/wp\/v2\/posts\/98131\/revisions"}],"predecessor-version":[{"id":98133,"href":"https:\/\/www.shqiperia.com\/blog\/wp-json\/wp\/v2\/posts\/98131\/revisions\/98133"}],"wp:featuredmedia":[{"embeddable":true,"href":"https:\/\/www.shqiperia.com\/blog\/wp-json\/wp\/v2\/media\/98132"}],"wp:attachment":[{"href":"https:\/\/www.shqiperia.com\/blog\/wp-json\/wp\/v2\/media?parent=98131"}],"wp:term":[{"taxonomy":"category","embeddable":true,"href":"https:\/\/www.shqiperia.com\/blog\/wp-json\/wp\/v2\/categories?post=98131"},{"taxonomy":"post_tag","embeddable":true,"href":"https:\/\/www.shqiperia.com\/blog\/wp-json\/wp\/v2\/tags?post=98131"}],"curies":[{"name":"wp","href":"https:\/\/api.w.org\/{rel}","templated":true}]}}