{"id":98128,"date":"2026-03-04T16:02:14","date_gmt":"2026-03-04T16:02:14","guid":{"rendered":"https:\/\/www.shqiperia.com\/blog\/?p=98128"},"modified":"2026-03-04T16:02:14","modified_gmt":"2026-03-04T16:02:14","slug":"irani-ka-mbaruar-dhe-e-di-kete-sekretari-amerikan-i-mbrojtjes-po-vijne-vale-te-tjera-sulmesh-ne-sapo-kemi-filluar","status":"publish","type":"post","link":"https:\/\/www.shqiperia.com\/blog\/irani-ka-mbaruar-dhe-e-di-kete-sekretari-amerikan-i-mbrojtjes-po-vijne-vale-te-tjera-sulmesh-ne-sapo-kemi-filluar\/","title":{"rendered":"\u201cIrani ka mbaruar dhe e di k\u00ebt\u00eb\u201d \u2013 Sekretari amerikan i Mbrojtjes: Po vijn\u00eb val\u00eb t\u00eb tjera sulmesh! Ne sapo kemi filluar"},"content":{"rendered":"<p><img data-recalc-dims=\"1\" loading=\"lazy\" decoding=\"async\" data-attachment-id=\"98129\" data-permalink=\"https:\/\/www.shqiperia.com\/blog\/irani-ka-mbaruar-dhe-e-di-kete-sekretari-amerikan-i-mbrojtjes-po-vijne-vale-te-tjera-sulmesh-ne-sapo-kemi-filluar\/izraeli-iran-433x300\/\" data-orig-file=\"https:\/\/i0.wp.com\/www.shqiperia.com\/blog\/wp-content\/uploads\/2026\/03\/izraeli-iran-433x300-1.jpg?fit=433%2C300&amp;ssl=1\" data-orig-size=\"433,300\" data-comments-opened=\"1\" data-image-meta=\"{&quot;aperture&quot;:&quot;0&quot;,&quot;credit&quot;:&quot;&quot;,&quot;camera&quot;:&quot;&quot;,&quot;caption&quot;:&quot;&quot;,&quot;created_timestamp&quot;:&quot;0&quot;,&quot;copyright&quot;:&quot;&quot;,&quot;focal_length&quot;:&quot;0&quot;,&quot;iso&quot;:&quot;0&quot;,&quot;shutter_speed&quot;:&quot;0&quot;,&quot;title&quot;:&quot;&quot;,&quot;orientation&quot;:&quot;0&quot;}\" data-image-title=\"izraeli-iran-433&#215;300\" data-image-description=\"\" data-image-caption=\"\" data-medium-file=\"https:\/\/i0.wp.com\/www.shqiperia.com\/blog\/wp-content\/uploads\/2026\/03\/izraeli-iran-433x300-1.jpg?fit=300%2C208&amp;ssl=1\" data-large-file=\"https:\/\/i0.wp.com\/www.shqiperia.com\/blog\/wp-content\/uploads\/2026\/03\/izraeli-iran-433x300-1.jpg?fit=433%2C300&amp;ssl=1\" class=\"alignnone  wp-image-98129\" alt=\"\" src=\"https:\/\/i0.wp.com\/www.shqiperia.com\/blog\/wp-content\/uploads\/2026\/03\/izraeli-iran-433x300-1.jpg?resize=424%2C294&#038;ssl=1\" width=\"424\" height=\"294\" srcset=\"https:\/\/i0.wp.com\/www.shqiperia.com\/blog\/wp-content\/uploads\/2026\/03\/izraeli-iran-433x300-1.jpg?resize=300%2C208&amp;ssl=1 300w, https:\/\/i0.wp.com\/www.shqiperia.com\/blog\/wp-content\/uploads\/2026\/03\/izraeli-iran-433x300-1.jpg?resize=400%2C277&amp;ssl=1 400w, https:\/\/i0.wp.com\/www.shqiperia.com\/blog\/wp-content\/uploads\/2026\/03\/izraeli-iran-433x300-1.jpg?w=433&amp;ssl=1 433w\" sizes=\"auto, (max-width: 424px) 100vw, 424px\" \/><\/p>\n<p><strong>4 Mars 2026<\/strong><\/p>\n<p><strong>Sekretari amerikan i Mbrojtjes, Pete Hegseth, njoftoi vendosjen e forcave shtes\u00eb ushtarake n\u00eb Lindjen e Mesme, duke theksuar se Shtetet e Bashkuara do t\u00eb vazhdojn\u00eb operacionet kund\u00ebr Iranit dhe do t\u00eb marrin \u201cgjith\u00eb koh\u00ebn e nevojshme\u201d p\u00ebr t\u00eb siguruar fitoren.<\/strong><\/p>\n<p>Gjat\u00eb nj\u00eb konference p\u00ebr shtyp, Hegseth deklaroi se SHBA-t\u00eb nuk po nxitojn\u00eb dhe se do t\u00eb zgjedhin momentin e duhur p\u00ebr t\u00eb garantuar suksesin. Ai citoi edhe q\u00ebndrimin e presidentit Donald Trump, duke p\u00ebrs\u00ebritur se vendi do t\u00eb veproj\u00eb me strategji dhe pa presion kohor.<\/p>\n<p>Duke folur p\u00ebr zhvillimet e fundit, Hegseth i cil\u00ebsoi rezultatet e kat\u00ebr dit\u00ebve t\u00eb fundit si \u201ct\u00eb pabesueshme\u201d dhe \u201chistorike\u201d, duke shtuar se, sipas tij, qeveria iraniane \u201cka mbaruar dhe e di k\u00ebt\u00eb\u201d. Ai deklaroi se forcat amerikane kan\u00eb nisur t\u00eb \u201cgodasin, \u00e7montojn\u00eb, shkat\u00ebrrojn\u00eb dhe mposhtin\u201d kapacitetet ushtarake t\u00eb regjimit iranian.<\/p>\n<p>Sipas tij, udh\u00ebheq\u00ebsit iranian\u00eb do t\u00eb p\u00ebrballen vet\u00ebm me fuqin\u00eb ajrore t\u00eb SHBA-s\u00eb dhe Izraelit derisa t\u00eb dy vendet t\u00eb vendosin se konflikti ka p\u00ebrfunduar.<\/p>\n<p>Pas konferenc\u00ebs, Hegseth theksoi se ky konflikt \u201cnuk \u00ebsht\u00eb projektuar kurr\u00eb si nj\u00eb luft\u00eb e drejt\u00eb\u201d dhe se SHBA-t\u00eb po e godasin Iranin \u201cnd\u00ebrsa \u00ebsht\u00eb n\u00eb disavantazh\u201d.<\/p>\n<p>\u201cPo vijn\u00eb val\u00eb gjithnj\u00eb e m\u00eb t\u00eb m\u00ebdha, ne sapo kemi filluar\u201d, u shpreh ai.<\/p>\n<p>Ai shtoi gjithashtu se n\u00eb Oqeanin Indian, SHBA-t\u00eb fundos\u00ebn \u201cnj\u00eb anije luftarake iraniane q\u00eb mendonin se ishte e sigurt n\u00eb uj\u00ebrat nd\u00ebrkomb\u00ebtare\u201d. \u201cN\u00eb vend t\u00eb k\u00ebsaj, ajo u fundos nga nj\u00eb silur\u00eb\u201d, deklaroi Hegseth, pa e p\u00ebrmendur emrin e anijes.<\/p>\n<p>Nd\u00ebrkoh\u00eb, marina e Sri Lanka kishte raportuar m\u00eb her\u00ebt se fregata iraniane IRIS Dena u fundos n\u00eb Oqeanin Indian, nd\u00ebrsa rreth 140 persona q\u00eb ndodheshin n\u00eb bord rezultojn\u00eb t\u00eb zhdukur.<\/p>\n","protected":false},"excerpt":{"rendered":"<p>4 Mars 2026 Sekretari amerikan i Mbrojtjes, Pete Hegseth, njoftoi vendosjen e forcave shtes\u00eb ushtarake n\u00eb Lindjen e Mesme, duke theksuar se Shtetet e Bashkuara do t\u00eb vazhdojn\u00eb operacionet kund\u00ebr Iranit dhe do t\u00eb marrin \u201cgjith\u00eb koh\u00ebn e nevojshme\u201d p\u00ebr t\u00eb siguruar fitoren. Gjat\u00eb nj\u00eb konference p\u00ebr shtyp, Hegseth deklaroi se SHBA-t\u00eb nuk po nxitojn\u00eb [&hellip;]<\/p>\n","protected":false},"author":9,"featured_media":98129,"comment_status":"open","ping_status":"open","sticky":false,"template":"","format":"standard","meta":{"jetpack_post_was_ever_published":false,"_jetpack_newsletter_access":"","_jetpack_dont_email_post_to_subs":false,"_jetpack_newsletter_tier_id":0,"_jetpack_memberships_contains_paywalled_content":false,"_jetpack_memberships_contains_paid_content":false,"footnotes":"","jetpack_publicize_message":"","jetpack_publicize_feature_enabled":true,"jetpack_social_post_already_shared":true,"jetpack_social_options":{"image_generator_settings":{"template":"highway","default_image_id":0,"font":"","enabled":false},"version":2}},"categories":[27,2],"tags":[],"class_list":["post-98128","post","type-post","status-publish","format-standard","has-post-thumbnail","hentry","category-blogu-i-udhetarit","category-politika"],"jetpack_publicize_connections":[],"jetpack_featured_media_url":"https:\/\/i0.wp.com\/www.shqiperia.com\/blog\/wp-content\/uploads\/2026\/03\/izraeli-iran-433x300-1.jpg?fit=433%2C300&ssl=1","jetpack_sharing_enabled":true,"jetpack_shortlink":"https:\/\/wp.me\/p5Z6wp-pwI","jetpack-related-posts":[{"id":94104,"url":"https:\/\/www.shqiperia.com\/blog\/sekretari-amerikan-i-mbrojtjes-pete-hegseth-me-drejtuesit-e-ushtrise-pergatituni-per-lufte\/","url_meta":{"origin":98128,"position":0},"title":"Sekretari amerikan i Mbrojtjes, Pete Hegseth me drejtuesit e ushtris\u00eb: &#8211; P\u00ebrgatituni p\u00ebr luft\u00eb!","author":"Kurt Farka","date":"October 1, 2025","format":false,"excerpt":"1 Tetor 2025 Sekretari amerikan i Mbrojtjes, Pete Hegseth, ka deklaruar n\u00eb nj\u00eb takim t\u00eb rrall\u00eb t\u00eb udh\u00ebheqjes m\u00eb t\u00eb lart\u00eb ushtarake n\u00eb SHBA, se ata duhet t\u00eb \u201cp\u00ebrgatiten p\u00ebr luft\u00eb\u201d. \u201cNga ky moment e tutje, misioni i vet\u00ebm i Departamentit t\u00eb Luft\u00ebs t\u00eb rikthyer rishtazi \u00ebsht\u00eb ky: Lufta\u201d,\u00a0tha Hegseth\u2026","rel":"","context":"In &quot;Blogu i Udh\u00ebtarit&quot;","block_context":{"text":"Blogu i Udh\u00ebtarit","link":"https:\/\/www.shqiperia.com\/blog\/category\/blogu-i-udhetarit\/"},"img":{"alt_text":"","src":"https:\/\/i0.wp.com\/www.shqiperia.com\/blog\/wp-content\/uploads\/2025\/10\/640-0-95cfc784142255f9bcf2f3e97c3f6507-1.png?fit=640%2C332&ssl=1&resize=350%2C200","width":350,"height":200,"srcset":"https:\/\/i0.wp.com\/www.shqiperia.com\/blog\/wp-content\/uploads\/2025\/10\/640-0-95cfc784142255f9bcf2f3e97c3f6507-1.png?fit=640%2C332&ssl=1&resize=350%2C200 1x, https:\/\/i0.wp.com\/www.shqiperia.com\/blog\/wp-content\/uploads\/2025\/10\/640-0-95cfc784142255f9bcf2f3e97c3f6507-1.png?fit=640%2C332&ssl=1&resize=525%2C300 1.5x"},"classes":[]},{"id":91436,"url":"https:\/\/www.shqiperia.com\/blog\/nese-bisedimet-me-iranin-deshtojne-sekretari-amerikan-e-mbrojtjes-kercenon-hapur-kemi-demonstruar-aftesine-per-te-shkuar-larg\/","url_meta":{"origin":98128,"position":1},"title":"\u201cN\u00ebse bisedimet me Iranin d\u00ebshtojn\u00eb\u2026\u201d. &#8211; Sekretari Amerikan e Mbrojtjes k\u00ebrc\u00ebnon hapur: &#8211; Kemi demonstruar aft\u00ebsin\u00eb p\u00ebr t\u00eb shkuar larg","author":"Kurt Farka","date":"April 14, 2025","format":false,"excerpt":"14 Prill 2025 Sekretari amerikan i Mbrojtjes, Pete Hegseth, tha sot se ata jan\u00eb t\u00eb p\u00ebrgatitur t\u00eb sulmojn\u00eb Iranin n\u00ebse bisedimet b\u00ebrthamore d\u00ebshtojn\u00eb, nj\u00eb dit\u00eb pas bisedimeve t\u00eb para indirekte midis Uashingtonit dhe Teheranit q\u00eb u p\u00ebrshkruan nga t\u00eb dyja pal\u00ebt si \u201ckonstruktive\u201d. \u201cN\u00ebse nuk mund ta zgjidhim k\u00ebt\u00eb n\u00eb\u2026","rel":"","context":"In &quot;Blogu i Udh\u00ebtarit&quot;","block_context":{"text":"Blogu i Udh\u00ebtarit","link":"https:\/\/www.shqiperia.com\/blog\/category\/blogu-i-udhetarit\/"},"img":{"alt_text":"","src":"https:\/\/i0.wp.com\/www.shqiperia.com\/blog\/wp-content\/uploads\/2025\/04\/Hegseth.jpg?fit=1200%2C799&ssl=1&resize=350%2C200","width":350,"height":200,"srcset":"https:\/\/i0.wp.com\/www.shqiperia.com\/blog\/wp-content\/uploads\/2025\/04\/Hegseth.jpg?fit=1200%2C799&ssl=1&resize=350%2C200 1x, https:\/\/i0.wp.com\/www.shqiperia.com\/blog\/wp-content\/uploads\/2025\/04\/Hegseth.jpg?fit=1200%2C799&ssl=1&resize=525%2C300 1.5x, https:\/\/i0.wp.com\/www.shqiperia.com\/blog\/wp-content\/uploads\/2025\/04\/Hegseth.jpg?fit=1200%2C799&ssl=1&resize=700%2C400 2x, https:\/\/i0.wp.com\/www.shqiperia.com\/blog\/wp-content\/uploads\/2025\/04\/Hegseth.jpg?fit=1200%2C799&ssl=1&resize=1050%2C600 3x"},"classes":[]},{"id":98152,"url":"https:\/\/www.shqiperia.com\/blog\/rreth-100-mije-njerez-largohen-nga-teherani\/","url_meta":{"origin":98128,"position":2},"title":"Rreth 100 mij\u00eb njer\u00ebz largohen nga Teherani","author":"Kurt Farka","date":"March 5, 2026","format":false,"excerpt":"5 Mars 2025 Kombet e Bashkuara p\u00ebr Refugjat\u00ebt deklaruan sot n\u00eb 4 mars se rreth 100 mij\u00eb persona jan\u00eb larguar nga kryeqyteti iranian, Teherani, gjat\u00eb dy dit\u00ebve t\u00eb para, pas fillimit t\u00eb sulmeve ajrore nga Shtetet e Bashkuara t\u00eb Amerik\u00ebs dhe Izraeli ndaj Iranit. K\u00ebto t\u00eb dh\u00ebna u publikuan nga\u2026","rel":"","context":"In &quot;Njoftime Shtypi&quot;","block_context":{"text":"Njoftime Shtypi","link":"https:\/\/www.shqiperia.com\/blog\/category\/njoftime-shtypi\/"},"img":{"alt_text":"","src":"https:\/\/i0.wp.com\/www.shqiperia.com\/blog\/wp-content\/uploads\/2026\/03\/izraeli-iran-433x300-2.jpg?fit=433%2C300&ssl=1&resize=350%2C200","width":350,"height":200},"classes":[]},{"id":63486,"url":"https:\/\/www.shqiperia.com\/blog\/pentagoni-zbulon-detaje-nga-telefonata-mes-shba-dhe-rusise-qe-mund-te-beje-kthesen-e-madhe-te-luftes-ne-ukraine-erdogan-jep-lajmin-per-vladimir-putinin\/","url_meta":{"origin":98128,"position":3},"title":"Pentagoni zbulon detaje nga telefonata mes SHBA dhe Rusis\u00eb q\u00eb mund t\u00eb b\u00ebj\u00eb kthes\u00ebn e madhe t\u00eb luft\u00ebs n\u00eb Ukrain\u00eb. &#8211; Erdogan jep lajmin\u00a0 p\u00ebr Vladimir Putinin","author":"Kurt Farka","date":"October 22, 2022","format":false,"excerpt":"22 Tetor 2022. Zhvillime t\u00eb papritura nga lufta n\u00eb Ukrain\u00eb. S\u00eb fundmi po jepen sinjale se presidenti i Rusis\u00eb Vladimir Putin po k\u00ebrkon nj\u00eb marr\u00ebveshje me Ukrain\u00ebn. Sekretari amerikan i Mbrojtjes Lloyd J. Austin zhvilloi dit\u00ebn e djeshme nj\u00eb bised\u00eb telefonike me ministrin rus t\u00eb Mbrojtjes Sergei Shoigu. Menj\u00ebher\u00eb pas\u2026","rel":"","context":"In &quot;Blogu i Udh\u00ebtarit&quot;","block_context":{"text":"Blogu i Udh\u00ebtarit","link":"https:\/\/www.shqiperia.com\/blog\/category\/blogu-i-udhetarit\/"},"img":{"alt_text":"","src":"https:\/\/i0.wp.com\/www.shqiperia.com\/blog\/wp-content\/uploads\/2022\/10\/800-0-6353bdc39b591.jpeg?fit=800%2C457&ssl=1&resize=350%2C200","width":350,"height":200,"srcset":"https:\/\/i0.wp.com\/www.shqiperia.com\/blog\/wp-content\/uploads\/2022\/10\/800-0-6353bdc39b591.jpeg?fit=800%2C457&ssl=1&resize=350%2C200 1x, https:\/\/i0.wp.com\/www.shqiperia.com\/blog\/wp-content\/uploads\/2022\/10\/800-0-6353bdc39b591.jpeg?fit=800%2C457&ssl=1&resize=525%2C300 1.5x, https:\/\/i0.wp.com\/www.shqiperia.com\/blog\/wp-content\/uploads\/2022\/10\/800-0-6353bdc39b591.jpeg?fit=800%2C457&ssl=1&resize=700%2C400 2x"},"classes":[]},{"id":53907,"url":"https:\/\/www.shqiperia.com\/blog\/do-plase-lufta-biden-therret-urgjent-ne-telefon-kreret-e-be-dhe-nato\/","url_meta":{"origin":98128,"position":4},"title":"Do plas\u00eb lufta? &#8211; Biden th\u00ebrret urgjent n\u00eb telefon krer\u00ebt e BE dhe NATO","author":"Kurt Farka","date":"February 11, 2022","format":false,"excerpt":"Do plas\u00eb lufta? - Biden th\u00ebrret urgjent n\u00eb telefon krer\u00ebt e BE dhe NATO 11 SHKURT 2022 Nj\u00eb samit telefonik \u00ebsht\u00eb thirrur mes lider\u00ebve per\u00ebndimor\u00eb p\u00ebr t\u00eb analizuar zhvillimet e fundit n\u00eb kriz\u00ebn n\u00eb Ukrain\u00eb. Kjo raportohet nga ANSA q\u00eb citon burime t\u00eb qeveris\u00eb gjermane. N\u00eb konferenc\u00ebn telefonike marrin pjes\u00eb\u2026","rel":"","context":"In &quot;Blogu i Udh\u00ebtarit&quot;","block_context":{"text":"Blogu i Udh\u00ebtarit","link":"https:\/\/www.shqiperia.com\/blog\/category\/blogu-i-udhetarit\/"},"img":{"alt_text":"","src":"https:\/\/i0.wp.com\/www.shqiperia.com\/blog\/wp-content\/uploads\/2022\/02\/Biden.jpg?fit=992%2C558&ssl=1&resize=350%2C200","width":350,"height":200,"srcset":"https:\/\/i0.wp.com\/www.shqiperia.com\/blog\/wp-content\/uploads\/2022\/02\/Biden.jpg?fit=992%2C558&ssl=1&resize=350%2C200 1x, https:\/\/i0.wp.com\/www.shqiperia.com\/blog\/wp-content\/uploads\/2022\/02\/Biden.jpg?fit=992%2C558&ssl=1&resize=525%2C300 1.5x, https:\/\/i0.wp.com\/www.shqiperia.com\/blog\/wp-content\/uploads\/2022\/02\/Biden.jpg?fit=992%2C558&ssl=1&resize=700%2C400 2x"},"classes":[]},{"id":54428,"url":"https:\/\/www.shqiperia.com\/blog\/ndodh-minutat-e-fundit-nato-ja-hidhet-ne-aksion-te-fuqishem-zbardhet-vendimi-me-i-fundit\/","url_meta":{"origin":98128,"position":5},"title":"Ndodh minutat e fundit.\u00a0 &#8211; NATO-ja hidhet n\u00eb aksion t\u00eb fuqish\u00ebm, zbardhet vendimi m\u00eb i fundit","author":"Kurt Farka","date":"February 24, 2022","format":false,"excerpt":"Ndodh minutat e fundit.\u00a0 - NATO-ja hidhet n\u00eb aksion t\u00eb fuqish\u00ebm, zbardhet vendimi m\u00eb i fundit 24 SHKURT 2022 NATO ka urdh\u00ebruar komandant\u00ebt e saj ushtarak\u00eb t\u00eb intensifikojn\u00eb p\u00ebrgatitjet p\u00ebr t\u00eb mbrojtur territorin aleat pasi Rusia pushtoi Ukrain\u00ebn, duke v\u00ebn\u00eb n\u00eb gatishm\u00ebri qindra avion\u00eb luftarak\u00eb dhe anije dhe duke r\u00ebn\u00eb\u2026","rel":"","context":"In &quot;Blogu i Udh\u00ebtarit&quot;","block_context":{"text":"Blogu i Udh\u00ebtarit","link":"https:\/\/www.shqiperia.com\/blog\/category\/blogu-i-udhetarit\/"},"img":{"alt_text":"","src":"https:\/\/i0.wp.com\/www.shqiperia.com\/blog\/wp-content\/uploads\/2022\/02\/800-0-62178065418c0.jpg?fit=800%2C449&ssl=1&resize=350%2C200","width":350,"height":200,"srcset":"https:\/\/i0.wp.com\/www.shqiperia.com\/blog\/wp-content\/uploads\/2022\/02\/800-0-62178065418c0.jpg?fit=800%2C449&ssl=1&resize=350%2C200 1x, https:\/\/i0.wp.com\/www.shqiperia.com\/blog\/wp-content\/uploads\/2022\/02\/800-0-62178065418c0.jpg?fit=800%2C449&ssl=1&resize=525%2C300 1.5x, https:\/\/i0.wp.com\/www.shqiperia.com\/blog\/wp-content\/uploads\/2022\/02\/800-0-62178065418c0.jpg?fit=800%2C449&ssl=1&resize=700%2C400 2x"},"classes":[]}],"_links":{"self":[{"href":"https:\/\/www.shqiperia.com\/blog\/wp-json\/wp\/v2\/posts\/98128","targetHints":{"allow":["GET"]}}],"collection":[{"href":"https:\/\/www.shqiperia.com\/blog\/wp-json\/wp\/v2\/posts"}],"about":[{"href":"https:\/\/www.shqiperia.com\/blog\/wp-json\/wp\/v2\/types\/post"}],"author":[{"embeddable":true,"href":"https:\/\/www.shqiperia.com\/blog\/wp-json\/wp\/v2\/users\/9"}],"replies":[{"embeddable":true,"href":"https:\/\/www.shqiperia.com\/blog\/wp-json\/wp\/v2\/comments?post=98128"}],"version-history":[{"count":1,"href":"https:\/\/www.shqiperia.com\/blog\/wp-json\/wp\/v2\/posts\/98128\/revisions"}],"predecessor-version":[{"id":98130,"href":"https:\/\/www.shqiperia.com\/blog\/wp-json\/wp\/v2\/posts\/98128\/revisions\/98130"}],"wp:featuredmedia":[{"embeddable":true,"href":"https:\/\/www.shqiperia.com\/blog\/wp-json\/wp\/v2\/media\/98129"}],"wp:attachment":[{"href":"https:\/\/www.shqiperia.com\/blog\/wp-json\/wp\/v2\/media?parent=98128"}],"wp:term":[{"taxonomy":"category","embeddable":true,"href":"https:\/\/www.shqiperia.com\/blog\/wp-json\/wp\/v2\/categories?post=98128"},{"taxonomy":"post_tag","embeddable":true,"href":"https:\/\/www.shqiperia.com\/blog\/wp-json\/wp\/v2\/tags?post=98128"}],"curies":[{"name":"wp","href":"https:\/\/api.w.org\/{rel}","templated":true}]}}