{"id":98007,"date":"2026-02-26T22:39:10","date_gmt":"2026-02-26T22:39:10","guid":{"rendered":"https:\/\/www.shqiperia.com\/blog\/?p=98007"},"modified":"2026-02-26T22:39:19","modified_gmt":"2026-02-26T22:39:19","slug":"ndryshimet-ne-qeveri-lubonja-tym-per-nderkombetaret-duhet-te-ike-koka-e-sistemit","status":"publish","type":"post","link":"https:\/\/www.shqiperia.com\/blog\/ndryshimet-ne-qeveri-lubonja-tym-per-nderkombetaret-duhet-te-ike-koka-e-sistemit\/","title":{"rendered":"Ndryshimet n\u00eb qeveri\/ Lubonja: Tym p\u00ebr nd\u00ebrkomb\u00ebtar\u00ebt, duhet t\u00eb ik\u00eb koka e sistemit"},"content":{"rendered":"<p><img data-recalc-dims=\"1\" loading=\"lazy\" decoding=\"async\" data-attachment-id=\"98008\" data-permalink=\"https:\/\/www.shqiperia.com\/blog\/ndryshimet-ne-qeveri-lubonja-tym-per-nderkombetaret-duhet-te-ike-koka-e-sistemit\/auto_auto_lubonja17279865151772142245\/\" data-orig-file=\"https:\/\/i0.wp.com\/www.shqiperia.com\/blog\/wp-content\/uploads\/2026\/02\/auto_auto_lubonja17279865151772142245.jpg?fit=900%2C560&amp;ssl=1\" data-orig-size=\"900,560\" data-comments-opened=\"1\" data-image-meta=\"{&quot;aperture&quot;:&quot;0&quot;,&quot;credit&quot;:&quot;&quot;,&quot;camera&quot;:&quot;&quot;,&quot;caption&quot;:&quot;&quot;,&quot;created_timestamp&quot;:&quot;0&quot;,&quot;copyright&quot;:&quot;&quot;,&quot;focal_length&quot;:&quot;0&quot;,&quot;iso&quot;:&quot;0&quot;,&quot;shutter_speed&quot;:&quot;0&quot;,&quot;title&quot;:&quot;&quot;,&quot;orientation&quot;:&quot;0&quot;}\" data-image-title=\"auto_auto_lubonja17279865151772142245\" data-image-description=\"\" data-image-caption=\"\" data-medium-file=\"https:\/\/i0.wp.com\/www.shqiperia.com\/blog\/wp-content\/uploads\/2026\/02\/auto_auto_lubonja17279865151772142245.jpg?fit=300%2C187&amp;ssl=1\" data-large-file=\"https:\/\/i0.wp.com\/www.shqiperia.com\/blog\/wp-content\/uploads\/2026\/02\/auto_auto_lubonja17279865151772142245.jpg?fit=900%2C560&amp;ssl=1\" class=\"alignnone  wp-image-98008\" alt=\"\" src=\"https:\/\/i0.wp.com\/www.shqiperia.com\/blog\/wp-content\/uploads\/2026\/02\/auto_auto_lubonja17279865151772142245.jpg?resize=590%2C368&#038;ssl=1\" width=\"590\" height=\"368\" srcset=\"https:\/\/i0.wp.com\/www.shqiperia.com\/blog\/wp-content\/uploads\/2026\/02\/auto_auto_lubonja17279865151772142245.jpg?resize=300%2C187&amp;ssl=1 300w, https:\/\/i0.wp.com\/www.shqiperia.com\/blog\/wp-content\/uploads\/2026\/02\/auto_auto_lubonja17279865151772142245.jpg?resize=768%2C478&amp;ssl=1 768w, https:\/\/i0.wp.com\/www.shqiperia.com\/blog\/wp-content\/uploads\/2026\/02\/auto_auto_lubonja17279865151772142245.jpg?resize=450%2C280&amp;ssl=1 450w, https:\/\/i0.wp.com\/www.shqiperia.com\/blog\/wp-content\/uploads\/2026\/02\/auto_auto_lubonja17279865151772142245.jpg?resize=600%2C373&amp;ssl=1 600w, https:\/\/i0.wp.com\/www.shqiperia.com\/blog\/wp-content\/uploads\/2026\/02\/auto_auto_lubonja17279865151772142245.jpg?resize=400%2C249&amp;ssl=1 400w, https:\/\/i0.wp.com\/www.shqiperia.com\/blog\/wp-content\/uploads\/2026\/02\/auto_auto_lubonja17279865151772142245.jpg?w=900&amp;ssl=1 900w\" sizes=\"auto, (max-width: 590px) 100vw, 590px\" \/><\/p>\n<p>26 Shkurt 2026<\/p>\n<p>Analisti Fatos Lubonja komentoi n\u00eb studion e emisionit \u201cKjo Jav\u00eb\u201d n\u00eb News24 shkarkimin e Belinda Ballukut nga posti i zv\/kryeministres dhe ministres, si dhe rokad\u00ebn n\u00eb kabinetin qeveris\u00ebs.<\/p>\n<p>Lubonja u shpreh se e sheh si nj\u00eb tymnaj\u00eb q\u00eb i drejtohet nd\u00ebrkomb\u00ebtar\u00ebve se k\u00ebtu po merren masa, por edhe opinionit publik.<\/p>\n<p>Ai theksoi se ndryshime t\u00eb tilla nuk sjellin asgj\u00eb, pasi duhet ndryshuar sistemi dhe t\u00eb largohet kryeministri Rama.<\/p>\n<p>\u201c<em>Ky tym i drejtohet edhe nd\u00ebrkomb\u00ebtar\u00ebve q\u00eb shiko se ja po merren masa n\u00eb Shqip\u00ebri. U shkarkuar Balluku, edhe opinionin publik p\u00ebr aq sa ka vesh\u00eb edhe ndoshta pastaj k\u00ebtu tani hyjm\u00eb n\u00eb intriga. Nuk jemi brenda tyre.<\/em><\/p>\n<p><em>Dje takova nj\u00eb njeri q\u00eb ka biznes q\u00eb i njeh mir\u00eb, m\u00eb mir\u00eb nj\u00eb skem\u00eb, disa hallka q\u00eb fillonte nga Rama e me radh\u00eb nj\u00ebra ishte Balluku. Tani Balluku \u00ebsht\u00eb b\u00ebr\u00eb penges\u00eb, problemi \u00ebsht\u00eb q\u00eb t\u00eb nd\u00ebrroj\u00eb zinxhiri me k\u00ebto hallka. Ndrysho gjith\u00e7ka q\u00eb t\u00eb mos ndryshosh asgj\u00eb. Duhet ndryshuar sistemi dhe koka e sistemit q\u00eb \u00ebsht\u00eb Edi Rama<\/em>\u201d, tha ai.<\/p>\n","protected":false},"excerpt":{"rendered":"<p>26 Shkurt 2026 Analisti Fatos Lubonja komentoi n\u00eb studion e emisionit \u201cKjo Jav\u00eb\u201d n\u00eb News24 shkarkimin e Belinda Ballukut nga posti i zv\/kryeministres dhe ministres, si dhe rokad\u00ebn n\u00eb kabinetin qeveris\u00ebs. Lubonja u shpreh se e sheh si nj\u00eb tymnaj\u00eb q\u00eb i drejtohet nd\u00ebrkomb\u00ebtar\u00ebve se k\u00ebtu po merren masa, por edhe opinionit publik. Ai theksoi [&hellip;]<\/p>\n","protected":false},"author":9,"featured_media":98008,"comment_status":"open","ping_status":"open","sticky":false,"template":"","format":"standard","meta":{"jetpack_post_was_ever_published":false,"_jetpack_newsletter_access":"","_jetpack_dont_email_post_to_subs":false,"_jetpack_newsletter_tier_id":0,"_jetpack_memberships_contains_paywalled_content":false,"_jetpack_memberships_contains_paid_content":false,"footnotes":"","jetpack_publicize_message":"","jetpack_publicize_feature_enabled":true,"jetpack_social_post_already_shared":true,"jetpack_social_options":{"image_generator_settings":{"template":"highway","default_image_id":0,"font":"","enabled":false},"version":2}},"categories":[27,2],"tags":[],"class_list":["post-98007","post","type-post","status-publish","format-standard","has-post-thumbnail","hentry","category-blogu-i-udhetarit","category-politika"],"jetpack_publicize_connections":[],"jetpack_featured_media_url":"https:\/\/i0.wp.com\/www.shqiperia.com\/blog\/wp-content\/uploads\/2026\/02\/auto_auto_lubonja17279865151772142245.jpg?fit=900%2C560&ssl=1","jetpack_sharing_enabled":true,"jetpack_shortlink":"https:\/\/wp.me\/p5Z6wp-puL","jetpack-related-posts":[{"id":101236,"url":"https:\/\/www.shqiperia.com\/blog\/shqiperia-nuk-eshte-ne-shitje-lubonja-flet-nga-protesta-sistemi-i-rames-ka-grabitur-vendin-te-permbysim-pushtetin\/","url_meta":{"origin":98007,"position":0},"title":"\u2018Shqip\u00ebria nuk \u00ebsht\u00eb n\u00eb shitje\u2019, Lubonja flet nga protesta: Sistemi i Ram\u00ebs ka grabitur vendin, t\u00eb p\u00ebrmbysim pushtetin","author":"Kurt Farka","date":"June 7, 2026","format":false,"excerpt":"7 Qershor 2026 Dita e tet\u00eb e protest\u00ebs pa s\u00ebrish mij\u00ebra qytetar\u00eb q\u00eb marshuan nga sheshi Sk\u00ebnderbej te Kryeministria ku protestuan s\u00ebrish kund\u00ebr nd\u00ebrtimit t\u00eb resortit n\u00eb Zv\u00ebrnec. Sakaq, n\u00eb podiumin e improvizuar foli edhe analisti Fatos Lubonja. Ai u shpreh se rasti i Zv\u00ebrnecit tregoi se si funksionon sistemi\u2026","rel":"","context":"In &quot;Blogu i Udh\u00ebtarit&quot;","block_context":{"text":"Blogu i Udh\u00ebtarit","link":"https:\/\/www.shqiperia.com\/blog\/category\/blogu-i-udhetarit\/"},"img":{"alt_text":"","src":"https:\/\/i0.wp.com\/www.shqiperia.com\/blog\/wp-content\/uploads\/2026\/06\/luboinja-979x570-1.jpg?fit=979%2C570&ssl=1&resize=350%2C200","width":350,"height":200,"srcset":"https:\/\/i0.wp.com\/www.shqiperia.com\/blog\/wp-content\/uploads\/2026\/06\/luboinja-979x570-1.jpg?fit=979%2C570&ssl=1&resize=350%2C200 1x, https:\/\/i0.wp.com\/www.shqiperia.com\/blog\/wp-content\/uploads\/2026\/06\/luboinja-979x570-1.jpg?fit=979%2C570&ssl=1&resize=525%2C300 1.5x, https:\/\/i0.wp.com\/www.shqiperia.com\/blog\/wp-content\/uploads\/2026\/06\/luboinja-979x570-1.jpg?fit=979%2C570&ssl=1&resize=700%2C400 2x"},"classes":[]},{"id":103045,"url":"https:\/\/www.shqiperia.com\/blog\/pas-gjithe-kesaj-proteste-duhet-te-shkojme-ne-zgjedhje-lubonja-kerkesat-jane-te-panegociueshme\/","url_meta":{"origin":98007,"position":1},"title":"\u201cPas gjith\u00eb k\u00ebsaj proteste duhet t\u00eb shkojm\u00eb n\u00eb zgjedhje\u201d\/ Lubonja: &#8211; K\u00ebrkesat jan\u00eb t\u00eb panegociueshme!","author":"Kurt Farka","date":"July 21, 2026","format":false,"excerpt":"21 Korrik 2026 Analisti Fatos Lubonja u shpreh sot n\u00eb nj\u00eb lidhje direkte n\u00eb nj\u00eb studio televizive se pas protest\u00ebs dhe rezistenc\u00ebs qytetare prej 52 dit\u00ebsh, duhet t\u00eb shkohej n\u00eb zgjedhje t\u00eb reja dhe largim t\u00eb qeveris\u00eb s\u00eb Edi Ram\u00ebs. Ai u shpreh se k\u00ebrkesat e protestuesve jan\u00eb t\u00eb panegociueshme.\u2026","rel":"","context":"In &quot;Blogu i Udh\u00ebtarit&quot;","block_context":{"text":"Blogu i Udh\u00ebtarit","link":"https:\/\/www.shqiperia.com\/blog\/category\/blogu-i-udhetarit\/"},"img":{"alt_text":"","src":"https:\/\/i0.wp.com\/www.shqiperia.com\/blog\/wp-content\/uploads\/2026\/07\/fatos-lubonja-1.jpg?fit=1200%2C675&ssl=1&resize=350%2C200","width":350,"height":200,"srcset":"https:\/\/i0.wp.com\/www.shqiperia.com\/blog\/wp-content\/uploads\/2026\/07\/fatos-lubonja-1.jpg?fit=1200%2C675&ssl=1&resize=350%2C200 1x, https:\/\/i0.wp.com\/www.shqiperia.com\/blog\/wp-content\/uploads\/2026\/07\/fatos-lubonja-1.jpg?fit=1200%2C675&ssl=1&resize=525%2C300 1.5x, https:\/\/i0.wp.com\/www.shqiperia.com\/blog\/wp-content\/uploads\/2026\/07\/fatos-lubonja-1.jpg?fit=1200%2C675&ssl=1&resize=700%2C400 2x, https:\/\/i0.wp.com\/www.shqiperia.com\/blog\/wp-content\/uploads\/2026\/07\/fatos-lubonja-1.jpg?fit=1200%2C675&ssl=1&resize=1050%2C600 3x"},"classes":[]},{"id":102161,"url":"https:\/\/www.shqiperia.com\/blog\/qeveria-ka-nje-mllef-te-madh-po-e-shkarkon-ndaj-protestuesve-lubonja-rama-me-gjuhe-dhune-e-denigruese-turp\/","url_meta":{"origin":98007,"position":2},"title":"\u201cQeveria ka nj\u00eb mllef t\u00eb madh, po e shkarkon ndaj protestuesve\u201d\/ Lubonja: &#8211; Rama me gjuh\u00eb dhune e denigruese, turp","author":"Kurt Farka","date":"July 2, 2026","format":false,"excerpt":"2 Korrik 2026 Analisti Fatos Lubonja n\u00eb nj\u00eb intervist\u00eb televizive foli p\u00ebr zhvillimet e fundit politike duke u ndalur te protesta e sotme e mbajtur para Kuvendit. Gjat\u00eb intervist\u00ebs, Lubonja tha se protestuesit n\u00eb gjith\u00eb k\u00ebto dit\u00eb kan\u00eb zhvilluar nj\u00eb revolucion paq\u00ebsor. Sipas tij, kryeministri Edi Rama ka p\u00ebrdoru nj\u00eb\u2026","rel":"","context":"In &quot;Njoftime Shtypi&quot;","block_context":{"text":"Njoftime Shtypi","link":"https:\/\/www.shqiperia.com\/blog\/category\/njoftime-shtypi\/"},"img":{"alt_text":"","src":"https:\/\/i0.wp.com\/www.shqiperia.com\/blog\/wp-content\/uploads\/2026\/07\/fatos-lubonjaa.jpg?fit=640%2C331&ssl=1&resize=350%2C200","width":350,"height":200,"srcset":"https:\/\/i0.wp.com\/www.shqiperia.com\/blog\/wp-content\/uploads\/2026\/07\/fatos-lubonjaa.jpg?fit=640%2C331&ssl=1&resize=350%2C200 1x, https:\/\/i0.wp.com\/www.shqiperia.com\/blog\/wp-content\/uploads\/2026\/07\/fatos-lubonjaa.jpg?fit=640%2C331&ssl=1&resize=525%2C300 1.5x"},"classes":[]},{"id":102167,"url":"https:\/\/www.shqiperia.com\/blog\/lubonja-presidenti-asnje-reagim-e-turpshme\/","url_meta":{"origin":98007,"position":3},"title":"Lubonja: &#8211; Presidenti asnj\u00eb reagim, e turpshme!","author":"Kurt Farka","date":"July 2, 2026","format":false,"excerpt":"2 Korrik 2026 Analisti Fatos Lubonja n\u00eb nj\u00eb intervist\u00eb n\u00eb \u201cNews24\u201d foli p\u00ebr zhvillimet e fundit politike duke u ndalur te protesta e sotme e mbajtur para Kuvendit. Gjat\u00eb intervist\u00ebs, Lubonja tha se protestuesit n\u00eb gjith\u00eb k\u00ebto dit\u00eb kan\u00eb zhvilluar nj\u00eb revolucion paq\u00ebsor. Sipas tij, kryeministri Edi Rama ka p\u00ebrdoru\u2026","rel":"","context":"In &quot;Blogu i Udh\u00ebtarit&quot;","block_context":{"text":"Blogu i Udh\u00ebtarit","link":"https:\/\/www.shqiperia.com\/blog\/category\/blogu-i-udhetarit\/"},"img":{"alt_text":"","src":"https:\/\/i0.wp.com\/www.shqiperia.com\/blog\/wp-content\/uploads\/2026\/07\/Screenshot_115-768x430-1-1.jpeg?fit=768%2C430&ssl=1&resize=350%2C200","width":350,"height":200,"srcset":"https:\/\/i0.wp.com\/www.shqiperia.com\/blog\/wp-content\/uploads\/2026\/07\/Screenshot_115-768x430-1-1.jpeg?fit=768%2C430&ssl=1&resize=350%2C200 1x, https:\/\/i0.wp.com\/www.shqiperia.com\/blog\/wp-content\/uploads\/2026\/07\/Screenshot_115-768x430-1-1.jpeg?fit=768%2C430&ssl=1&resize=525%2C300 1.5x, https:\/\/i0.wp.com\/www.shqiperia.com\/blog\/wp-content\/uploads\/2026\/07\/Screenshot_115-768x430-1-1.jpeg?fit=768%2C430&ssl=1&resize=700%2C400 2x"},"classes":[]},{"id":102173,"url":"https:\/\/www.shqiperia.com\/blog\/shteti-i-kapur-prova-eshte-aruba-lubonja-ne-vend-te-arrestojne-ramen-per-korrupsionin-ndalojne-protestuesit-pse-hodhen-veze-balla-provokoi\/","url_meta":{"origin":98007,"position":4},"title":"\u201cShteti i kapur, prova \u00ebsht\u00eb Aruba\u201d- Lubonja: N\u00eb vend t\u00eb arrestojn\u00eb Ram\u00ebn p\u00ebr korrupsionin, ndalojn\u00eb protestuesit pse hodh\u00ebn vez\u00eb! Balla provokoi","author":"Kurt Farka","date":"July 2, 2026","format":false,"excerpt":"2 Korrik 2026 Analisti Fatos Lubonja komentoi protest\u00ebn e qytetar\u00ebve dhe aktivist\u00ebve sot para parlamentit, ku Policia ushtroi dhun\u00eb me gaz lotsjell\u00ebs, spraj me piper dhe topa uji, duke shoq\u00ebruar edhe t\u00eb pakt\u00ebn 20 prej tyre me forc\u00eb. Ai e d\u00ebnoi k\u00ebt\u00eb dhun\u00eb policore dhe shtet\u00ebrore, duke b\u00ebr\u00eb p\u00ebrgjegj\u00ebse qeverin\u00eb,\u2026","rel":"","context":"In &quot;Blogu i Udh\u00ebtarit&quot;","block_context":{"text":"Blogu i Udh\u00ebtarit","link":"https:\/\/www.shqiperia.com\/blog\/category\/blogu-i-udhetarit\/"},"img":{"alt_text":"","src":"https:\/\/i0.wp.com\/www.shqiperia.com\/blog\/wp-content\/uploads\/2026\/07\/fatos-lubonja.jpg?fit=700%2C375&ssl=1&resize=350%2C200","width":350,"height":200,"srcset":"https:\/\/i0.wp.com\/www.shqiperia.com\/blog\/wp-content\/uploads\/2026\/07\/fatos-lubonja.jpg?fit=700%2C375&ssl=1&resize=350%2C200 1x, https:\/\/i0.wp.com\/www.shqiperia.com\/blog\/wp-content\/uploads\/2026\/07\/fatos-lubonja.jpg?fit=700%2C375&ssl=1&resize=525%2C300 1.5x, https:\/\/i0.wp.com\/www.shqiperia.com\/blog\/wp-content\/uploads\/2026\/07\/fatos-lubonja.jpg?fit=700%2C375&ssl=1&resize=700%2C400 2x"},"classes":[]},{"id":100256,"url":"https:\/\/www.shqiperia.com\/blog\/lubonja-balluku-i-merrte-vendimet-me-whatsapp-kane-fytyre-dhe-e-mbrojne-akoma-ku-shkuan-50-mln-euro\/","url_meta":{"origin":98007,"position":5},"title":"Lubonja: Balluku i merrte vendimet me WhatsApp, kan\u00eb fytyr\u00eb dhe e mbrojn\u00eb akoma! Ku shkuan 50 mln euro?","author":"Kurt Farka","date":"May 14, 2026","format":false,"excerpt":"14 Maji 2026 Analisti Fatos Lubonja u shpreh se ish-z\u00ebvend\u00ebskryeministrja Belinda Balluku, \u00ebsht\u00eb p\u00ebrfshir\u00eb n\u00eb skandale dhe \u00ebsht\u00eb par\u00eb se si jan\u00eb marr\u00eb vendime me whatsapp. Gjat\u00eb intervist\u00ebs n\u00eb emisionin \u201cKjo Jav\u00eb\u201d n\u00eb News24, theksoi se 50 mln euro u zhduk\u00ebn dhe askush nuk ka dh\u00ebn\u00eb p\u00ebrgjigje, nd\u00ebrsa shtoi se\u2026","rel":"","context":"In &quot;Njoftime Shtypi&quot;","block_context":{"text":"Njoftime Shtypi","link":"https:\/\/www.shqiperia.com\/blog\/category\/njoftime-shtypi\/"},"img":{"alt_text":"","src":"https:\/\/i0.wp.com\/www.shqiperia.com\/blog\/wp-content\/uploads\/2026\/05\/lubonjaa.jpg?fit=1188%2C716&ssl=1&resize=350%2C200","width":350,"height":200,"srcset":"https:\/\/i0.wp.com\/www.shqiperia.com\/blog\/wp-content\/uploads\/2026\/05\/lubonjaa.jpg?fit=1188%2C716&ssl=1&resize=350%2C200 1x, https:\/\/i0.wp.com\/www.shqiperia.com\/blog\/wp-content\/uploads\/2026\/05\/lubonjaa.jpg?fit=1188%2C716&ssl=1&resize=525%2C300 1.5x, https:\/\/i0.wp.com\/www.shqiperia.com\/blog\/wp-content\/uploads\/2026\/05\/lubonjaa.jpg?fit=1188%2C716&ssl=1&resize=700%2C400 2x, https:\/\/i0.wp.com\/www.shqiperia.com\/blog\/wp-content\/uploads\/2026\/05\/lubonjaa.jpg?fit=1188%2C716&ssl=1&resize=1050%2C600 3x"},"classes":[]}],"_links":{"self":[{"href":"https:\/\/www.shqiperia.com\/blog\/wp-json\/wp\/v2\/posts\/98007","targetHints":{"allow":["GET"]}}],"collection":[{"href":"https:\/\/www.shqiperia.com\/blog\/wp-json\/wp\/v2\/posts"}],"about":[{"href":"https:\/\/www.shqiperia.com\/blog\/wp-json\/wp\/v2\/types\/post"}],"author":[{"embeddable":true,"href":"https:\/\/www.shqiperia.com\/blog\/wp-json\/wp\/v2\/users\/9"}],"replies":[{"embeddable":true,"href":"https:\/\/www.shqiperia.com\/blog\/wp-json\/wp\/v2\/comments?post=98007"}],"version-history":[{"count":2,"href":"https:\/\/www.shqiperia.com\/blog\/wp-json\/wp\/v2\/posts\/98007\/revisions"}],"predecessor-version":[{"id":98010,"href":"https:\/\/www.shqiperia.com\/blog\/wp-json\/wp\/v2\/posts\/98007\/revisions\/98010"}],"wp:featuredmedia":[{"embeddable":true,"href":"https:\/\/www.shqiperia.com\/blog\/wp-json\/wp\/v2\/media\/98008"}],"wp:attachment":[{"href":"https:\/\/www.shqiperia.com\/blog\/wp-json\/wp\/v2\/media?parent=98007"}],"wp:term":[{"taxonomy":"category","embeddable":true,"href":"https:\/\/www.shqiperia.com\/blog\/wp-json\/wp\/v2\/categories?post=98007"},{"taxonomy":"post_tag","embeddable":true,"href":"https:\/\/www.shqiperia.com\/blog\/wp-json\/wp\/v2\/tags?post=98007"}],"curies":[{"name":"wp","href":"https:\/\/api.w.org\/{rel}","templated":true}]}}