{"id":98001,"date":"2026-02-26T13:45:27","date_gmt":"2026-02-26T13:45:27","guid":{"rendered":"https:\/\/www.shqiperia.com\/blog\/?p=98001"},"modified":"2026-02-26T13:45:27","modified_gmt":"2026-02-26T13:45:27","slug":"dosja-akshi-jahti-luksoz-i-beqirit-ne-emer-te-punonjeses-thirret-ne-spak","status":"publish","type":"post","link":"https:\/\/www.shqiperia.com\/blog\/dosja-akshi-jahti-luksoz-i-beqirit-ne-emer-te-punonjeses-thirret-ne-spak\/","title":{"rendered":"Dosja AKSHI, jahti luksoz i Beqirit n\u00eb em\u00ebr t\u00eb punonj\u00ebses, thirret n\u00eb SPAK"},"content":{"rendered":"<p><img data-recalc-dims=\"1\" loading=\"lazy\" decoding=\"async\" data-attachment-id=\"98002\" data-permalink=\"https:\/\/www.shqiperia.com\/blog\/dosja-akshi-jahti-luksoz-i-beqirit-ne-emer-te-punonjeses-thirret-ne-spak\/ermal-beqiri-xhenila-tamizi\/\" data-orig-file=\"https:\/\/i0.wp.com\/www.shqiperia.com\/blog\/wp-content\/uploads\/2026\/02\/ermal-beqiri-xhenila-tamizi.webp?fit=643%2C411&amp;ssl=1\" data-orig-size=\"643,411\" data-comments-opened=\"1\" data-image-meta=\"{&quot;aperture&quot;:&quot;0&quot;,&quot;credit&quot;:&quot;&quot;,&quot;camera&quot;:&quot;&quot;,&quot;caption&quot;:&quot;&quot;,&quot;created_timestamp&quot;:&quot;0&quot;,&quot;copyright&quot;:&quot;&quot;,&quot;focal_length&quot;:&quot;0&quot;,&quot;iso&quot;:&quot;0&quot;,&quot;shutter_speed&quot;:&quot;0&quot;,&quot;title&quot;:&quot;&quot;,&quot;orientation&quot;:&quot;0&quot;}\" data-image-title=\"ermal-beqiri-xhenila-tamizi\" data-image-description=\"\" data-image-caption=\"\" data-medium-file=\"https:\/\/i0.wp.com\/www.shqiperia.com\/blog\/wp-content\/uploads\/2026\/02\/ermal-beqiri-xhenila-tamizi.webp?fit=300%2C192&amp;ssl=1\" data-large-file=\"https:\/\/i0.wp.com\/www.shqiperia.com\/blog\/wp-content\/uploads\/2026\/02\/ermal-beqiri-xhenila-tamizi.webp?fit=643%2C411&amp;ssl=1\" class=\"alignnone  wp-image-98002\" alt=\"\" src=\"https:\/\/i0.wp.com\/www.shqiperia.com\/blog\/wp-content\/uploads\/2026\/02\/ermal-beqiri-xhenila-tamizi.webp?resize=614%2C393&#038;ssl=1\" width=\"614\" height=\"393\" srcset=\"https:\/\/i0.wp.com\/www.shqiperia.com\/blog\/wp-content\/uploads\/2026\/02\/ermal-beqiri-xhenila-tamizi.webp?resize=300%2C192&amp;ssl=1 300w, https:\/\/i0.wp.com\/www.shqiperia.com\/blog\/wp-content\/uploads\/2026\/02\/ermal-beqiri-xhenila-tamizi.webp?resize=450%2C288&amp;ssl=1 450w, https:\/\/i0.wp.com\/www.shqiperia.com\/blog\/wp-content\/uploads\/2026\/02\/ermal-beqiri-xhenila-tamizi.webp?resize=600%2C384&amp;ssl=1 600w, https:\/\/i0.wp.com\/www.shqiperia.com\/blog\/wp-content\/uploads\/2026\/02\/ermal-beqiri-xhenila-tamizi.webp?resize=400%2C256&amp;ssl=1 400w, https:\/\/i0.wp.com\/www.shqiperia.com\/blog\/wp-content\/uploads\/2026\/02\/ermal-beqiri-xhenila-tamizi.webp?w=643&amp;ssl=1 643w\" sizes=\"auto, (max-width: 614px) 100vw, 614px\" \/><\/p>\n<p>26 Shkurt 2026<\/p>\n<p>Prokuroria e Posa\u00e7me Kund\u00ebr Korrupsionit dhe Krimit t\u00eb Organizuar (SPAK) po vijon hetimet lidhur me pasurin\u00eb dhe dyshimet p\u00ebr afera korruptive dhe p\u00ebrfshirje n\u00eb grup kriminal n\u00eb kuad\u00ebr t\u00eb dosjes s\u00eb AKSHI-t.<\/p>\n<p>K\u00ebt\u00eb t\u00eb enjte, SPAK ka thirrur p\u00ebr t\u00eb dh\u00ebn\u00eb deklarime shtetasen\u00a0Xhenila Tamizi, e identifikuar si vart\u00ebse e biznesmenit n\u00eb arrati Ermal Beqiri.<\/p>\n<p>Tamizi pritet t\u00eb jap\u00eb sqarime mbi disa transaksione dhe pasuri t\u00eb dyshuara q\u00eb lidhen me Beqirin.<\/p>\n<p>Nga verifikimet rezulton se n\u00eb em\u00ebr t\u00eb Tamizit \u00ebsht\u00eb regjistruar pron\u00ebsia e nj\u00eb jahti luksoz, i cili dyshohet se kontrollohej n\u00eb fakt nga biznesmeni n\u00eb arrati.<\/p>\n<p>Jahti \u00ebsht\u00eb sekuestruar nga SPAK dhe aktualisht ndodhet i ankoruar n\u00eb portin e Durr\u00ebsit, n\u00eb pritje t\u00eb p\u00ebrfundimit t\u00eb procedurave hetimore.<\/p>\n<p>Prokuroria e Posa\u00e7me Kund\u00ebr Korrupsionit dhe Krimit t\u00eb Organizuar (SPAK) po vijon hetimet lidhur me pasurin\u00eb dhe dyshimet p\u00ebr afera korruptive dhe p\u00ebrfshirje n\u00eb grup kriminal n\u00eb kuad\u00ebr t\u00eb dosjes s\u00eb AKSHI-t.<\/p>\n<p>K\u00ebt\u00eb t\u00eb enjte, SPAK ka thirrur p\u00ebr t\u00eb dh\u00ebn\u00eb deklarime shtetasen\u00a0Xhenila Tamizi, e identifikuar si vart\u00ebse e biznesmenit n\u00eb arrati Ermal Beqiri.\u00a0M\u00ebsohet se\u00a0Tamizi pritet t\u00eb jap\u00eb sqarime mbi disa transaksione dhe pasuri t\u00eb dyshuara q\u00eb lidhen me Beqirin.<\/p>\n<p>Nga verifikimet rezulton se n\u00eb em\u00ebr t\u00eb Tamizit \u00ebsht\u00eb regjistruar pron\u00ebsia e nj\u00eb jahti luksoz, i cili dyshohet se kontrollohej n\u00eb fakt nga biznesmeni n\u00eb arrati.<\/p>\n<p>Jahti \u00ebsht\u00eb sekuestruar nga SPAK dhe aktualisht ndodhet i ankoruar n\u00eb portin e Durr\u00ebsit, n\u00eb pritje t\u00eb p\u00ebrfundimit t\u00eb procedurave hetimore.<\/p>\n<p><strong>Po kush \u00ebsht\u00eb Xhenila Tamizi?<\/strong><\/p>\n<p>Nga dosja hetimore rezulton se Tamizi ka qen\u00eb e pun\u00ebsuar n\u00eb shoq\u00ebrin\u00eb \u201cSoft &amp; Solutions\u201d sh.p.k.<\/p>\n<p>Ajo b\u00ebnte intervista pun\u00eb dhe trajnonte punonj\u00ebsit q\u00eb merreshin n\u00eb kompani.<\/p>\n<p>Sipas verifikimeve t\u00eb kryera, Tamizi, e cila si juriste e kompanis\u00eb p\u00ebrfiton nj\u00eb pag\u00eb mujore prej 736 mij\u00eb lek\u00ebsh t\u00eb vjetra, rezulton n\u00eb dokumente si pronare e disa apartamenteve, si dhe e mjetit luksoz lundrues.<\/p>\n<p>Hetimet tregojn\u00eb se deri n\u00eb vitin 2021, n\u00eb sistemin e regjistrimit t\u00eb mjeteve nuk rezultonte asnj\u00eb mjet lundrues apo mjet tjet\u00ebr transporti n\u00eb em\u00ebr t\u00eb saj.<\/p>\n<p>Nga deklarimet e b\u00ebr\u00eb n\u00eb SPAK, t\u00eb gjith\u00eb q\u00eb jan\u00eb marr\u00eb n\u00eb pyetje si persona n\u00eb dijeni kane deklaruar se jan\u00eb intervistuar nga Xhenila Tamizi.<\/p>\n<p>Ka qen\u00eb po kjo shtetase, e cila shpallte fituesit, i njoftonte se ishin p\u00ebrzgjedhur si fitues dhe pasi nj\u00eb stazhi, ata fillonin zyrtarisht pun\u00ebn.<\/p>\n<p>Punonj\u00ebsit kan\u00eb deklaruar se kontratat jan\u00eb lidhur me nj\u00eb shoq\u00ebri tjet\u00ebr, t\u00eb ndryshme nga \u201cSoft &amp; Solutions\u201d, konkretisht me shoq\u00ebrin\u00eb \u201cEA Solutions.<\/p>\n<p><em>\u201cN\u00eb vijim, me q\u00ebllim verifikimin e t\u00eb dh\u00ebnave t\u00eb konstatuara, t\u00eb cilat rezultuan nga ushtrimi i k\u00ebtij kontrolli, \u00ebsht\u00eb proceduar me marrjen n\u00eb pyetje t\u00eb disa punonj\u00ebsve t\u00eb shoq\u00ebris\u00eb \u201cEA Solution\u201d sh.p.k. K\u00ebta shtetas n\u00eb t\u00ebr\u00ebsi kan\u00eb deklaruar se njoftimet p\u00ebr pun\u00eb i kan\u00eb par\u00eb n\u00eb internet, trajnimet e tyre i ka b\u00ebr\u00eb shtetasja Xhenila Tamizi. Nga aktet kjo shtetase rezulton t\u00eb jet\u00eb e pun\u00ebsuar n\u00eb shoq\u00ebrin\u00eb \u201cSoft &amp; Solutions\u201d sh.p.k., madje n\u00eb em\u00ebr t\u00eb saj rezulton edhe sendi i bler\u00eb nga Ermal Beqiri, mjeti lundrues Predator 50 Skyfall (jaht). Pasi jan\u00eb trajnuar, punonj\u00ebsit b\u00ebjn\u00eb me dije se kontratat jan\u00eb lidhur me nj\u00eb shoq\u00ebri tjet\u00ebr, t\u00eb ndryshme nga \u201cSoft &amp; Solutions\u201d, konkretisht me shoq\u00ebrin\u00eb \u201cEA Solutions\u201d,<\/em><span>\u00a0<\/span>thuhet n\u00eb dosjen hetimore.<\/p>\n<p>SPAK dyshon se mb\u00ebshtetur n\u00eb prova se shoq\u00ebria \u201cEA Solution\u201d \u00ebsht\u00eb themeluar fiktivisht, me q\u00ebllim kalimin e pagesave t\u00eb p\u00ebrfituara nga shoq\u00ebria \u201cSoft &amp; Solution\u201d.<\/p>\n","protected":false},"excerpt":{"rendered":"<p>26 Shkurt 2026 Prokuroria e Posa\u00e7me Kund\u00ebr Korrupsionit dhe Krimit t\u00eb Organizuar (SPAK) po vijon hetimet lidhur me pasurin\u00eb dhe dyshimet p\u00ebr afera korruptive dhe p\u00ebrfshirje n\u00eb grup kriminal n\u00eb kuad\u00ebr t\u00eb dosjes s\u00eb AKSHI-t. K\u00ebt\u00eb t\u00eb enjte, SPAK ka thirrur p\u00ebr t\u00eb dh\u00ebn\u00eb deklarime shtetasen\u00a0Xhenila Tamizi, e identifikuar si vart\u00ebse e biznesmenit n\u00eb arrati [&hellip;]<\/p>\n","protected":false},"author":9,"featured_media":98002,"comment_status":"open","ping_status":"open","sticky":false,"template":"","format":"standard","meta":{"jetpack_post_was_ever_published":false,"_jetpack_newsletter_access":"","_jetpack_dont_email_post_to_subs":false,"_jetpack_newsletter_tier_id":0,"_jetpack_memberships_contains_paywalled_content":false,"_jetpack_memberships_contains_paid_content":false,"footnotes":"","jetpack_publicize_message":"","jetpack_publicize_feature_enabled":true,"jetpack_social_post_already_shared":true,"jetpack_social_options":{"image_generator_settings":{"template":"highway","default_image_id":0,"font":"","enabled":false},"version":2}},"categories":[27,1,2],"tags":[],"class_list":["post-98001","post","type-post","status-publish","format-standard","has-post-thumbnail","hentry","category-blogu-i-udhetarit","category-njoftime-shtypi","category-politika"],"jetpack_publicize_connections":[],"jetpack_featured_media_url":"https:\/\/i0.wp.com\/www.shqiperia.com\/blog\/wp-content\/uploads\/2026\/02\/ermal-beqiri-xhenila-tamizi.webp?fit=643%2C411&ssl=1","jetpack_sharing_enabled":true,"jetpack_shortlink":"https:\/\/wp.me\/p5Z6wp-puF","jetpack-related-posts":[{"id":105387,"url":"https:\/\/www.shqiperia.com\/blog\/spak-me-kerkese-te-re-per-arrestim-ja-kush-jane-ushtaret-e-lubise-qe-pritet-te-largohen-nga-pushteti\/","url_meta":{"origin":98001,"position":0},"title":"SPAK me k\u00ebrkes\u00eb t\u00eb re p\u00ebr arrestim, ja kush jan\u00eb ushtar\u00ebt e \u201cLubis\u00eb\u201d q\u00eb pritet t\u00eb largohen nga pushteti","author":"Kurt Farka","date":"August 28, 2026","format":false,"excerpt":"28 Gusht 2026 Arrestimi i Ergys Agasit duket se \u00ebsht\u00eb nj\u00eb sinjal i keq p\u00ebr ish-zv\/kryeministren Belinda Balluku dhe band\u00ebn e saj n\u00eb qeveri, Partin\u00eb Socialiste dhe administrat\u00eb. Pas m\u00eb shum\u00eb se tet\u00eb muajsh n\u00eb k\u00ebrkim, biznesmeni Agasi \u00ebsht\u00eb arrestuar n\u00eb zon\u00ebn e Plepave n\u00eb Durr\u00ebs k\u00ebt\u00eb t\u00eb m\u00ebrkur\u00eb. Z.\u2026","rel":"","context":"In &quot;Blogu i Udh\u00ebtarit&quot;","block_context":{"text":"Blogu i Udh\u00ebtarit","link":"https:\/\/www.shqiperia.com\/blog\/category\/blogu-i-udhetarit\/"},"img":{"alt_text":"","src":"https:\/\/i0.wp.com\/www.shqiperia.com\/blog\/wp-content\/uploads\/2026\/08\/Belinda-Balluku-2.jpg?fit=1200%2C800&ssl=1&resize=350%2C200","width":350,"height":200,"srcset":"https:\/\/i0.wp.com\/www.shqiperia.com\/blog\/wp-content\/uploads\/2026\/08\/Belinda-Balluku-2.jpg?fit=1200%2C800&ssl=1&resize=350%2C200 1x, https:\/\/i0.wp.com\/www.shqiperia.com\/blog\/wp-content\/uploads\/2026\/08\/Belinda-Balluku-2.jpg?fit=1200%2C800&ssl=1&resize=525%2C300 1.5x, https:\/\/i0.wp.com\/www.shqiperia.com\/blog\/wp-content\/uploads\/2026\/08\/Belinda-Balluku-2.jpg?fit=1200%2C800&ssl=1&resize=700%2C400 2x, https:\/\/i0.wp.com\/www.shqiperia.com\/blog\/wp-content\/uploads\/2026\/08\/Belinda-Balluku-2.jpg?fit=1200%2C800&ssl=1&resize=1050%2C600 3x"},"classes":[]},{"id":102491,"url":"https:\/\/www.shqiperia.com\/blog\/kryemadhi-ne-telefonin-e-sekuestruar-nga-spak-nuk-ka-biseda-me-adrian-shatkun-por-me-edi-ramen\/","url_meta":{"origin":98001,"position":1},"title":"Kryemadhi: &#8211; N\u00eb telefonin e sekuestruar nga SPAK nuk ka biseda me Adrian Shatkun, por me Edi Ram\u00ebn","author":"Kurt Farka","date":"July 10, 2026","format":false,"excerpt":"10 Korrik 2026 Monika Kryemadhi ka l\u00ebshuar akuza t\u00eb forta ndaj SPAK dhe kreut t\u00eb tij, Altin Dumani, duke deklaruar se hetimi ndaj saj \u00ebsht\u00eb nd\u00ebrtuar mbi nj\u00eb telefon t\u00eb sekuestruar n\u00eb kund\u00ebrshtim me ligjin, nd\u00ebrsa ka ngritur edhe pik\u00ebpyetje t\u00eb forta p\u00ebr mosveprimin e prokuroris\u00eb ndaj kryeministrit Edi Rama.\u2026","rel":"","context":"In &quot;Blogu i Udh\u00ebtarit&quot;","block_context":{"text":"Blogu i Udh\u00ebtarit","link":"https:\/\/www.shqiperia.com\/blog\/category\/blogu-i-udhetarit\/"},"img":{"alt_text":"","src":"https:\/\/i0.wp.com\/www.shqiperia.com\/blog\/wp-content\/uploads\/2026\/07\/monika-kryemadhi-edi-rama.jpg?fit=640%2C332&ssl=1&resize=350%2C200","width":350,"height":200,"srcset":"https:\/\/i0.wp.com\/www.shqiperia.com\/blog\/wp-content\/uploads\/2026\/07\/monika-kryemadhi-edi-rama.jpg?fit=640%2C332&ssl=1&resize=350%2C200 1x, https:\/\/i0.wp.com\/www.shqiperia.com\/blog\/wp-content\/uploads\/2026\/07\/monika-kryemadhi-edi-rama.jpg?fit=640%2C332&ssl=1&resize=525%2C300 1.5x"},"classes":[]},{"id":105453,"url":"https:\/\/www.shqiperia.com\/blog\/alfred-cako-trafiku-i-heroines-me-turqine-rrezikon-te-shkrije-kupolen-e-policise-dhe-doganave-nga-qafe-thana-ne-elbasan-e-durres\/","url_meta":{"origin":98001,"position":2},"title":"Alfred Cako: &#8211; Trafiku i heroin\u00ebs me Turqin\u00eb rrezikon t\u00eb shkrij\u00eb kupol\u00ebn e policis\u00eb dhe doganave nga Qaf\u00eb-Thana n\u00eb Elbasan e Durr\u00ebs","author":"Kurt Farka","date":"August 29, 2026","format":false,"excerpt":"29 Gusht 2026 Teoricieni dhe konspiracionisti i njohur, Alfred Cako ka komentuar arrestimin e biznesmenit kontrovers, Ergys Agasi, duke hedhur hipoteza t\u00eb forta mbi prapaskenat e k\u00ebtij zhvillimi. Sipas tij, pas k\u00ebtij aksioni nuk q\u00ebndrojn\u00eb thjesht hetimet vendore, por nj\u00eb nd\u00ebrhyrje e mir\u00ebmenduar e sh\u00ebrbimeve t\u00eb huaja t\u00eb inteligjenc\u00ebs, p\u00ebrfshir\u00eb\u2026","rel":"","context":"In &quot;Blogu i Udh\u00ebtarit&quot;","block_context":{"text":"Blogu i Udh\u00ebtarit","link":"https:\/\/www.shqiperia.com\/blog\/category\/blogu-i-udhetarit\/"},"img":{"alt_text":"","src":"https:\/\/i0.wp.com\/www.shqiperia.com\/blog\/wp-content\/uploads\/2026\/08\/Alfred-Cako.jpg?fit=882%2C556&ssl=1&resize=350%2C200","width":350,"height":200,"srcset":"https:\/\/i0.wp.com\/www.shqiperia.com\/blog\/wp-content\/uploads\/2026\/08\/Alfred-Cako.jpg?fit=882%2C556&ssl=1&resize=350%2C200 1x, https:\/\/i0.wp.com\/www.shqiperia.com\/blog\/wp-content\/uploads\/2026\/08\/Alfred-Cako.jpg?fit=882%2C556&ssl=1&resize=525%2C300 1.5x, https:\/\/i0.wp.com\/www.shqiperia.com\/blog\/wp-content\/uploads\/2026\/08\/Alfred-Cako.jpg?fit=882%2C556&ssl=1&resize=700%2C400 2x"},"classes":[]},{"id":103350,"url":"https:\/\/www.shqiperia.com\/blog\/spak-e-kerkon-per-mega-aferen-akshi-ermal-beqiri-arrestohet-per-spiunazh-ne-france\/","url_meta":{"origin":98001,"position":3},"title":"SPAK e k\u00ebrkon p\u00ebr mega-afer\u00ebn AKSHI, Ermal Beqiri arrestohet p\u00ebr spiunazh n\u00eb Franc\u00eb","author":"Kurt Farka","date":"July 28, 2026","format":false,"excerpt":"28 Korrik 2026 Nj\u00eb shtetas shqiptar \u00ebsht\u00eb ndaluar nga autoritetet franceze pasi fluturoi me nj\u00eb avion t\u00eb vog\u00ebl civil mbi centralin b\u00ebrthamor t\u00eb Penly, n\u00eb rajonin Seine-Maritime, n\u00eb nj\u00eb lart\u00ebsi m\u00eb t\u00eb ul\u00ebt se kufiri i lejuar p\u00ebr zonat e ndjeshme. Rasti po hetohet edhe p\u00ebr pist\u00ebn e mundshme t\u00eb\u2026","rel":"","context":"In &quot;Blogu i Udh\u00ebtarit&quot;","block_context":{"text":"Blogu i Udh\u00ebtarit","link":"https:\/\/www.shqiperia.com\/blog\/category\/blogu-i-udhetarit\/"},"img":{"alt_text":"","src":"https:\/\/i0.wp.com\/www.shqiperia.com\/blog\/wp-content\/uploads\/2026\/07\/Ermal-Beqiri.webp?fit=900%2C590&ssl=1&resize=350%2C200","width":350,"height":200,"srcset":"https:\/\/i0.wp.com\/www.shqiperia.com\/blog\/wp-content\/uploads\/2026\/07\/Ermal-Beqiri.webp?fit=900%2C590&ssl=1&resize=350%2C200 1x, https:\/\/i0.wp.com\/www.shqiperia.com\/blog\/wp-content\/uploads\/2026\/07\/Ermal-Beqiri.webp?fit=900%2C590&ssl=1&resize=525%2C300 1.5x, https:\/\/i0.wp.com\/www.shqiperia.com\/blog\/wp-content\/uploads\/2026\/07\/Ermal-Beqiri.webp?fit=900%2C590&ssl=1&resize=700%2C400 2x"},"classes":[]},{"id":103904,"url":"https:\/\/www.shqiperia.com\/blog\/ne-fund-te-tetorit-qeveri-teknike-protestat-do-te-kalojne-ne-mosbindje-civile-ne-shtator-edi-rama-gati-ndryshimet\/","url_meta":{"origin":98001,"position":4},"title":"N\u00eb fund t\u00eb tetorit qeveri teknike, protestat do t\u00eb kalojn\u00eb n\u00eb mosbindje civile n\u00eb shtator, Edi Rama gati ndryshimet\u2026","author":"Kurt Farka","date":"August 6, 2026","format":false,"excerpt":"6 Gusht 2026 Prokuroria e Posa\u00e7me (SPAK) \u00ebsht\u00eb faktori q\u00eb i jep revolt\u00ebs motivin ligjor. Dosjet Balluku, Krifca, Xha\u00e7ka, Manastirliu, Gjiknuri, AKSHI dhe t\u00eb tjera jan\u00eb fu\u00e7i baruti q\u00eb pritet t\u00eb shp\u00ebrthejn\u00eb. N\u00eb fund t\u00eb tetorit qeveri teknike, protestat do t\u00eb kalojn\u00eb n\u00eb mosbindje civile n\u00eb shtator, Edi Rama gati\u2026","rel":"","context":"In &quot;Blogu i Udh\u00ebtarit&quot;","block_context":{"text":"Blogu i Udh\u00ebtarit","link":"https:\/\/www.shqiperia.com\/blog\/category\/blogu-i-udhetarit\/"},"img":{"alt_text":"","src":"https:\/\/i0.wp.com\/www.shqiperia.com\/blog\/wp-content\/uploads\/2026\/08\/foto-3-rama-protesta-AI-1140x570-1.jpg?fit=1140%2C570&ssl=1&resize=350%2C200","width":350,"height":200,"srcset":"https:\/\/i0.wp.com\/www.shqiperia.com\/blog\/wp-content\/uploads\/2026\/08\/foto-3-rama-protesta-AI-1140x570-1.jpg?fit=1140%2C570&ssl=1&resize=350%2C200 1x, https:\/\/i0.wp.com\/www.shqiperia.com\/blog\/wp-content\/uploads\/2026\/08\/foto-3-rama-protesta-AI-1140x570-1.jpg?fit=1140%2C570&ssl=1&resize=525%2C300 1.5x, https:\/\/i0.wp.com\/www.shqiperia.com\/blog\/wp-content\/uploads\/2026\/08\/foto-3-rama-protesta-AI-1140x570-1.jpg?fit=1140%2C570&ssl=1&resize=700%2C400 2x, https:\/\/i0.wp.com\/www.shqiperia.com\/blog\/wp-content\/uploads\/2026\/08\/foto-3-rama-protesta-AI-1140x570-1.jpg?fit=1140%2C570&ssl=1&resize=1050%2C600 3x"},"classes":[]},{"id":100750,"url":"https:\/\/www.shqiperia.com\/blog\/mesazhet-e-be-fikin-shpresat-per-anetaresimin-e-shqiperise-pa-largimin-e-elites-politike-dyert-e-integrimit-do\/","url_meta":{"origin":98001,"position":5},"title":"Mesazhet e BE fikin shpresat p\u00ebr an\u00ebtar\u00ebsimin e Shqip\u00ebris\u00eb, pa largimin e elit\u00ebs politike dyert e integrimit do\u2026","author":"Kurt Farka","date":"May 30, 2026","format":false,"excerpt":"30 Maji 2026 Nga: Gazeta Sot Rruga e Shqip\u00ebris\u00eb drejt Bashkimit Europian ka hyr\u00eb n\u00eb nj\u00eb faz\u00eb p\u00ebrcaktuese, ku mesazhet q\u00eb vijn\u00eb nga Brukseli nuk jan\u00eb m\u00eb thjesht kritika, por d\u00ebshmi e faktit se dyert e integrimit do t\u00eb q\u00ebndrojn\u00eb t\u00eb mbyllura p\u00ebr aq koh\u00eb sa vendi mbetet n\u00ebn kontrollin\u2026","rel":"","context":"In &quot;Blogu i Udh\u00ebtarit&quot;","block_context":{"text":"Blogu i Udh\u00ebtarit","link":"https:\/\/www.shqiperia.com\/blog\/category\/blogu-i-udhetarit\/"},"img":{"alt_text":"","src":"https:\/\/i0.wp.com\/www.shqiperia.com\/blog\/wp-content\/uploads\/2026\/05\/IMG_9705-1011x570-1.jpeg?fit=1011%2C570&ssl=1&resize=350%2C200","width":350,"height":200,"srcset":"https:\/\/i0.wp.com\/www.shqiperia.com\/blog\/wp-content\/uploads\/2026\/05\/IMG_9705-1011x570-1.jpeg?fit=1011%2C570&ssl=1&resize=350%2C200 1x, https:\/\/i0.wp.com\/www.shqiperia.com\/blog\/wp-content\/uploads\/2026\/05\/IMG_9705-1011x570-1.jpeg?fit=1011%2C570&ssl=1&resize=525%2C300 1.5x, https:\/\/i0.wp.com\/www.shqiperia.com\/blog\/wp-content\/uploads\/2026\/05\/IMG_9705-1011x570-1.jpeg?fit=1011%2C570&ssl=1&resize=700%2C400 2x"},"classes":[]}],"_links":{"self":[{"href":"https:\/\/www.shqiperia.com\/blog\/wp-json\/wp\/v2\/posts\/98001","targetHints":{"allow":["GET"]}}],"collection":[{"href":"https:\/\/www.shqiperia.com\/blog\/wp-json\/wp\/v2\/posts"}],"about":[{"href":"https:\/\/www.shqiperia.com\/blog\/wp-json\/wp\/v2\/types\/post"}],"author":[{"embeddable":true,"href":"https:\/\/www.shqiperia.com\/blog\/wp-json\/wp\/v2\/users\/9"}],"replies":[{"embeddable":true,"href":"https:\/\/www.shqiperia.com\/blog\/wp-json\/wp\/v2\/comments?post=98001"}],"version-history":[{"count":1,"href":"https:\/\/www.shqiperia.com\/blog\/wp-json\/wp\/v2\/posts\/98001\/revisions"}],"predecessor-version":[{"id":98003,"href":"https:\/\/www.shqiperia.com\/blog\/wp-json\/wp\/v2\/posts\/98001\/revisions\/98003"}],"wp:featuredmedia":[{"embeddable":true,"href":"https:\/\/www.shqiperia.com\/blog\/wp-json\/wp\/v2\/media\/98002"}],"wp:attachment":[{"href":"https:\/\/www.shqiperia.com\/blog\/wp-json\/wp\/v2\/media?parent=98001"}],"wp:term":[{"taxonomy":"category","embeddable":true,"href":"https:\/\/www.shqiperia.com\/blog\/wp-json\/wp\/v2\/categories?post=98001"},{"taxonomy":"post_tag","embeddable":true,"href":"https:\/\/www.shqiperia.com\/blog\/wp-json\/wp\/v2\/tags?post=98001"}],"curies":[{"name":"wp","href":"https:\/\/api.w.org\/{rel}","templated":true}]}}