{"id":97130,"date":"2026-01-29T23:21:30","date_gmt":"2026-01-29T23:21:30","guid":{"rendered":"https:\/\/www.shqiperia.com\/blog\/?p=97130"},"modified":"2026-01-29T23:27:30","modified_gmt":"2026-01-29T23:27:30","slug":"34-e-te-punesuarve-ne-bashkine-e-tiranes-rezultojne-nga-tims-jashte-shtetit-murrizi-pd-duhet-te-flase-me-qytetaret-per-hallet-e-tyre","status":"publish","type":"post","link":"https:\/\/www.shqiperia.com\/blog\/34-e-te-punesuarve-ne-bashkine-e-tiranes-rezultojne-nga-tims-jashte-shtetit-murrizi-pd-duhet-te-flase-me-qytetaret-per-hallet-e-tyre\/","title":{"rendered":"\u201c34% e t\u00eb pun\u00ebsuarve n\u00eb bashkin\u00eb e Tiran\u00ebs rezultojn\u00eb nga TIMS jasht\u00eb shtetit\u201d. Murrizi: &#8211; PD duhet t\u00eb flas\u00eb me qytetar\u00ebt p\u00ebr hallet e tyre"},"content":{"rendered":"<div id=\"attachment_97132\" style=\"width: 641px\" class=\"wp-caption alignnone\"><img data-recalc-dims=\"1\" loading=\"lazy\" decoding=\"async\" aria-describedby=\"caption-attachment-97132\" data-attachment-id=\"97132\" data-permalink=\"https:\/\/www.shqiperia.com\/blog\/34-e-te-punesuarve-ne-bashkine-e-tiranes-rezultojne-nga-tims-jashte-shtetit-murrizi-pd-duhet-te-flase-me-qytetaret-per-hallet-e-tyre\/myslim-murrizi-11\/\" data-orig-file=\"https:\/\/i0.wp.com\/www.shqiperia.com\/blog\/wp-content\/uploads\/2026\/01\/Myslim-Murrizi.jpg?fit=1310%2C721&amp;ssl=1\" data-orig-size=\"1310,721\" data-comments-opened=\"1\" data-image-meta=\"{&quot;aperture&quot;:&quot;0&quot;,&quot;credit&quot;:&quot;Redaksia&quot;,&quot;camera&quot;:&quot;&quot;,&quot;caption&quot;:&quot;&quot;,&quot;created_timestamp&quot;:&quot;1769727288&quot;,&quot;copyright&quot;:&quot;&quot;,&quot;focal_length&quot;:&quot;0&quot;,&quot;iso&quot;:&quot;0&quot;,&quot;shutter_speed&quot;:&quot;0&quot;,&quot;title&quot;:&quot;&quot;,&quot;orientation&quot;:&quot;0&quot;}\" data-image-title=\"Myslim Murrizi\" data-image-description=\"\" data-image-caption=\"&lt;p&gt;Myslim Murrizi&lt;\/p&gt;\n\" data-medium-file=\"https:\/\/i0.wp.com\/www.shqiperia.com\/blog\/wp-content\/uploads\/2026\/01\/Myslim-Murrizi.jpg?fit=300%2C165&amp;ssl=1\" data-large-file=\"https:\/\/i0.wp.com\/www.shqiperia.com\/blog\/wp-content\/uploads\/2026\/01\/Myslim-Murrizi.jpg?fit=1024%2C564&amp;ssl=1\" class=\" wp-image-97132\" alt=\"\" src=\"https:\/\/i0.wp.com\/www.shqiperia.com\/blog\/wp-content\/uploads\/2026\/01\/Myslim-Murrizi.jpg?resize=631%2C347&#038;ssl=1\" width=\"631\" height=\"347\" srcset=\"https:\/\/i0.wp.com\/www.shqiperia.com\/blog\/wp-content\/uploads\/2026\/01\/Myslim-Murrizi.jpg?resize=300%2C165&amp;ssl=1 300w, https:\/\/i0.wp.com\/www.shqiperia.com\/blog\/wp-content\/uploads\/2026\/01\/Myslim-Murrizi.jpg?resize=1024%2C564&amp;ssl=1 1024w, https:\/\/i0.wp.com\/www.shqiperia.com\/blog\/wp-content\/uploads\/2026\/01\/Myslim-Murrizi.jpg?resize=768%2C423&amp;ssl=1 768w, https:\/\/i0.wp.com\/www.shqiperia.com\/blog\/wp-content\/uploads\/2026\/01\/Myslim-Murrizi.jpg?resize=450%2C248&amp;ssl=1 450w, https:\/\/i0.wp.com\/www.shqiperia.com\/blog\/wp-content\/uploads\/2026\/01\/Myslim-Murrizi.jpg?resize=600%2C330&amp;ssl=1 600w, https:\/\/i0.wp.com\/www.shqiperia.com\/blog\/wp-content\/uploads\/2026\/01\/Myslim-Murrizi.jpg?resize=1300%2C715&amp;ssl=1 1300w, https:\/\/i0.wp.com\/www.shqiperia.com\/blog\/wp-content\/uploads\/2026\/01\/Myslim-Murrizi.jpg?resize=400%2C220&amp;ssl=1 400w, https:\/\/i0.wp.com\/www.shqiperia.com\/blog\/wp-content\/uploads\/2026\/01\/Myslim-Murrizi.jpg?w=1310&amp;ssl=1 1310w\" sizes=\"auto, (max-width: 631px) 100vw, 631px\" \/><p id=\"caption-attachment-97132\" class=\"wp-caption-text\">Myslim Murrizi<\/p><\/div>\n<p>30 Janar 2026<\/p>\n<p>Humbja e PD n\u00eb zgjedhje, sipas ish-deputetit t\u00eb PD, Myslim Murrizi, lidhet me sistemin e ngritur nga mazhoranca me pun\u00ebsimet partiake q\u00eb prodhojn\u00eb vota, sic rezulton n\u00eb bashkin\u00eb e Tiran\u00ebs.<\/p>\n<p>N\u00eb emisionin \u201cKjo Jav\u00eb\u201d, Murrizi tha se nga 12 mij\u00eb t\u00eb pun\u00ebsuar n\u00eb bashki, 34% e tyre rezultojn\u00eb nga TIMS se ndodhen jasht\u00eb shtetit.<\/p>\n<p>\u201cK\u00ebshtu i ke t\u00eb gjitha bashkit\u00eb. N\u00eb k\u00ebto kushte, PD duhet t\u2019jua thot\u00eb qytetar\u00ebve hallet q\u00eb prekin qytetar\u00ebt.<\/p>\n<p>Pra, p\u00ebrvec protest\u00ebs, PD duhet t\u00eb shkoj\u00eb pran\u00eb qytetar\u00ebve dhe t\u2019ua thot\u00eb. Kur un\u00eb flas n\u00eb K\u00ebshillin Komb\u00ebtar dhe them pse nuk flisni p\u00ebr Klodian Allajbeun, acarohem un\u00eb dhe ata 7 mij\u00eb votues t\u00eb mi\u201d, tha ish-deputeti i PD, Myslim Murrizi.<\/p>\n<div id=\"beacon_70a9b1bf41\"><img loading=\"lazy\" decoding=\"async\" alt=\"\" src=\"https:\/\/ads.balkanweb.com\/www\/delivery\/lg.php?bannerid=0&amp;campaignid=0&amp;zoneid=629&amp;loc=https%3A%2F%2Fwww.balkanweb.com%2F34-e-te-punesuarve-ne-bashkine-e-tiranes-rezultojne-nga-tims-jashte-shtetit-murrizi-pd-duhet-te-flase-me-qytetaret-per-hallet-e-tyre%2F&amp;referer=https%3A%2F%2Fwww.balkanweb.com%2F&amp;cb=70a9b1bf41\" width=\"0\" height=\"0\" \/><a target=\"_blank\" href=\"https:\/\/www.facebook.com\/groups\/709747609433811\/\" rel=\"noopener\"> Balkanweb<\/a><\/div>\n","protected":false},"excerpt":{"rendered":"<p>30 Janar 2026 Humbja e PD n\u00eb zgjedhje, sipas ish-deputetit t\u00eb PD, Myslim Murrizi, lidhet me sistemin e ngritur nga mazhoranca me pun\u00ebsimet partiake q\u00eb prodhojn\u00eb vota, sic rezulton n\u00eb bashkin\u00eb e Tiran\u00ebs. N\u00eb emisionin \u201cKjo Jav\u00eb\u201d, Murrizi tha se nga 12 mij\u00eb t\u00eb pun\u00ebsuar n\u00eb bashki, 34% e tyre rezultojn\u00eb nga TIMS se ndodhen [&hellip;]<\/p>\n","protected":false},"author":9,"featured_media":97132,"comment_status":"open","ping_status":"open","sticky":false,"template":"","format":"standard","meta":{"jetpack_post_was_ever_published":false,"_jetpack_newsletter_access":"","_jetpack_dont_email_post_to_subs":false,"_jetpack_newsletter_tier_id":0,"_jetpack_memberships_contains_paywalled_content":false,"_jetpack_memberships_contains_paid_content":false,"footnotes":"","jetpack_publicize_message":"","jetpack_publicize_feature_enabled":true,"jetpack_social_post_already_shared":true,"jetpack_social_options":{"image_generator_settings":{"template":"highway","default_image_id":0,"font":"","enabled":false},"version":2}},"categories":[27,1,2],"tags":[],"class_list":["post-97130","post","type-post","status-publish","format-standard","has-post-thumbnail","hentry","category-blogu-i-udhetarit","category-njoftime-shtypi","category-politika"],"jetpack_publicize_connections":[],"jetpack_featured_media_url":"https:\/\/i0.wp.com\/www.shqiperia.com\/blog\/wp-content\/uploads\/2026\/01\/Myslim-Murrizi.jpg?fit=1310%2C721&ssl=1","jetpack_sharing_enabled":true,"jetpack_shortlink":"https:\/\/wp.me\/p5Z6wp-pgC","jetpack-related-posts":[{"id":84160,"url":"https:\/\/www.shqiperia.com\/blog\/myslim-murrizi-nuk-fsheh-ambiciet-do-te-jem-pjese-e-primareve-te-partise\/","url_meta":{"origin":97130,"position":0},"title":"Myslim Murrizi nuk fsheh ambiciet: &#8211; Do t\u00eb jem pjes\u00eb e primareve t\u00eb partis\u00eb","author":"Kurt Farka","date":"September 7, 2024","format":false,"excerpt":"7 Shtator 2024 N\u00eb nj\u00eb deklarat\u00eb p\u00ebr mediat pas p\u00ebrfundimit t\u00eb mbledhjes s\u00eb K\u00ebshillit Komb\u00ebtar t\u00eb PD, Myslim Murrizi ka deklaruar se PD u p\u00ebrket atyre q\u00eb e kan\u00eb themeluar dhe q\u00eb kan\u00eb q\u00ebndruar me t\u00eb pa u sorollatur, nd\u00ebrsa theksoi se edhe pse \u00ebsht\u00eb p\u00ebrjashtuar nga partia, nuk ka\u2026","rel":"","context":"In &quot;Blogu i Udh\u00ebtarit&quot;","block_context":{"text":"Blogu i Udh\u00ebtarit","link":"https:\/\/www.shqiperia.com\/blog\/category\/blogu-i-udhetarit\/"},"img":{"alt_text":"","src":"https:\/\/i0.wp.com\/www.shqiperia.com\/blog\/wp-content\/uploads\/2024\/09\/murrizi4444-770x418-1.jpg?fit=770%2C418&ssl=1&resize=350%2C200","width":350,"height":200,"srcset":"https:\/\/i0.wp.com\/www.shqiperia.com\/blog\/wp-content\/uploads\/2024\/09\/murrizi4444-770x418-1.jpg?fit=770%2C418&ssl=1&resize=350%2C200 1x, https:\/\/i0.wp.com\/www.shqiperia.com\/blog\/wp-content\/uploads\/2024\/09\/murrizi4444-770x418-1.jpg?fit=770%2C418&ssl=1&resize=525%2C300 1.5x, https:\/\/i0.wp.com\/www.shqiperia.com\/blog\/wp-content\/uploads\/2024\/09\/murrizi4444-770x418-1.jpg?fit=770%2C418&ssl=1&resize=700%2C400 2x"},"classes":[]},{"id":52892,"url":"https:\/\/www.shqiperia.com\/blog\/akuzohet-se-ka-fshehur-dhjetra-mijera-euro-ish-deputeti-myslim-murrizi-kallezohet-ne-prokurori\/","url_meta":{"origin":97130,"position":1},"title":"Akuzohet se ka fshehur dhjetra mij\u00ebra euro, ish-deputeti Myslim Murrizi kall\u00ebzohet n\u00eb prokurori!","author":"Kurt Farka","date":"January 5, 2022","format":false,"excerpt":"Akuzohet se ka fshehur dhjetra mij\u00ebra euro, ish-deputeti Myslim Murrizi kall\u00ebzohet n\u00eb prokurori! 5 Janar 2022 murriziMyslim Murrizi, ish-deputeti i Partis\u00eb Demokratike dhe kryetari i Partis\u00eb L\u00ebvizja Demokratike e Shqip\u00ebris\u00eb \u00ebsht\u00eb kall\u00ebzuar n\u00eb prokurorin\u00eb e Tiran\u00ebs. Burime t\u00eb Panorama.al b\u00ebn t\u00eb ditur se ish-n\u00ebnkryetari i Kuvendit akuzohet nga Policia e\u2026","rel":"","context":"In &quot;Blogu i Udh\u00ebtarit&quot;","block_context":{"text":"Blogu i Udh\u00ebtarit","link":"https:\/\/www.shqiperia.com\/blog\/category\/blogu-i-udhetarit\/"},"img":{"alt_text":"","src":"https:\/\/i0.wp.com\/www.shqiperia.com\/blog\/wp-content\/uploads\/2022\/01\/Myslim-Murrizi-kallezohet-ne-prokurori.-Ka-fshehur-dhjetra-mijera-euro..jpg?fit=1096%2C592&ssl=1&resize=350%2C200","width":350,"height":200,"srcset":"https:\/\/i0.wp.com\/www.shqiperia.com\/blog\/wp-content\/uploads\/2022\/01\/Myslim-Murrizi-kallezohet-ne-prokurori.-Ka-fshehur-dhjetra-mijera-euro..jpg?fit=1096%2C592&ssl=1&resize=350%2C200 1x, https:\/\/i0.wp.com\/www.shqiperia.com\/blog\/wp-content\/uploads\/2022\/01\/Myslim-Murrizi-kallezohet-ne-prokurori.-Ka-fshehur-dhjetra-mijera-euro..jpg?fit=1096%2C592&ssl=1&resize=525%2C300 1.5x, https:\/\/i0.wp.com\/www.shqiperia.com\/blog\/wp-content\/uploads\/2022\/01\/Myslim-Murrizi-kallezohet-ne-prokurori.-Ka-fshehur-dhjetra-mijera-euro..jpg?fit=1096%2C592&ssl=1&resize=700%2C400 2x, https:\/\/i0.wp.com\/www.shqiperia.com\/blog\/wp-content\/uploads\/2022\/01\/Myslim-Murrizi-kallezohet-ne-prokurori.-Ka-fshehur-dhjetra-mijera-euro..jpg?fit=1096%2C592&ssl=1&resize=1050%2C600 3x"},"classes":[]},{"id":57310,"url":"https:\/\/www.shqiperia.com\/blog\/myslim-murrizi-zbulon-kerkesen-qe-i-beri-berisha-me-mori-mbreme-naten-ne-telefon-dhe-do-te-jem-ne-kuvendin-e-30-prillit\/","url_meta":{"origin":97130,"position":2},"title":"Myslim Murrizi zbulon k\u00ebrkes\u00ebn q\u00eb i b\u00ebri Berisha: &#8211; M\u00eb mori mbr\u00ebm\u00eb nat\u00ebn n\u00eb telefon dhe.. do t\u00eb jem n\u00eb Kuvendin e 30 Prillit.","author":"Kurt Farka","date":"April 28, 2022","format":false,"excerpt":"Myslim Murrizi zbulon k\u00ebrkes\u00ebn q\u00eb i b\u00ebri Berisha: - M\u00eb mori mbr\u00ebm\u00eb nat\u00ebn n\u00eb telefon dhe.. do t\u00eb jem n\u00eb Kuvendin e 30 Prillit. 28 PRILL 2022 Ish-kryeministri Sali Berisha ka telefonuar mbr\u00ebmjen e s\u00eb m\u00ebrkur\u00ebs n\u00eb telefon ish-deputetin Myslim Murrizi dhe i ka k\u00ebrkuar rikthimin n\u00eb PD. K\u00ebt\u00eb e\u2026","rel":"","context":"In &quot;Blogu i Udh\u00ebtarit&quot;","block_context":{"text":"Blogu i Udh\u00ebtarit","link":"https:\/\/www.shqiperia.com\/blog\/category\/blogu-i-udhetarit\/"},"img":{"alt_text":"","src":"https:\/\/i0.wp.com\/www.shqiperia.com\/blog\/wp-content\/uploads\/2022\/04\/Myslim-Murrizi.jpg?fit=530%2C269&ssl=1&resize=350%2C200","width":350,"height":200,"srcset":"https:\/\/i0.wp.com\/www.shqiperia.com\/blog\/wp-content\/uploads\/2022\/04\/Myslim-Murrizi.jpg?fit=530%2C269&ssl=1&resize=350%2C200 1x, https:\/\/i0.wp.com\/www.shqiperia.com\/blog\/wp-content\/uploads\/2022\/04\/Myslim-Murrizi.jpg?fit=530%2C269&ssl=1&resize=525%2C300 1.5x"},"classes":[]},{"id":56041,"url":"https:\/\/www.shqiperia.com\/blog\/myslim-murrizi-besoj-se-dhe-shpallja-non-grata-e-berishes-ka-qene-e-qellimshme-per-ta-zgjuar\/","url_meta":{"origin":97130,"position":3},"title":"Myslim Murrizi: &#8211; \u201cBesoj se dhe shpallja \u2018non grata\u2019 e Berish\u00ebs ka qen\u00eb e q\u00ebllimshme, p\u00ebr ta zgjuar\u2026","author":"Kurt Farka","date":"March 28, 2022","format":false,"excerpt":"Myslim Murrizi: - \u201cBesoj se dhe shpallja \u2018non grata\u2019 e Berish\u00ebs ka qen\u00eb e q\u00ebllimshme, p\u00ebr ta zgjuar\u2026 28 MARS 2022 \u201cSali Berisha m\u00eb \u2018non grata\u2019 ishte n\u00eb \u201897-\u00ebn se tani\u201d, Myslim Murrizi del me deklarat\u00ebn e fort\u00eb Ish-deputeti Myslim Murrizi ka komentuar sot zhvillimet m\u00eb t\u00eb fundit brenda partis\u00eb\u2026","rel":"","context":"In &quot;Blogu i Udh\u00ebtarit&quot;","block_context":{"text":"Blogu i Udh\u00ebtarit","link":"https:\/\/www.shqiperia.com\/blog\/category\/blogu-i-udhetarit\/"},"img":{"alt_text":"","src":"https:\/\/i0.wp.com\/www.shqiperia.com\/blog\/wp-content\/uploads\/2022\/03\/Myslim-Murrizi.png?fit=800%2C519&ssl=1&resize=350%2C200","width":350,"height":200,"srcset":"https:\/\/i0.wp.com\/www.shqiperia.com\/blog\/wp-content\/uploads\/2022\/03\/Myslim-Murrizi.png?fit=800%2C519&ssl=1&resize=350%2C200 1x, https:\/\/i0.wp.com\/www.shqiperia.com\/blog\/wp-content\/uploads\/2022\/03\/Myslim-Murrizi.png?fit=800%2C519&ssl=1&resize=525%2C300 1.5x, https:\/\/i0.wp.com\/www.shqiperia.com\/blog\/wp-content\/uploads\/2022\/03\/Myslim-Murrizi.png?fit=800%2C519&ssl=1&resize=700%2C400 2x"},"classes":[]},{"id":35501,"url":"https:\/\/www.shqiperia.com\/blog\/myslim-murrizi-fiton-terren-si-opozite\/","url_meta":{"origin":97130,"position":4},"title":"Myslim Murrizi fiton terren si Opozite.","author":"Kurt Farka","date":"June 7, 2020","format":false,"excerpt":"Myslim Murrizi fiton terren si Opozite. Marr\u00ebveshja me opozit\u00ebn\/ Shp\u00ebrthen keq Murrizi ndaj ambasador\u00ebve: Soreca dhe Borchard t\u00eb tregojn\u00eb \u201carsyen\u201d p\u00ebrse u zbyth\u00ebn nga rekomandimi ky\u00e7 i OSCE dhe ODIHR-it 7 QERSHOR 2020 Deputeti Myslim Murrizi p\u00ebrmes nj\u00eb reagimi n\u00eb Facebook i k\u00ebrkon ambasador\u00ebve Soreca dhe Borchard q\u00eb t\u00eb tregojn\u00eb,\u2026","rel":"","context":"In &quot;Blogu i Udh\u00ebtarit&quot;","block_context":{"text":"Blogu i Udh\u00ebtarit","link":"https:\/\/www.shqiperia.com\/blog\/category\/blogu-i-udhetarit\/"},"img":{"alt_text":"","src":"https:\/\/i0.wp.com\/www.shqiperia.com\/blog\/wp-content\/uploads\/2020\/06\/640-0-5edceba44dd40.jpg?fit=640%2C350&ssl=1&resize=350%2C200","width":350,"height":200,"srcset":"https:\/\/i0.wp.com\/www.shqiperia.com\/blog\/wp-content\/uploads\/2020\/06\/640-0-5edceba44dd40.jpg?fit=640%2C350&ssl=1&resize=350%2C200 1x, https:\/\/i0.wp.com\/www.shqiperia.com\/blog\/wp-content\/uploads\/2020\/06\/640-0-5edceba44dd40.jpg?fit=640%2C350&ssl=1&resize=525%2C300 1.5x"},"classes":[]},{"id":60173,"url":"https:\/\/www.shqiperia.com\/blog\/deklaratae-murrizit-kam-informacion-qe-anetare-te-autoritetit-te-dosjeve-jane-bashkepunetore-te-sigurimit\/","url_meta":{"origin":97130,"position":5},"title":"Deklaratae Murrizit: &#8211; Kam informacion q\u00eb an\u00ebtar\u00eb t\u00eb Autoritetit t\u00eb Dosjeve jan\u00eb bashk\u00ebpun\u00ebtor\u00eb t\u00eb sigurimit","author":"Kurt Farka","date":"July 27, 2022","format":false,"excerpt":"\u00a027 Korrik 2022 Autoriteti i dosjeve k\u00ebrkon ndryshimin e ligjit p\u00ebr ish bashk\u00ebpun\u00ebtor\u00ebt e sigurimit duke propozuar riverifikimin. Propozimi ka ardhur pasi autoriteti ka zbuluar se ish presidenti Ilir Meta ka qen\u00eb bashk\u00ebpun\u00ebtor i sigurimit. N\u00eb lidhje me k\u00ebt\u00eb deputeti Myslim Murrizi, n\u00eb nj\u00eb intervist\u00eb p\u00ebr Ora News, \u00a0\u00ebsht\u00eb shprehur\u2026","rel":"","context":"In &quot;Blogu i Udh\u00ebtarit&quot;","block_context":{"text":"Blogu i Udh\u00ebtarit","link":"https:\/\/www.shqiperia.com\/blog\/category\/blogu-i-udhetarit\/"},"img":{"alt_text":"","src":"https:\/\/i0.wp.com\/www.shqiperia.com\/blog\/wp-content\/uploads\/2022\/07\/images-1.jpg?resize=350%2C200&ssl=1","width":350,"height":200,"srcset":"https:\/\/i0.wp.com\/www.shqiperia.com\/blog\/wp-content\/uploads\/2022\/07\/images-1.jpg?resize=350%2C200&ssl=1 1x, https:\/\/i0.wp.com\/www.shqiperia.com\/blog\/wp-content\/uploads\/2022\/07\/images-1.jpg?resize=525%2C300&ssl=1 1.5x"},"classes":[]}],"_links":{"self":[{"href":"https:\/\/www.shqiperia.com\/blog\/wp-json\/wp\/v2\/posts\/97130","targetHints":{"allow":["GET"]}}],"collection":[{"href":"https:\/\/www.shqiperia.com\/blog\/wp-json\/wp\/v2\/posts"}],"about":[{"href":"https:\/\/www.shqiperia.com\/blog\/wp-json\/wp\/v2\/types\/post"}],"author":[{"embeddable":true,"href":"https:\/\/www.shqiperia.com\/blog\/wp-json\/wp\/v2\/users\/9"}],"replies":[{"embeddable":true,"href":"https:\/\/www.shqiperia.com\/blog\/wp-json\/wp\/v2\/comments?post=97130"}],"version-history":[{"count":2,"href":"https:\/\/www.shqiperia.com\/blog\/wp-json\/wp\/v2\/posts\/97130\/revisions"}],"predecessor-version":[{"id":97137,"href":"https:\/\/www.shqiperia.com\/blog\/wp-json\/wp\/v2\/posts\/97130\/revisions\/97137"}],"wp:featuredmedia":[{"embeddable":true,"href":"https:\/\/www.shqiperia.com\/blog\/wp-json\/wp\/v2\/media\/97132"}],"wp:attachment":[{"href":"https:\/\/www.shqiperia.com\/blog\/wp-json\/wp\/v2\/media?parent=97130"}],"wp:term":[{"taxonomy":"category","embeddable":true,"href":"https:\/\/www.shqiperia.com\/blog\/wp-json\/wp\/v2\/categories?post=97130"},{"taxonomy":"post_tag","embeddable":true,"href":"https:\/\/www.shqiperia.com\/blog\/wp-json\/wp\/v2\/tags?post=97130"}],"curies":[{"name":"wp","href":"https:\/\/api.w.org\/{rel}","templated":true}]}}