{"id":97126,"date":"2026-01-29T22:17:48","date_gmt":"2026-01-29T22:17:48","guid":{"rendered":"https:\/\/www.shqiperia.com\/blog\/?p=97126"},"modified":"2026-01-29T22:17:48","modified_gmt":"2026-01-29T22:17:48","slug":"skandali-me-bordin-e-paqes-parlamenti-miratoi-nje-marreveshje-fantazem-votimi-per-propozimin-e-trump-nul-pasi","status":"publish","type":"post","link":"https:\/\/www.shqiperia.com\/blog\/skandali-me-bordin-e-paqes-parlamenti-miratoi-nje-marreveshje-fantazem-votimi-per-propozimin-e-trump-nul-pasi\/","title":{"rendered":"Skandali me Bordin e Paqes, Parlamenti miratoi nj\u00eb marr\u00ebveshje fantaz\u00ebm, votimi p\u00ebr propozimin e Trump nul pasi\u2026"},"content":{"rendered":"<div class=\"row vc_row wpb_row vc_row-fluid\">\n<div class=\"jeg-vc-wrapper\">\n<div class=\"wpb_column jeg_column vc_column_container vc_col-sm-12\">\n<div class=\"jeg_wrapper wpb_wrapper\">\n<div class=\"jeg_custom_subtitle_wrapper  nentitull \">\n<div id=\"attachment_97127\" style=\"width: 615px\" class=\"wp-caption alignnone\"><img data-recalc-dims=\"1\" loading=\"lazy\" decoding=\"async\" aria-describedby=\"caption-attachment-97127\" data-attachment-id=\"97127\" data-permalink=\"https:\/\/www.shqiperia.com\/blog\/skandali-me-bordin-e-paqes-parlamenti-miratoi-nje-marreveshje-fantazem-votimi-per-propozimin-e-trump-nul-pasi\/begaj-jep-autorizimin-qe-vetem-edi-rama-perfaqeson-shqiperine-ne-bordin-e-paqes-copy\/\" data-orig-file=\"https:\/\/i0.wp.com\/www.shqiperia.com\/blog\/wp-content\/uploads\/2026\/01\/Begaj-jep-autorizimin-qe-vetem-Edi-Rama-perfaqeson-Shqiperine-ne-Bordin-e-Paqes-Copy.jpg?fit=800%2C515&amp;ssl=1\" data-orig-size=\"800,515\" data-comments-opened=\"1\" data-image-meta=\"{&quot;aperture&quot;:&quot;0&quot;,&quot;credit&quot;:&quot;&quot;,&quot;camera&quot;:&quot;&quot;,&quot;caption&quot;:&quot;&quot;,&quot;created_timestamp&quot;:&quot;0&quot;,&quot;copyright&quot;:&quot;&quot;,&quot;focal_length&quot;:&quot;0&quot;,&quot;iso&quot;:&quot;0&quot;,&quot;shutter_speed&quot;:&quot;0&quot;,&quot;title&quot;:&quot;&quot;,&quot;orientation&quot;:&quot;0&quot;}\" data-image-title=\"Begaj jep autorizimin qe vetem Edi Rama perfaqeson Shqiperine ne Bordin e Paqes\" data-image-description=\"\" data-image-caption=\"&lt;p&gt;Begaj jep autorizimin qe vetem Edi Rama perfaqeson Shqiperine ne Bordin e Paqes &lt;\/p&gt;\n\" data-medium-file=\"https:\/\/i0.wp.com\/www.shqiperia.com\/blog\/wp-content\/uploads\/2026\/01\/Begaj-jep-autorizimin-qe-vetem-Edi-Rama-perfaqeson-Shqiperine-ne-Bordin-e-Paqes-Copy.jpg?fit=300%2C193&amp;ssl=1\" data-large-file=\"https:\/\/i0.wp.com\/www.shqiperia.com\/blog\/wp-content\/uploads\/2026\/01\/Begaj-jep-autorizimin-qe-vetem-Edi-Rama-perfaqeson-Shqiperine-ne-Bordin-e-Paqes-Copy.jpg?fit=800%2C515&amp;ssl=1\" class=\" wp-image-97127\" alt=\"\" src=\"https:\/\/i0.wp.com\/www.shqiperia.com\/blog\/wp-content\/uploads\/2026\/01\/Begaj-jep-autorizimin-qe-vetem-Edi-Rama-perfaqeson-Shqiperine-ne-Bordin-e-Paqes-Copy.jpg?resize=605%2C389&#038;ssl=1\" width=\"605\" height=\"389\" srcset=\"https:\/\/i0.wp.com\/www.shqiperia.com\/blog\/wp-content\/uploads\/2026\/01\/Begaj-jep-autorizimin-qe-vetem-Edi-Rama-perfaqeson-Shqiperine-ne-Bordin-e-Paqes-Copy.jpg?resize=300%2C193&amp;ssl=1 300w, https:\/\/i0.wp.com\/www.shqiperia.com\/blog\/wp-content\/uploads\/2026\/01\/Begaj-jep-autorizimin-qe-vetem-Edi-Rama-perfaqeson-Shqiperine-ne-Bordin-e-Paqes-Copy.jpg?resize=768%2C494&amp;ssl=1 768w, https:\/\/i0.wp.com\/www.shqiperia.com\/blog\/wp-content\/uploads\/2026\/01\/Begaj-jep-autorizimin-qe-vetem-Edi-Rama-perfaqeson-Shqiperine-ne-Bordin-e-Paqes-Copy.jpg?resize=450%2C290&amp;ssl=1 450w, https:\/\/i0.wp.com\/www.shqiperia.com\/blog\/wp-content\/uploads\/2026\/01\/Begaj-jep-autorizimin-qe-vetem-Edi-Rama-perfaqeson-Shqiperine-ne-Bordin-e-Paqes-Copy.jpg?resize=600%2C386&amp;ssl=1 600w, https:\/\/i0.wp.com\/www.shqiperia.com\/blog\/wp-content\/uploads\/2026\/01\/Begaj-jep-autorizimin-qe-vetem-Edi-Rama-perfaqeson-Shqiperine-ne-Bordin-e-Paqes-Copy.jpg?resize=400%2C258&amp;ssl=1 400w, https:\/\/i0.wp.com\/www.shqiperia.com\/blog\/wp-content\/uploads\/2026\/01\/Begaj-jep-autorizimin-qe-vetem-Edi-Rama-perfaqeson-Shqiperine-ne-Bordin-e-Paqes-Copy.jpg?w=800&amp;ssl=1 800w\" sizes=\"auto, (max-width: 605px) 100vw, 605px\" \/><p id=\"caption-attachment-97127\" class=\"wp-caption-text\">Begaj jep autorizimin qe vetem Edi Rama perfaqeson Shqiperine ne Bordin e Paqes<\/p><\/div>\n<h6>29 Janar 2026<\/h6>\n<h6 class=\"jeg_post_subtitle\">Skandali me Bordin e Paqes, Parlamenti miratoi nj\u00eb marr\u00ebveshje fantaz\u00ebm, votimi p\u00ebr propozimin e Trump nul pasi nuk ka nj\u00eb dokument t\u00eb firmosur midis presidentit SHBA dhe Edi Ram\u00ebs<\/h6>\n<\/div>\n<\/div>\n<\/div>\n<\/div>\n<\/div>\n<div class=\"row vc_row wpb_row vc_row-fluid\">\n<div class=\"jeg-vc-wrapper\">\n<div class=\"wpb_column jeg_column vc_column_container vc_col-sm-8\">\n<div class=\"jeg_wrapper wpb_wrapper\">\n<div class=\"jeg_custom_content_wrapper   \">\n<div class=\"entry-content  no-share\">\n<div class=\"content-inner\">\n<p>Parlamenti i Shqip\u00ebris\u00eb duket se \u00ebsht\u00eb p\u00ebrfshir\u00eb n\u00eb nj\u00eb skandal t\u00eb r\u00ebnd\u00eb institucional, p\u00ebr t\u00eb cilin p\u00ebrgjegj\u00ebsia kryesore politike bie drejtp\u00ebrdrejt mbi Kryeministrin Edi Rama. Shkak \u00ebsht\u00eb b\u00ebr\u00eb procesi i an\u00ebtar\u00ebsimit t\u00eb Republik\u00ebs s\u00eb Shqip\u00ebris\u00eb, p\u00ebrfaq\u00ebsuar nga Kryeministri, Edi Rama, n\u00eb Kart\u00ebn e Bordit t\u00eb Paqes, nj\u00eb iniciativ\u00eb e nd\u00ebrmarr\u00eb nga presidenti i Shteteve t\u00eb Bashkuara t\u00eb Amerik\u00ebs, Donald Trump dhe q\u00eb n\u00eb thelb p\u00ebrfaq\u00ebson nj\u00eb sinjal pozitiv p\u00ebr pozicionimin nd\u00ebrkomb\u00ebtar t\u00eb Shqip\u00ebris\u00eb. An\u00ebtar\u00ebsimi n\u00eb nj\u00eb struktur\u00eb t\u00eb till\u00eb do t\u00eb duhej t\u00eb ishte nj\u00eb lajm i mir\u00eb p\u00ebr vendin dhe nj\u00eb hap drejt forcimit t\u00eb rolit diplomatik t\u00eb Shqip\u00ebris\u00eb. Por m\u00ebnyra se si Kryeministri Rama po e luan k\u00ebt\u00eb proces l\u00eb shum\u00eb p\u00ebr t\u00eb d\u00ebshiruar.<\/p>\n<p>N\u00eb vend q\u00eb ta trajtoj\u00eb k\u00ebt\u00eb an\u00ebtar\u00ebsim si nj\u00eb akt serioz shtet\u00ebror, ai po e p\u00ebrdor politikisht, duke e shnd\u00ebrruar n\u00eb nj\u00eb instrument p\u00ebr interesat e tij personale. Rama po e p\u00ebrdor ftes\u00ebn e Presidentit Donald Trump si \u201carm\u00eb\u201d politike p\u00ebr t\u00eb \u00e7ar\u00eb izolimin trevje\u00e7ar q\u00eb i kan\u00eb vendosur amerikan\u00ebt. Kjo p\u00ebrpjekje p\u00ebr rehabilitim personal po paguhet me koston e ligjshm\u00ebris\u00eb parlamentare. Fakti q\u00eb Rama nuk ishte n\u00eb Davos n\u00eb Zvic\u00ebr, aty ku lider\u00eb bot\u00ebror\u00eb firmos\u00ebn marr\u00ebveshjen n\u00eb prani t\u00eb Presidentit t\u00eb SHBA-s\u00eb, tregon qart\u00eb se Shqip\u00ebria ende nuk ka siguruar nj\u00eb pranim real.<\/p>\n<p>Nd\u00ebrkoh\u00eb q\u00eb vende t\u00eb tjera e konkretizuan an\u00ebtar\u00ebsimin me firm\u00eb zyrtare, Shqip\u00ebria zgjodhi rrug\u00ebn e improvizimit. Kuvendi votoi nj\u00eb marr\u00ebveshje fantaz\u00ebm pa pasur p\u00ebrpara dokumentin e firmosur, duke e kthyer procesin n\u00eb nj\u00eb akt formal pa substanc\u00eb. Pa firm\u00ebn e Kryeministrit shqiptare dhe presidenti Trump, \u00e7do ratifikim mbetet nul nga pik\u00ebpamja juridike.<\/p>\n<div class=\"jeg_ad jeg_ad_article jnews_content_inline_2_ads  \">\n<div class=\"ads-wrapper align-center \">\n<div class=\"ads_code\">\n<div data-type=\"_mgwidget\" data-widget-id=\"1724616\" data-uid=\"14612\">\n<div id=\"mgw1724616_14612\">\n<div>\n<div class=\"mgbox\">\n<div class=\"col2\" data-template-type=\"container\" data-template-container-places=\"2,3\">\n<div class=\"mgline teaser-24113429 type-w mgiteration-3\" id=\"32737040-fd5f-11f0-83d4-d404e6774b40\" data-class-condition=\"iteration;mgiteration\" data-i=\"m6GnMSQooJ0aFlimasP2xQtGhCyBtexVhxgKkeO6n8EDQsNUIOEpCW_NsZdFJaQbCgy4E8EjEsMqzUxBofSzQbsrxmuDBTSN-8bIssjnw7JuQM7pslWXIDUH6XvcLQSd\" data-observing-start=\"1769724639699\" data-observing-time=\"1828\" data-showed=\"1\">\n<div class=\"image-with-text\">\n<div class=\"text-elements\">\n<div class=\"text_on_hover\">\n<div class=\"mcdomain\"><\/div>\n<\/div>\n<\/div>\n<\/div>\n<\/div>\n<\/div>\n<\/div>\n<\/div>\n<\/div>\n<\/div>\n<\/div>\n<\/div>\n<\/div>\n<p><img data-recalc-dims=\"1\" loading=\"lazy\" decoding=\"async\" class=\"alignnone wp-image-3059245 size-full\" alt=\"\" src=\"https:\/\/i0.wp.com\/sot.com.al\/wp-content\/uploads\/2026\/01\/Capture-835.jpg?resize=588%2C463&#038;ssl=1\" width=\"588\" height=\"463\" data-pin-no-hover=\"true\" \/><\/p>\n<p><strong>Prapaskenat<\/strong><\/p>\n<p>Por skandali thellohet edhe m\u00eb shum\u00eb nga procedura parlamentare e ndjekur. E ashtuquajtura procedur\u00eb e p\u00ebrshpejtuar nuk u p\u00ebrdor p\u00ebr efikasitet, por p\u00ebr t\u00eb anashkaluar rregullat. Komisioni p\u00ebrgjegj\u00ebs parlamentar u mblodh pas seanc\u00ebs plenare t\u00eb enjten q\u00eb shkoi, duke p\u00ebrmbysur rendin kushtetues t\u00eb shqyrtimit ligjv\u00ebn\u00ebs. Deputet\u00ebt u vun\u00eb p\u00ebrball\u00eb nj\u00eb fakti t\u00eb kryer, pa koh\u00eb reale p\u00ebr t\u00eb analizuar dokumentet. Shqyrtimi nen p\u00ebr nen, i detyruesh\u00ebm p\u00ebr marr\u00ebveshje q\u00eb krijojn\u00eb angazhime shtet\u00ebrore, u reduktua n\u00eb nj\u00eb formalitet bosh. Edhe afatet kushtetuese p\u00ebr procedur\u00ebn e p\u00ebrshpejtuar u injoruan. P\u00ebr m\u00eb tep\u00ebr, marr\u00ebveshja e miratuar n\u00eb Kuvendin e Shqip\u00ebris\u00eb t\u00eb enjten e jav\u00ebs q\u00eb shkoi deri dje nuk ishte botuar as n\u00eb Fletoren Zyrtare.<\/p>\n<div id=\"attachment_97128\" style=\"width: 735px\" class=\"wp-caption alignnone\"><img data-recalc-dims=\"1\" loading=\"lazy\" decoding=\"async\" aria-describedby=\"caption-attachment-97128\" data-attachment-id=\"97128\" data-permalink=\"https:\/\/www.shqiperia.com\/blog\/skandali-me-bordin-e-paqes-parlamenti-miratoi-nje-marreveshje-fantazem-votimi-per-propozimin-e-trump-nul-pasi\/begaj-jep-autorizimin-qe-vetem-edi-rama-perfaqeson-shqiperine-ne-bordin-e-paqes\/\" data-orig-file=\"https:\/\/i0.wp.com\/www.shqiperia.com\/blog\/wp-content\/uploads\/2026\/01\/Begaj-jep-autorizimin-qe-vetem-Edi-Rama-perfaqeson-Shqiperine-ne-Bordin-e-Paqes.jpg?fit=800%2C1030&amp;ssl=1\" data-orig-size=\"800,1030\" data-comments-opened=\"1\" data-image-meta=\"{&quot;aperture&quot;:&quot;0&quot;,&quot;credit&quot;:&quot;&quot;,&quot;camera&quot;:&quot;&quot;,&quot;caption&quot;:&quot;&quot;,&quot;created_timestamp&quot;:&quot;0&quot;,&quot;copyright&quot;:&quot;&quot;,&quot;focal_length&quot;:&quot;0&quot;,&quot;iso&quot;:&quot;0&quot;,&quot;shutter_speed&quot;:&quot;0&quot;,&quot;title&quot;:&quot;&quot;,&quot;orientation&quot;:&quot;0&quot;}\" data-image-title=\"Begaj jep autorizimin qe vetem Edi Rama perfaqeson Shqiperine ne Bordin e Paqes\" data-image-description=\"\" data-image-caption=\"&lt;p&gt;Begaj jep autorizimin qe vetem Edi Rama perfaqeson Shqiperine ne Bordin e Paqes &lt;\/p&gt;\n\" data-medium-file=\"https:\/\/i0.wp.com\/www.shqiperia.com\/blog\/wp-content\/uploads\/2026\/01\/Begaj-jep-autorizimin-qe-vetem-Edi-Rama-perfaqeson-Shqiperine-ne-Bordin-e-Paqes.jpg?fit=233%2C300&amp;ssl=1\" data-large-file=\"https:\/\/i0.wp.com\/www.shqiperia.com\/blog\/wp-content\/uploads\/2026\/01\/Begaj-jep-autorizimin-qe-vetem-Edi-Rama-perfaqeson-Shqiperine-ne-Bordin-e-Paqes.jpg?fit=795%2C1024&amp;ssl=1\" class=\" wp-image-97128\" alt=\"\" src=\"https:\/\/i0.wp.com\/www.shqiperia.com\/blog\/wp-content\/uploads\/2026\/01\/Begaj-jep-autorizimin-qe-vetem-Edi-Rama-perfaqeson-Shqiperine-ne-Bordin-e-Paqes.jpg?resize=725%2C933&#038;ssl=1\" width=\"725\" height=\"933\" srcset=\"https:\/\/i0.wp.com\/www.shqiperia.com\/blog\/wp-content\/uploads\/2026\/01\/Begaj-jep-autorizimin-qe-vetem-Edi-Rama-perfaqeson-Shqiperine-ne-Bordin-e-Paqes.jpg?resize=233%2C300&amp;ssl=1 233w, https:\/\/i0.wp.com\/www.shqiperia.com\/blog\/wp-content\/uploads\/2026\/01\/Begaj-jep-autorizimin-qe-vetem-Edi-Rama-perfaqeson-Shqiperine-ne-Bordin-e-Paqes.jpg?resize=795%2C1024&amp;ssl=1 795w, https:\/\/i0.wp.com\/www.shqiperia.com\/blog\/wp-content\/uploads\/2026\/01\/Begaj-jep-autorizimin-qe-vetem-Edi-Rama-perfaqeson-Shqiperine-ne-Bordin-e-Paqes.jpg?resize=768%2C989&amp;ssl=1 768w, https:\/\/i0.wp.com\/www.shqiperia.com\/blog\/wp-content\/uploads\/2026\/01\/Begaj-jep-autorizimin-qe-vetem-Edi-Rama-perfaqeson-Shqiperine-ne-Bordin-e-Paqes.jpg?resize=450%2C579&amp;ssl=1 450w, https:\/\/i0.wp.com\/www.shqiperia.com\/blog\/wp-content\/uploads\/2026\/01\/Begaj-jep-autorizimin-qe-vetem-Edi-Rama-perfaqeson-Shqiperine-ne-Bordin-e-Paqes.jpg?resize=600%2C773&amp;ssl=1 600w, https:\/\/i0.wp.com\/www.shqiperia.com\/blog\/wp-content\/uploads\/2026\/01\/Begaj-jep-autorizimin-qe-vetem-Edi-Rama-perfaqeson-Shqiperine-ne-Bordin-e-Paqes.jpg?resize=400%2C515&amp;ssl=1 400w, https:\/\/i0.wp.com\/www.shqiperia.com\/blog\/wp-content\/uploads\/2026\/01\/Begaj-jep-autorizimin-qe-vetem-Edi-Rama-perfaqeson-Shqiperine-ne-Bordin-e-Paqes.jpg?w=800&amp;ssl=1 800w\" sizes=\"auto, (max-width: 725px) 100vw, 725px\" \/><p id=\"caption-attachment-97128\" class=\"wp-caption-text\">Begaj jep autorizimin qe vetem Edi Rama perfaqeson Shqiperine ne Bordin e Paqes<\/p><\/div>\n<p>N\u00eb thelb, Kuvendi u shnd\u00ebrrua n\u00eb nj\u00eb vul\u00eb politike p\u00ebr nj\u00eb vendim t\u00eb marr\u00eb paraprakisht nga Kryeministri. Ky veprim krijon nj\u00eb precedent t\u00eb rreziksh\u00ebm dhe e ekspozon vendin ndaj rr\u00ebzimit t\u00eb aktit n\u00eb Gjykat\u00ebn Kushtetuese. An\u00ebtar\u00ebsimi n\u00eb Bordin e Paqes padiskutim \u00ebsht\u00eb nj\u00eb sukses diplomatik p\u00ebr Shqip\u00ebrin\u00eb. Por m\u00ebnyra se si u menaxhua ky proces e kthen at\u00eb n\u00eb nj\u00eb shembull t\u00eb keq t\u00eb p\u00ebrdorimit t\u00eb politik\u00ebs s\u00eb jashtme p\u00ebr q\u00ebllime t\u00eb brendshme. N\u00eb fund, problemi nuk \u00ebsht\u00eb ideja e Bordit t\u00eb Paqes, por loja politike e Edi Ram\u00ebs, e cila po zhvillohet n\u00eb kurriz t\u00eb institucioneve dhe t\u00eb vet\u00eb shtetit shqiptar. Megjithat\u00eb mbetet t\u00eb shihet m\u00eb konkretisht se \u00e7far\u00eb do t\u00eb ndodh\u00eb m\u00eb konkretisht.<\/p>\n<p><img data-recalc-dims=\"1\" loading=\"lazy\" decoding=\"async\" class=\"alignnone wp-image-3059246 size-full\" alt=\"\" src=\"https:\/\/i0.wp.com\/sot.com.al\/wp-content\/uploads\/2026\/01\/Capture-836.jpg?resize=611%2C843&#038;ssl=1\" width=\"611\" height=\"843\" data-pin-no-hover=\"true\" \/><\/p>\n<p><strong>Reagon juristi<\/strong><\/p>\n<p>Nd\u00ebrkoh\u00eb edhe Partia Demorkatike thekson se mungesa e firm\u00ebs s\u00eb kryeministrit Edi Rama n\u00eb marr\u00ebveshjen p\u00ebr Bordin e Paqes e b\u00ebn juridikisht t\u00eb pavlefshme ratifikimin e saj n\u00eb Kuvend. Kjo p\u00ebr shkak se marr\u00ebveshja duhej q\u00eb t\u00eb firmosej nga Rama n\u00eb Davos, gjat\u00eb n\u00ebnshkrimit t\u00eb marr\u00ebveshjes me Presidentin Trump, si\u00e7 b\u00ebn shtetet e tjera p\u00ebrfshi dhe Kosov\u00ebn n\u00eb Davos. Por mungesa e firm\u00ebs s\u00eb Ram\u00ebs n\u00eb k\u00ebt\u00eb marr\u00ebveshje e b\u00ebn ratifikimin e saj t\u00eb pavlefshme nga Kuvendi. K\u00ebt\u00eb e ka shpjeguar dhe kreu i grupit parlamentar i PD-s\u00eb Gazment Bardhi, i cili \u00ebsht\u00eb edhe jurist n\u00eb profesion gjat\u00eb fjal\u00ebs n\u00eb Kuvend para se t\u00eb votohej marr\u00ebveshja t\u00eb enjten q\u00eb shkoi.<\/p>\n<p>Bardhi theksoi se bazuar n\u00eb dokumentet e v\u00ebna n\u00eb dispozicion t\u00eb deputet\u00ebve, Presidenti i Republik\u00ebs ka autorizuar Kryeministrin p\u00ebr t\u00eb n\u00ebnshkruar marr\u00ebveshjen n\u00eb fjal\u00eb. Por sipas Bardhit, n\u00eb dosjen e sjell\u00eb n\u00eb Kuvend mungon firma e kreut t\u00eb qeveris\u00eb, gj\u00eb q\u00eb e b\u00ebn procedur\u00ebn e ratifikimit n\u00eb parlament t\u00eb pakuptimt\u00eb nga ana juridike. \u201cMenj\u00ebher\u00eb, p\u00ebrmes autorizimit num\u00ebr 224 fraksion 1, dat\u00eb 21 i pari 2026, ashtu si\u00e7 ne shpjeguam n\u00eb hyrje t\u00eb k\u00ebsaj seance, Presidenti i Republik\u00ebs, q\u00eb \u00ebsht\u00eb i vetmi autoritet q\u00eb n\u00ebnshkruan marr\u00ebveshje sipas Kushtetut\u00ebs n\u00eb em\u00ebr t\u00eb Republik\u00ebs s\u00eb Shqip\u00ebris\u00eb, ka autorizuar Kryeministrin e Republik\u00ebs q\u00eb t\u00eb n\u00ebnshkruaj\u00eb marr\u00ebveshjen n\u00eb fjal\u00eb, t\u00eb miratuar n\u00eb parim me vendim t\u00eb K\u00ebshillit t\u00eb Ministrave.<\/p>\n<p>Dhe pyetja ime konsiston: A e ka n\u00ebnshkruar marr\u00ebveshjen Kryeministri? Sepse Kuvendi hyn n\u00eb procedur\u00eb miratimi pasi Kryeministri t\u00eb ket\u00eb n\u00ebnshkruar k\u00ebt\u00eb marr\u00ebveshje. N\u00eb dokumentacionin q\u00eb ju na keni sjell\u00eb n\u00eb Kuvendin e Shqip\u00ebris\u00eb, nuk rezulton q\u00eb Kryeministri ta ket\u00eb n\u00ebnshkruar marr\u00ebveshjen. Marr\u00ebveshjen e ka n\u00ebnshkruar Vjosa Osmani, Presidentja e Republik\u00ebs s\u00eb Kosov\u00ebs, sot n\u00eb Davos me Presidentin Trump, dhe e kan\u00eb n\u00ebnshkruar edhe vendet themeluese, sot n\u00eb Davos, n\u00eb prezenc\u00eb t\u00eb Presidentit Trump.<\/p>\n<p>A mund ta dim\u00eb pse Kryeministri i Republik\u00ebs s\u00eb Shqip\u00ebris\u00eb \u00ebsht\u00eb sot k\u00ebtu dhe nuk \u00ebsht\u00eb n\u00eb Davos p\u00ebr t\u00eb n\u00ebnshkruar marr\u00ebveshjen me Presidentin Trump? Q\u00eb m\u00eb pas t\u2019i jepte mund\u00ebsi Kuvendit t\u00eb Shqip\u00ebris\u00eb q\u00eb t\u00eb ratifikonte marr\u00ebveshjen e n\u00ebnshkruar. Dhe ku bazohet procedura q\u00eb po ndjek ky Kuvend? Tani ne e kuptojm\u00eb q\u00eb s\u2019shkonte dot ta n\u00ebnshkruante se s\u2019e kan\u00eb pranuar, por ku bazohet procedura q\u00eb po ndjekim?,\u201d shpjegoi Bardhi.<\/p>\n<p>Gazeta Sot<\/p>\n<\/div>\n<\/div>\n<\/div>\n<\/div>\n<\/div>\n<\/div>\n<\/div>\n","protected":false},"excerpt":{"rendered":"<p>29 Janar 2026 Skandali me Bordin e Paqes, Parlamenti miratoi nj\u00eb marr\u00ebveshje fantaz\u00ebm, votimi p\u00ebr propozimin e Trump nul pasi nuk ka nj\u00eb dokument t\u00eb firmosur midis presidentit SHBA dhe Edi Ram\u00ebs Parlamenti i Shqip\u00ebris\u00eb duket se \u00ebsht\u00eb p\u00ebrfshir\u00eb n\u00eb nj\u00eb skandal t\u00eb r\u00ebnd\u00eb institucional, p\u00ebr t\u00eb cilin p\u00ebrgjegj\u00ebsia kryesore politike bie drejtp\u00ebrdrejt mbi Kryeministrin [&hellip;]<\/p>\n","protected":false},"author":9,"featured_media":97127,"comment_status":"open","ping_status":"open","sticky":false,"template":"","format":"standard","meta":{"jetpack_post_was_ever_published":false,"_jetpack_newsletter_access":"","_jetpack_dont_email_post_to_subs":false,"_jetpack_newsletter_tier_id":0,"_jetpack_memberships_contains_paywalled_content":false,"_jetpack_memberships_contains_paid_content":false,"footnotes":"","jetpack_publicize_message":"","jetpack_publicize_feature_enabled":true,"jetpack_social_post_already_shared":true,"jetpack_social_options":{"image_generator_settings":{"template":"highway","default_image_id":0,"font":"","enabled":false},"version":2}},"categories":[27,1,2,14],"tags":[],"class_list":["post-97126","post","type-post","status-publish","format-standard","has-post-thumbnail","hentry","category-blogu-i-udhetarit","category-njoftime-shtypi","category-politika","category-press-releases"],"jetpack_publicize_connections":[],"jetpack_featured_media_url":"https:\/\/i0.wp.com\/www.shqiperia.com\/blog\/wp-content\/uploads\/2026\/01\/Begaj-jep-autorizimin-qe-vetem-Edi-Rama-perfaqeson-Shqiperine-ne-Bordin-e-Paqes-Copy.jpg?fit=800%2C515&ssl=1","jetpack_sharing_enabled":true,"jetpack_shortlink":"https:\/\/wp.me\/p5Z6wp-pgy","jetpack-related-posts":[{"id":97908,"url":"https:\/\/www.shqiperia.com\/blog\/cfare-ndodhi-shtepia-e-bardhe-fshin-takimin-rama-trump-ne-bordin-e-paqes\/","url_meta":{"origin":97126,"position":0},"title":"\u00c7far\u00eb ndodhi? Sht\u00ebpia e Bardh\u00eb \u2018fshin\u2019 takimin Rama\u2013Trump n\u00eb Bordin e Paqes","author":"Kurt Farka","date":"February 22, 2026","format":false,"excerpt":"22 Shkurt 2026 Sht\u00ebpia e Bardh\u00eb ka publikuar takimin e plot\u00eb t\u00eb presidentit t\u00eb SHBA-ve, Donald Trump, me lider\u00ebt e vendeve q\u00eb i jan\u00eb bashkuar Bordit t\u00eb Paqes. N\u00eb takim mor\u00ebn pjes\u00eb edhe kryeministri Edi Rama dhe presidentja e Kosov\u00ebs, Vjosa Osmani. N\u00eb p\u00ebrfundim t\u00eb fjalimit t\u00eb mbajtur para Bordit\u2026","rel":"","context":"In &quot;Blogu i Udh\u00ebtarit&quot;","block_context":{"text":"Blogu i Udh\u00ebtarit","link":"https:\/\/www.shqiperia.com\/blog\/category\/blogu-i-udhetarit\/"},"img":{"alt_text":"","src":"https:\/\/i0.wp.com\/www.shqiperia.com\/blog\/wp-content\/uploads\/2026\/02\/auto_-640-0-699abc0a77bc517717526611.jpg?fit=900%2C425&ssl=1&resize=350%2C200","width":350,"height":200,"srcset":"https:\/\/i0.wp.com\/www.shqiperia.com\/blog\/wp-content\/uploads\/2026\/02\/auto_-640-0-699abc0a77bc517717526611.jpg?fit=900%2C425&ssl=1&resize=350%2C200 1x, https:\/\/i0.wp.com\/www.shqiperia.com\/blog\/wp-content\/uploads\/2026\/02\/auto_-640-0-699abc0a77bc517717526611.jpg?fit=900%2C425&ssl=1&resize=525%2C300 1.5x, https:\/\/i0.wp.com\/www.shqiperia.com\/blog\/wp-content\/uploads\/2026\/02\/auto_-640-0-699abc0a77bc517717526611.jpg?fit=900%2C425&ssl=1&resize=700%2C400 2x"},"classes":[]},{"id":96775,"url":"https:\/\/www.shqiperia.com\/blog\/kosova-merr-ftesen-nga-trump-per-ne-bordin-e-paqes-presidentja-osmani-qendrojme-si-aleate-te-palekundur-te-amerikes-per-ta-cuar-paqen-me-tej\/","url_meta":{"origin":97126,"position":1},"title":"Kosova merr ftes\u00ebn nga Trump p\u00ebr n\u00eb Bordin e Paqes, presidentja Osmani: &#8211; Q\u00ebndrojm\u00eb si aleat\u00eb t\u00eb pal\u00ebkundur t\u00eb Amerik\u00ebs p\u00ebr ta \u00e7uar paqen m\u00eb tej","author":"Kurt Farka","date":"January 21, 2026","format":false,"excerpt":"20 Janar 2026 Presidentja e Kosov\u00ebs, Vjosa Osmani, ka publikuar ftes\u00ebn e Presidentit Donald Trump p\u00ebr t\u00eb p\u00ebrfaq\u00ebsuar Republik\u00ebn e Kosov\u00ebs n\u00eb Bordin e Paqes, si nj\u00eb nga an\u00ebtaret themeluese t\u00eb k\u00ebtij trupi, nj\u00ebsoj si Shqip\u00ebria. N\u00eb nj\u00eb postim n\u00eb rrjetet sociale, Presidentja Osmani theksoi r\u00ebnd\u00ebsin\u00eb e k\u00ebsaj ftese dhe\u2026","rel":"","context":"In &quot;Blogu i Udh\u00ebtarit&quot;","block_context":{"text":"Blogu i Udh\u00ebtarit","link":"https:\/\/www.shqiperia.com\/blog\/category\/blogu-i-udhetarit\/"},"img":{"alt_text":"","src":"https:\/\/i0.wp.com\/www.shqiperia.com\/blog\/wp-content\/uploads\/2026\/01\/MixCollage-21-Jan-2026-08-58-AM-616.webp?fit=1200%2C675&ssl=1&resize=350%2C200","width":350,"height":200,"srcset":"https:\/\/i0.wp.com\/www.shqiperia.com\/blog\/wp-content\/uploads\/2026\/01\/MixCollage-21-Jan-2026-08-58-AM-616.webp?fit=1200%2C675&ssl=1&resize=350%2C200 1x, https:\/\/i0.wp.com\/www.shqiperia.com\/blog\/wp-content\/uploads\/2026\/01\/MixCollage-21-Jan-2026-08-58-AM-616.webp?fit=1200%2C675&ssl=1&resize=525%2C300 1.5x, https:\/\/i0.wp.com\/www.shqiperia.com\/blog\/wp-content\/uploads\/2026\/01\/MixCollage-21-Jan-2026-08-58-AM-616.webp?fit=1200%2C675&ssl=1&resize=700%2C400 2x, https:\/\/i0.wp.com\/www.shqiperia.com\/blog\/wp-content\/uploads\/2026\/01\/MixCollage-21-Jan-2026-08-58-AM-616.webp?fit=1200%2C675&ssl=1&resize=1050%2C600 3x"},"classes":[]},{"id":96717,"url":"https:\/\/www.shqiperia.com\/blog\/jo-vetem-shqiperia-por-kremlini-putini-eshte-ftuar-te-bashkohet-me-bordin-e-paqes-per-gazen-edhe-lukashenko\/","url_meta":{"origin":97126,"position":2},"title":"Jo vetem Shqiperia por &#8230; Kremlini: Putini \u00ebsht\u00eb ftuar t\u00eb bashkohet me &#8216;Bordin e Paqes&#8217; p\u00ebr Gaz\u00ebn! &#8211; Edhe Lukashenko &#8230;","author":"Kurt Farka","date":"January 19, 2026","format":false,"excerpt":"19 Janar 2026 Kremlini ka njoftuar se Presidenti Vladimir Putin ka marr\u00eb nj\u00eb ftes\u00eb p\u00ebrmes kanaleve diplomatike, p\u00ebr t\u00eb qen\u00eb pjes\u00eb e Bordit t\u00eb Paqes q\u00eb do t\u00eb mbikqyr\u00eb procesin e rind\u00ebrtimit n\u00eb Gaza. Presidenti rus Vladimir Putin Kremlini ka njoftuar se Presidenti rus\u00a0Vladimir Putin\u00a0ka marr\u00eb nj\u00eb ftes\u00eb p\u00ebr t'u\u2026","rel":"","context":"In &quot;Blogu i Udh\u00ebtarit&quot;","block_context":{"text":"Blogu i Udh\u00ebtarit","link":"https:\/\/www.shqiperia.com\/blog\/category\/blogu-i-udhetarit\/"},"img":{"alt_text":"","src":"https:\/\/i0.wp.com\/www.shqiperia.com\/blog\/wp-content\/uploads\/2026\/01\/615804215_1336955228470113_3291936159788439035_n.jpg?fit=1080%2C684&ssl=1&resize=350%2C200","width":350,"height":200,"srcset":"https:\/\/i0.wp.com\/www.shqiperia.com\/blog\/wp-content\/uploads\/2026\/01\/615804215_1336955228470113_3291936159788439035_n.jpg?fit=1080%2C684&ssl=1&resize=350%2C200 1x, https:\/\/i0.wp.com\/www.shqiperia.com\/blog\/wp-content\/uploads\/2026\/01\/615804215_1336955228470113_3291936159788439035_n.jpg?fit=1080%2C684&ssl=1&resize=525%2C300 1.5x, https:\/\/i0.wp.com\/www.shqiperia.com\/blog\/wp-content\/uploads\/2026\/01\/615804215_1336955228470113_3291936159788439035_n.jpg?fit=1080%2C684&ssl=1&resize=700%2C400 2x, https:\/\/i0.wp.com\/www.shqiperia.com\/blog\/wp-content\/uploads\/2026\/01\/615804215_1336955228470113_3291936159788439035_n.jpg?fit=1080%2C684&ssl=1&resize=1050%2C600 3x"},"classes":[]},{"id":97822,"url":"https:\/\/www.shqiperia.com\/blog\/vatikani-refuzon-zyrtarisht-ftesen-e-trump-per-bordin-e-paqes\/","url_meta":{"origin":97126,"position":3},"title":"Vatikani refuzon zyrtarisht ftes\u00ebn e Trump p\u00ebr \u2018Bordin e Paqes\u2019","author":"Kurt Farka","date":"February 18, 2026","format":false,"excerpt":"18 Shkurt 2026 Papa Leo XIV ka refuzuar ftes\u00ebn e Donald Trump p\u00ebr tu bashkuar n\u00eb \u201cBordin e Paqes\u201d. Kardinali Pietro Parolin, sekretari i shtetit i Vatikanit, u tha gazetar\u00ebve t\u00eb mart\u00ebn se Papa kishte nj\u00eb num\u00ebr shqet\u00ebsimesh n\u00eb lidhje me iniciativ\u00ebn dhe se si rezultat ai nuk do t\u00eb\u2026","rel":"","context":"In &quot;Njoftime Shtypi&quot;","block_context":{"text":"Njoftime Shtypi","link":"https:\/\/www.shqiperia.com\/blog\/category\/njoftime-shtypi\/"},"img":{"alt_text":"","src":"https:\/\/i0.wp.com\/www.shqiperia.com\/blog\/wp-content\/uploads\/2026\/02\/25trumppope-4-videoSixteenByNineJumbo1600.jpg?fit=1139%2C771&ssl=1&resize=350%2C200","width":350,"height":200,"srcset":"https:\/\/i0.wp.com\/www.shqiperia.com\/blog\/wp-content\/uploads\/2026\/02\/25trumppope-4-videoSixteenByNineJumbo1600.jpg?fit=1139%2C771&ssl=1&resize=350%2C200 1x, https:\/\/i0.wp.com\/www.shqiperia.com\/blog\/wp-content\/uploads\/2026\/02\/25trumppope-4-videoSixteenByNineJumbo1600.jpg?fit=1139%2C771&ssl=1&resize=525%2C300 1.5x, https:\/\/i0.wp.com\/www.shqiperia.com\/blog\/wp-content\/uploads\/2026\/02\/25trumppope-4-videoSixteenByNineJumbo1600.jpg?fit=1139%2C771&ssl=1&resize=700%2C400 2x, https:\/\/i0.wp.com\/www.shqiperia.com\/blog\/wp-content\/uploads\/2026\/02\/25trumppope-4-videoSixteenByNineJumbo1600.jpg?fit=1139%2C771&ssl=1&resize=1050%2C600 3x"},"classes":[]},{"id":96762,"url":"https:\/\/www.shqiperia.com\/blog\/edhe-kina-ne-bordin-e-paqes-trump-i-dergon-ftesen-nuk-dihet-nese-do-ta-pranoje\/","url_meta":{"origin":97126,"position":4},"title":"Edhe Kina n\u00eb \u2018Bordin e Paqes\u2019 \/ Trump i d\u00ebrgon ftes\u00ebn, nuk dihet n\u00ebse do ta pranoj\u00eb","author":"Kurt Farka","date":"January 20, 2026","format":false,"excerpt":"20 Janar 2016 Kina konfirmoi t\u00eb mart\u00ebn se ishte ftuar t\u00eb bashkohej me \"Bordin e Paqes\" t\u00eb Presidentit t\u00eb SHBA-s\u00eb Donald Trump. Ftesa nga Uashingtoni u ishte b\u00ebr\u00eb dhjet\u00ebra vendeve n\u00eb p\u00ebrpjekjen e tij p\u00ebr t\u00eb nisur nj\u00eb iniciativ\u00eb globale q\u00eb synon zgjidhjen e konflikteve. Por Pekini, i cili koh\u00ebt\u2026","rel":"","context":"In &quot;Blogu i Udh\u00ebtarit&quot;","block_context":{"text":"Blogu i Udh\u00ebtarit","link":"https:\/\/www.shqiperia.com\/blog\/category\/blogu-i-udhetarit\/"},"img":{"alt_text":"","src":"https:\/\/i0.wp.com\/www.shqiperia.com\/blog\/wp-content\/uploads\/2026\/01\/1761549911_donaldtrumpxijinping.jpg?fit=780%2C440&ssl=1&resize=350%2C200","width":350,"height":200,"srcset":"https:\/\/i0.wp.com\/www.shqiperia.com\/blog\/wp-content\/uploads\/2026\/01\/1761549911_donaldtrumpxijinping.jpg?fit=780%2C440&ssl=1&resize=350%2C200 1x, https:\/\/i0.wp.com\/www.shqiperia.com\/blog\/wp-content\/uploads\/2026\/01\/1761549911_donaldtrumpxijinping.jpg?fit=780%2C440&ssl=1&resize=525%2C300 1.5x, https:\/\/i0.wp.com\/www.shqiperia.com\/blog\/wp-content\/uploads\/2026\/01\/1761549911_donaldtrumpxijinping.jpg?fit=780%2C440&ssl=1&resize=700%2C400 2x"},"classes":[]},{"id":96790,"url":"https:\/\/www.shqiperia.com\/blog\/italia-drejt-jo-se-per-bordin-e-paqes-se-trump-it\/","url_meta":{"origin":97126,"position":5},"title":"Italia drejt \u201cJO\u201d-s\u00eb p\u00ebr Bordin e Paqes s\u00eb Trump-it","author":"Kurt Farka","date":"January 21, 2026","format":false,"excerpt":"21 Janar 2026 Italia pritet t\u00eb refuzoj\u00eb hyrjen n\u00eb Bordin e Paqes, nism\u00ebn e promovuar nga presidenti amerikan, Donald Trump, me argumentin se bie ndesh me Kushtetut\u00ebn. Pengesa kryesore \u00ebsht\u00eb neni 11 i Kushtetut\u00ebs italiane, i cili lejon pjes\u00ebmarrjen e vendit n\u00eb organizma nd\u00ebrkomb\u00ebtar\u00eb q\u00eb merren me paqen vet\u00ebm \u201cn\u00eb\u2026","rel":"","context":"In &quot;Blogu i Udh\u00ebtarit&quot;","block_context":{"text":"Blogu i Udh\u00ebtarit","link":"https:\/\/www.shqiperia.com\/blog\/category\/blogu-i-udhetarit\/"},"img":{"alt_text":"","src":"https:\/\/i0.wp.com\/www.shqiperia.com\/blog\/wp-content\/uploads\/2026\/01\/696ff20e9578c.jpeg?fit=572%2C429&ssl=1&resize=350%2C200","width":350,"height":200,"srcset":"https:\/\/i0.wp.com\/www.shqiperia.com\/blog\/wp-content\/uploads\/2026\/01\/696ff20e9578c.jpeg?fit=572%2C429&ssl=1&resize=350%2C200 1x, https:\/\/i0.wp.com\/www.shqiperia.com\/blog\/wp-content\/uploads\/2026\/01\/696ff20e9578c.jpeg?fit=572%2C429&ssl=1&resize=525%2C300 1.5x"},"classes":[]}],"_links":{"self":[{"href":"https:\/\/www.shqiperia.com\/blog\/wp-json\/wp\/v2\/posts\/97126","targetHints":{"allow":["GET"]}}],"collection":[{"href":"https:\/\/www.shqiperia.com\/blog\/wp-json\/wp\/v2\/posts"}],"about":[{"href":"https:\/\/www.shqiperia.com\/blog\/wp-json\/wp\/v2\/types\/post"}],"author":[{"embeddable":true,"href":"https:\/\/www.shqiperia.com\/blog\/wp-json\/wp\/v2\/users\/9"}],"replies":[{"embeddable":true,"href":"https:\/\/www.shqiperia.com\/blog\/wp-json\/wp\/v2\/comments?post=97126"}],"version-history":[{"count":1,"href":"https:\/\/www.shqiperia.com\/blog\/wp-json\/wp\/v2\/posts\/97126\/revisions"}],"predecessor-version":[{"id":97129,"href":"https:\/\/www.shqiperia.com\/blog\/wp-json\/wp\/v2\/posts\/97126\/revisions\/97129"}],"wp:featuredmedia":[{"embeddable":true,"href":"https:\/\/www.shqiperia.com\/blog\/wp-json\/wp\/v2\/media\/97127"}],"wp:attachment":[{"href":"https:\/\/www.shqiperia.com\/blog\/wp-json\/wp\/v2\/media?parent=97126"}],"wp:term":[{"taxonomy":"category","embeddable":true,"href":"https:\/\/www.shqiperia.com\/blog\/wp-json\/wp\/v2\/categories?post=97126"},{"taxonomy":"post_tag","embeddable":true,"href":"https:\/\/www.shqiperia.com\/blog\/wp-json\/wp\/v2\/tags?post=97126"}],"curies":[{"name":"wp","href":"https:\/\/api.w.org\/{rel}","templated":true}]}}