{"id":97123,"date":"2026-01-29T21:41:33","date_gmt":"2026-01-29T21:41:33","guid":{"rendered":"https:\/\/www.shqiperia.com\/blog\/?p=97123"},"modified":"2026-01-29T21:41:33","modified_gmt":"2026-01-29T21:41:33","slug":"qumeshti-per-bebe-aptamil-me-prani-toksinash-aku-konsumatoret-qe-e-kane-blere-ta-kthejne-ne-pikat-e-shitjes","status":"publish","type":"post","link":"https:\/\/www.shqiperia.com\/blog\/qumeshti-per-bebe-aptamil-me-prani-toksinash-aku-konsumatoret-qe-e-kane-blere-ta-kthejne-ne-pikat-e-shitjes\/","title":{"rendered":"Qum\u00ebshti p\u00ebr bebe \u201cAptamil\u201d me prani toksinash, AKU: Konsumator\u00ebt q\u00eb e kan\u00eb bler\u00eb ta kthejn\u00eb n\u00eb pikat e shitjes"},"content":{"rendered":"<p><img data-recalc-dims=\"1\" loading=\"lazy\" decoding=\"async\" data-attachment-id=\"97124\" data-permalink=\"https:\/\/www.shqiperia.com\/blog\/qumeshti-per-bebe-aptamil-me-prani-toksinash-aku-konsumatoret-qe-e-kane-blere-ta-kthejne-ne-pikat-e-shitjes\/aptamil-aku\/\" data-orig-file=\"https:\/\/i0.wp.com\/www.shqiperia.com\/blog\/wp-content\/uploads\/2026\/01\/aptamil-aku.jpg?fit=1200%2C745&amp;ssl=1\" data-orig-size=\"1200,745\" data-comments-opened=\"1\" data-image-meta=\"{&quot;aperture&quot;:&quot;0&quot;,&quot;credit&quot;:&quot;&quot;,&quot;camera&quot;:&quot;&quot;,&quot;caption&quot;:&quot;&quot;,&quot;created_timestamp&quot;:&quot;0&quot;,&quot;copyright&quot;:&quot;&quot;,&quot;focal_length&quot;:&quot;0&quot;,&quot;iso&quot;:&quot;0&quot;,&quot;shutter_speed&quot;:&quot;0&quot;,&quot;title&quot;:&quot;&quot;,&quot;orientation&quot;:&quot;1&quot;}\" data-image-title=\"aptamil-aku\" data-image-description=\"\" data-image-caption=\"\" data-medium-file=\"https:\/\/i0.wp.com\/www.shqiperia.com\/blog\/wp-content\/uploads\/2026\/01\/aptamil-aku.jpg?fit=300%2C186&amp;ssl=1\" data-large-file=\"https:\/\/i0.wp.com\/www.shqiperia.com\/blog\/wp-content\/uploads\/2026\/01\/aptamil-aku.jpg?fit=1024%2C636&amp;ssl=1\" class=\"alignnone  wp-image-97124\" alt=\"\" src=\"https:\/\/i0.wp.com\/www.shqiperia.com\/blog\/wp-content\/uploads\/2026\/01\/aptamil-aku.jpg?resize=631%2C391&#038;ssl=1\" width=\"631\" height=\"391\" srcset=\"https:\/\/i0.wp.com\/www.shqiperia.com\/blog\/wp-content\/uploads\/2026\/01\/aptamil-aku.jpg?resize=300%2C186&amp;ssl=1 300w, https:\/\/i0.wp.com\/www.shqiperia.com\/blog\/wp-content\/uploads\/2026\/01\/aptamil-aku.jpg?resize=1024%2C636&amp;ssl=1 1024w, https:\/\/i0.wp.com\/www.shqiperia.com\/blog\/wp-content\/uploads\/2026\/01\/aptamil-aku.jpg?resize=768%2C477&amp;ssl=1 768w, https:\/\/i0.wp.com\/www.shqiperia.com\/blog\/wp-content\/uploads\/2026\/01\/aptamil-aku.jpg?resize=450%2C279&amp;ssl=1 450w, https:\/\/i0.wp.com\/www.shqiperia.com\/blog\/wp-content\/uploads\/2026\/01\/aptamil-aku.jpg?resize=600%2C373&amp;ssl=1 600w, https:\/\/i0.wp.com\/www.shqiperia.com\/blog\/wp-content\/uploads\/2026\/01\/aptamil-aku.jpg?resize=400%2C248&amp;ssl=1 400w, https:\/\/i0.wp.com\/www.shqiperia.com\/blog\/wp-content\/uploads\/2026\/01\/aptamil-aku.jpg?w=1200&amp;ssl=1 1200w\" sizes=\"auto, (max-width: 631px) 100vw, 631px\" \/><\/p>\n<p><strong>29 Janar 2026<\/strong><\/p>\n<p><strong>Autoriteti Komb\u00ebtar i Ushqimit, ka njoftuar t\u00ebrheqjen e menj\u00ebhershme nga tregu t\u00eb produktit p\u00ebr foshnja \u201cAPTAMIL 1 PRONUTRA\u201d, pas konstatimit t\u00eb pranis\u00eb s\u00eb nj\u00eb bakteri t\u00eb rreziksh\u00ebm i njohur si Bacillus cereus.<\/strong><\/p>\n<p>N\u00eb njoftimAKU thekson se trupat inspektuese n\u00eb terren jan\u00eb angazhuar n\u00eb verifikimin dhe t\u00ebrheqjen e menj\u00ebhershme t\u00eb produktit nga tregu, nd\u00ebrsa nga ana tjet\u00ebr u b\u00ebhet apel t\u00eb gjith\u00eb qytetar\u00ebve q\u00eb n\u00ebse e kan\u00eb bler\u00eb k\u00ebt\u00eb produkt ta kthejn\u00eb at\u00eb n\u00eb pikat e shitjes.<\/p>\n<p>Cereulide \u00ebsht\u00eb nj\u00eb toksin\u00eb e prodhuar nga disa lloje t\u00eb bakterit Bacillus cereus dhe mund t\u00eb shkaktoj\u00eb simptoma t\u00eb shpejta t\u00eb helmimit ushqimor, p\u00ebrfshir\u00eb t\u00eb vjella dhe dhimbje barku.<\/p>\n<p><strong>Njoftimi i\u00a0AKU-s\u00eb<\/strong><\/p>\n<p>Autoriteti Komb\u00ebtar i Ushqimit informon opinionin publik mbi njoftimin me num\u00ebr reference 2026.0663 t\u00eb ardhur nga Sistemi RASFF. Gjat\u00eb kontrolleve zyrtare t\u00eb kryera n\u00eb Gjermani, \u00ebsht\u00eb konstatuar prani e substanc\u00ebs cereulide, nj\u00eb toksin\u00eb e prodhuar nga bakteri Bacillus cereus n\u00eb formul\u00eb p\u00ebr infant. T\u00eb dh\u00ebnat e produktit:<\/p>\n<p>Emri i produktit: APTAMIL 1 PRONUTRA 800G ADVANCED; Numri i artikullit 172911; Data e Skadenc\u00ebs: 10\/11\/2026<\/p>\n<p>Trupat inspektuese n\u00eb terren jan\u00eb angazhuar n\u00eb verifikimin dhe t\u00ebrheqjen e menj\u00ebhershme t\u00eb produktit nga tregu.<\/p>\n<p>AKU i b\u00ebn thirrje konsumator\u00ebve n\u00ebse e kan\u00eb bler\u00eb k\u00ebt\u00eb produkt dhe e kan\u00eb gjendje, ta kthejn\u00eb at\u00eb n\u00eb pikat e shitjes.<\/p>\n<p>Siguria Ushqimore \u2013 Sfida Jon\u00eb e P\u00ebrbashk\u00ebt<\/p>\n","protected":false},"excerpt":{"rendered":"<p>29 Janar 2026 Autoriteti Komb\u00ebtar i Ushqimit, ka njoftuar t\u00ebrheqjen e menj\u00ebhershme nga tregu t\u00eb produktit p\u00ebr foshnja \u201cAPTAMIL 1 PRONUTRA\u201d, pas konstatimit t\u00eb pranis\u00eb s\u00eb nj\u00eb bakteri t\u00eb rreziksh\u00ebm i njohur si Bacillus cereus. N\u00eb njoftimAKU thekson se trupat inspektuese n\u00eb terren jan\u00eb angazhuar n\u00eb verifikimin dhe t\u00ebrheqjen e menj\u00ebhershme t\u00eb produktit nga tregu, [&hellip;]<\/p>\n","protected":false},"author":9,"featured_media":97124,"comment_status":"open","ping_status":"open","sticky":false,"template":"","format":"standard","meta":{"jetpack_post_was_ever_published":false,"_jetpack_newsletter_access":"","_jetpack_dont_email_post_to_subs":false,"_jetpack_newsletter_tier_id":0,"_jetpack_memberships_contains_paywalled_content":false,"_jetpack_memberships_contains_paid_content":false,"footnotes":"","jetpack_publicize_message":"","jetpack_publicize_feature_enabled":true,"jetpack_social_post_already_shared":true,"jetpack_social_options":{"image_generator_settings":{"template":"highway","default_image_id":0,"font":"","enabled":false},"version":2}},"categories":[1,35],"tags":[],"class_list":["post-97123","post","type-post","status-publish","format-standard","has-post-thumbnail","hentry","category-njoftime-shtypi","category-shoqerore"],"jetpack_publicize_connections":[],"jetpack_featured_media_url":"https:\/\/i0.wp.com\/www.shqiperia.com\/blog\/wp-content\/uploads\/2026\/01\/aptamil-aku.jpg?fit=1200%2C745&ssl=1","jetpack_sharing_enabled":true,"jetpack_shortlink":"https:\/\/wp.me\/p5Z6wp-pgv","jetpack-related-posts":[{"id":99063,"url":"https:\/\/www.shqiperia.com\/blog\/skandal-ku-perfundoi-qumeshti-toksik-per-femije-aku-fsheh-dokumentet-e-asgjesimit\/","url_meta":{"origin":97123,"position":0},"title":"SKANDAL\/ Ku p\u00ebrfundoi \u201cqum\u00ebshti toksik\u201d p\u00ebr f\u00ebmij\u00eb? &#8211; AKU fsheh dokumentet e asgj\u00ebsimit","author":"Kurt Farka","date":"April 3, 2026","format":false,"excerpt":"3 Prill 2026 Alarmi i Bashkimit Europian p\u00ebr largimin e menj\u00ebhersh\u00ebm nga tregu t\u00eb qum\u00ebshtit Aptamil, i cili ka rezultuar i kontaminuar me toksin\u00ebn cereulide, ka zbuluar nj\u00eb skandal t\u00eb p\u00ebrmasave t\u00eb m\u00ebdha n\u00eb vendin ton\u00eb. Ky produkt \u00ebsht\u00eb importuar nga \u2018Life Care Nannys\u2019, me administrator shtetasin Sotirios Baliouskas.\u201d N\u00eb\u2026","rel":"","context":"In &quot;Kultura&quot;","block_context":{"text":"Kultura","link":"https:\/\/www.shqiperia.com\/blog\/category\/kultura\/"},"img":{"alt_text":"","src":"https:\/\/i0.wp.com\/www.shqiperia.com\/blog\/wp-content\/uploads\/2026\/04\/600-388-cover-qumeshti-aptamil-skandali-1775204805.jpg?fit=600%2C388&ssl=1&resize=350%2C200","width":350,"height":200,"srcset":"https:\/\/i0.wp.com\/www.shqiperia.com\/blog\/wp-content\/uploads\/2026\/04\/600-388-cover-qumeshti-aptamil-skandali-1775204805.jpg?fit=600%2C388&ssl=1&resize=350%2C200 1x, https:\/\/i0.wp.com\/www.shqiperia.com\/blog\/wp-content\/uploads\/2026\/04\/600-388-cover-qumeshti-aptamil-skandali-1775204805.jpg?fit=600%2C388&ssl=1&resize=525%2C300 1.5x"},"classes":[]},{"id":60310,"url":"https:\/\/www.shqiperia.com\/blog\/aku-del-me-njoftimin-e-jashtezakonshem-dhe-ngre-alarmin-prinder-mos-ua-jepni-femijeve-tuaj-keto-patatina\/","url_meta":{"origin":97123,"position":1},"title":"AKU del me njoftimin e jasht\u00ebzakonsh\u00ebm dhe ngre alarmin: &#8211; Prind\u00ebr, mos ua jepni f\u00ebmij\u00ebve tuaj k\u00ebto patatina!","author":"Kurt Farka","date":"July 30, 2022","format":false,"excerpt":"30 KORRIK 2022 Autoriteti Komb\u00ebtar i Ushqimit (AKU) ka njoftuar qytetar\u00ebt se nuk duhet t\u00eb konsumojn\u00eb produktin patatina misri \u201cNatural Organic Tortilla Chips 125 g\u201d. AKU sqaron se pas analizave laboratorike t\u00eb kryera n\u00eb Gjermani \u00ebsht\u00eb konstatuar prani e alkaloid\u00ebve atropin\u00eb dhe skopolamin\u00eb n\u00eb k\u00ebto patatina. \u201cAutoriteti Komb\u00ebtar i Ushqimit\u2026","rel":"","context":"In &quot;Blogu i Udh\u00ebtarit&quot;","block_context":{"text":"Blogu i Udh\u00ebtarit","link":"https:\/\/www.shqiperia.com\/blog\/category\/blogu-i-udhetarit\/"},"img":{"alt_text":"","src":"https:\/\/i0.wp.com\/www.shqiperia.com\/blog\/wp-content\/uploads\/2022\/07\/Prinder-mos-ua-jepni-femijeve-tuaj-keto-patatina-2.jpg?fit=640%2C372&ssl=1&resize=350%2C200","width":350,"height":200,"srcset":"https:\/\/i0.wp.com\/www.shqiperia.com\/blog\/wp-content\/uploads\/2022\/07\/Prinder-mos-ua-jepni-femijeve-tuaj-keto-patatina-2.jpg?fit=640%2C372&ssl=1&resize=350%2C200 1x, https:\/\/i0.wp.com\/www.shqiperia.com\/blog\/wp-content\/uploads\/2022\/07\/Prinder-mos-ua-jepni-femijeve-tuaj-keto-patatina-2.jpg?fit=640%2C372&ssl=1&resize=525%2C300 1.5x"},"classes":[]},{"id":99561,"url":"https:\/\/www.shqiperia.com\/blog\/rrezik-per-shendetin-aku-bllokon-cokokrem-me-salmonele-importuar-nga-gjermania\/","url_meta":{"origin":97123,"position":2},"title":"\u201cRrezik p\u00ebr sh\u00ebndetin\u201d\/ AKU bllokon \u00e7okokrem me salmonel\u00eb, importuar nga Gjermania","author":"Kurt Farka","date":"April 20, 2026","format":false,"excerpt":"20 Prill 2026 Nj\u00eb tjet\u00ebr rast shqet\u00ebsues p\u00ebr sigurin\u00eb ushqimore \u00ebsht\u00eb sinjalizuar nga sistemi europian RASFF n\u00eb lidhje me kremin e lajthis\u00eb me kakao q\u00eb rezulton i kontaminuar me Salmonela spp, i importuar nga Gjermania. Sipas alarmit t\u00eb l\u00ebshuar nga sistemi RASFF, ky produkt p\u00ebrb\u00ebn rrezik serioz p\u00ebr sh\u00ebndetin e\u2026","rel":"","context":"In &quot;Blogu i Udh\u00ebtarit&quot;","block_context":{"text":"Blogu i Udh\u00ebtarit","link":"https:\/\/www.shqiperia.com\/blog\/category\/blogu-i-udhetarit\/"},"img":{"alt_text":"","src":"https:\/\/i0.wp.com\/www.shqiperia.com\/blog\/wp-content\/uploads\/2026\/04\/cokokrem-me-salmonele-433x300-1.jpg?fit=433%2C300&ssl=1&resize=350%2C200","width":350,"height":200},"classes":[]},{"id":77647,"url":"https:\/\/www.shqiperia.com\/blog\/kmy-mashtron-konsumatoret-aku-hesht-alarmi-eksperteve-salcicet-duhet-te-hiqen-nga-tregu\/","url_meta":{"origin":97123,"position":3},"title":"KMY mashtron konsumatoret, AKU hesht. Alarmi ekspert\u00ebve: &#8211; Sal\u00e7i\u00e7et duhet t\u00eb hiqen nga tregu","author":"Kurt Farka","date":"January 26, 2024","format":false,"excerpt":"26 Janar 2024 M\u00eb her\u00ebt investigimi i \u201cOra News\u201d ka sjelle n\u00eb v\u00ebmendje\u00a0 \u201czhdukjen\u201d e 54 ton mish dhe sallam KMY, kjo pasi Agjencia Komb\u00ebtare e Mjedisit nuk kishte informacion se ku \u00ebsht\u00eb groposur sallami i skaduar. \u00c7do bler\u00ebs duhet t\u00eb dij\u00eb se me \u00e7far\u00eb ushqehet dhe \u00e7far\u00eb p\u00ebrb\u00ebr\u00ebsish ka\u2026","rel":"","context":"In &quot;Blogu i Udh\u00ebtarit&quot;","block_context":{"text":"Blogu i Udh\u00ebtarit","link":"https:\/\/www.shqiperia.com\/blog\/category\/blogu-i-udhetarit\/"},"img":{"alt_text":"","src":"https:\/\/i0.wp.com\/www.shqiperia.com\/blog\/wp-content\/uploads\/2024\/01\/600-388-8cfbfb63689140cbc4860c3909f81ae4.jpg?fit=600%2C388&ssl=1&resize=350%2C200","width":350,"height":200,"srcset":"https:\/\/i0.wp.com\/www.shqiperia.com\/blog\/wp-content\/uploads\/2024\/01\/600-388-8cfbfb63689140cbc4860c3909f81ae4.jpg?fit=600%2C388&ssl=1&resize=350%2C200 1x, https:\/\/i0.wp.com\/www.shqiperia.com\/blog\/wp-content\/uploads\/2024\/01\/600-388-8cfbfb63689140cbc4860c3909f81ae4.jpg?fit=600%2C388&ssl=1&resize=525%2C300 1.5x"},"classes":[]},{"id":90799,"url":"https:\/\/www.shqiperia.com\/blog\/u-importua-nga-brazili-18-5-ton-fileto-pule-me-salmonele-hyri-ne-portin-e-durresit-aku-bllokuam-nje-sasi-pjesa-tjeter-eshte-shitur\/","url_meta":{"origin":97123,"position":4},"title":"U importua nga Brazili 18.5 ton fileto pule me salmonel\u00eb hyri n\u00eb Portin e Durr\u00ebsit. &#8211; AKU: Bllokuam nje sasi, pjesa tjeter eshte shitur","author":"Kurt Farka","date":"March 28, 2025","format":false,"excerpt":"28 Mars 2025 Autoriteti Komb\u00ebtar i Ushqimit ka bllokuar nj\u00eb sasi e madhe mishi pule e importuar nga Brazili e cila ka rezultuar me prani t\u00eb Salmonella Typhimurium. \u2018Referuar analizimit n\u00eb ISUV n\u00eb dat\u00ebn 21.03.2025, p\u00ebr prani t\u00eb Salmonella Typhimurium n\u00eb nj\u00eb most\u00ebr produkt pule (fileto e ngrir\u00eb), e importuar\u2026","rel":"","context":"In &quot;Blogu i Udh\u00ebtarit&quot;","block_context":{"text":"Blogu i Udh\u00ebtarit","link":"https:\/\/www.shqiperia.com\/blog\/category\/blogu-i-udhetarit\/"},"img":{"alt_text":"","src":"https:\/\/i0.wp.com\/www.shqiperia.com\/blog\/wp-content\/uploads\/2025\/03\/3a205006e58a92511302af49a28791ac_L.jpg?fit=700%2C392&ssl=1&resize=350%2C200","width":350,"height":200,"srcset":"https:\/\/i0.wp.com\/www.shqiperia.com\/blog\/wp-content\/uploads\/2025\/03\/3a205006e58a92511302af49a28791ac_L.jpg?fit=700%2C392&ssl=1&resize=350%2C200 1x, https:\/\/i0.wp.com\/www.shqiperia.com\/blog\/wp-content\/uploads\/2025\/03\/3a205006e58a92511302af49a28791ac_L.jpg?fit=700%2C392&ssl=1&resize=525%2C300 1.5x, https:\/\/i0.wp.com\/www.shqiperia.com\/blog\/wp-content\/uploads\/2025\/03\/3a205006e58a92511302af49a28791ac_L.jpg?fit=700%2C392&ssl=1&resize=700%2C400 2x"},"classes":[]},{"id":90974,"url":"https:\/\/www.shqiperia.com\/blog\/thellohet-skandali-mishi-me-salmonele-dyshohet-se-u-konsumua-i-gjithi-aku-nuk-gjen-asnje-gjurme-ne-treg-ja-si-ka\/","url_meta":{"origin":97123,"position":5},"title":"Thellohet skandali, mishi me salmonel\u00eb dyshohet se u konsumua i gjithi. &#8211; AKU nuk gjen asnj\u00eb gjurm\u00eb n\u00eb treg, ja si ka\u2026","author":"Kurt Farka","date":"April 1, 2025","format":false,"excerpt":"1 Prill 2025 Thellohet skandali i mishit t\u00eb pul\u00ebs me salmonel\u00eb, duke nxjerr\u00eb n\u00eb pah d\u00ebshtimin e plot\u00eb t\u00eb sistemit t\u00eb siguris\u00eb ushqimore n\u00eb Shqip\u00ebri. Pas analizave laboratorike q\u00eb konfirmuan pranin\u00eb e bakterit t\u00eb rreziksh\u00ebm, Autoriteti Komb\u00ebtar i Ushqimit nisi kontrolle n\u00eb treg, por nuk gjeti asnj\u00eb gjurm\u00eb t\u00eb produktit,\u2026","rel":"","context":"In &quot;Blogu i Udh\u00ebtarit&quot;","block_context":{"text":"Blogu i Udh\u00ebtarit","link":"https:\/\/www.shqiperia.com\/blog\/category\/blogu-i-udhetarit\/"},"img":{"alt_text":"","src":"https:\/\/i0.wp.com\/www.shqiperia.com\/blog\/wp-content\/uploads\/2025\/04\/foto-faqe-8-900x570-1.png?fit=900%2C570&ssl=1&resize=350%2C200","width":350,"height":200,"srcset":"https:\/\/i0.wp.com\/www.shqiperia.com\/blog\/wp-content\/uploads\/2025\/04\/foto-faqe-8-900x570-1.png?fit=900%2C570&ssl=1&resize=350%2C200 1x, https:\/\/i0.wp.com\/www.shqiperia.com\/blog\/wp-content\/uploads\/2025\/04\/foto-faqe-8-900x570-1.png?fit=900%2C570&ssl=1&resize=525%2C300 1.5x, https:\/\/i0.wp.com\/www.shqiperia.com\/blog\/wp-content\/uploads\/2025\/04\/foto-faqe-8-900x570-1.png?fit=900%2C570&ssl=1&resize=700%2C400 2x"},"classes":[]}],"_links":{"self":[{"href":"https:\/\/www.shqiperia.com\/blog\/wp-json\/wp\/v2\/posts\/97123","targetHints":{"allow":["GET"]}}],"collection":[{"href":"https:\/\/www.shqiperia.com\/blog\/wp-json\/wp\/v2\/posts"}],"about":[{"href":"https:\/\/www.shqiperia.com\/blog\/wp-json\/wp\/v2\/types\/post"}],"author":[{"embeddable":true,"href":"https:\/\/www.shqiperia.com\/blog\/wp-json\/wp\/v2\/users\/9"}],"replies":[{"embeddable":true,"href":"https:\/\/www.shqiperia.com\/blog\/wp-json\/wp\/v2\/comments?post=97123"}],"version-history":[{"count":1,"href":"https:\/\/www.shqiperia.com\/blog\/wp-json\/wp\/v2\/posts\/97123\/revisions"}],"predecessor-version":[{"id":97125,"href":"https:\/\/www.shqiperia.com\/blog\/wp-json\/wp\/v2\/posts\/97123\/revisions\/97125"}],"wp:featuredmedia":[{"embeddable":true,"href":"https:\/\/www.shqiperia.com\/blog\/wp-json\/wp\/v2\/media\/97124"}],"wp:attachment":[{"href":"https:\/\/www.shqiperia.com\/blog\/wp-json\/wp\/v2\/media?parent=97123"}],"wp:term":[{"taxonomy":"category","embeddable":true,"href":"https:\/\/www.shqiperia.com\/blog\/wp-json\/wp\/v2\/categories?post=97123"},{"taxonomy":"post_tag","embeddable":true,"href":"https:\/\/www.shqiperia.com\/blog\/wp-json\/wp\/v2\/tags?post=97123"}],"curies":[{"name":"wp","href":"https:\/\/api.w.org\/{rel}","templated":true}]}}