{"id":97120,"date":"2026-01-29T21:32:36","date_gmt":"2026-01-29T21:32:36","guid":{"rendered":"https:\/\/www.shqiperia.com\/blog\/?p=97120"},"modified":"2026-01-29T23:26:05","modified_gmt":"2026-01-29T23:26:05","slug":"mandati-i-belinda-ballukut-murrizi-zvarritja-e-procesit-demton-hetimin-provat-mund-te-jene-zhdukur-2201-29-01-2026-a-a-mandati-i-belinda-ballukut-murrizi-zvarritja-e-procesit-demton-hetimi","status":"publish","type":"post","link":"https:\/\/www.shqiperia.com\/blog\/mandati-i-belinda-ballukut-murrizi-zvarritja-e-procesit-demton-hetimin-provat-mund-te-jene-zhdukur-2201-29-01-2026-a-a-mandati-i-belinda-ballukut-murrizi-zvarritja-e-procesit-demton-hetimi\/","title":{"rendered":"Mandati i Belinda Ballukut\/ Murrizi: &#8211; Zvarritja e procesit d\u00ebmton hetimin! Provat mund t\u00eb jen\u00eb zhdukur   22:01 | 29\/01\/2026 A A Mandati i Belinda Ballukut\/ Murrizi: Zvarritja e procesit d\u00ebmton hetimin! Provat mund t\u00eb jen\u00eb zhdukur Ish-deputeti i"},"content":{"rendered":"<p><img data-recalc-dims=\"1\" loading=\"lazy\" decoding=\"async\" data-attachment-id=\"97134\" data-permalink=\"https:\/\/www.shqiperia.com\/blog\/mandati-i-belinda-ballukut-murrizi-zvarritja-e-procesit-demton-hetimin-provat-mund-te-jene-zhdukur-2201-29-01-2026-a-a-mandati-i-belinda-ballukut-murrizi-zvarritja-e-procesit-demton-hetimi\/900-0-1720128573xpolitikania-socialiste-belinda-balluku-250\/\" data-orig-file=\"https:\/\/i0.wp.com\/www.shqiperia.com\/blog\/wp-content\/uploads\/2026\/01\/900-0-1720128573xpolitikania-socialiste-belinda-balluku-250.jpg?fit=900%2C514&amp;ssl=1\" data-orig-size=\"900,514\" data-comments-opened=\"1\" data-image-meta=\"{&quot;aperture&quot;:&quot;0&quot;,&quot;credit&quot;:&quot;&quot;,&quot;camera&quot;:&quot;&quot;,&quot;caption&quot;:&quot;&quot;,&quot;created_timestamp&quot;:&quot;0&quot;,&quot;copyright&quot;:&quot;&quot;,&quot;focal_length&quot;:&quot;0&quot;,&quot;iso&quot;:&quot;0&quot;,&quot;shutter_speed&quot;:&quot;0&quot;,&quot;title&quot;:&quot;&quot;,&quot;orientation&quot;:&quot;0&quot;}\" data-image-title=\"-900-0-1720128573xpolitikania-socialiste-belinda-balluku-250\" data-image-description=\"\" data-image-caption=\"\" data-medium-file=\"https:\/\/i0.wp.com\/www.shqiperia.com\/blog\/wp-content\/uploads\/2026\/01\/900-0-1720128573xpolitikania-socialiste-belinda-balluku-250.jpg?fit=300%2C171&amp;ssl=1\" data-large-file=\"https:\/\/i0.wp.com\/www.shqiperia.com\/blog\/wp-content\/uploads\/2026\/01\/900-0-1720128573xpolitikania-socialiste-belinda-balluku-250.jpg?fit=900%2C514&amp;ssl=1\" class=\"alignnone  wp-image-97134\" alt=\"\" src=\"https:\/\/i0.wp.com\/www.shqiperia.com\/blog\/wp-content\/uploads\/2026\/01\/900-0-1720128573xpolitikania-socialiste-belinda-balluku-250.jpg?resize=660%2C376&#038;ssl=1\" width=\"660\" height=\"376\" srcset=\"https:\/\/i0.wp.com\/www.shqiperia.com\/blog\/wp-content\/uploads\/2026\/01\/900-0-1720128573xpolitikania-socialiste-belinda-balluku-250.jpg?resize=300%2C171&amp;ssl=1 300w, https:\/\/i0.wp.com\/www.shqiperia.com\/blog\/wp-content\/uploads\/2026\/01\/900-0-1720128573xpolitikania-socialiste-belinda-balluku-250.jpg?resize=768%2C439&amp;ssl=1 768w, https:\/\/i0.wp.com\/www.shqiperia.com\/blog\/wp-content\/uploads\/2026\/01\/900-0-1720128573xpolitikania-socialiste-belinda-balluku-250.jpg?resize=450%2C257&amp;ssl=1 450w, https:\/\/i0.wp.com\/www.shqiperia.com\/blog\/wp-content\/uploads\/2026\/01\/900-0-1720128573xpolitikania-socialiste-belinda-balluku-250.jpg?resize=600%2C343&amp;ssl=1 600w, https:\/\/i0.wp.com\/www.shqiperia.com\/blog\/wp-content\/uploads\/2026\/01\/900-0-1720128573xpolitikania-socialiste-belinda-balluku-250.jpg?resize=400%2C228&amp;ssl=1 400w, https:\/\/i0.wp.com\/www.shqiperia.com\/blog\/wp-content\/uploads\/2026\/01\/900-0-1720128573xpolitikania-socialiste-belinda-balluku-250.jpg?w=900&amp;ssl=1 900w\" sizes=\"auto, (max-width: 660px) 100vw, 660px\" \/><\/p>\n<p>29 Janar 2026<\/p>\n<p>Ish-deputeti i PD-s\u00eb, Myslim Murrizi, ka komentuar zhvillimet e fundit politike dhe t\u00eb drejt\u00ebsis\u00eb, duke u ndalur te shtyrja e K\u00ebshillit t\u00eb Mandateve p\u00ebr heqjen e imunitetit t\u00eb zv\/kryeministres Belinda Balluku, e akuzuar nga SPAK.<\/p>\n<p>Sipas tij, heqja e imunitetit t\u00eb nj\u00eb deputeti \u00ebsht\u00eb nj\u00eb hap ky\u00e7, pasi i hap rrug\u00eb kontrollit t\u00eb banes\u00ebs dhe vendosjes s\u00eb mas\u00ebs s\u00eb arrestit, nd\u00ebrsa zvarritja e procesit p\u00ebr muaj me radh\u00eb e b\u00ebn t\u00eb pavlefsh\u00ebm \u00e7do veprim hetimor.<\/p>\n<p>Ai theksoi se pas tre muajsh \u201ctollovi\u201d, kontrolli i banes\u00ebs humbet vler\u00ebn hetimore, pasi provat mund t\u00eb jen\u00eb zhdukur.<\/p>\n<p>\u201c\u00c7far\u00eb do gjesh n\u00eb nj\u00eb kontroll banese kur i thua paraprakisht se do t\u00eb kontrolloj pas tre muajsh?\u201d, u shpreh Murrizi n\u00eb News 24, duke shtuar se vlera reale e hetimit \u00ebsht\u00eb vet\u00ebm n\u00eb rastet e kapjes n\u00eb flagranc\u00eb.<\/p>\n<p>Sipas Murrizit, q\u00ebndrimi i kryeministrit Edi Rama nuk lidhet me mbrojtjen e Belinda Ballukut, por me interesin personal. Ai deklaroi se \u201cRama ka frik\u00eb nga krijimi i nj\u00eb precedenti, pasi pezullimi i nj\u00eb zv\/kryeministreje mund t\u00eb hap\u00eb rrug\u00ebn q\u00eb n\u00eb t\u00eb ardhmen nj\u00eb prokuror t\u00eb veproj\u00eb edhe ndaj vet\u00eb kryeministrit.\u201d<\/p>\n","protected":false},"excerpt":{"rendered":"<p>29 Janar 2026 Ish-deputeti i PD-s\u00eb, Myslim Murrizi, ka komentuar zhvillimet e fundit politike dhe t\u00eb drejt\u00ebsis\u00eb, duke u ndalur te shtyrja e K\u00ebshillit t\u00eb Mandateve p\u00ebr heqjen e imunitetit t\u00eb zv\/kryeministres Belinda Balluku, e akuzuar nga SPAK. Sipas tij, heqja e imunitetit t\u00eb nj\u00eb deputeti \u00ebsht\u00eb nj\u00eb hap ky\u00e7, pasi i hap rrug\u00eb kontrollit [&hellip;]<\/p>\n","protected":false},"author":9,"featured_media":97121,"comment_status":"open","ping_status":"open","sticky":false,"template":"","format":"standard","meta":{"jetpack_post_was_ever_published":false,"_jetpack_newsletter_access":"","_jetpack_dont_email_post_to_subs":false,"_jetpack_newsletter_tier_id":0,"_jetpack_memberships_contains_paywalled_content":false,"_jetpack_memberships_contains_paid_content":false,"footnotes":"","jetpack_publicize_message":"","jetpack_publicize_feature_enabled":true,"jetpack_social_post_already_shared":true,"jetpack_social_options":{"image_generator_settings":{"template":"highway","default_image_id":0,"font":"","enabled":false},"version":2}},"categories":[27,1,2],"tags":[],"class_list":["post-97120","post","type-post","status-publish","format-standard","has-post-thumbnail","hentry","category-blogu-i-udhetarit","category-njoftime-shtypi","category-politika"],"jetpack_publicize_connections":[],"jetpack_featured_media_url":"https:\/\/i0.wp.com\/www.shqiperia.com\/blog\/wp-content\/uploads\/2026\/01\/murrizi-balluku-1140x570-1.jpg?fit=1140%2C570&ssl=1","jetpack_sharing_enabled":true,"jetpack_shortlink":"https:\/\/wp.me\/p5Z6wp-pgs","jetpack-related-posts":[{"id":96832,"url":"https:\/\/www.shqiperia.com\/blog\/perplasja-per-ballukun-ne-kushtetuese-spak-ngre-tonet-edhe-ndaj-gjykates-cenuat-hetimin-po-helmohen-provat\/","url_meta":{"origin":97120,"position":0},"title":"P\u00ebrplasja p\u00ebr Ballukun n\u00eb Kushtetuese, SPAK ngre tonet edhe ndaj gjykat\u00ebs: Cenuat hetimin, po helmohen provat","author":"Kurt Farka","date":"January 22, 2026","format":false,"excerpt":"22 Janar 2026 Qeveria dhe SPAK zhvilluan betej\u00ebn ligjore n\u00eb Gjykat\u00ebn Kushtetuese. Pezullimi i Belinda Ballukut ishte vij\u00eb e kuqe p\u00ebr qeveris\u00eb q\u00eb duhet t\u00eb merrte zgjidh\u00eb n\u00eb gjykata, ndaj i k\u00ebrkuan trup\u00ebs kushtetuese rr\u00ebzimin e padis\u00eb n\u00eb m\u00ebnyr\u00eb q\u00eb kjo praktik\u00eb t\u00eb mos p\u00ebrs\u00ebritet m\u00eb tej. Avokati i qeveris\u00eb,\u2026","rel":"","context":"In &quot;Njoftime Shtypi&quot;","block_context":{"text":"Njoftime Shtypi","link":"https:\/\/www.shqiperia.com\/blog\/category\/njoftime-shtypi\/"},"img":{"alt_text":"","src":"https:\/\/i0.wp.com\/www.shqiperia.com\/blog\/wp-content\/uploads\/2026\/01\/Belinda-Balluku.jpg?fit=926%2C557&ssl=1&resize=350%2C200","width":350,"height":200,"srcset":"https:\/\/i0.wp.com\/www.shqiperia.com\/blog\/wp-content\/uploads\/2026\/01\/Belinda-Balluku.jpg?fit=926%2C557&ssl=1&resize=350%2C200 1x, https:\/\/i0.wp.com\/www.shqiperia.com\/blog\/wp-content\/uploads\/2026\/01\/Belinda-Balluku.jpg?fit=926%2C557&ssl=1&resize=525%2C300 1.5x, https:\/\/i0.wp.com\/www.shqiperia.com\/blog\/wp-content\/uploads\/2026\/01\/Belinda-Balluku.jpg?fit=926%2C557&ssl=1&resize=700%2C400 2x"},"classes":[]},{"id":98373,"url":"https:\/\/www.shqiperia.com\/blog\/ish-deputeti-braho-porosi-per-ramen-belinda-ballukut-si-ben-derman-as-perendia\/","url_meta":{"origin":97120,"position":1},"title":"Ish-deputeti Braho porosi per Ramen: &#8211; Belinda Ballukut s\u2019i b\u00ebn derman as per\u00ebndia","author":"Kurt Farka","date":"March 12, 2026","format":false,"excerpt":"12 Mars 2026 Ish-deputeti socialist, Spartak Braho, thot\u00eb se kryeministri Edi Rama duhej t\u00eb kishte shkarkuar Belinda Ballukun nga posti i z\u00ebvend\u00ebskryeministres dhe ministres s\u00eb Infrastruktur\u00ebs dhe Energjis\u00eb, menj\u00ebher\u00eb pasi SPAK i komunikoi akuz\u00ebn p\u00ebr vepr\u00ebn penale \u201cshkelje e barazis\u00eb n\u00eb tender\u00eb\u201d p\u00ebr tunelin e Llogaras\u00eb. \u201cDuhej, duhej ta kishte\u2026","rel":"","context":"In &quot;Njoftime Shtypi&quot;","block_context":{"text":"Njoftime Shtypi","link":"https:\/\/www.shqiperia.com\/blog\/category\/njoftime-shtypi\/"},"img":{"alt_text":"","src":"https:\/\/i0.wp.com\/www.shqiperia.com\/blog\/wp-content\/uploads\/2026\/03\/1773256170_spartakbraho.jpg?fit=780%2C440&ssl=1&resize=350%2C200","width":350,"height":200,"srcset":"https:\/\/i0.wp.com\/www.shqiperia.com\/blog\/wp-content\/uploads\/2026\/03\/1773256170_spartakbraho.jpg?fit=780%2C440&ssl=1&resize=350%2C200 1x, https:\/\/i0.wp.com\/www.shqiperia.com\/blog\/wp-content\/uploads\/2026\/03\/1773256170_spartakbraho.jpg?fit=780%2C440&ssl=1&resize=525%2C300 1.5x, https:\/\/i0.wp.com\/www.shqiperia.com\/blog\/wp-content\/uploads\/2026\/03\/1773256170_spartakbraho.jpg?fit=780%2C440&ssl=1&resize=700%2C400 2x"},"classes":[]},{"id":97441,"url":"https:\/\/www.shqiperia.com\/blog\/kuvendi-duhet-ti-heqe-imunitetin-ballukut-koci-i-prere-ska-pse-te-pritet-gjykata-kushtetuese\/","url_meta":{"origin":97120,"position":2},"title":"\u201cKuvendi duhet t\u2019i heq\u00eb imunitetin Ballukut\u201d, Ko\u00e7i i prer\u00eb: &#8211; S\u2019ka pse t\u00eb pritet Gjykata Kushtetuese","author":"Kurt Farka","date":"February 6, 2026","format":false,"excerpt":"6 Shkurt 2026 Ish deputeti socialist, Petro Ko\u00e7i theksoi se parlamenti duhet q\u00eb ta miratoj\u00eb k\u00ebrkes\u00ebn e SPAK p\u00ebr heqjen e imunitetit t\u00eb Belinda Ballukut, z\u00ebvend\u00ebs kryeministres dhe ministres s\u00eb Infrastruktur\u00ebs dhe Energjis\u00eb, e marr\u00eb e pandehur p\u00ebr tenderin e tunelit t\u00eb Llogaras\u00eb dhe n\u00ebn hetim p\u00ebr nj\u00eb s\u00ebr\u00eb procedurash\u2026","rel":"","context":"In &quot;Blogu i Udh\u00ebtarit&quot;","block_context":{"text":"Blogu i Udh\u00ebtarit","link":"https:\/\/www.shqiperia.com\/blog\/category\/blogu-i-udhetarit\/"},"img":{"alt_text":"","src":"https:\/\/i0.wp.com\/www.shqiperia.com\/blog\/wp-content\/uploads\/2026\/02\/petro-koci.jpg?fit=900%2C502&ssl=1&resize=350%2C200","width":350,"height":200,"srcset":"https:\/\/i0.wp.com\/www.shqiperia.com\/blog\/wp-content\/uploads\/2026\/02\/petro-koci.jpg?fit=900%2C502&ssl=1&resize=350%2C200 1x, https:\/\/i0.wp.com\/www.shqiperia.com\/blog\/wp-content\/uploads\/2026\/02\/petro-koci.jpg?fit=900%2C502&ssl=1&resize=525%2C300 1.5x, https:\/\/i0.wp.com\/www.shqiperia.com\/blog\/wp-content\/uploads\/2026\/02\/petro-koci.jpg?fit=900%2C502&ssl=1&resize=700%2C400 2x"},"classes":[]},{"id":95671,"url":"https:\/\/www.shqiperia.com\/blog\/analiza-e-birn-imuniteti-sherben-per-detyren-e-deputetit-jo-per-te-shkelur-ligjet\/","url_meta":{"origin":97120,"position":3},"title":"Analiza e BIRN: Imuniteti sh\u00ebrben p\u00ebr detyr\u00ebn e deputetit, jo p\u00ebr t\u00eb shkelur ligjet","author":"Kurt Farka","date":"December 18, 2025","format":false,"excerpt":"18 Dhjetor 2025 Nd\u00ebrsa q\u00ebndrimi i maxhoranc\u00ebs socialiste mbi \u00e7\u00ebshtjen e imunitetit t\u00eb deputetes dhe zv\/kryeministres Belinda Balluku \u00ebsht\u00eb i paqart\u00eb, ajo q\u00eb \u00ebsht\u00eb e qart\u00eb \u00ebsht\u00eb se imuniteti parlamentar, n\u00eb thelb, nuk mundet dhe nuk duhet t\u00eb sh\u00ebrbej\u00eb si imunitet nga nd\u00ebshkimi p\u00ebr shkelje t\u00eb ligjeve. GJERGJ EREBARA\/ BIRN\u2026","rel":"","context":"In &quot;Blogu i Udh\u00ebtarit&quot;","block_context":{"text":"Blogu i Udh\u00ebtarit","link":"https:\/\/www.shqiperia.com\/blog\/category\/blogu-i-udhetarit\/"},"img":{"alt_text":"","src":"https:\/\/i0.wp.com\/www.shqiperia.com\/blog\/wp-content\/uploads\/2025\/12\/640-0-img-9391-482-1.jpeg?fit=640%2C407&ssl=1&resize=350%2C200","width":350,"height":200,"srcset":"https:\/\/i0.wp.com\/www.shqiperia.com\/blog\/wp-content\/uploads\/2025\/12\/640-0-img-9391-482-1.jpeg?fit=640%2C407&ssl=1&resize=350%2C200 1x, https:\/\/i0.wp.com\/www.shqiperia.com\/blog\/wp-content\/uploads\/2025\/12\/640-0-img-9391-482-1.jpeg?fit=640%2C407&ssl=1&resize=525%2C300 1.5x"},"classes":[]},{"id":95625,"url":"https:\/\/www.shqiperia.com\/blog\/agron-shehaj-rama-po-kupton-qe-i-ka-ardhur-radha\/","url_meta":{"origin":97120,"position":4},"title":"Agron Shehaj: Rama po kupton q\u00eb i ka ardhur radha","author":"Kurt Farka","date":"December 16, 2025","format":false,"excerpt":"16 Dhjetor 2025 Kryetari i Partis\u00eb Mund\u00ebsia, Agron Shehaj ka reaguar pas k\u00ebrkes\u00ebs q\u00eb Prokuroria e Posa\u00e7me kund\u00ebr Korrupsionit SPAK b\u00ebri n\u00eb Kuvendin e Shqip\u00ebris\u00eb p\u00ebr heqjen e imunitetit t\u00eb deputetit p\u00ebr zv.kryeministren e Shqip\u00ebris\u00eb Belinda Balluku, gj\u00eb q\u00eb i hap rrug\u00ebn mas\u00ebs s\u00eb arrestit ndaj saj. N\u00eb nj\u00eb reagim\u2026","rel":"","context":"In &quot;Blogu i Udh\u00ebtarit&quot;","block_context":{"text":"Blogu i Udh\u00ebtarit","link":"https:\/\/www.shqiperia.com\/blog\/category\/blogu-i-udhetarit\/"},"img":{"alt_text":"","src":"https:\/\/i0.wp.com\/www.shqiperia.com\/blog\/wp-content\/uploads\/2025\/12\/326d1fbd-5517-4e67-a871-820e43d8669c-603x450-1.jpg?fit=603%2C450&ssl=1&resize=350%2C200","width":350,"height":200,"srcset":"https:\/\/i0.wp.com\/www.shqiperia.com\/blog\/wp-content\/uploads\/2025\/12\/326d1fbd-5517-4e67-a871-820e43d8669c-603x450-1.jpg?fit=603%2C450&ssl=1&resize=350%2C200 1x, https:\/\/i0.wp.com\/www.shqiperia.com\/blog\/wp-content\/uploads\/2025\/12\/326d1fbd-5517-4e67-a871-820e43d8669c-603x450-1.jpg?fit=603%2C450&ssl=1&resize=525%2C300 1.5x"},"classes":[]},{"id":98238,"url":"https:\/\/www.shqiperia.com\/blog\/ps-kunder-arrestimit-te-ballukut-rrezojme-kerkesen-e-spak-se-japim-autorizimin\/","url_meta":{"origin":97120,"position":5},"title":"PS kund\u00ebr arrestimit t\u00eb Ballukut: &#8211; Rr\u00ebzojm\u00eb k\u00ebrkes\u00ebn e SPAK, s\u2019e japim autorizimin!","author":"Kurt Farka","date":"March 9, 2026","format":false,"excerpt":"9 Mars 2026 Partia Socialiste i ka dh\u00ebn\u00eb mbrojtje politike Belinda Ballukut. Ulsi Manja, an\u00ebtar i K\u00ebshillit t\u00eb Mandateve dhe Imunitetit, teksa prezantoi raportin e PS p\u00ebr k\u00ebrkes\u00ebn e SPAK p\u00ebr dh\u00ebnien e autorizimit p\u00ebr arrestimin e Ballukut, tha se nuk plot\u00ebsohen kushtet p\u00ebr nj\u00eb mas\u00eb m\u00eb t\u00eb ashp\u00ebr. Ai\u2026","rel":"","context":"In &quot;Blogu i Udh\u00ebtarit&quot;","block_context":{"text":"Blogu i Udh\u00ebtarit","link":"https:\/\/www.shqiperia.com\/blog\/category\/blogu-i-udhetarit\/"},"img":{"alt_text":"","src":"https:\/\/i0.wp.com\/www.shqiperia.com\/blog\/wp-content\/uploads\/2026\/03\/ulsi-manja.png?fit=1000%2C555&ssl=1&resize=350%2C200","width":350,"height":200,"srcset":"https:\/\/i0.wp.com\/www.shqiperia.com\/blog\/wp-content\/uploads\/2026\/03\/ulsi-manja.png?fit=1000%2C555&ssl=1&resize=350%2C200 1x, https:\/\/i0.wp.com\/www.shqiperia.com\/blog\/wp-content\/uploads\/2026\/03\/ulsi-manja.png?fit=1000%2C555&ssl=1&resize=525%2C300 1.5x, https:\/\/i0.wp.com\/www.shqiperia.com\/blog\/wp-content\/uploads\/2026\/03\/ulsi-manja.png?fit=1000%2C555&ssl=1&resize=700%2C400 2x"},"classes":[]}],"_links":{"self":[{"href":"https:\/\/www.shqiperia.com\/blog\/wp-json\/wp\/v2\/posts\/97120","targetHints":{"allow":["GET"]}}],"collection":[{"href":"https:\/\/www.shqiperia.com\/blog\/wp-json\/wp\/v2\/posts"}],"about":[{"href":"https:\/\/www.shqiperia.com\/blog\/wp-json\/wp\/v2\/types\/post"}],"author":[{"embeddable":true,"href":"https:\/\/www.shqiperia.com\/blog\/wp-json\/wp\/v2\/users\/9"}],"replies":[{"embeddable":true,"href":"https:\/\/www.shqiperia.com\/blog\/wp-json\/wp\/v2\/comments?post=97120"}],"version-history":[{"count":3,"href":"https:\/\/www.shqiperia.com\/blog\/wp-json\/wp\/v2\/posts\/97120\/revisions"}],"predecessor-version":[{"id":97136,"href":"https:\/\/www.shqiperia.com\/blog\/wp-json\/wp\/v2\/posts\/97120\/revisions\/97136"}],"wp:featuredmedia":[{"embeddable":true,"href":"https:\/\/www.shqiperia.com\/blog\/wp-json\/wp\/v2\/media\/97121"}],"wp:attachment":[{"href":"https:\/\/www.shqiperia.com\/blog\/wp-json\/wp\/v2\/media?parent=97120"}],"wp:term":[{"taxonomy":"category","embeddable":true,"href":"https:\/\/www.shqiperia.com\/blog\/wp-json\/wp\/v2\/categories?post=97120"},{"taxonomy":"post_tag","embeddable":true,"href":"https:\/\/www.shqiperia.com\/blog\/wp-json\/wp\/v2\/tags?post=97120"}],"curies":[{"name":"wp","href":"https:\/\/api.w.org\/{rel}","templated":true}]}}