{"id":97117,"date":"2026-01-29T18:30:59","date_gmt":"2026-01-29T18:30:59","guid":{"rendered":"https:\/\/www.shqiperia.com\/blog\/?p=97117"},"modified":"2026-01-29T18:30:59","modified_gmt":"2026-01-29T18:30:59","slug":"ajo-ishte-nje-fener-drite-ne-nje-kapitull-te-erret-te-historise-ann-lee-udheheqesja-e-krishtere-e-shekullit-xviii-qe-tronditi-ameriken","status":"publish","type":"post","link":"https:\/\/www.shqiperia.com\/blog\/ajo-ishte-nje-fener-drite-ne-nje-kapitull-te-erret-te-historise-ann-lee-udheheqesja-e-krishtere-e-shekullit-xviii-qe-tronditi-ameriken\/","title":{"rendered":"&#8216;Ajo ishte nj\u00eb fener drite n\u00eb nj\u00eb kapitull t\u00eb err\u00ebt t\u00eb historis\u00eb&#8217;: &#8211; Ann Lee, udh\u00ebheq\u00ebsja e krishter\u00eb e shekullit XVIII q\u00eb tronditi Amerik\u00ebn"},"content":{"rendered":"<p><img data-recalc-dims=\"1\" loading=\"lazy\" decoding=\"async\" data-attachment-id=\"97118\" data-permalink=\"https:\/\/www.shqiperia.com\/blog\/ajo-ishte-nje-fener-drite-ne-nje-kapitull-te-erret-te-historise-ann-lee-udheheqesja-e-krishtere-e-shekullit-xviii-qe-tronditi-ameriken\/auto_p0mxp9vm-jpg1769706336\/\" data-orig-file=\"https:\/\/i0.wp.com\/www.shqiperia.com\/blog\/wp-content\/uploads\/2026\/01\/auto_p0mxp9vm.jpg1769706336.webp?fit=1024%2C576&amp;ssl=1\" data-orig-size=\"1024,576\" data-comments-opened=\"1\" data-image-meta=\"{&quot;aperture&quot;:&quot;0&quot;,&quot;credit&quot;:&quot;&quot;,&quot;camera&quot;:&quot;&quot;,&quot;caption&quot;:&quot;&quot;,&quot;created_timestamp&quot;:&quot;0&quot;,&quot;copyright&quot;:&quot;&quot;,&quot;focal_length&quot;:&quot;0&quot;,&quot;iso&quot;:&quot;0&quot;,&quot;shutter_speed&quot;:&quot;0&quot;,&quot;title&quot;:&quot;&quot;,&quot;orientation&quot;:&quot;0&quot;}\" data-image-title=\"auto_p0mxp9vm.jpg1769706336\" data-image-description=\"\" data-image-caption=\"\" data-medium-file=\"https:\/\/i0.wp.com\/www.shqiperia.com\/blog\/wp-content\/uploads\/2026\/01\/auto_p0mxp9vm.jpg1769706336.webp?fit=300%2C169&amp;ssl=1\" data-large-file=\"https:\/\/i0.wp.com\/www.shqiperia.com\/blog\/wp-content\/uploads\/2026\/01\/auto_p0mxp9vm.jpg1769706336.webp?fit=1024%2C576&amp;ssl=1\" class=\"alignnone  wp-image-97118\" alt=\"\" src=\"https:\/\/i0.wp.com\/www.shqiperia.com\/blog\/wp-content\/uploads\/2026\/01\/auto_p0mxp9vm.jpg1769706336.webp?resize=696%2C392&#038;ssl=1\" width=\"696\" height=\"392\" srcset=\"https:\/\/i0.wp.com\/www.shqiperia.com\/blog\/wp-content\/uploads\/2026\/01\/auto_p0mxp9vm.jpg1769706336.webp?resize=300%2C169&amp;ssl=1 300w, https:\/\/i0.wp.com\/www.shqiperia.com\/blog\/wp-content\/uploads\/2026\/01\/auto_p0mxp9vm.jpg1769706336.webp?resize=768%2C432&amp;ssl=1 768w, https:\/\/i0.wp.com\/www.shqiperia.com\/blog\/wp-content\/uploads\/2026\/01\/auto_p0mxp9vm.jpg1769706336.webp?resize=450%2C253&amp;ssl=1 450w, https:\/\/i0.wp.com\/www.shqiperia.com\/blog\/wp-content\/uploads\/2026\/01\/auto_p0mxp9vm.jpg1769706336.webp?resize=600%2C338&amp;ssl=1 600w, https:\/\/i0.wp.com\/www.shqiperia.com\/blog\/wp-content\/uploads\/2026\/01\/auto_p0mxp9vm.jpg1769706336.webp?resize=400%2C225&amp;ssl=1 400w, https:\/\/i0.wp.com\/www.shqiperia.com\/blog\/wp-content\/uploads\/2026\/01\/auto_p0mxp9vm.jpg1769706336.webp?w=1024&amp;ssl=1 1024w\" sizes=\"auto, (max-width: 696px) 100vw, 696px\" \/><\/p>\n<p>29 Janar 2026<\/p>\n<p>Si arriti nj\u00eb grua britanike karizmatike, por e varf\u00ebr, t\u00eb b\u00ebhej udh\u00ebheq\u00ebse e sektit fetar progresist t\u00eb njohur si \u201cShakers\u201d \u2013 ta \u00e7onte at\u00eb n\u00eb Amerik\u00eb dhe t\u00eb frym\u00ebzonte mij\u00ebra njer\u00ebz ta ndiqnin?<\/p>\n<p>Sektori i krishter\u00eb i shekullit XVIII i njohur si Shakers sot njihet m\u00eb s\u00eb shumti p\u00ebr kontributet e tij me ndikim n\u00eb mobilim, dizajn dhe arkitektur\u00eb. Ajo q\u00eb dihet m\u00eb pak \u00ebsht\u00eb se sa jasht\u00ebzakonisht radikal\u00eb ishin Shakers. Shum\u00eb p\u00ebrpara koh\u00ebs s\u00eb tyre, ata p\u00ebrqafuan barazin\u00eb gjinore, jet\u00ebn komunitare, pacifizmin dhe q\u00ebndrueshm\u00ebrin\u00eb. Ata gjithashtu ishin pionier\u00eb t\u00eb sh\u00ebrbimeve sociale n\u00eb Amerik\u00eb, u ofruan streh\u00eb grave t\u00eb dhunuara dhe liruan afrikano-amerikan\u00eb t\u00eb skllav\u00ebruar. Dhe m\u00eb pas ishte k\u00ebmb\u00ebngulja e tyre p\u00ebr beqarin\u00eb dhe shfuqizimin e martes\u00ebs.<\/p>\n<p>Edhe sot, idealet e Shakers duken t\u00eb guximshme \u2013 dhe shum\u00eb prej tyre mund t\u00eb gjurmohen te udh\u00ebheq\u00ebsja e pazakont\u00eb e k\u00ebtij l\u00ebvizjeje fetare, Ann Lee, e lindur n\u00eb Britani. Ajo ishte nj\u00eb grua analfabete q\u00eb u rrit n\u00eb varf\u00ebri, e megjithat\u00eb arriti t\u00eb bind\u00eb mij\u00ebra njer\u00ebz t\u00eb ndiqnin m\u00ebsimet e saj. Si ia doli?<\/p>\n<p>Megjith\u00ebse nuk la pas asnj\u00eb shkrim, d\u00ebshmit\u00eb e ndjek\u00ebsve t\u00eb saj e p\u00ebrshkruajn\u00eb at\u00eb si nj\u00eb figur\u00eb jasht\u00ebzakonisht karizmatike dhe bind\u00ebse. \u201cT\u00eb gjitha rr\u00ebfimet p\u00ebr [Lee] flasin p\u00ebr k\u00ebt\u00eb p\u00ebrkushtim t\u00eb zjarrt\u00eb ndaj kauz\u00ebs s\u00eb saj\u201d, thot\u00eb regjisorja Mona Fastvold.<\/p>\n<p>Sot, Fastvold ka bashk\u00ebshkruar dhe ka drejtuar nj\u00eb muzikal historik, The Testament of Ann Lee, ku Amanda Seyfried interpreton rolin e Lee. I p\u00ebrshkruar nga Fastvold si nj\u00eb \u201critregim spekulativ\u201d i historis\u00eb s\u00eb Lee, filmi ndjek jet\u00ebn e k\u00ebsaj figure karizmatike \u2013 nga f\u00ebmij\u00ebria e saj e varf\u00ebr n\u00eb Man\u00e7ester, Angli, te shnd\u00ebrrimi n\u00eb udh\u00ebheq\u00ebse t\u00eb Shakers dhe \u00e7uarja e l\u00ebvizjes n\u00eb Amerik\u00eb, deri te vdekja e saj n\u00eb mosh\u00ebn 48-vje\u00e7are.<\/p>\n<p>Idet\u00eb progresiste t\u00eb Lee e kan\u00eb intriguar Fastvold q\u00eb n\u00eb fillim. \u201cM\u00eb mahniti v\u00ebrtet fakti q\u00eb ekzistonte kjo grua me ide kaq radikale dhe q\u00eb ajo ishte pjes\u00eb e historis\u00eb amerikane\u201d, i thot\u00eb Fastvold BBC-s\u00eb.<\/p>\n<p>E lindur n\u00eb vitin 1736 n\u00eb Man\u00e7ester, f\u00ebmija e dyt\u00eb nga tet\u00eb, Ann Lee nuk pati arsim formal. Pas disa pun\u00ebve, p\u00ebrfshir\u00eb nj\u00eb periudh\u00eb n\u00eb nj\u00eb fabrik\u00eb tekstilesh, n\u00eb mosh\u00ebn 22-vje\u00e7are ajo iu bashkua nj\u00eb sekti anglez t\u00eb quajtur Shoq\u00ebria Wardley. T\u00eb quajtur fillimisht \u201cKuaker\u00ebt q\u00eb Dridhen\u201d p\u00ebr shkak t\u00eb vall\u00ebzimeve dhe k\u00ebng\u00ebve ekstazike gjat\u00eb adhurimit, grupi m\u00eb von\u00eb u b\u00eb i njohur si \u201cShakers\u201d. Si nj\u00eb grup protestant, Shakers besonin se ardhja e dyt\u00eb e Krishtit do t\u00eb ishte n\u00eb form\u00eb fem\u00ebrore dhe se Lee e mish\u00ebronte k\u00ebt\u00eb ardhje t\u00eb dyt\u00eb. Ata gjithashtu besonin se burrat dhe grat\u00eb ndajn\u00eb t\u00eb nj\u00ebjtat p\u00ebrgjegj\u00ebsi ndaj nj\u00ebri-tjetrit dhe ndaj bot\u00ebs.<\/p>\n<p>N\u00eb vitin 1762, Lee u martua me Abraham Standerin, nj\u00eb fark\u00ebtar. Ata pat\u00ebn kat\u00ebr f\u00ebmij\u00eb, t\u00eb cil\u00ebt t\u00eb gjith\u00eb vdiq\u00ebn n\u00eb foshnj\u00ebri. Pas vdekjes s\u00eb f\u00ebmij\u00ebs s\u00eb saj t\u00eb kat\u00ebrt, Lee u b\u00eb m\u00eb aktive n\u00eb Shoq\u00ebrin\u00eb Wardley. Me rritjen e angazhimit t\u00eb saj, Shakers u b\u00ebn\u00eb m\u00eb t\u00eb zjarrt\u00eb dhe filluan t\u00eb sulmonin sh\u00ebrbesat e kishave rivale. Lee besonte se banor\u00ebt e Man\u00e7esterit po korruptoheshin nga Kisha e Anglis\u00eb dhe n\u00eb nj\u00eb moment e quajti at\u00eb t\u00eb mallkuar.<\/p>\n<p>\u201cT\u00eb ishe grua n\u00eb k\u00ebt\u00eb periudh\u00eb historike ishte tmerr. Nuk kishe asnj\u00eb autonomi. N\u00eb thelb, q\u00ebllimi yt ishte t\u00eb lindje f\u00ebmij\u00eb\u201d, thot\u00eb Mona Fastvold.<\/p>\n<p>N\u00eb vitin 1770, Lee u burgos p\u00ebr 30 dit\u00eb n\u00eb Man\u00e7ester p\u00ebr prishjen e nj\u00eb sh\u00ebrbese tjet\u00ebr kishtare. Gjat\u00eb burgimit, ajo pati nj\u00eb parandjenj\u00eb se beqaria ishte \u00e7el\u00ebsi i past\u00ebrtis\u00eb dhe se do t\u00eb b\u00ebhej themeli i Shakers. Kat\u00ebr vjet m\u00eb von\u00eb, Lee pati nj\u00eb tjet\u00ebr parandjenj\u00eb se duhej ta themelonte sektin n\u00eb Amerik\u00eb. M\u00eb 10 maj 1774, Lee dhe nj\u00eb grup i vog\u00ebl ndjek\u00ebsish, p\u00ebrfshir\u00eb v\u00ebllain e saj William Lee dhe bashk\u00ebshortin e saj, u nis\u00ebn nga Liverpuli drejt Nju Jorkut. Dy vjet m\u00eb von\u00eb, Shakers themeluan nj\u00eb komunitet n\u00eb Niskayuna, pran\u00eb Albany-t.<\/p>\n<p><strong>Besime q\u00eb thyenin normat<\/strong><\/p>\n<p>Kur Lee dhe mb\u00ebshtet\u00ebsit e saj mb\u00ebrrit\u00ebn n\u00eb Amerik\u00eb, e cila ishte n\u00eb prag t\u00eb Luft\u00ebs Revolucionare (1775\u20131783), q\u00ebndrimi i tyre i pal\u00ebkundur pacifist ngjalli shpejt dyshime dhe polemika. Lee u akuzua se ishte spiune britanike dhe u burgos kur refuzoi t\u00eb b\u00ebnte betimin e besnik\u00ebris\u00eb ndaj shtetit t\u00eb Nju Jorkut. Duke pretenduar se nj\u00eb akt i till\u00eb binte ndesh me bindjet e saj, Lee kaloi muaj n\u00eb burg, derisa guvernatori George Clinton k\u00ebrkoi lirimin e saj. Lee dhe Shakers t\u00eb tjer\u00eb u ngacmuan dhe u sulmuan gjithashtu nga turma p\u00ebr shkak t\u00eb besimeve t\u00eb tyre.<\/p>\n<p>Lee vdiq n\u00eb vitin 1784, dhjet\u00eb vjet pasi mb\u00ebrriti n\u00eb Amerik\u00eb. Disa besojn\u00eb se plag\u00ebt e marra nga rrahjet kontribuuan n\u00eb vdekjen e saj. Megjithat\u00eb, shum\u00eb koh\u00eb pas vdekjes s\u00eb saj, ndikimi i \u201cN\u00ebn\u00ebs Ann\u201d, si\u00e7 e quanin ndjek\u00ebsit, vazhdoi t\u00eb rritej. Deri n\u00eb vitin 1850, n\u00eb SHBA kishte rreth 5,000 Shakers.<\/p>\n<p>Nj\u00eb nga tiparet p\u00ebrcaktuese t\u00eb Lee ishte besimi i saj q\u00eb thyente normat p\u00ebr barazin\u00eb gjinore dhe shoq\u00ebrore. \u201cT\u00eb gjith\u00eb shiheshin si v\u00ebllez\u00ebr dhe motra p\u00ebr nj\u00ebri-tjetrin\u201d, thot\u00eb Elizabeth De Wolfe, profesore e historis\u00eb n\u00eb Universitetin e New England dhe autore e librit Shaking the Faith: Women, Family, and Mary M Dyer&#8217;s Anti-Shaker Campaign.<\/p>\n<p>\u201cRimendimi i strukturave familjare dhe shoq\u00ebrore dhe krijimi i k\u00ebsaj utopie ku ekziston nj\u00eb m\u00ebnyr\u00eb krejt\u00ebsisht e re p\u00ebr t\u00eb jetuar dhe bashk\u00ebjetuar\u2026 [Lee] duhej t\u00eb shpikte di\u00e7ka drastike p\u00ebr ta rip\u00ebrcaktuar k\u00ebt\u00eb. V\u00ebllai dhe motra jan\u00eb t\u00eb barabart\u00eb; burri dhe gruaja nuk jan\u00eb\u201d, thot\u00eb Fastvold. Megjithat\u00eb, n\u00eb vitet pas udh\u00ebheqjes s\u00eb Lee, Shakers ruajt\u00ebn disa ndarje tradicionale gjinore. \u201cSi brenda ashtu edhe midis komuniteteve Shaker ekzistonte nj\u00eb hierarki. Struktura e udh\u00ebheqjes dhe vendimmarrjes ishte hierarkike\u201d, thot\u00eb De Wolfe.<\/p>\n<p>Si\u00e7 thekson Fastvold, Lee jetoi n\u00eb nj\u00eb shoq\u00ebri patriarkale, ku trajtimi i neveritsh\u00ebm i grave ishte i zakonsh\u00ebm. \u201cNatyrisht, t\u00eb ishe grua n\u00eb k\u00ebt\u00eb periudh\u00eb historike ishte tmerr\u201d, thot\u00eb Fastvold. \u201cK\u00ebshtu ishte jeta. Nuk kishe asnj\u00eb autonomi. Konsideroheshe pron\u00eb e bashk\u00ebshortit; pritej t\u00eb lindje 10, 14 f\u00ebmij\u00eb. St\u00ebrgjyshja ime kishte 14 f\u00ebmij\u00eb. N\u00eb thelb, q\u00ebllimi yt ishte t\u00eb lindje f\u00ebmij\u00eb.\u201d<\/p>\n<p><strong>Beqaria dhe pacifizmi<\/strong><\/p>\n<p>Nj\u00eb nga rregullat m\u00eb kontroverse t\u00eb Lee ishte k\u00ebmb\u00ebngulja e saj strikte p\u00ebr beqari, duke besuar se seksi ishte rr\u00ebnja e \u00e7do t\u00eb keqeje. Lee e adoptoi beqarin\u00eb \u201cp\u00ebr t\u00eb jetuar jet\u00ebn e Krishtit\u201d, thot\u00eb De Wolfe. \u201cMeq\u00eb besohej se Krishti ishte beqar, edhe Shakers ishin t\u00eb till\u00eb.\u201d \u00cbsht\u00eb sugjeruar se kthesa e Lee drejt beqaris\u00eb u ndikua nga lindjet e saj traumatike dhe humbja tragjike e f\u00ebmij\u00ebve. \u201c[Humbja e kat\u00ebr f\u00ebmij\u00ebve t\u00eb saj] me siguri e rriti ndjesin\u00eb e saj personale se seksi nuk ishte nj\u00eb akt i shenjt\u00eb q\u00eb sillte paqe dhe g\u00ebzim, por nj\u00eb akt q\u00eb sillte vuajtje dhe dhimbje\u201d, thot\u00eb Kathryn Reklis, profesore e asociuar e teologjis\u00eb moderne protestante n\u00eb Universitetin Fordham.<em><strong>\/BBC<\/strong><\/em><\/p>\n","protected":false},"excerpt":{"rendered":"<p>29 Janar 2026 Si arriti nj\u00eb grua britanike karizmatike, por e varf\u00ebr, t\u00eb b\u00ebhej udh\u00ebheq\u00ebse e sektit fetar progresist t\u00eb njohur si \u201cShakers\u201d \u2013 ta \u00e7onte at\u00eb n\u00eb Amerik\u00eb dhe t\u00eb frym\u00ebzonte mij\u00ebra njer\u00ebz ta ndiqnin? Sektori i krishter\u00eb i shekullit XVIII i njohur si Shakers sot njihet m\u00eb s\u00eb shumti p\u00ebr kontributet e tij [&hellip;]<\/p>\n","protected":false},"author":9,"featured_media":97118,"comment_status":"open","ping_status":"open","sticky":false,"template":"","format":"standard","meta":{"jetpack_post_was_ever_published":false,"_jetpack_newsletter_access":"","_jetpack_dont_email_post_to_subs":false,"_jetpack_newsletter_tier_id":0,"_jetpack_memberships_contains_paywalled_content":false,"_jetpack_memberships_contains_paid_content":false,"footnotes":"","jetpack_publicize_message":"","jetpack_publicize_feature_enabled":true,"jetpack_social_post_already_shared":true,"jetpack_social_options":{"image_generator_settings":{"template":"highway","default_image_id":0,"font":"","enabled":false},"version":2}},"categories":[27,85,35],"tags":[],"class_list":["post-97117","post","type-post","status-publish","format-standard","has-post-thumbnail","hentry","category-blogu-i-udhetarit","category-histori","category-shoqerore"],"jetpack_publicize_connections":[],"jetpack_featured_media_url":"https:\/\/i0.wp.com\/www.shqiperia.com\/blog\/wp-content\/uploads\/2026\/01\/auto_p0mxp9vm.jpg1769706336.webp?fit=1024%2C576&ssl=1","jetpack_sharing_enabled":true,"jetpack_shortlink":"https:\/\/wp.me\/p5Z6wp-pgp","jetpack-related-posts":[{"id":92511,"url":"https:\/\/www.shqiperia.com\/blog\/7-mite-per-vikinget-qe-jane-pothuajse-te-paverteta\/","url_meta":{"origin":97117,"position":0},"title":"7 mite p\u00ebr viking\u00ebt q\u00eb jan\u00eb (pothuajse) t\u00eb pav\u00ebrteta","author":"Kurt Farka","date":"May 10, 2025","format":false,"excerpt":"10 Maji 205 Viking\u00ebt shpesh p\u00ebrshkruhen si luft\u00ebtar\u00eb t\u00eb eg\u00ebr, t\u00eb pist\u00eb, me helmeta me brir\u00eb ose krah\u00eb, por kjo \u00ebsht\u00eb nj\u00eb pamje e gabuar e ndikuar nga arti europian i shekullit t\u00eb 19-t\u00eb. Viking\u00ebt e v\u00ebrtet\u00eb ishin m\u00eb shum\u00eb sesa thjesht figura legjendare, dhe nuk kishin as krah\u00eb, as\u2026","rel":"","context":"In &quot;Blogu i Udh\u00ebtarit&quot;","block_context":{"text":"Blogu i Udh\u00ebtarit","link":"https:\/\/www.shqiperia.com\/blog\/category\/blogu-i-udhetarit\/"},"img":{"alt_text":"","src":"https:\/\/i0.wp.com\/www.shqiperia.com\/blog\/wp-content\/uploads\/2025\/05\/auto_Screenshot_2025-05-09_1812331746807149.png?fit=900%2C503&ssl=1&resize=350%2C200","width":350,"height":200,"srcset":"https:\/\/i0.wp.com\/www.shqiperia.com\/blog\/wp-content\/uploads\/2025\/05\/auto_Screenshot_2025-05-09_1812331746807149.png?fit=900%2C503&ssl=1&resize=350%2C200 1x, https:\/\/i0.wp.com\/www.shqiperia.com\/blog\/wp-content\/uploads\/2025\/05\/auto_Screenshot_2025-05-09_1812331746807149.png?fit=900%2C503&ssl=1&resize=525%2C300 1.5x, https:\/\/i0.wp.com\/www.shqiperia.com\/blog\/wp-content\/uploads\/2025\/05\/auto_Screenshot_2025-05-09_1812331746807149.png?fit=900%2C503&ssl=1&resize=700%2C400 2x"},"classes":[]},{"id":87948,"url":"https:\/\/www.shqiperia.com\/blog\/thesari-i-humbur-i-kaloresve-templare-mund-te-ndodhet-diku-ne-ishullin-oak-ne-kanada\/","url_meta":{"origin":97117,"position":1},"title":"Thesari i humbur i Kalor\u00ebsve Templar\u00eb, mund t\u00eb ndodhet diku n\u00eb Ishullin Oak n\u00eb Kanada","author":"Kurt Farka","date":"January 2, 2025","format":false,"excerpt":"2 Janar 2025 Kalor\u00ebsit e Templar\u00eb, ishin nj\u00eb grupim gati legjendar murgj\u00ebrish luft\u00ebtar\u00eb, historia e t\u00eb cil\u00ebve ka frym\u00ebzuar shum\u00eb tregime. Ata jan\u00eb p\u00ebrmendur n\u00eb filmin e njohur \u201cIndiana Jones\u201d, n\u00eb Kryq\u00ebzat\u00ebn e Fundit, si dhe n\u00eb \u201cKodi i Da Vin\u00e7it\u201d. Disa njer\u00ebz pohojn\u00eb se Frimason\u00ebt, t\u00eb cil\u00ebt jan\u00eb n\u00eb\u2026","rel":"","context":"In &quot;Blogu i Udh\u00ebtarit&quot;","block_context":{"text":"Blogu i Udh\u00ebtarit","link":"https:\/\/www.shqiperia.com\/blog\/category\/blogu-i-udhetarit\/"},"img":{"alt_text":"","src":"https:\/\/i0.wp.com\/www.shqiperia.com\/blog\/wp-content\/uploads\/2025\/01\/640-0-fzetsj-197.jpg?fit=640%2C417&ssl=1&resize=350%2C200","width":350,"height":200,"srcset":"https:\/\/i0.wp.com\/www.shqiperia.com\/blog\/wp-content\/uploads\/2025\/01\/640-0-fzetsj-197.jpg?fit=640%2C417&ssl=1&resize=350%2C200 1x, https:\/\/i0.wp.com\/www.shqiperia.com\/blog\/wp-content\/uploads\/2025\/01\/640-0-fzetsj-197.jpg?fit=640%2C417&ssl=1&resize=525%2C300 1.5x"},"classes":[]},{"id":4855,"url":"https:\/\/www.shqiperia.com\/blog\/kisha-e-butkes-ndoshta-faltore-e-cuditshme-ne-te-njejtin-altar-krisht-e-muhamet\/","url_meta":{"origin":97117,"position":2},"title":"Kisha e Butk\u00ebs, ndoshta faltore e \u00e7uditshme: N\u00eb t\u00eb nj\u00ebjtin altar, Krisht e Muhamet! &#8211;","author":"Kurt Farka","date":"March 14, 2018","format":false,"excerpt":"\u00a0 Nga: Vepror Hasani. - Nda\u00e7 besojeni, nda\u00e7 mos e besoni, por kujdestar i kish\u00ebs s\u00eb Sh\u00ebn Thanasit n\u00eb fshatin Butk\u00eb t\u00eb Kolonj\u00ebs, q\u00eb duhet t\u00eb ishte i krishter, \u00ebsht\u00eb mysliman(!), 83-vje\u00e7, dhe quhet Gazi Hasanas!\u2026 Si nj\u00eb gazetar i vjet\u00ebr dhe profesionist, p\u00ebr t\u00eb qen\u00eb deri n\u00eb fund i\u2026","rel":"","context":"In &quot;Blogu i Udh\u00ebtarit&quot;","block_context":{"text":"Blogu i Udh\u00ebtarit","link":"https:\/\/www.shqiperia.com\/blog\/category\/blogu-i-udhetarit\/"},"img":{"alt_text":"","src":"https:\/\/i0.wp.com\/www.shqiperia.com\/blog\/wp-content\/uploads\/2018\/03\/foto-905x395.jpg?fit=905%2C395&ssl=1&resize=350%2C200","width":350,"height":200,"srcset":"https:\/\/i0.wp.com\/www.shqiperia.com\/blog\/wp-content\/uploads\/2018\/03\/foto-905x395.jpg?fit=905%2C395&ssl=1&resize=350%2C200 1x, https:\/\/i0.wp.com\/www.shqiperia.com\/blog\/wp-content\/uploads\/2018\/03\/foto-905x395.jpg?fit=905%2C395&ssl=1&resize=525%2C300 1.5x, https:\/\/i0.wp.com\/www.shqiperia.com\/blog\/wp-content\/uploads\/2018\/03\/foto-905x395.jpg?fit=905%2C395&ssl=1&resize=700%2C400 2x"},"classes":[]},{"id":63063,"url":"https:\/\/www.shqiperia.com\/blog\/ne-kufijte-e-se-pabesueshmes-ajo-qe-arkeologet-gjeten-ne-nje-varr-te-shekullit-xvii\/","url_meta":{"origin":97117,"position":3},"title":"N\u00eb kufijt\u00eb e s\u00eb pabesueshmes ajo q\u00eb arkeolog\u00ebt gjet\u00ebn n\u00eb nj\u00eb varr t\u00eb shekullit XVII","author":"Kurt Farka","date":"October 9, 2022","format":false,"excerpt":"9 Tetor 2022 Nj\u00eb drap\u00ebr i mpreht\u00eb ishte vendosur n\u00eb qaf\u00ebn e saj, gati p\u00ebr t\u2019i prer\u00eb kok\u00ebn, n\u00ebse do t\u00eb zgjohej pas vdekjes, dhe nj\u00eb dry ishte vendosur rreth gishtit t\u00eb madh t\u00eb k\u00ebmb\u00ebs. Kjo \u00ebsht\u00eb ajo q\u00eb shkenc\u00ebtar\u00ebt gjet\u00ebn kur g\u00ebrmuan varrin me kufom\u00ebn e nj\u00eb gruaje q\u00eb\u2026","rel":"","context":"In &quot;Blogu i Udh\u00ebtarit&quot;","block_context":{"text":"Blogu i Udh\u00ebtarit","link":"https:\/\/www.shqiperia.com\/blog\/category\/blogu-i-udhetarit\/"},"img":{"alt_text":"","src":"https:\/\/i0.wp.com\/www.shqiperia.com\/blog\/wp-content\/uploads\/2022\/10\/imrs-689x450-1.jpg?fit=689%2C396&ssl=1&resize=350%2C200","width":350,"height":200,"srcset":"https:\/\/i0.wp.com\/www.shqiperia.com\/blog\/wp-content\/uploads\/2022\/10\/imrs-689x450-1.jpg?fit=689%2C396&ssl=1&resize=350%2C200 1x, https:\/\/i0.wp.com\/www.shqiperia.com\/blog\/wp-content\/uploads\/2022\/10\/imrs-689x450-1.jpg?fit=689%2C396&ssl=1&resize=525%2C300 1.5x"},"classes":[]},{"id":93998,"url":"https:\/\/www.shqiperia.com\/blog\/nje-thesar-i-mrekullueshem-1400-vjecar-me-monedha-ari-hedh-drite-mbi-renien-e-qytetit-te-krishtere-te-galilese\/","url_meta":{"origin":97117,"position":4},"title":"Nj\u00eb thesar i mrekulluesh\u00ebm 1400-vje\u00e7ar me monedha ari, hedh drit\u00eb mbi r\u00ebnien e qytetit t\u00eb krishter\u00eb t\u00eb Galiles\u00eb","author":"Kurt Farka","date":"September 27, 2025","format":false,"excerpt":"27 Shtator 2025 Universiteti i Haif\u00ebs njoftoi t\u00eb enjten se gati 100 monedha ari t\u00eb past\u00ebr dhe dhjet\u00ebra fragmente bizhuterish jan\u00eb zbuluar gjat\u00eb nj\u00eb g\u00ebrmimi n\u00eb qytetin e lasht\u00eb t\u00eb Hippos, n\u00eb lindje t\u00eb Deitit t\u00eb Galiles\u00eb. Sipas Dr. Michael Eisenberg t\u00eb Universitetit t\u00eb Haif\u00ebs, thesari hedh drit\u00eb t\u00eb re\u2026","rel":"","context":"In &quot;Blogu i Udh\u00ebtarit&quot;","block_context":{"text":"Blogu i Udh\u00ebtarit","link":"https:\/\/www.shqiperia.com\/blog\/category\/blogu-i-udhetarit\/"},"img":{"alt_text":"","src":"https:\/\/i0.wp.com\/www.shqiperia.com\/blog\/wp-content\/uploads\/2025\/09\/auto_MONEDHAT1758881671.jpg?fit=900%2C563&ssl=1&resize=350%2C200","width":350,"height":200,"srcset":"https:\/\/i0.wp.com\/www.shqiperia.com\/blog\/wp-content\/uploads\/2025\/09\/auto_MONEDHAT1758881671.jpg?fit=900%2C563&ssl=1&resize=350%2C200 1x, https:\/\/i0.wp.com\/www.shqiperia.com\/blog\/wp-content\/uploads\/2025\/09\/auto_MONEDHAT1758881671.jpg?fit=900%2C563&ssl=1&resize=525%2C300 1.5x, https:\/\/i0.wp.com\/www.shqiperia.com\/blog\/wp-content\/uploads\/2025\/09\/auto_MONEDHAT1758881671.jpg?fit=900%2C563&ssl=1&resize=700%2C400 2x"},"classes":[]},{"id":65842,"url":"https:\/\/www.shqiperia.com\/blog\/national-geographic-afresket-e-mrekullueshme-te-voskopojes-parisit-te-ballkanit\/","url_meta":{"origin":97117,"position":5},"title":"\u201dNational Geographic\u201d: &#8211; Afresket e mrekullueshme t\u00eb Voskopoj\u00ebs, Parisit t\u00eb Ballkanit","author":"Kurt Farka","date":"December 30, 2022","format":false,"excerpt":"30 Dhjetor 2022 Disa nga afresket m\u00eb t\u00eb mrekullueshme mund t\u00eb gjenden n\u00eb Voskopoj\u00eb, q\u00eb \u201dNational Geographic\u201d e konsideron edhe si \u201cParisin e Ballkanit\u201d. Ekspert\u00ebt e ruajtjes s\u00eb veprave t\u00eb artit n\u00eb Voskopoj\u00eb po garojn\u00eb p\u00ebr t\u00eb shp\u00ebtuar qindra kryevepra ortodokse t\u00eb shekullit XVIII n\u00eb kishat e degraduara nga koha.\u2026","rel":"","context":"In &quot;Histori&quot;","block_context":{"text":"Histori","link":"https:\/\/www.shqiperia.com\/blog\/category\/histori\/"},"img":{"alt_text":"","src":"https:\/\/i0.wp.com\/www.shqiperia.com\/blog\/wp-content\/uploads\/2022\/12\/voskopoja9.jpg?fit=696%2C418&ssl=1&resize=350%2C200","width":350,"height":200,"srcset":"https:\/\/i0.wp.com\/www.shqiperia.com\/blog\/wp-content\/uploads\/2022\/12\/voskopoja9.jpg?fit=696%2C418&ssl=1&resize=350%2C200 1x, https:\/\/i0.wp.com\/www.shqiperia.com\/blog\/wp-content\/uploads\/2022\/12\/voskopoja9.jpg?fit=696%2C418&ssl=1&resize=525%2C300 1.5x"},"classes":[]}],"_links":{"self":[{"href":"https:\/\/www.shqiperia.com\/blog\/wp-json\/wp\/v2\/posts\/97117","targetHints":{"allow":["GET"]}}],"collection":[{"href":"https:\/\/www.shqiperia.com\/blog\/wp-json\/wp\/v2\/posts"}],"about":[{"href":"https:\/\/www.shqiperia.com\/blog\/wp-json\/wp\/v2\/types\/post"}],"author":[{"embeddable":true,"href":"https:\/\/www.shqiperia.com\/blog\/wp-json\/wp\/v2\/users\/9"}],"replies":[{"embeddable":true,"href":"https:\/\/www.shqiperia.com\/blog\/wp-json\/wp\/v2\/comments?post=97117"}],"version-history":[{"count":1,"href":"https:\/\/www.shqiperia.com\/blog\/wp-json\/wp\/v2\/posts\/97117\/revisions"}],"predecessor-version":[{"id":97119,"href":"https:\/\/www.shqiperia.com\/blog\/wp-json\/wp\/v2\/posts\/97117\/revisions\/97119"}],"wp:featuredmedia":[{"embeddable":true,"href":"https:\/\/www.shqiperia.com\/blog\/wp-json\/wp\/v2\/media\/97118"}],"wp:attachment":[{"href":"https:\/\/www.shqiperia.com\/blog\/wp-json\/wp\/v2\/media?parent=97117"}],"wp:term":[{"taxonomy":"category","embeddable":true,"href":"https:\/\/www.shqiperia.com\/blog\/wp-json\/wp\/v2\/categories?post=97117"},{"taxonomy":"post_tag","embeddable":true,"href":"https:\/\/www.shqiperia.com\/blog\/wp-json\/wp\/v2\/tags?post=97117"}],"curies":[{"name":"wp","href":"https:\/\/api.w.org\/{rel}","templated":true}]}}