{"id":97114,"date":"2026-01-29T18:26:29","date_gmt":"2026-01-29T18:26:29","guid":{"rendered":"https:\/\/www.shqiperia.com\/blog\/?p=97114"},"modified":"2026-01-29T18:26:29","modified_gmt":"2026-01-29T18:26:29","slug":"dy-medalje-ne-shba-asnje-mbeshtetje-nga-shteti-historia-e-15-vjecarit-loris-qose-nga-cerriku","status":"publish","type":"post","link":"https:\/\/www.shqiperia.com\/blog\/dy-medalje-ne-shba-asnje-mbeshtetje-nga-shteti-historia-e-15-vjecarit-loris-qose-nga-cerriku\/","title":{"rendered":"Dy medalje n\u00eb SHBA, asnj\u00eb mb\u00ebshtetje nga shteti. Historia e 15 vje\u00e7arit Loris Qose nga Cerriku"},"content":{"rendered":"<p><img data-recalc-dims=\"1\" loading=\"lazy\" decoding=\"async\" data-attachment-id=\"97115\" data-permalink=\"https:\/\/www.shqiperia.com\/blog\/dy-medalje-ne-shba-asnje-mbeshtetje-nga-shteti-historia-e-15-vjecarit-loris-qose-nga-cerriku\/qose-fitues\/\" data-orig-file=\"https:\/\/i0.wp.com\/www.shqiperia.com\/blog\/wp-content\/uploads\/2026\/01\/qose-fitues.jpg?fit=1024%2C605&amp;ssl=1\" data-orig-size=\"1024,605\" data-comments-opened=\"1\" data-image-meta=\"{&quot;aperture&quot;:&quot;0&quot;,&quot;credit&quot;:&quot;&quot;,&quot;camera&quot;:&quot;&quot;,&quot;caption&quot;:&quot;&quot;,&quot;created_timestamp&quot;:&quot;0&quot;,&quot;copyright&quot;:&quot;&quot;,&quot;focal_length&quot;:&quot;0&quot;,&quot;iso&quot;:&quot;0&quot;,&quot;shutter_speed&quot;:&quot;0&quot;,&quot;title&quot;:&quot;&quot;,&quot;orientation&quot;:&quot;0&quot;}\" data-image-title=\"qose-fitues\" data-image-description=\"\" data-image-caption=\"\" data-medium-file=\"https:\/\/i0.wp.com\/www.shqiperia.com\/blog\/wp-content\/uploads\/2026\/01\/qose-fitues.jpg?fit=300%2C177&amp;ssl=1\" data-large-file=\"https:\/\/i0.wp.com\/www.shqiperia.com\/blog\/wp-content\/uploads\/2026\/01\/qose-fitues.jpg?fit=1024%2C605&amp;ssl=1\" class=\"alignnone  wp-image-97115\" alt=\"\" src=\"https:\/\/i0.wp.com\/www.shqiperia.com\/blog\/wp-content\/uploads\/2026\/01\/qose-fitues.jpg?resize=722%2C426&#038;ssl=1\" width=\"722\" height=\"426\" srcset=\"https:\/\/i0.wp.com\/www.shqiperia.com\/blog\/wp-content\/uploads\/2026\/01\/qose-fitues.jpg?resize=300%2C177&amp;ssl=1 300w, https:\/\/i0.wp.com\/www.shqiperia.com\/blog\/wp-content\/uploads\/2026\/01\/qose-fitues.jpg?resize=768%2C454&amp;ssl=1 768w, https:\/\/i0.wp.com\/www.shqiperia.com\/blog\/wp-content\/uploads\/2026\/01\/qose-fitues.jpg?resize=450%2C266&amp;ssl=1 450w, https:\/\/i0.wp.com\/www.shqiperia.com\/blog\/wp-content\/uploads\/2026\/01\/qose-fitues.jpg?resize=600%2C354&amp;ssl=1 600w, https:\/\/i0.wp.com\/www.shqiperia.com\/blog\/wp-content\/uploads\/2026\/01\/qose-fitues.jpg?resize=400%2C236&amp;ssl=1 400w, https:\/\/i0.wp.com\/www.shqiperia.com\/blog\/wp-content\/uploads\/2026\/01\/qose-fitues.jpg?w=1024&amp;ssl=1 1024w\" sizes=\"auto, (max-width: 722px) 100vw, 722px\" \/><\/p>\n<p>29 Janar 2026<\/p>\n<p>Loris Qose, nx\u00ebn\u00ebs i shkoll\u00ebs \u201c7 Marsi\u201d n\u00eb C\u00ebrrik, arriti t\u00eb fitonte medalje t\u00eb art\u00eb n\u00eb nj\u00eb konkurs nd\u00ebrkomb\u00ebtar matematike n\u00eb SHBA, ku mor\u00ebn pjes\u00eb mbi 300 konkurrent\u00eb nga 30 shtete t\u00eb bot\u00ebs. Fal\u00eb pun\u00ebs s\u00eb palodhur me m\u00ebsuesen e tij, Flutura Hoxholli, Lorisi arriti t\u00eb fitonte edhe nj\u00eb medalje bronzi n\u00eb kimi. N\u00eb k\u00ebt\u00eb kompeticion, ai ngriti krenar 2 her\u00eb flamurin shqiptar n\u00eb Amerik\u00eb.<\/p>\n<p>Ky sukses b\u00ebri q\u00eb Kryeministri Edi Rama, si edhe figura t\u00eb tjera politike, t\u2019i dedikonin Lorisit statuse fal\u00ebnderimi dhe krenarie. Edhe Ministrja e Arsimit, Mirela Kumbaro, priti n\u00eb zyr\u00ebn e saj nx\u00ebn\u00ebsin dhe m\u00ebsuesen e tij. Dhurata e ministres p\u00ebr gjeniun e shkoll\u00ebs \u201c7 Marsi\u201d n\u00eb C\u00ebrrik ishte nj\u00eb lib\u00ebr.<\/p>\n<p>N\u00eb t\u00eb nj\u00ebjtin konkurs ku Lorisi fitoi dy medalje, mor\u00ebn pjes\u00eb edhe nx\u00ebn\u00ebs nga Kosova. Ata arrit\u00ebn t\u00eb fitonin plot 6 medalje t\u00eb arta, 3 t\u00eb argjendta dhe 7 t\u00eb bronzta. Por p\u00ebr k\u00ebto arritje, n\u00eb Kosov\u00eb ka patur nj\u00eb tjet\u00ebr qasje institucionale. Kryeministri i Kosov\u00ebs, Albin Kurti, gjat\u00eb ceremonis\u00eb s\u00eb fal\u00ebnderimit p\u00ebr nx\u00ebn\u00ebsit dhe m\u00ebsuesit fitues, deklaroi se qeveria kishte akorduar 26 mij\u00eb euro p\u00ebr p\u00ebrgatitjen dhe pjes\u00ebmarrjen e tyre n\u00eb kompeticion. Pas kthimit me medalje, qeveria e Kosov\u00ebs akordoi edhe 150 mij\u00eb euro t\u00eb tjera si shp\u00ebrblim.<\/p>\n<p>Nd\u00ebrkoh\u00eb, n\u00eb Shqip\u00ebri, nx\u00ebn\u00ebsi i shkoll\u00ebs \u201c7 Marsi\u201d n\u00eb C\u00ebrrik, me p\u00ebrpjekjet e tij dhe t\u00eb m\u00ebsueses s\u00eb matematik\u00ebs, arriti nj\u00eb sukses t\u00eb jasht\u00ebzakonsh\u00ebm pa mb\u00ebshtetje konkrete shtet\u00ebrore.<i><span>\u00a0<\/span><\/i>M\u00ebsuesja Flutura Hoxholli ka punuar p\u00ebr rreth dy vite me Lorisin, pa asnj\u00eb shp\u00ebrblim financiar, vet\u00ebm nga d\u00ebshira q\u00eb nx\u00ebn\u00ebsi i saj t\u00eb arrinte m\u00eb t\u00eb mir\u00ebn. Kur erdhi momenti i pjes\u00ebmarrjes n\u00eb konkursin n\u00eb SHBA, shpenzimet p\u00ebr biletat e avionit dhe q\u00ebndrimin u siguruan p\u00ebrmes kontributeve t\u00eb njer\u00ebzve dhe institucioneve t\u00eb ndryshme, pas thirrjes s\u00eb b\u00ebr\u00eb nga m\u00ebsuesja e matematik\u00ebs.<\/p>\n<p>N\u00ebse shteti shqiptar p\u00ebrtej krenaris\u00eb do t\u00eb mb\u00ebshteste financiarisht nx\u00ebn\u00ebs t\u00eb till\u00eb, ashtu si\u00e7 vepron Kosova, medaljet shqiptare n\u00eb aren\u00ebn nd\u00ebrkomb\u00ebtare me siguri do t\u00eb ishin edhe m\u00eb t\u00eb shumta.<\/p>\n<div class=\"\" id=\"MDA34416\" data-adid=\"mdabalkanweb121885\" data-netid=\"137356148\" data-sizes=\"300x250\" data-google-query-id=\"CPyYhsGvsZIDFSfJRAcdbScUDw\">\n<div id=\"google_ads_iframe_\/137356148\/mdabalkanweb121885_0__container__\"><\/div>\n<\/div>\n<p><strong>Nga: Osman Stafa\u00a0<\/strong><\/p>\n","protected":false},"excerpt":{"rendered":"<p>29 Janar 2026 Loris Qose, nx\u00ebn\u00ebs i shkoll\u00ebs \u201c7 Marsi\u201d n\u00eb C\u00ebrrik, arriti t\u00eb fitonte medalje t\u00eb art\u00eb n\u00eb nj\u00eb konkurs nd\u00ebrkomb\u00ebtar matematike n\u00eb SHBA, ku mor\u00ebn pjes\u00eb mbi 300 konkurrent\u00eb nga 30 shtete t\u00eb bot\u00ebs. Fal\u00eb pun\u00ebs s\u00eb palodhur me m\u00ebsuesen e tij, Flutura Hoxholli, Lorisi arriti t\u00eb fitonte edhe nj\u00eb medalje bronzi n\u00eb [&hellip;]<\/p>\n","protected":false},"author":9,"featured_media":97115,"comment_status":"open","ping_status":"open","sticky":false,"template":"","format":"standard","meta":{"jetpack_post_was_ever_published":false,"_jetpack_newsletter_access":"","_jetpack_dont_email_post_to_subs":false,"_jetpack_newsletter_tier_id":0,"_jetpack_memberships_contains_paywalled_content":false,"_jetpack_memberships_contains_paid_content":false,"footnotes":"","jetpack_publicize_message":"","jetpack_publicize_feature_enabled":true,"jetpack_social_post_already_shared":true,"jetpack_social_options":{"image_generator_settings":{"template":"highway","default_image_id":0,"font":"","enabled":false},"version":2}},"categories":[85,10,1,35],"tags":[],"class_list":["post-97114","post","type-post","status-publish","format-standard","has-post-thumbnail","hentry","category-histori","category-kultura","category-njoftime-shtypi","category-shoqerore"],"jetpack_publicize_connections":[],"jetpack_featured_media_url":"https:\/\/i0.wp.com\/www.shqiperia.com\/blog\/wp-content\/uploads\/2026\/01\/qose-fitues.jpg?fit=1024%2C605&ssl=1","jetpack_sharing_enabled":true,"jetpack_shortlink":"https:\/\/wp.me\/p5Z6wp-pgm","jetpack-related-posts":[{"id":51509,"url":"https:\/\/www.shqiperia.com\/blog\/paris-medalja-e-napoleonit-me-emblemen-e-lashte-shqiptare\/","url_meta":{"origin":97114,"position":0},"title":"Paris: Medalja e Napoleonit me emblem\u00ebn e lasht\u00eb shqiptare","author":"Kurt Farka","date":"November 19, 2021","format":false,"excerpt":"Paris: Medalja e Napoleonit me emblem\u00ebn e lasht\u00eb shqiptare - 18\/11\/21 Nga Aurenc Bebja \u201cExcelsior\u201d ka botuar, t\u00eb h\u00ebn\u00ebn e 17 prillit 1939, n\u00eb faqen n\u00b02, nj\u00eb shkrim n\u00eb lidhje me medaljen e ve\u00e7ant\u00eb ku gjenden figura e Napoleon Bonapartit dhe emblema e lasht\u00eb e Shqip\u00ebris\u00eb, t\u00eb cilin, Aurenc Bebja,\u2026","rel":"","context":"In &quot;Arte&quot;","block_context":{"text":"Arte","link":"https:\/\/www.shqiperia.com\/blog\/category\/arte\/"},"img":{"alt_text":"","src":"https:\/\/i0.wp.com\/www.shqiperia.com\/blog\/wp-content\/uploads\/2021\/11\/medalja.jpg?fit=685%2C365&ssl=1&resize=350%2C200","width":350,"height":200,"srcset":"https:\/\/i0.wp.com\/www.shqiperia.com\/blog\/wp-content\/uploads\/2021\/11\/medalja.jpg?fit=685%2C365&ssl=1&resize=350%2C200 1x, https:\/\/i0.wp.com\/www.shqiperia.com\/blog\/wp-content\/uploads\/2021\/11\/medalja.jpg?fit=685%2C365&ssl=1&resize=525%2C300 1.5x"},"classes":[]},{"id":59794,"url":"https:\/\/www.shqiperia.com\/blog\/cecenet-kampione-te-shqiperise-dy-mundesit-cecene-siguruan-medalje-ne-lojerat-mesdhetare-ne-algjeri\/","url_meta":{"origin":97114,"position":1},"title":"\u00c7e\u00e7en\u00ebt kampion\u00eb t\u00eb Shqip\u00ebris\u00eb! &#8211; Dy mund\u00ebsit  \u00c7e\u00e7en\u00eb siguruan medalje n\u00eb Loj\u00ebrat Mesdhetare n\u00eb Algjeri","author":"Kurt Farka","date":"July 4, 2022","format":false,"excerpt":"\u00a0 30 Qershor 2022 Jemi n\u00eb fshatin mesdhetar ku ndodhen t\u00eb gjith\u00eb sportist\u00ebt pjes\u00ebmarr\u00ebs n\u00eb Loj\u00ebrat e 19 Mesdhetare q\u00eb zhvillohen n\u00eb Oran t\u00eb Algjeris\u00eb. Gazetari Endi Tufa raporton pran\u00eb ekipit shqiptar dhe pik\u00ebrisht me mund\u00ebsit q\u00eb i kan\u00eb dhuruar medaljet e para Shqip\u00ebrise, Dudaev dhe Abakarov, me origjin\u00eb nga\u2026","rel":"","context":"In &quot;Njoftime Shtypi&quot;","block_context":{"text":"Njoftime Shtypi","link":"https:\/\/www.shqiperia.com\/blog\/category\/njoftime-shtypi\/"},"img":{"alt_text":"","src":"https:\/\/i0.wp.com\/www.shqiperia.com\/blog\/wp-content\/uploads\/2022\/07\/Cecenet-kampione-te-Shqiperise-Dy-mundesit-siguruan-medalje-ne-Lojerat-Mesdhetare-ne-Algjeri.jpg?fit=734%2C384&ssl=1&resize=350%2C200","width":350,"height":200,"srcset":"https:\/\/i0.wp.com\/www.shqiperia.com\/blog\/wp-content\/uploads\/2022\/07\/Cecenet-kampione-te-Shqiperise-Dy-mundesit-siguruan-medalje-ne-Lojerat-Mesdhetare-ne-Algjeri.jpg?fit=734%2C384&ssl=1&resize=350%2C200 1x, https:\/\/i0.wp.com\/www.shqiperia.com\/blog\/wp-content\/uploads\/2022\/07\/Cecenet-kampione-te-Shqiperise-Dy-mundesit-siguruan-medalje-ne-Lojerat-Mesdhetare-ne-Algjeri.jpg?fit=734%2C384&ssl=1&resize=525%2C300 1.5x, https:\/\/i0.wp.com\/www.shqiperia.com\/blog\/wp-content\/uploads\/2022\/07\/Cecenet-kampione-te-Shqiperise-Dy-mundesit-siguruan-medalje-ne-Lojerat-Mesdhetare-ne-Algjeri.jpg?fit=734%2C384&ssl=1&resize=700%2C400 2x"},"classes":[]},{"id":83238,"url":"https:\/\/www.shqiperia.com\/blog\/69-shtete-ne-bote-skane-fituar-kurre-medalje-olimpike-kosova-pese\/","url_meta":{"origin":97114,"position":2},"title":"69 shtete n\u00eb bot\u00eb s\u2019kan\u00eb fituar kurr\u00eb medalje olimpike, Kosova pes\u00eb!","author":"Kurt Farka","date":"August 2, 2024","format":false,"excerpt":"2 Gusht 2024 \u201cParis 2024\u201d \u00ebsht\u00eb vet\u00ebm kampanja e tret\u00eb e Loj\u00ebrave Olimpike Verore, ku merr pjes\u00eb Kosova. E n\u00eb kaq pak koh\u00eb, shteti i ri ka arritur t\u00eb fitoj\u00eb plot 5 medalje olimpike, prej t\u00eb cilave tre jan\u00eb t\u00eb arta, nj\u00eb e argjendt\u00eb e nj\u00eb e bronzt\u00eb. Plot 106\u2026","rel":"","context":"In &quot;Blogu i Udh\u00ebtarit&quot;","block_context":{"text":"Blogu i Udh\u00ebtarit","link":"https:\/\/www.shqiperia.com\/blog\/category\/blogu-i-udhetarit\/"},"img":{"alt_text":"","src":"https:\/\/i0.wp.com\/www.shqiperia.com\/blog\/wp-content\/uploads\/2024\/08\/Klaniddd.jpg?fit=1200%2C695&ssl=1&resize=350%2C200","width":350,"height":200,"srcset":"https:\/\/i0.wp.com\/www.shqiperia.com\/blog\/wp-content\/uploads\/2024\/08\/Klaniddd.jpg?fit=1200%2C695&ssl=1&resize=350%2C200 1x, https:\/\/i0.wp.com\/www.shqiperia.com\/blog\/wp-content\/uploads\/2024\/08\/Klaniddd.jpg?fit=1200%2C695&ssl=1&resize=525%2C300 1.5x, https:\/\/i0.wp.com\/www.shqiperia.com\/blog\/wp-content\/uploads\/2024\/08\/Klaniddd.jpg?fit=1200%2C695&ssl=1&resize=700%2C400 2x, https:\/\/i0.wp.com\/www.shqiperia.com\/blog\/wp-content\/uploads\/2024\/08\/Klaniddd.jpg?fit=1200%2C695&ssl=1&resize=1050%2C600 3x"},"classes":[]},{"id":52128,"url":"https:\/\/www.shqiperia.com\/blog\/shehi-basha-lider-falimentar-bashke-me-berishen-i-serviren-rames-ne-pjate-raportin-me-shba\/","url_meta":{"origin":97114,"position":3},"title":"Shehi: &#8211; Basha lider falimentar, bashk\u00eb me Berish\u00ebn i servir\u00ebn Ram\u00ebs \u201cn\u00eb pjat\u00eb\u201d raportin me SHBA","author":"Kurt Farka","date":"December 8, 2021","format":false,"excerpt":"Shehi: - Basha lider falimentar, bashk\u00eb me Berish\u00ebn i servir\u00ebn Ram\u00ebs \u201cn\u00eb pjat\u00eb\u201d raportin me SHBA - 08\/12\/21 \u2026 \u201cEdi Ram\u00ebs sot i var\u00ebn dhe nj\u00eb medalje, njeriut q\u00eb ka grabitur vendin e vet\u201d, tha Shehi. \u2026 Shehi: Basha lider falimentar, bashk\u00eb me Berish\u00ebn i servir\u00ebn Ram\u00ebs \u201cn\u00eb pjat\u00eb\u201d raportin\u2026","rel":"","context":"In &quot;Blogu i Udh\u00ebtarit&quot;","block_context":{"text":"Blogu i Udh\u00ebtarit","link":"https:\/\/www.shqiperia.com\/blog\/category\/blogu-i-udhetarit\/"},"img":{"alt_text":"","src":"https:\/\/i0.wp.com\/www.shqiperia.com\/blog\/wp-content\/uploads\/2021\/12\/Dashamir-Shehi.jpg?fit=1076%2C608&ssl=1&resize=350%2C200","width":350,"height":200,"srcset":"https:\/\/i0.wp.com\/www.shqiperia.com\/blog\/wp-content\/uploads\/2021\/12\/Dashamir-Shehi.jpg?fit=1076%2C608&ssl=1&resize=350%2C200 1x, https:\/\/i0.wp.com\/www.shqiperia.com\/blog\/wp-content\/uploads\/2021\/12\/Dashamir-Shehi.jpg?fit=1076%2C608&ssl=1&resize=525%2C300 1.5x, https:\/\/i0.wp.com\/www.shqiperia.com\/blog\/wp-content\/uploads\/2021\/12\/Dashamir-Shehi.jpg?fit=1076%2C608&ssl=1&resize=700%2C400 2x, https:\/\/i0.wp.com\/www.shqiperia.com\/blog\/wp-content\/uploads\/2021\/12\/Dashamir-Shehi.jpg?fit=1076%2C608&ssl=1&resize=1050%2C600 3x"},"classes":[]},{"id":84659,"url":"https:\/\/www.shqiperia.com\/blog\/ndahet-papritur-nga-jeta-ish-deputeti-i-partise-demokratike-gerti-bogdani\/","url_meta":{"origin":97114,"position":4},"title":"Ndahet papritur nga jeta ish-deputeti i Partis\u00eb Demokratike, Gerti Bogdani.","author":"Kurt Farka","date":"September 18, 2024","format":false,"excerpt":"18 Shtator 2024 \u00cbsht\u00eb ndar\u00eb papritur nga jeta ish-deputeti i Partis\u00eb Demokratike, Gerti Bogdani. Burimet raportojn\u00eb se ish-ligjv\u00ebn\u00ebsi demokrat ka p\u00ebsuar arrest kardiak. M\u00ebsohet se Gerti Bogdani \u00ebsht\u00eb shtruar n\u00eb spital dit\u00ebn e sotme, por nuk ka mundur t\u00eb mbijetoj\u00eb. Gerti Bogdani u nda nga jeta n\u00eb mosh\u00ebn 44-vje\u00e7are. KUSH\u2026","rel":"","context":"In &quot;Blogu i Udh\u00ebtarit&quot;","block_context":{"text":"Blogu i Udh\u00ebtarit","link":"https:\/\/www.shqiperia.com\/blog\/category\/blogu-i-udhetarit\/"},"img":{"alt_text":"","src":"https:\/\/i0.wp.com\/www.shqiperia.com\/blog\/wp-content\/uploads\/2024\/09\/gerti-bogdani-1.jpg?fit=800%2C475&ssl=1&resize=350%2C200","width":350,"height":200,"srcset":"https:\/\/i0.wp.com\/www.shqiperia.com\/blog\/wp-content\/uploads\/2024\/09\/gerti-bogdani-1.jpg?fit=800%2C475&ssl=1&resize=350%2C200 1x, https:\/\/i0.wp.com\/www.shqiperia.com\/blog\/wp-content\/uploads\/2024\/09\/gerti-bogdani-1.jpg?fit=800%2C475&ssl=1&resize=525%2C300 1.5x, https:\/\/i0.wp.com\/www.shqiperia.com\/blog\/wp-content\/uploads\/2024\/09\/gerti-bogdani-1.jpg?fit=800%2C475&ssl=1&resize=700%2C400 2x"},"classes":[]},{"id":1078,"url":"https:\/\/www.shqiperia.com\/blog\/rexhep-celiku-figura-emblematike-njeriu-qe-vallezoi-shqipet\/","url_meta":{"origin":97114,"position":5},"title":"Rexhep \u00c7eliku, figura emblematike, njeriu q\u00eb vall\u00ebzoi me shqipet","author":"Kurt Farka","date":"January 12, 2018","format":false,"excerpt":"Rexhep \u00c7eliku, biri i nj\u00eb gjirokastriti, mjesht\u00ebr n\u00eb nxjerren dhe gdhendjen e gurit, e m\u00eb von\u00eb si restaurator i kishave dhe xhamive n\u00eb Tiran\u00ebn e para\u00e7lirimit, vazhdoi tradit\u00ebn shqiptare n\u00eb gdhendjen e valles popullore n\u00eb tempullin e kultur\u00ebs \u2013 Ansamblin e Shtetit si \u201cValltari fluturues\u201d, sikund\u00ebr e ka karakterizuar kritika\u2026","rel":"","context":"In &quot;Kultura&quot;","block_context":{"text":"Kultura","link":"https:\/\/www.shqiperia.com\/blog\/category\/kultura\/"},"img":{"alt_text":"","src":"https:\/\/i0.wp.com\/www.shqiperia.com\/blog\/wp-content\/uploads\/2018\/01\/Recep-Celiku.jpg?fit=409%2C502&ssl=1&resize=350%2C200","width":350,"height":200},"classes":[]}],"_links":{"self":[{"href":"https:\/\/www.shqiperia.com\/blog\/wp-json\/wp\/v2\/posts\/97114","targetHints":{"allow":["GET"]}}],"collection":[{"href":"https:\/\/www.shqiperia.com\/blog\/wp-json\/wp\/v2\/posts"}],"about":[{"href":"https:\/\/www.shqiperia.com\/blog\/wp-json\/wp\/v2\/types\/post"}],"author":[{"embeddable":true,"href":"https:\/\/www.shqiperia.com\/blog\/wp-json\/wp\/v2\/users\/9"}],"replies":[{"embeddable":true,"href":"https:\/\/www.shqiperia.com\/blog\/wp-json\/wp\/v2\/comments?post=97114"}],"version-history":[{"count":1,"href":"https:\/\/www.shqiperia.com\/blog\/wp-json\/wp\/v2\/posts\/97114\/revisions"}],"predecessor-version":[{"id":97116,"href":"https:\/\/www.shqiperia.com\/blog\/wp-json\/wp\/v2\/posts\/97114\/revisions\/97116"}],"wp:featuredmedia":[{"embeddable":true,"href":"https:\/\/www.shqiperia.com\/blog\/wp-json\/wp\/v2\/media\/97115"}],"wp:attachment":[{"href":"https:\/\/www.shqiperia.com\/blog\/wp-json\/wp\/v2\/media?parent=97114"}],"wp:term":[{"taxonomy":"category","embeddable":true,"href":"https:\/\/www.shqiperia.com\/blog\/wp-json\/wp\/v2\/categories?post=97114"},{"taxonomy":"post_tag","embeddable":true,"href":"https:\/\/www.shqiperia.com\/blog\/wp-json\/wp\/v2\/tags?post=97114"}],"curies":[{"name":"wp","href":"https:\/\/api.w.org\/{rel}","templated":true}]}}