{"id":97111,"date":"2026-01-29T18:23:39","date_gmt":"2026-01-29T18:23:39","guid":{"rendered":"https:\/\/www.shqiperia.com\/blog\/?p=97111"},"modified":"2026-01-29T18:23:39","modified_gmt":"2026-01-29T18:23:39","slug":"shkrirja-e-kadastres-ne-vlore-nen-shoqerimin-e-policise-nis-transferimi-i-materialeve-drejt-tiranes","status":"publish","type":"post","link":"https:\/\/www.shqiperia.com\/blog\/shkrirja-e-kadastres-ne-vlore-nen-shoqerimin-e-policise-nis-transferimi-i-materialeve-drejt-tiranes\/","title":{"rendered":"Shkrirja e Kadastr\u00ebs n\u00eb Vlor\u00eb\/ N\u00ebn shoq\u00ebrimin e policis\u00eb, nis transferimi i materialeve drejt Tiran\u00ebs"},"content":{"rendered":"<p><img data-recalc-dims=\"1\" loading=\"lazy\" decoding=\"async\" data-attachment-id=\"97112\" data-permalink=\"https:\/\/www.shqiperia.com\/blog\/shkrirja-e-kadastres-ne-vlore-nen-shoqerimin-e-policise-nis-transferimi-i-materialeve-drejt-tiranes\/ew\/\" data-orig-file=\"https:\/\/i0.wp.com\/www.shqiperia.com\/blog\/wp-content\/uploads\/2026\/01\/ew.jpg?fit=627%2C363&amp;ssl=1\" data-orig-size=\"627,363\" data-comments-opened=\"1\" data-image-meta=\"{&quot;aperture&quot;:&quot;0&quot;,&quot;credit&quot;:&quot;Redaksia&quot;,&quot;camera&quot;:&quot;&quot;,&quot;caption&quot;:&quot;&quot;,&quot;created_timestamp&quot;:&quot;1769704160&quot;,&quot;copyright&quot;:&quot;&quot;,&quot;focal_length&quot;:&quot;0&quot;,&quot;iso&quot;:&quot;0&quot;,&quot;shutter_speed&quot;:&quot;0&quot;,&quot;title&quot;:&quot;&quot;,&quot;orientation&quot;:&quot;0&quot;}\" data-image-title=\"ew\" data-image-description=\"\" data-image-caption=\"\" data-medium-file=\"https:\/\/i0.wp.com\/www.shqiperia.com\/blog\/wp-content\/uploads\/2026\/01\/ew.jpg?fit=300%2C174&amp;ssl=1\" data-large-file=\"https:\/\/i0.wp.com\/www.shqiperia.com\/blog\/wp-content\/uploads\/2026\/01\/ew.jpg?fit=627%2C363&amp;ssl=1\" class=\"alignnone  wp-image-97112\" alt=\"\" src=\"https:\/\/i0.wp.com\/www.shqiperia.com\/blog\/wp-content\/uploads\/2026\/01\/ew.jpg?resize=617%2C358&#038;ssl=1\" width=\"617\" height=\"358\" srcset=\"https:\/\/i0.wp.com\/www.shqiperia.com\/blog\/wp-content\/uploads\/2026\/01\/ew.jpg?resize=300%2C174&amp;ssl=1 300w, https:\/\/i0.wp.com\/www.shqiperia.com\/blog\/wp-content\/uploads\/2026\/01\/ew.jpg?resize=450%2C261&amp;ssl=1 450w, https:\/\/i0.wp.com\/www.shqiperia.com\/blog\/wp-content\/uploads\/2026\/01\/ew.jpg?resize=600%2C347&amp;ssl=1 600w, https:\/\/i0.wp.com\/www.shqiperia.com\/blog\/wp-content\/uploads\/2026\/01\/ew.jpg?resize=400%2C232&amp;ssl=1 400w, https:\/\/i0.wp.com\/www.shqiperia.com\/blog\/wp-content\/uploads\/2026\/01\/ew.jpg?w=627&amp;ssl=1 627w\" sizes=\"auto, (max-width: 617px) 100vw, 617px\" \/><\/p>\n<p>29 Janar 2026<\/p>\n<p>Forca t\u00eb shumta policie jan\u00eb paraqitur mesdit\u00ebn e sotme n\u00eb ambientet e Kadastr\u00ebs s\u00eb Vlor\u00ebs, ku po kryhet paketimi dhe transferimi i dokumentacionit t\u00eb hipotek\u00ebs drejt Tiran\u00ebs.<\/p>\n<p>Rreth or\u00ebs 14:00, dokumentet dhe materialet jan\u00eb ngarkuar n\u00eb nj\u00eb kamion dhe po transportohen drejt kryeqytetit, t\u00eb shoq\u00ebruara nga forcat e policis\u00eb, p\u00ebr veprime t\u00eb m\u00ebtejshme.<\/p>\n<p>Burime b\u00ebjn\u00eb me dije se disa punonj\u00ebs jan\u00eb detyruar t\u00eb pranojn\u00eb kushtet e zhvendosjes, nd\u00ebrsa t\u00eb tjer\u00eb pritet t\u00eb japin dor\u00ebheqjen.<\/p>\n<div class=\"ai-viewport-1\" data-insertion-position=\"prepend\" data-selector=\".ai-insert-7-30748235\" data-insertion-no-dbg=\"\" data-code=\"PGRpdiBjbGFzcz0nY29kZS1ibG9jayBjb2RlLWJsb2NrLTcnIHN0eWxlPSdtYXJnaW46IDhweCAwOyBjbGVhcjogYm90aDsnPgo8L2Rpdj4K\" data-block=\"7\">\n<div class=\"code-block code-block-7\"><\/div>\n<\/div>\n<div id=\"beacon_7983c79cac\"><img loading=\"lazy\" decoding=\"async\" alt=\"\" src=\"https:\/\/ads.balkanweb.com\/www\/delivery\/lg.php?bannerid=0&amp;campaignid=0&amp;zoneid=629&amp;loc=https%3A%2F%2Fwww.balkanweb.com%2Fshkrirja-e-kadastres-ne-vlore-nen-shoqerimin-e-policise-nis-transferimi-i-materialeve-drejt-tiranes%2F&amp;referer=https%3A%2F%2Fwww.balkanweb.com%2F&amp;cb=7983c79cac\" width=\"0\" height=\"0\" \/><\/div>\n<div class=\"\" id=\"MDA34416\" data-adid=\"mdabalkanweb121885\" data-netid=\"137356148\" data-sizes=\"300x250\" data-google-query-id=\"CKXN2ISvsZIDFdq-_QcdAOsGlw\"><\/div>\n","protected":false},"excerpt":{"rendered":"<p>29 Janar 2026 Forca t\u00eb shumta policie jan\u00eb paraqitur mesdit\u00ebn e sotme n\u00eb ambientet e Kadastr\u00ebs s\u00eb Vlor\u00ebs, ku po kryhet paketimi dhe transferimi i dokumentacionit t\u00eb hipotek\u00ebs drejt Tiran\u00ebs. Rreth or\u00ebs 14:00, dokumentet dhe materialet jan\u00eb ngarkuar n\u00eb nj\u00eb kamion dhe po transportohen drejt kryeqytetit, t\u00eb shoq\u00ebruara nga forcat e policis\u00eb, p\u00ebr veprime t\u00eb [&hellip;]<\/p>\n","protected":false},"author":9,"featured_media":97112,"comment_status":"open","ping_status":"open","sticky":false,"template":"","format":"standard","meta":{"jetpack_post_was_ever_published":false,"_jetpack_newsletter_access":"","_jetpack_dont_email_post_to_subs":false,"_jetpack_newsletter_tier_id":0,"_jetpack_memberships_contains_paywalled_content":false,"_jetpack_memberships_contains_paid_content":false,"footnotes":"","jetpack_publicize_message":"","jetpack_publicize_feature_enabled":true,"jetpack_social_post_already_shared":true,"jetpack_social_options":{"image_generator_settings":{"template":"highway","default_image_id":0,"font":"","enabled":false},"version":2}},"categories":[27,1],"tags":[],"class_list":["post-97111","post","type-post","status-publish","format-standard","has-post-thumbnail","hentry","category-blogu-i-udhetarit","category-njoftime-shtypi"],"jetpack_publicize_connections":[],"jetpack_featured_media_url":"https:\/\/i0.wp.com\/www.shqiperia.com\/blog\/wp-content\/uploads\/2026\/01\/ew.jpg?fit=627%2C363&ssl=1","jetpack_sharing_enabled":true,"jetpack_shortlink":"https:\/\/wp.me\/p5Z6wp-pgj","jetpack-related-posts":[{"id":14607,"url":"https:\/\/www.shqiperia.com\/blog\/gjimnazistet-dhe-studentet-e-elbasanit-nisen-drejt-tiranes\/","url_meta":{"origin":97111,"position":0},"title":"Gjimnazist\u00ebt dhe studentet e Elbasanit nisen drejt Tiran\u00ebs. &#8211;","author":"Kurt Farka","date":"December 11, 2018","format":false,"excerpt":"Gjimnazist\u00ebt dhe studentet e Elbasanit nisen drejt Tiran\u00ebs. - Student\u00ebt e Elbasanit kan\u00eb mbushur rrug\u00ebt e qytetit. Ata jan\u00eb mbledhur para universitetit \u201cAleksand\u00ebr Xhuvani\u201d me pankarta t\u00eb shumta n\u00eb duar dhe thirrje p\u00ebr qeverin\u00eb. \u201cKoha e maskarenjve\u201d; \u201cBaba 90, \u00e7uni 2018\u201d, \u201cJo po portofoli, jo po kompetenca, jo po tremujori,\u2026","rel":"","context":"In &quot;Blogu i Udh\u00ebtarit&quot;","block_context":{"text":"Blogu i Udh\u00ebtarit","link":"https:\/\/www.shqiperia.com\/blog\/category\/blogu-i-udhetarit\/"},"img":{"alt_text":"","src":"https:\/\/i0.wp.com\/www.shqiperia.com\/blog\/wp-content\/uploads\/2018\/12\/Elbasan-studente-e-gjimnaziste-1-770x433.jpeg?fit=770%2C433&ssl=1&resize=350%2C200","width":350,"height":200,"srcset":"https:\/\/i0.wp.com\/www.shqiperia.com\/blog\/wp-content\/uploads\/2018\/12\/Elbasan-studente-e-gjimnaziste-1-770x433.jpeg?fit=770%2C433&ssl=1&resize=350%2C200 1x, https:\/\/i0.wp.com\/www.shqiperia.com\/blog\/wp-content\/uploads\/2018\/12\/Elbasan-studente-e-gjimnaziste-1-770x433.jpeg?fit=770%2C433&ssl=1&resize=525%2C300 1.5x, https:\/\/i0.wp.com\/www.shqiperia.com\/blog\/wp-content\/uploads\/2018\/12\/Elbasan-studente-e-gjimnaziste-1-770x433.jpeg?fit=770%2C433&ssl=1&resize=700%2C400 2x"},"classes":[]},{"id":56232,"url":"https:\/\/www.shqiperia.com\/blog\/skandali-i-pronave-ne-durres-lame-kane-nisur-hetimet-2000-faqe-te-demtuara-jane-futur-duart-prej-30-vitesh\/","url_meta":{"origin":97111,"position":1},"title":"Skandali i pronave n\u00eb Durr\u00ebs, Lame: Kan\u00eb nisur hetimet, 2000 faqe t\u00eb d\u00ebmtuara, jan\u00eb futur duart prej 30 vitesh","author":"Kurt Farka","date":"April 2, 2022","format":false,"excerpt":"Skandali i pronave n\u00eb Durr\u00ebs, Lame: Kan\u00eb nisur hetimet, 2000 faqe t\u00eb d\u00ebmtuara, jan\u00eb futur duart prej 30 vitesh 1 Prill 2022 Prokuroria e Durr\u00ebsit ka nisur hetimet p\u00ebr skandalin e pronave n\u00eb bregdet pas denoncimit t\u00eb Drejtorit t\u00eb P\u00ebrgjithsh\u00ebm t\u00eb Kadastr\u00ebs Artan Lame p\u00ebr nd\u00ebrhyrje n\u00eb regjist\u00ebr. Pas nj\u00eb\u2026","rel":"","context":"In &quot;Blogu i Udh\u00ebtarit&quot;","block_context":{"text":"Blogu i Udh\u00ebtarit","link":"https:\/\/www.shqiperia.com\/blog\/category\/blogu-i-udhetarit\/"},"img":{"alt_text":"","src":"https:\/\/i0.wp.com\/www.shqiperia.com\/blog\/wp-content\/uploads\/2022\/04\/lame.jpg?fit=770%2C430&ssl=1&resize=350%2C200","width":350,"height":200,"srcset":"https:\/\/i0.wp.com\/www.shqiperia.com\/blog\/wp-content\/uploads\/2022\/04\/lame.jpg?fit=770%2C430&ssl=1&resize=350%2C200 1x, https:\/\/i0.wp.com\/www.shqiperia.com\/blog\/wp-content\/uploads\/2022\/04\/lame.jpg?fit=770%2C430&ssl=1&resize=525%2C300 1.5x, https:\/\/i0.wp.com\/www.shqiperia.com\/blog\/wp-content\/uploads\/2022\/04\/lame.jpg?fit=770%2C430&ssl=1&resize=700%2C400 2x"},"classes":[]},{"id":32177,"url":"https:\/\/www.shqiperia.com\/blog\/babe-e-bir-te-infektuar-me-koronavirus-ne-shqiperi-kush-jane-ata-dhe-si-erdhen-nga-firence-drejt-tiranes-me-makinen-e-tyre-personale\/","url_meta":{"origin":97111,"position":2},"title":"Bab\u00eb e bir t\u00eb infektuar me koronavirus n\u00eb Shqip\u00ebri, kush jan\u00eb ata dhe si erdh\u00ebn nga Firence drejt Tiran\u00ebs me makin\u00ebn e tyre personale","author":"Kurt Farka","date":"March 9, 2020","format":false,"excerpt":"Bab\u00eb e bir t\u00eb infektuar me koronavirus n\u00eb Shqip\u00ebri, kush jan\u00eb ata dhe si erdh\u00ebn nga Firence drejt Tiran\u00ebs me makin\u00ebn e tyre personale 9 MARS 2020 Mbr\u00ebmjen e djeshme jan\u00eb konfirmuar 2 rastet e para me koronavirus n\u00eb vendin ton\u00eb. Pacient\u00ebt\u00a0 jan\u00eb bab\u00eb e bir dhe kan\u00eb udh\u00ebtuar nga\u2026","rel":"","context":"In &quot;Blogu i Udh\u00ebtarit&quot;","block_context":{"text":"Blogu i Udh\u00ebtarit","link":"https:\/\/www.shqiperia.com\/blog\/category\/blogu-i-udhetarit\/"},"img":{"alt_text":"","src":"https:\/\/i0.wp.com\/www.shqiperia.com\/blog\/wp-content\/uploads\/2020\/03\/800-0-5e65dd813fd6c.jpg?fit=800%2C463&ssl=1&resize=350%2C200","width":350,"height":200,"srcset":"https:\/\/i0.wp.com\/www.shqiperia.com\/blog\/wp-content\/uploads\/2020\/03\/800-0-5e65dd813fd6c.jpg?fit=800%2C463&ssl=1&resize=350%2C200 1x, https:\/\/i0.wp.com\/www.shqiperia.com\/blog\/wp-content\/uploads\/2020\/03\/800-0-5e65dd813fd6c.jpg?fit=800%2C463&ssl=1&resize=525%2C300 1.5x, https:\/\/i0.wp.com\/www.shqiperia.com\/blog\/wp-content\/uploads\/2020\/03\/800-0-5e65dd813fd6c.jpg?fit=800%2C463&ssl=1&resize=700%2C400 2x"},"classes":[]},{"id":41777,"url":"https:\/\/www.shqiperia.com\/blog\/poshte-ardi-veliu-ja-qytetet-ku-ka-filluar-protesta-pervec-tiranes-per-vrasjen-e-klodian-rashes\/","url_meta":{"origin":97111,"position":3},"title":"\u201cPosht\u00eb Ardi Veliu\u201d\/Ja qytetet ku ka filluar protesta p\u00ebrve\u00e7 Tiran\u00ebs p\u00ebr vrasjen e Klodian Rash\u00ebs","author":"Kurt Farka","date":"December 11, 2020","format":false,"excerpt":"\u201cPosht\u00eb Ardi Veliu\u201d\/Ja qytetet ku ka filluar protesta p\u00ebrve\u00e7 Tiran\u00ebs p\u00ebr vrasjen e Klodian Rash\u00ebs 11 DHJETOR 2020 P\u00ebr t\u00eb tret\u00ebn dit\u00eb radhazi ka nisur protesta p\u00ebr t\u00eb k\u00ebrkuar drejt\u00ebsi p\u00ebr vrasjen e Klodian Rash\u00ebs nga nj\u00eb efektiv policie. Pas Tiran\u00ebs, qytetar\u00ebt kan\u00eb pushtuar edhe rrug\u00ebt e qytetit t\u00eb Kor\u00e7\u00ebs.\u2026","rel":"","context":"In &quot;Blogu i Udh\u00ebtarit&quot;","block_context":{"text":"Blogu i Udh\u00ebtarit","link":"https:\/\/www.shqiperia.com\/blog\/category\/blogu-i-udhetarit\/"},"img":{"alt_text":"","src":"https:\/\/i0.wp.com\/www.shqiperia.com\/blog\/wp-content\/uploads\/2020\/12\/800-480-5fd3aeaf9bfa9.png?fit=800%2C437&ssl=1&resize=350%2C200","width":350,"height":200,"srcset":"https:\/\/i0.wp.com\/www.shqiperia.com\/blog\/wp-content\/uploads\/2020\/12\/800-480-5fd3aeaf9bfa9.png?fit=800%2C437&ssl=1&resize=350%2C200 1x, https:\/\/i0.wp.com\/www.shqiperia.com\/blog\/wp-content\/uploads\/2020\/12\/800-480-5fd3aeaf9bfa9.png?fit=800%2C437&ssl=1&resize=525%2C300 1.5x, https:\/\/i0.wp.com\/www.shqiperia.com\/blog\/wp-content\/uploads\/2020\/12\/800-480-5fd3aeaf9bfa9.png?fit=800%2C437&ssl=1&resize=700%2C400 2x"},"classes":[]},{"id":14764,"url":"https:\/\/www.shqiperia.com\/blog\/po-ndodh-tani-shiu-nuk-i-ndal-studentet-e-rretheve-ne-kembe-drejt-tiranes-pasdite-ka-protesta-te-banorve-ne-disa-qytete\/","url_meta":{"origin":97111,"position":4},"title":"Po ndodh tani. &#8211; Shiu nuk i ndal, student\u00ebt e rretheve n\u00eb k\u00ebmb\u00eb drejt Tiran\u00ebs. Pasdite ka Protesta te banorve  ne disa qytete.","author":"Kurt Farka","date":"December 14, 2018","format":false,"excerpt":"Po ndodh tani. - Shiu nuk i ndal, student\u00ebt e rretheve n\u00eb k\u00ebmb\u00eb drejt Tiran\u00ebs. Pasdite ka Protesta te banorve\u00a0 ne disa qytete. 14 Dhjetor, 2018 P\u00ebr gati 10 dit\u00eb me radh\u00eb student\u00ebt e rretheve iu jan\u00eb bashkuar protest\u00ebs s\u00eb moshatar\u00ebve t\u00eb tyre n\u00eb universitetet publike n\u00eb Tiran\u00eb. \u2018BalkanWeb\u2019 m\u00ebson\u2026","rel":"","context":"In &quot;Blogu i Udh\u00ebtarit&quot;","block_context":{"text":"Blogu i Udh\u00ebtarit","link":"https:\/\/www.shqiperia.com\/blog\/category\/blogu-i-udhetarit\/"},"img":{"alt_text":"","src":"https:\/\/i0.wp.com\/www.shqiperia.com\/blog\/wp-content\/uploads\/2018\/12\/milot-leshe-protesta-600x450.jpg?fit=471%2C238&ssl=1&resize=350%2C200","width":350,"height":200},"classes":[]},{"id":78470,"url":"https:\/\/www.shqiperia.com\/blog\/protesta-e-rithemelimit-mijera-qytetare-nga-rrethet-ne-drejtim-te-tiranes\/","url_meta":{"origin":97111,"position":5},"title":"Protesta e Rithemelimit, mij\u00ebra qytetar\u00eb nga rrethet n\u00eb drejtim t\u00eb Tiran\u00ebs","author":"Kurt Farka","date":"February 20, 2024","format":false,"excerpt":"20 Shkurt 2024 Mij\u00ebra qytetar\u00eb jan\u00eb nisur nga rrethet n\u00eb drejtim t\u00eb Tiran\u00ebs p\u00ebr t\u00eb marr\u00eb pjes\u00eb n\u00eb protest\u00ebn komb\u00ebtare t\u00eb opozit\u00ebs. N\u00eb Berat raportohet se jan\u00eb t\u00eb pakt\u00ebn 1 mij\u00eb qytetar\u00eb q\u00eb jan\u00eb nisur drejt Tiran\u00ebs. Edhe nga Kor\u00e7a raportohet se jan\u00eb m\u00eb shum\u00eb se 1 mij\u00eb demokrat\u00eb q\u00eb\u2026","rel":"","context":"In &quot;Blogu i Udh\u00ebtarit&quot;","block_context":{"text":"Blogu i Udh\u00ebtarit","link":"https:\/\/www.shqiperia.com\/blog\/category\/blogu-i-udhetarit\/"},"img":{"alt_text":"","src":"https:\/\/i0.wp.com\/www.shqiperia.com\/blog\/wp-content\/uploads\/2024\/02\/800-0-65d4aa38d74d4-1.jpg?fit=800%2C489&ssl=1&resize=350%2C200","width":350,"height":200,"srcset":"https:\/\/i0.wp.com\/www.shqiperia.com\/blog\/wp-content\/uploads\/2024\/02\/800-0-65d4aa38d74d4-1.jpg?fit=800%2C489&ssl=1&resize=350%2C200 1x, https:\/\/i0.wp.com\/www.shqiperia.com\/blog\/wp-content\/uploads\/2024\/02\/800-0-65d4aa38d74d4-1.jpg?fit=800%2C489&ssl=1&resize=525%2C300 1.5x, https:\/\/i0.wp.com\/www.shqiperia.com\/blog\/wp-content\/uploads\/2024\/02\/800-0-65d4aa38d74d4-1.jpg?fit=800%2C489&ssl=1&resize=700%2C400 2x"},"classes":[]}],"_links":{"self":[{"href":"https:\/\/www.shqiperia.com\/blog\/wp-json\/wp\/v2\/posts\/97111","targetHints":{"allow":["GET"]}}],"collection":[{"href":"https:\/\/www.shqiperia.com\/blog\/wp-json\/wp\/v2\/posts"}],"about":[{"href":"https:\/\/www.shqiperia.com\/blog\/wp-json\/wp\/v2\/types\/post"}],"author":[{"embeddable":true,"href":"https:\/\/www.shqiperia.com\/blog\/wp-json\/wp\/v2\/users\/9"}],"replies":[{"embeddable":true,"href":"https:\/\/www.shqiperia.com\/blog\/wp-json\/wp\/v2\/comments?post=97111"}],"version-history":[{"count":1,"href":"https:\/\/www.shqiperia.com\/blog\/wp-json\/wp\/v2\/posts\/97111\/revisions"}],"predecessor-version":[{"id":97113,"href":"https:\/\/www.shqiperia.com\/blog\/wp-json\/wp\/v2\/posts\/97111\/revisions\/97113"}],"wp:featuredmedia":[{"embeddable":true,"href":"https:\/\/www.shqiperia.com\/blog\/wp-json\/wp\/v2\/media\/97112"}],"wp:attachment":[{"href":"https:\/\/www.shqiperia.com\/blog\/wp-json\/wp\/v2\/media?parent=97111"}],"wp:term":[{"taxonomy":"category","embeddable":true,"href":"https:\/\/www.shqiperia.com\/blog\/wp-json\/wp\/v2\/categories?post=97111"},{"taxonomy":"post_tag","embeddable":true,"href":"https:\/\/www.shqiperia.com\/blog\/wp-json\/wp\/v2\/tags?post=97111"}],"curies":[{"name":"wp","href":"https:\/\/api.w.org\/{rel}","templated":true}]}}