{"id":97107,"date":"2026-01-29T18:21:00","date_gmt":"2026-01-29T18:21:00","guid":{"rendered":"https:\/\/www.shqiperia.com\/blog\/?p=97107"},"modified":"2026-01-29T18:21:11","modified_gmt":"2026-01-29T18:21:11","slug":"trump-putin-ra-dakord-per-nje-armepushim-nje-javor-ne-ukraine","status":"publish","type":"post","link":"https:\/\/www.shqiperia.com\/blog\/trump-putin-ra-dakord-per-nje-armepushim-nje-javor-ne-ukraine\/","title":{"rendered":"Trump: &#8211; Putin ra dakord p\u00ebr nj\u00eb arm\u00ebpushim nj\u00eb javor n\u00eb Ukrain\u00eb"},"content":{"rendered":"<p><img data-recalc-dims=\"1\" loading=\"lazy\" decoding=\"async\" data-attachment-id=\"97108\" data-permalink=\"https:\/\/www.shqiperia.com\/blog\/trump-putin-ra-dakord-per-nje-armepushim-nje-javor-ne-ukraine\/xrwma-trump-putin\/\" data-orig-file=\"https:\/\/i0.wp.com\/www.shqiperia.com\/blog\/wp-content\/uploads\/2026\/01\/xrwma-trump-putin.webp?fit=1168%2C656&amp;ssl=1\" data-orig-size=\"1168,656\" data-comments-opened=\"1\" data-image-meta=\"{&quot;aperture&quot;:&quot;0&quot;,&quot;credit&quot;:&quot;&quot;,&quot;camera&quot;:&quot;&quot;,&quot;caption&quot;:&quot;&quot;,&quot;created_timestamp&quot;:&quot;0&quot;,&quot;copyright&quot;:&quot;&quot;,&quot;focal_length&quot;:&quot;0&quot;,&quot;iso&quot;:&quot;0&quot;,&quot;shutter_speed&quot;:&quot;0&quot;,&quot;title&quot;:&quot;&quot;,&quot;orientation&quot;:&quot;0&quot;}\" data-image-title=\"xrwma-trump-putin\" data-image-description=\"\" data-image-caption=\"\" data-medium-file=\"https:\/\/i0.wp.com\/www.shqiperia.com\/blog\/wp-content\/uploads\/2026\/01\/xrwma-trump-putin.webp?fit=300%2C168&amp;ssl=1\" data-large-file=\"https:\/\/i0.wp.com\/www.shqiperia.com\/blog\/wp-content\/uploads\/2026\/01\/xrwma-trump-putin.webp?fit=1024%2C575&amp;ssl=1\" class=\"alignnone  wp-image-97108\" alt=\"\" src=\"https:\/\/i0.wp.com\/www.shqiperia.com\/blog\/wp-content\/uploads\/2026\/01\/xrwma-trump-putin.webp?resize=570%2C319&#038;ssl=1\" width=\"570\" height=\"319\" srcset=\"https:\/\/i0.wp.com\/www.shqiperia.com\/blog\/wp-content\/uploads\/2026\/01\/xrwma-trump-putin.webp?resize=300%2C168&amp;ssl=1 300w, https:\/\/i0.wp.com\/www.shqiperia.com\/blog\/wp-content\/uploads\/2026\/01\/xrwma-trump-putin.webp?resize=1024%2C575&amp;ssl=1 1024w, https:\/\/i0.wp.com\/www.shqiperia.com\/blog\/wp-content\/uploads\/2026\/01\/xrwma-trump-putin.webp?resize=768%2C431&amp;ssl=1 768w, https:\/\/i0.wp.com\/www.shqiperia.com\/blog\/wp-content\/uploads\/2026\/01\/xrwma-trump-putin.webp?resize=450%2C253&amp;ssl=1 450w, https:\/\/i0.wp.com\/www.shqiperia.com\/blog\/wp-content\/uploads\/2026\/01\/xrwma-trump-putin.webp?resize=600%2C337&amp;ssl=1 600w, https:\/\/i0.wp.com\/www.shqiperia.com\/blog\/wp-content\/uploads\/2026\/01\/xrwma-trump-putin.webp?resize=400%2C225&amp;ssl=1 400w, https:\/\/i0.wp.com\/www.shqiperia.com\/blog\/wp-content\/uploads\/2026\/01\/xrwma-trump-putin.webp?w=1168&amp;ssl=1 1168w\" sizes=\"auto, (max-width: 570px) 100vw, 570px\" \/><\/p>\n<p>29 Janar 2026<\/p>\n<p>Presidenti i SHBA-s\u00eb, Donald Trump, tha sot se homologu i tij rus, Vladimir Putin, pranoi k\u00ebrkes\u00ebn e tij p\u00ebr t\u00eb mos e sulmuar Kievin dhe qytetet dhe fshatrat e tjera ukrainase p\u00ebr nj\u00eb jav\u00eb.<\/p>\n<p>\u201cUn\u00eb personalisht i k\u00ebrkova Presidentit Putin t\u00eb mos q\u00ebllonte mbi Kievin dhe qytetet dhe fshatrat p\u00ebr nj\u00eb jav\u00eb\u201d, ka th\u00ebn\u00eb Trump gjat\u00eb nj\u00eb konference p\u00ebr shtyp, duke theksuar se Ukraina aktualisht po p\u00ebrballet me temperatura jasht\u00ebzakonisht t\u00eb ul\u00ebta.<\/p>\n<p>\u201cDhe ai pranoi ta b\u00ebnte k\u00ebt\u00eb. Dhe duhet t\u2019ju them, ishte shum\u00eb bukur\u201d, ka shtuar Trump,<\/p>\n<p>Presidenti i SHBA-s\u00eb nuk sqaroi se kur ose si ia p\u00ebrcolli k\u00ebt\u00eb k\u00ebrkes\u00eb Putinit, ose nga cila dat\u00eb do t\u00eb fillonte arm\u00ebpushimi i supozuar.<\/p>\n<p>Forcat ruse nis\u00ebn nj\u00eb sulm kund\u00ebr Kievit gjat\u00eb nat\u00ebs m\u00eb 28 janar, i cili sh\u00ebnoi vet\u00ebm sulmin e fundit kund\u00ebr kryeqytetit n\u00eb fushat\u00ebn e Mosk\u00ebs q\u00eb synonte rr\u00ebzimin e rrjetit energjetik t\u00eb Ukrain\u00ebs mes temperaturave t\u00eb ul\u00ebta.<\/p>\n","protected":false},"excerpt":{"rendered":"<p>29 Janar 2026 Presidenti i SHBA-s\u00eb, Donald Trump, tha sot se homologu i tij rus, Vladimir Putin, pranoi k\u00ebrkes\u00ebn e tij p\u00ebr t\u00eb mos e sulmuar Kievin dhe qytetet dhe fshatrat e tjera ukrainase p\u00ebr nj\u00eb jav\u00eb. \u201cUn\u00eb personalisht i k\u00ebrkova Presidentit Putin t\u00eb mos q\u00ebllonte mbi Kievin dhe qytetet dhe fshatrat p\u00ebr nj\u00eb jav\u00eb\u201d, [&hellip;]<\/p>\n","protected":false},"author":9,"featured_media":97108,"comment_status":"open","ping_status":"open","sticky":false,"template":"","format":"standard","meta":{"jetpack_post_was_ever_published":false,"_jetpack_newsletter_access":"","_jetpack_dont_email_post_to_subs":false,"_jetpack_newsletter_tier_id":0,"_jetpack_memberships_contains_paywalled_content":false,"_jetpack_memberships_contains_paid_content":false,"footnotes":"","jetpack_publicize_message":"","jetpack_publicize_feature_enabled":true,"jetpack_social_post_already_shared":true,"jetpack_social_options":{"image_generator_settings":{"template":"highway","default_image_id":0,"font":"","enabled":false},"version":2}},"categories":[1,2],"tags":[],"class_list":["post-97107","post","type-post","status-publish","format-standard","has-post-thumbnail","hentry","category-njoftime-shtypi","category-politika"],"jetpack_publicize_connections":[],"jetpack_featured_media_url":"https:\/\/i0.wp.com\/www.shqiperia.com\/blog\/wp-content\/uploads\/2026\/01\/xrwma-trump-putin.webp?fit=1168%2C656&ssl=1","jetpack_sharing_enabled":true,"jetpack_shortlink":"https:\/\/wp.me\/p5Z6wp-pgf","jetpack-related-posts":[{"id":90305,"url":"https:\/\/www.shqiperia.com\/blog\/ukraina-pranoi-armepushim-30-ditor-me-rusine-trump-do-te-takohemi-me-ruset-sonte-ose-neser\/","url_meta":{"origin":97107,"position":0},"title":"Ukraina pranoi arm\u00ebpushim 30-ditor me Rusin\u00eb, Trump: &#8211; Do t\u00eb takohemi me rus\u00ebt sonte ose nes\u00ebr","author":"Kurt Farka","date":"March 12, 2025","format":false,"excerpt":"12 Mars 2025 .. dihmat e SHBA-s\u00eb do t\u00eb rifillojn\u00eb pa vones\u00eb, duke forcuar mb\u00ebshtetjen p\u00ebr Ukrain\u00ebn n\u00eb luft\u00ebn e saj kund\u00ebr agresionit rus. Presidenti i Shteteve t\u00eb Bashkuara, Donald Trump, ka deklaruar se SHBA do t\u00eb takohet me rus\u00ebt sonte ose nes\u00ebr, duke komentuar marr\u00ebveshjen e arm\u00ebpushimit 30-ditor t\u00eb\u2026","rel":"","context":"In &quot;Blogu i Udh\u00ebtarit&quot;","block_context":{"text":"Blogu i Udh\u00ebtarit","link":"https:\/\/www.shqiperia.com\/blog\/category\/blogu-i-udhetarit\/"},"img":{"alt_text":"","src":"https:\/\/i0.wp.com\/www.shqiperia.com\/blog\/wp-content\/uploads\/2025\/03\/Donald_Trump_and_Zelensky_1740786771951_1740786772374.jpg?fit=549%2C309&ssl=1&resize=350%2C200","width":350,"height":200,"srcset":"https:\/\/i0.wp.com\/www.shqiperia.com\/blog\/wp-content\/uploads\/2025\/03\/Donald_Trump_and_Zelensky_1740786771951_1740786772374.jpg?fit=549%2C309&ssl=1&resize=350%2C200 1x, https:\/\/i0.wp.com\/www.shqiperia.com\/blog\/wp-content\/uploads\/2025\/03\/Donald_Trump_and_Zelensky_1740786771951_1740786772374.jpg?fit=549%2C309&ssl=1&resize=525%2C300 1.5x"},"classes":[]},{"id":98398,"url":"https:\/\/www.shqiperia.com\/blog\/media-nderkombetare-putin-i-propozoi-trumpit-per-te-transferuar-uraniumin-e-pasuruar-iranian-ne-rusi-por\/","url_meta":{"origin":97107,"position":1},"title":"Media nd\u00ebrkomb\u00ebtare: &#8211; Putin i propozoi Trumpit p\u00ebr t\u00eb transferuar uraniumin e pasuruar iranian n\u00eb Rusi, por\u2026","author":"Kurt Farka","date":"March 14, 2026","format":false,"excerpt":"14 Mars 2026 Presidenti amerikan Donald Trump ka hedhur posht\u00eb nj\u00eb propozim nga homologu i tij rus, Vladimir Putin, p\u00ebr t\u00eb transferuar uraniumin e pasuruar t\u00eb Iranit n\u00eb Rusi, si pjes\u00eb e nj\u00eb marr\u00ebveshjeje p\u00ebr t\u2019i dh\u00ebn\u00eb fund luft\u00ebs kund\u00ebr Teheranit. Lajmi u raportua sot nga agjencia e lajmeve \u201cAxios\u201d.\u2026","rel":"","context":"In &quot;Njoftime Shtypi&quot;","block_context":{"text":"Njoftime Shtypi","link":"https:\/\/www.shqiperia.com\/blog\/category\/njoftime-shtypi\/"},"img":{"alt_text":"","src":"https:\/\/i0.wp.com\/www.shqiperia.com\/blog\/wp-content\/uploads\/2026\/03\/trump-dhe-putin.jpg?fit=1156%2C651&ssl=1&resize=350%2C200","width":350,"height":200,"srcset":"https:\/\/i0.wp.com\/www.shqiperia.com\/blog\/wp-content\/uploads\/2026\/03\/trump-dhe-putin.jpg?fit=1156%2C651&ssl=1&resize=350%2C200 1x, https:\/\/i0.wp.com\/www.shqiperia.com\/blog\/wp-content\/uploads\/2026\/03\/trump-dhe-putin.jpg?fit=1156%2C651&ssl=1&resize=525%2C300 1.5x, https:\/\/i0.wp.com\/www.shqiperia.com\/blog\/wp-content\/uploads\/2026\/03\/trump-dhe-putin.jpg?fit=1156%2C651&ssl=1&resize=700%2C400 2x, https:\/\/i0.wp.com\/www.shqiperia.com\/blog\/wp-content\/uploads\/2026\/03\/trump-dhe-putin.jpg?fit=1156%2C651&ssl=1&resize=1050%2C600 3x"},"classes":[]},{"id":95206,"url":"https:\/\/www.shqiperia.com\/blog\/putin-dyfishon-kerkesat-per-territorin-e-ukraines-perpara-bisedimeve-me-shba-ne-ne-moske\/","url_meta":{"origin":97107,"position":2},"title":"Putin dyfishon k\u00ebrkesat p\u00ebr territorin e Ukrain\u00ebs p\u00ebrpara bisedimeve me SHBA-n\u00eb n\u00eb Mosk\u00eb","author":"Kurt Farka","date":"November 27, 2025","format":false,"excerpt":"27 Nentor 2025 Presidenti Vladimir Putin i ka dyfishuar k\u00ebrkesat e tij kryesore p\u00ebr t\u2019i dh\u00ebn\u00eb fund luft\u00ebs n\u00eb Ukrain\u00eb, duke deklaruar se Rusia do t\u00eb l\u00ebshoj\u00eb arm\u00ebt vet\u00ebm n\u00ebse trupat e Kievit t\u00ebrhiqen nga territori i pretenduar nga Moska Putini ka koh\u00eb q\u00eb k\u00ebrkon njohjen ligjore t\u00eb territoreve ukrainase\u2026","rel":"","context":"In &quot;Blogu i Udh\u00ebtarit&quot;","block_context":{"text":"Blogu i Udh\u00ebtarit","link":"https:\/\/www.shqiperia.com\/blog\/category\/blogu-i-udhetarit\/"},"img":{"alt_text":"","src":"https:\/\/i0.wp.com\/www.shqiperia.com\/blog\/wp-content\/uploads\/2025\/11\/Putini-i-semure-rende-dhe-perdor-nje-sozi-ne-vend-te-tijinsajderi.org_.webp?fit=1200%2C738&ssl=1&resize=350%2C200","width":350,"height":200,"srcset":"https:\/\/i0.wp.com\/www.shqiperia.com\/blog\/wp-content\/uploads\/2025\/11\/Putini-i-semure-rende-dhe-perdor-nje-sozi-ne-vend-te-tijinsajderi.org_.webp?fit=1200%2C738&ssl=1&resize=350%2C200 1x, https:\/\/i0.wp.com\/www.shqiperia.com\/blog\/wp-content\/uploads\/2025\/11\/Putini-i-semure-rende-dhe-perdor-nje-sozi-ne-vend-te-tijinsajderi.org_.webp?fit=1200%2C738&ssl=1&resize=525%2C300 1.5x, https:\/\/i0.wp.com\/www.shqiperia.com\/blog\/wp-content\/uploads\/2025\/11\/Putini-i-semure-rende-dhe-perdor-nje-sozi-ne-vend-te-tijinsajderi.org_.webp?fit=1200%2C738&ssl=1&resize=700%2C400 2x, https:\/\/i0.wp.com\/www.shqiperia.com\/blog\/wp-content\/uploads\/2025\/11\/Putini-i-semure-rende-dhe-perdor-nje-sozi-ne-vend-te-tijinsajderi.org_.webp?fit=1200%2C738&ssl=1&resize=1050%2C600 3x"},"classes":[]},{"id":16138,"url":"https:\/\/www.shqiperia.com\/blog\/deklarata-e-forte-e-putinit-shba-po-destabilizon-ballkanin-situata-shqetesuese\/","url_meta":{"origin":97107,"position":3},"title":"Deklarata e fort\u00eb e Putinit: &#8211; SHBA po destabilizon Ballkanin, situata shqet\u00ebsuese. &#8211;","author":"Kurt Farka","date":"January 16, 2019","format":false,"excerpt":"Deklarata e fort\u00eb e Putinit: - SHBA po destabilizon Ballkanin, situata shqet\u00ebsuese. - \u201cShtetet e Bashkuara po destabilizojn\u00eb Ballkanin duke imponuar rolin e tyre dominues n\u00eb rajon\u201d. Keshtu eshte shprehur presidenti rus, Vladimir Putin, ne nje interviste te dhene per mediat serbe, nje dite para takimit te tij me homologun\u2026","rel":"","context":"In &quot;Blogu i Udh\u00ebtarit&quot;","block_context":{"text":"Blogu i Udh\u00ebtarit","link":"https:\/\/www.shqiperia.com\/blog\/category\/blogu-i-udhetarit\/"},"img":{"alt_text":"","src":"https:\/\/i0.wp.com\/www.shqiperia.com\/blog\/wp-content\/uploads\/2019\/01\/putin.jpg?fit=921%2C533&ssl=1&resize=350%2C200","width":350,"height":200,"srcset":"https:\/\/i0.wp.com\/www.shqiperia.com\/blog\/wp-content\/uploads\/2019\/01\/putin.jpg?fit=921%2C533&ssl=1&resize=350%2C200 1x, https:\/\/i0.wp.com\/www.shqiperia.com\/blog\/wp-content\/uploads\/2019\/01\/putin.jpg?fit=921%2C533&ssl=1&resize=525%2C300 1.5x, https:\/\/i0.wp.com\/www.shqiperia.com\/blog\/wp-content\/uploads\/2019\/01\/putin.jpg?fit=921%2C533&ssl=1&resize=700%2C400 2x"},"classes":[]},{"id":88571,"url":"https:\/\/www.shqiperia.com\/blog\/putin-uron-trump-per-inaugurimin-gati-per\/","url_meta":{"origin":97107,"position":4},"title":"Putin uron Trump p\u00ebr inaugurimin: Gati p\u00ebr\u2026","author":"Kurt Farka","date":"January 20, 2025","format":false,"excerpt":"20 Janar 2025 Presidenti i Rusis\u00eb, Vladimir Putin, ka d\u00ebrguar urimet e tij p\u00ebr presidentin e ardhsh\u00ebm t\u00eb SHBA, Donald Trump, n\u00eb kuad\u00ebr t\u00eb ceremonis\u00eb s\u00eb inaugurimit t\u00eb tij. N\u00eb nj\u00eb fjalim televiziv para K\u00ebshillit t\u00eb Siguris\u00eb Komb\u00ebtare, Putin gjithashtu ka pranuar ftes\u00ebn e Trump p\u00ebr t\u00eb rinisur kontaktet me\u2026","rel":"","context":"In &quot;Blogu i Udh\u00ebtarit&quot;","block_context":{"text":"Blogu i Udh\u00ebtarit","link":"https:\/\/www.shqiperia.com\/blog\/category\/blogu-i-udhetarit\/"},"img":{"alt_text":"","src":"https:\/\/i0.wp.com\/www.shqiperia.com\/blog\/wp-content\/uploads\/2025\/01\/putin-trump.jpg?fit=719%2C401&ssl=1&resize=350%2C200","width":350,"height":200,"srcset":"https:\/\/i0.wp.com\/www.shqiperia.com\/blog\/wp-content\/uploads\/2025\/01\/putin-trump.jpg?fit=719%2C401&ssl=1&resize=350%2C200 1x, https:\/\/i0.wp.com\/www.shqiperia.com\/blog\/wp-content\/uploads\/2025\/01\/putin-trump.jpg?fit=719%2C401&ssl=1&resize=525%2C300 1.5x, https:\/\/i0.wp.com\/www.shqiperia.com\/blog\/wp-content\/uploads\/2025\/01\/putin-trump.jpg?fit=719%2C401&ssl=1&resize=700%2C400 2x"},"classes":[]},{"id":90626,"url":"https:\/\/www.shqiperia.com\/blog\/analiza-nuk-eshte-ne-planet-e-putinit-qe-te-ndaloje-pushtimin-cfare-mund-te-presim-per-luften-ne-ukraine\/","url_meta":{"origin":97107,"position":5},"title":"Analiza\/ Nuk \u00ebsht\u00eb n\u00eb planet e Putinit q\u00eb t\u00eb ndaloj\u00eb pushtimin! &#8211; \u00c7far\u00eb mund t\u00eb presim p\u00ebr luft\u00ebn n\u00eb Ukrain\u00eb?","author":"Kurt Farka","date":"March 21, 2025","format":false,"excerpt":"21 Mars 2025 Nathalie Tocci\/ Nuk jemi ende n\u00eb prag t\u00eb nj\u00eb arm\u00ebpushimi t\u00eb v\u00ebrtet\u00eb dhe t\u00eb q\u00ebndruesh\u00ebm n\u00eb Ukrain\u00eb. Ndoshta do t\u00eb vij\u00eb; ndoshta pas disa muajsh, kush e di. Por p\u00ebr momentin, ashtu si n\u00eb tre vitet e fundit, presidenti rus Vladimir Putin, i cili \u00ebsht\u00eb ende larg\u2026","rel":"","context":"In &quot;Blogu i Udh\u00ebtarit&quot;","block_context":{"text":"Blogu i Udh\u00ebtarit","link":"https:\/\/www.shqiperia.com\/blog\/category\/blogu-i-udhetarit\/"},"img":{"alt_text":"","src":"https:\/\/i0.wp.com\/www.shqiperia.com\/blog\/wp-content\/uploads\/2025\/03\/Putin-sot-eshte-cmenduria-e-botes.jpg?fit=960%2C540&ssl=1&resize=350%2C200","width":350,"height":200,"srcset":"https:\/\/i0.wp.com\/www.shqiperia.com\/blog\/wp-content\/uploads\/2025\/03\/Putin-sot-eshte-cmenduria-e-botes.jpg?fit=960%2C540&ssl=1&resize=350%2C200 1x, https:\/\/i0.wp.com\/www.shqiperia.com\/blog\/wp-content\/uploads\/2025\/03\/Putin-sot-eshte-cmenduria-e-botes.jpg?fit=960%2C540&ssl=1&resize=525%2C300 1.5x, https:\/\/i0.wp.com\/www.shqiperia.com\/blog\/wp-content\/uploads\/2025\/03\/Putin-sot-eshte-cmenduria-e-botes.jpg?fit=960%2C540&ssl=1&resize=700%2C400 2x"},"classes":[]}],"_links":{"self":[{"href":"https:\/\/www.shqiperia.com\/blog\/wp-json\/wp\/v2\/posts\/97107","targetHints":{"allow":["GET"]}}],"collection":[{"href":"https:\/\/www.shqiperia.com\/blog\/wp-json\/wp\/v2\/posts"}],"about":[{"href":"https:\/\/www.shqiperia.com\/blog\/wp-json\/wp\/v2\/types\/post"}],"author":[{"embeddable":true,"href":"https:\/\/www.shqiperia.com\/blog\/wp-json\/wp\/v2\/users\/9"}],"replies":[{"embeddable":true,"href":"https:\/\/www.shqiperia.com\/blog\/wp-json\/wp\/v2\/comments?post=97107"}],"version-history":[{"count":2,"href":"https:\/\/www.shqiperia.com\/blog\/wp-json\/wp\/v2\/posts\/97107\/revisions"}],"predecessor-version":[{"id":97110,"href":"https:\/\/www.shqiperia.com\/blog\/wp-json\/wp\/v2\/posts\/97107\/revisions\/97110"}],"wp:featuredmedia":[{"embeddable":true,"href":"https:\/\/www.shqiperia.com\/blog\/wp-json\/wp\/v2\/media\/97108"}],"wp:attachment":[{"href":"https:\/\/www.shqiperia.com\/blog\/wp-json\/wp\/v2\/media?parent=97107"}],"wp:term":[{"taxonomy":"category","embeddable":true,"href":"https:\/\/www.shqiperia.com\/blog\/wp-json\/wp\/v2\/categories?post=97107"},{"taxonomy":"post_tag","embeddable":true,"href":"https:\/\/www.shqiperia.com\/blog\/wp-json\/wp\/v2\/tags?post=97107"}],"curies":[{"name":"wp","href":"https:\/\/api.w.org\/{rel}","templated":true}]}}