{"id":97104,"date":"2026-01-29T18:19:15","date_gmt":"2026-01-29T18:19:15","guid":{"rendered":"https:\/\/www.shqiperia.com\/blog\/?p=97104"},"modified":"2026-01-29T18:19:15","modified_gmt":"2026-01-29T18:19:15","slug":"spak-ka-prova-qe-balluku-po-intimidon-deshmitaret","status":"publish","type":"post","link":"https:\/\/www.shqiperia.com\/blog\/spak-ka-prova-qe-balluku-po-intimidon-deshmitaret\/","title":{"rendered":"\u201cSPAK ka prova q\u00eb Balluku po intimidon d\u00ebshmitar\u00ebt\u201d"},"content":{"rendered":"<p><img data-recalc-dims=\"1\" loading=\"lazy\" decoding=\"async\" data-attachment-id=\"97105\" data-permalink=\"https:\/\/www.shqiperia.com\/blog\/spak-ka-prova-qe-balluku-po-intimidon-deshmitaret\/belinda-balluku-3\/\" data-orig-file=\"https:\/\/i0.wp.com\/www.shqiperia.com\/blog\/wp-content\/uploads\/2026\/01\/belinda-balluku-1.jpg?fit=800%2C482&amp;ssl=1\" data-orig-size=\"800,482\" data-comments-opened=\"1\" data-image-meta=\"{&quot;aperture&quot;:&quot;0&quot;,&quot;credit&quot;:&quot;&quot;,&quot;camera&quot;:&quot;&quot;,&quot;caption&quot;:&quot;&quot;,&quot;created_timestamp&quot;:&quot;0&quot;,&quot;copyright&quot;:&quot;&quot;,&quot;focal_length&quot;:&quot;0&quot;,&quot;iso&quot;:&quot;0&quot;,&quot;shutter_speed&quot;:&quot;0&quot;,&quot;title&quot;:&quot;&quot;,&quot;orientation&quot;:&quot;0&quot;}\" data-image-title=\"belinda balluku\" data-image-description=\"\" data-image-caption=\"\" data-medium-file=\"https:\/\/i0.wp.com\/www.shqiperia.com\/blog\/wp-content\/uploads\/2026\/01\/belinda-balluku-1.jpg?fit=300%2C181&amp;ssl=1\" data-large-file=\"https:\/\/i0.wp.com\/www.shqiperia.com\/blog\/wp-content\/uploads\/2026\/01\/belinda-balluku-1.jpg?fit=800%2C482&amp;ssl=1\" class=\"alignnone  wp-image-97105\" alt=\"\" src=\"https:\/\/i0.wp.com\/www.shqiperia.com\/blog\/wp-content\/uploads\/2026\/01\/belinda-balluku-1.jpg?resize=665%2C401&#038;ssl=1\" width=\"665\" height=\"401\" srcset=\"https:\/\/i0.wp.com\/www.shqiperia.com\/blog\/wp-content\/uploads\/2026\/01\/belinda-balluku-1.jpg?resize=300%2C181&amp;ssl=1 300w, https:\/\/i0.wp.com\/www.shqiperia.com\/blog\/wp-content\/uploads\/2026\/01\/belinda-balluku-1.jpg?resize=768%2C463&amp;ssl=1 768w, https:\/\/i0.wp.com\/www.shqiperia.com\/blog\/wp-content\/uploads\/2026\/01\/belinda-balluku-1.jpg?resize=450%2C271&amp;ssl=1 450w, https:\/\/i0.wp.com\/www.shqiperia.com\/blog\/wp-content\/uploads\/2026\/01\/belinda-balluku-1.jpg?resize=600%2C362&amp;ssl=1 600w, https:\/\/i0.wp.com\/www.shqiperia.com\/blog\/wp-content\/uploads\/2026\/01\/belinda-balluku-1.jpg?resize=400%2C241&amp;ssl=1 400w, https:\/\/i0.wp.com\/www.shqiperia.com\/blog\/wp-content\/uploads\/2026\/01\/belinda-balluku-1.jpg?w=800&amp;ssl=1 800w\" sizes=\"auto, (max-width: 665px) 100vw, 665px\" \/><\/p>\n<p>29 Janar 2026<\/p>\n<p>Drejtuesi i Departamentit \u201cBrainGrain\u201d n\u00eb PD, Tedi Kopliku, n\u00eb nj\u00eb lidhje me studion e News24, e ka quajtur t\u00eb pakuptimt\u00eb arsyen q\u00eb mazhoranca ka paraqitur p\u00ebr shtyrjen e mbledhjes s\u00eb K\u00ebshillit t\u00eb Mandateve p\u00ebr heqjen e imunitetit t\u00eb zv\/kryeministres Belinda Balluku.<\/p>\n<p>Kopliku tha se SPAK ka prova se Balluku ka nd\u00ebrhyr\u00eb dhe po nd\u00ebrhyn duke intimiduar d\u00ebshmitar\u00ebt, kurse K\u00ebshilli i Mandateve duhet t\u00eb vendos\u00eb heqjen e imunitetit t\u00eb Ballukut.<\/p>\n<p>Ai u shpreh se protestat e PD duhet t\u00eb p\u00ebrshkall\u00ebzohen deri n\u00eb paralizimin e jet\u00ebs publike duke ja b\u00ebr\u00eb t\u00eb pamundur qeveris\u00eb pun\u00ebn, pasi drejt\u00ebsia sot duket se kontrollohet nga Edi Rama.<\/p>\n<p>Tedi Kopliku: Kjo nuk \u00ebsht\u00eb betej\u00eb q\u00eb fitohet me nj\u00eb protest\u00eb apo 2. Duhet t\u00eb p\u00ebrshkall\u00ebzohen revoltat dhe duhet t\u00eb paralizohet jeta publike duke mos i dh\u00ebn\u00eb mund\u00ebsi qeveris\u00eb t\u00eb vijoj\u00eb pun\u00ebn. Ai drejton drejt\u00ebsin\u00eb, po t\u00eb shohim cdo reform\u00eb, nga Agrare deri tek drejt\u00ebsia, ata e quajn\u00eb n\u00ebse e kontrollojn\u00eb totalisht.<\/p>\n<p>Rasti Balluku \u00ebsht\u00eb rasti m\u00eb i qart\u00eb se si kontrollohet drejt\u00ebsia.<\/p>\n<p>K\u00ebshillin e Mandateve e th\u00ebrret kryetari i Kuvendit dhe arsyeja e shtyrjes \u00ebsht\u00eb se duhet t\u00eb pritet vendimi i Kushtetueses, gj\u00eb q\u00eb nuk ka sens. Vendimi n\u00eb GJK ka t\u00eb b\u00ebj\u00eb me pezullimin nga detyra t\u00eb zonj\u00ebs Balluku, kurse K\u00ebshilli i Mandateve duhet t\u00eb vendos\u00eb heqja e imunitetit pasi SPAK ka prova se Balluku ka nd\u00ebrhyr\u00eb dhe po nd\u00ebrhyn duke intimiduar d\u00ebshmitar\u00ebt.<\/p>\n<div><a target=\"_blank\" href=\"https:\/\/www.facebook.com\/groups\/709747609433811\/\" rel=\"noopener\"> Balkanweb<\/a><\/div>\n","protected":false},"excerpt":{"rendered":"<p>29 Janar 2026 Drejtuesi i Departamentit \u201cBrainGrain\u201d n\u00eb PD, Tedi Kopliku, n\u00eb nj\u00eb lidhje me studion e News24, e ka quajtur t\u00eb pakuptimt\u00eb arsyen q\u00eb mazhoranca ka paraqitur p\u00ebr shtyrjen e mbledhjes s\u00eb K\u00ebshillit t\u00eb Mandateve p\u00ebr heqjen e imunitetit t\u00eb zv\/kryeministres Belinda Balluku. Kopliku tha se SPAK ka prova se Balluku ka nd\u00ebrhyr\u00eb dhe [&hellip;]<\/p>\n","protected":false},"author":9,"featured_media":97105,"comment_status":"open","ping_status":"open","sticky":false,"template":"","format":"standard","meta":{"jetpack_post_was_ever_published":false,"_jetpack_newsletter_access":"","_jetpack_dont_email_post_to_subs":false,"_jetpack_newsletter_tier_id":0,"_jetpack_memberships_contains_paywalled_content":false,"_jetpack_memberships_contains_paid_content":false,"footnotes":"","jetpack_publicize_message":"","jetpack_publicize_feature_enabled":true,"jetpack_social_post_already_shared":true,"jetpack_social_options":{"image_generator_settings":{"template":"highway","default_image_id":0,"font":"","enabled":false},"version":2}},"categories":[27,1,2],"tags":[],"class_list":["post-97104","post","type-post","status-publish","format-standard","has-post-thumbnail","hentry","category-blogu-i-udhetarit","category-njoftime-shtypi","category-politika"],"jetpack_publicize_connections":[],"jetpack_featured_media_url":"https:\/\/i0.wp.com\/www.shqiperia.com\/blog\/wp-content\/uploads\/2026\/01\/belinda-balluku-1.jpg?fit=800%2C482&ssl=1","jetpack_sharing_enabled":true,"jetpack_shortlink":"https:\/\/wp.me\/p5Z6wp-pgc","jetpack-related-posts":[{"id":95625,"url":"https:\/\/www.shqiperia.com\/blog\/agron-shehaj-rama-po-kupton-qe-i-ka-ardhur-radha\/","url_meta":{"origin":97104,"position":0},"title":"Agron Shehaj: Rama po kupton q\u00eb i ka ardhur radha","author":"Kurt Farka","date":"December 16, 2025","format":false,"excerpt":"16 Dhjetor 2025 Kryetari i Partis\u00eb Mund\u00ebsia, Agron Shehaj ka reaguar pas k\u00ebrkes\u00ebs q\u00eb Prokuroria e Posa\u00e7me kund\u00ebr Korrupsionit SPAK b\u00ebri n\u00eb Kuvendin e Shqip\u00ebris\u00eb p\u00ebr heqjen e imunitetit t\u00eb deputetit p\u00ebr zv.kryeministren e Shqip\u00ebris\u00eb Belinda Balluku, gj\u00eb q\u00eb i hap rrug\u00ebn mas\u00ebs s\u00eb arrestit ndaj saj. N\u00eb nj\u00eb reagim\u2026","rel":"","context":"In &quot;Blogu i Udh\u00ebtarit&quot;","block_context":{"text":"Blogu i Udh\u00ebtarit","link":"https:\/\/www.shqiperia.com\/blog\/category\/blogu-i-udhetarit\/"},"img":{"alt_text":"","src":"https:\/\/i0.wp.com\/www.shqiperia.com\/blog\/wp-content\/uploads\/2025\/12\/326d1fbd-5517-4e67-a871-820e43d8669c-603x450-1.jpg?fit=603%2C450&ssl=1&resize=350%2C200","width":350,"height":200,"srcset":"https:\/\/i0.wp.com\/www.shqiperia.com\/blog\/wp-content\/uploads\/2025\/12\/326d1fbd-5517-4e67-a871-820e43d8669c-603x450-1.jpg?fit=603%2C450&ssl=1&resize=350%2C200 1x, https:\/\/i0.wp.com\/www.shqiperia.com\/blog\/wp-content\/uploads\/2025\/12\/326d1fbd-5517-4e67-a871-820e43d8669c-603x450-1.jpg?fit=603%2C450&ssl=1&resize=525%2C300 1.5x"},"classes":[]},{"id":97676,"url":"https:\/\/www.shqiperia.com\/blog\/pezullohet-belinda-balluku\/","url_meta":{"origin":97104,"position":1},"title":"Pezullohet Belinda Balluku","author":"Kurt Farka","date":"February 14, 2026","format":false,"excerpt":"14 Shkurt 2026 Kryeministri Edi Rama ka vendosur t\u00eb shkarkoj\u00eb zv\/kryeministren Belinda Balluku, nj\u00eb l\u00ebvizje q\u00eb sh\u00ebnon fundin e nj\u00eb periudhe t\u00eb gjat\u00eb tensioni ligjor dhe politik brenda qeveris\u00eb. Balluku, e pezulluar p\u00ebr muaj me radh\u00eb nga Gjykata e Posa\u00e7me p\u00ebr Korrupsion dhe Krim t\u00eb Organizuar (GJKKO) n\u00ebn hetim p\u00ebr\u2026","rel":"","context":"In &quot;Blogu i Udh\u00ebtarit&quot;","block_context":{"text":"Blogu i Udh\u00ebtarit","link":"https:\/\/www.shqiperia.com\/blog\/category\/blogu-i-udhetarit\/"},"img":{"alt_text":"","src":"https:\/\/i0.wp.com\/www.shqiperia.com\/blog\/wp-content\/uploads\/2026\/02\/rama-balluku1-1140x570-2.jpg?fit=690%2C504&ssl=1&resize=350%2C200","width":350,"height":200,"srcset":"https:\/\/i0.wp.com\/www.shqiperia.com\/blog\/wp-content\/uploads\/2026\/02\/rama-balluku1-1140x570-2.jpg?fit=690%2C504&ssl=1&resize=350%2C200 1x, https:\/\/i0.wp.com\/www.shqiperia.com\/blog\/wp-content\/uploads\/2026\/02\/rama-balluku1-1140x570-2.jpg?fit=690%2C504&ssl=1&resize=525%2C300 1.5x"},"classes":[]},{"id":95801,"url":"https:\/\/www.shqiperia.com\/blog\/kerkesa-e-spak-per-heqjen-e-imunitetit-dhe-arrestimin-e-ballukut-rama-ja-vendimi-qe-do-marrim\/","url_meta":{"origin":97104,"position":2},"title":"K\u00ebrkesa e SPAK p\u00ebr heqjen e imunitetit dhe arrestimin e Ballukut, Rama: &#8211; Ja vendimi q\u00eb do marrim","author":"Kurt Farka","date":"December 22, 2025","format":false,"excerpt":"22 Dhjetor 2025 Kryeministri Edi Rama, ka reaguar s\u00ebrish lidhur me k\u00ebrkes\u00ebn nga SPAK n\u00eb Kuvendin e Shqip\u00ebris\u00eb p\u00ebr heqjen e imunitetit t\u00eb z\u00ebvend\u00ebskryeministres Belinda Balluku, e cila \u00ebsht\u00eb marr\u00eb e pandehur dhe ndodhet n\u00ebn hetim p\u00ebr afera t\u00eb dyshuara korruptive. N\u00eb podcastin e tij \u201cFlasim\u201d,\u00a0Rama u shpreh se \u00ebsht\u00eb\u2026","rel":"","context":"In &quot;Blogu i Udh\u00ebtarit&quot;","block_context":{"text":"Blogu i Udh\u00ebtarit","link":"https:\/\/www.shqiperia.com\/blog\/category\/blogu-i-udhetarit\/"},"img":{"alt_text":"","src":"https:\/\/i0.wp.com\/www.shqiperia.com\/blog\/wp-content\/uploads\/2025\/12\/900-0-1730463866xscreenshot-8-361.png?fit=900%2C550&ssl=1&resize=350%2C200","width":350,"height":200,"srcset":"https:\/\/i0.wp.com\/www.shqiperia.com\/blog\/wp-content\/uploads\/2025\/12\/900-0-1730463866xscreenshot-8-361.png?fit=900%2C550&ssl=1&resize=350%2C200 1x, https:\/\/i0.wp.com\/www.shqiperia.com\/blog\/wp-content\/uploads\/2025\/12\/900-0-1730463866xscreenshot-8-361.png?fit=900%2C550&ssl=1&resize=525%2C300 1.5x, https:\/\/i0.wp.com\/www.shqiperia.com\/blog\/wp-content\/uploads\/2025\/12\/900-0-1730463866xscreenshot-8-361.png?fit=900%2C550&ssl=1&resize=700%2C400 2x"},"classes":[]},{"id":98586,"url":"https:\/\/www.shqiperia.com\/blog\/flash-i-me-provat-e-ballukut-si-dosja-epstein\/","url_meta":{"origin":97104,"position":3},"title":"\u201cFlash\u201d-i me provat e Ballukut, si dosja \u201cEpstein\u201d","author":"Kurt Farka","date":"March 23, 2026","format":false,"excerpt":"23 Mars 2026 NGA VALENTINA MADANI Flitet shum\u00eb, por qytetar\u00ebt din\u00eb shum\u00eb pak! Ky \u00ebsht\u00eb realiteti i asaj q\u00eb po ndodh me dosjen \u201cBalluku\u201d, nj\u00eb histori q\u00eb po merr gjithnj\u00eb e m\u00eb shum\u00eb trajtat e nj\u00eb enigme publike, ku p\u00ebrmenden prova, USB dhe dokumente, por asgj\u00eb nuk publikohet plot\u00ebsisht. Nj\u00eb\u2026","rel":"","context":"In &quot;Blogu i Udh\u00ebtarit&quot;","block_context":{"text":"Blogu i Udh\u00ebtarit","link":"https:\/\/www.shqiperia.com\/blog\/category\/blogu-i-udhetarit\/"},"img":{"alt_text":"","src":"https:\/\/i0.wp.com\/www.shqiperia.com\/blog\/wp-content\/uploads\/2026\/03\/Belinda-Balluku1-2.jpg?fit=800%2C451&ssl=1&resize=350%2C200","width":350,"height":200,"srcset":"https:\/\/i0.wp.com\/www.shqiperia.com\/blog\/wp-content\/uploads\/2026\/03\/Belinda-Balluku1-2.jpg?fit=800%2C451&ssl=1&resize=350%2C200 1x, https:\/\/i0.wp.com\/www.shqiperia.com\/blog\/wp-content\/uploads\/2026\/03\/Belinda-Balluku1-2.jpg?fit=800%2C451&ssl=1&resize=525%2C300 1.5x, https:\/\/i0.wp.com\/www.shqiperia.com\/blog\/wp-content\/uploads\/2026\/03\/Belinda-Balluku1-2.jpg?fit=800%2C451&ssl=1&resize=700%2C400 2x"},"classes":[]},{"id":98099,"url":"https:\/\/www.shqiperia.com\/blog\/dalin-te-dhenat-tronditese-si-i-kercenonte-balluku-deshmitaret-me-kriminele-cfare-foli-me-bandat-per-11-minuta\/","url_meta":{"origin":97104,"position":4},"title":"Dalin t\u00eb dh\u00ebnat trondit\u00ebse, si i k\u00ebrc\u00ebnonte Balluku d\u00ebshmitar\u00ebt me kriminel\u00eb, \u00e7far\u00eb foli me bandat p\u00ebr 11 minuta\u2026","author":"Kurt Farka","date":"March 3, 2026","format":false,"excerpt":"3 Mars 2026 M\u00eb 20 n\u00ebntor 2025, \u201c3 furgon\u00eb\u201d p\u00ebrgjime n\u00eb dosje dhe dy vila pushimi n\u00eb Drimadhes, ja kush \u00ebsht\u00eb besniku i ish-ministres q\u00eb hapi \u201cKutin\u00eb e Pandor\u00ebs\u201d n\u00eb SPAK Kat\u00ebr muaj pasi Balluku u mor e pandehur p\u00ebr shkelje t\u00eb barazis\u00eb\u00a0p\u00ebr tenderin e Tunelit t\u00eb Llogaras\u00eb, pozita e\u2026","rel":"","context":"In &quot;Njoftime Shtypi&quot;","block_context":{"text":"Njoftime Shtypi","link":"https:\/\/www.shqiperia.com\/blog\/category\/njoftime-shtypi\/"},"img":{"alt_text":"","src":"https:\/\/i0.wp.com\/www.shqiperia.com\/blog\/wp-content\/uploads\/2026\/03\/politika-5-1.jpg?fit=500%2C327&ssl=1&resize=350%2C200","width":350,"height":200},"classes":[]},{"id":96550,"url":"https:\/\/www.shqiperia.com\/blog\/spak-kerkon-arrestimin-e-ballukut-kuvendi-ne-28-janar-mbledhja-e-keshillit-te-mandateve-dhe-imunitetit\/","url_meta":{"origin":97104,"position":5},"title":"SPAK k\u00ebrkon arrestimin e Ballukut, Kuvendi: &#8211; N\u00eb 28 janar, mbledhja e K\u00ebshillit t\u00eb Mandateve dhe Imunitetit","author":"Kurt Farka","date":"January 13, 2026","format":false,"excerpt":"13 Janar 2026 K\u00ebshilli p\u00ebr Rregulloren, Mandatet dhe Imunitetet do t\u00eb mblidhet n\u00eb dat\u00ebn 28 janar ora 12:00, p\u00ebr \u00e7\u00ebshtjen \u2018Balluku\u2019. Sipas urdh\u00ebrit t\u00eb kryeparlamentarit Niko Peleshi, k\u00ebrkesa e SPAK per t\u2019i hequr imunitetin zv.kryeministres Belinda Ballukut do t\u00eb shqyrtohet nj\u00eb jav\u00eb pasi Gjykata Kushtetuese do t\u00eb ket\u00eb shqyrtuar ankimimin\u2026","rel":"","context":"In &quot;Blogu i Udh\u00ebtarit&quot;","block_context":{"text":"Blogu i Udh\u00ebtarit","link":"https:\/\/www.shqiperia.com\/blog\/category\/blogu-i-udhetarit\/"},"img":{"alt_text":"","src":"https:\/\/i0.wp.com\/www.shqiperia.com\/blog\/wp-content\/uploads\/2026\/01\/images-1.jpg?resize=350%2C200&ssl=1","width":350,"height":200,"srcset":"https:\/\/i0.wp.com\/www.shqiperia.com\/blog\/wp-content\/uploads\/2026\/01\/images-1.jpg?resize=350%2C200&ssl=1 1x, https:\/\/i0.wp.com\/www.shqiperia.com\/blog\/wp-content\/uploads\/2026\/01\/images-1.jpg?resize=525%2C300&ssl=1 1.5x"},"classes":[]}],"_links":{"self":[{"href":"https:\/\/www.shqiperia.com\/blog\/wp-json\/wp\/v2\/posts\/97104","targetHints":{"allow":["GET"]}}],"collection":[{"href":"https:\/\/www.shqiperia.com\/blog\/wp-json\/wp\/v2\/posts"}],"about":[{"href":"https:\/\/www.shqiperia.com\/blog\/wp-json\/wp\/v2\/types\/post"}],"author":[{"embeddable":true,"href":"https:\/\/www.shqiperia.com\/blog\/wp-json\/wp\/v2\/users\/9"}],"replies":[{"embeddable":true,"href":"https:\/\/www.shqiperia.com\/blog\/wp-json\/wp\/v2\/comments?post=97104"}],"version-history":[{"count":1,"href":"https:\/\/www.shqiperia.com\/blog\/wp-json\/wp\/v2\/posts\/97104\/revisions"}],"predecessor-version":[{"id":97106,"href":"https:\/\/www.shqiperia.com\/blog\/wp-json\/wp\/v2\/posts\/97104\/revisions\/97106"}],"wp:featuredmedia":[{"embeddable":true,"href":"https:\/\/www.shqiperia.com\/blog\/wp-json\/wp\/v2\/media\/97105"}],"wp:attachment":[{"href":"https:\/\/www.shqiperia.com\/blog\/wp-json\/wp\/v2\/media?parent=97104"}],"wp:term":[{"taxonomy":"category","embeddable":true,"href":"https:\/\/www.shqiperia.com\/blog\/wp-json\/wp\/v2\/categories?post=97104"},{"taxonomy":"post_tag","embeddable":true,"href":"https:\/\/www.shqiperia.com\/blog\/wp-json\/wp\/v2\/tags?post=97104"}],"curies":[{"name":"wp","href":"https:\/\/api.w.org\/{rel}","templated":true}]}}