{"id":97101,"date":"2026-01-29T18:09:50","date_gmt":"2026-01-29T18:09:50","guid":{"rendered":"https:\/\/www.shqiperia.com\/blog\/?p=97101"},"modified":"2026-01-29T18:09:50","modified_gmt":"2026-01-29T18:09:50","slug":"spak-ka-regjistruar-procedimin-penal-ndaj-kryetarit-te-kuvendit-per-mos-mbledhjen-e-keshillit-te-mandateve","status":"publish","type":"post","link":"https:\/\/www.shqiperia.com\/blog\/spak-ka-regjistruar-procedimin-penal-ndaj-kryetarit-te-kuvendit-per-mos-mbledhjen-e-keshillit-te-mandateve\/","title":{"rendered":"SPAK ka regjistruar procedimin penal ndaj Kryetarit te Kuvendit, p\u00ebr mos mbledhjen e k\u00ebshillit t\u00eb mandateve."},"content":{"rendered":"<p><img data-recalc-dims=\"1\" loading=\"lazy\" decoding=\"async\" data-attachment-id=\"97102\" data-permalink=\"https:\/\/www.shqiperia.com\/blog\/spak-ka-regjistruar-procedimin-penal-ndaj-kryetarit-te-kuvendit-per-mos-mbledhjen-e-keshillit-te-mandateve\/niko-peleshi-3\/\" data-orig-file=\"https:\/\/i0.wp.com\/www.shqiperia.com\/blog\/wp-content\/uploads\/2026\/01\/Niko-Peleshi.webp?fit=1245%2C700&amp;ssl=1\" data-orig-size=\"1245,700\" data-comments-opened=\"1\" data-image-meta=\"{&quot;aperture&quot;:&quot;0&quot;,&quot;credit&quot;:&quot;&quot;,&quot;camera&quot;:&quot;&quot;,&quot;caption&quot;:&quot;&quot;,&quot;created_timestamp&quot;:&quot;0&quot;,&quot;copyright&quot;:&quot;&quot;,&quot;focal_length&quot;:&quot;0&quot;,&quot;iso&quot;:&quot;0&quot;,&quot;shutter_speed&quot;:&quot;0&quot;,&quot;title&quot;:&quot;&quot;,&quot;orientation&quot;:&quot;0&quot;}\" data-image-title=\"Niko Peleshi\" data-image-description=\"\" data-image-caption=\"\" data-medium-file=\"https:\/\/i0.wp.com\/www.shqiperia.com\/blog\/wp-content\/uploads\/2026\/01\/Niko-Peleshi.webp?fit=300%2C169&amp;ssl=1\" data-large-file=\"https:\/\/i0.wp.com\/www.shqiperia.com\/blog\/wp-content\/uploads\/2026\/01\/Niko-Peleshi.webp?fit=1024%2C576&amp;ssl=1\" class=\"alignnone  wp-image-97102\" alt=\"\" src=\"https:\/\/i0.wp.com\/www.shqiperia.com\/blog\/wp-content\/uploads\/2026\/01\/Niko-Peleshi.webp?resize=708%2C399&#038;ssl=1\" width=\"708\" height=\"399\" srcset=\"https:\/\/i0.wp.com\/www.shqiperia.com\/blog\/wp-content\/uploads\/2026\/01\/Niko-Peleshi.webp?resize=300%2C169&amp;ssl=1 300w, https:\/\/i0.wp.com\/www.shqiperia.com\/blog\/wp-content\/uploads\/2026\/01\/Niko-Peleshi.webp?resize=1024%2C576&amp;ssl=1 1024w, https:\/\/i0.wp.com\/www.shqiperia.com\/blog\/wp-content\/uploads\/2026\/01\/Niko-Peleshi.webp?resize=768%2C432&amp;ssl=1 768w, https:\/\/i0.wp.com\/www.shqiperia.com\/blog\/wp-content\/uploads\/2026\/01\/Niko-Peleshi.webp?resize=450%2C253&amp;ssl=1 450w, https:\/\/i0.wp.com\/www.shqiperia.com\/blog\/wp-content\/uploads\/2026\/01\/Niko-Peleshi.webp?resize=600%2C337&amp;ssl=1 600w, https:\/\/i0.wp.com\/www.shqiperia.com\/blog\/wp-content\/uploads\/2026\/01\/Niko-Peleshi.webp?resize=400%2C225&amp;ssl=1 400w, https:\/\/i0.wp.com\/www.shqiperia.com\/blog\/wp-content\/uploads\/2026\/01\/Niko-Peleshi.webp?w=1245&amp;ssl=1 1245w\" sizes=\"auto, (max-width: 708px) 100vw, 708px\" \/><\/p>\n<p><span>29 Janar 2026<\/span><\/p>\n<p><span>Konferenca e Kryetar\u00ebve u p\u00ebrfshi sot nga debate mes opozit\u00ebs he maxhoranc\u00ebs p\u00ebr c\u00ebshtjen e shtyrjes s\u00eb mbledhjes s\u00eb k\u00ebshillit t\u00eb mantave q\u00eb do shqyrtonte k\u00ebrk\u00ebs\u00ebn e spak p\u00ebr imunitetin e Ballukut. <\/span><\/p>\n<p><span>N\u00eb debat e sip\u00ebr, Gazment Bardhi njoftoi Konferencen e Kryetareve se SPAK ka regjistruar procedimin penal mbi kall\u00ebzimin qe ka bere ai n\u00eb em\u00ebr t\u00eb PD ndaj Kryetarit te Kuvendit, p\u00ebr mos mbledhjen e k\u00ebshillit t\u00eb mandateve.<\/span><\/p>\n<p><span>Nga: Top News<\/span><\/p>\n","protected":false},"excerpt":{"rendered":"<p>29 Janar 2026 Konferenca e Kryetar\u00ebve u p\u00ebrfshi sot nga debate mes opozit\u00ebs he maxhoranc\u00ebs p\u00ebr c\u00ebshtjen e shtyrjes s\u00eb mbledhjes s\u00eb k\u00ebshillit t\u00eb mantave q\u00eb do shqyrtonte k\u00ebrk\u00ebs\u00ebn e spak p\u00ebr imunitetin e Ballukut. N\u00eb debat e sip\u00ebr, Gazment Bardhi njoftoi Konferencen e Kryetareve se SPAK ka regjistruar procedimin penal mbi kall\u00ebzimin qe ka [&hellip;]<\/p>\n","protected":false},"author":9,"featured_media":97102,"comment_status":"open","ping_status":"open","sticky":false,"template":"","format":"standard","meta":{"jetpack_post_was_ever_published":false,"_jetpack_newsletter_access":"","_jetpack_dont_email_post_to_subs":false,"_jetpack_newsletter_tier_id":0,"_jetpack_memberships_contains_paywalled_content":false,"_jetpack_memberships_contains_paid_content":false,"footnotes":"","jetpack_publicize_message":"","jetpack_publicize_feature_enabled":true,"jetpack_social_post_already_shared":true,"jetpack_social_options":{"image_generator_settings":{"template":"highway","default_image_id":0,"font":"","enabled":false},"version":2}},"categories":[27,1],"tags":[],"class_list":["post-97101","post","type-post","status-publish","format-standard","has-post-thumbnail","hentry","category-blogu-i-udhetarit","category-njoftime-shtypi"],"jetpack_publicize_connections":[],"jetpack_featured_media_url":"https:\/\/i0.wp.com\/www.shqiperia.com\/blog\/wp-content\/uploads\/2026\/01\/Niko-Peleshi.webp?fit=1245%2C700&ssl=1","jetpack_sharing_enabled":true,"jetpack_shortlink":"https:\/\/wp.me\/p5Z6wp-pg9","jetpack-related-posts":[{"id":95656,"url":"https:\/\/www.shqiperia.com\/blog\/provat-sekrete-te-spak-per-ballukun-ne-kasaforten-e-kuvendit-peleshi-do-hapen-ne-pranine-e-prokurorit-pd-duam-usb-ne-ja-strategjia-e-ps-ne-mbledhjen-e-keshillit\/","url_meta":{"origin":97101,"position":0},"title":"Provat sekrete t\u00eb SPAK p\u00ebr Ballukun n\u00eb kasafort\u00ebn e Kuvendit, Peleshi: &#8211; Do hapen n\u00eb pranin\u00eb e prokurorit. PD: Duam USB-n\u00eb. Ja strategjia e PS n\u00eb mbledhjen e K\u00ebshillit","author":"Kurt Farka","date":"December 17, 2025","format":false,"excerpt":"17 Dhjetor 2025 Nga: Top Channel I vetmi dokument i b\u00ebr\u00eb publik deri m\u00eb tani me firm\u00ebn e Altin Dumanit d\u00ebrguar Kuvendit, \u00ebsht\u00eb ai ku k\u00ebrkohet autorizim p\u00ebr arrestimin e numrit dy t\u00eb qeveris\u00eb, zv.kryeministres Belinda Balluku. Por krahas k\u00ebtij dokumenti. Sipas burimeve t\u00eb Top Channel, SPAK n\u00eb kryesin\u00eb e\u2026","rel":"","context":"In &quot;Blogu i Udh\u00ebtarit&quot;","block_context":{"text":"Blogu i Udh\u00ebtarit","link":"https:\/\/www.shqiperia.com\/blog\/category\/blogu-i-udhetarit\/"},"img":{"alt_text":"","src":"https:\/\/i0.wp.com\/www.shqiperia.com\/blog\/wp-content\/uploads\/2025\/12\/1765972664_belindaballukudhenikopeleshi.jpg?fit=780%2C440&ssl=1&resize=350%2C200","width":350,"height":200,"srcset":"https:\/\/i0.wp.com\/www.shqiperia.com\/blog\/wp-content\/uploads\/2025\/12\/1765972664_belindaballukudhenikopeleshi.jpg?fit=780%2C440&ssl=1&resize=350%2C200 1x, https:\/\/i0.wp.com\/www.shqiperia.com\/blog\/wp-content\/uploads\/2025\/12\/1765972664_belindaballukudhenikopeleshi.jpg?fit=780%2C440&ssl=1&resize=525%2C300 1.5x, https:\/\/i0.wp.com\/www.shqiperia.com\/blog\/wp-content\/uploads\/2025\/12\/1765972664_belindaballukudhenikopeleshi.jpg?fit=780%2C440&ssl=1&resize=700%2C400 2x"},"classes":[]},{"id":79849,"url":"https:\/\/www.shqiperia.com\/blog\/keshilli-i-mandateve-mblidhet-te-henen-per-olta-xhacken-debat-ne-konferencen-e-kryetareve\/","url_meta":{"origin":97101,"position":1},"title":"\u201cK\u00ebshilli i Mandateve mblidhet t\u00eb h\u00ebn\u00ebn p\u00ebr Olta Xha\u00e7k\u00ebn\u201d, debat n\u00eb Konferenc\u00ebn e Kryetar\u00ebve","author":"Kurt Farka","date":"April 3, 2024","format":false,"excerpt":"3 Prrill 2024 Mbledhja e K\u00ebshillit t\u00eb Mandateve do zhvillohet t\u00eb h\u00ebn\u00ebn lidhur me \u00e7\u00ebshtjen e mandatit t\u00eb deputetes Olta Xha\u00e7ka. Nd\u00ebrkoh\u00eb q\u00eb nuk ka munguar debati n\u00eb Konferenc\u00ebn e Kryetar\u00ebve mes kreut t\u00eb grupit parlamentar t\u00eb PD, Gazment Bardhit dhe kryetares s\u00eb Kuvendit, Lindita Nikolla. Bardhi i \u00ebsht\u00eb drejtuar\u2026","rel":"","context":"In &quot;Blogu i Udh\u00ebtarit&quot;","block_context":{"text":"Blogu i Udh\u00ebtarit","link":"https:\/\/www.shqiperia.com\/blog\/category\/blogu-i-udhetarit\/"},"img":{"alt_text":"","src":"https:\/\/i0.wp.com\/www.shqiperia.com\/blog\/wp-content\/uploads\/2024\/04\/images-1.jpg?resize=350%2C200&ssl=1","width":350,"height":200,"srcset":"https:\/\/i0.wp.com\/www.shqiperia.com\/blog\/wp-content\/uploads\/2024\/04\/images-1.jpg?resize=350%2C200&ssl=1 1x, https:\/\/i0.wp.com\/www.shqiperia.com\/blog\/wp-content\/uploads\/2024\/04\/images-1.jpg?resize=525%2C300&ssl=1 1.5x, https:\/\/i0.wp.com\/www.shqiperia.com\/blog\/wp-content\/uploads\/2024\/04\/images-1.jpg?resize=700%2C400&ssl=1 2x"},"classes":[]},{"id":70371,"url":"https:\/\/www.shqiperia.com\/blog\/mcgonigal-edi-rama-ne-spak-ish-prokurori-leterporosia-nga-shba-eshte-derguar\/","url_meta":{"origin":97101,"position":2},"title":"\u201cMcGonigal &#8211; Edi Rama\u201d n\u00eb SPAK? Ish-prokurori: &#8211; Let\u00ebrporosia nga SHBA \u00ebsht\u00eb d\u00ebrguar","author":"Kurt Farka","date":"April 2, 2023","format":false,"excerpt":"2 Prill 2023 Ish-prokurori i Krimeve t\u00eb R\u00ebnda Besnik Mu\u00e7i, i ftuar n\u00eb emisionin \u201cRevie\u00eb\u201d,\u00a0 n\u00eb Euronews albania u shpreh se \u00ebsht\u00eb i sigurt q\u00eb SHBA ka d\u00ebrguar nj\u00eb let\u00ebrporosi n\u00eb SPAk p\u00ebr \u00e7\u00ebshtjen McGonigal. Sipas ish-prokurorit SPAK duhet ta ket\u00eb nisur patjet\u00ebr nj\u00eb hetim p\u00ebr k\u00ebt\u00eb \u00e7\u00ebshtje pasi nga\u2026","rel":"","context":"In &quot;Blogu i Udh\u00ebtarit&quot;","block_context":{"text":"Blogu i Udh\u00ebtarit","link":"https:\/\/www.shqiperia.com\/blog\/category\/blogu-i-udhetarit\/"},"img":{"alt_text":"","src":"https:\/\/i0.wp.com\/www.shqiperia.com\/blog\/wp-content\/uploads\/2023\/04\/640-0-96484d7812daa733e30b507d1676a26b.png?fit=640%2C383&ssl=1&resize=350%2C200","width":350,"height":200,"srcset":"https:\/\/i0.wp.com\/www.shqiperia.com\/blog\/wp-content\/uploads\/2023\/04\/640-0-96484d7812daa733e30b507d1676a26b.png?fit=640%2C383&ssl=1&resize=350%2C200 1x, https:\/\/i0.wp.com\/www.shqiperia.com\/blog\/wp-content\/uploads\/2023\/04\/640-0-96484d7812daa733e30b507d1676a26b.png?fit=640%2C383&ssl=1&resize=525%2C300 1.5x"},"classes":[]},{"id":95680,"url":"https:\/\/www.shqiperia.com\/blog\/tre-prokurore-ne-salle-spak-kerkon-arrestimin-e-ballukut-nis-mblidhja-e-keshillit-te-mandateve-per-zv-kryeministren\/","url_meta":{"origin":97101,"position":3},"title":"Tre prokuror\u00eb n\u00eb sall\u00eb\/ SPAK k\u00ebrkon arrestimin e Ballukut, nis mblidhja e K\u00ebshillit t\u00eb Mandateve p\u00ebr zv.kryeministren","author":"Kurt Farka","date":"December 19, 2025","format":false,"excerpt":"19 Dhjetor 2025 Nis mbledhja e K\u00ebshillit te Mandateve dhe Imunitetit ku do t\u00eb shqyrtohet k\u00ebrkesa e SPAK p\u00ebr autorizimin p\u00ebr arrestimin e z\u00ebvend\u00ebskryeministres, Belinda Balluku. T\u00eb pranish\u00ebm jan\u00eb 3 prokuror\u00eb, mes tyre kreu i ri i SPAK, Klodian Braho, Dritan Pren\u00e7i dhe Dorina Bejko. Po ashtu raportohet se n\u00eb\u2026","rel":"","context":"In &quot;Blogu i Udh\u00ebtarit&quot;","block_context":{"text":"Blogu i Udh\u00ebtarit","link":"https:\/\/www.shqiperia.com\/blog\/category\/blogu-i-udhetarit\/"},"img":{"alt_text":"","src":"https:\/\/i0.wp.com\/www.shqiperia.com\/blog\/wp-content\/uploads\/2025\/12\/balluku-655x450-1.jpg?fit=655%2C450&ssl=1&resize=350%2C200","width":350,"height":200,"srcset":"https:\/\/i0.wp.com\/www.shqiperia.com\/blog\/wp-content\/uploads\/2025\/12\/balluku-655x450-1.jpg?fit=655%2C450&ssl=1&resize=350%2C200 1x, https:\/\/i0.wp.com\/www.shqiperia.com\/blog\/wp-content\/uploads\/2025\/12\/balluku-655x450-1.jpg?fit=655%2C450&ssl=1&resize=525%2C300 1.5x"},"classes":[]},{"id":97104,"url":"https:\/\/www.shqiperia.com\/blog\/spak-ka-prova-qe-balluku-po-intimidon-deshmitaret\/","url_meta":{"origin":97101,"position":4},"title":"\u201cSPAK ka prova q\u00eb Balluku po intimidon d\u00ebshmitar\u00ebt\u201d","author":"Kurt Farka","date":"January 29, 2026","format":false,"excerpt":"29 Janar 2026 Drejtuesi i Departamentit \u201cBrainGrain\u201d n\u00eb PD, Tedi Kopliku, n\u00eb nj\u00eb lidhje me studion e News24, e ka quajtur t\u00eb pakuptimt\u00eb arsyen q\u00eb mazhoranca ka paraqitur p\u00ebr shtyrjen e mbledhjes s\u00eb K\u00ebshillit t\u00eb Mandateve p\u00ebr heqjen e imunitetit t\u00eb zv\/kryeministres Belinda Balluku. Kopliku tha se SPAK ka prova\u2026","rel":"","context":"In &quot;Blogu i Udh\u00ebtarit&quot;","block_context":{"text":"Blogu i Udh\u00ebtarit","link":"https:\/\/www.shqiperia.com\/blog\/category\/blogu-i-udhetarit\/"},"img":{"alt_text":"","src":"https:\/\/i0.wp.com\/www.shqiperia.com\/blog\/wp-content\/uploads\/2026\/01\/belinda-balluku-1.jpg?fit=800%2C482&ssl=1&resize=350%2C200","width":350,"height":200,"srcset":"https:\/\/i0.wp.com\/www.shqiperia.com\/blog\/wp-content\/uploads\/2026\/01\/belinda-balluku-1.jpg?fit=800%2C482&ssl=1&resize=350%2C200 1x, https:\/\/i0.wp.com\/www.shqiperia.com\/blog\/wp-content\/uploads\/2026\/01\/belinda-balluku-1.jpg?fit=800%2C482&ssl=1&resize=525%2C300 1.5x, https:\/\/i0.wp.com\/www.shqiperia.com\/blog\/wp-content\/uploads\/2026\/01\/belinda-balluku-1.jpg?fit=800%2C482&ssl=1&resize=700%2C400 2x"},"classes":[]},{"id":84655,"url":"https:\/\/www.shqiperia.com\/blog\/u-njoftua-ndarja-nga-jeta-e-bogdanit-spiropali-nderpret-urgjentisht-mbledhjen-e-keshillit-te-mandateve\/","url_meta":{"origin":97101,"position":5},"title":"U njoftua ndarja nga jeta e Bogdanit, Spiropali nd\u00ebrpret urgjentisht mbledhjen e K\u00ebshillit t\u00eb Mandateve","author":"Kurt Farka","date":"September 18, 2024","format":false,"excerpt":"18 Shtator 2024 K\u00ebshilli i Mandateve dhe Imuniteteve nd\u00ebrpreu mbledhjen ku po diskutonte mbi \u00e7\u00ebshtjen e mandatit t\u00eb deputetit Vullnet Sinaj, pas lajmit p\u00ebr ndarjen nga jeta t\u00eb ish-deputetit t\u00eb PD-s\u00eb, Gerti Bogdani. Kreu i Grupit Parlamentar t\u00eb PD-s\u00eb, Gazment Bardhi, k\u00ebrkoi shtyrjen e mbledhjes, duke njoftuar deputet\u00ebt se nj\u00eb\u2026","rel":"","context":"In &quot;Blogu i Udh\u00ebtarit&quot;","block_context":{"text":"Blogu i Udh\u00ebtarit","link":"https:\/\/www.shqiperia.com\/blog\/category\/blogu-i-udhetarit\/"},"img":{"alt_text":"","src":"https:\/\/i0.wp.com\/www.shqiperia.com\/blog\/wp-content\/uploads\/2024\/09\/640-0-mandatet-837.jpg?fit=640%2C460&ssl=1&resize=350%2C200","width":350,"height":200,"srcset":"https:\/\/i0.wp.com\/www.shqiperia.com\/blog\/wp-content\/uploads\/2024\/09\/640-0-mandatet-837.jpg?fit=640%2C460&ssl=1&resize=350%2C200 1x, https:\/\/i0.wp.com\/www.shqiperia.com\/blog\/wp-content\/uploads\/2024\/09\/640-0-mandatet-837.jpg?fit=640%2C460&ssl=1&resize=525%2C300 1.5x"},"classes":[]}],"_links":{"self":[{"href":"https:\/\/www.shqiperia.com\/blog\/wp-json\/wp\/v2\/posts\/97101","targetHints":{"allow":["GET"]}}],"collection":[{"href":"https:\/\/www.shqiperia.com\/blog\/wp-json\/wp\/v2\/posts"}],"about":[{"href":"https:\/\/www.shqiperia.com\/blog\/wp-json\/wp\/v2\/types\/post"}],"author":[{"embeddable":true,"href":"https:\/\/www.shqiperia.com\/blog\/wp-json\/wp\/v2\/users\/9"}],"replies":[{"embeddable":true,"href":"https:\/\/www.shqiperia.com\/blog\/wp-json\/wp\/v2\/comments?post=97101"}],"version-history":[{"count":1,"href":"https:\/\/www.shqiperia.com\/blog\/wp-json\/wp\/v2\/posts\/97101\/revisions"}],"predecessor-version":[{"id":97103,"href":"https:\/\/www.shqiperia.com\/blog\/wp-json\/wp\/v2\/posts\/97101\/revisions\/97103"}],"wp:featuredmedia":[{"embeddable":true,"href":"https:\/\/www.shqiperia.com\/blog\/wp-json\/wp\/v2\/media\/97102"}],"wp:attachment":[{"href":"https:\/\/www.shqiperia.com\/blog\/wp-json\/wp\/v2\/media?parent=97101"}],"wp:term":[{"taxonomy":"category","embeddable":true,"href":"https:\/\/www.shqiperia.com\/blog\/wp-json\/wp\/v2\/categories?post=97101"},{"taxonomy":"post_tag","embeddable":true,"href":"https:\/\/www.shqiperia.com\/blog\/wp-json\/wp\/v2\/tags?post=97101"}],"curies":[{"name":"wp","href":"https:\/\/api.w.org\/{rel}","templated":true}]}}