{"id":97098,"date":"2026-01-29T18:03:47","date_gmt":"2026-01-29T18:03:47","guid":{"rendered":"https:\/\/www.shqiperia.com\/blog\/?p=97098"},"modified":"2026-01-29T18:03:47","modified_gmt":"2026-01-29T18:03:47","slug":"raportuesi-i-shqiperise-ne-pe-takime-me-ps-e-pd-ne-kuvend-duhet-konsensus","status":"publish","type":"post","link":"https:\/\/www.shqiperia.com\/blog\/raportuesi-i-shqiperise-ne-pe-takime-me-ps-e-pd-ne-kuvend-duhet-konsensus\/","title":{"rendered":"Raportuesi i Shqip\u00ebris\u00eb n\u00eb PE. Takime me PS e PD n\u00eb Kuvend: Duhet konsensus"},"content":{"rendered":"<p><img data-recalc-dims=\"1\" loading=\"lazy\" decoding=\"async\" data-attachment-id=\"97099\" data-permalink=\"https:\/\/www.shqiperia.com\/blog\/raportuesi-i-shqiperise-ne-pe-takime-me-ps-e-pd-ne-kuvend-duhet-konsensus\/maxresdefault-102\/\" data-orig-file=\"https:\/\/i0.wp.com\/www.shqiperia.com\/blog\/wp-content\/uploads\/2026\/01\/maxresdefault-1.jpg?fit=1280%2C720&amp;ssl=1\" data-orig-size=\"1280,720\" data-comments-opened=\"1\" data-image-meta=\"{&quot;aperture&quot;:&quot;0&quot;,&quot;credit&quot;:&quot;&quot;,&quot;camera&quot;:&quot;&quot;,&quot;caption&quot;:&quot;&quot;,&quot;created_timestamp&quot;:&quot;0&quot;,&quot;copyright&quot;:&quot;&quot;,&quot;focal_length&quot;:&quot;0&quot;,&quot;iso&quot;:&quot;0&quot;,&quot;shutter_speed&quot;:&quot;0&quot;,&quot;title&quot;:&quot;&quot;,&quot;orientation&quot;:&quot;0&quot;}\" data-image-title=\"maxresdefault\" data-image-description=\"\" data-image-caption=\"\" data-medium-file=\"https:\/\/i0.wp.com\/www.shqiperia.com\/blog\/wp-content\/uploads\/2026\/01\/maxresdefault-1.jpg?fit=300%2C169&amp;ssl=1\" data-large-file=\"https:\/\/i0.wp.com\/www.shqiperia.com\/blog\/wp-content\/uploads\/2026\/01\/maxresdefault-1.jpg?fit=1024%2C576&amp;ssl=1\" class=\"alignnone  wp-image-97099\" alt=\"\" src=\"https:\/\/i0.wp.com\/www.shqiperia.com\/blog\/wp-content\/uploads\/2026\/01\/maxresdefault-1.jpg?resize=602%2C339&#038;ssl=1\" width=\"602\" height=\"339\" srcset=\"https:\/\/i0.wp.com\/www.shqiperia.com\/blog\/wp-content\/uploads\/2026\/01\/maxresdefault-1.jpg?resize=300%2C169&amp;ssl=1 300w, https:\/\/i0.wp.com\/www.shqiperia.com\/blog\/wp-content\/uploads\/2026\/01\/maxresdefault-1.jpg?resize=1024%2C576&amp;ssl=1 1024w, https:\/\/i0.wp.com\/www.shqiperia.com\/blog\/wp-content\/uploads\/2026\/01\/maxresdefault-1.jpg?resize=768%2C432&amp;ssl=1 768w, https:\/\/i0.wp.com\/www.shqiperia.com\/blog\/wp-content\/uploads\/2026\/01\/maxresdefault-1.jpg?resize=450%2C253&amp;ssl=1 450w, https:\/\/i0.wp.com\/www.shqiperia.com\/blog\/wp-content\/uploads\/2026\/01\/maxresdefault-1.jpg?resize=600%2C338&amp;ssl=1 600w, https:\/\/i0.wp.com\/www.shqiperia.com\/blog\/wp-content\/uploads\/2026\/01\/maxresdefault-1.jpg?resize=400%2C225&amp;ssl=1 400w, https:\/\/i0.wp.com\/www.shqiperia.com\/blog\/wp-content\/uploads\/2026\/01\/maxresdefault-1.jpg?w=1280&amp;ssl=1 1280w\" sizes=\"auto, (max-width: 602px) 100vw, 602px\" \/><\/p>\n<p><span>29 Janar 2026<\/span><\/p>\n<p><span>Eurodeputeti austriak, Andreas Schieder u takua me kryetarin e kuvendit, Niko Peleshin dhe p\u00ebrfaq\u00ebsues t\u00eb opozit\u00ebs. Vizita e tij n\u00eb Tiran\u00eb vjen para prezantimit t\u00eb draft raportit vjetor p\u00ebr Shqip\u00ebrin\u00eb n\u00eb komisionin p\u00ebr Pun\u00ebt e Jashtme t\u00eb Parlamentit Europian. <\/span><\/p>\n<p><span>Gjata takimit me Peleshin u diskutua nevoja dhe r\u00ebnd\u00ebsia e konsensusit politik dhe parlamentar si dhe marrja e p\u00ebrgjegj\u00ebsive t\u00eb p\u00ebrbashk\u00ebta p\u00ebr integrimin e vendit n\u00eb Bashkimin Europian. <\/span><\/p>\n<p><span>Po ashtu u fol edhe sa i takon detyrave p\u00ebr kapitujt 23 dhe 24, lirin\u00eb e medias, forcimin e institucioneve t\u00eb pavarura dhe ndjekjen nga Kuvendi t\u00eb rekomandimeve t\u00eb Komisionit Europian p\u00ebr vitin 2025.<\/span><\/p>\n","protected":false},"excerpt":{"rendered":"<p>29 Janar 2026 Eurodeputeti austriak, Andreas Schieder u takua me kryetarin e kuvendit, Niko Peleshin dhe p\u00ebrfaq\u00ebsues t\u00eb opozit\u00ebs. Vizita e tij n\u00eb Tiran\u00eb vjen para prezantimit t\u00eb draft raportit vjetor p\u00ebr Shqip\u00ebrin\u00eb n\u00eb komisionin p\u00ebr Pun\u00ebt e Jashtme t\u00eb Parlamentit Europian. Gjata takimit me Peleshin u diskutua nevoja dhe r\u00ebnd\u00ebsia e konsensusit politik dhe [&hellip;]<\/p>\n","protected":false},"author":9,"featured_media":97099,"comment_status":"open","ping_status":"open","sticky":false,"template":"","format":"standard","meta":{"jetpack_post_was_ever_published":false,"_jetpack_newsletter_access":"","_jetpack_dont_email_post_to_subs":false,"_jetpack_newsletter_tier_id":0,"_jetpack_memberships_contains_paywalled_content":false,"_jetpack_memberships_contains_paid_content":false,"footnotes":"","jetpack_publicize_message":"","jetpack_publicize_feature_enabled":true,"jetpack_social_post_already_shared":true,"jetpack_social_options":{"image_generator_settings":{"template":"highway","default_image_id":0,"font":"","enabled":false},"version":2}},"categories":[27,1,2],"tags":[],"class_list":["post-97098","post","type-post","status-publish","format-standard","has-post-thumbnail","hentry","category-blogu-i-udhetarit","category-njoftime-shtypi","category-politika"],"jetpack_publicize_connections":[],"jetpack_featured_media_url":"https:\/\/i0.wp.com\/www.shqiperia.com\/blog\/wp-content\/uploads\/2026\/01\/maxresdefault-1.jpg?fit=1280%2C720&ssl=1","jetpack_sharing_enabled":true,"jetpack_shortlink":"https:\/\/wp.me\/p5Z6wp-pg6","jetpack-related-posts":[{"id":72841,"url":"https:\/\/www.shqiperia.com\/blog\/dosja-e-inceneratoreve-rama-po-tenton-te-beje-kurban-peleshin\/","url_meta":{"origin":97098,"position":0},"title":"Dosja e incenerator\u00ebve: &#8211; Rama po tenton t\u00eb b\u00ebj\u00eb kurban Peleshin","author":"Kurt Farka","date":"July 21, 2023","format":false,"excerpt":"21 Korrik 2023 Kryetari i PD-s\u00eb Sali Berisha n\u00eb konferenc\u00ebn e p\u00ebrjavshme me gazetar\u00ebt deklaroi se Edi Rama po tenton q\u00eb t\u00eb shp\u00ebtoj\u00eb nga p\u00ebrgjegj\u00ebsia e afer\u00ebs s\u00eb incenerator\u00ebve duke manovruar p\u00ebr t\u00eb b\u00ebr\u00eb \u201ckurban\u201d Niko Peleshin, q\u00eb ka firmosur n\u00eb koh\u00ebn q\u00eb ka qen\u00eb zv\/ kryeminist\u00ebr kur djeg\u00ebsat filluan\u2026","rel":"","context":"In &quot;Blogu i Udh\u00ebtarit&quot;","block_context":{"text":"Blogu i Udh\u00ebtarit","link":"https:\/\/www.shqiperia.com\/blog\/category\/blogu-i-udhetarit\/"},"img":{"alt_text":"","src":"https:\/\/i0.wp.com\/www.shqiperia.com\/blog\/wp-content\/uploads\/2023\/07\/niko_peleshi_edi_rama_kuvend_18177-640x362-1.jpg?fit=573%2C362&ssl=1&resize=350%2C200","width":350,"height":200,"srcset":"https:\/\/i0.wp.com\/www.shqiperia.com\/blog\/wp-content\/uploads\/2023\/07\/niko_peleshi_edi_rama_kuvend_18177-640x362-1.jpg?fit=573%2C362&ssl=1&resize=350%2C200 1x, https:\/\/i0.wp.com\/www.shqiperia.com\/blog\/wp-content\/uploads\/2023\/07\/niko_peleshi_edi_rama_kuvend_18177-640x362-1.jpg?fit=573%2C362&ssl=1&resize=525%2C300 1.5x"},"classes":[]},{"id":97777,"url":"https:\/\/www.shqiperia.com\/blog\/takimi-i-te-ngarkuares-me-pune-te-shba-van-horn-me-peleshin\/","url_meta":{"origin":97098,"position":1},"title":"Takimi i t\u00eb Ngarkuar\u00ebs me Pun\u00eb t\u00eb SHBA Van Horn me Peleshin","author":"Kurt Farka","date":"February 17, 2026","format":false,"excerpt":"17 Shkurt 2026 E ngarkuara me Pun\u00eb e SHBA-s\u00eb n\u00eb Tiran\u00eb, Nancy Van Horn, zhvilloi k\u00ebt\u00eb t\u00eb mart\u00eb nj\u00eb takim informal me Kryetarin e Kuvendit t\u00eb Shqip\u00ebris\u00eb, Niko Peleshi, n\u00eb ambientet e Kuvendit. Takimi, i cili zgjati rreth 30 minuta, ka p\u00ebrfunduar pa nj\u00eb deklarat\u00eb zyrtare p\u00ebr mediat mbi detajet\u2026","rel":"","context":"In &quot;Njoftime Shtypi&quot;","block_context":{"text":"Njoftime Shtypi","link":"https:\/\/www.shqiperia.com\/blog\/category\/njoftime-shtypi\/"},"img":{"alt_text":"","src":"https:\/\/i0.wp.com\/www.shqiperia.com\/blog\/wp-content\/uploads\/2026\/02\/fgsgsghsdrhdhdthjdh.jpg?fit=811%2C448&ssl=1&resize=350%2C200","width":350,"height":200,"srcset":"https:\/\/i0.wp.com\/www.shqiperia.com\/blog\/wp-content\/uploads\/2026\/02\/fgsgsghsdrhdhdthjdh.jpg?fit=811%2C448&ssl=1&resize=350%2C200 1x, https:\/\/i0.wp.com\/www.shqiperia.com\/blog\/wp-content\/uploads\/2026\/02\/fgsgsghsdrhdhdthjdh.jpg?fit=811%2C448&ssl=1&resize=525%2C300 1.5x, https:\/\/i0.wp.com\/www.shqiperia.com\/blog\/wp-content\/uploads\/2026\/02\/fgsgsghsdrhdhdthjdh.jpg?fit=811%2C448&ssl=1&resize=700%2C400 2x"},"classes":[]},{"id":35648,"url":"https:\/\/www.shqiperia.com\/blog\/tre-deputetet-e-parlamentit-europian-i-drejtohen-ke-se-mbi-shembjen-e-teatrit-kombetar\/","url_meta":{"origin":97098,"position":2},"title":"Tre deputet\u00ebt e Parlamentit Europian i drejtohen KE-s\u00eb mbi shembjen e Teatrit Komb\u00ebtar","author":"Kurt Farka","date":"June 12, 2020","format":false,"excerpt":"Tre deputet\u00ebt e Parlamentit Europian i drejtohen KE-s\u00eb mbi shembjen e Teatrit Komb\u00ebtar - 11\/06\/20 mapo.al Tre deputet\u00ebt e Parlamentit Europian i drejtohen KE-s\u00eb mbi shembjen e Teatrit Komb\u00ebtar. N\u00eb let\u00ebr ata k\u00ebrkojn\u00eb q\u00eb Komisioni Europian t\u00eb p\u00ebrgjigjet p\u00ebr arrestimin e protestuesve dhe \u00e7far\u00eb impakti ka shembja e teatrit p\u00ebr\u2026","rel":"","context":"In &quot;Blogu i Udh\u00ebtarit&quot;","block_context":{"text":"Blogu i Udh\u00ebtarit","link":"https:\/\/www.shqiperia.com\/blog\/category\/blogu-i-udhetarit\/"},"img":{"alt_text":"","src":"https:\/\/i0.wp.com\/www.shqiperia.com\/blog\/wp-content\/uploads\/2020\/06\/parlamenti-europian-1.jpg?fit=648%2C400&ssl=1&resize=350%2C200","width":350,"height":200,"srcset":"https:\/\/i0.wp.com\/www.shqiperia.com\/blog\/wp-content\/uploads\/2020\/06\/parlamenti-europian-1.jpg?fit=648%2C400&ssl=1&resize=350%2C200 1x, https:\/\/i0.wp.com\/www.shqiperia.com\/blog\/wp-content\/uploads\/2020\/06\/parlamenti-europian-1.jpg?fit=648%2C400&ssl=1&resize=525%2C300 1.5x"},"classes":[]},{"id":46059,"url":"https:\/\/www.shqiperia.com\/blog\/zbardhet-biseda-telefonike-kryeministrit-ne-ikje-rama-me-niko-peleshin-cfare-behet-me-pd-lsi-andej\/","url_meta":{"origin":97098,"position":3},"title":"Zbardhet biseda telefonike Kryeministrit ne ikje Rama me Niko Peleshin: &#8211; \u00c7far\u00eb b\u00ebhet me PD, LSI andej?","author":"Kurt Farka","date":"April 5, 2021","format":false,"excerpt":"Zbardhet biseda telefonike Kryeministrit ne ikje Rama me Niko Peleshin: - \u00c7far\u00eb b\u00ebhet me PD, LSI andej? 5 PRILL 2021 Kryeministri ne ikje Rama k\u00ebrkoi nj\u00eb raportim p\u00ebr situat\u00ebn zgjedhore nga drejtuesi politik i PS n\u00eb qarkun e Kor\u00e7\u00ebs Niko Peleshi. Teksa ishte duke udh\u00ebtuar me makin\u00eb p\u00ebr n\u00eb Pogradec,\u2026","rel":"","context":"In &quot;Politika&quot;","block_context":{"text":"Politika","link":"https:\/\/www.shqiperia.com\/blog\/category\/politika\/"},"img":{"alt_text":"","src":"https:\/\/i0.wp.com\/www.shqiperia.com\/blog\/wp-content\/uploads\/2021\/04\/800-0-606ace0e816b5.jpg?fit=800%2C460&ssl=1&resize=350%2C200","width":350,"height":200,"srcset":"https:\/\/i0.wp.com\/www.shqiperia.com\/blog\/wp-content\/uploads\/2021\/04\/800-0-606ace0e816b5.jpg?fit=800%2C460&ssl=1&resize=350%2C200 1x, https:\/\/i0.wp.com\/www.shqiperia.com\/blog\/wp-content\/uploads\/2021\/04\/800-0-606ace0e816b5.jpg?fit=800%2C460&ssl=1&resize=525%2C300 1.5x, https:\/\/i0.wp.com\/www.shqiperia.com\/blog\/wp-content\/uploads\/2021\/04\/800-0-606ace0e816b5.jpg?fit=800%2C460&ssl=1&resize=700%2C400 2x"},"classes":[]},{"id":35407,"url":"https:\/\/www.shqiperia.com\/blog\/shembja-e-teatrit-amt-i-drejtohet-presidentit-te-pe-per-degjese-speciale\/","url_meta":{"origin":97098,"position":4},"title":"Shembja e teatrit, AMT i drejtohet presidentit t\u00eb PE p\u00ebr d\u00ebgjes\u00eb speciale","author":"Kurt Farka","date":"June 4, 2020","format":false,"excerpt":"Shembja e teatrit, AMT i drejtohet presidentit t\u00eb PE p\u00ebr d\u00ebgjes\u00eb speciale 4 QERSHOR 2020 Aleanca p\u00ebr Mbrojtjen e Teatrit- zyrtare ka d\u00ebrguar nj\u00eb let\u00ebr n\u00eb adres\u00eb t\u00eb zotit David Maria Sassoli, president i Parlamentit Europian, p\u00ebrmes s\u00eb cil\u00ebs k\u00ebrkohet nj\u00eb d\u00ebgjes\u00eb speciale kushtuar shembjes s\u00eb Teatrit Komb\u00ebtar. \u201cN\u00eb em\u00ebr\u2026","rel":"","context":"In &quot;Blogu i Udh\u00ebtarit&quot;","block_context":{"text":"Blogu i Udh\u00ebtarit","link":"https:\/\/www.shqiperia.com\/blog\/category\/blogu-i-udhetarit\/"},"img":{"alt_text":"","src":"https:\/\/i0.wp.com\/www.shqiperia.com\/blog\/wp-content\/uploads\/2020\/06\/Teatri-Kombetar.jpg?fit=800%2C449&ssl=1&resize=350%2C200","width":350,"height":200,"srcset":"https:\/\/i0.wp.com\/www.shqiperia.com\/blog\/wp-content\/uploads\/2020\/06\/Teatri-Kombetar.jpg?fit=800%2C449&ssl=1&resize=350%2C200 1x, https:\/\/i0.wp.com\/www.shqiperia.com\/blog\/wp-content\/uploads\/2020\/06\/Teatri-Kombetar.jpg?fit=800%2C449&ssl=1&resize=525%2C300 1.5x, https:\/\/i0.wp.com\/www.shqiperia.com\/blog\/wp-content\/uploads\/2020\/06\/Teatri-Kombetar.jpg?fit=800%2C449&ssl=1&resize=700%2C400 2x"},"classes":[]},{"id":77564,"url":"https:\/\/www.shqiperia.com\/blog\/parlamenti-europian-te-perfshihen-te-gjithe-zerat-nga-opozita-ne-procesin-e-reformes-zgjedhore-per-te-siguruar-perfaqesim-te-vertete\/","url_meta":{"origin":97098,"position":5},"title":"Parlamenti Europian: &#8211; T\u00eb p\u00ebrfshihen t\u00eb gjith\u00eb z\u00ebrat nga opozita n\u00eb procesin e Reform\u00ebs Zgjedhore p\u00ebr t\u00eb siguruar p\u00ebrfaq\u00ebsim t\u00eb v\u00ebrtet\u00eb.","author":"Kurt Farka","date":"January 23, 2024","format":false,"excerpt":"23 Janar 2024 Komisioni i Stabilizim-Asociimit n\u00eb Parlamentin Europian ka miratuar n\u00eb Komitetin e Stabilizimit rekomandimet p\u00ebr Shqip\u00ebrin\u00eb. N\u00eb Rezolut\u00ebn e Parlamentit Europian p\u00ebr Shqip\u00ebrin\u00eb, evidentohet kryesisht disa \u00e7\u00ebshtje kryesore. \u201cT\u00eb p\u00ebrfshihen t\u00eb gjith\u00eb z\u00ebrat nga opozita n\u00eb procesin e Reform\u00ebs Zgjedhore p\u00ebr t\u00eb siguruar p\u00ebrfaq\u00ebsim t\u00eb v\u00ebrtet\u00eb. T\u00eb p\u00ebrdoren\u2026","rel":"","context":"In &quot;Blogu i Udh\u00ebtarit&quot;","block_context":{"text":"Blogu i Udh\u00ebtarit","link":"https:\/\/www.shqiperia.com\/blog\/category\/blogu-i-udhetarit\/"},"img":{"alt_text":"","src":"https:\/\/i0.wp.com\/www.shqiperia.com\/blog\/wp-content\/uploads\/2023\/06\/800-0-f01d1aa224b1bb38e7e72037877edccc-300x183.jpg?resize=350%2C200&ssl=1","width":350,"height":200,"srcset":"https:\/\/i0.wp.com\/www.shqiperia.com\/blog\/wp-content\/uploads\/2023\/06\/800-0-f01d1aa224b1bb38e7e72037877edccc-300x183.jpg?resize=350%2C200&ssl=1 1x, https:\/\/i0.wp.com\/www.shqiperia.com\/blog\/wp-content\/uploads\/2023\/06\/800-0-f01d1aa224b1bb38e7e72037877edccc-300x183.jpg?resize=525%2C300&ssl=1 1.5x, https:\/\/i0.wp.com\/www.shqiperia.com\/blog\/wp-content\/uploads\/2023\/06\/800-0-f01d1aa224b1bb38e7e72037877edccc-300x183.jpg?resize=700%2C400&ssl=1 2x"},"classes":[]}],"_links":{"self":[{"href":"https:\/\/www.shqiperia.com\/blog\/wp-json\/wp\/v2\/posts\/97098","targetHints":{"allow":["GET"]}}],"collection":[{"href":"https:\/\/www.shqiperia.com\/blog\/wp-json\/wp\/v2\/posts"}],"about":[{"href":"https:\/\/www.shqiperia.com\/blog\/wp-json\/wp\/v2\/types\/post"}],"author":[{"embeddable":true,"href":"https:\/\/www.shqiperia.com\/blog\/wp-json\/wp\/v2\/users\/9"}],"replies":[{"embeddable":true,"href":"https:\/\/www.shqiperia.com\/blog\/wp-json\/wp\/v2\/comments?post=97098"}],"version-history":[{"count":1,"href":"https:\/\/www.shqiperia.com\/blog\/wp-json\/wp\/v2\/posts\/97098\/revisions"}],"predecessor-version":[{"id":97100,"href":"https:\/\/www.shqiperia.com\/blog\/wp-json\/wp\/v2\/posts\/97098\/revisions\/97100"}],"wp:featuredmedia":[{"embeddable":true,"href":"https:\/\/www.shqiperia.com\/blog\/wp-json\/wp\/v2\/media\/97099"}],"wp:attachment":[{"href":"https:\/\/www.shqiperia.com\/blog\/wp-json\/wp\/v2\/media?parent=97098"}],"wp:term":[{"taxonomy":"category","embeddable":true,"href":"https:\/\/www.shqiperia.com\/blog\/wp-json\/wp\/v2\/categories?post=97098"},{"taxonomy":"post_tag","embeddable":true,"href":"https:\/\/www.shqiperia.com\/blog\/wp-json\/wp\/v2\/tags?post=97098"}],"curies":[{"name":"wp","href":"https:\/\/api.w.org\/{rel}","templated":true}]}}