{"id":97082,"date":"2026-01-29T01:56:56","date_gmt":"2026-01-29T01:56:56","guid":{"rendered":"https:\/\/www.shqiperia.com\/blog\/?p=97082"},"modified":"2026-01-29T02:29:31","modified_gmt":"2026-01-29T02:29:31","slug":"29-janari-pervjetor-i-ndarjes-nga-jeta-te-piktorit-edward-lear","status":"publish","type":"post","link":"https:\/\/www.shqiperia.com\/blog\/29-janari-pervjetor-i-ndarjes-nga-jeta-te-piktorit-edward-lear\/","title":{"rendered":"29 janari, pervjetor i ndarjes nga jeta te piktorit Edward Lear"},"content":{"rendered":"<div class=\"xdj266r x14z9mp xat24cr x1lziwak x1vvkbs x126k92a\">\n<div><img data-recalc-dims=\"1\" loading=\"lazy\" decoding=\"async\" data-attachment-id=\"97083\" data-permalink=\"https:\/\/www.shqiperia.com\/blog\/29-janari-pervjetor-i-ndarjes-nga-jeta-te-piktorit-edward-lear\/79754203_3282627328420310_8658908618562732032_n\/\" data-orig-file=\"https:\/\/i0.wp.com\/www.shqiperia.com\/blog\/wp-content\/uploads\/2026\/01\/79754203_3282627328420310_8658908618562732032_n.jpg?fit=1415%2C987&amp;ssl=1\" data-orig-size=\"1415,987\" data-comments-opened=\"1\" data-image-meta=\"{&quot;aperture&quot;:&quot;0&quot;,&quot;credit&quot;:&quot;&quot;,&quot;camera&quot;:&quot;&quot;,&quot;caption&quot;:&quot;&quot;,&quot;created_timestamp&quot;:&quot;0&quot;,&quot;copyright&quot;:&quot;&quot;,&quot;focal_length&quot;:&quot;0&quot;,&quot;iso&quot;:&quot;0&quot;,&quot;shutter_speed&quot;:&quot;0&quot;,&quot;title&quot;:&quot;&quot;,&quot;orientation&quot;:&quot;0&quot;}\" data-image-title=\"79754203_3282627328420310_8658908618562732032_n\" data-image-description=\"\" data-image-caption=\"\" data-medium-file=\"https:\/\/i0.wp.com\/www.shqiperia.com\/blog\/wp-content\/uploads\/2026\/01\/79754203_3282627328420310_8658908618562732032_n.jpg?fit=300%2C209&amp;ssl=1\" data-large-file=\"https:\/\/i0.wp.com\/www.shqiperia.com\/blog\/wp-content\/uploads\/2026\/01\/79754203_3282627328420310_8658908618562732032_n.jpg?fit=1024%2C714&amp;ssl=1\" class=\"alignnone wp-image-97083\" alt=\"\" src=\"https:\/\/i0.wp.com\/www.shqiperia.com\/blog\/wp-content\/uploads\/2026\/01\/79754203_3282627328420310_8658908618562732032_n.jpg?resize=578%2C403&#038;ssl=1\" width=\"578\" height=\"403\" srcset=\"https:\/\/i0.wp.com\/www.shqiperia.com\/blog\/wp-content\/uploads\/2026\/01\/79754203_3282627328420310_8658908618562732032_n.jpg?resize=300%2C209&amp;ssl=1 300w, https:\/\/i0.wp.com\/www.shqiperia.com\/blog\/wp-content\/uploads\/2026\/01\/79754203_3282627328420310_8658908618562732032_n.jpg?resize=1024%2C714&amp;ssl=1 1024w, https:\/\/i0.wp.com\/www.shqiperia.com\/blog\/wp-content\/uploads\/2026\/01\/79754203_3282627328420310_8658908618562732032_n.jpg?resize=768%2C536&amp;ssl=1 768w, https:\/\/i0.wp.com\/www.shqiperia.com\/blog\/wp-content\/uploads\/2026\/01\/79754203_3282627328420310_8658908618562732032_n.jpg?resize=450%2C314&amp;ssl=1 450w, https:\/\/i0.wp.com\/www.shqiperia.com\/blog\/wp-content\/uploads\/2026\/01\/79754203_3282627328420310_8658908618562732032_n.jpg?resize=600%2C419&amp;ssl=1 600w, https:\/\/i0.wp.com\/www.shqiperia.com\/blog\/wp-content\/uploads\/2026\/01\/79754203_3282627328420310_8658908618562732032_n.jpg?resize=1300%2C907&amp;ssl=1 1300w, https:\/\/i0.wp.com\/www.shqiperia.com\/blog\/wp-content\/uploads\/2026\/01\/79754203_3282627328420310_8658908618562732032_n.jpg?resize=400%2C279&amp;ssl=1 400w, https:\/\/i0.wp.com\/www.shqiperia.com\/blog\/wp-content\/uploads\/2026\/01\/79754203_3282627328420310_8658908618562732032_n.jpg?w=1415&amp;ssl=1 1415w\" sizes=\"auto, (max-width: 578px) 100vw, 578px\" \/><\/div>\n<div>29 Janar 2026<\/div>\n<div><\/div>\n<div>M\u00eb 29 janar 1888 u nda nga jeta piktori dhe udh\u00ebtari britanik Edward Lear, nj\u00eb nga d\u00ebshmitar\u00ebt m\u00eb t\u00eb hersh\u00ebm vizual\u00eb t\u00eb Shqip\u00ebris\u00eb s\u00eb shekullit XIX.<\/div>\n<div><img data-recalc-dims=\"1\" loading=\"lazy\" decoding=\"async\" data-attachment-id=\"97084\" data-permalink=\"https:\/\/www.shqiperia.com\/blog\/29-janari-pervjetor-i-ndarjes-nga-jeta-te-piktorit-edward-lear\/495168764_24613178221605245_5221206939414129150_n\/\" data-orig-file=\"https:\/\/i0.wp.com\/www.shqiperia.com\/blog\/wp-content\/uploads\/2026\/01\/495168764_24613178221605245_5221206939414129150_n.jpg?fit=1600%2C1024&amp;ssl=1\" data-orig-size=\"1600,1024\" data-comments-opened=\"1\" data-image-meta=\"{&quot;aperture&quot;:&quot;0&quot;,&quot;credit&quot;:&quot;&quot;,&quot;camera&quot;:&quot;&quot;,&quot;caption&quot;:&quot;&quot;,&quot;created_timestamp&quot;:&quot;0&quot;,&quot;copyright&quot;:&quot;&quot;,&quot;focal_length&quot;:&quot;0&quot;,&quot;iso&quot;:&quot;0&quot;,&quot;shutter_speed&quot;:&quot;0&quot;,&quot;title&quot;:&quot;&quot;,&quot;orientation&quot;:&quot;0&quot;}\" data-image-title=\"495168764_24613178221605245_5221206939414129150_n\" data-image-description=\"\" data-image-caption=\"\" data-medium-file=\"https:\/\/i0.wp.com\/www.shqiperia.com\/blog\/wp-content\/uploads\/2026\/01\/495168764_24613178221605245_5221206939414129150_n.jpg?fit=300%2C192&amp;ssl=1\" data-large-file=\"https:\/\/i0.wp.com\/www.shqiperia.com\/blog\/wp-content\/uploads\/2026\/01\/495168764_24613178221605245_5221206939414129150_n.jpg?fit=1024%2C655&amp;ssl=1\" class=\"alignnone wp-image-97084\" alt=\"\" src=\"https:\/\/i0.wp.com\/www.shqiperia.com\/blog\/wp-content\/uploads\/2026\/01\/495168764_24613178221605245_5221206939414129150_n.jpg?resize=673%2C431&#038;ssl=1\" width=\"673\" height=\"431\" srcset=\"https:\/\/i0.wp.com\/www.shqiperia.com\/blog\/wp-content\/uploads\/2026\/01\/495168764_24613178221605245_5221206939414129150_n.jpg?resize=300%2C192&amp;ssl=1 300w, https:\/\/i0.wp.com\/www.shqiperia.com\/blog\/wp-content\/uploads\/2026\/01\/495168764_24613178221605245_5221206939414129150_n.jpg?resize=1024%2C655&amp;ssl=1 1024w, https:\/\/i0.wp.com\/www.shqiperia.com\/blog\/wp-content\/uploads\/2026\/01\/495168764_24613178221605245_5221206939414129150_n.jpg?resize=768%2C492&amp;ssl=1 768w, https:\/\/i0.wp.com\/www.shqiperia.com\/blog\/wp-content\/uploads\/2026\/01\/495168764_24613178221605245_5221206939414129150_n.jpg?resize=1536%2C983&amp;ssl=1 1536w, https:\/\/i0.wp.com\/www.shqiperia.com\/blog\/wp-content\/uploads\/2026\/01\/495168764_24613178221605245_5221206939414129150_n.jpg?resize=450%2C288&amp;ssl=1 450w, https:\/\/i0.wp.com\/www.shqiperia.com\/blog\/wp-content\/uploads\/2026\/01\/495168764_24613178221605245_5221206939414129150_n.jpg?resize=600%2C384&amp;ssl=1 600w, https:\/\/i0.wp.com\/www.shqiperia.com\/blog\/wp-content\/uploads\/2026\/01\/495168764_24613178221605245_5221206939414129150_n.jpg?resize=1500%2C960&amp;ssl=1 1500w, https:\/\/i0.wp.com\/www.shqiperia.com\/blog\/wp-content\/uploads\/2026\/01\/495168764_24613178221605245_5221206939414129150_n.jpg?resize=1300%2C832&amp;ssl=1 1300w, https:\/\/i0.wp.com\/www.shqiperia.com\/blog\/wp-content\/uploads\/2026\/01\/495168764_24613178221605245_5221206939414129150_n.jpg?resize=400%2C256&amp;ssl=1 400w, https:\/\/i0.wp.com\/www.shqiperia.com\/blog\/wp-content\/uploads\/2026\/01\/495168764_24613178221605245_5221206939414129150_n.jpg?w=1600&amp;ssl=1 1600w\" sizes=\"auto, (max-width: 673px) 100vw, 673px\" \/> <img data-recalc-dims=\"1\" loading=\"lazy\" decoding=\"async\" data-attachment-id=\"97085\" data-permalink=\"https:\/\/www.shqiperia.com\/blog\/29-janari-pervjetor-i-ndarjes-nga-jeta-te-piktorit-edward-lear\/495595280_24613177874938613_3643538883987048358_n\/\" data-orig-file=\"https:\/\/i0.wp.com\/www.shqiperia.com\/blog\/wp-content\/uploads\/2026\/01\/495595280_24613177874938613_3643538883987048358_n.jpg?fit=1984%2C1262&amp;ssl=1\" data-orig-size=\"1984,1262\" data-comments-opened=\"1\" data-image-meta=\"{&quot;aperture&quot;:&quot;0&quot;,&quot;credit&quot;:&quot;&quot;,&quot;camera&quot;:&quot;&quot;,&quot;caption&quot;:&quot;&quot;,&quot;created_timestamp&quot;:&quot;0&quot;,&quot;copyright&quot;:&quot;&quot;,&quot;focal_length&quot;:&quot;0&quot;,&quot;iso&quot;:&quot;0&quot;,&quot;shutter_speed&quot;:&quot;0&quot;,&quot;title&quot;:&quot;&quot;,&quot;orientation&quot;:&quot;0&quot;}\" data-image-title=\"495595280_24613177874938613_3643538883987048358_n\" data-image-description=\"\" data-image-caption=\"\" data-medium-file=\"https:\/\/i0.wp.com\/www.shqiperia.com\/blog\/wp-content\/uploads\/2026\/01\/495595280_24613177874938613_3643538883987048358_n.jpg?fit=300%2C191&amp;ssl=1\" data-large-file=\"https:\/\/i0.wp.com\/www.shqiperia.com\/blog\/wp-content\/uploads\/2026\/01\/495595280_24613177874938613_3643538883987048358_n.jpg?fit=1024%2C651&amp;ssl=1\" class=\"alignnone wp-image-97085\" alt=\"\" src=\"https:\/\/i0.wp.com\/www.shqiperia.com\/blog\/wp-content\/uploads\/2026\/01\/495595280_24613177874938613_3643538883987048358_n.jpg?resize=543%2C346&#038;ssl=1\" width=\"543\" height=\"346\" srcset=\"https:\/\/i0.wp.com\/www.shqiperia.com\/blog\/wp-content\/uploads\/2026\/01\/495595280_24613177874938613_3643538883987048358_n.jpg?resize=300%2C191&amp;ssl=1 300w, https:\/\/i0.wp.com\/www.shqiperia.com\/blog\/wp-content\/uploads\/2026\/01\/495595280_24613177874938613_3643538883987048358_n.jpg?resize=1024%2C651&amp;ssl=1 1024w, https:\/\/i0.wp.com\/www.shqiperia.com\/blog\/wp-content\/uploads\/2026\/01\/495595280_24613177874938613_3643538883987048358_n.jpg?resize=768%2C489&amp;ssl=1 768w, https:\/\/i0.wp.com\/www.shqiperia.com\/blog\/wp-content\/uploads\/2026\/01\/495595280_24613177874938613_3643538883987048358_n.jpg?resize=1536%2C977&amp;ssl=1 1536w, https:\/\/i0.wp.com\/www.shqiperia.com\/blog\/wp-content\/uploads\/2026\/01\/495595280_24613177874938613_3643538883987048358_n.jpg?resize=450%2C286&amp;ssl=1 450w, https:\/\/i0.wp.com\/www.shqiperia.com\/blog\/wp-content\/uploads\/2026\/01\/495595280_24613177874938613_3643538883987048358_n.jpg?resize=600%2C382&amp;ssl=1 600w, https:\/\/i0.wp.com\/www.shqiperia.com\/blog\/wp-content\/uploads\/2026\/01\/495595280_24613177874938613_3643538883987048358_n.jpg?resize=1500%2C954&amp;ssl=1 1500w, https:\/\/i0.wp.com\/www.shqiperia.com\/blog\/wp-content\/uploads\/2026\/01\/495595280_24613177874938613_3643538883987048358_n.jpg?resize=1300%2C827&amp;ssl=1 1300w, https:\/\/i0.wp.com\/www.shqiperia.com\/blog\/wp-content\/uploads\/2026\/01\/495595280_24613177874938613_3643538883987048358_n.jpg?resize=400%2C254&amp;ssl=1 400w, https:\/\/i0.wp.com\/www.shqiperia.com\/blog\/wp-content\/uploads\/2026\/01\/495595280_24613177874938613_3643538883987048358_n.jpg?w=1984&amp;ssl=1 1984w\" sizes=\"auto, (max-width: 543px) 100vw, 543px\" \/><\/div>\n<div>Gjat\u00eb udh\u00ebtimit t\u00eb tij n\u00eb vitin 1848, ai p\u00ebrshkoi nj\u00eb s\u00ebr\u00eb qytetesh shqiptare, nd\u00ebr to Tirana, Kruja, Shkodra, Durr\u00ebsi, Kavaja, Berati, Himara, Vlora, Tepelena dhe Gjirokastra, duke i fiksuar ato me sy t\u00eb mpreht\u00eb artistik dhe ndjeshm\u00ebri t\u00eb rrall\u00eb.<\/div>\n<div>Nga kjo p\u00ebrvoj\u00eb lind\u00ebn dhjet\u00ebra litografi q\u00eb dokumentojn\u00eb pamjet urbane, k\u00ebshtjellat dhe peizazhet shqiptare t\u00eb koh\u00ebs. K\u00ebto punime u p\u00ebrmblodh\u00ebn dhe u botuan n\u00eb Lond\u00ebr, m\u00eb 1851, n\u00eb librin \u201cDitari i nj\u00eb piktori peizazhesh n\u00eb Shqip\u00ebri\u201d, nj\u00eb vep\u00ebr me vler\u00eb t\u00eb ve\u00e7ant\u00eb historike dhe artistike.<\/div>\n<div>\n<div id=\"attachment_97086\" style=\"width: 626px\" class=\"wp-caption alignnone\"><img data-recalc-dims=\"1\" loading=\"lazy\" decoding=\"async\" aria-describedby=\"caption-attachment-97086\" data-attachment-id=\"97086\" data-permalink=\"https:\/\/www.shqiperia.com\/blog\/29-janari-pervjetor-i-ndarjes-nga-jeta-te-piktorit-edward-lear\/edward-lear\/\" data-orig-file=\"https:\/\/i0.wp.com\/www.shqiperia.com\/blog\/wp-content\/uploads\/2026\/01\/Edward-Lear.jpg?fit=1545%2C2000&amp;ssl=1\" data-orig-size=\"1545,2000\" data-comments-opened=\"1\" data-image-meta=\"{&quot;aperture&quot;:&quot;0&quot;,&quot;credit&quot;:&quot;&quot;,&quot;camera&quot;:&quot;&quot;,&quot;caption&quot;:&quot;&quot;,&quot;created_timestamp&quot;:&quot;0&quot;,&quot;copyright&quot;:&quot;&quot;,&quot;focal_length&quot;:&quot;0&quot;,&quot;iso&quot;:&quot;0&quot;,&quot;shutter_speed&quot;:&quot;0&quot;,&quot;title&quot;:&quot;&quot;,&quot;orientation&quot;:&quot;0&quot;}\" data-image-title=\"Edward Lear\" data-image-description=\"\" data-image-caption=\"&lt;p&gt;Edward Lear&lt;\/p&gt;\n\" data-medium-file=\"https:\/\/i0.wp.com\/www.shqiperia.com\/blog\/wp-content\/uploads\/2026\/01\/Edward-Lear.jpg?fit=232%2C300&amp;ssl=1\" data-large-file=\"https:\/\/i0.wp.com\/www.shqiperia.com\/blog\/wp-content\/uploads\/2026\/01\/Edward-Lear.jpg?fit=791%2C1024&amp;ssl=1\" class=\" wp-image-97086\" alt=\"\" src=\"https:\/\/i0.wp.com\/www.shqiperia.com\/blog\/wp-content\/uploads\/2026\/01\/Edward-Lear.jpg?resize=616%2C797&#038;ssl=1\" width=\"616\" height=\"797\" srcset=\"https:\/\/i0.wp.com\/www.shqiperia.com\/blog\/wp-content\/uploads\/2026\/01\/Edward-Lear.jpg?resize=232%2C300&amp;ssl=1 232w, https:\/\/i0.wp.com\/www.shqiperia.com\/blog\/wp-content\/uploads\/2026\/01\/Edward-Lear.jpg?resize=791%2C1024&amp;ssl=1 791w, https:\/\/i0.wp.com\/www.shqiperia.com\/blog\/wp-content\/uploads\/2026\/01\/Edward-Lear.jpg?resize=768%2C994&amp;ssl=1 768w, https:\/\/i0.wp.com\/www.shqiperia.com\/blog\/wp-content\/uploads\/2026\/01\/Edward-Lear.jpg?resize=1187%2C1536&amp;ssl=1 1187w, https:\/\/i0.wp.com\/www.shqiperia.com\/blog\/wp-content\/uploads\/2026\/01\/Edward-Lear.jpg?resize=450%2C583&amp;ssl=1 450w, https:\/\/i0.wp.com\/www.shqiperia.com\/blog\/wp-content\/uploads\/2026\/01\/Edward-Lear.jpg?resize=600%2C777&amp;ssl=1 600w, https:\/\/i0.wp.com\/www.shqiperia.com\/blog\/wp-content\/uploads\/2026\/01\/Edward-Lear.jpg?resize=1500%2C1942&amp;ssl=1 1500w, https:\/\/i0.wp.com\/www.shqiperia.com\/blog\/wp-content\/uploads\/2026\/01\/Edward-Lear.jpg?resize=1300%2C1683&amp;ssl=1 1300w, https:\/\/i0.wp.com\/www.shqiperia.com\/blog\/wp-content\/uploads\/2026\/01\/Edward-Lear.jpg?resize=400%2C518&amp;ssl=1 400w, https:\/\/i0.wp.com\/www.shqiperia.com\/blog\/wp-content\/uploads\/2026\/01\/Edward-Lear.jpg?w=1545&amp;ssl=1 1545w\" sizes=\"auto, (max-width: 616px) 100vw, 616px\" \/><p id=\"caption-attachment-97086\" class=\"wp-caption-text\">Edward Lear<\/p><\/div>\n<\/div>\n<\/div>\n<div class=\"x14z9mp xat24cr x1lziwak x1vvkbs xtlvy1s x126k92a\">\n<div>Krahas fotografis\u00eb s\u00eb Edward Lear-it jan\u00eb bashk\u00ebngjitur edhe tri nga litografit\u00eb e tij m\u00eb p\u00ebrfaq\u00ebsuese: pamja e k\u00ebshtjell\u00ebs s\u00eb Kruj\u00ebs (30 shtator 1848), pamja e Durr\u00ebsit (3 tetor 1848) dhe pamja e Gjirokastr\u00ebs (20 tetor 1848).<\/div>\n<div><img data-recalc-dims=\"1\" loading=\"lazy\" decoding=\"async\" data-attachment-id=\"97087\" data-permalink=\"https:\/\/www.shqiperia.com\/blog\/29-janari-pervjetor-i-ndarjes-nga-jeta-te-piktorit-edward-lear\/622602557_10164163788935631_8189862198831287309_n\/\" data-orig-file=\"https:\/\/i0.wp.com\/www.shqiperia.com\/blog\/wp-content\/uploads\/2026\/01\/622602557_10164163788935631_8189862198831287309_n.jpg?fit=2048%2C1247&amp;ssl=1\" data-orig-size=\"2048,1247\" data-comments-opened=\"1\" data-image-meta=\"{&quot;aperture&quot;:&quot;0&quot;,&quot;credit&quot;:&quot;&quot;,&quot;camera&quot;:&quot;&quot;,&quot;caption&quot;:&quot;&quot;,&quot;created_timestamp&quot;:&quot;0&quot;,&quot;copyright&quot;:&quot;&quot;,&quot;focal_length&quot;:&quot;0&quot;,&quot;iso&quot;:&quot;0&quot;,&quot;shutter_speed&quot;:&quot;0&quot;,&quot;title&quot;:&quot;&quot;,&quot;orientation&quot;:&quot;0&quot;}\" data-image-title=\"622602557_10164163788935631_8189862198831287309_n\" data-image-description=\"\" data-image-caption=\"\" data-medium-file=\"https:\/\/i0.wp.com\/www.shqiperia.com\/blog\/wp-content\/uploads\/2026\/01\/622602557_10164163788935631_8189862198831287309_n.jpg?fit=300%2C183&amp;ssl=1\" data-large-file=\"https:\/\/i0.wp.com\/www.shqiperia.com\/blog\/wp-content\/uploads\/2026\/01\/622602557_10164163788935631_8189862198831287309_n.jpg?fit=1024%2C624&amp;ssl=1\" class=\"alignnone wp-image-97087\" alt=\"\" src=\"https:\/\/i0.wp.com\/www.shqiperia.com\/blog\/wp-content\/uploads\/2026\/01\/622602557_10164163788935631_8189862198831287309_n.jpg?resize=666%2C406&#038;ssl=1\" width=\"666\" height=\"406\" srcset=\"https:\/\/i0.wp.com\/www.shqiperia.com\/blog\/wp-content\/uploads\/2026\/01\/622602557_10164163788935631_8189862198831287309_n.jpg?resize=300%2C183&amp;ssl=1 300w, https:\/\/i0.wp.com\/www.shqiperia.com\/blog\/wp-content\/uploads\/2026\/01\/622602557_10164163788935631_8189862198831287309_n.jpg?resize=1024%2C624&amp;ssl=1 1024w, https:\/\/i0.wp.com\/www.shqiperia.com\/blog\/wp-content\/uploads\/2026\/01\/622602557_10164163788935631_8189862198831287309_n.jpg?resize=768%2C468&amp;ssl=1 768w, https:\/\/i0.wp.com\/www.shqiperia.com\/blog\/wp-content\/uploads\/2026\/01\/622602557_10164163788935631_8189862198831287309_n.jpg?resize=1536%2C935&amp;ssl=1 1536w, https:\/\/i0.wp.com\/www.shqiperia.com\/blog\/wp-content\/uploads\/2026\/01\/622602557_10164163788935631_8189862198831287309_n.jpg?resize=2000%2C1218&amp;ssl=1 2000w, https:\/\/i0.wp.com\/www.shqiperia.com\/blog\/wp-content\/uploads\/2026\/01\/622602557_10164163788935631_8189862198831287309_n.jpg?resize=450%2C274&amp;ssl=1 450w, https:\/\/i0.wp.com\/www.shqiperia.com\/blog\/wp-content\/uploads\/2026\/01\/622602557_10164163788935631_8189862198831287309_n.jpg?resize=600%2C365&amp;ssl=1 600w, https:\/\/i0.wp.com\/www.shqiperia.com\/blog\/wp-content\/uploads\/2026\/01\/622602557_10164163788935631_8189862198831287309_n.jpg?resize=1500%2C913&amp;ssl=1 1500w, https:\/\/i0.wp.com\/www.shqiperia.com\/blog\/wp-content\/uploads\/2026\/01\/622602557_10164163788935631_8189862198831287309_n.jpg?resize=1300%2C792&amp;ssl=1 1300w, https:\/\/i0.wp.com\/www.shqiperia.com\/blog\/wp-content\/uploads\/2026\/01\/622602557_10164163788935631_8189862198831287309_n.jpg?resize=400%2C244&amp;ssl=1 400w, https:\/\/i0.wp.com\/www.shqiperia.com\/blog\/wp-content\/uploads\/2026\/01\/622602557_10164163788935631_8189862198831287309_n.jpg?w=2048&amp;ssl=1 2048w\" sizes=\"auto, (max-width: 666px) 100vw, 666px\" \/><img data-recalc-dims=\"1\" loading=\"lazy\" decoding=\"async\" data-attachment-id=\"97088\" data-permalink=\"https:\/\/www.shqiperia.com\/blog\/29-janari-pervjetor-i-ndarjes-nga-jeta-te-piktorit-edward-lear\/622365534_10164163788070631_2444568093185746958_n\/\" data-orig-file=\"https:\/\/i0.wp.com\/www.shqiperia.com\/blog\/wp-content\/uploads\/2026\/01\/622365534_10164163788070631_2444568093185746958_n.jpg?fit=2048%2C1247&amp;ssl=1\" data-orig-size=\"2048,1247\" data-comments-opened=\"1\" data-image-meta=\"{&quot;aperture&quot;:&quot;0&quot;,&quot;credit&quot;:&quot;&quot;,&quot;camera&quot;:&quot;&quot;,&quot;caption&quot;:&quot;&quot;,&quot;created_timestamp&quot;:&quot;0&quot;,&quot;copyright&quot;:&quot;&quot;,&quot;focal_length&quot;:&quot;0&quot;,&quot;iso&quot;:&quot;0&quot;,&quot;shutter_speed&quot;:&quot;0&quot;,&quot;title&quot;:&quot;&quot;,&quot;orientation&quot;:&quot;0&quot;}\" data-image-title=\"622365534_10164163788070631_2444568093185746958_n\" data-image-description=\"\" data-image-caption=\"\" data-medium-file=\"https:\/\/i0.wp.com\/www.shqiperia.com\/blog\/wp-content\/uploads\/2026\/01\/622365534_10164163788070631_2444568093185746958_n.jpg?fit=300%2C183&amp;ssl=1\" data-large-file=\"https:\/\/i0.wp.com\/www.shqiperia.com\/blog\/wp-content\/uploads\/2026\/01\/622365534_10164163788070631_2444568093185746958_n.jpg?fit=1024%2C624&amp;ssl=1\" class=\"alignnone wp-image-97088\" alt=\"\" src=\"https:\/\/i0.wp.com\/www.shqiperia.com\/blog\/wp-content\/uploads\/2026\/01\/622365534_10164163788070631_2444568093185746958_n.jpg?resize=948%2C578&#038;ssl=1\" width=\"948\" height=\"578\" srcset=\"https:\/\/i0.wp.com\/www.shqiperia.com\/blog\/wp-content\/uploads\/2026\/01\/622365534_10164163788070631_2444568093185746958_n.jpg?resize=300%2C183&amp;ssl=1 300w, https:\/\/i0.wp.com\/www.shqiperia.com\/blog\/wp-content\/uploads\/2026\/01\/622365534_10164163788070631_2444568093185746958_n.jpg?resize=1024%2C624&amp;ssl=1 1024w, https:\/\/i0.wp.com\/www.shqiperia.com\/blog\/wp-content\/uploads\/2026\/01\/622365534_10164163788070631_2444568093185746958_n.jpg?resize=768%2C468&amp;ssl=1 768w, https:\/\/i0.wp.com\/www.shqiperia.com\/blog\/wp-content\/uploads\/2026\/01\/622365534_10164163788070631_2444568093185746958_n.jpg?resize=1536%2C935&amp;ssl=1 1536w, https:\/\/i0.wp.com\/www.shqiperia.com\/blog\/wp-content\/uploads\/2026\/01\/622365534_10164163788070631_2444568093185746958_n.jpg?resize=2000%2C1218&amp;ssl=1 2000w, https:\/\/i0.wp.com\/www.shqiperia.com\/blog\/wp-content\/uploads\/2026\/01\/622365534_10164163788070631_2444568093185746958_n.jpg?resize=450%2C274&amp;ssl=1 450w, https:\/\/i0.wp.com\/www.shqiperia.com\/blog\/wp-content\/uploads\/2026\/01\/622365534_10164163788070631_2444568093185746958_n.jpg?resize=600%2C365&amp;ssl=1 600w, https:\/\/i0.wp.com\/www.shqiperia.com\/blog\/wp-content\/uploads\/2026\/01\/622365534_10164163788070631_2444568093185746958_n.jpg?resize=1500%2C913&amp;ssl=1 1500w, https:\/\/i0.wp.com\/www.shqiperia.com\/blog\/wp-content\/uploads\/2026\/01\/622365534_10164163788070631_2444568093185746958_n.jpg?resize=1300%2C792&amp;ssl=1 1300w, https:\/\/i0.wp.com\/www.shqiperia.com\/blog\/wp-content\/uploads\/2026\/01\/622365534_10164163788070631_2444568093185746958_n.jpg?resize=400%2C244&amp;ssl=1 400w, https:\/\/i0.wp.com\/www.shqiperia.com\/blog\/wp-content\/uploads\/2026\/01\/622365534_10164163788070631_2444568093185746958_n.jpg?w=2048&amp;ssl=1 2048w\" sizes=\"auto, (max-width: 948px) 100vw, 948px\" \/><\/div>\n<\/div>\n","protected":false},"excerpt":{"rendered":"<p>29 Janar 2026 M\u00eb 29 janar 1888 u nda nga jeta piktori dhe udh\u00ebtari britanik Edward Lear, nj\u00eb nga d\u00ebshmitar\u00ebt m\u00eb t\u00eb hersh\u00ebm vizual\u00eb t\u00eb Shqip\u00ebris\u00eb s\u00eb shekullit XIX. Gjat\u00eb udh\u00ebtimit t\u00eb tij n\u00eb vitin 1848, ai p\u00ebrshkoi nj\u00eb s\u00ebr\u00eb qytetesh shqiptare, nd\u00ebr to Tirana, Kruja, Shkodra, Durr\u00ebsi, Kavaja, Berati, Himara, Vlora, Tepelena dhe Gjirokastra, [&hellip;]<\/p>\n","protected":false},"author":9,"featured_media":97083,"comment_status":"open","ping_status":"open","sticky":false,"template":"","format":"standard","meta":{"jetpack_post_was_ever_published":false,"_jetpack_newsletter_access":"","_jetpack_dont_email_post_to_subs":false,"_jetpack_newsletter_tier_id":0,"_jetpack_memberships_contains_paywalled_content":false,"_jetpack_memberships_contains_paid_content":false,"footnotes":"","jetpack_publicize_message":"","jetpack_publicize_feature_enabled":true,"jetpack_social_post_already_shared":true,"jetpack_social_options":{"image_generator_settings":{"template":"highway","default_image_id":0,"font":"","enabled":false},"version":2}},"categories":[87,27,85,10,86],"tags":[],"class_list":["post-97082","post","type-post","status-publish","format-standard","has-post-thumbnail","hentry","category-arte","category-blogu-i-udhetarit","category-histori","category-kultura","category-trashegimi-kulturore"],"jetpack_publicize_connections":[],"jetpack_featured_media_url":"https:\/\/i0.wp.com\/www.shqiperia.com\/blog\/wp-content\/uploads\/2026\/01\/79754203_3282627328420310_8658908618562732032_n.jpg?fit=1415%2C987&ssl=1","jetpack_sharing_enabled":true,"jetpack_shortlink":"https:\/\/wp.me\/p5Z6wp-pfQ","jetpack-related-posts":[{"id":88555,"url":"https:\/\/www.shqiperia.com\/blog\/u-nda-nga-jeta-komisar-hazir-sadria\/","url_meta":{"origin":97082,"position":0},"title":"U nda nga Jeta Komisar Hazir Sadria","author":"Kurt Farka","date":"January 20, 2025","format":false,"excerpt":"20 Janar 2025 U nda nga Jeta Komisar Hazir Sadria, dje me date 19 janar, i cili vitet e fundit vuante nga nje semundje e rende. Jeta e tij ka qene ne perkushtim te forcave te Policise se Shtetit Shqiptar. Pas vitit 1997 sherbeu perkohesisht ne Komisariatin e Tropojes ku\u2026","rel":"","context":"In &quot;Blogu i Udh\u00ebtarit&quot;","block_context":{"text":"Blogu i Udh\u00ebtarit","link":"https:\/\/www.shqiperia.com\/blog\/category\/blogu-i-udhetarit\/"},"img":{"alt_text":"","src":"https:\/\/i0.wp.com\/www.shqiperia.com\/blog\/wp-content\/uploads\/2025\/01\/473277806_2557428181109793_2654974302166808355_n-1.jpg?fit=795%2C555&ssl=1&resize=350%2C200","width":350,"height":200,"srcset":"https:\/\/i0.wp.com\/www.shqiperia.com\/blog\/wp-content\/uploads\/2025\/01\/473277806_2557428181109793_2654974302166808355_n-1.jpg?fit=795%2C555&ssl=1&resize=350%2C200 1x, https:\/\/i0.wp.com\/www.shqiperia.com\/blog\/wp-content\/uploads\/2025\/01\/473277806_2557428181109793_2654974302166808355_n-1.jpg?fit=795%2C555&ssl=1&resize=525%2C300 1.5x, https:\/\/i0.wp.com\/www.shqiperia.com\/blog\/wp-content\/uploads\/2025\/01\/473277806_2557428181109793_2654974302166808355_n-1.jpg?fit=795%2C555&ssl=1&resize=700%2C400 2x"},"classes":[]},{"id":15121,"url":"https:\/\/www.shqiperia.com\/blog\/jeta-dhe-krijimtaria-e-vincent-van-gogh-nga-3-janar-2019-ne-kinema\/","url_meta":{"origin":97082,"position":1},"title":"Jeta dhe krijimtaria e Vincent Van Gogh nga 3 janar 2019 n\u00eb kinema. &#8211;","author":"Kurt Farka","date":"December 22, 2018","format":false,"excerpt":"Jeta dhe krijimtaria e Vincent Van Gogh nga 3 janar 2019 n\u00eb kinema. - Nga 3 janari 2019 vjen n\u00eb kinema filmi p\u00ebr p\u00ebr piktorin Vincent Van Gogh. Filmi \u00ebsht\u00eb me regji t\u00eb\u00a0Julian Schnabel. Nga Ilir \u00c7uci. Duhej nj\u00eb regjizor i rangut t\u00eb Julian Schnabel p\u00ebr t\u00eb sjell\u00eb n\u00eb ekranin\u2026","rel":"","context":"In &quot;Arte&quot;","block_context":{"text":"Arte","link":"https:\/\/www.shqiperia.com\/blog\/category\/arte\/"},"img":{"alt_text":"","src":"https:\/\/i0.wp.com\/www.shqiperia.com\/blog\/wp-content\/uploads\/2018\/12\/Van-Gog.jpg?fit=539%2C305&ssl=1&resize=350%2C200","width":350,"height":200,"srcset":"https:\/\/i0.wp.com\/www.shqiperia.com\/blog\/wp-content\/uploads\/2018\/12\/Van-Gog.jpg?fit=539%2C305&ssl=1&resize=350%2C200 1x, https:\/\/i0.wp.com\/www.shqiperia.com\/blog\/wp-content\/uploads\/2018\/12\/Van-Gog.jpg?fit=539%2C305&ssl=1&resize=525%2C300 1.5x"},"classes":[]},{"id":25985,"url":"https:\/\/www.shqiperia.com\/blog\/fshati-rrenoje-i-tragjasit-te-vjeter-vlore\/","url_meta":{"origin":97082,"position":2},"title":"Fshati rr\u00ebnoj\u00eb i Tragjasit t\u00eb vjet\u00ebr \u2013 Vlor\u00eb","author":"Kurt Farka","date":"September 16, 2019","format":false,"excerpt":"Fshati rr\u00ebnoj\u00eb i Tragjasit t\u00eb vjet\u00ebr \u2013 Vlor\u00eb Tragjasi \u00ebsht\u00eb nj\u00eb vendbanim i periudh\u00ebs s\u00eb von\u00eb bizantine, i themeluar nga t\u00eb ardhur prej viseve p\u00ebrreth. Emri i fshatit p\u00ebrmendet p\u00ebr her\u00eb t\u00eb par\u00eb n\u00eb burimet dokumentare t\u00eb vitit 1432. N\u00eb sip\u00ebrfaqen e kodr\u00ebs ku shtrihet vendbanimi ruhen gjurm\u00ebt e nj\u00eb\u2026","rel":"","context":"In &quot;Blogu i Udh\u00ebtarit&quot;","block_context":{"text":"Blogu i Udh\u00ebtarit","link":"https:\/\/www.shqiperia.com\/blog\/category\/blogu-i-udhetarit\/"},"img":{"alt_text":"","src":"https:\/\/i0.wp.com\/www.shqiperia.com\/blog\/wp-content\/uploads\/2019\/09\/Tragjasi-i-vjeter.jpg?fit=960%2C506&ssl=1&resize=350%2C200","width":350,"height":200,"srcset":"https:\/\/i0.wp.com\/www.shqiperia.com\/blog\/wp-content\/uploads\/2019\/09\/Tragjasi-i-vjeter.jpg?fit=960%2C506&ssl=1&resize=350%2C200 1x, https:\/\/i0.wp.com\/www.shqiperia.com\/blog\/wp-content\/uploads\/2019\/09\/Tragjasi-i-vjeter.jpg?fit=960%2C506&ssl=1&resize=525%2C300 1.5x, https:\/\/i0.wp.com\/www.shqiperia.com\/blog\/wp-content\/uploads\/2019\/09\/Tragjasi-i-vjeter.jpg?fit=960%2C506&ssl=1&resize=700%2C400 2x"},"classes":[]},{"id":66357,"url":"https:\/\/www.shqiperia.com\/blog\/ndahet-nga-jeta-nje-nga-ikonat-e-medha-te-kinemase-italiane-gina-lollobrigida\/","url_meta":{"origin":97082,"position":3},"title":"Ndahet nga jeta nj\u00eb nga ikonat e m\u00ebdha t\u00eb kinemas\u00eb italiane: Gina Lollobrigida.","author":"Kurt Farka","date":"January 16, 2023","format":false,"excerpt":"16 Janar 2023 \u00cbsht\u00eb shuar aktorja e famshme Gina Lollobrigida! Nj\u00eb protagoniste e madhe e kinemas\u00eb italiane, e cila lindi n\u00eb Subiaco m\u00eb 4 korrik 1927, Gina u nda nga jeta n\u00eb mosh\u00ebn 95 vje\u00e7are. Gina Lollobrigida ishte nj\u00eb nga aktoret m\u00eb t\u00eb r\u00ebnd\u00ebsishme t\u00eb brezit t\u00eb saj. S\u00eb bashku\u2026","rel":"","context":"In &quot;Arte&quot;","block_context":{"text":"Arte","link":"https:\/\/www.shqiperia.com\/blog\/category\/arte\/"},"img":{"alt_text":"","src":"https:\/\/i0.wp.com\/www.shqiperia.com\/blog\/wp-content\/uploads\/2023\/01\/Gina-Lollobrigida-1.jpg?fit=640%2C415&ssl=1&resize=350%2C200","width":350,"height":200,"srcset":"https:\/\/i0.wp.com\/www.shqiperia.com\/blog\/wp-content\/uploads\/2023\/01\/Gina-Lollobrigida-1.jpg?fit=640%2C415&ssl=1&resize=350%2C200 1x, https:\/\/i0.wp.com\/www.shqiperia.com\/blog\/wp-content\/uploads\/2023\/01\/Gina-Lollobrigida-1.jpg?fit=640%2C415&ssl=1&resize=525%2C300 1.5x"},"classes":[]},{"id":82362,"url":"https:\/\/www.shqiperia.com\/blog\/ndahet-nga-jeta-ne-moshen-88-vjecare-shkrimtari-i-madh-shqiptar-ismail-kadare\/","url_meta":{"origin":97082,"position":4},"title":"Ndahet nga jeta n\u00eb mosh\u00ebn 88-vje\u00e7are shkrimtari i madh shqiptar, Ismail Kadare","author":"Kurt Farka","date":"July 1, 2024","format":false,"excerpt":"1 Korrik 2024 \u00cbsht\u00eb ndar\u00eb nga jeta n\u00eb mosh\u00ebn 88-vje\u00e7ari shkrimtari i mir\u00ebnjohur, Ismail Kadare. Kolosi i letrave shqipe nd\u00ebrroi jet\u00eb m\u00ebngjesin e sot\u00ebm Let\u00ebrsia e Kadares\u00eb ka dh\u00ebn\u00eb nj\u00eb kontribut t\u00eb \u00e7muar n\u00eb krijimin e gjuh\u00ebs dhe let\u00ebrsis\u00eb komb\u00ebtare. Ai\u00a0\u00ebsht\u00eb shkrimtari i vet\u00ebm shqiptar me njohje nd\u00ebrkomb\u00ebtare t\u00eb gjer\u00ebsishme\u00a0dhe\u2026","rel":"","context":"In &quot;Arte&quot;","block_context":{"text":"Arte","link":"https:\/\/www.shqiperia.com\/blog\/category\/arte\/"},"img":{"alt_text":"","src":"https:\/\/i0.wp.com\/www.shqiperia.com\/blog\/wp-content\/uploads\/2024\/07\/ismail-kadare.jpg?fit=810%2C567&ssl=1&resize=350%2C200","width":350,"height":200,"srcset":"https:\/\/i0.wp.com\/www.shqiperia.com\/blog\/wp-content\/uploads\/2024\/07\/ismail-kadare.jpg?fit=810%2C567&ssl=1&resize=350%2C200 1x, https:\/\/i0.wp.com\/www.shqiperia.com\/blog\/wp-content\/uploads\/2024\/07\/ismail-kadare.jpg?fit=810%2C567&ssl=1&resize=525%2C300 1.5x, https:\/\/i0.wp.com\/www.shqiperia.com\/blog\/wp-content\/uploads\/2024\/07\/ismail-kadare.jpg?fit=810%2C567&ssl=1&resize=700%2C400 2x"},"classes":[]},{"id":16479,"url":"https:\/\/www.shqiperia.com\/blog\/rama-ne-elbasan-edi-rama-e-mprehu-shpaten-dhe-njehere-per-situaten-kjo-eshte-shpata-qe-pret-koka-krejt-e-zeze-se-mbeshtet-bota-edi-rama-tu-shkurtofte-jeta-sla-ngujime-as-protes\/","url_meta":{"origin":97082,"position":5},"title":"Rama n\u00eb Elbasan: \u201cEdi Rama e mprehu shpat\u00ebn dhe nj\u00ebher\u00eb p\u00ebr situat\u00ebn. Kjo \u00ebsht\u00eb shpata q\u00eb pret koka, krejt e zez\u00eb se mb\u00ebshtet bota. Edi Rama t\u2019u shkurtoft\u00eb jeta s&#8217;la ngujime as protesta. K\u00ebto protesta ti si prite, si kish par\u00eb vendi gjith\u00eb k\u00ebto vite.\u201d","author":"Kurt Farka","date":"January 22, 2019","format":false,"excerpt":"Rama n\u00eb Elbasan: \u201cEdi Rama e mprehu shpat\u00ebn dhe nj\u00ebher\u00eb p\u00ebr situat\u00ebn. Kjo \u00ebsht\u00eb shpata q\u00eb pret koka, krejt e zez\u00eb se mb\u00ebshtet bota. Edi Rama t\u2019u shkurtoft\u00eb jeta s'la ngujime as protesta. K\u00ebto protesta ti si prite, si kish par\u00eb vendi gjith\u00eb k\u00ebto vite.\u201d Kryeministri Edi Rama do t\u00eb\u2026","rel":"","context":"In &quot;Blogu i Udh\u00ebtarit&quot;","block_context":{"text":"Blogu i Udh\u00ebtarit","link":"https:\/\/www.shqiperia.com\/blog\/category\/blogu-i-udhetarit\/"},"img":{"alt_text":"","src":"https:\/\/i0.wp.com\/www.shqiperia.com\/blog\/wp-content\/uploads\/2019\/01\/1548148528_kengeperkryeministrin.jpg?fit=614%2C334&ssl=1&resize=350%2C200","width":350,"height":200,"srcset":"https:\/\/i0.wp.com\/www.shqiperia.com\/blog\/wp-content\/uploads\/2019\/01\/1548148528_kengeperkryeministrin.jpg?fit=614%2C334&ssl=1&resize=350%2C200 1x, https:\/\/i0.wp.com\/www.shqiperia.com\/blog\/wp-content\/uploads\/2019\/01\/1548148528_kengeperkryeministrin.jpg?fit=614%2C334&ssl=1&resize=525%2C300 1.5x"},"classes":[]}],"_links":{"self":[{"href":"https:\/\/www.shqiperia.com\/blog\/wp-json\/wp\/v2\/posts\/97082","targetHints":{"allow":["GET"]}}],"collection":[{"href":"https:\/\/www.shqiperia.com\/blog\/wp-json\/wp\/v2\/posts"}],"about":[{"href":"https:\/\/www.shqiperia.com\/blog\/wp-json\/wp\/v2\/types\/post"}],"author":[{"embeddable":true,"href":"https:\/\/www.shqiperia.com\/blog\/wp-json\/wp\/v2\/users\/9"}],"replies":[{"embeddable":true,"href":"https:\/\/www.shqiperia.com\/blog\/wp-json\/wp\/v2\/comments?post=97082"}],"version-history":[{"count":4,"href":"https:\/\/www.shqiperia.com\/blog\/wp-json\/wp\/v2\/posts\/97082\/revisions"}],"predecessor-version":[{"id":97097,"href":"https:\/\/www.shqiperia.com\/blog\/wp-json\/wp\/v2\/posts\/97082\/revisions\/97097"}],"wp:featuredmedia":[{"embeddable":true,"href":"https:\/\/www.shqiperia.com\/blog\/wp-json\/wp\/v2\/media\/97083"}],"wp:attachment":[{"href":"https:\/\/www.shqiperia.com\/blog\/wp-json\/wp\/v2\/media?parent=97082"}],"wp:term":[{"taxonomy":"category","embeddable":true,"href":"https:\/\/www.shqiperia.com\/blog\/wp-json\/wp\/v2\/categories?post=97082"},{"taxonomy":"post_tag","embeddable":true,"href":"https:\/\/www.shqiperia.com\/blog\/wp-json\/wp\/v2\/tags?post=97082"}],"curies":[{"name":"wp","href":"https:\/\/api.w.org\/{rel}","templated":true}]}}