{"id":97079,"date":"2026-01-29T01:40:36","date_gmt":"2026-01-29T01:40:36","guid":{"rendered":"https:\/\/www.shqiperia.com\/blog\/?p=97079"},"modified":"2026-01-29T02:25:14","modified_gmt":"2026-01-29T02:25:14","slug":"ndertimi-i-kampeve-per-emigrantet-e-paligjshem-ne-korce-revolton-pakicat-maqedonase-aleanca-e-maqedonasve-dergon-ne-gjyq-qeverine-shqiptare","status":"publish","type":"post","link":"https:\/\/www.shqiperia.com\/blog\/ndertimi-i-kampeve-per-emigrantet-e-paligjshem-ne-korce-revolton-pakicat-maqedonase-aleanca-e-maqedonasve-dergon-ne-gjyq-qeverine-shqiptare\/","title":{"rendered":"Nd\u00ebrtimi i kampeve p\u00ebr emigrant\u00ebt e paligjsh\u00ebm n\u00eb Kor\u00e7\u00eb revolton pakicat maqedonase, Aleanca e Maqedonasve d\u00ebrgon n\u00eb gjyq qeverin\u00eb shqiptare"},"content":{"rendered":"<p><img data-recalc-dims=\"1\" loading=\"lazy\" decoding=\"async\" data-attachment-id=\"97080\" data-permalink=\"https:\/\/www.shqiperia.com\/blog\/ndertimi-i-kampeve-per-emigrantet-e-paligjshem-ne-korce-revolton-pakicat-maqedonase-aleanca-e-maqedonasve-dergon-ne-gjyq-qeverine-shqiptare\/1769635164_aleancaemaqedoniseperintegrimeuropian\/\" data-orig-file=\"https:\/\/i0.wp.com\/www.shqiperia.com\/blog\/wp-content\/uploads\/2026\/01\/1769635164_aleancaemaqedoniseperintegrimeuropian.jpg?fit=780%2C440&amp;ssl=1\" data-orig-size=\"780,440\" data-comments-opened=\"1\" data-image-meta=\"{&quot;aperture&quot;:&quot;0&quot;,&quot;credit&quot;:&quot;&quot;,&quot;camera&quot;:&quot;&quot;,&quot;caption&quot;:&quot;&quot;,&quot;created_timestamp&quot;:&quot;0&quot;,&quot;copyright&quot;:&quot;&quot;,&quot;focal_length&quot;:&quot;0&quot;,&quot;iso&quot;:&quot;0&quot;,&quot;shutter_speed&quot;:&quot;0&quot;,&quot;title&quot;:&quot;&quot;,&quot;orientation&quot;:&quot;0&quot;}\" data-image-title=\"1769635164_aleancaemaqedoniseperintegrimeuropian\" data-image-description=\"\" data-image-caption=\"\" data-medium-file=\"https:\/\/i0.wp.com\/www.shqiperia.com\/blog\/wp-content\/uploads\/2026\/01\/1769635164_aleancaemaqedoniseperintegrimeuropian.jpg?fit=300%2C169&amp;ssl=1\" data-large-file=\"https:\/\/i0.wp.com\/www.shqiperia.com\/blog\/wp-content\/uploads\/2026\/01\/1769635164_aleancaemaqedoniseperintegrimeuropian.jpg?fit=780%2C440&amp;ssl=1\" class=\"alignnone wp-image-97080\" alt=\"\" src=\"https:\/\/i0.wp.com\/www.shqiperia.com\/blog\/wp-content\/uploads\/2026\/01\/1769635164_aleancaemaqedoniseperintegrimeuropian.jpg?resize=689%2C388&#038;ssl=1\" width=\"689\" height=\"388\" srcset=\"https:\/\/i0.wp.com\/www.shqiperia.com\/blog\/wp-content\/uploads\/2026\/01\/1769635164_aleancaemaqedoniseperintegrimeuropian.jpg?resize=300%2C169&amp;ssl=1 300w, https:\/\/i0.wp.com\/www.shqiperia.com\/blog\/wp-content\/uploads\/2026\/01\/1769635164_aleancaemaqedoniseperintegrimeuropian.jpg?resize=768%2C433&amp;ssl=1 768w, https:\/\/i0.wp.com\/www.shqiperia.com\/blog\/wp-content\/uploads\/2026\/01\/1769635164_aleancaemaqedoniseperintegrimeuropian.jpg?resize=450%2C254&amp;ssl=1 450w, https:\/\/i0.wp.com\/www.shqiperia.com\/blog\/wp-content\/uploads\/2026\/01\/1769635164_aleancaemaqedoniseperintegrimeuropian.jpg?resize=600%2C338&amp;ssl=1 600w, https:\/\/i0.wp.com\/www.shqiperia.com\/blog\/wp-content\/uploads\/2026\/01\/1769635164_aleancaemaqedoniseperintegrimeuropian.jpg?resize=400%2C226&amp;ssl=1 400w, https:\/\/i0.wp.com\/www.shqiperia.com\/blog\/wp-content\/uploads\/2026\/01\/1769635164_aleancaemaqedoniseperintegrimeuropian.jpg?w=780&amp;ssl=1 780w\" sizes=\"auto, (max-width: 689px) 100vw, 689px\" \/><\/p>\n<p>29 Janar 2026<\/p>\n<p>Partia Aleanca e Maqedonasve p\u00ebr Integrimin Evropian (AMIE) n\u00eb bashkin\u00eb Pustecit n\u00eb<span>\u00a0<\/span><a href=\"https:\/\/shqiptarja.com\/tag\/323\">Kor\u00e7\u00eb<\/a>, ka paditur n\u00eb Gjykat\u00ebn Administrative qeverin\u00eb shqiptare. Shkak \u00ebsht\u00eb b\u00ebr\u00eb miratimi i vendimit p\u00ebr nd\u00ebrtimin e 3 qendrave prit\u00ebse p\u00ebr emigrant\u00ebt e paligjsh\u00ebm n\u00eb zon\u00ebn e Pustecit.<\/p>\n<p>AMIE ka reaguar dhe m\u00eb par\u00eb publikisht duke kund\u00ebrshtuar k\u00ebt\u00eb vendim t\u00eb qeveris\u00eb me arsyetimin se nuk \u00ebsht\u00eb b\u00ebr\u00eb asnj\u00eb konsultim publik me banor\u00ebt e komunietit maqedonas dhe pa dialog me aktor\u00ebt lokal\u00eb.<\/p>\n<p>Gjithashtu nj\u00eb tjet\u00ebr problematik\u00eb e ngritur nga Partia Aleanca e Maqedonasve p\u00ebr Integrimin Evropian, \u00ebsht\u00eb c\u00ebnimi i zon\u00ebs s\u00eb mbrojtur pasi qendrat prit\u00ebse jan\u00eb projektuar p\u00ebr tu nd\u00ebrtuar buz\u00eb liqenit t\u00eb Pustecit.<\/p>\n<p>Qeveria ka miratuar n\u00eb dhjetor nd\u00ebrtimin e 20 qendrave prit\u00ebse p\u00ebr emigrant\u00ebt e paligjsh\u00ebm t\u00eb shp\u00ebrndara n\u00eb 3 qarqe kryesore, Kor\u00e7\u00eb, Gjirokast\u00ebr dhe Vlor\u00eb. K\u00ebto qendra t\u00eb reja pritet ngrihen gjat\u00eb periudh\u00ebs 2026-2028 dhe parashikohet t\u00eb akomodojn\u00eb emigrant\u00eb q\u00eb kryesisht vijn\u00eb nga vende t\u00eb pasigurta apo n\u00eb kriz\u00eb si Afganistani, Pakistani, Irani, Siria, Libani apo Gaza, t\u00eb cil\u00ebt p\u00ebrdorin Shqip\u00ebrin\u00eb si nj\u00eb vend-kalimi tranzit me destinacionin final vendet e Bashkimit Evropian.<\/p>\n","protected":false},"excerpt":{"rendered":"<p>29 Janar 2026 Partia Aleanca e Maqedonasve p\u00ebr Integrimin Evropian (AMIE) n\u00eb bashkin\u00eb Pustecit n\u00eb\u00a0Kor\u00e7\u00eb, ka paditur n\u00eb Gjykat\u00ebn Administrative qeverin\u00eb shqiptare. Shkak \u00ebsht\u00eb b\u00ebr\u00eb miratimi i vendimit p\u00ebr nd\u00ebrtimin e 3 qendrave prit\u00ebse p\u00ebr emigrant\u00ebt e paligjsh\u00ebm n\u00eb zon\u00ebn e Pustecit. AMIE ka reaguar dhe m\u00eb par\u00eb publikisht duke kund\u00ebrshtuar k\u00ebt\u00eb vendim t\u00eb qeveris\u00eb [&hellip;]<\/p>\n","protected":false},"author":9,"featured_media":97080,"comment_status":"open","ping_status":"open","sticky":false,"template":"","format":"standard","meta":{"jetpack_post_was_ever_published":false,"_jetpack_newsletter_access":"","_jetpack_dont_email_post_to_subs":false,"_jetpack_newsletter_tier_id":0,"_jetpack_memberships_contains_paywalled_content":false,"_jetpack_memberships_contains_paid_content":false,"footnotes":"","jetpack_publicize_message":"","jetpack_publicize_feature_enabled":true,"jetpack_social_post_already_shared":true,"jetpack_social_options":{"image_generator_settings":{"template":"highway","default_image_id":0,"font":"","enabled":false},"version":2}},"categories":[27,1,2],"tags":[],"class_list":["post-97079","post","type-post","status-publish","format-standard","has-post-thumbnail","hentry","category-blogu-i-udhetarit","category-njoftime-shtypi","category-politika"],"jetpack_publicize_connections":[],"jetpack_featured_media_url":"https:\/\/i0.wp.com\/www.shqiperia.com\/blog\/wp-content\/uploads\/2026\/01\/1769635164_aleancaemaqedoniseperintegrimeuropian.jpg?fit=780%2C440&ssl=1","jetpack_sharing_enabled":true,"jetpack_shortlink":"https:\/\/wp.me\/p5Z6wp-pfN","jetpack-related-posts":[{"id":31171,"url":"https:\/\/www.shqiperia.com\/blog\/shkolle-muze-ne-vendlindjen-e-sterio-spases\/","url_meta":{"origin":97079,"position":0},"title":"Shkolle muze n\u00eb vendlindjen e Sterio Spases","author":"Kurt Farka","date":"February 6, 2020","format":false,"excerpt":"Shkolle muze n\u00eb vendlindjen e Sterio Spases N\u00eb vendin e lindjes s\u00eb shkrimtarit Sterio Spases, n\u00eb fshatin Gollombo\u00e7 t\u00eb bashkis\u00eb s\u00eb Pustecit do t\u00eb nd\u00ebrtohet nj\u00eb sht\u00ebpi muze n\u00eb shkoll\u00ebn ku ai ka marr\u00eb m\u00ebsimet e para. Vizitor\u00ebt n\u00ebp\u00ebrmjet k\u00ebtij projekti do t\u00eb njihen edhe m\u00eb shum\u00eb me jet\u00ebn dhe\u2026","rel":"","context":"In &quot;Histori&quot;","block_context":{"text":"Histori","link":"https:\/\/www.shqiperia.com\/blog\/category\/histori\/"},"img":{"alt_text":"","src":"https:\/\/i0.wp.com\/www.shqiperia.com\/blog\/wp-content\/uploads\/2020\/02\/txhu-728x430-1.jpg?fit=728%2C430&ssl=1&resize=350%2C200","width":350,"height":200,"srcset":"https:\/\/i0.wp.com\/www.shqiperia.com\/blog\/wp-content\/uploads\/2020\/02\/txhu-728x430-1.jpg?fit=728%2C430&ssl=1&resize=350%2C200 1x, https:\/\/i0.wp.com\/www.shqiperia.com\/blog\/wp-content\/uploads\/2020\/02\/txhu-728x430-1.jpg?fit=728%2C430&ssl=1&resize=525%2C300 1.5x, https:\/\/i0.wp.com\/www.shqiperia.com\/blog\/wp-content\/uploads\/2020\/02\/txhu-728x430-1.jpg?fit=728%2C430&ssl=1&resize=700%2C400 2x"},"classes":[]},{"id":90862,"url":"https:\/\/www.shqiperia.com\/blog\/ndryshon-objekti-i-marreveshjes-gjadri-burg-per-emigrantet-e-paligjshem-qe-kryejne-shkelje-ne-itali\/","url_meta":{"origin":97079,"position":1},"title":"Ndryshon objekti i Marr\u00ebveshjes: &#8211; Gjadri burg p\u00ebr emigrant\u00ebt e paligjsh\u00ebm q\u00eb kryejn\u00eb shkelje n\u00eb Itali.","author":"Kurt Farka","date":"March 29, 2025","format":false,"excerpt":"29 Mars 2025 Meloni e zbardh ligjin, Rama nuk guxon t\u00eb kund\u00ebrshtoj\u00eb. Qeveria shqiptare nuk ka dh\u00ebn\u00eb ende asnj\u00eb koment mbi vendimin e fundit t\u00eb kabineti \u201cMeloni\u201d, i cili duket se ndryshon t\u00ebr\u00ebsisht Marr\u00ebveshjen mes Shqip\u00ebris\u00eb dhe Italis\u00eb p\u00ebr trajtimin e emigrant\u00ebve t\u00eb paligjsh\u00ebm nga \u201cvende t\u00eb treta\u201d q\u00eb mb\u00ebrrijn\u00eb\u2026","rel":"","context":"In &quot;Blogu i Udh\u00ebtarit&quot;","block_context":{"text":"Blogu i Udh\u00ebtarit","link":"https:\/\/www.shqiperia.com\/blog\/category\/blogu-i-udhetarit\/"},"img":{"alt_text":"","src":"https:\/\/i0.wp.com\/www.shqiperia.com\/blog\/wp-content\/uploads\/2025\/03\/900-0-1723738003xscreenshot-51-477.jpg?fit=900%2C494&ssl=1&resize=350%2C200","width":350,"height":200,"srcset":"https:\/\/i0.wp.com\/www.shqiperia.com\/blog\/wp-content\/uploads\/2025\/03\/900-0-1723738003xscreenshot-51-477.jpg?fit=900%2C494&ssl=1&resize=350%2C200 1x, https:\/\/i0.wp.com\/www.shqiperia.com\/blog\/wp-content\/uploads\/2025\/03\/900-0-1723738003xscreenshot-51-477.jpg?fit=900%2C494&ssl=1&resize=525%2C300 1.5x, https:\/\/i0.wp.com\/www.shqiperia.com\/blog\/wp-content\/uploads\/2025\/03\/900-0-1723738003xscreenshot-51-477.jpg?fit=900%2C494&ssl=1&resize=700%2C400 2x"},"classes":[]},{"id":90855,"url":"https:\/\/www.shqiperia.com\/blog\/emigrantet-ne-shqiperi-dekreti-i-giorgia-meloni-qendrim-deri-ne-18-muaj-ne-kampin-e-gjadrit-zbardhet-vendimi-i-ri-i-qeverise-italiane\/","url_meta":{"origin":97079,"position":2},"title":"Emigrant\u00ebt n\u00eb Shqip\u00ebri, dekreti i Giorgia Meloni: &#8211; Q\u00ebndrim deri n\u00eb 18 muaj n\u00eb kampin e Gjadrit! &#8211; Zbardhet vendimi i ri i qeveris\u00eb italiane","author":"Kurt Farka","date":"March 29, 2025","format":false,"excerpt":"29 Mars 2025 Kampet q\u00eb u ngrit\u00ebn n\u00eb Gjad\u00ebr e Sh\u00ebngjin p\u00ebr strehimin e emigrant\u00ebve t\u00eb paligjsh\u00ebm q\u00eb kapeshin n\u00eb uj\u00ebrat italiane, pritet t\u00eb kthehen n\u00eb nj\u00eb vendndalimi p\u00ebr emigrant\u00ebt q\u00eb vijn\u00eb nga vendet e sigurta. Fillimisht, kjo qend\u00ebr ishte menduar p\u00ebr mbajtjen deri n\u00eb 28 dit\u00eb t\u00eb azilk\u00ebrkuesve, me\u2026","rel":"","context":"In &quot;Blogu i Udh\u00ebtarit&quot;","block_context":{"text":"Blogu i Udh\u00ebtarit","link":"https:\/\/www.shqiperia.com\/blog\/category\/blogu-i-udhetarit\/"},"img":{"alt_text":"","src":"https:\/\/i0.wp.com\/www.shqiperia.com\/blog\/wp-content\/uploads\/2025\/03\/anija-Libra-refugjate-emigrante-itali-shengjin-gjader1.jpg?fit=1200%2C638&ssl=1&resize=350%2C200","width":350,"height":200,"srcset":"https:\/\/i0.wp.com\/www.shqiperia.com\/blog\/wp-content\/uploads\/2025\/03\/anija-Libra-refugjate-emigrante-itali-shengjin-gjader1.jpg?fit=1200%2C638&ssl=1&resize=350%2C200 1x, https:\/\/i0.wp.com\/www.shqiperia.com\/blog\/wp-content\/uploads\/2025\/03\/anija-Libra-refugjate-emigrante-itali-shengjin-gjader1.jpg?fit=1200%2C638&ssl=1&resize=525%2C300 1.5x, https:\/\/i0.wp.com\/www.shqiperia.com\/blog\/wp-content\/uploads\/2025\/03\/anija-Libra-refugjate-emigrante-itali-shengjin-gjader1.jpg?fit=1200%2C638&ssl=1&resize=700%2C400 2x, https:\/\/i0.wp.com\/www.shqiperia.com\/blog\/wp-content\/uploads\/2025\/03\/anija-Libra-refugjate-emigrante-itali-shengjin-gjader1.jpg?fit=1200%2C638&ssl=1&resize=1050%2C600 3x"},"classes":[]},{"id":22309,"url":"https:\/\/www.shqiperia.com\/blog\/aleanca-qytetare-ne-berat-kerkese-presidentit-shpall-zgjedhjet-e-parakohshme-parlamentare\/","url_meta":{"origin":97079,"position":3},"title":"Aleanca Qytetare n\u00eb Berat k\u00ebrkes\u00eb Presidentit: Shpall zgjedhjet e parakohshme parlamentare","author":"Kurt Farka","date":"June 25, 2019","format":false,"excerpt":"Aleanca Qytetare n\u00eb Berat k\u00ebrkes\u00eb Presidentit: Shpall zgjedhjet e parakohshme parlamentare \u00a025 qershor 2019 Aleanca Qytetare p\u00ebr Mbrojtjen e Demokracis\u00eb n\u00eb Berat i k\u00ebrkon Presidentit t\u00eb Republik\u00ebs, Ilir Meta t\u00eb p\u00ebrdor\u00eb t\u00eb gjitha mekanizmat ligjor\u00eb q\u00eb ka n\u00eb dispozicion p\u00ebr t\u00eb shpallur sa m\u00eb par\u00eb zgjedhjet e p\u00ebrgjithshme parlamentare t\u00eb\u2026","rel":"","context":"In &quot;Blogu i Udh\u00ebtarit&quot;","block_context":{"text":"Blogu i Udh\u00ebtarit","link":"https:\/\/www.shqiperia.com\/blog\/category\/blogu-i-udhetarit\/"},"img":{"alt_text":"","src":"https:\/\/i0.wp.com\/www.shqiperia.com\/blog\/wp-content\/uploads\/2019\/06\/7d426e7d-bbd6-4c5f-853c-3003050da7ee-1.jpg?fit=1200%2C592&ssl=1&resize=350%2C200","width":350,"height":200,"srcset":"https:\/\/i0.wp.com\/www.shqiperia.com\/blog\/wp-content\/uploads\/2019\/06\/7d426e7d-bbd6-4c5f-853c-3003050da7ee-1.jpg?fit=1200%2C592&ssl=1&resize=350%2C200 1x, https:\/\/i0.wp.com\/www.shqiperia.com\/blog\/wp-content\/uploads\/2019\/06\/7d426e7d-bbd6-4c5f-853c-3003050da7ee-1.jpg?fit=1200%2C592&ssl=1&resize=525%2C300 1.5x, https:\/\/i0.wp.com\/www.shqiperia.com\/blog\/wp-content\/uploads\/2019\/06\/7d426e7d-bbd6-4c5f-853c-3003050da7ee-1.jpg?fit=1200%2C592&ssl=1&resize=700%2C400 2x, https:\/\/i0.wp.com\/www.shqiperia.com\/blog\/wp-content\/uploads\/2019\/06\/7d426e7d-bbd6-4c5f-853c-3003050da7ee-1.jpg?fit=1200%2C592&ssl=1&resize=1050%2C600 3x"},"classes":[]},{"id":87093,"url":"https:\/\/www.shqiperia.com\/blog\/rrezohet-qeveria-ne-france-parlamenti-voton-pro-mocionit-te-mosbesimit\/","url_meta":{"origin":97079,"position":4},"title":"Rr\u00ebzohet qeveria n\u00eb Franc\u00eb, Parlamenti voton pro mocionit t\u00eb mosbesimit","author":"Kurt Farka","date":"December 4, 2024","format":false,"excerpt":"4 Dhjetor 2024 Qeveria franceze e pakic\u00ebs s\u00eb Michel Barbier ka humbur vot\u00ebn e mosbesimit n\u00eb parlament, duke e b\u00ebr\u00eb at\u00eb administrat\u00ebn e par\u00eb q\u00eb u rr\u00ebzua n\u00eb nj\u00eb m\u00ebnyr\u00eb t\u00eb till\u00eb q\u00eb nga viti 1962 dhe qeveria m\u00eb jet\u00ebshkurt\u00ebr e Republik\u00ebs s\u00eb Pest\u00eb. Nj\u00eb total prej 331 deputet\u00ebsh votuan\u2026","rel":"","context":"In &quot;Blogu i Udh\u00ebtarit&quot;","block_context":{"text":"Blogu i Udh\u00ebtarit","link":"https:\/\/www.shqiperia.com\/blog\/category\/blogu-i-udhetarit\/"},"img":{"alt_text":"","src":"https:\/\/i0.wp.com\/www.shqiperia.com\/blog\/wp-content\/uploads\/2024\/12\/TELEMMGLPICT000404099714_17333401716340_trans_NvBQzQNjv4BqBUf8B7jwJjc2Cnz3CBTXYf4Xpit_DMGvdp2n7FDd82k.webp?fit=680%2C426&ssl=1&resize=350%2C200","width":350,"height":200,"srcset":"https:\/\/i0.wp.com\/www.shqiperia.com\/blog\/wp-content\/uploads\/2024\/12\/TELEMMGLPICT000404099714_17333401716340_trans_NvBQzQNjv4BqBUf8B7jwJjc2Cnz3CBTXYf4Xpit_DMGvdp2n7FDd82k.webp?fit=680%2C426&ssl=1&resize=350%2C200 1x, https:\/\/i0.wp.com\/www.shqiperia.com\/blog\/wp-content\/uploads\/2024\/12\/TELEMMGLPICT000404099714_17333401716340_trans_NvBQzQNjv4BqBUf8B7jwJjc2Cnz3CBTXYf4Xpit_DMGvdp2n7FDd82k.webp?fit=680%2C426&ssl=1&resize=525%2C300 1.5x"},"classes":[]},{"id":21940,"url":"https:\/\/www.shqiperia.com\/blog\/aleanca-qytetare-vlore-thirrje-presidentit-shperndaje-parlamentin-nuk-perfaqeson-elektoratin\/","url_meta":{"origin":97079,"position":5},"title":"Aleanca qytetare Vlor\u00eb, thirrje Presidentit: &#8211; Shp\u00ebrndaje Parlamentin, nuk p\u00ebrfaq\u00ebson elektoratin. &#8211;","author":"Kurt Farka","date":"June 19, 2019","format":false,"excerpt":"Aleanca qytetare Vlor\u00eb, thirrje Presidentit: - Shp\u00ebrndaje Parlamentin, nuk p\u00ebrfaq\u00ebson elektoratin. - \u00a019 qershor 2019 Aleanca Qytetare p\u00ebr Mbrojtjen e Demokracis\u00eb p\u00ebr Vlor\u00ebn permes nje deklarate publike i ka kerkuar Presidentit te vendit qe te shperndaje parlamentin. \u201cAleanca Qytetare p\u00ebr Mbrojtjen e Demokracis\u00eb p\u00ebr Vlor\u00ebn, vler\u00ebson me shqet\u00ebsim t\u00eb thell\u00eb\u2026","rel":"","context":"In &quot;Blogu i Udh\u00ebtarit&quot;","block_context":{"text":"Blogu i Udh\u00ebtarit","link":"https:\/\/www.shqiperia.com\/blog\/category\/blogu-i-udhetarit\/"},"img":{"alt_text":"","src":"https:\/\/i0.wp.com\/www.shqiperia.com\/blog\/wp-content\/uploads\/2019\/06\/VL_URB_MONUMENTI-I-PAVARESISE_01-e1521564254417.jpg?fit=1200%2C553&ssl=1&resize=350%2C200","width":350,"height":200,"srcset":"https:\/\/i0.wp.com\/www.shqiperia.com\/blog\/wp-content\/uploads\/2019\/06\/VL_URB_MONUMENTI-I-PAVARESISE_01-e1521564254417.jpg?fit=1200%2C553&ssl=1&resize=350%2C200 1x, https:\/\/i0.wp.com\/www.shqiperia.com\/blog\/wp-content\/uploads\/2019\/06\/VL_URB_MONUMENTI-I-PAVARESISE_01-e1521564254417.jpg?fit=1200%2C553&ssl=1&resize=525%2C300 1.5x, https:\/\/i0.wp.com\/www.shqiperia.com\/blog\/wp-content\/uploads\/2019\/06\/VL_URB_MONUMENTI-I-PAVARESISE_01-e1521564254417.jpg?fit=1200%2C553&ssl=1&resize=700%2C400 2x, https:\/\/i0.wp.com\/www.shqiperia.com\/blog\/wp-content\/uploads\/2019\/06\/VL_URB_MONUMENTI-I-PAVARESISE_01-e1521564254417.jpg?fit=1200%2C553&ssl=1&resize=1050%2C600 3x"},"classes":[]}],"_links":{"self":[{"href":"https:\/\/www.shqiperia.com\/blog\/wp-json\/wp\/v2\/posts\/97079","targetHints":{"allow":["GET"]}}],"collection":[{"href":"https:\/\/www.shqiperia.com\/blog\/wp-json\/wp\/v2\/posts"}],"about":[{"href":"https:\/\/www.shqiperia.com\/blog\/wp-json\/wp\/v2\/types\/post"}],"author":[{"embeddable":true,"href":"https:\/\/www.shqiperia.com\/blog\/wp-json\/wp\/v2\/users\/9"}],"replies":[{"embeddable":true,"href":"https:\/\/www.shqiperia.com\/blog\/wp-json\/wp\/v2\/comments?post=97079"}],"version-history":[{"count":2,"href":"https:\/\/www.shqiperia.com\/blog\/wp-json\/wp\/v2\/posts\/97079\/revisions"}],"predecessor-version":[{"id":97092,"href":"https:\/\/www.shqiperia.com\/blog\/wp-json\/wp\/v2\/posts\/97079\/revisions\/97092"}],"wp:featuredmedia":[{"embeddable":true,"href":"https:\/\/www.shqiperia.com\/blog\/wp-json\/wp\/v2\/media\/97080"}],"wp:attachment":[{"href":"https:\/\/www.shqiperia.com\/blog\/wp-json\/wp\/v2\/media?parent=97079"}],"wp:term":[{"taxonomy":"category","embeddable":true,"href":"https:\/\/www.shqiperia.com\/blog\/wp-json\/wp\/v2\/categories?post=97079"},{"taxonomy":"post_tag","embeddable":true,"href":"https:\/\/www.shqiperia.com\/blog\/wp-json\/wp\/v2\/tags?post=97079"}],"curies":[{"name":"wp","href":"https:\/\/api.w.org\/{rel}","templated":true}]}}