{"id":97072,"date":"2026-01-29T01:25:26","date_gmt":"2026-01-29T01:25:26","guid":{"rendered":"https:\/\/www.shqiperia.com\/blog\/?p=97072"},"modified":"2026-01-29T02:26:18","modified_gmt":"2026-01-29T02:26:18","slug":"durres-ikmt-kerkon-tu-prishe-banesat-16-familje-rome-tek-ura-e-dajlanit-mbeten-te-pastreha-u-refuzohet-shtyrja-e-vendimit","status":"publish","type":"post","link":"https:\/\/www.shqiperia.com\/blog\/durres-ikmt-kerkon-tu-prishe-banesat-16-familje-rome-tek-ura-e-dajlanit-mbeten-te-pastreha-u-refuzohet-shtyrja-e-vendimit\/","title":{"rendered":"Durr\u00ebs, IKMT k\u00ebrkon t\u2019u prish\u00eb banesat, 16 familje rome tek Ura e Dajlanit mbeten t\u00eb pastreha. U refuzohet shtyrja e vendimit"},"content":{"rendered":"<p><img data-recalc-dims=\"1\" loading=\"lazy\" decoding=\"async\" data-attachment-id=\"97073\" data-permalink=\"https:\/\/www.shqiperia.com\/blog\/durres-ikmt-kerkon-tu-prishe-banesat-16-familje-rome-tek-ura-e-dajlanit-mbeten-te-pastreha-u-refuzohet-shtyrja-e-vendimit\/640-0-64d09a4718a872d122662c0beb4f4290\/\" data-orig-file=\"https:\/\/i0.wp.com\/www.shqiperia.com\/blog\/wp-content\/uploads\/2026\/01\/640-0-64d09a4718a872d122662c0beb4f4290.jpg?fit=640%2C363&amp;ssl=1\" data-orig-size=\"640,363\" data-comments-opened=\"1\" data-image-meta=\"{&quot;aperture&quot;:&quot;0&quot;,&quot;credit&quot;:&quot;&quot;,&quot;camera&quot;:&quot;&quot;,&quot;caption&quot;:&quot;&quot;,&quot;created_timestamp&quot;:&quot;0&quot;,&quot;copyright&quot;:&quot;&quot;,&quot;focal_length&quot;:&quot;0&quot;,&quot;iso&quot;:&quot;0&quot;,&quot;shutter_speed&quot;:&quot;0&quot;,&quot;title&quot;:&quot;&quot;,&quot;orientation&quot;:&quot;0&quot;}\" data-image-title=\"-640-0-64d09a4718a872d122662c0beb4f4290\" data-image-description=\"\" data-image-caption=\"\" data-medium-file=\"https:\/\/i0.wp.com\/www.shqiperia.com\/blog\/wp-content\/uploads\/2026\/01\/640-0-64d09a4718a872d122662c0beb4f4290.jpg?fit=300%2C170&amp;ssl=1\" data-large-file=\"https:\/\/i0.wp.com\/www.shqiperia.com\/blog\/wp-content\/uploads\/2026\/01\/640-0-64d09a4718a872d122662c0beb4f4290.jpg?fit=640%2C363&amp;ssl=1\" class=\"alignnone wp-image-97073\" alt=\"\" src=\"https:\/\/i0.wp.com\/www.shqiperia.com\/blog\/wp-content\/uploads\/2026\/01\/640-0-64d09a4718a872d122662c0beb4f4290.jpg?resize=665%2C377&#038;ssl=1\" width=\"665\" height=\"377\" srcset=\"https:\/\/i0.wp.com\/www.shqiperia.com\/blog\/wp-content\/uploads\/2026\/01\/640-0-64d09a4718a872d122662c0beb4f4290.jpg?resize=300%2C170&amp;ssl=1 300w, https:\/\/i0.wp.com\/www.shqiperia.com\/blog\/wp-content\/uploads\/2026\/01\/640-0-64d09a4718a872d122662c0beb4f4290.jpg?resize=450%2C255&amp;ssl=1 450w, https:\/\/i0.wp.com\/www.shqiperia.com\/blog\/wp-content\/uploads\/2026\/01\/640-0-64d09a4718a872d122662c0beb4f4290.jpg?resize=600%2C340&amp;ssl=1 600w, https:\/\/i0.wp.com\/www.shqiperia.com\/blog\/wp-content\/uploads\/2026\/01\/640-0-64d09a4718a872d122662c0beb4f4290.jpg?resize=400%2C227&amp;ssl=1 400w, https:\/\/i0.wp.com\/www.shqiperia.com\/blog\/wp-content\/uploads\/2026\/01\/640-0-64d09a4718a872d122662c0beb4f4290.jpg?w=640&amp;ssl=1 640w\" sizes=\"auto, (max-width: 665px) 100vw, 665px\" \/><\/p>\n<p>29 Janar 2026<\/p>\n<p>P\u00ebrfaq\u00ebsuesit e 16 familjeve, banesat e t\u00eb cilave ndodhen pran\u00eb kanalit t\u00eb uj\u00ebrave t\u00eb larta tek Ura e Dajlanit, kan\u00eb qen\u00eb sot n\u00eb bashkin\u00eb e Durr\u00ebsit p\u00ebr t\u00eb gjetur nj\u00eb zgjidhje pasi IKMT do t\u2019u prish\u00eb sht\u00ebpit\u00eb.<\/p>\n<p>Prej disa dit\u00ebsh, ata jan\u00eb njoftuar p\u00ebr prishjen e banesave t\u00eb tyre, p\u00ebr shkak t\u00eb zgjerimit t\u00eb kanalit, por institucionet shtet\u00ebrore nuk u kan\u00eb l\u00ebn\u00eb koh\u00eb t\u00eb p\u00ebrmbushet as afati ligjor prej 10 dit\u00ebsh p\u00ebr t\u00eb gjetur nj\u00eb streh\u00eb tjet\u00ebr.<\/p>\n<p>IKMT ka vendosur si afat t\u00eb fundit p\u00ebr prishjet dit\u00ebn e m\u00ebrkur\u00eb, nd\u00ebrsa banor\u00ebt k\u00ebrkojn\u00eb nga bashkia strehim dhe bonus qiraje, sepse nuk mund t\u00eb flaken n\u00eb rrug\u00eb pas 20 vitesh q\u00eb jetojn\u00eb aty.<\/p>\n<p>Nj\u00eb p\u00ebrfaq\u00ebsues i organizat\u00ebs Ushten, q\u00eb mbron t\u00eb drejtat e komunitetit rom dhe egjiptian, Ismail Jakupi, tha se gjat\u00eb takimit ku ishin t\u00eb pranish\u00ebm specialist\u00eb t\u00eb bashkis\u00eb banor\u00ebve iu premtua se do t\u2019u lidhet bonus qiraje.<\/p>\n<p>Paavar\u00ebsisht k\u00ebrkesave t\u00eb banor\u00ebve p\u00ebr t\u00eb shtyr\u00eb afatin e prishjeve, IMKT u deklaroi p\u00ebrfaq\u00ebsuesve t\u00eb banor\u00ebve, se urdhri p\u00ebr prishjet do t\u00eb zbatohet dit\u00ebn e sotme, pasi dy dit\u00ebt n\u00eb vijim priten reshje t\u00eb dendura shiu.<\/p>\n<p>M\u00eb her\u00ebt, kryetarja e bashkis\u00eb Emiriana Sako njoftoi n\u00eb rrjete sociale se do t\u00eb vijohet me prishjen e \u00e7do objekti q\u00eb pengon zgjerimin, por edhe me pastrimin e mir\u00ebmbajtjen e kanaleve kulluese.<\/p>\n","protected":false},"excerpt":{"rendered":"<p>29 Janar 2026 P\u00ebrfaq\u00ebsuesit e 16 familjeve, banesat e t\u00eb cilave ndodhen pran\u00eb kanalit t\u00eb uj\u00ebrave t\u00eb larta tek Ura e Dajlanit, kan\u00eb qen\u00eb sot n\u00eb bashkin\u00eb e Durr\u00ebsit p\u00ebr t\u00eb gjetur nj\u00eb zgjidhje pasi IKMT do t\u2019u prish\u00eb sht\u00ebpit\u00eb. Prej disa dit\u00ebsh, ata jan\u00eb njoftuar p\u00ebr prishjen e banesave t\u00eb tyre, p\u00ebr shkak t\u00eb [&hellip;]<\/p>\n","protected":false},"author":9,"featured_media":97073,"comment_status":"open","ping_status":"open","sticky":false,"template":"","format":"standard","meta":{"jetpack_post_was_ever_published":false,"_jetpack_newsletter_access":"","_jetpack_dont_email_post_to_subs":false,"_jetpack_newsletter_tier_id":0,"_jetpack_memberships_contains_paywalled_content":false,"_jetpack_memberships_contains_paid_content":false,"footnotes":"","jetpack_publicize_message":"","jetpack_publicize_feature_enabled":true,"jetpack_social_post_already_shared":true,"jetpack_social_options":{"image_generator_settings":{"template":"highway","default_image_id":0,"font":"","enabled":false},"version":2}},"categories":[27,1,35],"tags":[],"class_list":["post-97072","post","type-post","status-publish","format-standard","has-post-thumbnail","hentry","category-blogu-i-udhetarit","category-njoftime-shtypi","category-shoqerore"],"jetpack_publicize_connections":[],"jetpack_featured_media_url":"https:\/\/i0.wp.com\/www.shqiperia.com\/blog\/wp-content\/uploads\/2026\/01\/640-0-64d09a4718a872d122662c0beb4f4290.jpg?fit=640%2C363&ssl=1","jetpack_sharing_enabled":true,"jetpack_shortlink":"https:\/\/wp.me\/p5Z6wp-pfG","jetpack-related-posts":[{"id":62971,"url":"https:\/\/www.shqiperia.com\/blog\/unaza-e-madhe-ikmt-nis-prishjet-ne-shkoze-perplasje-mes-fnsh-se-dhe-banoreve-nuk-dalin-nga-banesat\/","url_meta":{"origin":97072,"position":0},"title":"\u2018Unaza e Madhe\u2019: &#8211; IKMT nis prishjet n\u00eb Shkoz\u00eb, p\u00ebrplasje mes FNSH-s\u00eb dhe banor\u00ebve, nuk dalin nga banesat!","author":"Kurt Farka","date":"October 6, 2022","format":false,"excerpt":"6 Tetor 2022 Banor\u00ebt e nj\u00eb lagjeje n\u00eb Unaz\u00ebn Lindore, n\u00eb zon\u00ebn e Shkoz\u00ebs jan\u00eb zgjuar dit\u00ebn e sotme nga fadromat dhe mjetet e IKMT dhe policis\u00eb pasi banesat e tyre preken nga projekti i \u201cUnaz\u00ebs s\u00eb Re\u201d. Nd\u00ebrkoh\u00eb, banor\u00ebt jan\u00eb p\u00ebrplasur fizikisht me forcat e policis\u00eb pasi kund\u00ebrshtojn\u00eb urdhrin\u2026","rel":"","context":"In &quot;Blogu i Udh\u00ebtarit&quot;","block_context":{"text":"Blogu i Udh\u00ebtarit","link":"https:\/\/www.shqiperia.com\/blog\/category\/blogu-i-udhetarit\/"},"img":{"alt_text":"","src":"https:\/\/i0.wp.com\/www.shqiperia.com\/blog\/wp-content\/uploads\/2022\/10\/IKMT-nis-prishjet-ne-Shkoze-perplasje-mes-FNSH-se-dhe-banoreve.png?fit=512%2C287&ssl=1&resize=350%2C200","width":350,"height":200},"classes":[]},{"id":26540,"url":"https:\/\/www.shqiperia.com\/blog\/fatos-nano-skerkonte-dokumente-saliu-na-dha-nje-cope-leter-rama-na-vuri-drurin-cndodhi-gjate-shembjes-se-lokalit-te-njohur-ne-radhime\/","url_meta":{"origin":97072,"position":1},"title":"\u201cFatos Nano s\u2019k\u00ebrkonte dokumente, Saliu na dha nj\u00eb cop\u00eb let\u00ebr, Rama na vuri drurin\u201d, \u00e7\u2019ndodhi gjat\u00eb shembjes s\u00eb lokalit t\u00eb njohur n\u00eb Radhim\u00eb. &#8211;","author":"Kurt Farka","date":"October 1, 2019","format":false,"excerpt":"\u201cFatos Nano s\u2019k\u00ebrkonte dokumente, Saliu na dha nj\u00eb cop\u00eb let\u00ebr, Rama na vuri drurin\u201d, \u00e7\u2019ndodhi gjat\u00eb shembjes s\u00eb lokalit t\u00eb njohur n\u00eb Radhim\u00eb. - \u00a01 tetor 2019 IKMT shemb lokalet n\u00eb Rradhim\u00eb, banor\u00eb bllokojn\u00eb mjetet me f\u00ebmij\u00eb t\u00eb vegj\u00ebl n\u00eb krah. Policia dhe FNSH shoq\u00ebron disa persona. Faza e dyt\u00eb\u2026","rel":"","context":"In &quot;Blogu i Udh\u00ebtarit&quot;","block_context":{"text":"Blogu i Udh\u00ebtarit","link":"https:\/\/www.shqiperia.com\/blog\/category\/blogu-i-udhetarit\/"},"img":{"alt_text":"","src":"https:\/\/i0.wp.com\/www.shqiperia.com\/blog\/wp-content\/uploads\/2019\/10\/aksioni-radhime.jpg?fit=802%2C402&ssl=1&resize=350%2C200","width":350,"height":200,"srcset":"https:\/\/i0.wp.com\/www.shqiperia.com\/blog\/wp-content\/uploads\/2019\/10\/aksioni-radhime.jpg?fit=802%2C402&ssl=1&resize=350%2C200 1x, https:\/\/i0.wp.com\/www.shqiperia.com\/blog\/wp-content\/uploads\/2019\/10\/aksioni-radhime.jpg?fit=802%2C402&ssl=1&resize=525%2C300 1.5x, https:\/\/i0.wp.com\/www.shqiperia.com\/blog\/wp-content\/uploads\/2019\/10\/aksioni-radhime.jpg?fit=802%2C402&ssl=1&resize=700%2C400 2x"},"classes":[]},{"id":96969,"url":"https:\/\/www.shqiperia.com\/blog\/doreheqje-e-papritur-ne-ikmt-le-detyren-dallendyshe-bici-zbulohet-emri-qe-e-zevendeson\/","url_meta":{"origin":97072,"position":2},"title":"Dor\u00ebheqje e papritur n\u00eb IKMT\/ L\u00eb detyr\u00ebn Dall\u00ebndyshe Bici, zbulohet emri q\u00eb e z\u00ebvend\u00ebson","author":"Kurt Farka","date":"January 26, 2026","format":false,"excerpt":"26 Janar 2026 Dit\u00ebn e sotme \u00ebsht\u00eb larguar nga detyra kryeinspektorja e IKMT-s\u00eb, Dall\u00ebndyshe Bici, pas 18 muajsh n\u00eb at\u00eb detyr\u00eb. Zonja Bici u riem\u00ebrua n\u00eb at\u00eb post n\u00eb muajin korrik t\u00eb vitit 2024, pas nj\u00eb periudhe t\u00eb shkurt\u00ebr n\u00eb krye t\u00eb Kadastr\u00ebs Shtet\u00ebrore. M\u00ebsohet se n\u00eb krye t\u00eb Inspektoriatit\u2026","rel":"","context":"In &quot;Blogu i Udh\u00ebtarit&quot;","block_context":{"text":"Blogu i Udh\u00ebtarit","link":"https:\/\/www.shqiperia.com\/blog\/category\/blogu-i-udhetarit\/"},"img":{"alt_text":"","src":"https:\/\/i0.wp.com\/www.shqiperia.com\/blog\/wp-content\/uploads\/2026\/01\/dallendyshe-bici.jpg?fit=640%2C387&ssl=1&resize=350%2C200","width":350,"height":200,"srcset":"https:\/\/i0.wp.com\/www.shqiperia.com\/blog\/wp-content\/uploads\/2026\/01\/dallendyshe-bici.jpg?fit=640%2C387&ssl=1&resize=350%2C200 1x, https:\/\/i0.wp.com\/www.shqiperia.com\/blog\/wp-content\/uploads\/2026\/01\/dallendyshe-bici.jpg?fit=640%2C387&ssl=1&resize=525%2C300 1.5x"},"classes":[]},{"id":93677,"url":"https:\/\/www.shqiperia.com\/blog\/pas-thethit-prishen-edhe-ne-valbone-bujtinat-e-ndertuara-prej-vitesh\/","url_meta":{"origin":97072,"position":3},"title":"Pas Thethit, prishen edhe ne Valbone bujtinat e nd\u00ebrtuara prej vitesh","author":"Kurt Farka","date":"September 12, 2025","format":false,"excerpt":"12 Shtator 2025 Me urdh\u00ebr t\u00eb kryeministrit Edi Rama, Inspektorati Komb\u00ebtar i Mbrojtjes s\u00eb Territorit (IKMT) ka nisur nj\u00eb aksion n\u00eb zon\u00ebn turistike t\u00eb Valbon\u00ebs, ku jan\u00eb nd\u00ebrmarr\u00eb masa p\u00ebr prishjen e disa nd\u00ebrtesave t\u00eb pretenduara pa leje. Nga videot, dallohen nj\u00eb num\u00ebr i konsideruesh\u00ebm bujtinash t\u00eb prishura, q\u00eb prej\u2026","rel":"","context":"In &quot;Blogu i Udh\u00ebtarit&quot;","block_context":{"text":"Blogu i Udh\u00ebtarit","link":"https:\/\/www.shqiperia.com\/blog\/category\/blogu-i-udhetarit\/"},"img":{"alt_text":"","src":"https:\/\/i0.wp.com\/www.shqiperia.com\/blog\/wp-content\/uploads\/2025\/09\/image_870x_68c452841a5e0.webp?fit=870%2C457&ssl=1&resize=350%2C200","width":350,"height":200,"srcset":"https:\/\/i0.wp.com\/www.shqiperia.com\/blog\/wp-content\/uploads\/2025\/09\/image_870x_68c452841a5e0.webp?fit=870%2C457&ssl=1&resize=350%2C200 1x, https:\/\/i0.wp.com\/www.shqiperia.com\/blog\/wp-content\/uploads\/2025\/09\/image_870x_68c452841a5e0.webp?fit=870%2C457&ssl=1&resize=525%2C300 1.5x, https:\/\/i0.wp.com\/www.shqiperia.com\/blog\/wp-content\/uploads\/2025\/09\/image_870x_68c452841a5e0.webp?fit=870%2C457&ssl=1&resize=700%2C400 2x"},"classes":[]},{"id":65559,"url":"https:\/\/www.shqiperia.com\/blog\/korrupsioni-ne-dogana-dhe-ikmt-artan-fuga-asnje-zyrtar-nuk-i-jep-llogari-drejtesise-miliona-leke-te-keqmenaxhuara-dhe-mazhoranca-nuk-reagon\/","url_meta":{"origin":97072,"position":4},"title":"Korrupsioni n\u00eb dogana dhe IKMT. Artan Fuga: &#8211; Asnj\u00eb zyrtar nuk i jep llogari drejt\u00ebsis\u00eb! Miliona lek\u00eb t\u00eb keqmenaxhuara dhe mazhoranca nuk reagon","author":"Kurt Farka","date":"December 20, 2022","format":false,"excerpt":"20 Dhjetor 2022 Akademiku i njohur Artan Fuga u b\u00ebn thirrje organeve t\u00eb drejt\u00ebsis\u00eb q\u00eb t\u00eb veprojn\u00eb ndaj zyrtar\u00ebve q\u00eb akuzohen p\u00ebr afera korruptive. Z. Fuga shpreh shqet\u00ebsimin e mos reagimit t\u00eb mazhoranc\u00ebs dhe se asnj\u00ebri prej t\u00eb akuzuarve p\u00ebr korrupsion nuk i jep llogari drejt\u00ebsis\u00eb. Akademiku iu referua dje\u2026","rel":"","context":"In &quot;Blogu i Udh\u00ebtarit&quot;","block_context":{"text":"Blogu i Udh\u00ebtarit","link":"https:\/\/www.shqiperia.com\/blog\/category\/blogu-i-udhetarit\/"},"img":{"alt_text":"","src":"https:\/\/i0.wp.com\/www.shqiperia.com\/blog\/wp-content\/uploads\/2022\/12\/artan-fuga-770x433-1.jpg?fit=770%2C433&ssl=1&resize=350%2C200","width":350,"height":200,"srcset":"https:\/\/i0.wp.com\/www.shqiperia.com\/blog\/wp-content\/uploads\/2022\/12\/artan-fuga-770x433-1.jpg?fit=770%2C433&ssl=1&resize=350%2C200 1x, https:\/\/i0.wp.com\/www.shqiperia.com\/blog\/wp-content\/uploads\/2022\/12\/artan-fuga-770x433-1.jpg?fit=770%2C433&ssl=1&resize=525%2C300 1.5x, https:\/\/i0.wp.com\/www.shqiperia.com\/blog\/wp-content\/uploads\/2022\/12\/artan-fuga-770x433-1.jpg?fit=770%2C433&ssl=1&resize=700%2C400 2x"},"classes":[]},{"id":96538,"url":"https:\/\/www.shqiperia.com\/blog\/shish-akshi-policia-hipotekat-ikmt-dhe-dhjetera-institucione-komandoheshin-nga-ergys-agasi-vlora-hyseni-se-shish-akshi-policia-hipotekat-ikmt-dhe-dhjetera-institucione-komandoheshin\/","url_meta":{"origin":97072,"position":5},"title":"SHISH, AKSHI, policia, hipotekat, IKMT dhe dhjet\u00ebra institucione komandoheshin nga Ergys Agasi, Vlora Hyseni s\u00eb\u2026 SHISH, AKSHI, policia, hipotekat, IKMT dhe dhjet\u00ebra institucione komandoheshin nga Ergys Agasi, Vlora Hyseni s\u00eb shpejti n\u00eb SPAK, ka dal\u00eb n\u00eb p\u00ebrgjimet e koordinatorit t\u00eb Edi Ram\u00ebs   11:06 | 12\/01\/2026 A A SHISH, AKSHI, policia, hipotekat, IKMT dhe dhjet\u00ebra institucione komandoheshin nga Ergys Agasi, Vlora Hyseni s\u00eb\u2026","author":"Kurt Farka","date":"January 12, 2026","format":false,"excerpt":"12 Janar 2026 Nj\u00eb mega-dosje q\u00eb vazhdon t\u00eb hetohet nga SPAK po zbulon nj\u00eb skem\u00eb shqet\u00ebsuese funksionimi t\u00eb shtetit shqiptar, ku dhjet\u00ebra institucione ky\u00e7e rezultojn\u00eb se nuk vepronin sipas hierarkis\u00eb ligjore dhe kushtetuese, por sipas nj\u00eb zinxhiri informal komandimi, me qend\u00ebr nj\u00eb em\u00ebr t\u00eb vet\u00ebm: Ergys Agasi, q\u00eb sot ndodhet\u2026","rel":"","context":"In &quot;Blogu i Udh\u00ebtarit&quot;","block_context":{"text":"Blogu i Udh\u00ebtarit","link":"https:\/\/www.shqiperia.com\/blog\/category\/blogu-i-udhetarit\/"},"img":{"alt_text":"","src":"https:\/\/i0.wp.com\/www.shqiperia.com\/blog\/wp-content\/uploads\/2026\/01\/Ergys-Agasi.jpg?fit=900%2C521&ssl=1&resize=350%2C200","width":350,"height":200,"srcset":"https:\/\/i0.wp.com\/www.shqiperia.com\/blog\/wp-content\/uploads\/2026\/01\/Ergys-Agasi.jpg?fit=900%2C521&ssl=1&resize=350%2C200 1x, https:\/\/i0.wp.com\/www.shqiperia.com\/blog\/wp-content\/uploads\/2026\/01\/Ergys-Agasi.jpg?fit=900%2C521&ssl=1&resize=525%2C300 1.5x, https:\/\/i0.wp.com\/www.shqiperia.com\/blog\/wp-content\/uploads\/2026\/01\/Ergys-Agasi.jpg?fit=900%2C521&ssl=1&resize=700%2C400 2x"},"classes":[]}],"_links":{"self":[{"href":"https:\/\/www.shqiperia.com\/blog\/wp-json\/wp\/v2\/posts\/97072","targetHints":{"allow":["GET"]}}],"collection":[{"href":"https:\/\/www.shqiperia.com\/blog\/wp-json\/wp\/v2\/posts"}],"about":[{"href":"https:\/\/www.shqiperia.com\/blog\/wp-json\/wp\/v2\/types\/post"}],"author":[{"embeddable":true,"href":"https:\/\/www.shqiperia.com\/blog\/wp-json\/wp\/v2\/users\/9"}],"replies":[{"embeddable":true,"href":"https:\/\/www.shqiperia.com\/blog\/wp-json\/wp\/v2\/comments?post=97072"}],"version-history":[{"count":2,"href":"https:\/\/www.shqiperia.com\/blog\/wp-json\/wp\/v2\/posts\/97072\/revisions"}],"predecessor-version":[{"id":97094,"href":"https:\/\/www.shqiperia.com\/blog\/wp-json\/wp\/v2\/posts\/97072\/revisions\/97094"}],"wp:featuredmedia":[{"embeddable":true,"href":"https:\/\/www.shqiperia.com\/blog\/wp-json\/wp\/v2\/media\/97073"}],"wp:attachment":[{"href":"https:\/\/www.shqiperia.com\/blog\/wp-json\/wp\/v2\/media?parent=97072"}],"wp:term":[{"taxonomy":"category","embeddable":true,"href":"https:\/\/www.shqiperia.com\/blog\/wp-json\/wp\/v2\/categories?post=97072"},{"taxonomy":"post_tag","embeddable":true,"href":"https:\/\/www.shqiperia.com\/blog\/wp-json\/wp\/v2\/tags?post=97072"}],"curies":[{"name":"wp","href":"https:\/\/api.w.org\/{rel}","templated":true}]}}