{"id":97069,"date":"2026-01-29T01:23:05","date_gmt":"2026-01-29T01:23:05","guid":{"rendered":"https:\/\/www.shqiperia.com\/blog\/?p=97069"},"modified":"2026-01-29T02:26:46","modified_gmt":"2026-01-29T02:26:46","slug":"taulant-balla-del-ne-komunikim-me-banda-kriminale-zbardhet-dokumenti-hetimet-ndaj-suel-celes-implikojne","status":"publish","type":"post","link":"https:\/\/www.shqiperia.com\/blog\/taulant-balla-del-ne-komunikim-me-banda-kriminale-zbardhet-dokumenti-hetimet-ndaj-suel-celes-implikojne\/","title":{"rendered":"Taulant Balla del n\u00eb komunikim me banda kriminale, zbardhet dokumenti, hetimet ndaj Suel \u00c7el\u00ebs implikojn\u00eb\u2026"},"content":{"rendered":"<div class=\"row vc_row wpb_row vc_row-fluid\">\n<div class=\"jeg-vc-wrapper\">\n<div class=\"wpb_column jeg_column vc_column_container vc_col-sm-12\">\n<div class=\"jeg_wrapper wpb_wrapper\">\n<div class=\"jeg_custom_subtitle_wrapper nentitull \">\n<h5><img data-recalc-dims=\"1\" loading=\"lazy\" decoding=\"async\" data-attachment-id=\"97070\" data-permalink=\"https:\/\/www.shqiperia.com\/blog\/taulant-balla-del-ne-komunikim-me-banda-kriminale-zbardhet-dokumenti-hetimet-ndaj-suel-celes-implikojne\/foto-5-2-1140x570\/\" data-orig-file=\"https:\/\/i0.wp.com\/www.shqiperia.com\/blog\/wp-content\/uploads\/2026\/01\/foto-5-2-1140x570-1.jpeg?fit=1140%2C570&amp;ssl=1\" data-orig-size=\"1140,570\" data-comments-opened=\"1\" data-image-meta=\"{&quot;aperture&quot;:&quot;0&quot;,&quot;credit&quot;:&quot;&quot;,&quot;camera&quot;:&quot;&quot;,&quot;caption&quot;:&quot;&quot;,&quot;created_timestamp&quot;:&quot;0&quot;,&quot;copyright&quot;:&quot;&quot;,&quot;focal_length&quot;:&quot;0&quot;,&quot;iso&quot;:&quot;0&quot;,&quot;shutter_speed&quot;:&quot;0&quot;,&quot;title&quot;:&quot;&quot;,&quot;orientation&quot;:&quot;0&quot;}\" data-image-title=\"foto-5-2-1140&#215;570\" data-image-description=\"\" data-image-caption=\"\" data-medium-file=\"https:\/\/i0.wp.com\/www.shqiperia.com\/blog\/wp-content\/uploads\/2026\/01\/foto-5-2-1140x570-1.jpeg?fit=300%2C150&amp;ssl=1\" data-large-file=\"https:\/\/i0.wp.com\/www.shqiperia.com\/blog\/wp-content\/uploads\/2026\/01\/foto-5-2-1140x570-1.jpeg?fit=1024%2C512&amp;ssl=1\" class=\"alignnone wp-image-97070\" alt=\"\" src=\"https:\/\/i0.wp.com\/www.shqiperia.com\/blog\/wp-content\/uploads\/2026\/01\/foto-5-2-1140x570-1.jpeg?resize=586%2C293&#038;ssl=1\" width=\"586\" height=\"293\" srcset=\"https:\/\/i0.wp.com\/www.shqiperia.com\/blog\/wp-content\/uploads\/2026\/01\/foto-5-2-1140x570-1.jpeg?resize=300%2C150&amp;ssl=1 300w, https:\/\/i0.wp.com\/www.shqiperia.com\/blog\/wp-content\/uploads\/2026\/01\/foto-5-2-1140x570-1.jpeg?resize=1024%2C512&amp;ssl=1 1024w, https:\/\/i0.wp.com\/www.shqiperia.com\/blog\/wp-content\/uploads\/2026\/01\/foto-5-2-1140x570-1.jpeg?resize=768%2C384&amp;ssl=1 768w, https:\/\/i0.wp.com\/www.shqiperia.com\/blog\/wp-content\/uploads\/2026\/01\/foto-5-2-1140x570-1.jpeg?resize=450%2C225&amp;ssl=1 450w, https:\/\/i0.wp.com\/www.shqiperia.com\/blog\/wp-content\/uploads\/2026\/01\/foto-5-2-1140x570-1.jpeg?resize=600%2C300&amp;ssl=1 600w, https:\/\/i0.wp.com\/www.shqiperia.com\/blog\/wp-content\/uploads\/2026\/01\/foto-5-2-1140x570-1.jpeg?resize=400%2C200&amp;ssl=1 400w, https:\/\/i0.wp.com\/www.shqiperia.com\/blog\/wp-content\/uploads\/2026\/01\/foto-5-2-1140x570-1.jpeg?w=1140&amp;ssl=1 1140w\" sizes=\"auto, (max-width: 586px) 100vw, 586px\" \/><\/h5>\n<h5>29 Janar 2026<\/h5>\n<h5 class=\"jeg_post_subtitle\">Nga: Gazeta Sot<\/h5>\n<h5 class=\"jeg_post_subtitle\">Taulant Balla del n\u00eb komunikim me banda kriminale, zbardhet dokumenti, hetimet ndaj Suel \u00c7el\u00ebs implikojn\u00eb kreun e grupit t\u00eb PS, dalin detajet nga p\u00ebrgjimet n\u00eb dosjen hetimore<\/h5>\n<\/div>\n<\/div>\n<\/div>\n<\/div>\n<\/div>\n<div class=\"row vc_row wpb_row vc_row-fluid\">\n<div class=\"jeg-vc-wrapper\">\n<div class=\"wpb_column jeg_column vc_column_container vc_col-sm-8\">\n<div class=\"jeg_wrapper wpb_wrapper\">\n<div class=\"jeg_custom_content_wrapper \">\n<div class=\"entry-content no-share\">\n<div class=\"content-inner\">\n<p>Hetimet e zhvilluara ndaj Suel \u00c7el\u00ebs kan\u00eb nxjerr\u00eb n\u00eb drit\u00eb p\u00ebrgjime q\u00eb, sipas dokumenteve hetimore, implikojn\u00eb edhe emrin e kreut t\u00eb grupit parlamentar t\u00eb Partis\u00eb Socialiste, Taulant Balla n\u00eb grupet kriminale. Sipas nj\u00eb statusi t\u00eb publikuar n\u00eb \u201cFacebook\u201d nga dh\u00ebndri i ish-kryeministrit Sali Berisha, Jamarb\u00ebr Malltezi, b\u00ebhet fjal\u00eb p\u00ebr komunikime t\u00eb koduara mes personave n\u00ebn hetim ku p\u00ebrmendet \u201cTao\u201d. N\u00eb fragmentet e zbardhura t\u00eb p\u00ebrgjimeve, flitet p\u00ebr marr\u00ebveshje mes pal\u00ebve q\u00eb t\u00eb mos k\u00ebrkoheshin tender\u00eb apo favore publike jasht\u00eb atyre t\u00eb dakorduara m\u00eb her\u00ebt. Mesazhi i dat\u00ebs 10.02.2020 thuhet se i \u00ebsht\u00eb p\u00ebrcjell\u00eb Taulant Ball\u00ebs, duke i vendosur edhe nj\u00eb afat kohor deri n\u00eb muajin dhjetor. N\u00eb p\u00ebrgjigje, sipas dokumentit, Balla k\u00ebrkon garanci p\u00ebr mb\u00ebshtetje elektorale n\u00ebse persona t\u00eb caktuar p\u00ebrfshihen n\u00eb lista dhe p\u00ebrfundojn\u00eb n\u00eb burg. Pal\u00ebt p\u00ebrgjigjen se kjo garanci ekziston, nd\u00ebrsa m\u00eb pas citohet se \u201cata do t\u00eb shkojn\u00eb n\u00eb burg k\u00ebt\u00eb vit\u201d. Malltezi pretendon se vet\u00ebm k\u00ebto pak rreshta adresojn\u00eb disa vepra t\u00eb r\u00ebnda penale, duke k\u00ebrkuar reagim dhe transparenc\u00eb nga organet e drejt\u00ebsis\u00eb. Deri m\u00eb tani, nuk ka nj\u00eb reagim zyrtar nga Taulant Balla lidhur me k\u00ebto pretendime, nd\u00ebrsa m\u00eb posht\u00eb po pasqyrojm\u00eb reagimin e plot\u00eb t\u00eb z. Jamarb\u00ebr Malltezi dhe dokumentin q\u00eb implikon deputetin e PS, Taulant Balla.<\/p>\n<p><strong>Reagimi i z. Jamarb\u00ebr Malltezi<\/strong><\/p>\n<p>N\u00eb nj\u00eb status n\u00eb FB, dh\u00ebndri i ish-kryeministrit Sali Berisha, Jamamb\u00ebr Malltezi ka publikuar dje nj\u00eb fragment t\u00eb shkurt\u00ebr nga p\u00ebrgjimet n\u00eb dosjen hetimore q\u00eb po zhvillohen ndaj Suel \u00c7el\u00ebs, nd\u00ebrsa emri i p\u00ebrmendur nd\u00ebr rreshta \u00ebsht\u00eb Taulant Balla. Malltezi shkruan se n\u00eb ato pak rreshta p\u00ebrgjime, ndaj Ball\u00ebs \u2018adresohen\u2019 nj\u00eb s\u00ebr\u00eb veprash penale, duke i renditur ato nj\u00ebra pas tjetr\u00ebs.<\/p>\n<p>\u201cTaulant Balla \u2013 5 rrjeshta tekst disa vepra penale:<\/p>\n<ol>\n<li>lidhje me krimin e organizuar<\/li>\n<li>tenderat a paracaktuar p\u00ebr krimin i cakton Taulanti<\/li>\n<li>n\u00ebnshtrim i prokuroris\u00eb dhe gjyq\u00ebsorit sipas porosive te Taulanti<\/li>\n<\/ol>\n<p><img data-recalc-dims=\"1\" loading=\"lazy\" decoding=\"async\" class=\"alignnone size-full wp-image-3060243\" alt=\"\" src=\"https:\/\/i0.wp.com\/sot.com.al\/wp-content\/uploads\/2026\/01\/faksmile-foto-5.jpg?resize=860%2C145&#038;ssl=1\" width=\"860\" height=\"145\" data-pin-no-hover=\"true\" \/><\/p>\n<p>Me dt. 10.02.2020 Target informon PIN AM5P80 se kishin rene dakort mes tyre qe te mos i k\u00ebrkonin Taos asnje tender publik apo favore te tjera p\u00ebrve\u00e7 atyre qe kishin rene dakort te k\u00ebrkonin! Ky mesazh ju p\u00ebrcjell Taos dhe i dhan\u00eb afat deri ne Dhjetor. Tao iu p\u00ebrgjigj k\u00ebsaj: a garantoni qe te gjithe ata njer\u00ebz do te votojn\u00eb p\u00ebr nese vendosim ne liste ata qe doni ne burg. P\u00ebrgjigja ishte: \u201cPo ne e garantojm\u00eb k\u00ebt\u00eb\u201d. Me pas Tao tha: \u201cAta do shkojn\u00eb ne burg k\u00ebt\u00eb vit\u201d\u201d, shkruan Malltezi.<\/p>\n<p><strong>Berisha nxjerr bisedat n\u00eb \u201cSKY ECC\u201d p\u00ebr Ball\u00ebn: \u00c7el\u00ebt i k\u00ebrkuan arrestimin e \u00c7apjave n\u00eb k\u00ebmbim t\u00eb votave<\/strong><\/p>\n<p>Nd\u00ebrkoh\u00eb pak dit\u00eb m\u00eb par\u00eb edhe kryetari i Partis\u00eb Demokratike, Sali Berisha akuzoi nga foltorja kreun e grupit parlamentar t\u00eb Partis\u00eb Socialiste, Taulant Balla se jo vet\u00ebm ka r\u00ebn\u00eb n\u00eb p\u00ebrgjime me banda kriminale, por ka porositur edhe vrasje. Sipas Berish\u00ebs, dokumentet dhe mesazhet e zbardhura tregojn\u00eb se Balla ka vepruar si pjes\u00eb e nj\u00eb skeme kriminale t\u00eb mir\u00eborganizuar. Ai deklaroi se krimi i organizuar k\u00ebrkonte futjen e njer\u00ebzve t\u00eb vet n\u00eb listat e deputet\u00ebve, duke marr\u00eb garanci direkte p\u00ebr votat n\u00eb Kuvend. Berisha tha se Taulant Balla, n\u00eb rolin e kreut t\u00eb grupit parlamentar, u dha drit\u00ebn jeshile bandave p\u00ebr t\u00eb futur emra t\u00eb diktuar nga burgu. N\u00eb sall\u00eb u p\u00ebrmend\u00ebn p\u00ebrgjime ku flitet p\u00ebr marr\u00ebveshje t\u00eb mbyllura dhe afate konkrete p\u00ebr realizimin e tyre. Sipas Berish\u00ebs, Mario \u00c7ela, i njohur si \u201cTarget\u201d, fliste p\u00ebr vrasje t\u00eb porositura dhe pazare politike t\u00eb mbuluara me vota. Ai theksoi se k\u00ebto nuk ishin thjesht favore apo tendera, por krime t\u00eb r\u00ebnda t\u00eb porositura me mbrojtje politike. Berisha akuzoi Ball\u00ebn se garantonte personalisht votat n\u00ebse k\u00ebrkesat e bandave plot\u00ebsoheshin.<\/p>\n<p>\u201cN\u00eb dat\u00ebn 20.02.2020, Target, ose Mario \u00c7ela, me t\u00eb cilin, parafol\u00ebsi q\u00eb duhet t\u00eb ishte sot i d\u00ebnuar t\u00eb pakt\u00ebn 40 vite p\u00ebr vrasjet q\u00eb ka porositur me dokumenta, informon PIN-in. Se kishin r\u00ebn\u00eb dakord mes tyre q\u00eb t\u00eb mos k\u00ebrkonin Taos, k\u00ebtij k\u00ebtu\u2026 t\u00eb mos i k\u00ebrkonin\u2026 d\u00ebgjojeni\u2026 band\u00ebs. Asnj\u00eb tender publik, se ky merret me tendera\u2026 asnj\u00eb tender publik apo favore t\u00eb tjera p\u00ebrve\u00e7 atyre q\u00eb kishin r\u00ebn\u00eb dakord t\u00eb k\u00ebrkonin. Ky mesazh iu p\u00ebrcoll Taos. Dhe i dhan\u00eb afat gjer n\u00eb dhjetor. D\u00ebgjojeni! \u00cbsht\u00eb krahu i kartelit t\u00eb \u00c7el\u00ebs. Tao iu p\u00ebrgjigj k\u00ebsaj. E garanton\u2026 a garantoni q\u00eb t\u00eb gjitha ata njer\u00ebz q\u00eb do t\u00eb votojn\u00eb p\u00ebr ne n\u00ebse vendosim n\u00eb list\u00eb ata q\u00eb donin nga burgu? D\u00ebgjojeni! D\u00ebgjoni \u00e7far\u00eb krimineli \u00ebsht\u00eb. Ja ku e ka vendin ky. Prisni. P\u00ebrgjigja ishte: Po! Ne e garantojm\u00eb k\u00ebt\u00eb\u201d, deklaroi Berisha.<\/p>\n<p><strong>Sqarim:<span>\u00a0<\/span><\/strong>\u00c7do person prezumohet i pafajsh\u00ebm deri sa nuk v\u00ebrtetohet faj\u00ebsia e tij me vendim gjyq\u00ebsor t\u00eb form\u00ebs s\u00eb prer\u00eb.<\/p>\n<\/div>\n<\/div>\n<\/div>\n<\/div>\n<\/div>\n<\/div>\n<\/div>\n","protected":false},"excerpt":{"rendered":"<p>29 Janar 2026 Nga: Gazeta Sot Taulant Balla del n\u00eb komunikim me banda kriminale, zbardhet dokumenti, hetimet ndaj Suel \u00c7el\u00ebs implikojn\u00eb kreun e grupit t\u00eb PS, dalin detajet nga p\u00ebrgjimet n\u00eb dosjen hetimore Hetimet e zhvilluara ndaj Suel \u00c7el\u00ebs kan\u00eb nxjerr\u00eb n\u00eb drit\u00eb p\u00ebrgjime q\u00eb, sipas dokumenteve hetimore, implikojn\u00eb edhe emrin e kreut t\u00eb grupit [&hellip;]<\/p>\n","protected":false},"author":9,"featured_media":97070,"comment_status":"open","ping_status":"open","sticky":false,"template":"","format":"standard","meta":{"jetpack_post_was_ever_published":false,"_jetpack_newsletter_access":"","_jetpack_dont_email_post_to_subs":false,"_jetpack_newsletter_tier_id":0,"_jetpack_memberships_contains_paywalled_content":false,"_jetpack_memberships_contains_paid_content":false,"footnotes":"","jetpack_publicize_message":"","jetpack_publicize_feature_enabled":true,"jetpack_social_post_already_shared":true,"jetpack_social_options":{"image_generator_settings":{"template":"highway","default_image_id":0,"font":"","enabled":false},"version":2}},"categories":[27,1],"tags":[],"class_list":["post-97069","post","type-post","status-publish","format-standard","has-post-thumbnail","hentry","category-blogu-i-udhetarit","category-njoftime-shtypi"],"jetpack_publicize_connections":[],"jetpack_featured_media_url":"https:\/\/i0.wp.com\/www.shqiperia.com\/blog\/wp-content\/uploads\/2026\/01\/foto-5-2-1140x570-1.jpeg?fit=1140%2C570&ssl=1","jetpack_sharing_enabled":true,"jetpack_shortlink":"https:\/\/wp.me\/p5Z6wp-pfD","jetpack-related-posts":[{"id":91687,"url":"https:\/\/www.shqiperia.com\/blog\/berisha-akuza-balles-eshte-anetar-kryesor-i-grupit-kriminal-toyota-yaris-dhe-suel-celes-por-lihet-i-lire-te-beje-fushate\/","url_meta":{"origin":97069,"position":0},"title":"Berisha akuza Ball\u00ebs: &#8211; \u00cbsht\u00eb an\u00ebtar kryesor i grupit kriminal \u201cToyota Yaris\u201d dhe Suel \u00c7el\u00ebs, por lihet i lir\u00eb t\u00eb b\u00ebj\u00eb fushat\u00eb","author":"Kurt Farka","date":"April 21, 2025","format":false,"excerpt":"21 Prill 2025 N\u00eb sirtar\u00ebt e prokuror\u00ebve t\u00eb SPAK \u00ebsht\u00eb edhe dosja e Taulant Ball\u00ebs, i cili\u00a0 akuzohet si an\u00ebtar kryesor t\u00eb band\u00ebs \u201cToyota Yaris\u201d dhe t\u00eb Suel \u00c7el\u00ebs. Dosjet e Ball\u00ebs -tha Berisha- nuk hetohen, por \u201cai lihet i lir\u00eb t\u00eb b\u00ebj\u00eb fushat\u00eb\u201d. \u201cFtoj \u00e7do qytetar t\u00eb pyes Skapin\u2026","rel":"","context":"In &quot;Blogu i Udh\u00ebtarit&quot;","block_context":{"text":"Blogu i Udh\u00ebtarit","link":"https:\/\/www.shqiperia.com\/blog\/category\/blogu-i-udhetarit\/"},"img":{"alt_text":"","src":"https:\/\/i0.wp.com\/www.shqiperia.com\/blog\/wp-content\/uploads\/2025\/04\/taulant-balla.jpeg?fit=1200%2C800&ssl=1&resize=350%2C200","width":350,"height":200,"srcset":"https:\/\/i0.wp.com\/www.shqiperia.com\/blog\/wp-content\/uploads\/2025\/04\/taulant-balla.jpeg?fit=1200%2C800&ssl=1&resize=350%2C200 1x, https:\/\/i0.wp.com\/www.shqiperia.com\/blog\/wp-content\/uploads\/2025\/04\/taulant-balla.jpeg?fit=1200%2C800&ssl=1&resize=525%2C300 1.5x, https:\/\/i0.wp.com\/www.shqiperia.com\/blog\/wp-content\/uploads\/2025\/04\/taulant-balla.jpeg?fit=1200%2C800&ssl=1&resize=700%2C400 2x, https:\/\/i0.wp.com\/www.shqiperia.com\/blog\/wp-content\/uploads\/2025\/04\/taulant-balla.jpeg?fit=1200%2C800&ssl=1&resize=1050%2C600 3x"},"classes":[]},{"id":87027,"url":"https:\/\/www.shqiperia.com\/blog\/dosja-e-suel-celes-shemsi-prenci-zbulon-detajet-jane-te-perfshire-dhe-politikane-e-prokurore-te\/","url_meta":{"origin":97069,"position":1},"title":"Dosja e Suel \u00c7el\u00ebs\/ Shemsi Pren\u00e7i zbulon detajet: Jan\u00eb t\u00eb p\u00ebrfshir\u00eb dhe politikan\u00eb e prokuror\u00eb t\u00eb\u2026","author":"Kurt Farka","date":"December 3, 2024","format":false,"excerpt":"3 Dhjetor 2024 Ish-drejtuesi i Policis\u00eb, Shemsi Pren\u00e7i tha n\u00eb nj\u00eb emision televiziv se n\u00eb p\u00ebrgjimet e dekriptuara t\u00eb aplikacionit \u201cSky Ecc\u201d kan\u00eb dal\u00eb dhe politikan\u00eb dhe p\u00ebr k\u00ebt\u00eb arsye ka ve\u00e7ime t\u00eb fraksioneve t\u00eb dosjes s\u00eb Suel \u00c7el\u00ebs. Sipas Pren\u00e7it, t\u00eb gjith\u00eb tenderat e pastrimit t\u00eb qyteteve t\u00eb qarkut\u2026","rel":"","context":"In &quot;Blogu i Udh\u00ebtarit&quot;","block_context":{"text":"Blogu i Udh\u00ebtarit","link":"https:\/\/www.shqiperia.com\/blog\/category\/blogu-i-udhetarit\/"},"img":{"alt_text":"","src":"https:\/\/i0.wp.com\/www.shqiperia.com\/blog\/wp-content\/uploads\/2024\/12\/1717000102_shemsipreni.jpg?fit=539%2C305&ssl=1&resize=350%2C200","width":350,"height":200,"srcset":"https:\/\/i0.wp.com\/www.shqiperia.com\/blog\/wp-content\/uploads\/2024\/12\/1717000102_shemsipreni.jpg?fit=539%2C305&ssl=1&resize=350%2C200 1x, https:\/\/i0.wp.com\/www.shqiperia.com\/blog\/wp-content\/uploads\/2024\/12\/1717000102_shemsipreni.jpg?fit=539%2C305&ssl=1&resize=525%2C300 1.5x"},"classes":[]},{"id":88999,"url":"https:\/\/www.shqiperia.com\/blog\/hedh-balte-pa-fakte-ministri-balla-sfidon-berishen-ku-jane-faktet-per-akuzat-ndaj-meje\/","url_meta":{"origin":97069,"position":2},"title":"\u201cHedh balt\u00eb pa fakte\u201d\/ Ministri Balla sfidon Berish\u00ebn: &#8211; Ku jan\u00eb faktet p\u00ebr akuzat ndaj meje?","author":"Kurt Farka","date":"February 4, 2025","format":false,"excerpt":"4 Shkurt 2025 Ministri i Taulant Balla i ftuar n\u00eb nj\u00eb emision televiziv u p\u00ebrgjigjet p\u00ebr her\u00eb t\u00eb par\u00eb akuzave t\u00eb Sali Berish\u00ebs lidhur me nj\u00eb p\u00ebrgjim t\u00eb SkyECC, ku ai pretendon se nj\u00eb an\u00ebtar i ban\u00ebs s\u00eb Suel \u00c7el\u00ebs i ka k\u00ebrkuar arrestimin e \u00c7apjave. Dhe sipas Berish\u00ebs, Balla\u2026","rel":"","context":"In &quot;Blogu i Udh\u00ebtarit&quot;","block_context":{"text":"Blogu i Udh\u00ebtarit","link":"https:\/\/www.shqiperia.com\/blog\/category\/blogu-i-udhetarit\/"},"img":{"alt_text":"","src":"https:\/\/i0.wp.com\/www.shqiperia.com\/blog\/wp-content\/uploads\/2025\/02\/655fc94da438e.jpg?fit=844%2C474&ssl=1&resize=350%2C200","width":350,"height":200,"srcset":"https:\/\/i0.wp.com\/www.shqiperia.com\/blog\/wp-content\/uploads\/2025\/02\/655fc94da438e.jpg?fit=844%2C474&ssl=1&resize=350%2C200 1x, https:\/\/i0.wp.com\/www.shqiperia.com\/blog\/wp-content\/uploads\/2025\/02\/655fc94da438e.jpg?fit=844%2C474&ssl=1&resize=525%2C300 1.5x, https:\/\/i0.wp.com\/www.shqiperia.com\/blog\/wp-content\/uploads\/2025\/02\/655fc94da438e.jpg?fit=844%2C474&ssl=1&resize=700%2C400 2x"},"classes":[]},{"id":86907,"url":"https:\/\/www.shqiperia.com\/blog\/vellai-i-drejtoreshes-se-azht-adelajda-roka-transferonte-parate-lala-zbardh-rolet-e-grupit-te-suel-celes-ne-trafikun-e-kokaines-ergys-dashi-korruptonte-zyrtaret-e-portit\/","url_meta":{"origin":97069,"position":3},"title":"\u201cV\u00ebllai i drejtoresh\u00ebs s\u00eb AZHT, Adelajda Roka transferonte parat\u00eb\u201d. &#8211; Lala zbardh rolet e grupit t\u00eb Suel \u00c7el\u00ebs n\u00eb trafikun e kokain\u00ebs: Ergys Dashi korruptonte zyrtar\u00ebt e portit","author":"Kurt Farka","date":"November 30, 2024","format":false,"excerpt":"30 Nentor 2024 Gazetarja Klodiana Lala zb\u00ebrtheu me detaje mekanizmin si trafikonte kokain\u00ebn nga Amerika Latine organizata e Suel \u00c7el\u00ebs. E ftuar n\u00eb \u201cKjo Jav\u00eb\u201d me gazetaren Nisida Tufa n\u00eb News24, Lala tha se Suel \u00c7ela kishte bashk\u00ebpunuar edhe me Ergys Dashin, i ekzekutuar n\u00eb Ekuador 2 vite m\u00eb par\u00eb,\u2026","rel":"","context":"In &quot;Blogu i Udh\u00ebtarit&quot;","block_context":{"text":"Blogu i Udh\u00ebtarit","link":"https:\/\/www.shqiperia.com\/blog\/category\/blogu-i-udhetarit\/"},"img":{"alt_text":"","src":"https:\/\/i0.wp.com\/www.shqiperia.com\/blog\/wp-content\/uploads\/2024\/11\/Xhiro-Roka-Klodiana-Lala-Adelajda-Roka.jpg?fit=806%2C512&ssl=1&resize=350%2C200","width":350,"height":200,"srcset":"https:\/\/i0.wp.com\/www.shqiperia.com\/blog\/wp-content\/uploads\/2024\/11\/Xhiro-Roka-Klodiana-Lala-Adelajda-Roka.jpg?fit=806%2C512&ssl=1&resize=350%2C200 1x, https:\/\/i0.wp.com\/www.shqiperia.com\/blog\/wp-content\/uploads\/2024\/11\/Xhiro-Roka-Klodiana-Lala-Adelajda-Roka.jpg?fit=806%2C512&ssl=1&resize=525%2C300 1.5x, https:\/\/i0.wp.com\/www.shqiperia.com\/blog\/wp-content\/uploads\/2024\/11\/Xhiro-Roka-Klodiana-Lala-Adelajda-Roka.jpg?fit=806%2C512&ssl=1&resize=700%2C400 2x"},"classes":[]},{"id":58688,"url":"https:\/\/www.shqiperia.com\/blog\/berisha-ben-deklaraten-e-forte-dhe-i-drejtohet-balles-ke-mbi-100-telefonata-me-dumanin-si-e-pagove-per-te-shpelare-tek\/","url_meta":{"origin":97069,"position":4},"title":"Berisha b\u00ebn deklarat\u00ebn e fort\u00eb dhe i drejtohet Ball\u00ebs: &#8211; Ke mbi 100 telefonata me Dumanin, si e pagove p\u00ebr t\u00eb \u201cshp\u00eblar\u00eb\u201d tek\u2026","author":"Kurt Farka","date":"June 6, 2022","format":false,"excerpt":"06 Qershor, 2022\u00a0 Ish-kryeministri Sali Berisha ka akuzuar se qeveria nuk sjell n\u00eb Parlament marr\u00ebveshjet e ekstradimit me vendet e Beneluxit sepse do t\u00eb ndikonte te ministrat dhe deputet\u00ebt e maxhoranc\u00ebs. Ai theksoi m\u00eb tej se Taulant Balla ka pasur kontakt me Nuredin Dumanin t\u00eb penduarin e drejt\u00ebsis\u00eb. \u201cS\u00eb pari\u2026","rel":"","context":"In &quot;Blogu i Udh\u00ebtarit&quot;","block_context":{"text":"Blogu i Udh\u00ebtarit","link":"https:\/\/www.shqiperia.com\/blog\/category\/blogu-i-udhetarit\/"},"img":{"alt_text":"","src":"https:\/\/i0.wp.com\/www.shqiperia.com\/blog\/wp-content\/uploads\/2022\/06\/berisha-ne-kuvend.jpg?fit=770%2C418&ssl=1&resize=350%2C200","width":350,"height":200,"srcset":"https:\/\/i0.wp.com\/www.shqiperia.com\/blog\/wp-content\/uploads\/2022\/06\/berisha-ne-kuvend.jpg?fit=770%2C418&ssl=1&resize=350%2C200 1x, https:\/\/i0.wp.com\/www.shqiperia.com\/blog\/wp-content\/uploads\/2022\/06\/berisha-ne-kuvend.jpg?fit=770%2C418&ssl=1&resize=525%2C300 1.5x, https:\/\/i0.wp.com\/www.shqiperia.com\/blog\/wp-content\/uploads\/2022\/06\/berisha-ne-kuvend.jpg?fit=770%2C418&ssl=1&resize=700%2C400 2x"},"classes":[]},{"id":87013,"url":"https:\/\/www.shqiperia.com\/blog\/kreu-i-organizatave-kriminale-eshte-me-i-madhi-fare-artan-hoxha-plas-bomben-suel-cela-ka-punuar-per-qeverine\/","url_meta":{"origin":97069,"position":5},"title":"\u201cKreu i organizatave kriminale, \u00ebsht\u00eb m\u00eb i madhi fare\u201d, Artan Hoxha \u201cplas\u201d bomb\u00ebn: &#8211; Suel \u00c7ela ka punuar p\u00ebr qeverin\u00eb","author":"Kurt Farka","date":"December 2, 2024","format":false,"excerpt":"3 Dhjetor 2024 Gazetari Artan Hoxha, ka folur sot p\u00ebr akuzat e SPAK ndaj tij p\u00ebr lidhje me band\u00ebn e Suel \u00c7el\u00ebs. N\u00eb nj\u00eb studio televizive, Hoxha u pyet p\u00ebr njohjen me Suel \u00c7el\u00ebn, t\u00eb akuzuar nga SPAK si kreu i band\u00ebs s\u00eb Elbasanit. Hoxha ka b\u00ebr\u00eb nj\u00eb kronologji t\u00eb\u2026","rel":"","context":"In &quot;Blogu i Udh\u00ebtarit&quot;","block_context":{"text":"Blogu i Udh\u00ebtarit","link":"https:\/\/www.shqiperia.com\/blog\/category\/blogu-i-udhetarit\/"},"img":{"alt_text":"","src":"https:\/\/i0.wp.com\/www.shqiperia.com\/blog\/wp-content\/uploads\/2024\/12\/artanhoxha-suelcela-.jpg?fit=750%2C375&ssl=1&resize=350%2C200","width":350,"height":200,"srcset":"https:\/\/i0.wp.com\/www.shqiperia.com\/blog\/wp-content\/uploads\/2024\/12\/artanhoxha-suelcela-.jpg?fit=750%2C375&ssl=1&resize=350%2C200 1x, https:\/\/i0.wp.com\/www.shqiperia.com\/blog\/wp-content\/uploads\/2024\/12\/artanhoxha-suelcela-.jpg?fit=750%2C375&ssl=1&resize=525%2C300 1.5x, https:\/\/i0.wp.com\/www.shqiperia.com\/blog\/wp-content\/uploads\/2024\/12\/artanhoxha-suelcela-.jpg?fit=750%2C375&ssl=1&resize=700%2C400 2x"},"classes":[]}],"_links":{"self":[{"href":"https:\/\/www.shqiperia.com\/blog\/wp-json\/wp\/v2\/posts\/97069","targetHints":{"allow":["GET"]}}],"collection":[{"href":"https:\/\/www.shqiperia.com\/blog\/wp-json\/wp\/v2\/posts"}],"about":[{"href":"https:\/\/www.shqiperia.com\/blog\/wp-json\/wp\/v2\/types\/post"}],"author":[{"embeddable":true,"href":"https:\/\/www.shqiperia.com\/blog\/wp-json\/wp\/v2\/users\/9"}],"replies":[{"embeddable":true,"href":"https:\/\/www.shqiperia.com\/blog\/wp-json\/wp\/v2\/comments?post=97069"}],"version-history":[{"count":2,"href":"https:\/\/www.shqiperia.com\/blog\/wp-json\/wp\/v2\/posts\/97069\/revisions"}],"predecessor-version":[{"id":97095,"href":"https:\/\/www.shqiperia.com\/blog\/wp-json\/wp\/v2\/posts\/97069\/revisions\/97095"}],"wp:featuredmedia":[{"embeddable":true,"href":"https:\/\/www.shqiperia.com\/blog\/wp-json\/wp\/v2\/media\/97070"}],"wp:attachment":[{"href":"https:\/\/www.shqiperia.com\/blog\/wp-json\/wp\/v2\/media?parent=97069"}],"wp:term":[{"taxonomy":"category","embeddable":true,"href":"https:\/\/www.shqiperia.com\/blog\/wp-json\/wp\/v2\/categories?post=97069"},{"taxonomy":"post_tag","embeddable":true,"href":"https:\/\/www.shqiperia.com\/blog\/wp-json\/wp\/v2\/tags?post=97069"}],"curies":[{"name":"wp","href":"https:\/\/api.w.org\/{rel}","templated":true}]}}