{"id":97065,"date":"2026-01-29T01:18:57","date_gmt":"2026-01-29T01:18:57","guid":{"rendered":"https:\/\/www.shqiperia.com\/blog\/?p=97065"},"modified":"2026-01-29T02:27:13","modified_gmt":"2026-01-29T02:27:13","slug":"nje-histori-e-pafundme-si-u-shnderrua-shqiperia-ne-pike-tranziti-per-grupet-e-trafikut-te-klandestineve","status":"publish","type":"post","link":"https:\/\/www.shqiperia.com\/blog\/nje-histori-e-pafundme-si-u-shnderrua-shqiperia-ne-pike-tranziti-per-grupet-e-trafikut-te-klandestineve\/","title":{"rendered":"Nj\u00eb histori e pafundme, si u shnd\u00ebrrua Shqip\u00ebria n\u00eb pik\u00eb tranziti p\u00ebr grupet e trafikut t\u00eb klandestin\u00ebve"},"content":{"rendered":"<div class=\"firstP\">\n<p><img data-recalc-dims=\"1\" loading=\"lazy\" decoding=\"async\" data-attachment-id=\"97067\" data-permalink=\"https:\/\/www.shqiperia.com\/blog\/nje-histori-e-pafundme-si-u-shnderrua-shqiperia-ne-pike-tranziti-per-grupet-e-trafikut-te-klandestineve\/900-0-1740420914x1738742810-emigrantet-184-1\/\" data-orig-file=\"https:\/\/i0.wp.com\/www.shqiperia.com\/blog\/wp-content\/uploads\/2026\/01\/900-0-1740420914x1738742810-emigrantet-184-1.jpg?fit=837%2C508&amp;ssl=1\" data-orig-size=\"837,508\" data-comments-opened=\"1\" data-image-meta=\"{&quot;aperture&quot;:&quot;0&quot;,&quot;credit&quot;:&quot;&quot;,&quot;camera&quot;:&quot;&quot;,&quot;caption&quot;:&quot;&quot;,&quot;created_timestamp&quot;:&quot;0&quot;,&quot;copyright&quot;:&quot;&quot;,&quot;focal_length&quot;:&quot;0&quot;,&quot;iso&quot;:&quot;0&quot;,&quot;shutter_speed&quot;:&quot;0&quot;,&quot;title&quot;:&quot;&quot;,&quot;orientation&quot;:&quot;0&quot;}\" data-image-title=\"-900-0-1740420914&#215;1738742810-emigrantet-184 (1)\" data-image-description=\"\" data-image-caption=\"\" data-medium-file=\"https:\/\/i0.wp.com\/www.shqiperia.com\/blog\/wp-content\/uploads\/2026\/01\/900-0-1740420914x1738742810-emigrantet-184-1.jpg?fit=300%2C182&amp;ssl=1\" data-large-file=\"https:\/\/i0.wp.com\/www.shqiperia.com\/blog\/wp-content\/uploads\/2026\/01\/900-0-1740420914x1738742810-emigrantet-184-1.jpg?fit=837%2C508&amp;ssl=1\" class=\"alignnone wp-image-97067\" alt=\"\" src=\"https:\/\/i0.wp.com\/www.shqiperia.com\/blog\/wp-content\/uploads\/2026\/01\/900-0-1740420914x1738742810-emigrantet-184-1.jpg?resize=620%2C376&#038;ssl=1\" width=\"620\" height=\"376\" srcset=\"https:\/\/i0.wp.com\/www.shqiperia.com\/blog\/wp-content\/uploads\/2026\/01\/900-0-1740420914x1738742810-emigrantet-184-1.jpg?resize=300%2C182&amp;ssl=1 300w, https:\/\/i0.wp.com\/www.shqiperia.com\/blog\/wp-content\/uploads\/2026\/01\/900-0-1740420914x1738742810-emigrantet-184-1.jpg?resize=768%2C466&amp;ssl=1 768w, https:\/\/i0.wp.com\/www.shqiperia.com\/blog\/wp-content\/uploads\/2026\/01\/900-0-1740420914x1738742810-emigrantet-184-1.jpg?resize=450%2C273&amp;ssl=1 450w, https:\/\/i0.wp.com\/www.shqiperia.com\/blog\/wp-content\/uploads\/2026\/01\/900-0-1740420914x1738742810-emigrantet-184-1.jpg?resize=600%2C364&amp;ssl=1 600w, https:\/\/i0.wp.com\/www.shqiperia.com\/blog\/wp-content\/uploads\/2026\/01\/900-0-1740420914x1738742810-emigrantet-184-1.jpg?resize=400%2C243&amp;ssl=1 400w, https:\/\/i0.wp.com\/www.shqiperia.com\/blog\/wp-content\/uploads\/2026\/01\/900-0-1740420914x1738742810-emigrantet-184-1.jpg?w=837&amp;ssl=1 837w\" sizes=\"auto, (max-width: 620px) 100vw, 620px\" \/><\/p>\n<p>29 Janar 2026<\/p>\n<p>Kalimi ilegal i emigrant\u00ebve nga vendet e Lindjes s\u00eb Mesme dhe Afrik\u00ebs Veriore permes Shqiperise \u00ebsht\u00eb nj\u00eb biznes i v\u00ebrtet\u00eb. Fitimet e personave q\u00eb merren me kalimin ilegal t\u00eb k\u00ebtyre personave arrijn\u00eb deri n\u00eb miliona euro vjetore.<\/p>\n<\/div>\n<p>Ata kan\u00eb nj\u00eb rrjet t\u00eb mir\u00eborganizuar ku p\u00ebrfshihen q\u00eb nga momenti i nisjes e deri n\u00eb momentin kur mb\u00ebrrijn\u00eb n\u00eb Shqip\u00ebri. Korrupsioni dhe ndihma nisin q\u00eb nga ambasadat shqiptare n\u00eb vendet e Lindjes, tek ajo n\u00eb Egjipt, e m\u00eb pas deri n\u00eb ardhjen n\u00eb vendin ton\u00eb t\u00eb pun\u00ebtor\u00ebve t\u00eb huaj duke i pritur n\u00eb aeroport.<\/p>\n<p>Emigrant\u00ebt n\u00ebn petkun e pun\u00ebtor\u00ebve nuk q\u00ebndrojn\u00eb n\u00eb vendin ton\u00eb, por largohen direkt. Trafikant\u00ebt n\u00eb k\u00ebt\u00eb form\u00eb, ndikojn\u00eb negativisht dhe te bizneset, sigurisht tek ato q\u00eb jan\u00eb t\u00eb rregullta, pasi ka subjekte q\u00eb jan\u00eb t\u00eb p\u00ebrfshira dhe vet\u00eb direkt n\u00eb trafikimin ilegal. Kjo dhe p\u00ebr arsyen se n\u00eb Shqip\u00ebri ka dhe nj\u00eb treg informal, apo persona privat\u00eb q\u00eb merren me k\u00ebt\u00eb pun\u00eb. Pra, duke mos qen\u00eb nj\u00eb agjenci e licencuar, por duke gjetur manovra t\u00eb ndryshme p\u00ebr t\u00eb punuar me q\u00ebllime t\u00eb qarta\u2026<\/p>\n<p><em>\u201cP\u00ebr t\u00eb th\u00ebn\u00eb q\u00eb \u00ebsht\u00eb treg i rregullt \u00ebsht\u00eb e v\u00ebshtir\u00eb p\u00ebr ta th\u00ebn\u00eb. Ka kompani nd\u00ebrtimi q\u00eb kan\u00eb brenda q\u00eb merren vet\u00ebm me k\u00ebto procedura p\u00ebr t\u00eb shmangur sanksionet. Edhe agjencit\u00eb e rekrutimit jan\u00eb t\u00eb licensuara, nuk mund t\u00eb them se \u00ebsht\u00eb i rregullt. Individ\u00ebt e ofrojn\u00eb dhe privatisht n\u00eb m\u00ebnyr\u00eb informale dhe k\u00ebto sjellin dhe deformim t\u00eb tregut. K\u00ebto sjellin m\u00eb pas anomali n\u00eb treg dhe n\u00eb \u00e7mime dhe n\u00eb m\u00ebnyr\u00ebn e t\u00eb funksionuarit<\/em>\u201d, u shpreh avokatja Xhina Veizi.<\/p>\n<p>Inside Story e ka trajtuar disa vite m\u00eb par\u00eb nj\u00eb tem\u00eb t\u00eb till\u00eb, n\u00eb nj\u00eb kontekst tjet\u00ebr, por asgj\u00eb nuk ka ndryshuar q\u00eb at\u00ebher\u00eb\u2026 Investigimi pasoi n\u00eb furtun\u00eb n\u00eb radh\u00ebt e Drejtoris\u00eb s\u00eb Kufirit dhe Migracionit n\u00eb Polici. Fenomeni i zb\u00ebrthyer disa vite m\u00eb par\u00eb nga Top Channel, \u00e7oi n\u00eb \u00e7montimin e disa grupeve kriminale trafikant\u00ebsh t\u00eb drejtuar nga shtetas arab\u00eb.<\/p>\n<p>Problematika m\u00eb e madhe n\u00eb emigrimin ilegal lidhet dhe me p\u00ebrfshirjen direkte t\u00eb vet\u00eb strukturave t\u00eb policis\u00eb s\u00eb kufirit dhe emigracionit. Disa polic\u00eb jan\u00eb arrestuar pasi kan\u00eb qen\u00eb pjes\u00eb e grupeve q\u00eb organizonin emigrimin ilegal. N\u00eb vitin 2024, u arrestua shefi i seksionit t\u00eb migracionit n\u00eb Policin\u00eb e Tiran\u00ebs Edmond Braha dhe efektivi tjet\u00ebr Altin Hasani.<\/p>\n<p>Ky i fundit ishte pjes\u00eb e hetimeve t\u00eb policis\u00eb dhe n\u00eb vitin 2020 duke qen\u00eb i p\u00ebrfshir\u00eb n\u00eb l\u00ebmin e k\u00ebtij biznesi, por pa kaluar shum\u00eb koh\u00eb arriti t\u00eb rikthehej s\u00ebrish n\u00eb pozicion, deri n\u00eb momentin q\u00eb u zbulua s\u00ebrish.<\/p>\n<p>Pavar\u00ebsisht aksioneve t\u00eb bujshme, me kalimin e muajve dhe r\u00ebnien e v\u00ebmendjes mediatike, procese t\u00eb tilla kryesisht shuhen dhe nuk marrin v\u00ebmendjen e duhur. K\u00ebtu q\u00ebndron dhe problemi i v\u00ebrtet\u00eb.<\/p>\n<p>Ka pasur disa grupe q\u00eb jan\u00eb goditur. Linja e egjiptian\u00ebve, e cila drejtohej nga Ahmed Kensowa. Linja e Bangladeshit dhe Kamerunit q\u00eb u godit nga SPAK, aktivitet q\u00eb drejtohej nga shtetasit Endri Seiti s\u00eb bashku me Luan Tafall\u00ebn.<\/p>\n<p>Dosja aktualisht \u00ebsht\u00eb n\u00eb proces gjykimi. N\u00eb provat e siguruara nga ana e hetuesve t\u00eb BKH dhe policis\u00eb s\u00eb Tiran\u00ebs ka biseda t\u00eb siguruara mes pal\u00ebve, takime, madje dhe qese me para p\u00ebr zyrtar\u00ebt.<\/p>\n<p>I fundit q\u00eb u arrestua nga Policia ishte Kreshnik Gaxha, nj\u00eb 31-vje\u00e7ar nga Kuk\u00ebsi, q\u00eb transportonte egjiptian\u00eb drejt vendeve t\u00eb Bashkimit Evropian. Ai i priste n\u00eb Rinas dhe m\u00eb pas merrej me pjes\u00ebn e kalimit t\u00eb tyre ilegal n\u00eb kufi. Inside Story ka ndjekur nga af\u00ebr k\u00ebt\u00eb aksion, t\u00eb dokumentuar p\u00ebrmes k\u00ebtyre pamjeve ekskluzive t\u00eb arrestimit.<\/p>\n<p>Megjithat\u00eb ka dhe biznese t\u00eb cilat jan\u00eb t\u00eb p\u00ebrfshira direkt n\u00eb emigrimin ilegal t\u00eb pun\u00ebtor\u00ebve. P\u00ebr t\u00eb marr\u00eb nj\u00eb pun\u00ebtor, tashm\u00eb \u00ebsht\u00eb shum\u00eb e thjesht\u00eb\u2026<\/p>\n<p><em>\u201cN\u00eb Shqip\u00ebri \u00ebsht\u00eb e thjesht\u00eb t\u00eb marr\u00ebsh pun\u00ebtor\u00eb t\u00eb huaj, pasi aplikimi b\u00ebhet online n\u00eb e-viza. Duhet me patjet\u00ebr q\u00eb biznesi t\u00eb plot\u00ebsoj\u00eb disa kushte n\u00eb m\u00ebnyr\u00eb q\u00eb t\u00eb rekrutoj\u00eb punonj\u00ebs dhe nj\u00eb nd\u00ebr kushtet baz\u00eb \u00ebsht\u00eb akomodimi\u201d<\/em>, u shpreh avokatja Suada Pocesta.<\/p>\n<p>N\u00eb kushte t\u00eb tilla, biznese t\u00eb caktuara, kan\u00eb qen\u00eb pjes\u00eb organike e grupeve me q\u00ebllime t\u00eb qarta. N\u00ebn petkun e nevoj\u00ebs p\u00ebr afrimin e pun\u00ebtor\u00ebve t\u00eb huaj ata kan\u00eb siguruar vizat e pun\u00ebs dhe m\u00eb pas i kan\u00eb p\u00ebrdorur p\u00ebr tu marr\u00eb para. M\u00eb pas, p\u00ebr ti larguar nga Shqip\u00ebria.<\/p>\n<p>Ky aktivitet kriminal organizohet nga Luan Tafalla dhe Endri Saiti, t\u00eb cil\u00ebt n\u00ebp\u00ebrmjet agjencis\u00eb s\u00eb tyre t\u00eb pun\u00ebsimit t\u00eb quajtur \u201cIntercontinental link\u201d shpk dhe n\u00eb bashk\u00ebpunim me shoq\u00ebrit\u00eb tregtare Mega shoes, Gerem Konfeksione, Konvservimi Adriatik kan\u00eb kryer aplikimet p\u00ebr t\u00eb pajisur me leje unike p\u00ebr pun\u00ebsim dhe m\u00eb pas p\u00ebr viz\u00eb D, p\u00ebr shtetasit nga Bangladeshi.<\/p>\n<p>Nj\u00eb nga personat q\u00eb vazhdon gjyqet n\u00eb GJKKO sot e k\u00ebsaj dite i cili ra n\u00eb rrjet\u00ebn e SPAK \u00ebsht\u00eb italiani Antonio Spekio. Ky i fundit kishte nj\u00eb aktivitet si firm\u00eb k\u00ebpuc\u00ebsh \u201cMags shoes\u201d q\u00eb e p\u00ebrdorte p\u00ebr tu marr\u00eb me kalimin e paligjsh\u00ebm t\u00eb emigrant\u00ebve sipas pretendimeve t\u00eb SPAK.<\/p>\n<p>Spekio n\u00eb fakt rezulton si aksioner n\u00eb 3 biznese me t\u00eb nj\u00ebjtin sh\u00ebrbim, shitjen e k\u00ebpuc\u00ebve. Ai \u00ebsht\u00eb kapur n\u00eb biseda me personat q\u00eb trafikonin, madje me nj\u00eb polic n\u00eb aeroportin e Rinasit q\u00eb nuk \u00ebsht\u00eb identifikuar.<\/p>\n<p><em>\u201cNga ana shoq\u00ebrore, trajtimi \u00ebsht\u00eb korrekt dhe mir\u00ebprit\u00ebs. Problemi \u00ebsht\u00eb institucional, pasi shteti nuk ka krijuar asnj\u00eb mekaniz\u00ebm p\u00ebr mbrojtjen reale t\u00eb k\u00ebtyre emigrant\u00ebve q\u00eb vijn\u00eb nga zonat aziatike dhe afrikane. Shikojm\u00eb se institucionet jan\u00eb formale sa i p\u00ebrket mbrojtjes s\u00eb k\u00ebtyre emigrant\u00ebve\u201d<\/em>, u shpreh avokatja Suada Pocesta.<\/p>\n","protected":false},"excerpt":{"rendered":"<p>29 Janar 2026 Kalimi ilegal i emigrant\u00ebve nga vendet e Lindjes s\u00eb Mesme dhe Afrik\u00ebs Veriore permes Shqiperise \u00ebsht\u00eb nj\u00eb biznes i v\u00ebrtet\u00eb. Fitimet e personave q\u00eb merren me kalimin ilegal t\u00eb k\u00ebtyre personave arrijn\u00eb deri n\u00eb miliona euro vjetore. Ata kan\u00eb nj\u00eb rrjet t\u00eb mir\u00eborganizuar ku p\u00ebrfshihen q\u00eb nga momenti i nisjes e deri [&hellip;]<\/p>\n","protected":false},"author":9,"featured_media":97067,"comment_status":"open","ping_status":"open","sticky":false,"template":"","format":"standard","meta":{"jetpack_post_was_ever_published":false,"_jetpack_newsletter_access":"","_jetpack_dont_email_post_to_subs":false,"_jetpack_newsletter_tier_id":0,"_jetpack_memberships_contains_paywalled_content":false,"_jetpack_memberships_contains_paid_content":false,"footnotes":"","jetpack_publicize_message":"","jetpack_publicize_feature_enabled":true,"jetpack_social_post_already_shared":true,"jetpack_social_options":{"image_generator_settings":{"template":"highway","default_image_id":0,"font":"","enabled":false},"version":2}},"categories":[27,1,2],"tags":[],"class_list":["post-97065","post","type-post","status-publish","format-standard","has-post-thumbnail","hentry","category-blogu-i-udhetarit","category-njoftime-shtypi","category-politika"],"jetpack_publicize_connections":[],"jetpack_featured_media_url":"https:\/\/i0.wp.com\/www.shqiperia.com\/blog\/wp-content\/uploads\/2026\/01\/900-0-1740420914x1738742810-emigrantet-184-1.jpg?fit=837%2C508&ssl=1","jetpack_sharing_enabled":true,"jetpack_shortlink":"https:\/\/wp.me\/p5Z6wp-pfz","jetpack-related-posts":[{"id":69364,"url":"https:\/\/www.shqiperia.com\/blog\/bangladeshasit-ikin-vine-nga-nepali-puntoret-ne-vlore-2000-dollare-te-sjellesh-nje-punetor\/","url_meta":{"origin":97065,"position":0},"title":"Bangladeshasit ikin, vine nga Nepali puntoret n\u00eb Vlor\u00eb: &#8211; 2000 dollar\u00eb t\u00eb sjell\u00ebsh nj\u00eb pun\u00ebtor","author":"Kurt Farka","date":"March 10, 2023","format":false,"excerpt":"10 Mars 2023 Shum\u00eb sektor\u00eb t\u00eb ekonomis\u00eb po vuajn\u00eb munges\u00ebn e pun\u00ebtor\u00ebve, pasi edhe bangladeshasit ik\u00ebn. Nepali \u00ebsht\u00eb vendi i radh\u00ebs nga ku s\u00eb fundimi po rekrutohen punonj\u00ebsit dhe vet\u00ebm p\u00ebr nj\u00eb prej tyre kostoja shkon \u00a0deri n\u00eb 2000$. Bangladeshasit ik\u00ebn, ndaj n\u00eb Vlor\u00eb po vijn\u00eb nepalez\u00ebt. 2000 dollar\u00eb kushton\u2026","rel":"","context":"In &quot;Blogu i Udh\u00ebtarit&quot;","block_context":{"text":"Blogu i Udh\u00ebtarit","link":"https:\/\/www.shqiperia.com\/blog\/category\/blogu-i-udhetarit\/"},"img":{"alt_text":"","src":"https:\/\/i0.wp.com\/www.shqiperia.com\/blog\/wp-content\/uploads\/2023\/03\/636b7a819c7e80680e064765jpeg.jpg?fit=720%2C334&ssl=1&resize=350%2C200","width":350,"height":200,"srcset":"https:\/\/i0.wp.com\/www.shqiperia.com\/blog\/wp-content\/uploads\/2023\/03\/636b7a819c7e80680e064765jpeg.jpg?fit=720%2C334&ssl=1&resize=350%2C200 1x, https:\/\/i0.wp.com\/www.shqiperia.com\/blog\/wp-content\/uploads\/2023\/03\/636b7a819c7e80680e064765jpeg.jpg?fit=720%2C334&ssl=1&resize=525%2C300 1.5x, https:\/\/i0.wp.com\/www.shqiperia.com\/blog\/wp-content\/uploads\/2023\/03\/636b7a819c7e80680e064765jpeg.jpg?fit=720%2C334&ssl=1&resize=700%2C400 2x"},"classes":[]},{"id":47332,"url":"https:\/\/www.shqiperia.com\/blog\/ndertimi-i-portit-te-durresit-porte-e-hapur-per-sirianet-drejt-be-se-cfare-fshihet-pas-vkm-se\/","url_meta":{"origin":97065,"position":1},"title":"Nd\u00ebrtimi i Portit t\u00eb Durr\u00ebsit, port\u00eb e hapur p\u00ebr sirian\u00ebt drejt BE-s\u00eb\/ \u00c7far\u00eb fshihet pas VKM-s\u00eb","author":"Kurt Farka","date":"May 9, 2021","format":false,"excerpt":"Nd\u00ebrtimi i Portit t\u00eb Durr\u00ebsit, port\u00eb e hapur p\u00ebr sirian\u00ebt drejt BE-s\u00eb\/ \u00c7far\u00eb fshihet pas VKM-s\u00eb 9 maji 2021 Gazeta Panorama N\u00eb fund t\u00eb muajit mars, Qeveria nd\u00ebrhyu n\u00eb nj\u00eb vendim t\u00eb saj t\u00eb vitit 2013, ku p\u00ebrcaktohen kushtet dhe procedurat e pajisjes me leje q\u00ebndrimi t\u00eb shtetasve t\u00eb huaj.\u2026","rel":"","context":"In &quot;Blogu i Udh\u00ebtarit&quot;","block_context":{"text":"Blogu i Udh\u00ebtarit","link":"https:\/\/www.shqiperia.com\/blog\/category\/blogu-i-udhetarit\/"},"img":{"alt_text":"","src":"https:\/\/i0.wp.com\/www.shqiperia.com\/blog\/wp-content\/uploads\/2021\/05\/Terminali-i-kontejnereve-ne-portin-e-Durresit-534x400-Copy.jpg?fit=534%2C300&ssl=1&resize=350%2C200","width":350,"height":200,"srcset":"https:\/\/i0.wp.com\/www.shqiperia.com\/blog\/wp-content\/uploads\/2021\/05\/Terminali-i-kontejnereve-ne-portin-e-Durresit-534x400-Copy.jpg?fit=534%2C300&ssl=1&resize=350%2C200 1x, https:\/\/i0.wp.com\/www.shqiperia.com\/blog\/wp-content\/uploads\/2021\/05\/Terminali-i-kontejnereve-ne-portin-e-Durresit-534x400-Copy.jpg?fit=534%2C300&ssl=1&resize=525%2C300 1.5x"},"classes":[]},{"id":81163,"url":"https:\/\/www.shqiperia.com\/blog\/analiza-e-rel-ne-radhe-per-filipinasit-shqiperia-pergatitet-per-rekrutimin-e-dhjetera-mijera-punetoreve-te-huaj\/","url_meta":{"origin":97065,"position":2},"title":"Analiza e REL: &#8211; &#8220;N\u00eb radh\u00eb p\u00ebr filipinasit&#8221;. &#8211;  Shqip\u00ebria p\u00ebrgatitet p\u00ebr rekrutimin e dhjet\u00ebra mij\u00ebra pun\u00ebtor\u00ebve t\u00eb huaj","author":"Kurt Farka","date":"May 18, 2024","format":false,"excerpt":"18 Maji 2024 Shqip\u00ebria, prej vitesh, vuan munges\u00ebn e fuqis\u00eb pun\u00ebtore. P\u00ebr ta leht\u00ebsuar k\u00ebt\u00eb problem, Qeveria \u00ebsht\u00eb n\u00eb negociata me Filipinet p\u00ebr nj\u00eb marr\u00ebveshje q\u00eb do t\u2019i sillte mij\u00ebra pun\u00ebtor\u00eb. P\u00ebrfaq\u00ebsuesit e biznesit - kryesisht t\u00eb sektorit t\u00eb turizmit dhe manifaktur\u00ebs, q\u00eb p\u00ebrballen me munges\u00eb t\u00eb theksuar pun\u00ebtor\u00ebsh -\u2026","rel":"","context":"In &quot;Blogu i Udh\u00ebtarit&quot;","block_context":{"text":"Blogu i Udh\u00ebtarit","link":"https:\/\/www.shqiperia.com\/blog\/category\/blogu-i-udhetarit\/"},"img":{"alt_text":"","src":"https:\/\/i0.wp.com\/www.shqiperia.com\/blog\/wp-content\/uploads\/2024\/05\/d0af5b77cff9d39a20cb8bdc2cf9f1da_XL-2.jpg?fit=800%2C490&ssl=1&resize=350%2C200","width":350,"height":200,"srcset":"https:\/\/i0.wp.com\/www.shqiperia.com\/blog\/wp-content\/uploads\/2024\/05\/d0af5b77cff9d39a20cb8bdc2cf9f1da_XL-2.jpg?fit=800%2C490&ssl=1&resize=350%2C200 1x, https:\/\/i0.wp.com\/www.shqiperia.com\/blog\/wp-content\/uploads\/2024\/05\/d0af5b77cff9d39a20cb8bdc2cf9f1da_XL-2.jpg?fit=800%2C490&ssl=1&resize=525%2C300 1.5x, https:\/\/i0.wp.com\/www.shqiperia.com\/blog\/wp-content\/uploads\/2024\/05\/d0af5b77cff9d39a20cb8bdc2cf9f1da_XL-2.jpg?fit=800%2C490&ssl=1&resize=700%2C400 2x"},"classes":[]},{"id":65981,"url":"https:\/\/www.shqiperia.com\/blog\/doni-te-flini-me-shume-emigroni-ne-shqiperi-studimi-tregon-se-fleme-me-gjate-se-popujt-e-tjere\/","url_meta":{"origin":97065,"position":3},"title":"\u201cDoni t\u00eb flini m\u00eb shum\u00eb? &#8211; Emigroni n\u00eb Shqip\u00ebri\u201d. &#8211; Studimi tregon se flem\u00eb m\u00eb gjat\u00eb se popujt e tjer\u00eb","author":"Kurt Farka","date":"January 4, 2023","format":false,"excerpt":"4 Janar 2023 Gjumi, thot\u00eb Shekspiri \u00ebsht\u00eb pjata kryesore n\u00eb fest\u00ebn e jet\u00ebs dhe m\u00eb ushqyese. Sesa koh\u00eb na duhet \u00e7do nat\u00eb p\u00ebr tu ngopur varet nga shum\u00eb faktor\u00eb, nd\u00ebr to edhe mosha. Nj\u00eb artikull i koh\u00ebve t\u00eb fundit n\u00eb Nature p\u00ebrshkruan at\u00eb q\u00eb \u00ebsht\u00eb ndoshta studimi m\u00eb i madh\u2026","rel":"","context":"In &quot;Blogu i Udh\u00ebtarit&quot;","block_context":{"text":"Blogu i Udh\u00ebtarit","link":"https:\/\/www.shqiperia.com\/blog\/category\/blogu-i-udhetarit\/"},"img":{"alt_text":"","src":"https:\/\/i0.wp.com\/www.shqiperia.com\/blog\/wp-content\/uploads\/2023\/01\/ynews-adobestock_350550749.jpg?fit=1022%2C594&ssl=1&resize=350%2C200","width":350,"height":200,"srcset":"https:\/\/i0.wp.com\/www.shqiperia.com\/blog\/wp-content\/uploads\/2023\/01\/ynews-adobestock_350550749.jpg?fit=1022%2C594&ssl=1&resize=350%2C200 1x, https:\/\/i0.wp.com\/www.shqiperia.com\/blog\/wp-content\/uploads\/2023\/01\/ynews-adobestock_350550749.jpg?fit=1022%2C594&ssl=1&resize=525%2C300 1.5x, https:\/\/i0.wp.com\/www.shqiperia.com\/blog\/wp-content\/uploads\/2023\/01\/ynews-adobestock_350550749.jpg?fit=1022%2C594&ssl=1&resize=700%2C400 2x"},"classes":[]},{"id":99488,"url":"https:\/\/www.shqiperia.com\/blog\/ambasadori-i-indise-kemi-popull-punetor-me-shume-do-vijne-ne-shqiperi\/","url_meta":{"origin":97065,"position":4},"title":"Ambasadori i Indis\u00eb: &#8211; Kemi popull pun\u00ebtor, m\u00eb shum\u00eb do vijn\u00eb n\u00eb Shqip\u00ebri","author":"Kurt Farka","date":"April 18, 2026","format":false,"excerpt":"18 Prill 2026 Shqip\u00ebria vend ideal p\u00ebr puntor\u00ebt Indian\u00eb. K\u00ebshtu tha n\u00eb nj\u00eb deklarat\u00eb p\u00ebr mediat ambasadori i Indis\u00eb n\u00eb Tiran\u00eb Ravindra Prasad Jaiswal. Ai shtoi se deri m\u00eb tani n\u00eb Shqip\u00ebri jan\u00eb rreth 1200 shtetas idian\u00eb t\u00eb pun\u00ebsuar, nd\u00ebrsa po punohet me qeverin\u00eb shqiptare n\u00eb arritjen e nj\u00eb marrveshje\u2026","rel":"","context":"In &quot;Kultura&quot;","block_context":{"text":"Kultura","link":"https:\/\/www.shqiperia.com\/blog\/category\/kultura\/"},"img":{"alt_text":"","src":"https:\/\/i0.wp.com\/www.shqiperia.com\/blog\/wp-content\/uploads\/2026\/04\/page-42-e1544304958345-730x440-1.jpg?fit=730%2C440&ssl=1&resize=350%2C200","width":350,"height":200,"srcset":"https:\/\/i0.wp.com\/www.shqiperia.com\/blog\/wp-content\/uploads\/2026\/04\/page-42-e1544304958345-730x440-1.jpg?fit=730%2C440&ssl=1&resize=350%2C200 1x, https:\/\/i0.wp.com\/www.shqiperia.com\/blog\/wp-content\/uploads\/2026\/04\/page-42-e1544304958345-730x440-1.jpg?fit=730%2C440&ssl=1&resize=525%2C300 1.5x, https:\/\/i0.wp.com\/www.shqiperia.com\/blog\/wp-content\/uploads\/2026\/04\/page-42-e1544304958345-730x440-1.jpg?fit=730%2C440&ssl=1&resize=700%2C400 2x"},"classes":[]},{"id":56982,"url":"https:\/\/www.shqiperia.com\/blog\/lufta-ne-ukraine-ka-intensifikuar-tregtine-rusi-shqiperi-qeveria-shqiptare-merr-vendimin-ruset-mund-te-hyjne-pa-viza-ne-vendin-tone\/","url_meta":{"origin":97065,"position":5},"title":"\u201cLufta n\u00eb Ukrain\u00eb ka intensifikuar tregtin\u00eb Rusi-Shqip\u00ebri\u201d. Qeveria Shqiptare merr vendimin: &#8211; Rus\u00ebt mund t\u00eb hyjn\u00eb pa viza n\u00eb vendin ton\u00eb","author":"Kurt Farka","date":"April 21, 2022","format":false,"excerpt":"\u201cLufta n\u00eb Ukrain\u00eb ka intensifikuar tregtin\u00eb Rusi-Shqip\u00ebri\u201d. Qeveria Shqiptare merr vendimin: - Rus\u00ebt mund t\u00eb hyjn\u00eb pa viza n\u00eb vendin ton\u00eb - 20.04.22 Nj\u00eb vendim i papritur \u00ebsht\u00eb marr\u00eb nga qeveria e Shqip\u00ebris\u00eb p\u00ebrsa i p\u00ebrket turizmit. Qytetar\u00ebve rus\u00eb u jepet \u201cdrita e gjelb\u00ebr\u201d p\u00ebr t\u00eb hyr\u00eb n\u00eb vendin ton\u00eb\u2026","rel":"","context":"In &quot;Blogu i Udh\u00ebtarit&quot;","block_context":{"text":"Blogu i Udh\u00ebtarit","link":"https:\/\/www.shqiperia.com\/blog\/category\/blogu-i-udhetarit\/"},"img":{"alt_text":"","src":"https:\/\/i0.wp.com\/www.shqiperia.com\/blog\/wp-content\/uploads\/2022\/04\/Webp.net-resizeimage-770x433-1.jpg?fit=770%2C433&ssl=1&resize=350%2C200","width":350,"height":200,"srcset":"https:\/\/i0.wp.com\/www.shqiperia.com\/blog\/wp-content\/uploads\/2022\/04\/Webp.net-resizeimage-770x433-1.jpg?fit=770%2C433&ssl=1&resize=350%2C200 1x, https:\/\/i0.wp.com\/www.shqiperia.com\/blog\/wp-content\/uploads\/2022\/04\/Webp.net-resizeimage-770x433-1.jpg?fit=770%2C433&ssl=1&resize=525%2C300 1.5x, https:\/\/i0.wp.com\/www.shqiperia.com\/blog\/wp-content\/uploads\/2022\/04\/Webp.net-resizeimage-770x433-1.jpg?fit=770%2C433&ssl=1&resize=700%2C400 2x"},"classes":[]}],"_links":{"self":[{"href":"https:\/\/www.shqiperia.com\/blog\/wp-json\/wp\/v2\/posts\/97065","targetHints":{"allow":["GET"]}}],"collection":[{"href":"https:\/\/www.shqiperia.com\/blog\/wp-json\/wp\/v2\/posts"}],"about":[{"href":"https:\/\/www.shqiperia.com\/blog\/wp-json\/wp\/v2\/types\/post"}],"author":[{"embeddable":true,"href":"https:\/\/www.shqiperia.com\/blog\/wp-json\/wp\/v2\/users\/9"}],"replies":[{"embeddable":true,"href":"https:\/\/www.shqiperia.com\/blog\/wp-json\/wp\/v2\/comments?post=97065"}],"version-history":[{"count":2,"href":"https:\/\/www.shqiperia.com\/blog\/wp-json\/wp\/v2\/posts\/97065\/revisions"}],"predecessor-version":[{"id":97096,"href":"https:\/\/www.shqiperia.com\/blog\/wp-json\/wp\/v2\/posts\/97065\/revisions\/97096"}],"wp:featuredmedia":[{"embeddable":true,"href":"https:\/\/www.shqiperia.com\/blog\/wp-json\/wp\/v2\/media\/97067"}],"wp:attachment":[{"href":"https:\/\/www.shqiperia.com\/blog\/wp-json\/wp\/v2\/media?parent=97065"}],"wp:term":[{"taxonomy":"category","embeddable":true,"href":"https:\/\/www.shqiperia.com\/blog\/wp-json\/wp\/v2\/categories?post=97065"},{"taxonomy":"post_tag","embeddable":true,"href":"https:\/\/www.shqiperia.com\/blog\/wp-json\/wp\/v2\/tags?post=97065"}],"curies":[{"name":"wp","href":"https:\/\/api.w.org\/{rel}","templated":true}]}}