{"id":97062,"date":"2026-01-28T22:45:55","date_gmt":"2026-01-28T22:45:55","guid":{"rendered":"https:\/\/www.shqiperia.com\/blog\/?p=97062"},"modified":"2026-01-28T22:45:55","modified_gmt":"2026-01-28T22:45:55","slug":"rruga-krijuese-e-mehmet-elezit-nga-terreni-gjuhesor-te-romani-modern","status":"publish","type":"post","link":"https:\/\/www.shqiperia.com\/blog\/rruga-krijuese-e-mehmet-elezit-nga-terreni-gjuhesor-te-romani-modern\/","title":{"rendered":"Rruga krijuese e Mehmet Elezit: &#8211; Nga terreni gjuh\u00ebsor te romani modern"},"content":{"rendered":"<div id=\"attachment_97063\" style=\"width: 640px\" class=\"wp-caption alignnone\"><img data-recalc-dims=\"1\" loading=\"lazy\" decoding=\"async\" aria-describedby=\"caption-attachment-97063\" data-attachment-id=\"97063\" data-permalink=\"https:\/\/www.shqiperia.com\/blog\/rruga-krijuese-e-mehmet-elezit-nga-terreni-gjuhesor-te-romani-modern\/mehmet-elezi-2\/\" data-orig-file=\"https:\/\/i0.wp.com\/www.shqiperia.com\/blog\/wp-content\/uploads\/2026\/01\/mehmet-elezi.jpg?fit=760%2C488&amp;ssl=1\" data-orig-size=\"760,488\" data-comments-opened=\"1\" data-image-meta=\"{&quot;aperture&quot;:&quot;0&quot;,&quot;credit&quot;:&quot;&quot;,&quot;camera&quot;:&quot;&quot;,&quot;caption&quot;:&quot;&quot;,&quot;created_timestamp&quot;:&quot;0&quot;,&quot;copyright&quot;:&quot;&quot;,&quot;focal_length&quot;:&quot;0&quot;,&quot;iso&quot;:&quot;0&quot;,&quot;shutter_speed&quot;:&quot;0&quot;,&quot;title&quot;:&quot;&quot;,&quot;orientation&quot;:&quot;0&quot;}\" data-image-title=\"mehmet elezi\" data-image-description=\"&lt;p&gt;mehmet elezi&lt;\/p&gt;\n\" data-image-caption=\"&lt;p&gt;mehmet elezi&lt;\/p&gt;\n\" data-medium-file=\"https:\/\/i0.wp.com\/www.shqiperia.com\/blog\/wp-content\/uploads\/2026\/01\/mehmet-elezi.jpg?fit=300%2C193&amp;ssl=1\" data-large-file=\"https:\/\/i0.wp.com\/www.shqiperia.com\/blog\/wp-content\/uploads\/2026\/01\/mehmet-elezi.jpg?fit=760%2C488&amp;ssl=1\" class=\" wp-image-97063\" alt=\"\" src=\"https:\/\/i0.wp.com\/www.shqiperia.com\/blog\/wp-content\/uploads\/2026\/01\/mehmet-elezi-300x193.jpg?resize=630%2C405&#038;ssl=1\" width=\"630\" height=\"405\" srcset=\"https:\/\/i0.wp.com\/www.shqiperia.com\/blog\/wp-content\/uploads\/2026\/01\/mehmet-elezi.jpg?resize=300%2C193&amp;ssl=1 300w, https:\/\/i0.wp.com\/www.shqiperia.com\/blog\/wp-content\/uploads\/2026\/01\/mehmet-elezi.jpg?resize=450%2C289&amp;ssl=1 450w, https:\/\/i0.wp.com\/www.shqiperia.com\/blog\/wp-content\/uploads\/2026\/01\/mehmet-elezi.jpg?resize=600%2C385&amp;ssl=1 600w, https:\/\/i0.wp.com\/www.shqiperia.com\/blog\/wp-content\/uploads\/2026\/01\/mehmet-elezi.jpg?resize=400%2C257&amp;ssl=1 400w, https:\/\/i0.wp.com\/www.shqiperia.com\/blog\/wp-content\/uploads\/2026\/01\/mehmet-elezi.jpg?w=760&amp;ssl=1 760w\" sizes=\"auto, (max-width: 630px) 100vw, 630px\" \/><p id=\"caption-attachment-97063\" class=\"wp-caption-text\">mehmet elezi<\/p><\/div>\n<p>29 Janar 2926<\/p>\n<p><strong>Nga: NDUE DEDAJ<\/strong><\/p>\n<p>\u00cbsht\u00eb shqiptuar shum\u00eb her\u00eb togfjal\u00ebshi \u201cgjuha e shkrimtarit\u201d, p\u00ebr t\u00eb v\u00ebn\u00eb n\u00eb dukje stilin, ve\u00e7antit\u00eb e t\u00eb shkruarit t\u00eb k\u00ebtij apo atij autori, th\u00ebn\u00eb ndryshe: shkrim\u00ebsin\u00eb, mir\u00ebpo nuk e kemi hasur askund t\u00eb nd\u00ebrsjell\u00ebn, dmth., metafor\u00ebn \u201cshkrimtari i gjuh\u00ebs\u201d, q\u00eb n\u00eb rastin e Mehmet Elezit mendojm\u00eb se \u00ebsht\u00eb e gjetur. Dhe kjo jo vet\u00ebm p\u00ebr faktin se kemi t\u00eb b\u00ebjm\u00eb me nj\u00eb shkrimtar q\u00eb \u00ebsht\u00eb nj\u00ebher\u00ebsh dhe gjuh\u00ebtar, autor i disa monografive e trajtesave q\u00eb kan\u00eb t\u00eb b\u00ebjn\u00eb me gjuh\u00ebn shqipe, por kryekrejet p\u00ebr shkak t\u00eb mbrujtjes gjuh\u00ebsore t\u00eb vepr\u00ebs s\u00eb tij letrare n\u00eb poezi, proz\u00eb dhe ese. Sa dim\u00eb \u00ebsht\u00eb i vetmi shkrimtar shqiptar, vepra letrare e t\u00eb cilit \u00ebsht\u00eb e mbarsur me l\u00ebnd\u00eb gjuh\u00ebsore autentike t\u00eb pabjerrur, t\u00eb q\u00ebmtuar prej tij si gjuh\u00ebtar n\u00eb terren dhe n\u00eb letrat e vjetra shqipe.<\/p>\n<p>Mehmet Elezi (1949) \u00ebsht\u00eb nj\u00eb z\u00eb bashk\u00ebkohor i kumbuesh\u00ebm, shkrimtar, gjuh\u00ebtar, mendimtar; poet q\u00eb nj\u00ebzet vje\u00e7, nga lirikat e para rinore t\u00eb uj\u00ebvarave alpine deri te hajku i sot\u00ebm, tregimtar dhe romancier, eseist e studiues. Gazetar i njohur dhe kryeredaktor, drejtues i forumit qendror t\u00eb rinis\u00eb shqiptare \u2013 pjesa m\u00eb vitale e kreative e shoq\u00ebris\u00eb s\u00eb koh\u00ebs, ambasador etj.. Krijues q\u00eb nuk iu b\u00ebn reklam\u00eb librave t\u00eb vet, nuk i \u00e7on n\u00eb konkurse, si\u00e7 shprehet n\u00eb nj\u00eb intervist\u00eb t\u00eb koh\u00ebve t\u00eb fundit, dh\u00ebn\u00eb kryeredaktorit t\u00eb revist\u00eb letrare \u201cIllz\u201d, Rexhep Shahu, pa e komentuar pse-n\u00eb e k\u00ebsaj gj\u00ebje, por merret me mend, ngaq\u00eb mendon se let\u00ebrsia nuk b\u00ebhet me reklam\u00eb si veprimtarit\u00eb prodhuese, konkurset letrare nuk p\u00ebrzgjedhin let\u00ebrsin\u00eb m\u00eb t\u00eb mir\u00eb, por sipas klaneve e konjukturave etj.. Shkurt, nuk p\u00ebrshtatet me \u201ckorin\u201d e zhurmsh\u00ebm, kinse promovues, i beson sprov\u00ebs s\u00eb vetvetes. A duhet ta d\u00ebgjojm\u00eb k\u00ebt\u00eb z\u00eb dhe t\u00eb tjer\u00ebt si ai, q\u00eb shoq\u00ebria, institucionet, mediat, elitat akademike i kan\u00eb, n\u00eb mos p\u00ebrjashtuar, mbuluar me heshtje? Nuk ka nj\u00eb \u201cd\u00ebnim\u201d m\u00eb t\u00eb pafis\u00ebm se sa ky.<\/p>\n<div class=\"trc_related_container tbl-trecs-container trc_spotlight_widget trc_elastic trc_elastic_sc-ma-panorama\" id=\"taboola-sponsored-mid-article\" data-placement-name=\"Sponsored Mid Article\">\n<div id=\"vtaboola-sponsored-mid-article-video\">\n<div class=\"_cm-div\" id=\"_cm-css-reset\" data-tracked=\"true\"><\/div>\n<div class=\"_cm-single-inline\" id=\"_cm-css-reset\">\n<div class=\"_cm-inline-video\">\n<div id=\"_cm-css-reset\">\n<div class=\"_cm-video-ad vpaid-player-container\" id=\"_cm-css-reset\">\n<div class=\"_cm-video-ad vpaid-player-container vpaid-handler\" id=\"0__cm-css-reset\"><\/div>\n<\/div>\n<div class=\"_cm-close-area\" id=\"_cm-close-area\"><\/div>\n<div class=\"_cm-ad-choice\"><a class=\"_cm-ad-choice-text\" target=\"_blank\" href=\"https:\/\/popup.taboola.com\/en\" rel=\"noopener\">Ad<\/a><span>\u00a0<\/span><a class=\"_cm-ad-choice-logo\" target=\"_blank\" href=\"https:\/\/popup.taboola.com\/en\" rel=\"noopener\"><\/a><\/div>\n<\/div>\n<\/div>\n<\/div>\n<\/div>\n<div class=\"trc_rbox_container\">\n<div>\n<div class=\"trc_rbox sc-ma-panorama trc-content-sponsored\" id=\"trc_wrapper_2994487240\">\n<div class=\"trc_rbox_outer\" id=\"outer_2994487240\">\n<div class=\"trc_rbox_div trc_rbox_border_elm\" id=\"rbox-t2m\">\n<div id=\"internal_trc_2994487240\">\n<div class=\"videoCube trc_spotlight_item origin-default textItem thumbnail_top videoCube_1_child syndicatedItem trc-first-recommendation trc-spotlight-first-recommendation trc_excludable\" data-item-id=\"~~V1~~-3267620522060107301~~zGeeBVvE8MtCclUhGaPnvCMDn8FpCrvDfrAJEc0h_sEe79Ni-eBnd8iQ4KmvvX-QCoTT_IvWFG7RTbSa_z-XXjftpvARa4tWXFhLgKGLRctfJzNFc0WwvUbK5JY7J7OoIycveq1gDJgqATUzfDWn1IxPS7ZR3lwJUACWbduqrO-uIgrCrGdCVdX2dc8VZX6UnZuu2MUCxf_z9ELAhby04LSL_wVjrIqi6rBKytJ7Jow\" data-item-title=\"This Could Be the Best Time to Trade Gold in 5 Years\" data-item-thumb=\"https:\/\/cdn.taboola.com\/libtrc\/static\/thumbnails\/5fd1d128ef1b1aa00374f5598ce2fde2.jpg\" data-item-syndicated=\"true\">\n<div class=\"thumbBlock_holder\"><span class=\"thumbBlock\" aria-label=\"Image for Taboola Advertising Unit\"><span class=\"thumbnail-overlay\"><\/span><\/span><\/p>\n<div class=\"videoCube_aspect\"><\/div>\n<\/div>\n<p><a class=\"item-label-href video-cta-style non-feed-cta-item\" title=\"This Could Be the Best Time to Trade Gold in 5 Years\" target=\"_blank\" href=\"https:\/\/www.icmarkets.com\/global\/en\/trade-gold\" rel=\"noopener\"><span class=\"video-label-box trc-main-label video-label-box-cta video-label-box-cta-non-ie\"><span class=\"video-label video-title video-label-flex-cta-item trc_ellipsis\">This Could Be the Best Time to Trade Gold in 5 Years<\/span><span class=\"branding video-branding-flex-cta-item\" aria-label=\"IC Markets in Taboola advertising section\">IC Markets<\/span><\/span><\/a><\/p>\n<div class=\"video-cta-href\"><\/div>\n<div class=\"trc_user_exclude_btn\" title=\"Remove this item!\"><\/div>\n<div class=\"trc_exclude_overlay trc_fade\"><\/div>\n<div class=\"trc_exclude_undo_btn\"><\/div>\n<\/div>\n<div class=\"videoCube trc_spotlight_item origin-default textItem thumbnail_top videoCube_2_child syndicatedItem trc_excludable\" data-item-id=\"~~V1~~1386909623854053688~~MVULJ3R9Bqkw9ui-iyf9FiMDn8FpCrvDfrAJEc0h_sEe79Ni-eBnd8iQ4KmvvX-QPtVvJT2oZsUKTcbUlOwtfDftpvARa4tWXFhLgKGLRctfJzNFc0WwvUbK5JY7J7OoIycveq1gDJgqATUzfDWn1IxPS7ZR3lwJUACWbduqrO-uIgrCrGdCVdX2dc8VZX6UnZuu2MUCxf_z9ELAhby04LSL_wVjrIqi6rBKytJ7Jow\" data-item-title=\"Gold CFDs or Futures? Here\u2019s What Every Trader Should Know\" data-item-thumb=\"https:\/\/cdn.taboola.com\/libtrc\/static\/thumbnails\/0ff2b1f93edf7800d3dc80d18e18c2a8.png\" data-item-syndicated=\"true\">\n<div class=\"thumbBlock_holder\"><span class=\"thumbBlock\" aria-label=\"Image for Taboola Advertising Unit\"><span class=\"thumbnail-overlay\"><\/span><\/span><\/p>\n<div class=\"videoCube_aspect\"><\/div>\n<\/div>\n<p><a class=\"item-label-href video-cta-style non-feed-cta-item\" title=\"Gold CFDs or Futures? Here\u2019s What Every Trader Should Know\" target=\"_blank\" href=\"https:\/\/www.icmarkets.com\/global\/en\/compare-gold-futures-and-cfds\" rel=\"noopener\"><span class=\"video-label-box trc-main-label video-label-box-cta video-label-box-cta-non-ie\"><span class=\"video-label video-title video-label-flex-cta-item trc_ellipsis\">Gold CFDs or Futures? Here\u2019s What Every Trader Should Know<\/span><span class=\"branding video-branding-flex-cta-item\" aria-label=\"IC Markets in Taboola advertising section\">IC Markets<\/span><\/span><\/a><\/p>\n<div class=\"video-cta-href\"><\/div>\n<div class=\"trc_user_exclude_btn\" title=\"Remove this item!\"><\/div>\n<div class=\"trc_exclude_overlay trc_fade\"><\/div>\n<div class=\"trc_exclude_undo_btn\"><\/div>\n<\/div>\n<\/div>\n<\/div>\n<\/div>\n<div class=\"trc_clearer\"><\/div>\n<\/div>\n<\/div>\n<\/div>\n<\/div>\n<div class=\"AV69258baf98ee2f97d704be07\">\n<div id=\"aniBox\"><\/div>\n<\/div>\n<div><ins id=\"revive-0-32\" data-revive-zoneid=\"1084\" data-revive-id=\"0a5067886004a72d5b41c8f4bd9c2af9\" data-revive-seq=\"32\" data-revive-loaded=\"1\"><\/p>\n<div id=\"beacon_ff3157b0c4\"><img loading=\"lazy\" decoding=\"async\" alt=\"\" src=\"https:\/\/ads2.panorama.com.al\/www\/delivery\/lg.php?bannerid=0&amp;campaignid=0&amp;zoneid=1084&amp;loc=https%3A%2F%2Fwww.panorama.com.al%2Fnga-terreni-gjuhesor-te-romani-modern-rruga-krijuese-e-mehmet-elezit%2F&amp;referer=https%3A%2F%2Fwww.panorama.com.al%2Fcategory%2Fkulture%2F&amp;cb=ff3157b0c4\" width=\"0\" height=\"0\" \/><\/div>\n<p><\/ins><\/div>\n<p>P\u00ebr t\u00eb mos e personalizuar shkrimin vet\u00ebm me nj\u00eb personalitet krijues si Mehmet Elezi, po themi se ka dhe t\u00eb tjer\u00eb t\u00eb heshtur t\u00eb z\u00ebsh\u00ebm, si shkrimtari i mir\u00ebnjohur Ko\u00e7o Kosta, q\u00eb nuk i drejtohet asnj\u00eb mikrofon, nuk thirret n\u00eb asnj\u00eb panair libri, nuk b\u00ebhet objekt i asnj\u00eb dekorimi, \u00e7mimi karriere, a thua se nuk \u00ebsht\u00eb ai autori i romanit t\u00eb famsh\u00ebm mbetur p\u00ebrgjysm\u00eb nga censura \u201cAta t\u00eb dy dhe t\u00eb tjer\u00eb\u201d (1986) e deri te romani tjet\u00ebr i v\u00ebllimsh\u00ebm \u201cNata e Sofia Kondilit\u201d, botuar 19 vite m\u00eb par\u00eb.<\/p>\n<p>Sa shkrimtar\u00eb, artist\u00eb dhe shkenc\u00ebtar\u00eb kemi l\u00ebn\u00eb k\u00ebshtu n\u00eb harres\u00eb n\u00eb t\u00eb gjall\u00eb, p\u00ebr t\u2019iu \u201ckakarisur\u201d politika sapo t\u00eb mos jen\u00eb m\u00eb. Mir\u00ebpo ata\u00a0nuk kan\u00eb nevoj\u00eb p\u00ebr aureola pushtetesh, ndaj sot flasim aq shum\u00eb dhe me nderim t\u00eb madh, jo vet\u00ebm p\u00ebr Fisht\u00ebn e Konic\u00ebn, por dhe p\u00ebr Selman Riz\u00ebn, Sk\u00ebnder Luarasin, Ramadan Sokolin etj.<\/p>\n<p><strong>AKADEMIK PA AKADEMI<\/strong><\/p>\n<p>Mehmet Elezi hyri n\u00eb let\u00ebrsi si poet, kur ishte nj\u00ebzet vje\u00e7, me librin poetik \u201cZhurmojn\u00eb uj\u00ebvarat\u201d (1970), pastaj iu \u201cdor\u00ebzua\u201d p\u00ebr shum\u00eb vite gazetaris\u00eb dhe publicistik\u00ebs, ku l\u00ebvroi kryesisht reportazhin artistik, ashtu si shkrimtar\u00ebt e tjer\u00eb: Petro Marko, Drit\u00ebro Agolli, Xhevahir Spahiu, Spiro Dede etj., kushtuar digave t\u00eb Drinit si nj\u00eb ardhje e re n\u00eb peizazhin e mo\u00e7\u00ebm shqiptar etj.. Ky autor do t\u00eb\u00a0shfaqej me vepra t\u00eb natyrave t\u00eb ndryshme pas \u201890-s, \u00e7ka d\u00ebshmon se talenti dhe pasioni i t\u00eb shkruarit ishte po aq i fort\u00eb sa n\u00eb fillimet. Por k\u00ebsaj here nuk do t\u00eb ishte vet\u00ebm dimensioni letrar, si poet e prozator, si eseist e publicist, por dhe ai studimor si gjuh\u00ebtar e leksikolog, autor i nj\u00eb fjalori t\u00eb m\u00ebvet\u00ebsish\u00ebm t\u00eb gjuh\u00ebs shqipe, me 41 mij\u00eb fjal\u00eb, q\u00eb nuk gjend\u00ebn n\u00eb fjalorin \u201czyrtar\u201d t\u00eb shqipes, me shtjellime etimologjike etj.. Elezi \u00ebsht\u00eb si ai punishtari q\u00eb p\u00ebrdor disa zeje arti, ose si ai muzikanti q\u00eb zot\u00ebron disa instrumente. Ai punon si ata murgjit e vjet\u00ebr, duke mbjell\u00eb, prashit e vjel\u00eb fruta n\u00eb kopshtin e dijes, pa dashur t\u2019ia dije p\u00ebr zallmahin\u00eb p\u00ebrreth, q\u00eb nuk vler\u00ebson\u00a0produktin krijues e studimor, por vet\u00ebm paragjykon sipas stilit zhdanovist. Po p\u00ebrgatitet Fjalori i Madh i Gjuh\u00ebs Shqipe dhe n\u00eb dijenin\u00eb ton\u00eb, M. Elezit nuk i \u00ebsht\u00eb b\u00ebr\u00eb asnj\u00eb ftes\u00eb q\u00eb t\u00eb jet\u00eb bashk\u00ebpunues, recensent, oponent apo \u201csup\u00ebrvizor\u201d i tij, p\u00ebr m\u00eb tep\u00ebr q\u00eb vepra n\u00eb proces p\u00ebrflitet q\u00eb tani p\u00ebr mang\u00ebsi, nga gjuh\u00ebtar\u00eb, shkrimtar\u00eb, deputet\u00eb etj., apo nuk \u00ebsht\u00eb b\u00ebr\u00eb nj\u00eb hap mbrapa \u2013 si\u00e7 v\u00ebrejn\u00eb kritikuesit e Fjalorit: duke mos u ftuar gjuh\u00ebtar\u00ebt e Kosov\u00ebs, t\u00eb cil\u00ebt ishin firm\u00ebtar\u00eb n\u00eb Kongresin e Drejtshkrimit m\u00eb 1972.<\/p>\n<div><ins id=\"revive-0-33\" data-revive-zoneid=\"1015\" data-revive-id=\"0a5067886004a72d5b41c8f4bd9c2af9\" data-revive-seq=\"33\" data-revive-loaded=\"1\"><\/ins><\/div>\n<p>Mehmet Elezi pun\u00ebt e gjuh\u00ebs i sheh jo si tapet \u201cmundjeje\u201d me ask\u00ebnd nga akademik\u00ebt e gjuh\u00ebsis\u00eb, por si sh\u00ebrbes\u00eb ndaj gjuh\u00ebs, let\u00ebrsis\u00eb dhe vet\u00eb kombit. Por ai nuk e sheh Akademin\u00eb si m\u00ebsuese dhe veten si nx\u00ebn\u00ebsi q\u00eb shkon me p\u00ebrul\u00ebsi para saj. P\u00ebrul\u00ebsia e tij \u00ebsht\u00eb vet\u00ebm para fjal\u00ebs shqipe! Ky tip dijetari nuk do t\u2019i kishte tepruar asnj\u00eb akademie albanologjike, q\u00eb nuk niset nga \u201cet\u00ebrit\u201d, por nga kontributet shkencore. Pa dashur aspak t\u00eb hyjm\u00eb n\u00eb tagrin e institucioneve, e as t\u00eb b\u00ebjm\u00eb kritizerin, zoti Elezi me vepr\u00ebn e tij studimore ka d\u00ebshmuar se \u00ebsht\u00eb nj\u00eb akademik\u2026 pa Akademi! Si\u00e7 mund t\u00eb ket\u00eb dhe n\u00eb fusha t\u00eb tjera t\u00eb till\u00eb, q\u00eb udh\u00ebhiqen vet\u00ebm nga parimet shkencore n\u00eb veprimtarin\u00eb e tyre. Pse u dashka q\u00eb t\u00eb rrin\u00eb t\u00eb gjith\u00eb n\u00ebn nj\u00eb \u201c\u00e7ati\u201d?!\u2026<\/p>\n<p><strong>ROMANI \u201cDIKUSH MUNGON N\u00cb BALLON E FUNDIT\u201d ETJ.<\/strong><\/p>\n<p>Si shkrimtar, Mehmet Elezi \u00ebsht\u00eb autor i 12 romaneve, ku sidomos dy t\u00eb fundit: \u201cDikush mungon n\u00eb ballon e fundit\u201d (2016), \u201cGruaja me dy zile\u201d (2019) dhe nj\u00eb varg tregimesh n\u00eb shtypin letrar, shprehin ve\u00e7orit\u00eb autoriale, stilin e ligj\u00ebrimit, sintaks\u00ebs, stilemave origjinale, leksikut t\u00eb pasur, si dhe modernitetin, ku autori ka braktisur form\u00ebn klasike t\u00eb proz\u00ebs me subjekt linear, ngjarje kulmore etj.. \u201cDikush mungon n\u00eb ballon e fundit\u201d nis me atmosfer\u00ebn e ballos s\u00eb diplomimit universitar q\u00eb p\u00ebrgatitet t\u00eb filloj\u00eb n\u00eb nj\u00eb qytet v\u00ebzullues, kozmopolit dhe ku pritet t\u00eb vij\u00eb shqiptari Nor Lekurti, i shpallur paraprakisht si \u201cmbreti\u201d i ballos, p\u00ebr shkak se ai \u00ebsht\u00eb student specifik, jo vet\u00ebm se \u00ebsht\u00eb sa dyfishi i mosh\u00ebs s\u00eb student\u00ebve t\u00eb tjer\u00eb. Tri-kat\u00ebr radh\u00eb q\u00eb p\u00ebrshkruajn\u00eb sall\u00ebn e asaj \u201cbiblioteke t\u00eb \u00e7uditshme\u201d mjaftojn\u00eb p\u00ebr ta kuptuar atmosfer\u00ebn e atyshme: \u201cN\u00ebn k\u00ebmb\u00eb e p\u00ebrreth l\u00ebkundej gjith\u00e7ka. Moketi ngjyr\u00eb deti n\u00eb t\u00eb p\u00ebrhim\u00ebt, mbr\u00ebmja me sy t\u00eb \u00e7el\u00ebt t\u00eb qershorit, zgafellat pa dalje t\u00eb dijes, ndoshta vet\u00eb bota\u201d. Por, a do t\u00eb vij\u00eb njeriu q\u00eb sapo i v\u00ebn\u00eb te dera e sall\u00ebs fotografin\u00eb me mbishkrimin Vanted? Mos kjo do t\u00eb jet\u00eb nj\u00eb shaka e hidhur e fatit?\u2026 P\u00ebr t\u00eb kuptuar n\u00ebse \u201cGodoja\u201d vjen apo jo n\u00eb ballon e fundit, lexuesit i duhet ta ndjek\u00eb deri n\u00eb fund fatin e k\u00ebtij personazhi atipik, q\u00eb kthehet n\u00eb atdhe p\u00ebr pak dit\u00eb, ku ka pasur nj\u00eb jet\u00eb studentore t\u00eb nd\u00ebrprer\u00eb e plot travlaj\u00eb t\u00eb tjera, si dhe nj\u00eb dashuri q\u00eb e ka marr\u00eb me\u00a0vete, Pul\u00ebn. Autori na b\u00ebn me dije qysh n\u00eb krye t\u00eb her\u00ebs s\u00eb \u201cbashk\u00eb\u201d me Norin rend n\u00eb aeroporte, stacione dhe dikush i paduksh\u00ebm (gjysm\u00ebhija e burrit me republik\u00eb, n\u00eb ballin\u00eb t\u00eb librit, q\u00eb po lexon nj\u00eb grua n\u00eb tren p\u00ebrball\u00eb tij, apo dyt\u00ebsi i atij burri enigmatik?), q\u00eb kthehet n\u00eb vendin e krimit, ku, si\u00e7 thot\u00eb autori, individ\u00eb t\u00eb till\u00eb kthehen gjithnj\u00eb p\u00ebr t\u00eb kryer nj\u00eb krim t\u00eb dyt\u00eb, po ku, po si, po pse?\u2026<\/p>\n<p>\u00cbsht\u00eb kjo arsyeja q\u00eb Nori paralajm\u00ebrohet mbase nga n\u00ebnvet\u00ebdija \u201cMos shko\u201d p\u00ebr atje ku je nisur. (\u00c7\u2019qe ai z\u00eb hije q\u00eb nuk m\u2019u nda mos-shkooO?). Autori jo rast\u00ebsisht e kthen n\u00eb nj\u00eb lajtmotiv t\u00eb romanit shprehjen: \u201cKrimineli kthehet n\u00eb vendin e krimit\u201d, por p\u00ebr t\u00eb na th\u00ebn\u00eb se e shkuara ende nuk i ka mbyllur hesapet me lirin\u00eb e individit dhe individin e lir\u00eb. E krimineli q\u00eb kthehet n\u00eb vendin e krimit nuk \u00ebsht\u00eb nj\u00eb individ, nj\u00eb killer, por jan\u00eb \u201cprap\u00eb ata, t\u00eb djeshmit, t\u00eb rehabilituar\u201d me dekorata. Kjo \u00ebsht\u00eb e trishtueshme, shoq\u00ebria ka b\u00ebr\u00eb prapakthehu. Rreziku \u00ebsht\u00eb i pashmangsh\u00ebm. Po cili ka qen\u00eb \u201cfaji\u201d i Norit dje? Ai lidhet pik\u00ebrisht me dy njer\u00ebz t\u00eb pafajsh\u00ebm q\u00eb atij i kishin ndryshuar jet\u00ebn, \u201cnj\u00ebri, nj\u00eb i vdekur i ngjallur n\u00eb bjeshk\u00eb (Sim Cubeli) dhe tjetri, njeriu m\u00eb i njohur i Qytetit t\u00eb Drenit\u201d, q\u00eb nuk ishte sekretari i par\u00eb i partis\u00eb e as ai burri i dacit (Sigurimit), por Rud Llapa, nj\u00eb shakaxhi i pazakont\u00eb me regjimin, q\u00eb e kishte karikaturizuar Frontin,\u00a0p\u00ebrmes dor\u00ebs prej piktori t\u00eb\u2026 Norit. Lexuesi njihet me natyr\u00ebn, ndjeshm\u00ebrin\u00eb dhe psikologjin\u00eb e personazhit, q\u00eb regjimi i djesh\u00ebm e kishte burgosur politikisht, pasi i plot\u00ebsonte t\u00eb gjitha kushtet e nevojshme: \u201cMe pik\u00ebpyetje n\u00eb biografi, po. I p\u00ebrjashtuar nga fakulteti, po. I larguar me vendim zyrtar nga Tirana, po. E quan veten intelektual dhe t\u00ebr\u00eb dit\u00ebn punon me hekura n\u00ebp\u00ebr duar, p\u00ebr t\u00eb nxjerr\u00eb buk\u00ebn, po. S\u00eb fundi i paralajm\u00ebruar p\u00ebr prirje kund\u00ebr ekonomis\u00eb s\u00eb p\u00ebrbashk\u00ebt. A nuk jan\u00eb arsye t\u00eb mjaftueshme p\u00ebr nj\u00eb t\u00eb deklasuar, q\u00eb t\u00eb hidhet plot\u00ebsisht te armiku?\u2026\u201d. Por, nuk \u00ebsht\u00eb q\u00ebllimi yn\u00eb n\u00eb k\u00ebto radh\u00eb t\u00eb shpjegojm\u00eb romanin, i cili n\u00eb kuptimin shkollaresk \u00ebsht\u00eb i pashpjeguesh\u00ebm. Ama, kur ti besoje se Nor Lekurtit dikush do t\u00eb duhej t\u2019i k\u00ebrkonte falje, si duket krimineli q\u00eb kthehet n\u00eb vendin e krimit nuk kishte mbaruar pun\u00eb me t\u00eb at\u00ebher\u00eb, pasi papritur ai bie viktim\u00eb e nj\u00eb aksidenti n\u00eb Qytetin e Drenit, n\u00eb mesnat\u00eb, kur l\u00ebviz vet\u00ebn nj\u00eb makin\u00eb e \u201cdehur\u201d, q\u00eb e p\u00ebrplas p\u00ebr vdekje. Nj\u00eb jet\u00eb tragjike. Atje, n\u00eb dhe t\u00eb huaj, e pret balloja, k\u00ebtu e pret vdekja! Romani nuk klith, por vet\u00ebm rr\u00ebfen dhe lexuesi gjykon. Let\u00ebrsia e Elezit \u00ebsht\u00eb e mendimit t\u00eb ngjeshur, p\u00ebrsiatjes, gjendjeve njer\u00ebzore groteske, e kujtes\u00ebs, ndonj\u00ebher\u00eb dhe p\u00ebrmes ditarit etj., q\u00eb e b\u00ebn njeriun t\u00eb mendoj\u00eb p\u00ebr bot\u00ebn rreth tij, q\u00eb ai nuk e njeh dhe recepton, si\u00e7 ajo \u00ebsht\u00eb n\u00eb t\u00eb v\u00ebrtet\u00eb, krejt larg nj\u00eb balloje g\u00ebzimi. Po ashtu, kemi t\u00eb b\u00ebjm\u00eb me nj\u00eb proz\u00eb me struktur\u00eb kompozicionale\u00a0origjinale, q\u00eb meriton t\u00eb analizohet dhe n\u00eb k\u00ebt\u00eb plan. Proza e tij \u00ebsht\u00eb e pasur gjuh\u00ebsisht dhe estetikisht. Ajo nuk mund t\u00eb lexohet n\u00eb \u201cvrap\u201d, por ngadal\u00eb, pasi duhet shijuar gjuha plot risi, paskajorja e g\u00ebrshetuar natyrsh\u00ebm brenda nj\u00eb shqipje t\u00eb rrjedhshme, me larmi trajtash leksikore t\u00eb vjetra \u2013 sjell\u00eb me funksione t\u00eb reja stilistike etj. L\u00ebnda gjuh\u00ebsore nga gegnishtja e k\u00ebtij autori vjen e materializuar n\u00eb tekst, e shkrir\u00eb organikisht n\u00eb togfjal\u00ebsha, si \u201czgafellat e shpirtit\u201d, \u201cfisi ujkor\u201d etj.. Nori, nd\u00ebrko\u00a0h\u00eb q\u00eb kthehej, \u201chabitet me veten si po i zgjoheshin n\u00eb kujtes\u00eb gjith\u00ebfar\u00eb imt\u00ebsish t\u00eb harruara\u201d (f. 50).<\/p>\n<p>Tirana nuk e njeh m\u00eb. \u201cP\u00ebr her\u00eb t\u00eb par\u00eb ndjeva n\u00eb l\u00ebkur\u00eb sa i par\u00ebnd\u00ebsish\u00ebm \u00ebsht\u00eb njeriu i vetmuar. O gjind, lumi juaj i p\u00ebrdallgur bart me vete trupin e nj\u00eb studenti t\u00eb vdekur, nuk e shihni? Ky student quhet Nor Lekurti. Ky student jam un\u00eb. Un\u00eb jam hija ime, duke ecur mbi dy k\u00ebmb\u00eb druri, t\u00eb gjata, t\u00eb mpita. Mbi dy gingala\u2026. Njeriu nuk di me siguri ku a si do t\u00eb jet\u00eb nes\u00ebr k\u00ebso kohe, p\u00ebr shembull. Nes\u00ebr? As\u00a0pas nj\u00eb ore! N\u00ebn kripin e Pjer Kyris\u00eb vetonin zbulime q\u00eb dridh\u00ebn rruzullin, por kryet e tij p\u00ebrfundoi sa hap e mbyll syt\u00eb n\u00ebn rrot\u00ebn e nj\u00eb karroce g\u00ebrdall\u00eb, shtypur si kungull\u2026\u201d (f.23.) Vetmi si ajo e Kafk\u00ebs kur \u201ckthehet\u201d pas dyzet e nj\u00eb vjet\u00ebsh n\u00eb Prag\u00eb (Musa Ramadani, romani \u201cProfeti nga Praga\u201d), filozofi p\u00ebr jet\u00ebn dhe vdekjen, parandjenj\u00eb p\u00ebr fundin e vet tragjik etj..<\/p>\n<p>Te \u201cDikush mungon n\u00eb ballon e fundit\u201d, ai vizaton mjedise dhe karaktere sikur ka n\u00eb dor\u00eb nj\u00eb penel, q\u00eb her\u00eb pas here e merr dhe ti e vizaton bashk\u00eb me t\u00eb, portretin e gajdexhiut, apo at\u00eb t\u00eb profesorit t\u00eb trishtuar q\u00eb e kan\u00eb nxjerr\u00eb n\u00eb pension dhe nuk do t\u2019i l\u00ebr\u00eb librat e vjet\u00ebr t\u00eb vdesin, ndaj i dhuron n\u00eb njer\u00ebz t\u00eb ditur etj.. \u00cbsht\u00eb po aq fin dhe grotesku, si te babai q\u00eb mendon se b\u00ebn tregti duke shitur k\u00ebpuc\u00eb t\u00eb vjetra t\u00eb riparuara, po q\u00eb ia blen i biri biznesmen, grepacimi i dy t\u00eb moshuarve pas perdes, p\u00ebr shkak t\u00eb xhelozis\u00eb s\u00eb burrit etj. Narrativa big\u00ebzohet mes vall\u00ebzimit t\u00eb Mom\u00eb Hatijes n\u00eb Tiran\u00eb dhe ballos s\u00eb diplomimit n\u00ebn valset e Shtrausit atje larg. Nori sh\u00ebtit sa tregun e lir\u00eb kryeqtetas me tezga, kioska, hile tregtar\u00ebsh t\u00eb vegj\u00ebl etj., sa n\u00eb kujtes\u00ebn e tij t\u00eb djeshme me Pul\u00ebn dhe pa t\u00eb, n\u00eb mjedise, q\u00eb thuajse kan\u00eb mbetur t\u00eb pandryshuara.<\/p>\n<p>Mehmet Elezi e l\u00ebvron e pasuron gjuh\u00ebn si shkrimtar dhe gjuh\u00ebtar, n\u00eb romanin \u201cDikush mungon n\u00eb ballon e fundit\u201d, me fjal\u00eb t\u00eb tilla, si: fundshtroja (e sall\u00ebs), st\u00ebrhell (i gjat\u00eb), i p\u00ebrmiellur, e l\u00ebbardhme, ftohtim\u00eb, cing\u00ebrroi (zilja), q\u00ebllimzi, pahiri, dyt\u00ebsi (sozia), dorasi, kacabun, piciferra (e zeshk\u00ebt), buthtoi, g\u00ebrdhaj\u00eb (molle), zdrit, mahi, gac\u00ebllon (syt\u00eb),\u00a0barnatore, dimnak, demelisht, n\u00ebnkambca, agshol, tharbet, b\u00ebzan, \u00e7ap\u00ebrpik (flet pa lidhje), shalakatur, \u00e7u\u00e7llonte, bjerradit\u00ebs, fjal\u00ebkryq\u00ebs, imt\u00eb, mejn\u00eb (fjal\u00ebt), kap\u00ebrthurjet, qiellzana, shkartisej, cipricullak, mbrijohen, k\u00ebrleshan, shalakatej etj..<\/p>\n<p><strong>\u201cEPOSI I KRESHNIK\u00cbVE\u201d, SI GRISHJE ARTISTIKE E KULTUROLOGJIKE<\/strong><\/p>\n<p>Mehmet Elezi \u00ebsht\u00eb nj\u00eb shqyrtues, komentues dhe analizues bind\u00ebs i \u201cEposit t\u00eb Kreshnik\u00ebve\u201d, q\u00eb i rikthehet her\u00eb pas here n\u00eb nj\u00eb m\u00ebnyr\u00eb a n\u00eb nj\u00eb tjet\u00ebr k\u00ebsaj vlere unike t\u00eb kultur\u00ebs shqiptare. N\u00eb intervist\u00ebn e sip\u00ebrcituar, ai thot\u00eb: \u201cN\u00eb Curraj t\u00eb Ep\u00ebr, katund i ngujuar nd\u00ebrmjet bjeshk\u00ebve, shum\u00eb larg kufirit me sllav\u00ebt \u2013 por jo vet\u00ebm n\u00eb Curraj t\u00eb Ep\u00ebr \u2013 jan\u00eb ruajtur vlera t\u00eb mo\u00e7me identitare: besimi katolik, veshje ilire si xhubleta, k\u00ebnga maj\u00ebkrahu e d\u00ebshmuar te ilir\u00ebt, gjama e burrave me ritet e varrimit e t\u00eb tjera. Poemat e Eposit, mbledhur aty, jan\u00eb po aq t\u00eb virgj\u00ebra, po aq identitare\u201d. Vini oroe, n\u00eb trekat\u00ebr radh\u00eb, kaq shum\u00eb informacion kulturor dhe shkencor, sa mendon p\u00ebr nj\u00eb \u00e7ast se para turist\u00ebve p\u00ebr atje duhet t\u00eb \u201cvrapoj\u00eb\u201d Akademia e Shkencave, p\u00ebr ta rrokur dhe nj\u00ebher\u00eb para se t\u00eb shuhet visarin autentik identitar q\u00eb ende preket, ndon\u00ebse nj\u00eb l\u00ebnd\u00eb e l\u00ebvruar nga dijetar\u00ebt e shquar si Bernardin Palaj etj.. Guidat e sotme promovojn\u00eb shijen e kuzhin\u00ebs tradicionale t\u00eb trevave si Mal\u00ebsia e Gjakov\u00ebs, Hasi, Luma, Mirdita etj., \u00e7ka n\u00eb vetvete \u00ebsht\u00eb me interes, por ku jan\u00eb guidat q\u00eb promovojn\u00eb ne m\u00ebnyr\u00eb dinjitoze etnokultur\u00ebn shqiptare t\u00eb trevave?\u2026<\/p>\n<p><strong>\/Gazeta Panorama\u00a0<\/strong><\/p>\n","protected":false},"excerpt":{"rendered":"<p>29 Janar 2926 Nga: NDUE DEDAJ \u00cbsht\u00eb shqiptuar shum\u00eb her\u00eb togfjal\u00ebshi \u201cgjuha e shkrimtarit\u201d, p\u00ebr t\u00eb v\u00ebn\u00eb n\u00eb dukje stilin, ve\u00e7antit\u00eb e t\u00eb shkruarit t\u00eb k\u00ebtij apo atij autori, th\u00ebn\u00eb ndryshe: shkrim\u00ebsin\u00eb, mir\u00ebpo nuk e kemi hasur askund t\u00eb nd\u00ebrsjell\u00ebn, dmth., metafor\u00ebn \u201cshkrimtari i gjuh\u00ebs\u201d, q\u00eb n\u00eb rastin e Mehmet Elezit mendojm\u00eb se \u00ebsht\u00eb e [&hellip;]<\/p>\n","protected":false},"author":9,"featured_media":97063,"comment_status":"open","ping_status":"open","sticky":false,"template":"","format":"standard","meta":{"jetpack_post_was_ever_published":false,"_jetpack_newsletter_access":"","_jetpack_dont_email_post_to_subs":false,"_jetpack_newsletter_tier_id":0,"_jetpack_memberships_contains_paywalled_content":false,"_jetpack_memberships_contains_paid_content":false,"footnotes":"","jetpack_publicize_message":"","jetpack_publicize_feature_enabled":true,"jetpack_social_post_already_shared":true,"jetpack_social_options":{"image_generator_settings":{"template":"highway","default_image_id":0,"font":"","enabled":false},"version":2}},"categories":[27,10,35],"tags":[],"class_list":["post-97062","post","type-post","status-publish","format-standard","has-post-thumbnail","hentry","category-blogu-i-udhetarit","category-kultura","category-shoqerore"],"jetpack_publicize_connections":[],"jetpack_featured_media_url":"https:\/\/i0.wp.com\/www.shqiperia.com\/blog\/wp-content\/uploads\/2026\/01\/mehmet-elezi.jpg?fit=760%2C488&ssl=1","jetpack_sharing_enabled":true,"jetpack_shortlink":"https:\/\/wp.me\/p5Z6wp-pfw","jetpack-related-posts":[{"id":87327,"url":"https:\/\/www.shqiperia.com\/blog\/rezultonte-i-zhdukur-qe-ne-vitin-2012-gjendet-shqiptari-ne-burgjet-e-assadit\/","url_meta":{"origin":97062,"position":0},"title":"Rezultonte i zhdukur q\u00eb n\u00eb vitin 2012, gjendet shqiptari n\u00eb burgjet e Assadit","author":"Kurt Farka","date":"December 13, 2024","format":false,"excerpt":"13 Dhjetor 2024 Nj\u00eb shtetas shqiptar nga Kosova, me inicialet A.SH., nga fshati Se\u00e7isht\u00eb i Hani Elezit, \u00ebsht\u00eb liruar pas 12 vitesh burgim n\u00ebn regjimin e Bashar al-Assad n\u00eb Siri. Gjat\u00eb gjith\u00eb k\u00ebsaj periudhe, ai kishte humbur kontaktet me familjen e tij. Eksperti i siguris\u00eb Bedri Elezi, n\u00eb nj\u00eb intervist\u00eb\u2026","rel":"","context":"In &quot;Njoftime Shtypi&quot;","block_context":{"text":"Njoftime Shtypi","link":"https:\/\/www.shqiperia.com\/blog\/category\/njoftime-shtypi\/"},"img":{"alt_text":"","src":"https:\/\/i0.wp.com\/www.shqiperia.com\/blog\/wp-content\/uploads\/2024\/12\/vfdg.png?fit=640%2C368&ssl=1&resize=350%2C200","width":350,"height":200,"srcset":"https:\/\/i0.wp.com\/www.shqiperia.com\/blog\/wp-content\/uploads\/2024\/12\/vfdg.png?fit=640%2C368&ssl=1&resize=350%2C200 1x, https:\/\/i0.wp.com\/www.shqiperia.com\/blog\/wp-content\/uploads\/2024\/12\/vfdg.png?fit=640%2C368&ssl=1&resize=525%2C300 1.5x"},"classes":[]},{"id":67701,"url":"https:\/\/www.shqiperia.com\/blog\/sizmologu-shyqyri-aliaj-ju-tregoj-cilat-jane-zonat-me-sizmike-ne-shqiperi\/","url_meta":{"origin":97062,"position":1},"title":"Sizmologu Shyqyri Aliaj: &#8211; Ju tregoj cilat jan\u00eb zonat m\u00eb sizmike n\u00eb Shqip\u00ebri!","author":"Kurt Farka","date":"February 10, 2023","format":false,"excerpt":"10 Shkurt 2023 Sizmologu Shyqyri Aliaj i ftuar n\u00eb Shqip nga Rudina Xhunga n\u00eb Dritare TV tha se Shqip\u00ebria nuk ka asnj\u00eb ligj p\u00ebr rrezikun sizmik. Profesori veteran i fush\u00ebs u shpreh se duhet t\u00eb nxirren m\u00ebsime nga k\u00ebto t\u00ebrmete shkat\u00ebrrues dhe t\u00eb b\u00ebhet nj\u00eb ligj si\u00e7 e ka gjith\u00eb\u2026","rel":"","context":"In &quot;Blogu i Udh\u00ebtarit&quot;","block_context":{"text":"Blogu i Udh\u00ebtarit","link":"https:\/\/www.shqiperia.com\/blog\/category\/blogu-i-udhetarit\/"},"img":{"alt_text":"","src":"https:\/\/i0.wp.com\/www.shqiperia.com\/blog\/wp-content\/uploads\/2023\/02\/sizmologu.jpeg?fit=640%2C373&ssl=1&resize=350%2C200","width":350,"height":200,"srcset":"https:\/\/i0.wp.com\/www.shqiperia.com\/blog\/wp-content\/uploads\/2023\/02\/sizmologu.jpeg?fit=640%2C373&ssl=1&resize=350%2C200 1x, https:\/\/i0.wp.com\/www.shqiperia.com\/blog\/wp-content\/uploads\/2023\/02\/sizmologu.jpeg?fit=640%2C373&ssl=1&resize=525%2C300 1.5x"},"classes":[]},{"id":21783,"url":"https:\/\/www.shqiperia.com\/blog\/cmimi-kadare-2019-shpallet-fituesi-2019\/","url_meta":{"origin":97062,"position":2},"title":"\u201c\u00c7mimi Kadare 2019\u201d! &#8211; Shpallet Fituesi 2019. &#8211;","author":"Kurt Farka","date":"June 9, 2019","format":false,"excerpt":"\u00a0\u201c\u00c7mimi Kadare 2019\u201d! - Shpallet Fituesi 2019. - Loer Kume \u00ebsht\u00eb shpallur fituesi i madh i \u201c\u00c7mimit Kadare\u201d p\u00ebr vitin 2019. Ai \u00ebsht\u00eb p\u00ebrfaq\u00ebsuesi i nj\u00eb gjenerate t\u00eb re shkrimtar\u00ebsh i cili eksperimenton me let\u00ebrsin\u00eb, n\u00eb k\u00ebrkim t\u00eb formave t\u00eb reja letrare larg komercializmit dhe t\u00eb zakonshmes n\u00eb let\u00ebrsi duke\u2026","rel":"","context":"In &quot;Arte&quot;","block_context":{"text":"Arte","link":"https:\/\/www.shqiperia.com\/blog\/category\/arte\/"},"img":{"alt_text":"","src":"https:\/\/i0.wp.com\/www.shqiperia.com\/blog\/wp-content\/uploads\/2019\/06\/Loer-Kume-2.png?fit=770%2C433&ssl=1&resize=350%2C200","width":350,"height":200,"srcset":"https:\/\/i0.wp.com\/www.shqiperia.com\/blog\/wp-content\/uploads\/2019\/06\/Loer-Kume-2.png?fit=770%2C433&ssl=1&resize=350%2C200 1x, https:\/\/i0.wp.com\/www.shqiperia.com\/blog\/wp-content\/uploads\/2019\/06\/Loer-Kume-2.png?fit=770%2C433&ssl=1&resize=525%2C300 1.5x, https:\/\/i0.wp.com\/www.shqiperia.com\/blog\/wp-content\/uploads\/2019\/06\/Loer-Kume-2.png?fit=770%2C433&ssl=1&resize=700%2C400 2x"},"classes":[]},{"id":58483,"url":"https:\/\/www.shqiperia.com\/blog\/nderron-jete-agim-cerga-shkrimtar-gazetar-dhe-ish-sekretar-i-lidhjes-se-shkrimtareve\/","url_meta":{"origin":97062,"position":3},"title":"Nd\u00ebrron jet\u00eb Agim Cerga, shkrimtar, gazetar dhe ish-sekretar i Lidhjes s\u00eb Shkrimtar\u00ebve","author":"Kurt Farka","date":"June 3, 2022","format":false,"excerpt":"- 02.06.22 Agim Cerga\u00a0shkrimtari i njohur shqiptar ka nd\u00ebrruar jet\u00eb n\u00eb Kanada. Agim Cerga ka lindur n\u00eb Shqiperi ne 1934 dhe aktualisht me banim ne Kanada. Ka qen\u00eb p\u00ebr disa vite (nga viti 1977 deri ne 1981) sekretar i Lidhjes s\u00eb Shkrimtar\u00ebve dhe Artisteve t\u00eb Shqip\u00ebris\u00eb, redaktor n\u00eb gazetat dhe\u2026","rel":"","context":"In &quot;Kultura&quot;","block_context":{"text":"Kultura","link":"https:\/\/www.shqiperia.com\/blog\/category\/kultura\/"},"img":{"alt_text":"","src":"https:\/\/i0.wp.com\/www.shqiperia.com\/blog\/wp-content\/uploads\/2022\/06\/agim-cerga-.jpg?fit=696%2C433&ssl=1&resize=350%2C200","width":350,"height":200,"srcset":"https:\/\/i0.wp.com\/www.shqiperia.com\/blog\/wp-content\/uploads\/2022\/06\/agim-cerga-.jpg?fit=696%2C433&ssl=1&resize=350%2C200 1x, https:\/\/i0.wp.com\/www.shqiperia.com\/blog\/wp-content\/uploads\/2022\/06\/agim-cerga-.jpg?fit=696%2C433&ssl=1&resize=525%2C300 1.5x"},"classes":[]},{"id":24322,"url":"https:\/\/www.shqiperia.com\/blog\/per-vepren-e-akademikut-vasil-s-tole-kadare-dhe-muzika\/","url_meta":{"origin":97062,"position":4},"title":"P\u00ebr vepr\u00ebn e Akademikut Vasil S. Tole, \u201cKadare dhe Muzika\u201d.","author":"Kurt Farka","date":"August 5, 2019","format":false,"excerpt":"P\u00ebr vepr\u00ebn e Akademikut Vasil S. Tole, \u201cKadare dhe Muzika\u201d. Nga Prof. Dr. Klara Klara Kodra \u201cArti i fjal\u00ebs\u201d dhe arti i \u201cmunges\u00ebs s\u00eb fjal\u00ebve\u201d -\u201cStudimi i Vasil S.Toles \u00ebsht\u00eb nj\u00eb hap i vendosur n\u00eb k\u00ebt\u00eb drejtim q\u00eb zbulon nj\u00eb an\u00eb t\u00eb re t\u00eb nj\u00eb vepre t\u00eb gjer\u00eb dhe t\u00eb\u2026","rel":"","context":"In &quot;Blogu i Udh\u00ebtarit&quot;","block_context":{"text":"Blogu i Udh\u00ebtarit","link":"https:\/\/www.shqiperia.com\/blog\/category\/blogu-i-udhetarit\/"},"img":{"alt_text":"","src":"https:\/\/i0.wp.com\/www.shqiperia.com\/blog\/wp-content\/uploads\/2019\/08\/Vasil-Tole.jpg?fit=752%2C354&ssl=1&resize=350%2C200","width":350,"height":200,"srcset":"https:\/\/i0.wp.com\/www.shqiperia.com\/blog\/wp-content\/uploads\/2019\/08\/Vasil-Tole.jpg?fit=752%2C354&ssl=1&resize=350%2C200 1x, https:\/\/i0.wp.com\/www.shqiperia.com\/blog\/wp-content\/uploads\/2019\/08\/Vasil-Tole.jpg?fit=752%2C354&ssl=1&resize=525%2C300 1.5x, https:\/\/i0.wp.com\/www.shqiperia.com\/blog\/wp-content\/uploads\/2019\/08\/Vasil-Tole.jpg?fit=752%2C354&ssl=1&resize=700%2C400 2x"},"classes":[]},{"id":53262,"url":"https:\/\/www.shqiperia.com\/blog\/a-jane-djegur-eshtrat-e-mehmet-shehut-ja-cfare-thote-ish-kryehetuesi\/","url_meta":{"origin":97062,"position":5},"title":"A jan\u00eb djegur eshtrat e Mehmet Shehut? Ja \u00e7far\u00eb thot\u00eb ish-kryehetuesi","author":"Kurt Farka","date":"January 19, 2022","format":false,"excerpt":"A jan\u00eb djegur eshtrat e Mehmet Shehut? Ja \u00e7far\u00eb thot\u00eb ish-kryehetuesi 19 Janar2022 Kryehetuesi i viteve \u201980 Qemal Lame ka rr\u00ebfyer n\u00eb nj\u00eb lidhje n\u00eb emisionin \u201cOpinion\u201d historin\u00eb dhe disa nga pik\u00ebpyetjet q\u00eb veshin ende n\u00eb mister vdekjen e ish-kryeministrit shqiptar Mehmet Shehu. Ai hedh dyshime se eshtrat e Shehut\u2026","rel":"","context":"In &quot;Blogu i Udh\u00ebtarit&quot;","block_context":{"text":"Blogu i Udh\u00ebtarit","link":"https:\/\/www.shqiperia.com\/blog\/category\/blogu-i-udhetarit\/"},"img":{"alt_text":"","src":"https:\/\/i0.wp.com\/www.shqiperia.com\/blog\/wp-content\/uploads\/2022\/01\/Mehmet-Shehu.jpg?fit=681%2C456&ssl=1&resize=350%2C200","width":350,"height":200,"srcset":"https:\/\/i0.wp.com\/www.shqiperia.com\/blog\/wp-content\/uploads\/2022\/01\/Mehmet-Shehu.jpg?fit=681%2C456&ssl=1&resize=350%2C200 1x, https:\/\/i0.wp.com\/www.shqiperia.com\/blog\/wp-content\/uploads\/2022\/01\/Mehmet-Shehu.jpg?fit=681%2C456&ssl=1&resize=525%2C300 1.5x"},"classes":[]}],"_links":{"self":[{"href":"https:\/\/www.shqiperia.com\/blog\/wp-json\/wp\/v2\/posts\/97062","targetHints":{"allow":["GET"]}}],"collection":[{"href":"https:\/\/www.shqiperia.com\/blog\/wp-json\/wp\/v2\/posts"}],"about":[{"href":"https:\/\/www.shqiperia.com\/blog\/wp-json\/wp\/v2\/types\/post"}],"author":[{"embeddable":true,"href":"https:\/\/www.shqiperia.com\/blog\/wp-json\/wp\/v2\/users\/9"}],"replies":[{"embeddable":true,"href":"https:\/\/www.shqiperia.com\/blog\/wp-json\/wp\/v2\/comments?post=97062"}],"version-history":[{"count":1,"href":"https:\/\/www.shqiperia.com\/blog\/wp-json\/wp\/v2\/posts\/97062\/revisions"}],"predecessor-version":[{"id":97064,"href":"https:\/\/www.shqiperia.com\/blog\/wp-json\/wp\/v2\/posts\/97062\/revisions\/97064"}],"wp:featuredmedia":[{"embeddable":true,"href":"https:\/\/www.shqiperia.com\/blog\/wp-json\/wp\/v2\/media\/97063"}],"wp:attachment":[{"href":"https:\/\/www.shqiperia.com\/blog\/wp-json\/wp\/v2\/media?parent=97062"}],"wp:term":[{"taxonomy":"category","embeddable":true,"href":"https:\/\/www.shqiperia.com\/blog\/wp-json\/wp\/v2\/categories?post=97062"},{"taxonomy":"post_tag","embeddable":true,"href":"https:\/\/www.shqiperia.com\/blog\/wp-json\/wp\/v2\/tags?post=97062"}],"curies":[{"name":"wp","href":"https:\/\/api.w.org\/{rel}","templated":true}]}}