{"id":97059,"date":"2026-01-28T22:37:26","date_gmt":"2026-01-28T22:37:26","guid":{"rendered":"https:\/\/www.shqiperia.com\/blog\/?p=97059"},"modified":"2026-01-28T22:37:26","modified_gmt":"2026-01-28T22:37:26","slug":"evropa-po-hesht-perballe-shkeljes-se-drejtesise-ne-shqiperi-njelloj-si-me-putin-genc-burimi-rama-po-ben-puc-institucional","status":"publish","type":"post","link":"https:\/\/www.shqiperia.com\/blog\/evropa-po-hesht-perballe-shkeljes-se-drejtesise-ne-shqiperi-njelloj-si-me-putin-genc-burimi-rama-po-ben-puc-institucional\/","title":{"rendered":"\u201cEvropa po hesht p\u00ebrball\u00eb shkeljes s\u00eb drejt\u00ebsis\u00eb n\u00eb Shqip\u00ebri, nj\u00eblloj si me Putin\u201d.  Genc Burimi: &#8211; Rama po b\u00ebn pu\u00e7 institucional"},"content":{"rendered":"<div id=\"attachment_97060\" style=\"width: 548px\" class=\"wp-caption alignnone\"><img data-recalc-dims=\"1\" loading=\"lazy\" decoding=\"async\" aria-describedby=\"caption-attachment-97060\" data-attachment-id=\"97060\" data-permalink=\"https:\/\/www.shqiperia.com\/blog\/evropa-po-hesht-perballe-shkeljes-se-drejtesise-ne-shqiperi-njelloj-si-me-putin-genc-burimi-rama-po-ben-puc-institucional\/genc-burimi\/\" data-orig-file=\"https:\/\/i0.wp.com\/www.shqiperia.com\/blog\/wp-content\/uploads\/2026\/01\/Genc-Burimi.jpg?fit=1553%2C758&amp;ssl=1\" data-orig-size=\"1553,758\" data-comments-opened=\"1\" data-image-meta=\"{&quot;aperture&quot;:&quot;0&quot;,&quot;credit&quot;:&quot;&quot;,&quot;camera&quot;:&quot;&quot;,&quot;caption&quot;:&quot;&quot;,&quot;created_timestamp&quot;:&quot;0&quot;,&quot;copyright&quot;:&quot;&quot;,&quot;focal_length&quot;:&quot;0&quot;,&quot;iso&quot;:&quot;0&quot;,&quot;shutter_speed&quot;:&quot;0&quot;,&quot;title&quot;:&quot;&quot;,&quot;orientation&quot;:&quot;0&quot;}\" data-image-title=\"Genc Burimi\" data-image-description=\"\" data-image-caption=\"&lt;p&gt;Genc Burimi&lt;\/p&gt;\n\" data-medium-file=\"https:\/\/i0.wp.com\/www.shqiperia.com\/blog\/wp-content\/uploads\/2026\/01\/Genc-Burimi.jpg?fit=300%2C146&amp;ssl=1\" data-large-file=\"https:\/\/i0.wp.com\/www.shqiperia.com\/blog\/wp-content\/uploads\/2026\/01\/Genc-Burimi.jpg?fit=1024%2C500&amp;ssl=1\" class=\" wp-image-97060\" alt=\"\" src=\"https:\/\/i0.wp.com\/www.shqiperia.com\/blog\/wp-content\/uploads\/2026\/01\/Genc-Burimi.jpg?resize=538%2C262&#038;ssl=1\" width=\"538\" height=\"262\" srcset=\"https:\/\/i0.wp.com\/www.shqiperia.com\/blog\/wp-content\/uploads\/2026\/01\/Genc-Burimi.jpg?resize=300%2C146&amp;ssl=1 300w, https:\/\/i0.wp.com\/www.shqiperia.com\/blog\/wp-content\/uploads\/2026\/01\/Genc-Burimi.jpg?resize=1024%2C500&amp;ssl=1 1024w, https:\/\/i0.wp.com\/www.shqiperia.com\/blog\/wp-content\/uploads\/2026\/01\/Genc-Burimi.jpg?resize=768%2C375&amp;ssl=1 768w, https:\/\/i0.wp.com\/www.shqiperia.com\/blog\/wp-content\/uploads\/2026\/01\/Genc-Burimi.jpg?resize=1536%2C750&amp;ssl=1 1536w, https:\/\/i0.wp.com\/www.shqiperia.com\/blog\/wp-content\/uploads\/2026\/01\/Genc-Burimi.jpg?resize=450%2C220&amp;ssl=1 450w, https:\/\/i0.wp.com\/www.shqiperia.com\/blog\/wp-content\/uploads\/2026\/01\/Genc-Burimi.jpg?resize=600%2C293&amp;ssl=1 600w, https:\/\/i0.wp.com\/www.shqiperia.com\/blog\/wp-content\/uploads\/2026\/01\/Genc-Burimi.jpg?resize=1500%2C732&amp;ssl=1 1500w, https:\/\/i0.wp.com\/www.shqiperia.com\/blog\/wp-content\/uploads\/2026\/01\/Genc-Burimi.jpg?resize=1300%2C635&amp;ssl=1 1300w, https:\/\/i0.wp.com\/www.shqiperia.com\/blog\/wp-content\/uploads\/2026\/01\/Genc-Burimi.jpg?resize=400%2C195&amp;ssl=1 400w, https:\/\/i0.wp.com\/www.shqiperia.com\/blog\/wp-content\/uploads\/2026\/01\/Genc-Burimi.jpg?w=1553&amp;ssl=1 1553w\" sizes=\"auto, (max-width: 538px) 100vw, 538px\" \/><p id=\"caption-attachment-97060\" class=\"wp-caption-text\">Genc Burimi<\/p><\/div>\n<p>29 Janar 2026<\/p>\n<p>Analisti Genc Burimi ishte i ftuar n\u00eb emisionin \u201cTask Forc\u00eb\u201d n\u00eb SYRI TV, ku deklaroi se n\u00eb Shqip\u00ebri po ndodh nj\u00eb \u201cpu\u00e7 institucional\u201d, duke akuzuar kryeministrin Edi Rama se po injoron drejt\u00ebsin\u00eb dhe po q\u00ebndron n\u00eb pushtet n\u00eb m\u00ebnyr\u00eb t\u00eb paligjshme.<\/p>\n<p>Burimi u shpreh se nj\u00eb pu\u00e7 ndodh kur nj\u00eb grup njer\u00ebzish merr pushtetin duke shp\u00ebrfillur Kushtetut\u00ebn dhe institucionet, duke e krahasuar situat\u00ebn n\u00eb Shqip\u00ebri me grushtet e shtetit n\u00eb vende t\u00eb ndryshme gjat\u00eb Luft\u00ebs s\u00eb Ftoht\u00eb apo me rastet e fundit n\u00eb Afrik\u00eb. Sipas tij, n\u00eb Shqip\u00ebri \u201cnuk jan\u00eb ushtarak\u00eb, por bandit\u00eb\u201d q\u00eb, si\u00e7 tha ai, po injorojn\u00eb vendimet e drejt\u00ebsis\u00eb.<\/p>\n<p>Ai deklaroi se, sipas tij, ky proces ka nisur q\u00eb me \u00e7\u00ebshtjen \u201cXha\u00e7ka\u201d dhe se kryeministri ka hyr\u00eb \u201ckok\u00eb e k\u00ebmb\u00eb n\u00eb nj\u00eb pu\u00e7 institucional\u201d. Burimi b\u00ebri edhe nj\u00eb paraleliz\u00ebm me Rusin\u00eb, duke th\u00ebn\u00eb se ashtu si\u00e7 Evropa nuk reagoi n\u00eb koh\u00eb ndaj aneksimit t\u00eb Krimes\u00eb n\u00eb vitin 2014, po hesht edhe p\u00ebrball\u00eb zhvillimeve n\u00eb Shqip\u00ebri.<\/p>\n<p>Analisti krahasoi gjithashtu Ram\u00ebn me presidentin rus Vladimir Putin, duke pretenduar se t\u00eb dy kan\u00eb ardhur n\u00eb pushtet n\u00eb m\u00ebnyr\u00eb legale, por m\u00eb pas, sipas tij, e kan\u00eb mbajtur pushtetin p\u00ebrmes ndryshimeve kushtetuese dhe kontrollit t\u00eb institucioneve.<img loading=\"lazy\" decoding=\"async\" alt=\"\" src=\"https:\/\/ads.balkanweb.com\/www\/delivery\/lg.php?bannerid=0&amp;campaignid=0&amp;zoneid=629&amp;loc=https%3A%2F%2Fwww.balkanweb.com%2Fevropa-po-hesht-perballe-shkeljes-se-drejtesise-ne-shqiperi-njelloj-si-me-putin-burimi-rama-po-ben-puc-institucional%2F&amp;referer=https%3A%2F%2Fwww.balkanweb.com%2F&amp;cb=2826f0f4a7\" width=\"0\" height=\"0\" \/><\/p>\n<div class=\"trc_related_container tbl-trecs-container trc_spotlight_widget trc_elastic trc_elastic_sc-ma-balkanweb\" id=\"taboola-sponsored-mid-article\" data-placement-name=\"Sponsored Mid Article\">\n<div id=\"vtaboola-sponsored-mid-article-video\"><\/div>\n<\/div>\n<p>Sipas Burimit, Bashkimi Evropian po mban nj\u00eb q\u00ebndrim t\u00eb dyfisht\u00eb, duke reaguar ndaj situatave n\u00eb Serbi, por jo ndaj zhvillimeve n\u00eb Shqip\u00ebri, p\u00ebrfshir\u00eb, sipas tij, p\u00ebrdorimin e dhun\u00ebs nga policia n\u00eb protesta.<\/p>\n<p>Ai u b\u00ebri thirrje partive opozitare q\u00eb t\u00eb bashkohen dhe t\u00eb zhvillojn\u00eb nj\u00eb tur takimesh n\u00eb kryeqytete evropiane p\u00ebr t\u00eb sensibilizuar opinionin nd\u00ebrkomb\u00ebtar mbi situat\u00ebn n\u00eb Shqip\u00ebri.<\/p>\n<p>Burimi: Shiko, ti e nise emisionin me nj\u00eb fjal\u00eb q\u00eb s\u2019ke nevoj\u00eb ta p\u00ebrkufizosh se shp\u00ebrkufizohet vet\u00eb, q\u00eb \u00ebsht\u00eb nj\u00eb pu\u00e7 institucional. \u00c7far\u00eb \u00ebsht\u00eb pu\u00e7i? Pu\u00e7i qe nga Greqia, qe nga Spanja, qe nga Turqia, po ka k\u00ebto vende q\u00eb ndodh\u00ebn pu\u00e7e gjat\u00eb koh\u00ebs s\u00eb luft\u00ebs s\u00eb ftoht\u00eb, vitet 70-80, n\u00eb rregull? Apo pu\u00e7et aktuale q\u00eb ndodhin n\u00eb Afrik\u00eb, n\u00eb Mali, n\u00eb n\u00eb n\u00eb n\u00eb n\u00eb n\u00eb Gabon, n\u00eb Afrik\u00eb. \u00c7far\u00eb jan\u00eb pu\u00e7et? Pu\u00e7et jan\u00eb kur nj\u00eb grup njer\u00ebzish q\u00eb n\u00eb k\u00ebto vende jan\u00eb ushtarak\u00eb, n\u00eb Shqip\u00ebri jan\u00eb bandit\u00eb, marrin pushtetin dhe thon\u00eb i injorojm\u00eb vendimet e drejt\u00ebsis\u00eb. Ky \u00ebsht\u00eb pu\u00e7i.<\/p>\n<p>Pra, kur ushtaraku vjen dhe thot\u00eb, nuk njoh kushtetut\u00eb, nuk njoh asgj\u00eb tjet\u00ebr, ky \u00ebsht\u00eb ligji im. Dhe n\u00eb k\u00ebt\u00eb p\u00ebrkufizim, sot n\u00eb Shqip\u00ebri, Rama me band\u00ebn e tij po b\u00ebjn\u00eb nj\u00eb pu\u00e7, sepse e injorojn\u00eb drejt\u00ebsin\u00eb. Dhe ky pu\u00e7 filloi q\u00eb me Xha\u00e7k\u00ebn. Dhe ashtu si n\u00eb Evrop\u00eb, s\u2019e kuptuam q\u00eb Rusia ishte nj\u00eb predatore q\u00eb kur mori Krimen\u00eb n\u00eb 2014-\u00ebn, dhe e lam\u00eb t\u00eb b\u00ebnte, dhe tani themi sot, ah, ta kishim kuptuar. Q\u00eb at\u00eb moment duhet t\u00eb kuptohej, kuptohesh, q\u00eb Rama kishte hyr\u00eb kok\u00eb e k\u00ebmb\u00eb n\u00eb nj\u00eb pu\u00e7 institucional q\u00eb e injoron drejt\u00ebsin\u00eb. Kjo \u00ebsht\u00eb gj\u00ebja kryesore, nuk ka m\u00eb pik\u00eb dyshimi.<\/p>\n<p>Pra, sot Rama \u00ebsht\u00eb nj\u00eb skenar, \u00ebsht\u00eb nj\u00eb histori q\u00eb e njohim p\u00ebrmend\u00ebsh gjat\u00eb gjith\u00eb shekullit t\u00eb 20-t\u00eb. Dhe tani, Putini, Rama, vijn\u00eb n\u00eb pushtet n\u00eb m\u00ebnyr\u00eb legale, Putini q\u00eb ja la Jelcini, b\u00ebri pastaj zgjedhje dhe Rama erdhi n\u00eb pushtet, b\u00ebri at\u00eb aleanc\u00eb me Ilir Met\u00ebn 2013-\u00ebn, dhe pastaj mbahen n\u00eb pushtet n\u00eb m\u00ebnyr\u00eb ilegale. Putini ta ndryshoj\u00eb kushtetut\u00ebn, nj\u00ebher\u00eb b\u00ebhesh kryeminist\u00ebr, nj\u00ebher\u00eb president.<\/p>\n<p>Rama, kujtohem n\u00eb 2021-shin nd\u00ebrron kushtetut\u00ebn, heq aleancat q\u00eb t\u00eb mbahesh n\u00eb pushtet, dhe tani ka shkuar komplet, nuk e pyet m\u00eb fare SPAK-un. Dhe ku \u00e7on kjo? P\u00ebr mua, jam shum\u00eb dakord me ty, q\u00eb sot Evropa n\u00eb m\u00ebnyr\u00eb t\u00eb pakuptimt\u00eb, po hesht.\u00a0 Dhe t\u00eb pakuptimt\u00eb p\u00ebr dy arsye. Sepse kjo Evrop\u00eb tregon veten m\u00eb superiore ndaj Trumpit pik\u00ebrisht n\u00eb terrenin e vlerave morale. Thuhet, ata jan\u00eb, luajn\u00eb ligjin e forc\u00ebs, perandoria amerikane, ne kemi vlera. Ku i kemi ne Shqip\u00ebri vlerat? E dyta, shembulli tjet\u00ebr \u00ebsht\u00eb Serbia.<\/p>\n<p>Lexoja dhe nj\u00eb shtypin serb q\u00eb thot\u00eb, kemi dy situata. Ishin n\u00eb Shqip\u00ebri edhe n\u00eb Serbi. Njer\u00ebzit u ngrit\u00ebn, ose po ngrihen. Po. Kur ngrihen njer\u00ebzit n\u00eb Serbi, q\u00eb jan\u00eb shum\u00eb m\u00eb radikal se ajo protest\u00eb q\u00eb pam\u00eb nga ana e njer\u00ebzve, vitin e kaluar, n\u00eb Serbi i vun\u00eb flak\u00ebn. Po. edhe bashkis\u00eb edhe parlamentit. Edhe n\u00eb Serbi, Evropa nuk d\u00ebnon ata q\u00eb u ngrit\u00ebn, kujdes se kan\u00eb t\u00eb drejt\u00eb. Evropa d\u00ebnon policin\u00eb me muskuj t\u00eb policis\u00eb s\u00eb Vu\u00e7i\u00e7it.<\/p>\n<p>N\u00eb Shqip\u00ebri Evropa nuk thot\u00eb asnj\u00eb lloj fjale p\u00ebr at\u00eb veprim t\u00eb policis\u00eb t\u00eb paligjsh\u00ebm q\u00eb pam\u00eb her\u00ebn e fundit n\u00eb bulevard. Me nj\u00eb dhun\u00eb t\u00eb pakrahasueshme me at\u00eb t\u00eb Serbis\u00eb n\u00eb fakt, nga ana e qytetar\u00ebve.\u00a0 Pra sot qart\u00eb Evropa ka vendosur t\u00eb hesht\u00eb dhe Rama e kupton k\u00ebt\u00eb gj\u00eb. Rama ka krijuar tani bindjen se vlera e tij gjeopolitike \u00ebsht\u00eb m\u00eb e madhe sesa d\u00ebmi q\u00eb mund t\u00eb shkaktoj\u00eb n\u00eb terrenin e vlerave, sepse kush e njeh Shqip\u00ebrin\u00eb. Dhe prandaj un\u00eb k\u00ebtu s\u2019jam dakord fare me k\u00ebt\u00eb nism\u00ebn e forumit, t\u00eb paktit midis partive t\u00eb opozit\u00ebs dhe t\u00eb hap\u00ebsir\u00ebs.<\/p>\n<p>Sikur t\u00eb ishte nj\u00eb luft\u00eb, ka nj\u00eb luft\u00eb midis partive. N\u00ebse ka di\u00e7ka p\u00ebr t\u00eb b\u00ebr\u00eb bashk\u00ebpunim, \u00ebsht\u00eb q\u00eb t\u00eb gjitha ato parti politike, nj\u00eb nga PD-ja, nj\u00eb nga Lapaj, nj\u00eb nga\u2026 T\u00eb gjith\u00eb t\u00eb shkojn\u00eb nj\u00eb delegacion t\u00eb gjith\u00eb bashk\u00eb. Qytet m\u00eb qytet evropian, Paris, Berlin, Rom\u00eb, Madrid, deri n\u00eb Bruksel, takime me parlamentar\u00eb, takime me qytetar\u00eb, takime me shtypin.<\/p>\n<p>Q\u00eb s\u2019thuhet, ju Evrop\u00eb, ja ku jan\u00eb vlerat. A ndodh te juve kjo gj\u00eb juve? Ku kapet nj\u00eb minist\u00ebr me presh n\u00eb dor\u00eb si\u00e7 u kap n\u00eb Ukrain\u00eb, ku Ukraina b\u00ebn namin juve&#8230;<\/p>\n","protected":false},"excerpt":{"rendered":"<p>29 Janar 2026 Analisti Genc Burimi ishte i ftuar n\u00eb emisionin \u201cTask Forc\u00eb\u201d n\u00eb SYRI TV, ku deklaroi se n\u00eb Shqip\u00ebri po ndodh nj\u00eb \u201cpu\u00e7 institucional\u201d, duke akuzuar kryeministrin Edi Rama se po injoron drejt\u00ebsin\u00eb dhe po q\u00ebndron n\u00eb pushtet n\u00eb m\u00ebnyr\u00eb t\u00eb paligjshme. Burimi u shpreh se nj\u00eb pu\u00e7 ndodh kur nj\u00eb grup njer\u00ebzish [&hellip;]<\/p>\n","protected":false},"author":9,"featured_media":97060,"comment_status":"open","ping_status":"open","sticky":false,"template":"","format":"standard","meta":{"jetpack_post_was_ever_published":false,"_jetpack_newsletter_access":"","_jetpack_dont_email_post_to_subs":false,"_jetpack_newsletter_tier_id":0,"_jetpack_memberships_contains_paywalled_content":false,"_jetpack_memberships_contains_paid_content":false,"footnotes":"","jetpack_publicize_message":"","jetpack_publicize_feature_enabled":true,"jetpack_social_post_already_shared":true,"jetpack_social_options":{"image_generator_settings":{"template":"highway","default_image_id":0,"font":"","enabled":false},"version":2}},"categories":[27,2],"tags":[],"class_list":["post-97059","post","type-post","status-publish","format-standard","has-post-thumbnail","hentry","category-blogu-i-udhetarit","category-politika"],"jetpack_publicize_connections":[],"jetpack_featured_media_url":"https:\/\/i0.wp.com\/www.shqiperia.com\/blog\/wp-content\/uploads\/2026\/01\/Genc-Burimi.jpg?fit=1553%2C758&ssl=1","jetpack_sharing_enabled":true,"jetpack_shortlink":"https:\/\/wp.me\/p5Z6wp-pft","jetpack-related-posts":[{"id":97628,"url":"https:\/\/www.shqiperia.com\/blog\/mos-te-habitemi-nga-nje-puc-brenda-partise-burimi-pakenaqesite-brenda-ps-se-rriten-per-dosjen-balluku\/","url_meta":{"origin":97059,"position":0},"title":"\u201cMos t\u00eb habitemi nga nj\u00eb pu\u00e7 brenda partis\u00eb\u201d, Burimi: Pak\u00ebnaq\u00ebsit\u00eb brenda PS-s\u00eb rriten p\u00ebr dosjen Balluku","author":"Kurt Farka","date":"February 12, 2026","format":false,"excerpt":"12 Shkurt 2026 Gazetari Genc Burimi, n\u00eb nj\u00eb emision televiziv komentoi deklarat\u00ebn e kryeministrit Edi Rama, i cili e krahasoi kreun e opozit\u00ebs Sali Berisha me ish-diktatorin e Zimbabves\u00eb Robert Mugabe. Burimi argumentoi se ky krahasim mund t\u2019i p\u00ebrshtatet m\u00eb shum\u00eb vet\u00eb Ram\u00ebs. Sipas tij, etiketimi i Berish\u00ebs si \u201cMugabe\u2026","rel":"","context":"In &quot;Blogu i Udh\u00ebtarit&quot;","block_context":{"text":"Blogu i Udh\u00ebtarit","link":"https:\/\/www.shqiperia.com\/blog\/category\/blogu-i-udhetarit\/"},"img":{"alt_text":"","src":"https:\/\/i0.wp.com\/www.shqiperia.com\/blog\/wp-content\/uploads\/2026\/02\/Genc-Burimi.jpg?fit=750%2C466&ssl=1&resize=350%2C200","width":350,"height":200,"srcset":"https:\/\/i0.wp.com\/www.shqiperia.com\/blog\/wp-content\/uploads\/2026\/02\/Genc-Burimi.jpg?fit=750%2C466&ssl=1&resize=350%2C200 1x, https:\/\/i0.wp.com\/www.shqiperia.com\/blog\/wp-content\/uploads\/2026\/02\/Genc-Burimi.jpg?fit=750%2C466&ssl=1&resize=525%2C300 1.5x, https:\/\/i0.wp.com\/www.shqiperia.com\/blog\/wp-content\/uploads\/2026\/02\/Genc-Burimi.jpg?fit=750%2C466&ssl=1&resize=700%2C400 2x"},"classes":[]},{"id":71362,"url":"https:\/\/www.shqiperia.com\/blog\/analisti-burimi-vendi-po-rreshqet-ne-diktature-rama-vepron-si-erdogani\/","url_meta":{"origin":97059,"position":1},"title":"Analisti Burimi: &#8211; Vendi po rr\u00ebshqet n\u00eb diktatur\u00eb, Rama vepron si Erdogani","author":"Kurt Farka","date":"May 12, 2023","format":false,"excerpt":"12 Maji 2023 Analisti i njohur Genc Burimi, e ka cil\u00ebsuar akt t\u00eb r\u00ebnd\u00eb arrestimin dy dit\u00eb para zgjedhjeve t\u00eb kandidatit t\u00eb koalicionit \u201cBashk\u00eb Fitojm\u00eb\u201d p\u00ebr Himar\u00ebn, Fredi Beleri. N\u00eb nj\u00eb intervist\u00eb p\u00ebr rubrik\u00ebn \u201cOpinion\u201d n\u00eb News24, ai u shpreh se ky \u00ebsht\u00eb nj\u00eb mesazh q\u00eb Edi Rama k\u00ebrkon t\u2019u\u2026","rel":"","context":"In &quot;Blogu i Udh\u00ebtarit&quot;","block_context":{"text":"Blogu i Udh\u00ebtarit","link":"https:\/\/www.shqiperia.com\/blog\/category\/blogu-i-udhetarit\/"},"img":{"alt_text":"","src":"https:\/\/i0.wp.com\/www.shqiperia.com\/blog\/wp-content\/uploads\/2023\/05\/genc-burimi-1-596x450-1.jpg?fit=596%2C450&ssl=1&resize=350%2C200","width":350,"height":200,"srcset":"https:\/\/i0.wp.com\/www.shqiperia.com\/blog\/wp-content\/uploads\/2023\/05\/genc-burimi-1-596x450-1.jpg?fit=596%2C450&ssl=1&resize=350%2C200 1x, https:\/\/i0.wp.com\/www.shqiperia.com\/blog\/wp-content\/uploads\/2023\/05\/genc-burimi-1-596x450-1.jpg?fit=596%2C450&ssl=1&resize=525%2C300 1.5x"},"classes":[]},{"id":89453,"url":"https:\/\/www.shqiperia.com\/blog\/minjte-po-lene-anijenburimi-per-arrestimin-e-veliajt-dhe-krizen-e-rames-kryeministri-i-kapur-ne-cark-po-mundohet\/","url_meta":{"origin":97059,"position":2},"title":"\u201cMinjt\u00eb po l\u00ebn\u00eb anijen\u201d,Burimi p\u00ebr arrestimin e Veliajt dhe kriz\u00ebn e Ram\u00ebs: &#8211; Kryeministri i kapur n\u00eb \u00e7ark, po mundohet..","author":"Kurt Farka","date":"February 13, 2025","format":false,"excerpt":"13 Shkurt 2025 Gazetari Genc Burimi, n\u00eb intervist\u00ebn e tij n\u00eb nj\u00eb studio televizive, tha se me ngjarjet e ndodhura s\u00eb fundmi, kan\u00eb v\u00ebn\u00eb n\u00eb v\u00ebshtir\u00ebsi Ram\u00ebn. Sipas tij, Rama sot \u00ebsht\u00eb i kapur n\u00eb \u00e7ark nga drejt\u00ebsia, nd\u00ebrsa e cil\u00ebson arrestimin e kryebashkiakut Veliaj nj\u00eb fund pa nder dhe\u2026","rel":"","context":"In &quot;Blogu i Udh\u00ebtarit&quot;","block_context":{"text":"Blogu i Udh\u00ebtarit","link":"https:\/\/www.shqiperia.com\/blog\/category\/blogu-i-udhetarit\/"},"img":{"alt_text":"","src":"https:\/\/i0.wp.com\/www.shqiperia.com\/blog\/wp-content\/uploads\/2025\/02\/rama-1.jpg?fit=1200%2C720&ssl=1&resize=350%2C200","width":350,"height":200,"srcset":"https:\/\/i0.wp.com\/www.shqiperia.com\/blog\/wp-content\/uploads\/2025\/02\/rama-1.jpg?fit=1200%2C720&ssl=1&resize=350%2C200 1x, https:\/\/i0.wp.com\/www.shqiperia.com\/blog\/wp-content\/uploads\/2025\/02\/rama-1.jpg?fit=1200%2C720&ssl=1&resize=525%2C300 1.5x, https:\/\/i0.wp.com\/www.shqiperia.com\/blog\/wp-content\/uploads\/2025\/02\/rama-1.jpg?fit=1200%2C720&ssl=1&resize=700%2C400 2x, https:\/\/i0.wp.com\/www.shqiperia.com\/blog\/wp-content\/uploads\/2025\/02\/rama-1.jpg?fit=1200%2C720&ssl=1&resize=1050%2C600 3x"},"classes":[]},{"id":54363,"url":"https:\/\/www.shqiperia.com\/blog\/hetimet-per-aferen-e-inceneratoreve-genc-burimi-nxjerr-prapaskenat-dhe-paralajmeron-termet-ne-politiken-shqiptare\/","url_meta":{"origin":97059,"position":3},"title":"Hetimet p\u00ebr afer\u00ebn e incenerator\u00ebve. &#8211; Genc Burimi nxjerr prapaskenat dhe paralajm\u00ebron \u2018t\u00ebrmet\u2019 n\u00eb politik\u00ebn shqiptare","author":"Kurt Farka","date":"February 23, 2022","format":false,"excerpt":"Hetimet p\u00ebr afer\u00ebn e incenerator\u00ebve. - Genc Burimi nxjerr prapaskenat dhe paralajm\u00ebron \u2018t\u00ebrmet\u2019 n\u00eb politik\u00ebn shqiptare 23 SHKURT 2022 Analisti Genc Burimi ka komentuar sot Komisionin Hetimor p\u00ebr afer\u00ebn e incenerator\u00ebve dhe zyrtar\u00ebt e lart\u00eb q\u00eb jan\u00eb thirrur t\u00eb d\u00ebshmojn\u00eb n\u00eb k\u00ebt\u00eb komision, mes tyre Arben Ahmeta, Engj\u00ebll Aga\u00e7i, Damina\u2026","rel":"","context":"In &quot;Blogu i Udh\u00ebtarit&quot;","block_context":{"text":"Blogu i Udh\u00ebtarit","link":"https:\/\/www.shqiperia.com\/blog\/category\/blogu-i-udhetarit\/"},"img":{"alt_text":"","src":"https:\/\/i0.wp.com\/www.shqiperia.com\/blog\/wp-content\/uploads\/2022\/02\/1603280018_auto80005f7d56a3c3d171602050014.jpg?fit=780%2C440&ssl=1&resize=350%2C200","width":350,"height":200,"srcset":"https:\/\/i0.wp.com\/www.shqiperia.com\/blog\/wp-content\/uploads\/2022\/02\/1603280018_auto80005f7d56a3c3d171602050014.jpg?fit=780%2C440&ssl=1&resize=350%2C200 1x, https:\/\/i0.wp.com\/www.shqiperia.com\/blog\/wp-content\/uploads\/2022\/02\/1603280018_auto80005f7d56a3c3d171602050014.jpg?fit=780%2C440&ssl=1&resize=525%2C300 1.5x, https:\/\/i0.wp.com\/www.shqiperia.com\/blog\/wp-content\/uploads\/2022\/02\/1603280018_auto80005f7d56a3c3d171602050014.jpg?fit=780%2C440&ssl=1&resize=700%2C400 2x"},"classes":[]},{"id":85039,"url":"https:\/\/www.shqiperia.com\/blog\/dezinformimi-brace-reagon-ashper-ndaj-mediave-serbe-po-perhapin-lajme-te-rreme-implikojne-shqiperine-e-kosoven\/","url_meta":{"origin":97059,"position":4},"title":"Dezinformimi\/ Bra\u00e7e reagon ashp\u00ebr ndaj mediave serbe: &#8211; Po p\u00ebrhapin lajme t\u00eb rreme, implikojn\u00eb Shqip\u00ebrin\u00eb e Kosov\u00ebn","author":"Kurt Farka","date":"September 26, 2024","format":false,"excerpt":"26 Shtator 2024 Deputeti i Partis\u00eb Socialiste, Erion Bra\u00e7e ka th\u00ebn\u00eb gjat\u00eb mbledhjes s\u00eb Komisionit t\u00eb Dezinformimit se gjat\u00eb gushtit dhe korrikut ka pasur nd\u00ebrhyrjre nga mediat serbe p\u00ebr t\u00eb p\u00ebrhapur lajme t\u00eb rreme. Rasti i par\u00eb ka t\u00eb b\u00ebj\u00eb me shpalljen e mund\u00ebsis\u00eb s\u00eb pushtimit t\u00eb Kosov\u00ebs nga Serbia,\u2026","rel":"","context":"In &quot;Blogu i Udh\u00ebtarit&quot;","block_context":{"text":"Blogu i Udh\u00ebtarit","link":"https:\/\/www.shqiperia.com\/blog\/category\/blogu-i-udhetarit\/"},"img":{"alt_text":"","src":"https:\/\/i0.wp.com\/www.shqiperia.com\/blog\/wp-content\/uploads\/2024\/09\/erion-brace.jpg?fit=1200%2C750&ssl=1&resize=350%2C200","width":350,"height":200,"srcset":"https:\/\/i0.wp.com\/www.shqiperia.com\/blog\/wp-content\/uploads\/2024\/09\/erion-brace.jpg?fit=1200%2C750&ssl=1&resize=350%2C200 1x, https:\/\/i0.wp.com\/www.shqiperia.com\/blog\/wp-content\/uploads\/2024\/09\/erion-brace.jpg?fit=1200%2C750&ssl=1&resize=525%2C300 1.5x, https:\/\/i0.wp.com\/www.shqiperia.com\/blog\/wp-content\/uploads\/2024\/09\/erion-brace.jpg?fit=1200%2C750&ssl=1&resize=700%2C400 2x, https:\/\/i0.wp.com\/www.shqiperia.com\/blog\/wp-content\/uploads\/2024\/09\/erion-brace.jpg?fit=1200%2C750&ssl=1&resize=1050%2C600 3x"},"classes":[]},{"id":97349,"url":"https:\/\/www.shqiperia.com\/blog\/shehaj-kryeministri-sulmon-drejtesine-teksa-pritet-vendimi-i-gjk-per-ballukun\/","url_meta":{"origin":97059,"position":5},"title":"Shehaj: &#8211; Kryeministri sulmon drejt\u00ebsin\u00eb, teksa pritet vendimi i GJK p\u00ebr Ballukun","author":"Kurt Farka","date":"February 4, 2026","format":false,"excerpt":"4 Shkurt 2026 Agron Shehaj, ka d\u00ebnuar publikisht ato q\u00eb i ka cil\u00ebsuar si sulme t\u00eb kryeministrit Edi Rama ndaj sistemit t\u00eb drejt\u00ebsis\u00eb dhe SPAK, gjat\u00eb nj\u00eb konference p\u00ebr mediat t\u00eb mbajtur nga Kryesia e Kuvendit. Shehaj deklaroi se prokuror\u00eb dhe gjyqtar\u00eb jan\u00eb duke u p\u00ebrballur me k\u00ebrc\u00ebnime serioze, p\u00ebrfshir\u00eb\u2026","rel":"","context":"In &quot;Blogu i Udh\u00ebtarit&quot;","block_context":{"text":"Blogu i Udh\u00ebtarit","link":"https:\/\/www.shqiperia.com\/blog\/category\/blogu-i-udhetarit\/"},"img":{"alt_text":"","src":"https:\/\/i0.wp.com\/www.shqiperia.com\/blog\/wp-content\/uploads\/2026\/02\/0.jpg?fit=493%2C263&ssl=1&resize=350%2C200","width":350,"height":200},"classes":[]}],"_links":{"self":[{"href":"https:\/\/www.shqiperia.com\/blog\/wp-json\/wp\/v2\/posts\/97059","targetHints":{"allow":["GET"]}}],"collection":[{"href":"https:\/\/www.shqiperia.com\/blog\/wp-json\/wp\/v2\/posts"}],"about":[{"href":"https:\/\/www.shqiperia.com\/blog\/wp-json\/wp\/v2\/types\/post"}],"author":[{"embeddable":true,"href":"https:\/\/www.shqiperia.com\/blog\/wp-json\/wp\/v2\/users\/9"}],"replies":[{"embeddable":true,"href":"https:\/\/www.shqiperia.com\/blog\/wp-json\/wp\/v2\/comments?post=97059"}],"version-history":[{"count":1,"href":"https:\/\/www.shqiperia.com\/blog\/wp-json\/wp\/v2\/posts\/97059\/revisions"}],"predecessor-version":[{"id":97061,"href":"https:\/\/www.shqiperia.com\/blog\/wp-json\/wp\/v2\/posts\/97059\/revisions\/97061"}],"wp:featuredmedia":[{"embeddable":true,"href":"https:\/\/www.shqiperia.com\/blog\/wp-json\/wp\/v2\/media\/97060"}],"wp:attachment":[{"href":"https:\/\/www.shqiperia.com\/blog\/wp-json\/wp\/v2\/media?parent=97059"}],"wp:term":[{"taxonomy":"category","embeddable":true,"href":"https:\/\/www.shqiperia.com\/blog\/wp-json\/wp\/v2\/categories?post=97059"},{"taxonomy":"post_tag","embeddable":true,"href":"https:\/\/www.shqiperia.com\/blog\/wp-json\/wp\/v2\/tags?post=97059"}],"curies":[{"name":"wp","href":"https:\/\/api.w.org\/{rel}","templated":true}]}}