{"id":97056,"date":"2026-01-28T22:28:35","date_gmt":"2026-01-28T22:28:35","guid":{"rendered":"https:\/\/www.shqiperia.com\/blog\/?p=97056"},"modified":"2026-01-28T22:28:35","modified_gmt":"2026-01-28T22:28:35","slug":"mesazh-i-forte-nga-shba-vetem-deputete-te-paster-ne-tryezen-e-ambasades","status":"publish","type":"post","link":"https:\/\/www.shqiperia.com\/blog\/mesazh-i-forte-nga-shba-vetem-deputete-te-paster-ne-tryezen-e-ambasades\/","title":{"rendered":"Mesazh i fort\u00eb nga SHBA: &#8211; Vet\u00ebm deputet\u00eb \u201ct\u00eb past\u00ebr\u201d n\u00eb tryez\u00ebn e ambasad\u00ebs"},"content":{"rendered":"<p><img data-recalc-dims=\"1\" loading=\"lazy\" decoding=\"async\" data-attachment-id=\"97057\" data-permalink=\"https:\/\/www.shqiperia.com\/blog\/mesazh-i-forte-nga-shba-vetem-deputete-te-paster-ne-tryezen-e-ambasades\/ga1-43\/\" data-orig-file=\"https:\/\/i0.wp.com\/www.shqiperia.com\/blog\/wp-content\/uploads\/2026\/01\/ga1-43.jpg?fit=600%2C315&amp;ssl=1\" data-orig-size=\"600,315\" data-comments-opened=\"1\" data-image-meta=\"{&quot;aperture&quot;:&quot;0&quot;,&quot;credit&quot;:&quot;&quot;,&quot;camera&quot;:&quot;&quot;,&quot;caption&quot;:&quot;&quot;,&quot;created_timestamp&quot;:&quot;0&quot;,&quot;copyright&quot;:&quot;&quot;,&quot;focal_length&quot;:&quot;0&quot;,&quot;iso&quot;:&quot;0&quot;,&quot;shutter_speed&quot;:&quot;0&quot;,&quot;title&quot;:&quot;&quot;,&quot;orientation&quot;:&quot;1&quot;}\" data-image-title=\"ga1-43\" data-image-description=\"\" data-image-caption=\"\" data-medium-file=\"https:\/\/i0.wp.com\/www.shqiperia.com\/blog\/wp-content\/uploads\/2026\/01\/ga1-43.jpg?fit=300%2C158&amp;ssl=1\" data-large-file=\"https:\/\/i0.wp.com\/www.shqiperia.com\/blog\/wp-content\/uploads\/2026\/01\/ga1-43.jpg?fit=600%2C315&amp;ssl=1\" class=\"alignnone  wp-image-97057\" alt=\"\" src=\"https:\/\/i0.wp.com\/www.shqiperia.com\/blog\/wp-content\/uploads\/2026\/01\/ga1-43.jpg?resize=674%2C355&#038;ssl=1\" width=\"674\" height=\"355\" srcset=\"https:\/\/i0.wp.com\/www.shqiperia.com\/blog\/wp-content\/uploads\/2026\/01\/ga1-43.jpg?resize=300%2C158&amp;ssl=1 300w, https:\/\/i0.wp.com\/www.shqiperia.com\/blog\/wp-content\/uploads\/2026\/01\/ga1-43.jpg?resize=450%2C236&amp;ssl=1 450w, https:\/\/i0.wp.com\/www.shqiperia.com\/blog\/wp-content\/uploads\/2026\/01\/ga1-43.jpg?resize=400%2C210&amp;ssl=1 400w, https:\/\/i0.wp.com\/www.shqiperia.com\/blog\/wp-content\/uploads\/2026\/01\/ga1-43.jpg?w=600&amp;ssl=1 600w\" sizes=\"auto, (max-width: 674px) 100vw, 674px\" \/><\/p>\n<p>29 Janar 2026<\/p>\n<p>Ambasada e Shteteve t\u00eb Bashkuara t\u00eb Amerik\u00ebs ka d\u00ebrguar s\u00ebrish nj\u00eb sinjal t\u00eb fort\u00eb ndaj klas\u00ebs politike shqiptare, duke treguar kujdes t\u00eb shtuar n\u00eb raportet me deputet\u00ebt e rinj t\u00eb dal\u00eb nga zgjedhjet parlamentare t\u00eb vitit 2025.<\/p>\n<p>Ndryshe nga proceset zgjedhore t\u00eb m\u00ebparshme, k\u00ebt\u00eb her\u00eb SHBA q\u00ebndroi larg hartimit t\u00eb listave t\u00eb kandidat\u00ebve, \u00e7ka i hapi rrug\u00eb forcave politike kryesore q\u00eb t\u00eb p\u00ebrfshinin n\u00eb Parlament edhe figura t\u00eb kontestuara. Megjithat\u00eb, n\u00eb komunikimin e drejtp\u00ebrdrejt\u00eb me deputet\u00ebt, ambasada duket se ka vendosur nj\u00eb filt\u00ebr t\u00eb qart\u00eb.<\/p>\n<p>Sot, e Ngarkuara me Pun\u00eb e SHBA, Nancy VanHorn, zhvilloi nj\u00eb takim me nj\u00eb grup prej rreth 10\u201312 deputet\u00ebsh q\u00eb jan\u00eb ulur p\u00ebr her\u00eb t\u00eb par\u00eb n\u00eb Parlament, nga radh\u00ebt e Partis\u00eb Socialiste dhe Partis\u00eb Demokratike. Mes emrave t\u00eb pranish\u00ebm p\u00ebrmenden Ivi Kaso, Besart Xhaferi, Bledi Him\u00e7i, Marjana Ko\u00e7eku, Alma Selmani dhe Erjona Ismaili.<\/p>\n<p>N\u00eb njoftimin zyrtar, ambasada b\u00ebri t\u00eb ditur se deputet\u00ebt do t\u00eb jen\u00eb pjes\u00eb e Programit Nd\u00ebrkomb\u00ebtar t\u00eb Vizitor\u00ebve Udh\u00ebheq\u00ebs (IVLP), n\u00eb kuad\u00ebr t\u00eb t\u00eb cilit do t\u00eb udh\u00ebtojn\u00eb n\u00eb Uashington DC, Phoenix dhe Pensacola, p\u00ebr t\u00eb forcuar bashk\u00ebpunimin SHBA\u2013Shqip\u00ebri n\u00eb fusha si zhvillimi ekonomik transparent, lidhjet tregtare dhe mbrojtja e infrastruktur\u00ebs kritike.<\/p>\n<p>Por ajo q\u00eb bie n\u00eb sy \u00ebsht\u00eb lista e deputet\u00ebve t\u00eb rinj q\u00eb nuk u p\u00ebrfshin\u00eb n\u00eb k\u00ebt\u00eb takim. Nga radh\u00ebt e PS-s\u00eb mungojn\u00eb emra si Sara Mila dhe Zegjine \u00c7aushi, t\u00eb cilat kan\u00eb qen\u00eb objekt akuzash dhe polemikash publike. Po ashtu, jasht\u00eb kan\u00eb mbetur edhe figura t\u00eb tjera t\u00eb kontestuara si T\u00ebrmet Pe\u00e7i dhe Agron Malaj, t\u00eb p\u00ebrfolur p\u00ebr skandale dhe afera t\u00eb ndryshme.<\/p>\n<p>Nga Partia Demokratike, nd\u00ebr emrat e l\u00ebn\u00eb jasht\u00eb \u00ebsht\u00eb Gjin Gjoni, ish-gjyqtar i shpallur m\u00eb her\u00ebt \u201cnon grata\u201d nga SHBA dhe i njohur p\u00ebr p\u00ebrplasjet me institucionet amerikane, si dhe Kliti Hoti, i akuzuar publikisht p\u00ebr afera n\u00eb sektorin e ila\u00e7eve. Po ashtu, n\u00eb list\u00eb mungon edhe Zija Ismaili, mjeku i p\u00ebrfshir\u00eb n\u00eb \u00e7\u00ebshtjen e shum\u00ebp\u00ebrfolur t\u00eb Kosta Trebick\u00ebs.<\/p>\n<p>Sipas v\u00ebzhguesve, p\u00ebrzgjedhja e ambasad\u00ebs tregon nj\u00eb qasje t\u00eb kujdesshme, duke preferuar t\u00eb angazhohet vet\u00ebm me deputet\u00eb q\u00eb nuk rezultojn\u00eb t\u00eb p\u00ebrfolur p\u00ebr skandale apo probleme me ligjin, nj\u00eb mesazh i qart\u00eb p\u00ebr standardet q\u00eb SHBA k\u00ebrkon n\u00eb bashk\u00ebpunimin me politik\u00ebn shqiptare.<\/p>\n","protected":false},"excerpt":{"rendered":"<p>29 Janar 2026 Ambasada e Shteteve t\u00eb Bashkuara t\u00eb Amerik\u00ebs ka d\u00ebrguar s\u00ebrish nj\u00eb sinjal t\u00eb fort\u00eb ndaj klas\u00ebs politike shqiptare, duke treguar kujdes t\u00eb shtuar n\u00eb raportet me deputet\u00ebt e rinj t\u00eb dal\u00eb nga zgjedhjet parlamentare t\u00eb vitit 2025. Ndryshe nga proceset zgjedhore t\u00eb m\u00ebparshme, k\u00ebt\u00eb her\u00eb SHBA q\u00ebndroi larg hartimit t\u00eb listave t\u00eb [&hellip;]<\/p>\n","protected":false},"author":9,"featured_media":97057,"comment_status":"open","ping_status":"open","sticky":false,"template":"","format":"standard","meta":{"jetpack_post_was_ever_published":false,"_jetpack_newsletter_access":"","_jetpack_dont_email_post_to_subs":false,"_jetpack_newsletter_tier_id":0,"_jetpack_memberships_contains_paywalled_content":false,"_jetpack_memberships_contains_paid_content":false,"footnotes":"","jetpack_publicize_message":"","jetpack_publicize_feature_enabled":true,"jetpack_social_post_already_shared":true,"jetpack_social_options":{"image_generator_settings":{"template":"highway","default_image_id":0,"font":"","enabled":false},"version":2}},"categories":[27,1,2],"tags":[],"class_list":["post-97056","post","type-post","status-publish","format-standard","has-post-thumbnail","hentry","category-blogu-i-udhetarit","category-njoftime-shtypi","category-politika"],"jetpack_publicize_connections":[],"jetpack_featured_media_url":"https:\/\/i0.wp.com\/www.shqiperia.com\/blog\/wp-content\/uploads\/2026\/01\/ga1-43.jpg?fit=600%2C315&ssl=1","jetpack_sharing_enabled":true,"jetpack_shortlink":"https:\/\/wp.me\/p5Z6wp-pfq","jetpack-related-posts":[{"id":79177,"url":"https:\/\/www.shqiperia.com\/blog\/marreveshja-mes-ps-dhe-rithemelimit-per-rikthimin-e-parlamentit-ne-normalitet-reagon-menjehere-ambasada-e-shba-se\/","url_meta":{"origin":97056,"position":0},"title":"Marr\u00ebveshja mes PS dhe &#8216;Rithemelimit&#8217; p\u00ebr rikthimin e Parlamentit n\u00eb normalitet, reagon menj\u00ebher\u00eb ambasada e SHBA-s\u00eb","author":"Kurt Farka","date":"March 12, 2024","format":false,"excerpt":"12 Mars 2024 Ambasada Amerikane n\u00eb Tiran\u00eb ka p\u00ebrsh\u00ebndetur \u201czbutjen\u201d e klim\u00ebs s\u00eb tensionuar dhe pajtimin e pal\u00ebve politike, p\u00ebr rikthimin e Parlamentit n\u00eb normalitet t\u00eb plot\u00eb. Me nj\u00eb sh\u00ebnim n\u00eb faqen zyrtare \u201cFacebook\u201d, ambasada shkruan se institucionet funksionale jan\u00eb thelb\u00ebsore p\u00ebr \u00e7do demokraci t\u00eb sh\u00ebndetshme. Ajo shton se deputet\u00ebt\u2026","rel":"","context":"In &quot;Blogu i Udh\u00ebtarit&quot;","block_context":{"text":"Blogu i Udh\u00ebtarit","link":"https:\/\/www.shqiperia.com\/blog\/category\/blogu-i-udhetarit\/"},"img":{"alt_text":"","src":"https:\/\/i0.wp.com\/www.shqiperia.com\/blog\/wp-content\/uploads\/2024\/03\/640-0-65f0888371570.jpg?fit=640%2C400&ssl=1&resize=350%2C200","width":350,"height":200,"srcset":"https:\/\/i0.wp.com\/www.shqiperia.com\/blog\/wp-content\/uploads\/2024\/03\/640-0-65f0888371570.jpg?fit=640%2C400&ssl=1&resize=350%2C200 1x, https:\/\/i0.wp.com\/www.shqiperia.com\/blog\/wp-content\/uploads\/2024\/03\/640-0-65f0888371570.jpg?fit=640%2C400&ssl=1&resize=525%2C300 1.5x"},"classes":[]},{"id":36277,"url":"https:\/\/www.shqiperia.com\/blog\/shba-paralajmeron-ndeshkimin-per-prishesit-e-marreveshjes-se-5-qershorit\/","url_meta":{"origin":97056,"position":1},"title":"SHBA paralajm\u00ebron nd\u00ebshkimin p\u00ebr prish\u00ebsit e marr\u00ebveshjes s\u00eb 5 qershorit","author":"Kurt Farka","date":"July 13, 2020","format":false,"excerpt":"SHBA paralajm\u00ebron nd\u00ebshkimin p\u00ebr prish\u00ebsit e marr\u00ebveshjes s\u00eb 5 qershorit 13 Korrik, 2020 Nga\u00a0 Gazeta Telegraf\u00a0 Pas deklarat\u00ebs s\u00eb fort\u00eb t\u00eb ambasadores smerikane dy dit\u00eb m\u00eb par\u00eb, nj\u00eb tjet\u00ebr reagim ka ardh nga ambasada e SHBA-s\u00eb dhe Sekretar i shtetir Pompeo. Ambasada amerikane rip\u00ebrs\u00ebrit mb\u00ebshtetjen pa ndryshime t\u00eb marr\u00ebveshjes s\u00eb\u2026","rel":"","context":"In &quot;Blogu i Udh\u00ebtarit&quot;","block_context":{"text":"Blogu i Udh\u00ebtarit","link":"https:\/\/www.shqiperia.com\/blog\/category\/blogu-i-udhetarit\/"},"img":{"alt_text":"","src":"https:\/\/i0.wp.com\/www.shqiperia.com\/blog\/wp-content\/uploads\/2020\/07\/111111.jpg?fit=896%2C529&ssl=1&resize=350%2C200","width":350,"height":200,"srcset":"https:\/\/i0.wp.com\/www.shqiperia.com\/blog\/wp-content\/uploads\/2020\/07\/111111.jpg?fit=896%2C529&ssl=1&resize=350%2C200 1x, https:\/\/i0.wp.com\/www.shqiperia.com\/blog\/wp-content\/uploads\/2020\/07\/111111.jpg?fit=896%2C529&ssl=1&resize=525%2C300 1.5x, https:\/\/i0.wp.com\/www.shqiperia.com\/blog\/wp-content\/uploads\/2020\/07\/111111.jpg?fit=896%2C529&ssl=1&resize=700%2C400 2x"},"classes":[]},{"id":26251,"url":"https:\/\/www.shqiperia.com\/blog\/ambasada-e-shba-basha-po-deshmon-udheheqesi-te-vertete-per-shqiperine\/","url_meta":{"origin":97056,"position":2},"title":"Ambasada e SHBA: Basha po d\u00ebshmon udh\u00ebheq\u00ebsi t\u00eb v\u00ebrtet\u00eb p\u00ebr Shqip\u00ebrin\u00eb.-","author":"Kurt Farka","date":"September 25, 2019","format":false,"excerpt":"Ambasada e SHBA: Basha po d\u00ebshmon udh\u00ebheq\u00ebsi t\u00eb v\u00ebrtet\u00eb p\u00ebr Shqip\u00ebrin\u00eb.- 25\/09\/2019 Shtetet e Bashkuara me ane te nje deklarate ne faqen zyrtare te Ambasades ne Tirane kane vleresuar perpjekjet e medha te kreut te opozites ne Shqiperi, Lulzim Basha, per forcimin e institucioneve ne Shqiperi. 'P\u00ebrpjekjet e tij demonstrojn\u00eb\u2026","rel":"","context":"In &quot;Blogu i Udh\u00ebtarit&quot;","block_context":{"text":"Blogu i Udh\u00ebtarit","link":"https:\/\/www.shqiperia.com\/blog\/category\/blogu-i-udhetarit\/"},"img":{"alt_text":"","src":"https:\/\/i0.wp.com\/www.shqiperia.com\/blog\/wp-content\/uploads\/2019\/09\/auto_ok1569400029.jpg?fit=886%2C438&ssl=1&resize=350%2C200","width":350,"height":200,"srcset":"https:\/\/i0.wp.com\/www.shqiperia.com\/blog\/wp-content\/uploads\/2019\/09\/auto_ok1569400029.jpg?fit=886%2C438&ssl=1&resize=350%2C200 1x, https:\/\/i0.wp.com\/www.shqiperia.com\/blog\/wp-content\/uploads\/2019\/09\/auto_ok1569400029.jpg?fit=886%2C438&ssl=1&resize=525%2C300 1.5x, https:\/\/i0.wp.com\/www.shqiperia.com\/blog\/wp-content\/uploads\/2019\/09\/auto_ok1569400029.jpg?fit=886%2C438&ssl=1&resize=700%2C400 2x"},"classes":[]},{"id":81851,"url":"https:\/\/www.shqiperia.com\/blog\/emri-i-partise-se-re-basha-prezanton-ndryshimet-ne-logon-e-pd-se-demokratet-euroatlantike\/","url_meta":{"origin":97056,"position":3},"title":"Emri i partis\u00eb s\u00eb re? Basha prezanton ndryshimet n\u00eb logon e PD-s\u00eb: Demokrat\u00ebt Euroatlantike","author":"Kurt Farka","date":"June 15, 2024","format":false,"excerpt":"15 Qershor 2024 Pas p\u00ebrfundimit t\u00eb mbledhjes me Kryesin\u00eb dhe Kolegjin e Kryetar\u00ebve, n\u00eb t\u00eb cil\u00ebn u vendos p\u00ebr rekurs t\u00eb vendimit t\u00eb Gjykat\u00ebs t\u00eb Apelit n\u00eb Gjykat\u00ebn e Lart\u00eb, Lulzim Basha ka prezantuar shtes\u00ebn q\u00eb i \u00ebsht\u00eb b\u00ebr\u00eb logos s\u00eb Partis\u00eb Demokratike. Bashk\u00eb me sloganin \u201cShqip\u00ebria meriton m\u00eb shum\u00eb\u201d,\u2026","rel":"","context":"In &quot;Blogu i Udh\u00ebtarit&quot;","block_context":{"text":"Blogu i Udh\u00ebtarit","link":"https:\/\/www.shqiperia.com\/blog\/category\/blogu-i-udhetarit\/"},"img":{"alt_text":"","src":"https:\/\/i0.wp.com\/www.shqiperia.com\/blog\/wp-content\/uploads\/2024\/06\/1578506360_BASHA1.jpg?fit=780%2C440&ssl=1&resize=350%2C200","width":350,"height":200,"srcset":"https:\/\/i0.wp.com\/www.shqiperia.com\/blog\/wp-content\/uploads\/2024\/06\/1578506360_BASHA1.jpg?fit=780%2C440&ssl=1&resize=350%2C200 1x, https:\/\/i0.wp.com\/www.shqiperia.com\/blog\/wp-content\/uploads\/2024\/06\/1578506360_BASHA1.jpg?fit=780%2C440&ssl=1&resize=525%2C300 1.5x, https:\/\/i0.wp.com\/www.shqiperia.com\/blog\/wp-content\/uploads\/2024\/06\/1578506360_BASHA1.jpg?fit=780%2C440&ssl=1&resize=700%2C400 2x"},"classes":[]},{"id":36621,"url":"https:\/\/www.shqiperia.com\/blog\/ambasada-e-shba-zbardh-takimet-e-yuri-kim-me-ramen-bashen-dhe-meten-tre-porosite\/","url_meta":{"origin":97056,"position":4},"title":"Ambasada e SHBA zbardh takimet e Yuri Kim me Ram\u00ebn, Bash\u00ebn dhe Met\u00ebn: Tre porosit\u00eb","author":"Kurt Farka","date":"July 29, 2020","format":false,"excerpt":"Ambasada e SHBA zbardh takimet e Yuri Kim me Ram\u00ebn, Bash\u00ebn dhe Met\u00ebn: Tre porosit\u00eb - 29\/07\/20 \u201c \u2026 ata t\u00eb cil\u00ebt \u201cdogj\u00ebn mandatet e tyre\u201d, bazuar n\u00eb p\u00ebrkufizimin e k\u00ebsaj, kan\u00eb djegur pretendimet q\u00eb mund t\u00eb kishin p\u00ebr kompetenca dhe p\u00ebrgjegj\u00ebsi n\u00eb Parlament, nuk mund t\u00eb injorohet fakti se\u2026","rel":"","context":"In &quot;Blogu i Udh\u00ebtarit&quot;","block_context":{"text":"Blogu i Udh\u00ebtarit","link":"https:\/\/www.shqiperia.com\/blog\/category\/blogu-i-udhetarit\/"},"img":{"alt_text":"","src":"https:\/\/i0.wp.com\/www.shqiperia.com\/blog\/wp-content\/uploads\/2020\/07\/yuri-kim-01-1536x864-1.jpg?fit=1200%2C675&ssl=1&resize=350%2C200","width":350,"height":200,"srcset":"https:\/\/i0.wp.com\/www.shqiperia.com\/blog\/wp-content\/uploads\/2020\/07\/yuri-kim-01-1536x864-1.jpg?fit=1200%2C675&ssl=1&resize=350%2C200 1x, https:\/\/i0.wp.com\/www.shqiperia.com\/blog\/wp-content\/uploads\/2020\/07\/yuri-kim-01-1536x864-1.jpg?fit=1200%2C675&ssl=1&resize=525%2C300 1.5x, https:\/\/i0.wp.com\/www.shqiperia.com\/blog\/wp-content\/uploads\/2020\/07\/yuri-kim-01-1536x864-1.jpg?fit=1200%2C675&ssl=1&resize=700%2C400 2x, https:\/\/i0.wp.com\/www.shqiperia.com\/blog\/wp-content\/uploads\/2020\/07\/yuri-kim-01-1536x864-1.jpg?fit=1200%2C675&ssl=1&resize=1050%2C600 3x"},"classes":[]},{"id":80212,"url":"https:\/\/www.shqiperia.com\/blog\/po-griset-kushtetuta-sepse-deputetet-e-opozites-duan-te-jete-avokate-te-olsi-rames-bardhi-reagon-ashper-ka-kaluar-nje-muaj-nga-denoncimi-me-fakte-asnje-pergjigje\/","url_meta":{"origin":97056,"position":5},"title":"\u201cPo griset kushtetuta, sepse deputet\u00ebt e opozit\u00ebs duan t\u00eb jet\u00eb avokat\u00eb t\u00eb Olsi Ram\u00ebs&#8221;. &#8211;  Bardhi reagon ashp\u00ebr: &#8211; Ka kaluar nj\u00eb muaj nga denoncimi me fakte, asnj\u00eb p\u00ebrgjigje","author":"Kurt Farka","date":"April 17, 2024","format":false,"excerpt":"17 Prill 2024 Kreu i Grupit Parlametar t\u00eb Partis\u00eb Demokratike, Gazmend Bardhi n\u00eb nj\u00eb komunikim p\u00ebr mediat \u00ebsht\u00eb shprehur se PD do t\u00eb rip\u00ebrs\u00ebris\u00eb shqet\u00ebsimin p\u00ebr mohimin e t\u00eb drejtave t\u00eb opozit\u00ebs n\u00eb parlament. Bardhi \u00ebsht\u00eb shprehur se brenda dy jav\u00ebve dy k\u00ebrkesa t\u00eb deputet\u00ebve t\u00eb opozit\u00ebs jan\u00eb mohuar pa\u2026","rel":"","context":"In &quot;Blogu i Udh\u00ebtarit&quot;","block_context":{"text":"Blogu i Udh\u00ebtarit","link":"https:\/\/www.shqiperia.com\/blog\/category\/blogu-i-udhetarit\/"},"img":{"alt_text":"","src":"https:\/\/i0.wp.com\/www.shqiperia.com\/blog\/wp-content\/uploads\/2024\/04\/800-0-565198c897c407af82f0f6f6140b9f1e-1.jpeg?fit=800%2C481&ssl=1&resize=350%2C200","width":350,"height":200,"srcset":"https:\/\/i0.wp.com\/www.shqiperia.com\/blog\/wp-content\/uploads\/2024\/04\/800-0-565198c897c407af82f0f6f6140b9f1e-1.jpeg?fit=800%2C481&ssl=1&resize=350%2C200 1x, https:\/\/i0.wp.com\/www.shqiperia.com\/blog\/wp-content\/uploads\/2024\/04\/800-0-565198c897c407af82f0f6f6140b9f1e-1.jpeg?fit=800%2C481&ssl=1&resize=525%2C300 1.5x, https:\/\/i0.wp.com\/www.shqiperia.com\/blog\/wp-content\/uploads\/2024\/04\/800-0-565198c897c407af82f0f6f6140b9f1e-1.jpeg?fit=800%2C481&ssl=1&resize=700%2C400 2x"},"classes":[]}],"_links":{"self":[{"href":"https:\/\/www.shqiperia.com\/blog\/wp-json\/wp\/v2\/posts\/97056","targetHints":{"allow":["GET"]}}],"collection":[{"href":"https:\/\/www.shqiperia.com\/blog\/wp-json\/wp\/v2\/posts"}],"about":[{"href":"https:\/\/www.shqiperia.com\/blog\/wp-json\/wp\/v2\/types\/post"}],"author":[{"embeddable":true,"href":"https:\/\/www.shqiperia.com\/blog\/wp-json\/wp\/v2\/users\/9"}],"replies":[{"embeddable":true,"href":"https:\/\/www.shqiperia.com\/blog\/wp-json\/wp\/v2\/comments?post=97056"}],"version-history":[{"count":1,"href":"https:\/\/www.shqiperia.com\/blog\/wp-json\/wp\/v2\/posts\/97056\/revisions"}],"predecessor-version":[{"id":97058,"href":"https:\/\/www.shqiperia.com\/blog\/wp-json\/wp\/v2\/posts\/97056\/revisions\/97058"}],"wp:featuredmedia":[{"embeddable":true,"href":"https:\/\/www.shqiperia.com\/blog\/wp-json\/wp\/v2\/media\/97057"}],"wp:attachment":[{"href":"https:\/\/www.shqiperia.com\/blog\/wp-json\/wp\/v2\/media?parent=97056"}],"wp:term":[{"taxonomy":"category","embeddable":true,"href":"https:\/\/www.shqiperia.com\/blog\/wp-json\/wp\/v2\/categories?post=97056"},{"taxonomy":"post_tag","embeddable":true,"href":"https:\/\/www.shqiperia.com\/blog\/wp-json\/wp\/v2\/tags?post=97056"}],"curies":[{"name":"wp","href":"https:\/\/api.w.org\/{rel}","templated":true}]}}