{"id":97052,"date":"2026-01-28T22:23:34","date_gmt":"2026-01-28T22:23:34","guid":{"rendered":"https:\/\/www.shqiperia.com\/blog\/?p=97052"},"modified":"2026-01-28T22:23:34","modified_gmt":"2026-01-28T22:23:34","slug":"si-parashikohet-moti-per-javen-e-ardhshme-sherbimi-meteorologjik-ushtarak-ja-kur-nisin-reshjet-e-shiut-dhe-bores","status":"publish","type":"post","link":"https:\/\/www.shqiperia.com\/blog\/si-parashikohet-moti-per-javen-e-ardhshme-sherbimi-meteorologjik-ushtarak-ja-kur-nisin-reshjet-e-shiut-dhe-bores\/","title":{"rendered":"Si parashikohet moti p\u00ebr jav\u00ebn e ardhshme? Sh\u00ebrbimi Meteorologjik Ushtarak: Ja kur nisin reshjet e shiut dhe bor\u00ebs"},"content":{"rendered":"<p><img data-recalc-dims=\"1\" loading=\"lazy\" decoding=\"async\" data-attachment-id=\"97053\" data-permalink=\"https:\/\/www.shqiperia.com\/blog\/si-parashikohet-moti-per-javen-e-ardhshme-sherbimi-meteorologjik-ushtarak-ja-kur-nisin-reshjet-e-shiut-dhe-bores\/auto_moti-bore-1126_1543224069-38020721543226142-800x439-1-730x440-1\/\" data-orig-file=\"https:\/\/i0.wp.com\/www.shqiperia.com\/blog\/wp-content\/uploads\/2026\/01\/auto_moti-bore-1126_1543224069-38020721543226142-800x439-1-730x440-1.jpg?fit=730%2C440&amp;ssl=1\" data-orig-size=\"730,440\" data-comments-opened=\"1\" data-image-meta=\"{&quot;aperture&quot;:&quot;0&quot;,&quot;credit&quot;:&quot;&quot;,&quot;camera&quot;:&quot;&quot;,&quot;caption&quot;:&quot;&quot;,&quot;created_timestamp&quot;:&quot;0&quot;,&quot;copyright&quot;:&quot;&quot;,&quot;focal_length&quot;:&quot;0&quot;,&quot;iso&quot;:&quot;0&quot;,&quot;shutter_speed&quot;:&quot;0&quot;,&quot;title&quot;:&quot;&quot;,&quot;orientation&quot;:&quot;0&quot;}\" data-image-title=\"auto_moti-bore-1126_1543224069-38020721543226142-800&#215;439-1-730&#215;440-1\" data-image-description=\"\" data-image-caption=\"\" data-medium-file=\"https:\/\/i0.wp.com\/www.shqiperia.com\/blog\/wp-content\/uploads\/2026\/01\/auto_moti-bore-1126_1543224069-38020721543226142-800x439-1-730x440-1.jpg?fit=300%2C181&amp;ssl=1\" data-large-file=\"https:\/\/i0.wp.com\/www.shqiperia.com\/blog\/wp-content\/uploads\/2026\/01\/auto_moti-bore-1126_1543224069-38020721543226142-800x439-1-730x440-1.jpg?fit=730%2C440&amp;ssl=1\" class=\"alignnone  wp-image-97053\" alt=\"\" src=\"https:\/\/i0.wp.com\/www.shqiperia.com\/blog\/wp-content\/uploads\/2026\/01\/auto_moti-bore-1126_1543224069-38020721543226142-800x439-1-730x440-1.jpg?resize=578%2C349&#038;ssl=1\" width=\"578\" height=\"349\" srcset=\"https:\/\/i0.wp.com\/www.shqiperia.com\/blog\/wp-content\/uploads\/2026\/01\/auto_moti-bore-1126_1543224069-38020721543226142-800x439-1-730x440-1.jpg?resize=300%2C181&amp;ssl=1 300w, https:\/\/i0.wp.com\/www.shqiperia.com\/blog\/wp-content\/uploads\/2026\/01\/auto_moti-bore-1126_1543224069-38020721543226142-800x439-1-730x440-1.jpg?resize=450%2C271&amp;ssl=1 450w, https:\/\/i0.wp.com\/www.shqiperia.com\/blog\/wp-content\/uploads\/2026\/01\/auto_moti-bore-1126_1543224069-38020721543226142-800x439-1-730x440-1.jpg?resize=600%2C362&amp;ssl=1 600w, https:\/\/i0.wp.com\/www.shqiperia.com\/blog\/wp-content\/uploads\/2026\/01\/auto_moti-bore-1126_1543224069-38020721543226142-800x439-1-730x440-1.jpg?resize=400%2C241&amp;ssl=1 400w, https:\/\/i0.wp.com\/www.shqiperia.com\/blog\/wp-content\/uploads\/2026\/01\/auto_moti-bore-1126_1543224069-38020721543226142-800x439-1-730x440-1.jpg?w=730&amp;ssl=1 730w\" sizes=\"auto, (max-width: 578px) 100vw, 578px\" \/><\/p>\n<p>29 Janar 2026<\/p>\n<p>Janari i k\u00ebtij viti ka sjell reshje t\u00eb shumta, si t\u00eb shiut e t\u00eb d\u00ebbor\u00ebs, si dhe \u00ebsht\u00eb shoq\u00ebruar me ulje t\u00eb temperaturave. Sipas parashikimeve, kthjellimet dhe vran\u00ebsirat do t\u00eb jen\u00eb prezente e n\u00eb dit\u00ebt n\u00eb vijim t\u00eb k\u00ebsaj jave.<\/p>\n<p>Zona jugore n\u00eb interval afatshkurtra kohore, parashikohet me reshje shiu me intensitet deri t\u00eb lart\u00eb, n\u00eb form\u00ebn e stuhive., kryesisht n\u00eb Gjirokast\u00ebr, Tepelen\u00eb, si dhe Sarand\u00eb.<\/p>\n<p>N\u00eb relievet malore t\u00eb larta n\u00eb verilindje dhe juglindje, por n\u00eb lart\u00ebsit\u00eb 700-900 metra, po ashtu n\u00eb zon\u00ebn e Alpeve, priten dhe reshje d\u00ebbore me intensitet t\u00eb ul\u00ebt dhe lokalisht mesatar.<\/p>\n<p>Dit\u00ebn e premte parashikohet gjithashtu mot i paq\u00ebndruesh\u00ebm, e priten reshje shiu me intensitet t\u00eb ul\u00ebt me karakter lokal. Reshjet e d\u00ebbor\u00ebn priten t\u00eb jen\u00eb prezente, por me intensitet kryesisht t\u00eb ul\u00ebta, kryesisht n\u00eb Kuk\u00ebs, Peshkopi, Kor\u00e7\u00eb, si dhe n\u00eb zonat lindore t\u00eb territorit.<\/p>\n<p>Vlerat m\u00eb t\u00eb ul\u00ebta t\u00eb temperaturave parashikohen deri n\u00eb 3 grad\u00eb Celcius, kryesisht p\u00ebr Kuk\u00ebsin e Peshkopin\u00eb, nd\u00ebrsa vlerat maksimale priten deri n\u00eb 16 grad\u00eb Celcius p\u00ebr zonat e ul\u00ebta.<\/p>\n<p>N\u00eb nj\u00eb parashikim p\u00ebr jav\u00ebn e ardhshme, nga dita e h\u00ebn\u00eb pritet nj\u00eb mot relativisht i q\u00ebndruesh\u00ebm. Megjithat\u00eb, do t\u00eb ket\u00eb kthjellime dhe alternime vran\u00ebsirash.<\/p>\n","protected":false},"excerpt":{"rendered":"<p>29 Janar 2026 Janari i k\u00ebtij viti ka sjell reshje t\u00eb shumta, si t\u00eb shiut e t\u00eb d\u00ebbor\u00ebs, si dhe \u00ebsht\u00eb shoq\u00ebruar me ulje t\u00eb temperaturave. Sipas parashikimeve, kthjellimet dhe vran\u00ebsirat do t\u00eb jen\u00eb prezente e n\u00eb dit\u00ebt n\u00eb vijim t\u00eb k\u00ebsaj jave. Zona jugore n\u00eb interval afatshkurtra kohore, parashikohet me reshje shiu me intensitet [&hellip;]<\/p>\n","protected":false},"author":9,"featured_media":97053,"comment_status":"open","ping_status":"open","sticky":false,"template":"","format":"standard","meta":{"jetpack_post_was_ever_published":false,"_jetpack_newsletter_access":"","_jetpack_dont_email_post_to_subs":false,"_jetpack_newsletter_tier_id":0,"_jetpack_memberships_contains_paywalled_content":false,"_jetpack_memberships_contains_paid_content":false,"footnotes":"","jetpack_publicize_message":"","jetpack_publicize_feature_enabled":true,"jetpack_social_post_already_shared":true,"jetpack_social_options":{"image_generator_settings":{"template":"highway","default_image_id":0,"font":"","enabled":false},"version":2}},"categories":[1,35],"tags":[],"class_list":["post-97052","post","type-post","status-publish","format-standard","has-post-thumbnail","hentry","category-njoftime-shtypi","category-shoqerore"],"jetpack_publicize_connections":[],"jetpack_featured_media_url":"https:\/\/i0.wp.com\/www.shqiperia.com\/blog\/wp-content\/uploads\/2026\/01\/auto_moti-bore-1126_1543224069-38020721543226142-800x439-1-730x440-1.jpg?fit=730%2C440&ssl=1","jetpack_sharing_enabled":true,"jetpack_shortlink":"https:\/\/wp.me\/p5Z6wp-pfm","jetpack-related-posts":[{"id":66571,"url":"https:\/\/www.shqiperia.com\/blog\/parashikimi-i-motit-per-javen-e-ardhshme-behuni-gati-per\/","url_meta":{"origin":97052,"position":0},"title":"Parashikimi i motit p\u00ebr jav\u00ebn e ardhshme. &#8211; B\u00ebhuni gati p\u00ebr&#8230;","author":"Kurt Farka","date":"January 22, 2023","format":false,"excerpt":"22 Janar 2023 Dit\u00ebn e h\u00ebn\u00eb pritet q\u00eb vendi yn\u00eb t\u00eb jet\u00eb n\u00eb ndikim t\u00eb kushteve atmosferike t\u00eb paq\u00ebndrueshme. Moti parashikohet kryesisht i vran\u00ebt dhe reshje shiu. Reshjet priten t\u00eb jen\u00eb me intensitet mesatar, nd\u00ebrsa n\u00eb jugper\u00ebndim t\u00eb vendit reshjet priten t\u00eb jen\u00eb me intensitet deri t\u00eb lart\u00eb n\u00eb form\u00ebn\u2026","rel":"","context":"In &quot;Blogu i Udh\u00ebtarit&quot;","block_context":{"text":"Blogu i Udh\u00ebtarit","link":"https:\/\/www.shqiperia.com\/blog\/category\/blogu-i-udhetarit\/"},"img":{"alt_text":"","src":"https:\/\/i0.wp.com\/www.shqiperia.com\/blog\/wp-content\/uploads\/2023\/01\/ngricat.jpg?fit=780%2C439&ssl=1&resize=350%2C200","width":350,"height":200,"srcset":"https:\/\/i0.wp.com\/www.shqiperia.com\/blog\/wp-content\/uploads\/2023\/01\/ngricat.jpg?fit=780%2C439&ssl=1&resize=350%2C200 1x, https:\/\/i0.wp.com\/www.shqiperia.com\/blog\/wp-content\/uploads\/2023\/01\/ngricat.jpg?fit=780%2C439&ssl=1&resize=525%2C300 1.5x, https:\/\/i0.wp.com\/www.shqiperia.com\/blog\/wp-content\/uploads\/2023\/01\/ngricat.jpg?fit=780%2C439&ssl=1&resize=700%2C400 2x"},"classes":[]},{"id":94353,"url":"https:\/\/www.shqiperia.com\/blog\/mos-u-genjeni-nga-oret-me-diell-reshje-shiu\/","url_meta":{"origin":97052,"position":1},"title":"Mos u g\u00ebnjeni nga or\u00ebt me diell, reshje shiu&#8230;","author":"Kurt Farka","date":"October 23, 2025","format":false,"excerpt":"23 Tetor 2025 Sotvendi yn\u00eb do t\u00eb ndikohet nga kushte atmosferike t\u00eb paq\u00ebndrueshme. Moti parashikohet me alternime kthjellimesh dhe vran\u00ebsirash, t\u00eb cilat hera-her\u00ebs pritet t\u00eb jen\u00eb deri t\u00eb dendura. Reshje shiu me intensitet t\u00eb ul\u00ebt n\u00eb veriper\u00ebndim dhe n\u00eb ekstremin jugor t\u00eb vendit, q\u00eb n\u00eb or\u00ebt e para t\u00eb 24-or\u00ebshit\u2026","rel":"","context":"In &quot;Blogu i Udh\u00ebtarit&quot;","block_context":{"text":"Blogu i Udh\u00ebtarit","link":"https:\/\/www.shqiperia.com\/blog\/category\/blogu-i-udhetarit\/"},"img":{"alt_text":"","src":"https:\/\/i0.wp.com\/www.shqiperia.com\/blog\/wp-content\/uploads\/2025\/10\/moti-2-1.jpg?fit=730%2C440&ssl=1&resize=350%2C200","width":350,"height":200,"srcset":"https:\/\/i0.wp.com\/www.shqiperia.com\/blog\/wp-content\/uploads\/2025\/10\/moti-2-1.jpg?fit=730%2C440&ssl=1&resize=350%2C200 1x, https:\/\/i0.wp.com\/www.shqiperia.com\/blog\/wp-content\/uploads\/2025\/10\/moti-2-1.jpg?fit=730%2C440&ssl=1&resize=525%2C300 1.5x, https:\/\/i0.wp.com\/www.shqiperia.com\/blog\/wp-content\/uploads\/2025\/10\/moti-2-1.jpg?fit=730%2C440&ssl=1&resize=700%2C400 2x"},"classes":[]},{"id":87143,"url":"https:\/\/www.shqiperia.com\/blog\/reshje-shiu-e-bore-ja-si-do-te-jete-moti-sot\/","url_meta":{"origin":97052,"position":2},"title":"Reshje shiu e bore, ja si do t\u00eb jet\u00eb moti sot","author":"Kurt Farka","date":"December 6, 2024","format":false,"excerpt":"6 Dhjetor 2024 Sot dit\u00eb e Premte vendi yn\u00eb do t\u00eb ndikohet nga kushte atmosferike t\u00eb paq\u00ebndrueshme p\u00ebr shkak t\u00eb masave ajrore t\u00eb lag\u00ebshta me origjin\u00eb per\u00ebndimore. Moti parashikohet me vran\u00ebsira mesatare deri t\u00eb dendura si dhe intervale t\u00eb her\u00ebpashershme dhe afatshkurtra me kthjellime (diell) kryesisht p\u00ebrgjat\u00eb vij\u00ebs bregdetare e\u2026","rel":"","context":"In &quot;Blogu i Udh\u00ebtarit&quot;","block_context":{"text":"Blogu i Udh\u00ebtarit","link":"https:\/\/www.shqiperia.com\/blog\/category\/blogu-i-udhetarit\/"},"img":{"alt_text":"","src":"https:\/\/i0.wp.com\/www.shqiperia.com\/blog\/wp-content\/uploads\/2024\/12\/reshje-shiu.jpg?fit=768%2C432&ssl=1&resize=350%2C200","width":350,"height":200,"srcset":"https:\/\/i0.wp.com\/www.shqiperia.com\/blog\/wp-content\/uploads\/2024\/12\/reshje-shiu.jpg?fit=768%2C432&ssl=1&resize=350%2C200 1x, https:\/\/i0.wp.com\/www.shqiperia.com\/blog\/wp-content\/uploads\/2024\/12\/reshje-shiu.jpg?fit=768%2C432&ssl=1&resize=525%2C300 1.5x, https:\/\/i0.wp.com\/www.shqiperia.com\/blog\/wp-content\/uploads\/2024\/12\/reshje-shiu.jpg?fit=768%2C432&ssl=1&resize=700%2C400 2x"},"classes":[]},{"id":95197,"url":"https:\/\/www.shqiperia.com\/blog\/ja-cfare-pritet-te-ndodhe-me-temperaturat\/","url_meta":{"origin":97052,"position":3},"title":"Ja \u00e7far\u00eb pritet t\u00eb ndodh\u00eb me temperaturat","author":"Kurt Farka","date":"November 27, 2025","format":false,"excerpt":"27 Nentor 2025 Dit\u00ebn e premte vendi yn\u00eb do t\u00eb ndikohet nga kushte atmosferike t\u00eb paq\u00ebndrueshme. Moti parashikohet t\u00eb jet\u00eb me vran\u00ebsira mesatare e t\u00eb denduar. Reshjet e shiut priten t\u00eb jen\u00eb prezente q\u00eb n\u00eb or\u00ebt e para t\u00eb 24-or\u00ebshit deri n\u00eb or\u00ebt e mesdit\u00ebs n\u00eb pjes\u00ebn m\u00eb t\u00eb madhe\u2026","rel":"","context":"In &quot;Blogu i Udh\u00ebtarit&quot;","block_context":{"text":"Blogu i Udh\u00ebtarit","link":"https:\/\/www.shqiperia.com\/blog\/category\/blogu-i-udhetarit\/"},"img":{"alt_text":"","src":"https:\/\/i0.wp.com\/www.shqiperia.com\/blog\/wp-content\/uploads\/2025\/11\/640-0-1742797637x640-0-moti-shiu-2-698-705.jpg?fit=640%2C360&ssl=1&resize=350%2C200","width":350,"height":200,"srcset":"https:\/\/i0.wp.com\/www.shqiperia.com\/blog\/wp-content\/uploads\/2025\/11\/640-0-1742797637x640-0-moti-shiu-2-698-705.jpg?fit=640%2C360&ssl=1&resize=350%2C200 1x, https:\/\/i0.wp.com\/www.shqiperia.com\/blog\/wp-content\/uploads\/2025\/11\/640-0-1742797637x640-0-moti-shiu-2-698-705.jpg?fit=640%2C360&ssl=1&resize=525%2C300 1.5x"},"classes":[]},{"id":75769,"url":"https:\/\/www.shqiperia.com\/blog\/moti-i-keq-pushton-shqiperine-ne-24-oret-e-ardhshme-priten-rrebeshe-qytetet-me-te-rrezikuara\/","url_meta":{"origin":97052,"position":4},"title":"Moti i keq pushton Shqip\u00ebrin\u00eb. &#8211; N\u00eb 24 or\u00ebt e ardhshme priten rrebeshe: Qytetet m\u00eb t\u00eb rrezikuara","author":"Kurt Farka","date":"November 24, 2023","format":false,"excerpt":"24 Nentor 2023 Agjencia Komb\u00ebtare e Mbrojtjes Civile ka b\u00ebr\u00eb me dije se, n\u00eb or\u00ebt n\u00eb vijim pritet t\u00eb ket\u00eb nj\u00eb rritje t\u00eb ndjeshme t\u00eb reshjeve n\u00eb disa pjes\u00eb t\u00eb territorit t\u00eb vendit, nga ku edhe priten probleme. Parashikimi nga ekspert\u00ebt e Institutit t\u00eb Gjeoshkencave \u201cIGJEO\u201d tregon se gjat\u00eb dit\u00ebs\u2026","rel":"","context":"In &quot;Blogu i Udh\u00ebtarit&quot;","block_context":{"text":"Blogu i Udh\u00ebtarit","link":"https:\/\/www.shqiperia.com\/blog\/category\/blogu-i-udhetarit\/"},"img":{"alt_text":"","src":"https:\/\/i0.wp.com\/www.shqiperia.com\/blog\/wp-content\/uploads\/2023\/11\/Moti-1-750x375-1.jpg?fit=750%2C375&ssl=1&resize=350%2C200","width":350,"height":200,"srcset":"https:\/\/i0.wp.com\/www.shqiperia.com\/blog\/wp-content\/uploads\/2023\/11\/Moti-1-750x375-1.jpg?fit=750%2C375&ssl=1&resize=350%2C200 1x, https:\/\/i0.wp.com\/www.shqiperia.com\/blog\/wp-content\/uploads\/2023\/11\/Moti-1-750x375-1.jpg?fit=750%2C375&ssl=1&resize=525%2C300 1.5x, https:\/\/i0.wp.com\/www.shqiperia.com\/blog\/wp-content\/uploads\/2023\/11\/Moti-1-750x375-1.jpg?fit=750%2C375&ssl=1&resize=700%2C400 2x"},"classes":[]},{"id":64512,"url":"https:\/\/www.shqiperia.com\/blog\/moti-cfare-pritet-javen-e-ardhshme-diten-merkure-ne-relievet-e-larta-malore-reshje-debore\/","url_meta":{"origin":97052,"position":5},"title":"Moti, \u00e7far\u00eb pritet jav\u00ebn e ardhshme. &#8211; Diten merkure n\u00eb relievet e larta malore reshje d\u00ebbore.","author":"Kurt Farka","date":"November 20, 2022","format":false,"excerpt":"20 Nentor 2022 Vendi yn\u00eb u ndikua sot nga kalimi i nj\u00eb fronti okluz meteorologjik shoq\u00ebruar me masa ajrore t\u00eb lag\u00ebshta dhe kontraste t\u00eb forta termike. Kjo situat\u00eb solli si rezultat reshjet e dendura dhe t\u00eb rr\u00ebmbyeshme t\u00eb shiut kryesisht p\u00ebrgjat\u00eb ult\u00ebsir\u00ebs per\u00ebndimore nd\u00ebrsa reshjet e shiut do t\u00eb vijojn\u00eb\u2026","rel":"","context":"In &quot;Blogu i Udh\u00ebtarit&quot;","block_context":{"text":"Blogu i Udh\u00ebtarit","link":"https:\/\/www.shqiperia.com\/blog\/category\/blogu-i-udhetarit\/"},"img":{"alt_text":"","src":"https:\/\/i0.wp.com\/www.shqiperia.com\/blog\/wp-content\/uploads\/2022\/11\/moti-bore-ne-male.jpg?fit=800%2C404&ssl=1&resize=350%2C200","width":350,"height":200,"srcset":"https:\/\/i0.wp.com\/www.shqiperia.com\/blog\/wp-content\/uploads\/2022\/11\/moti-bore-ne-male.jpg?fit=800%2C404&ssl=1&resize=350%2C200 1x, https:\/\/i0.wp.com\/www.shqiperia.com\/blog\/wp-content\/uploads\/2022\/11\/moti-bore-ne-male.jpg?fit=800%2C404&ssl=1&resize=525%2C300 1.5x, https:\/\/i0.wp.com\/www.shqiperia.com\/blog\/wp-content\/uploads\/2022\/11\/moti-bore-ne-male.jpg?fit=800%2C404&ssl=1&resize=700%2C400 2x"},"classes":[]}],"_links":{"self":[{"href":"https:\/\/www.shqiperia.com\/blog\/wp-json\/wp\/v2\/posts\/97052","targetHints":{"allow":["GET"]}}],"collection":[{"href":"https:\/\/www.shqiperia.com\/blog\/wp-json\/wp\/v2\/posts"}],"about":[{"href":"https:\/\/www.shqiperia.com\/blog\/wp-json\/wp\/v2\/types\/post"}],"author":[{"embeddable":true,"href":"https:\/\/www.shqiperia.com\/blog\/wp-json\/wp\/v2\/users\/9"}],"replies":[{"embeddable":true,"href":"https:\/\/www.shqiperia.com\/blog\/wp-json\/wp\/v2\/comments?post=97052"}],"version-history":[{"count":1,"href":"https:\/\/www.shqiperia.com\/blog\/wp-json\/wp\/v2\/posts\/97052\/revisions"}],"predecessor-version":[{"id":97054,"href":"https:\/\/www.shqiperia.com\/blog\/wp-json\/wp\/v2\/posts\/97052\/revisions\/97054"}],"wp:featuredmedia":[{"embeddable":true,"href":"https:\/\/www.shqiperia.com\/blog\/wp-json\/wp\/v2\/media\/97053"}],"wp:attachment":[{"href":"https:\/\/www.shqiperia.com\/blog\/wp-json\/wp\/v2\/media?parent=97052"}],"wp:term":[{"taxonomy":"category","embeddable":true,"href":"https:\/\/www.shqiperia.com\/blog\/wp-json\/wp\/v2\/categories?post=97052"},{"taxonomy":"post_tag","embeddable":true,"href":"https:\/\/www.shqiperia.com\/blog\/wp-json\/wp\/v2\/tags?post=97052"}],"curies":[{"name":"wp","href":"https:\/\/api.w.org\/{rel}","templated":true}]}}