{"id":97048,"date":"2026-01-28T18:40:38","date_gmt":"2026-01-28T18:40:38","guid":{"rendered":"https:\/\/www.shqiperia.com\/blog\/?p=97048"},"modified":"2026-01-28T18:40:38","modified_gmt":"2026-01-28T18:40:38","slug":"gruaja-e-pare-ne-krye-te-kishes-anglikane-sara-malali-merr-zyrtarisht-postin-e-kryepeshkopes-se-canterbury-t","status":"publish","type":"post","link":"https:\/\/www.shqiperia.com\/blog\/gruaja-e-pare-ne-krye-te-kishes-anglikane-sara-malali-merr-zyrtarisht-postin-e-kryepeshkopes-se-canterbury-t\/","title":{"rendered":"Gruaja e par\u00eb n\u00eb krye t\u00eb Kish\u00ebs Anglikane, Sara Malali merr zyrtarisht postin e Kryepeshkopes s\u00eb Canterbury-t"},"content":{"rendered":"<p><img data-recalc-dims=\"1\" loading=\"lazy\" decoding=\"async\" data-attachment-id=\"97049\" data-permalink=\"https:\/\/www.shqiperia.com\/blog\/gruaja-e-pare-ne-krye-te-kishes-anglikane-sara-malali-merr-zyrtarisht-postin-e-kryepeshkopes-se-canterbury-t\/sarah-mullally-2\/\" data-orig-file=\"https:\/\/i0.wp.com\/www.shqiperia.com\/blog\/wp-content\/uploads\/2026\/01\/Sarah-Mullally-2.jpg?fit=1306%2C773&amp;ssl=1\" data-orig-size=\"1306,773\" data-comments-opened=\"1\" data-image-meta=\"{&quot;aperture&quot;:&quot;0&quot;,&quot;credit&quot;:&quot;Pano-online&quot;,&quot;camera&quot;:&quot;&quot;,&quot;caption&quot;:&quot;&quot;,&quot;created_timestamp&quot;:&quot;1769624065&quot;,&quot;copyright&quot;:&quot;&quot;,&quot;focal_length&quot;:&quot;0&quot;,&quot;iso&quot;:&quot;0&quot;,&quot;shutter_speed&quot;:&quot;0&quot;,&quot;title&quot;:&quot;&quot;,&quot;orientation&quot;:&quot;0&quot;}\" data-image-title=\"Sarah-Mullally-2\" data-image-description=\"\" data-image-caption=\"\" data-medium-file=\"https:\/\/i0.wp.com\/www.shqiperia.com\/blog\/wp-content\/uploads\/2026\/01\/Sarah-Mullally-2.jpg?fit=300%2C178&amp;ssl=1\" data-large-file=\"https:\/\/i0.wp.com\/www.shqiperia.com\/blog\/wp-content\/uploads\/2026\/01\/Sarah-Mullally-2.jpg?fit=1024%2C606&amp;ssl=1\" class=\"alignnone  wp-image-97049\" alt=\"\" src=\"https:\/\/i0.wp.com\/www.shqiperia.com\/blog\/wp-content\/uploads\/2026\/01\/Sarah-Mullally-2.jpg?resize=566%2C336&#038;ssl=1\" width=\"566\" height=\"336\" srcset=\"https:\/\/i0.wp.com\/www.shqiperia.com\/blog\/wp-content\/uploads\/2026\/01\/Sarah-Mullally-2.jpg?resize=300%2C178&amp;ssl=1 300w, https:\/\/i0.wp.com\/www.shqiperia.com\/blog\/wp-content\/uploads\/2026\/01\/Sarah-Mullally-2.jpg?resize=1024%2C606&amp;ssl=1 1024w, https:\/\/i0.wp.com\/www.shqiperia.com\/blog\/wp-content\/uploads\/2026\/01\/Sarah-Mullally-2.jpg?resize=768%2C455&amp;ssl=1 768w, https:\/\/i0.wp.com\/www.shqiperia.com\/blog\/wp-content\/uploads\/2026\/01\/Sarah-Mullally-2.jpg?resize=450%2C266&amp;ssl=1 450w, https:\/\/i0.wp.com\/www.shqiperia.com\/blog\/wp-content\/uploads\/2026\/01\/Sarah-Mullally-2.jpg?resize=600%2C355&amp;ssl=1 600w, https:\/\/i0.wp.com\/www.shqiperia.com\/blog\/wp-content\/uploads\/2026\/01\/Sarah-Mullally-2.jpg?resize=1300%2C769&amp;ssl=1 1300w, https:\/\/i0.wp.com\/www.shqiperia.com\/blog\/wp-content\/uploads\/2026\/01\/Sarah-Mullally-2.jpg?resize=400%2C237&amp;ssl=1 400w, https:\/\/i0.wp.com\/www.shqiperia.com\/blog\/wp-content\/uploads\/2026\/01\/Sarah-Mullally-2.jpg?w=1306&amp;ssl=1 1306w\" sizes=\"auto, (max-width: 566px) 100vw, 566px\" \/><\/p>\n<p><strong>29 Janar 2026<\/strong><\/p>\n<p><strong>Postin e Kryepeshkopit t\u00eb Canterbury-t e mori zyrtarisht Sara Malali, gruaja e par\u00eb q\u00eb vihet n\u00eb krye t\u00eb Kish\u00ebs Anglikane. 63-vje\u00e7arja do t\u00eb fron\u00ebzohet n\u00eb Katedralen e Canterbury-t n\u00eb muajin mars, ku do t\u00eb mbaj\u00eb edhe predikimin e saj t\u00eb par\u00eb si Kryepeshkope, duke sh\u00ebnuar fillimin e sh\u00ebrbes\u00ebs s\u00eb saj publike.<\/strong><\/p>\n<p>Kryepeshkopja e re, e cila do t\u00eb sh\u00ebrbej\u00eb si udh\u00ebheq\u00ebse shpirt\u00ebrore e rreth 85 milion\u00eb t\u00eb krishter\u00ebve n\u00eb 165 vende n\u00eb mbar\u00eb bot\u00ebn, brenda Komunitetit Anglikan, dha betimin e besnik\u00ebris\u00eb si Kryepeshkopja e 106-t\u00eb e Canterbury-t, p\u00ebrpara peshkop\u00ebve t\u00eb lart\u00eb q\u00eb veprojn\u00eb si Komisioner\u00eb Mbret\u00ebror\u00eb n\u00ebn autoritetin e Mbretit \u00c7arls.<\/p>\n<p><strong>Kush \u00ebsht\u00eb Sara Malali?<\/strong><\/p>\n<p>Sipas nj\u00eb raportimi t\u00eb Sky News, Sara Malali ka lindur n\u00eb Woking t\u00eb Mbret\u00ebris\u00eb s\u00eb Bashkuar m\u00eb 26 mars 1962. Ajo ka studiuar infermieri n\u00eb South Bank University dhe ka p\u00ebrfunduar gjithashtu nj\u00eb master n\u00eb Heythrop College t\u00eb Universitetit t\u00eb Londr\u00ebs. \u00cbsht\u00eb e martuar me Eamon Malali dhe ka dy f\u00ebmij\u00eb.<\/p>\n<p><img data-recalc-dims=\"1\" loading=\"lazy\" decoding=\"async\" data-attachment-id=\"97050\" data-permalink=\"https:\/\/www.shqiperia.com\/blog\/gruaja-e-pare-ne-krye-te-kishes-anglikane-sara-malali-merr-zyrtarisht-postin-e-kryepeshkopes-se-canterbury-t\/sarah-mullally-1-433x300\/\" data-orig-file=\"https:\/\/i0.wp.com\/www.shqiperia.com\/blog\/wp-content\/uploads\/2026\/01\/Sarah-Mullally-1-433x300-1.jpg?fit=433%2C300&amp;ssl=1\" data-orig-size=\"433,300\" data-comments-opened=\"1\" data-image-meta=\"{&quot;aperture&quot;:&quot;0&quot;,&quot;credit&quot;:&quot;&quot;,&quot;camera&quot;:&quot;&quot;,&quot;caption&quot;:&quot;&quot;,&quot;created_timestamp&quot;:&quot;0&quot;,&quot;copyright&quot;:&quot;&quot;,&quot;focal_length&quot;:&quot;0&quot;,&quot;iso&quot;:&quot;0&quot;,&quot;shutter_speed&quot;:&quot;0&quot;,&quot;title&quot;:&quot;&quot;,&quot;orientation&quot;:&quot;0&quot;}\" data-image-title=\"Sarah-Mullally-1-433&#215;300\" data-image-description=\"\" data-image-caption=\"\" data-medium-file=\"https:\/\/i0.wp.com\/www.shqiperia.com\/blog\/wp-content\/uploads\/2026\/01\/Sarah-Mullally-1-433x300-1.jpg?fit=300%2C208&amp;ssl=1\" data-large-file=\"https:\/\/i0.wp.com\/www.shqiperia.com\/blog\/wp-content\/uploads\/2026\/01\/Sarah-Mullally-1-433x300-1.jpg?fit=433%2C300&amp;ssl=1\" class=\"alignnone  wp-image-97050\" alt=\"\" src=\"https:\/\/i0.wp.com\/www.shqiperia.com\/blog\/wp-content\/uploads\/2026\/01\/Sarah-Mullally-1-433x300-1.jpg?resize=679%2C471&#038;ssl=1\" width=\"679\" height=\"471\" srcset=\"https:\/\/i0.wp.com\/www.shqiperia.com\/blog\/wp-content\/uploads\/2026\/01\/Sarah-Mullally-1-433x300-1.jpg?resize=300%2C208&amp;ssl=1 300w, https:\/\/i0.wp.com\/www.shqiperia.com\/blog\/wp-content\/uploads\/2026\/01\/Sarah-Mullally-1-433x300-1.jpg?resize=400%2C277&amp;ssl=1 400w, https:\/\/i0.wp.com\/www.shqiperia.com\/blog\/wp-content\/uploads\/2026\/01\/Sarah-Mullally-1-433x300-1.jpg?w=433&amp;ssl=1 433w\" sizes=\"auto, (max-width: 679px) 100vw, 679px\" \/><\/p>\n<p>Malali ka punuar si infermiere n\u00eb spitalet St Thomas, Royal Marsden dhe Chelsea and Westminster. Nga viti 1999 deri n\u00eb vitin 2004, ajo sh\u00ebrbeu si drejtuese e sh\u00ebrbimit infermieror n\u00eb Ministrin\u00eb e Sh\u00ebndet\u00ebsis\u00eb, duke u b\u00ebr\u00eb n\u00eb mosh\u00ebn 37-vje\u00e7are gruaja m\u00eb e re q\u00eb ka mbajtur ndonj\u00ebher\u00eb k\u00ebt\u00eb post.<\/p>\n","protected":false},"excerpt":{"rendered":"<p>29 Janar 2026 Postin e Kryepeshkopit t\u00eb Canterbury-t e mori zyrtarisht Sara Malali, gruaja e par\u00eb q\u00eb vihet n\u00eb krye t\u00eb Kish\u00ebs Anglikane. 63-vje\u00e7arja do t\u00eb fron\u00ebzohet n\u00eb Katedralen e Canterbury-t n\u00eb muajin mars, ku do t\u00eb mbaj\u00eb edhe predikimin e saj t\u00eb par\u00eb si Kryepeshkope, duke sh\u00ebnuar fillimin e sh\u00ebrbes\u00ebs s\u00eb saj publike. Kryepeshkopja [&hellip;]<\/p>\n","protected":false},"author":9,"featured_media":97049,"comment_status":"open","ping_status":"open","sticky":false,"template":"","format":"standard","meta":{"jetpack_post_was_ever_published":false,"_jetpack_newsletter_access":"","_jetpack_dont_email_post_to_subs":false,"_jetpack_newsletter_tier_id":0,"_jetpack_memberships_contains_paywalled_content":false,"_jetpack_memberships_contains_paid_content":false,"footnotes":"","jetpack_publicize_message":"","jetpack_publicize_feature_enabled":true,"jetpack_social_post_already_shared":true,"jetpack_social_options":{"image_generator_settings":{"template":"highway","default_image_id":0,"font":"","enabled":false},"version":2}},"categories":[27,85,10,35],"tags":[],"class_list":["post-97048","post","type-post","status-publish","format-standard","has-post-thumbnail","hentry","category-blogu-i-udhetarit","category-histori","category-kultura","category-shoqerore"],"jetpack_publicize_connections":[],"jetpack_featured_media_url":"https:\/\/i0.wp.com\/www.shqiperia.com\/blog\/wp-content\/uploads\/2026\/01\/Sarah-Mullally-2.jpg?fit=1306%2C773&ssl=1","jetpack_sharing_enabled":true,"jetpack_shortlink":"https:\/\/wp.me\/p5Z6wp-pfi","jetpack-related-posts":[{"id":98688,"url":"https:\/\/www.shqiperia.com\/blog\/historike-nje-grua-emerohet-ne-krye-te-kishes-se-anglise\/","url_meta":{"origin":97048,"position":0},"title":"Historike, nj\u00eb grua em\u00ebrohet n\u00eb krye t\u00eb Kish\u00ebs s\u00eb Anglis\u00eb","author":"Kurt Farka","date":"March 25, 2026","format":false,"excerpt":"25 Mars 2026 Dama Sarah Mullally \u00ebsht\u00eb em\u00ebruar Kryepeshkopja e re e Canterbury-t, duke u b\u00ebr\u00eb gruaja e par\u00eb q\u00eb mban postin m\u00eb t\u00eb lart\u00eb n\u00eb Kish\u00ebn e Anglis\u00eb, n\u00eb historin\u00eb gati 500-vje\u00e7are t\u00eb saj, shkruan A2 CNN. Mullally, 63 vje\u00e7e, ka sh\u00ebrbyer si Peshkope e Londr\u00ebs p\u00ebr shtat\u00eb vite\u2026","rel":"","context":"In &quot;Histori&quot;","block_context":{"text":"Histori","link":"https:\/\/www.shqiperia.com\/blog\/category\/histori\/"},"img":{"alt_text":"","src":"https:\/\/i0.wp.com\/www.shqiperia.com\/blog\/wp-content\/uploads\/2026\/03\/Arkipeshkvia-e-Amglise.webp?fit=900%2C505&ssl=1&resize=350%2C200","width":350,"height":200,"srcset":"https:\/\/i0.wp.com\/www.shqiperia.com\/blog\/wp-content\/uploads\/2026\/03\/Arkipeshkvia-e-Amglise.webp?fit=900%2C505&ssl=1&resize=350%2C200 1x, https:\/\/i0.wp.com\/www.shqiperia.com\/blog\/wp-content\/uploads\/2026\/03\/Arkipeshkvia-e-Amglise.webp?fit=900%2C505&ssl=1&resize=525%2C300 1.5x, https:\/\/i0.wp.com\/www.shqiperia.com\/blog\/wp-content\/uploads\/2026\/03\/Arkipeshkvia-e-Amglise.webp?fit=900%2C505&ssl=1&resize=700%2C400 2x"},"classes":[]},{"id":6851,"url":"https:\/\/www.shqiperia.com\/blog\/patriarku-i-rusise-jep-mesazhin-e-pare-ne-shqiperi\/","url_meta":{"origin":97048,"position":1},"title":"Patriarku i Rusis\u00eb, jep mesazhin e par\u00eb n\u00eb Shqip\u00ebri. &#8211;","author":"Kurt Farka","date":"April 30, 2018","format":false,"excerpt":"Patriarku i Rusis\u00eb, jep mesazhin e par\u00eb n\u00eb Shqip\u00ebri Patriaku i Kish\u00ebs Ortodokse Ruse, Kirill-I dha mesazhin e par\u00eb\u00a0 gjat\u00eb vizit\u00ebs s\u00eb tij zyrtare n\u00eb Shqip\u00ebri. Ai \u00ebsht\u00eb kujdesur q\u00eb t\u00eb mos jap\u00eb mesazh politik. Si\u00e7 e b\u00ebn t\u00eb ditur Kisha Ortodokse Shqiptare n\u00eb Faqen e saj n\u00eb Facebook, sot\u2026","rel":"","context":"In &quot;Njoftime Shtypi&quot;","block_context":{"text":"Njoftime Shtypi","link":"https:\/\/www.shqiperia.com\/blog\/category\/njoftime-shtypi\/"},"img":{"alt_text":"","src":"https:\/\/i0.wp.com\/www.shqiperia.com\/blog\/wp-content\/uploads\/2018\/04\/Patriarku-Rus-Kiril-I.-.jpg?fit=646%2C404&ssl=1&resize=350%2C200","width":350,"height":200,"srcset":"https:\/\/i0.wp.com\/www.shqiperia.com\/blog\/wp-content\/uploads\/2018\/04\/Patriarku-Rus-Kiril-I.-.jpg?fit=646%2C404&ssl=1&resize=350%2C200 1x, https:\/\/i0.wp.com\/www.shqiperia.com\/blog\/wp-content\/uploads\/2018\/04\/Patriarku-Rus-Kiril-I.-.jpg?fit=646%2C404&ssl=1&resize=525%2C300 1.5x"},"classes":[]},{"id":66160,"url":"https:\/\/www.shqiperia.com\/blog\/bibla-400-vjecare-ne-shitje\/","url_meta":{"origin":97048,"position":2},"title":"Bibla 400-vje\u00e7are ne shitje","author":"Kurt Farka","date":"January 11, 2023","format":false,"excerpt":"11 Janar 2023 Nj\u00eb kopje e Bibl\u00ebs s\u00eb Gjenev\u00ebs, q\u00eb daton 400 vjet m\u00eb par\u00eb do t\u00eb dal\u00eb n\u00eb ankandin \u201cNew World\u201d n\u00eb Belfast. Vlera e saj nis nga 5 mij\u00eb deri 10 mij\u00eb paund, teksa pritet t\u00eb kap\u00eb shifra edhe m\u00eb t\u00eb larta p\u00ebr shkak t\u00eb r\u00ebnd\u00ebsis\u00eb s\u00eb ve\u00e7ant\u00eb\u2026","rel":"","context":"In &quot;Blogu i Udh\u00ebtarit&quot;","block_context":{"text":"Blogu i Udh\u00ebtarit","link":"https:\/\/www.shqiperia.com\/blog\/category\/blogu-i-udhetarit\/"},"img":{"alt_text":"","src":"https:\/\/i0.wp.com\/www.shqiperia.com\/blog\/wp-content\/uploads\/2023\/01\/640-0-4-1673275820.jpg?fit=640%2C425&ssl=1&resize=350%2C200","width":350,"height":200,"srcset":"https:\/\/i0.wp.com\/www.shqiperia.com\/blog\/wp-content\/uploads\/2023\/01\/640-0-4-1673275820.jpg?fit=640%2C425&ssl=1&resize=350%2C200 1x, https:\/\/i0.wp.com\/www.shqiperia.com\/blog\/wp-content\/uploads\/2023\/01\/640-0-4-1673275820.jpg?fit=640%2C425&ssl=1&resize=525%2C300 1.5x"},"classes":[]},{"id":88067,"url":"https:\/\/www.shqiperia.com\/blog\/papa-francesku-emeroi-gruan-e-pare-ne-krye-te-zyres-ne-vatikan\/","url_meta":{"origin":97048,"position":3},"title":"Papa Fran\u00e7esku em\u00ebroi gruan e par\u00eb n\u00eb krye t\u00eb zyr\u00ebs n\u00eb Vatikan","author":"Kurt Farka","date":"January 7, 2025","format":false,"excerpt":"7 Janar 2025 Papa Fran\u00e7esku em\u00ebroi gruan e par\u00eb n\u00eb krye t\u00eb nj\u00eb zyre t\u00eb madhe n\u00eb Vatikan, murgesh\u00ebn italiane Simona Brambilla, si prefekte t\u00eb departamentit p\u00ebrgjegj\u00ebs p\u00ebr t\u00eb gjitha urdhrat fetare t\u00eb Kish\u00ebs Katolike. Brambila, 59 vje\u00e7e, \u00ebsht\u00eb an\u00ebtare e urdhrit fetar misionar Consolata dhe ka sh\u00ebrbyer n\u00eb departamentin\u2026","rel":"","context":"In &quot;Njoftime Shtypi&quot;","block_context":{"text":"Njoftime Shtypi","link":"https:\/\/www.shqiperia.com\/blog\/category\/njoftime-shtypi\/"},"img":{"alt_text":"","src":"https:\/\/i0.wp.com\/www.shqiperia.com\/blog\/wp-content\/uploads\/2025\/01\/St_Peters_Square_Vatican_City_-_April_2007.jpg?fit=1200%2C674&ssl=1&resize=350%2C200","width":350,"height":200,"srcset":"https:\/\/i0.wp.com\/www.shqiperia.com\/blog\/wp-content\/uploads\/2025\/01\/St_Peters_Square_Vatican_City_-_April_2007.jpg?fit=1200%2C674&ssl=1&resize=350%2C200 1x, https:\/\/i0.wp.com\/www.shqiperia.com\/blog\/wp-content\/uploads\/2025\/01\/St_Peters_Square_Vatican_City_-_April_2007.jpg?fit=1200%2C674&ssl=1&resize=525%2C300 1.5x, https:\/\/i0.wp.com\/www.shqiperia.com\/blog\/wp-content\/uploads\/2025\/01\/St_Peters_Square_Vatican_City_-_April_2007.jpg?fit=1200%2C674&ssl=1&resize=700%2C400 2x, https:\/\/i0.wp.com\/www.shqiperia.com\/blog\/wp-content\/uploads\/2025\/01\/St_Peters_Square_Vatican_City_-_April_2007.jpg?fit=1200%2C674&ssl=1&resize=1050%2C600 3x"},"classes":[]},{"id":23362,"url":"https:\/\/www.shqiperia.com\/blog\/skeni-pare-gje-akoma-trondit-dylgjeri-ne-gare-per-postin-e-haradinajt-thuhet-se-jane-vene-baton-haxhija-dhe-gent-cakaj\/","url_meta":{"origin":97048,"position":4},"title":"Skeni par\u00eb gj\u00eb akoma? \u201cTrondit\u201d Dylgjeri: \u201cN\u00eb gar\u00eb p\u00ebr postin e Haradinajt thuhet se jan\u00eb v\u00ebn\u00eb Baton Haxhija dhe Gent Cakaj\u201d","author":"Kurt Farka","date":"July 21, 2019","format":false,"excerpt":"Skeni par\u00eb gj\u00eb akoma? \u201cTrondit\u201d Dylgjeri: \u201cN\u00eb gar\u00eb p\u00ebr postin e Haradinajt thuhet se jan\u00eb v\u00ebn\u00eb Baton Haxhija dhe Gent Cakaj\u201d 19 korrik 2019 Nga Ylli Dylgjeri Skeni pare gje akoma? Pas marifereve per te goditur News 24 dhe mbyllur njehersh edhe \u201cTe pa ekspozuarit\u201d, u ekspozua emeri i Drejtorit\u2026","rel":"","context":"In &quot;Blogu i Udh\u00ebtarit&quot;","block_context":{"text":"Blogu i Udh\u00ebtarit","link":"https:\/\/www.shqiperia.com\/blog\/category\/blogu-i-udhetarit\/"},"img":{"alt_text":"","src":"https:\/\/i0.wp.com\/www.shqiperia.com\/blog\/wp-content\/uploads\/2019\/07\/dylgjeri-1-750x430.jpg?fit=750%2C430&ssl=1&resize=350%2C200","width":350,"height":200,"srcset":"https:\/\/i0.wp.com\/www.shqiperia.com\/blog\/wp-content\/uploads\/2019\/07\/dylgjeri-1-750x430.jpg?fit=750%2C430&ssl=1&resize=350%2C200 1x, https:\/\/i0.wp.com\/www.shqiperia.com\/blog\/wp-content\/uploads\/2019\/07\/dylgjeri-1-750x430.jpg?fit=750%2C430&ssl=1&resize=525%2C300 1.5x, https:\/\/i0.wp.com\/www.shqiperia.com\/blog\/wp-content\/uploads\/2019\/07\/dylgjeri-1-750x430.jpg?fit=750%2C430&ssl=1&resize=700%2C400 2x"},"classes":[]},{"id":71149,"url":"https:\/\/www.shqiperia.com\/blog\/kurorezohet-mbreti-charles-iii-dhe-gruaja-e-tij-camila\/","url_meta":{"origin":97048,"position":5},"title":"Kuror\u00ebzohet Mbreti Charles III dhe gruaja e tij Camila","author":"Kurt Farka","date":"May 6, 2023","format":false,"excerpt":"6 Maji 2023 Kuror\u00ebzohet Mbreti Charles III dhe gruaja e tij Camila. Mbreti Charles III \u00ebsht\u00eb kuror\u00ebzuar n\u00eb Westminster Abbey nga kryepeshkopi i Canterbury, Justin Welby. Ky i fundit nd\u00ebrsa i vendosit\u00a0 n\u00eb kok\u00eb kuror\u00ebn mbretit u shpreh: \u201cMbreti i mbret\u00ebrve dhe zot i zot\u00ebrve, bekoje, t\u00eb lutemi, k\u00ebt\u00eb kuror\u00eb,\u2026","rel":"","context":"In &quot;Blogu i Udh\u00ebtarit&quot;","block_context":{"text":"Blogu i Udh\u00ebtarit","link":"https:\/\/www.shqiperia.com\/blog\/category\/blogu-i-udhetarit\/"},"img":{"alt_text":"","src":"https:\/\/i0.wp.com\/www.shqiperia.com\/blog\/wp-content\/uploads\/2023\/05\/800-0-9517d2ada875248cda076f80fa2de256.jpg?fit=800%2C403&ssl=1&resize=350%2C200","width":350,"height":200,"srcset":"https:\/\/i0.wp.com\/www.shqiperia.com\/blog\/wp-content\/uploads\/2023\/05\/800-0-9517d2ada875248cda076f80fa2de256.jpg?fit=800%2C403&ssl=1&resize=350%2C200 1x, https:\/\/i0.wp.com\/www.shqiperia.com\/blog\/wp-content\/uploads\/2023\/05\/800-0-9517d2ada875248cda076f80fa2de256.jpg?fit=800%2C403&ssl=1&resize=525%2C300 1.5x, https:\/\/i0.wp.com\/www.shqiperia.com\/blog\/wp-content\/uploads\/2023\/05\/800-0-9517d2ada875248cda076f80fa2de256.jpg?fit=800%2C403&ssl=1&resize=700%2C400 2x"},"classes":[]}],"_links":{"self":[{"href":"https:\/\/www.shqiperia.com\/blog\/wp-json\/wp\/v2\/posts\/97048","targetHints":{"allow":["GET"]}}],"collection":[{"href":"https:\/\/www.shqiperia.com\/blog\/wp-json\/wp\/v2\/posts"}],"about":[{"href":"https:\/\/www.shqiperia.com\/blog\/wp-json\/wp\/v2\/types\/post"}],"author":[{"embeddable":true,"href":"https:\/\/www.shqiperia.com\/blog\/wp-json\/wp\/v2\/users\/9"}],"replies":[{"embeddable":true,"href":"https:\/\/www.shqiperia.com\/blog\/wp-json\/wp\/v2\/comments?post=97048"}],"version-history":[{"count":1,"href":"https:\/\/www.shqiperia.com\/blog\/wp-json\/wp\/v2\/posts\/97048\/revisions"}],"predecessor-version":[{"id":97051,"href":"https:\/\/www.shqiperia.com\/blog\/wp-json\/wp\/v2\/posts\/97048\/revisions\/97051"}],"wp:featuredmedia":[{"embeddable":true,"href":"https:\/\/www.shqiperia.com\/blog\/wp-json\/wp\/v2\/media\/97049"}],"wp:attachment":[{"href":"https:\/\/www.shqiperia.com\/blog\/wp-json\/wp\/v2\/media?parent=97048"}],"wp:term":[{"taxonomy":"category","embeddable":true,"href":"https:\/\/www.shqiperia.com\/blog\/wp-json\/wp\/v2\/categories?post=97048"},{"taxonomy":"post_tag","embeddable":true,"href":"https:\/\/www.shqiperia.com\/blog\/wp-json\/wp\/v2\/tags?post=97048"}],"curies":[{"name":"wp","href":"https:\/\/api.w.org\/{rel}","templated":true}]}}