{"id":97045,"date":"2026-01-28T18:26:24","date_gmt":"2026-01-28T18:26:24","guid":{"rendered":"https:\/\/www.shqiperia.com\/blog\/?p=97045"},"modified":"2026-01-28T18:26:24","modified_gmt":"2026-01-28T18:26:24","slug":"qeveria-shqiptare-kerkon-punetore-ne-indonezi-si-pergjigjet-zv-ministrja-e-tyre","status":"publish","type":"post","link":"https:\/\/www.shqiperia.com\/blog\/qeveria-shqiptare-kerkon-punetore-ne-indonezi-si-pergjigjet-zv-ministrja-e-tyre\/","title":{"rendered":"Qeveria shqiptare k\u00ebrkon pun\u00ebtor\u00eb n\u00eb Indonezi, si p\u00ebrgjigjet zv\/ministrja e tyre"},"content":{"rendered":"<p><img data-recalc-dims=\"1\" loading=\"lazy\" decoding=\"async\" data-attachment-id=\"97046\" data-permalink=\"https:\/\/www.shqiperia.com\/blog\/qeveria-shqiptare-kerkon-punetore-ne-indonezi-si-pergjigjet-zv-ministrja-e-tyre\/christina-ayrana\/\" data-orig-file=\"https:\/\/i0.wp.com\/www.shqiperia.com\/blog\/wp-content\/uploads\/2026\/01\/christina-ayrana.webp?fit=689%2C488&amp;ssl=1\" data-orig-size=\"689,488\" data-comments-opened=\"1\" data-image-meta=\"{&quot;aperture&quot;:&quot;0&quot;,&quot;credit&quot;:&quot;&quot;,&quot;camera&quot;:&quot;&quot;,&quot;caption&quot;:&quot;&quot;,&quot;created_timestamp&quot;:&quot;0&quot;,&quot;copyright&quot;:&quot;&quot;,&quot;focal_length&quot;:&quot;0&quot;,&quot;iso&quot;:&quot;0&quot;,&quot;shutter_speed&quot;:&quot;0&quot;,&quot;title&quot;:&quot;&quot;,&quot;orientation&quot;:&quot;0&quot;}\" data-image-title=\"christina-ayrana\" data-image-description=\"\" data-image-caption=\"\" data-medium-file=\"https:\/\/i0.wp.com\/www.shqiperia.com\/blog\/wp-content\/uploads\/2026\/01\/christina-ayrana.webp?fit=300%2C212&amp;ssl=1\" data-large-file=\"https:\/\/i0.wp.com\/www.shqiperia.com\/blog\/wp-content\/uploads\/2026\/01\/christina-ayrana.webp?fit=689%2C488&amp;ssl=1\" class=\"alignnone  wp-image-97046\" alt=\"\" src=\"https:\/\/i0.wp.com\/www.shqiperia.com\/blog\/wp-content\/uploads\/2026\/01\/christina-ayrana.webp?resize=600%2C424&#038;ssl=1\" width=\"600\" height=\"424\" srcset=\"https:\/\/i0.wp.com\/www.shqiperia.com\/blog\/wp-content\/uploads\/2026\/01\/christina-ayrana.webp?resize=300%2C212&amp;ssl=1 300w, https:\/\/i0.wp.com\/www.shqiperia.com\/blog\/wp-content\/uploads\/2026\/01\/christina-ayrana.webp?resize=450%2C319&amp;ssl=1 450w, https:\/\/i0.wp.com\/www.shqiperia.com\/blog\/wp-content\/uploads\/2026\/01\/christina-ayrana.webp?resize=600%2C425&amp;ssl=1 600w, https:\/\/i0.wp.com\/www.shqiperia.com\/blog\/wp-content\/uploads\/2026\/01\/christina-ayrana.webp?resize=400%2C283&amp;ssl=1 400w, https:\/\/i0.wp.com\/www.shqiperia.com\/blog\/wp-content\/uploads\/2026\/01\/christina-ayrana.webp?w=689&amp;ssl=1 689w\" sizes=\"auto, (max-width: 600px) 100vw, 600px\" \/><\/p>\n<p>29 Janar 2026<\/p>\n<p>Z\u00ebvend\u00ebsministrja e Mbrojtjes s\u00eb Pun\u00ebtor\u00ebve Migrant\u00eb t\u00eb Indonezis\u00eb, Christina Aryani, ka b\u00ebr\u00eb disa komente pas nj\u00eb takimi online me Ambasadoren e Indonezis\u00eb n\u00eb Bullgari, Shqip\u00ebri dhe Maqedonin\u00eb e Veriut, Listiana Operananta.<\/p>\n<p>Aryani theksoi se negociatat me Tiran\u00ebn q\u00eb k\u00ebrkon krah pune nga vendi i saj duhet t\u00eb p\u00ebrfshijn\u00eb dispozita m\u00eb t\u00eb forta, ve\u00e7an\u00ebrisht n\u00eb fush\u00ebn e mbrojtjes s\u00eb\u00a0 pun\u00ebtor\u00ebve migrant\u00eb.<\/p>\n<p><em>\u201cP\u00ebr Shqip\u00ebrin\u00eb, po shtyjm\u00eb p\u00ebrpara nj\u00eb memorandum m\u00eb rigoroz, pasi ndjeshm\u00ebria ndaj \u00e7\u00ebshtjeve t\u00eb mbrojtjes s\u00eb pun\u00ebtor\u00ebve migrant\u00eb nuk ka qen\u00eb optimale. Disa raste q\u00eb p\u00ebrfshinin pun\u00ebtor\u00eb indonezian\u00eb nuk jan\u00eb raportuar n\u00eb m\u00ebnyr\u00eb proaktive dhe ka qen\u00eb e nevojshme nd\u00ebrhyrja e drejtp\u00ebrdrejt\u00eb e ambasad\u00ebs\u201d<\/em>, tha ajo.<\/p>\n<p>Z\u00ebvend\u00ebsministrja n\u00ebnvizoi se memorandumet e mir\u00ebkuptimit jan\u00eb thelb\u00ebsore p\u00ebr t\u00eb garantuar pun\u00ebsim t\u00eb sigurt, t\u00eb rregullt dhe t\u00eb mbrojtur p\u00ebr pun\u00ebtor\u00ebt indonezian\u00eb, duke siguruar respektimin e kushteve kontraktuale.<\/p>\n<p>Ajo renditi n\u00eb vendet problematike ve\u00e7 Shqip\u00ebris\u00eb, edhe Bullgarin\u00eb.<\/p>\n<p><em>\u201cSipas informimit nga Ambasada jon\u00eb n\u00eb Sofje, situata politike n\u00eb Bullgari \u00ebsht\u00eb aktualisht e paq\u00ebndrueshme. Megjithat\u00eb mund\u00ebsit\u00eb p\u00ebr pun\u00ebtor\u00ebt migrant\u00eb indonezian\u00eb vazhdojn\u00eb t\u00eb jen\u00eb t\u00eb disponueshme\u201d<\/em>, tha Aryani n\u00eb nj\u00eb deklarat\u00eb cituar nga agjencia Antara.<\/p>\n<p>Praktikat e deritanishme kan\u00eb p\u00ebrfshir\u00eb\u00a0 kontrata dy deri n\u00eb trevje\u00e7are p\u00ebr pun\u00ebtor\u00ebt indonezian\u00eb n\u00eb pozicione si recepsionist\u00eb, pastrues, mir\u00ebmbajt\u00ebs dhe terapist\u00eb.<\/p>\n","protected":false},"excerpt":{"rendered":"<p>29 Janar 2026 Z\u00ebvend\u00ebsministrja e Mbrojtjes s\u00eb Pun\u00ebtor\u00ebve Migrant\u00eb t\u00eb Indonezis\u00eb, Christina Aryani, ka b\u00ebr\u00eb disa komente pas nj\u00eb takimi online me Ambasadoren e Indonezis\u00eb n\u00eb Bullgari, Shqip\u00ebri dhe Maqedonin\u00eb e Veriut, Listiana Operananta. Aryani theksoi se negociatat me Tiran\u00ebn q\u00eb k\u00ebrkon krah pune nga vendi i saj duhet t\u00eb p\u00ebrfshijn\u00eb dispozita m\u00eb t\u00eb forta, [&hellip;]<\/p>\n","protected":false},"author":9,"featured_media":97046,"comment_status":"open","ping_status":"open","sticky":false,"template":"","format":"standard","meta":{"jetpack_post_was_ever_published":false,"_jetpack_newsletter_access":"","_jetpack_dont_email_post_to_subs":false,"_jetpack_newsletter_tier_id":0,"_jetpack_memberships_contains_paywalled_content":false,"_jetpack_memberships_contains_paid_content":false,"footnotes":"","jetpack_publicize_message":"","jetpack_publicize_feature_enabled":true,"jetpack_social_post_already_shared":true,"jetpack_social_options":{"image_generator_settings":{"template":"highway","default_image_id":0,"font":"","enabled":false},"version":2}},"categories":[27,1,2,35],"tags":[],"class_list":["post-97045","post","type-post","status-publish","format-standard","has-post-thumbnail","hentry","category-blogu-i-udhetarit","category-njoftime-shtypi","category-politika","category-shoqerore"],"jetpack_publicize_connections":[],"jetpack_featured_media_url":"https:\/\/i0.wp.com\/www.shqiperia.com\/blog\/wp-content\/uploads\/2026\/01\/christina-ayrana.webp?fit=689%2C488&ssl=1","jetpack_sharing_enabled":true,"jetpack_shortlink":"https:\/\/wp.me\/p5Z6wp-pff","jetpack-related-posts":[{"id":73239,"url":"https:\/\/www.shqiperia.com\/blog\/greqia-kerkon-60-mije-punetore-zgjidhje-jane-aziatiket\/","url_meta":{"origin":97045,"position":0},"title":"Greqia k\u00ebrkon 60 mij\u00eb pun\u00ebtor\u00eb. &#8211; Zgjidhje jan\u00eb aziatik\u00ebt!","author":"Kurt Farka","date":"August 3, 2023","format":false,"excerpt":"3 Gusht 2023 Disa rajone n\u00eb Greqi po k\u00ebrkojn\u00eb pun\u00ebtor\u00eb sezonal\u00eb nga Azia, p\u00ebr t\u00eb p\u00ebrballuar sezonin e vjeljes s\u00eb prodhimeve bujq\u00ebsore dhe frutore. Afrimi i sezonit t\u00eb vjeljes, ka rritur sfidat p\u00ebr fermer\u00ebt grek\u00eb q\u00eb nuk po gjejn\u00eb m\u00eb fuqi pun\u00ebtore p\u00ebr shkak t\u00eb interesit t\u00eb ul\u00ebt t\u00eb emigrant\u00ebve\u2026","rel":"","context":"In &quot;Blogu i Udh\u00ebtarit&quot;","block_context":{"text":"Blogu i Udh\u00ebtarit","link":"https:\/\/www.shqiperia.com\/blog\/category\/blogu-i-udhetarit\/"},"img":{"alt_text":"","src":"https:\/\/i0.wp.com\/www.shqiperia.com\/blog\/wp-content\/uploads\/2023\/08\/punetore.jpg?fit=640%2C360&ssl=1&resize=350%2C200","width":350,"height":200,"srcset":"https:\/\/i0.wp.com\/www.shqiperia.com\/blog\/wp-content\/uploads\/2023\/08\/punetore.jpg?fit=640%2C360&ssl=1&resize=350%2C200 1x, https:\/\/i0.wp.com\/www.shqiperia.com\/blog\/wp-content\/uploads\/2023\/08\/punetore.jpg?fit=640%2C360&ssl=1&resize=525%2C300 1.5x"},"classes":[]},{"id":97065,"url":"https:\/\/www.shqiperia.com\/blog\/nje-histori-e-pafundme-si-u-shnderrua-shqiperia-ne-pike-tranziti-per-grupet-e-trafikut-te-klandestineve\/","url_meta":{"origin":97045,"position":1},"title":"Nj\u00eb histori e pafundme, si u shnd\u00ebrrua Shqip\u00ebria n\u00eb pik\u00eb tranziti p\u00ebr grupet e trafikut t\u00eb klandestin\u00ebve","author":"Kurt Farka","date":"January 29, 2026","format":false,"excerpt":"29 Janar 2026 Kalimi ilegal i emigrant\u00ebve nga vendet e Lindjes s\u00eb Mesme dhe Afrik\u00ebs Veriore permes Shqiperise \u00ebsht\u00eb nj\u00eb biznes i v\u00ebrtet\u00eb. Fitimet e personave q\u00eb merren me kalimin ilegal t\u00eb k\u00ebtyre personave arrijn\u00eb deri n\u00eb miliona euro vjetore. Ata kan\u00eb nj\u00eb rrjet t\u00eb mir\u00eborganizuar ku p\u00ebrfshihen q\u00eb nga\u2026","rel":"","context":"In &quot;Blogu i Udh\u00ebtarit&quot;","block_context":{"text":"Blogu i Udh\u00ebtarit","link":"https:\/\/www.shqiperia.com\/blog\/category\/blogu-i-udhetarit\/"},"img":{"alt_text":"","src":"https:\/\/i0.wp.com\/www.shqiperia.com\/blog\/wp-content\/uploads\/2026\/01\/900-0-1740420914x1738742810-emigrantet-184-1.jpg?fit=837%2C508&ssl=1&resize=350%2C200","width":350,"height":200,"srcset":"https:\/\/i0.wp.com\/www.shqiperia.com\/blog\/wp-content\/uploads\/2026\/01\/900-0-1740420914x1738742810-emigrantet-184-1.jpg?fit=837%2C508&ssl=1&resize=350%2C200 1x, https:\/\/i0.wp.com\/www.shqiperia.com\/blog\/wp-content\/uploads\/2026\/01\/900-0-1740420914x1738742810-emigrantet-184-1.jpg?fit=837%2C508&ssl=1&resize=525%2C300 1.5x, https:\/\/i0.wp.com\/www.shqiperia.com\/blog\/wp-content\/uploads\/2026\/01\/900-0-1740420914x1738742810-emigrantet-184-1.jpg?fit=837%2C508&ssl=1&resize=700%2C400 2x"},"classes":[]},{"id":81163,"url":"https:\/\/www.shqiperia.com\/blog\/analiza-e-rel-ne-radhe-per-filipinasit-shqiperia-pergatitet-per-rekrutimin-e-dhjetera-mijera-punetoreve-te-huaj\/","url_meta":{"origin":97045,"position":2},"title":"Analiza e REL: &#8211; &#8220;N\u00eb radh\u00eb p\u00ebr filipinasit&#8221;. &#8211;  Shqip\u00ebria p\u00ebrgatitet p\u00ebr rekrutimin e dhjet\u00ebra mij\u00ebra pun\u00ebtor\u00ebve t\u00eb huaj","author":"Kurt Farka","date":"May 18, 2024","format":false,"excerpt":"18 Maji 2024 Shqip\u00ebria, prej vitesh, vuan munges\u00ebn e fuqis\u00eb pun\u00ebtore. P\u00ebr ta leht\u00ebsuar k\u00ebt\u00eb problem, Qeveria \u00ebsht\u00eb n\u00eb negociata me Filipinet p\u00ebr nj\u00eb marr\u00ebveshje q\u00eb do t\u2019i sillte mij\u00ebra pun\u00ebtor\u00eb. P\u00ebrfaq\u00ebsuesit e biznesit - kryesisht t\u00eb sektorit t\u00eb turizmit dhe manifaktur\u00ebs, q\u00eb p\u00ebrballen me munges\u00eb t\u00eb theksuar pun\u00ebtor\u00ebsh -\u2026","rel":"","context":"In &quot;Blogu i Udh\u00ebtarit&quot;","block_context":{"text":"Blogu i Udh\u00ebtarit","link":"https:\/\/www.shqiperia.com\/blog\/category\/blogu-i-udhetarit\/"},"img":{"alt_text":"","src":"https:\/\/i0.wp.com\/www.shqiperia.com\/blog\/wp-content\/uploads\/2024\/05\/d0af5b77cff9d39a20cb8bdc2cf9f1da_XL-2.jpg?fit=800%2C490&ssl=1&resize=350%2C200","width":350,"height":200,"srcset":"https:\/\/i0.wp.com\/www.shqiperia.com\/blog\/wp-content\/uploads\/2024\/05\/d0af5b77cff9d39a20cb8bdc2cf9f1da_XL-2.jpg?fit=800%2C490&ssl=1&resize=350%2C200 1x, https:\/\/i0.wp.com\/www.shqiperia.com\/blog\/wp-content\/uploads\/2024\/05\/d0af5b77cff9d39a20cb8bdc2cf9f1da_XL-2.jpg?fit=800%2C490&ssl=1&resize=525%2C300 1.5x, https:\/\/i0.wp.com\/www.shqiperia.com\/blog\/wp-content\/uploads\/2024\/05\/d0af5b77cff9d39a20cb8bdc2cf9f1da_XL-2.jpg?fit=800%2C490&ssl=1&resize=700%2C400 2x"},"classes":[]},{"id":64978,"url":"https:\/\/www.shqiperia.com\/blog\/gjermania-ka-nevoje-per-me-shume-punetore-te-huaj\/","url_meta":{"origin":97045,"position":3},"title":"Gjermania ka nevoj\u00eb p\u00ebr m\u00eb shum\u00eb pun\u00ebtor\u00eb t\u00eb huaj","author":"Kurt Farka","date":"November 30, 2022","format":false,"excerpt":"30 Nentor 2022 Agjencia Federale e Pun\u00ebs n\u00eb Gjermani pohon, se ekonomia dhe kompanit\u00eb e mesme mb\u00ebshtesin ardhjen e fuqis\u00eb pun\u00ebtore nga vendet e tjera. Ekonomia nuk mund t\u00eb funksionoj\u00eb n\u00eb form\u00ebn e tanishme pa pun\u00ebtor\u00ebt shtes\u00eb. Shefja e Agjencis\u00eb Federale t\u00eb Pun\u00eb, Andrea Nahles, b\u00ebn thirrje p\u00ebr m\u00eb shum\u00eb\u2026","rel":"","context":"In &quot;Blogu i Udh\u00ebtarit&quot;","block_context":{"text":"Blogu i Udh\u00ebtarit","link":"https:\/\/www.shqiperia.com\/blog\/category\/blogu-i-udhetarit\/"},"img":{"alt_text":"","src":"https:\/\/i0.wp.com\/www.shqiperia.com\/blog\/wp-content\/uploads\/2022\/11\/640-0-a617cd0f3be7606b39bbbd1c4f1f8ca0.jpg?fit=640%2C360&ssl=1&resize=350%2C200","width":350,"height":200,"srcset":"https:\/\/i0.wp.com\/www.shqiperia.com\/blog\/wp-content\/uploads\/2022\/11\/640-0-a617cd0f3be7606b39bbbd1c4f1f8ca0.jpg?fit=640%2C360&ssl=1&resize=350%2C200 1x, https:\/\/i0.wp.com\/www.shqiperia.com\/blog\/wp-content\/uploads\/2022\/11\/640-0-a617cd0f3be7606b39bbbd1c4f1f8ca0.jpg?fit=640%2C360&ssl=1&resize=525%2C300 1.5x"},"classes":[]},{"id":59400,"url":"https:\/\/www.shqiperia.com\/blog\/qeveria-politika-te-cpopullimit-te-popullsise-autoktone-220-mije-shqiptare-iken-emigrante-ne-6-vite\/","url_meta":{"origin":97045,"position":4},"title":"Qeveria politika te cpopullimit te popullsise autoktone: &#8211; 220 mij\u00eb shqiptar\u00eb ik\u00ebn emigrant\u00eb n\u00eb 6 vite","author":"Kurt Farka","date":"June 26, 2022","format":false,"excerpt":"26 Qershor 2022 T\u00eb dh\u00ebnat dramatike, \u201cVOA\u201d: - 220 mij\u00eb shqiptar\u00eb ik\u00ebn emigrant\u00eb n\u00eb 6 vite, zvog\u00eblohet fuqia pun\u00ebtore, bujq\u00ebsia n\u00eb duart e t\u00eb moshuarve N\u00eb Shqip\u00ebri ka nisur t\u00eb ndjehet mungesa e fuqis\u00eb pun\u00ebtore, sidomos n\u00eb sektorin e bujq\u00ebsis\u00eb p\u00ebr shkak t\u00eb emigracionit dhe r\u00ebnies s\u00eb numrit t\u00eb lindjeve.\u2026","rel":"","context":"In &quot;Blogu i Udh\u00ebtarit&quot;","block_context":{"text":"Blogu i Udh\u00ebtarit","link":"https:\/\/www.shqiperia.com\/blog\/category\/blogu-i-udhetarit\/"},"img":{"alt_text":"","src":"https:\/\/i0.wp.com\/www.shqiperia.com\/blog\/wp-content\/uploads\/2022\/06\/Qeveria-politika-te-cpopullimitte-popullsise-autoktone.jpg?fit=770%2C380&ssl=1&resize=350%2C200","width":350,"height":200,"srcset":"https:\/\/i0.wp.com\/www.shqiperia.com\/blog\/wp-content\/uploads\/2022\/06\/Qeveria-politika-te-cpopullimitte-popullsise-autoktone.jpg?fit=770%2C380&ssl=1&resize=350%2C200 1x, https:\/\/i0.wp.com\/www.shqiperia.com\/blog\/wp-content\/uploads\/2022\/06\/Qeveria-politika-te-cpopullimitte-popullsise-autoktone.jpg?fit=770%2C380&ssl=1&resize=525%2C300 1.5x, https:\/\/i0.wp.com\/www.shqiperia.com\/blog\/wp-content\/uploads\/2022\/06\/Qeveria-politika-te-cpopullimitte-popullsise-autoktone.jpg?fit=770%2C380&ssl=1&resize=700%2C400 2x"},"classes":[]},{"id":69364,"url":"https:\/\/www.shqiperia.com\/blog\/bangladeshasit-ikin-vine-nga-nepali-puntoret-ne-vlore-2000-dollare-te-sjellesh-nje-punetor\/","url_meta":{"origin":97045,"position":5},"title":"Bangladeshasit ikin, vine nga Nepali puntoret n\u00eb Vlor\u00eb: &#8211; 2000 dollar\u00eb t\u00eb sjell\u00ebsh nj\u00eb pun\u00ebtor","author":"Kurt Farka","date":"March 10, 2023","format":false,"excerpt":"10 Mars 2023 Shum\u00eb sektor\u00eb t\u00eb ekonomis\u00eb po vuajn\u00eb munges\u00ebn e pun\u00ebtor\u00ebve, pasi edhe bangladeshasit ik\u00ebn. Nepali \u00ebsht\u00eb vendi i radh\u00ebs nga ku s\u00eb fundimi po rekrutohen punonj\u00ebsit dhe vet\u00ebm p\u00ebr nj\u00eb prej tyre kostoja shkon \u00a0deri n\u00eb 2000$. Bangladeshasit ik\u00ebn, ndaj n\u00eb Vlor\u00eb po vijn\u00eb nepalez\u00ebt. 2000 dollar\u00eb kushton\u2026","rel":"","context":"In &quot;Blogu i Udh\u00ebtarit&quot;","block_context":{"text":"Blogu i Udh\u00ebtarit","link":"https:\/\/www.shqiperia.com\/blog\/category\/blogu-i-udhetarit\/"},"img":{"alt_text":"","src":"https:\/\/i0.wp.com\/www.shqiperia.com\/blog\/wp-content\/uploads\/2023\/03\/636b7a819c7e80680e064765jpeg.jpg?fit=720%2C334&ssl=1&resize=350%2C200","width":350,"height":200,"srcset":"https:\/\/i0.wp.com\/www.shqiperia.com\/blog\/wp-content\/uploads\/2023\/03\/636b7a819c7e80680e064765jpeg.jpg?fit=720%2C334&ssl=1&resize=350%2C200 1x, https:\/\/i0.wp.com\/www.shqiperia.com\/blog\/wp-content\/uploads\/2023\/03\/636b7a819c7e80680e064765jpeg.jpg?fit=720%2C334&ssl=1&resize=525%2C300 1.5x, https:\/\/i0.wp.com\/www.shqiperia.com\/blog\/wp-content\/uploads\/2023\/03\/636b7a819c7e80680e064765jpeg.jpg?fit=720%2C334&ssl=1&resize=700%2C400 2x"},"classes":[]}],"_links":{"self":[{"href":"https:\/\/www.shqiperia.com\/blog\/wp-json\/wp\/v2\/posts\/97045","targetHints":{"allow":["GET"]}}],"collection":[{"href":"https:\/\/www.shqiperia.com\/blog\/wp-json\/wp\/v2\/posts"}],"about":[{"href":"https:\/\/www.shqiperia.com\/blog\/wp-json\/wp\/v2\/types\/post"}],"author":[{"embeddable":true,"href":"https:\/\/www.shqiperia.com\/blog\/wp-json\/wp\/v2\/users\/9"}],"replies":[{"embeddable":true,"href":"https:\/\/www.shqiperia.com\/blog\/wp-json\/wp\/v2\/comments?post=97045"}],"version-history":[{"count":1,"href":"https:\/\/www.shqiperia.com\/blog\/wp-json\/wp\/v2\/posts\/97045\/revisions"}],"predecessor-version":[{"id":97047,"href":"https:\/\/www.shqiperia.com\/blog\/wp-json\/wp\/v2\/posts\/97045\/revisions\/97047"}],"wp:featuredmedia":[{"embeddable":true,"href":"https:\/\/www.shqiperia.com\/blog\/wp-json\/wp\/v2\/media\/97046"}],"wp:attachment":[{"href":"https:\/\/www.shqiperia.com\/blog\/wp-json\/wp\/v2\/media?parent=97045"}],"wp:term":[{"taxonomy":"category","embeddable":true,"href":"https:\/\/www.shqiperia.com\/blog\/wp-json\/wp\/v2\/categories?post=97045"},{"taxonomy":"post_tag","embeddable":true,"href":"https:\/\/www.shqiperia.com\/blog\/wp-json\/wp\/v2\/tags?post=97045"}],"curies":[{"name":"wp","href":"https:\/\/api.w.org\/{rel}","templated":true}]}}