{"id":97042,"date":"2026-01-28T18:21:43","date_gmt":"2026-01-28T18:21:43","guid":{"rendered":"https:\/\/www.shqiperia.com\/blog\/?p=97042"},"modified":"2026-01-28T18:21:43","modified_gmt":"2026-01-28T18:21:43","slug":"agjencia-shteterore-turke-sulmon-ramen-heshti-per-gjenocidin-ne-gaza-iu-servilos-netanyahut-se-ka-hallin-e-trump-1856-28-01-2026-a-a-agjencia-shteterore-turke-sulmon-ramen-heshti-per-gjenoci","status":"publish","type":"post","link":"https:\/\/www.shqiperia.com\/blog\/agjencia-shteterore-turke-sulmon-ramen-heshti-per-gjenocidin-ne-gaza-iu-servilos-netanyahut-se-ka-hallin-e-trump-1856-28-01-2026-a-a-agjencia-shteterore-turke-sulmon-ramen-heshti-per-gjenoci\/","title":{"rendered":"Agjencia shtet\u00ebrore turke sulmon Ram\u00ebn: Heshti p\u00ebr gjenocidin n\u00eb Gaza, iu servilos Netanyahut se ka hallin e Trump   18:56 | 28\/01\/2026 A A Agjencia shtet\u00ebrore turke sulmon Ram\u00ebn: &#8211; Heshti p\u00ebr gjenocidin n\u00eb Gaza, iu servilos Netanyahut se ka hallin e Trump Kryeministri shqip"},"content":{"rendered":"<p><img data-recalc-dims=\"1\" loading=\"lazy\" decoding=\"async\" data-attachment-id=\"97043\" data-permalink=\"https:\/\/www.shqiperia.com\/blog\/agjencia-shteterore-turke-sulmon-ramen-heshti-per-gjenocidin-ne-gaza-iu-servilos-netanyahut-se-ka-hallin-e-trump-1856-28-01-2026-a-a-agjencia-shteterore-turke-sulmon-ramen-heshti-per-gjenoci\/auto_ramaaaaa1769622407\/\" data-orig-file=\"https:\/\/i0.wp.com\/www.shqiperia.com\/blog\/wp-content\/uploads\/2026\/01\/auto_ramaaaaa1769622407.jpg?fit=900%2C506&amp;ssl=1\" data-orig-size=\"900,506\" data-comments-opened=\"1\" data-image-meta=\"{&quot;aperture&quot;:&quot;0&quot;,&quot;credit&quot;:&quot;&quot;,&quot;camera&quot;:&quot;&quot;,&quot;caption&quot;:&quot;&quot;,&quot;created_timestamp&quot;:&quot;0&quot;,&quot;copyright&quot;:&quot;&quot;,&quot;focal_length&quot;:&quot;0&quot;,&quot;iso&quot;:&quot;0&quot;,&quot;shutter_speed&quot;:&quot;0&quot;,&quot;title&quot;:&quot;&quot;,&quot;orientation&quot;:&quot;0&quot;}\" data-image-title=\"auto_ramaaaaa1769622407\" data-image-description=\"\" data-image-caption=\"\" data-medium-file=\"https:\/\/i0.wp.com\/www.shqiperia.com\/blog\/wp-content\/uploads\/2026\/01\/auto_ramaaaaa1769622407.jpg?fit=300%2C169&amp;ssl=1\" data-large-file=\"https:\/\/i0.wp.com\/www.shqiperia.com\/blog\/wp-content\/uploads\/2026\/01\/auto_ramaaaaa1769622407.jpg?fit=900%2C506&amp;ssl=1\" class=\"alignnone  wp-image-97043\" alt=\"\" src=\"https:\/\/i0.wp.com\/www.shqiperia.com\/blog\/wp-content\/uploads\/2026\/01\/auto_ramaaaaa1769622407.jpg?resize=655%2C369&#038;ssl=1\" width=\"655\" height=\"369\" srcset=\"https:\/\/i0.wp.com\/www.shqiperia.com\/blog\/wp-content\/uploads\/2026\/01\/auto_ramaaaaa1769622407.jpg?resize=300%2C169&amp;ssl=1 300w, https:\/\/i0.wp.com\/www.shqiperia.com\/blog\/wp-content\/uploads\/2026\/01\/auto_ramaaaaa1769622407.jpg?resize=768%2C432&amp;ssl=1 768w, https:\/\/i0.wp.com\/www.shqiperia.com\/blog\/wp-content\/uploads\/2026\/01\/auto_ramaaaaa1769622407.jpg?resize=450%2C253&amp;ssl=1 450w, https:\/\/i0.wp.com\/www.shqiperia.com\/blog\/wp-content\/uploads\/2026\/01\/auto_ramaaaaa1769622407.jpg?resize=600%2C337&amp;ssl=1 600w, https:\/\/i0.wp.com\/www.shqiperia.com\/blog\/wp-content\/uploads\/2026\/01\/auto_ramaaaaa1769622407.jpg?resize=400%2C225&amp;ssl=1 400w, https:\/\/i0.wp.com\/www.shqiperia.com\/blog\/wp-content\/uploads\/2026\/01\/auto_ramaaaaa1769622407.jpg?w=900&amp;ssl=1 900w\" sizes=\"auto, (max-width: 655px) 100vw, 655px\" \/><\/p>\n<p>29 Janar 2026<\/p>\n<p>Kryeministri shqiptar, Edi Rama, e mbrojti Izraelin nga p\u00ebrgjegj\u00ebsia gjat\u00eb nj\u00eb fjalimi n\u00eb Knesset, duke ia atribuuar t\u00ebr\u00ebsisht Hamasit katastrof\u00ebn humanitare n\u00eb Gaza dhe duke injoruar mbi 71 mij\u00eb palestinez\u00eb t\u00eb vrar\u00eb n\u00eb gjenocidin e vazhduesh\u00ebm t\u00eb Izraelit.<\/p>\n<p>Duke iu drejtuar parlamentit izraelit, Knesset-it, t\u00eb mart\u00ebn, Rama e hapi fjalimin duke shprehur vullnet t\u00eb mir\u00eb ndaj udh\u00ebheq\u00ebsve izraelit\u00eb, p\u00ebrfshir\u00eb kryeministrin Benjamin Netanyahu, si dhe duke theksuar solidaritetin e hersh\u00ebm t\u00eb Shqip\u00ebris\u00eb me popullin hebre.<\/p>\n<p>Rama vuri n\u00eb dukje mb\u00ebshtetjen historike t\u00eb Shqip\u00ebris\u00eb p\u00ebr hebrenjt\u00eb, duke th\u00ebn\u00eb se vendi dhe populli i tij, t\u00eb cil\u00ebt \u2013 sipas tij \u2013 q\u00ebndruan \u201csi pak t\u00eb tjer\u00eb p\u00ebr popullin hebre\u201d, meritojn\u00eb mir\u00ebnjohje nga Izraeli.<\/p>\n<p>Ai tha se ndihej i nderuar q\u00eb kishte marr\u00eb Medaljen Presidenciale t\u00eb Nderit nga presidenti Isaac Herzog, t\u00eb cilin e p\u00ebrshkroi si nj\u00eb \u201cmik fisnik dhe besnik t\u00eb Shqip\u00ebris\u00eb\u201d.<\/p>\n<p>Megjithat\u00eb, ekspert\u00eb shqiptar\u00eb n\u00eb nj\u00eb intervist\u00eb p\u00ebr Anadolu theksuan se fjalimi i Ram\u00ebs ishte \u201ci nj\u00ebansh\u00ebm\u201d, duke e vendosur Shqip\u00ebrin\u00eb n\u00eb pozicion mb\u00ebshtet\u00ebs t\u00eb Izraelit n\u00eb luft\u00ebn n\u00eb Gaza.<\/p>\n<p>Analisti politik shqiptar, Marlind Laci, duke komentuar fjalimin, theksoi se qeveria e Ram\u00ebs \u201cnuk ka nj\u00eb plan t\u00eb qart\u00eb\u201d, por udh\u00ebhiqet m\u00eb shum\u00eb nga \u201cinstinkti personal\u201d i Ram\u00ebs sesa nga interesi komb\u00ebtar i Shqip\u00ebris\u00eb.<\/p>\n<p>\u201cNuk ka asnj\u00eb plan afatmes\u00ebm apo afatgjat\u00eb lidhur me objektivat e Republik\u00ebs s\u00eb Shqip\u00ebris\u00eb n\u00eb Ballkan dhe n\u00eb Lindjen e Mesme\u201d, n\u00ebnvizoi ai.<\/p>\n<p>Rama e shfaj\u00ebson Izraelin nga p\u00ebrgjegj\u00ebsia, duke e shpallur Hamasin si \u2018burgos\u00ebsin\u2019 e vet\u00ebm t\u00eb Gaz\u00ebs<\/p>\n<p>Duke b\u00ebr\u00eb nj\u00eb paraleliz\u00ebm me t\u00eb kaluar\u00ebn e Shqip\u00ebris\u00eb, Rama tha se kritikat nd\u00ebrkomb\u00ebtare shpesh e keqidentifikojn\u00eb burimin e vuajtjes n\u00eb Gaza, duke argumentuar se shum\u00eb v\u00ebzhgues \u201ce kan\u00eb ngat\u00ebrruar gishtin me at\u00eb q\u00eb ai tregon\u201d dhe nuk kan\u00eb arritur t\u00eb shohin se \u201cburgos\u00ebsi i Gaz\u00ebs \u00ebsht\u00eb Hamasi, askush tjet\u00ebr ve\u00e7 Hamasit\u201d.<\/p>\n<p>Ai e akuzoi grupin p\u00ebr instalimin e nj\u00eb sistemi t\u00eb dhunsh\u00ebm dhe totalitar, duke th\u00ebn\u00eb se \u201cideologjia e tij e terrorit kund\u00ebr popullit t\u00eb vet dhe ndaj kombit hebre\u201d si dhe \u201cdogma e tij totalitare se asnj\u00eb jet\u00eb palestineze nuk vlen t\u00eb jetohet derisa Shteti i Izraelit t\u00eb shkat\u00ebrrohet dhe hebreu i fundit t\u00eb d\u00ebbohet nga Toka e Shenjt\u00eb\u201d, jan\u00eb n\u00eb thelb t\u00eb konfliktit.<\/p>\n<p>Rama argumentoi se asnj\u00eb zgjidhje politike e q\u00ebndrueshme nuk \u00ebsht\u00eb e mundur pa largimin e Hamasit dhe tha se \u201cderisa Hamasi t\u00eb \u00e7montohet plot\u00ebsisht, dy milion\u00eb t\u00eb burgosurit e tij nuk do t\u00eb jen\u00eb t\u00eb lir\u00eb dhe asnj\u00eb paqe nuk do t\u00eb zgjas\u00eb\u201d.<\/p>\n<p>Ai p\u00ebrmendi gjithashtu nj\u00eb tunel t\u00eb epok\u00ebs komuniste n\u00eb Tiran\u00eb, tashm\u00eb i kthyer n\u00eb memorial, duke th\u00ebn\u00eb se shpreson q\u00eb disa nga \u201ctunelet e terrorit\u201d t\u00eb Hamasit n\u00eb Gaza nj\u00eb dit\u00eb t\u00eb ruhen si hap\u00ebsira t\u00eb kujtes\u00ebs kolektive.<\/p>\n<p>Duke iu referuar nj\u00eb citati t\u00eb Primo Levit \u2013 \u201cAta q\u00eb e harrojn\u00eb t\u00eb kaluar\u00ebn jan\u00eb t\u00eb d\u00ebnuar ta rip\u00ebrjetojn\u00eb\u201d \u2013 Rama theksoi se nuk po b\u00ebnte asnj\u00eb paraleliz\u00ebm me Holokaustin, t\u00eb cilin e p\u00ebrshkroi si \u201cnj\u00eb krim t\u00eb pashembullt n\u00eb historin\u00eb e njer\u00ebzimit\u201d.<\/p>\n<p>Pavar\u00ebsisht se iu referua vazhdimisht \u201ckonflikteve t\u00eb p\u00ebrgjakshme\u201d, Rama nuk e p\u00ebrmendi gjenocidin n\u00eb Gaza, i cili \u00ebsht\u00eb njohur nga organizata t\u00eb shumta p\u00ebr t\u00eb drejtat e njeriut dhe nga disa shtete.<\/p>\n<p>Laci theksoi se deklaratat e Ram\u00ebs e vendosin Shqip\u00ebrin\u00eb n\u00eb rreshtin e \u201cmb\u00ebshtet\u00ebsve\u201d t\u00eb asaj q\u00eb p\u00ebrshkruhet si gjenocidi m\u00eb i dokumentuar dhe i paprecedent\u00eb n\u00eb historin\u00eb njer\u00ebzore, i kryer nga Benjamin Netanyahu n\u00eb Gaza.<\/p>\n<p>Aktivisti shqiptar Floriar Arapi tha se qeveria e Ram\u00ebs \u00ebsht\u00eb e nj\u00ebanshme, \u201cplot\u00ebsisht n\u00eb favor t\u00eb Izraelit\u201d, nd\u00ebrkoh\u00eb q\u00eb deklaratat e Ram\u00ebs p\u00ebr Lindjen e Mesme zakonisht flasin p\u00ebr paqe, dialog dhe bashk\u00ebjetes\u00eb.<\/p>\n<p>\u201cGjat\u00eb viteve t\u00eb luft\u00ebs n\u00eb Gaza, Shqip\u00ebria dhe Rama zakonisht kan\u00eb votuar n\u00eb favor t\u00eb Izraelit dhe her\u00eb pas here kan\u00eb abstenuar. Ata kan\u00eb d\u00ebnuar rregullisht veprimet e Hamasit, por kurr\u00eb krimet e luft\u00ebs dhe gjenocidin izraelit kund\u00ebr popullit palestinez\u201d, shtoi ai.<\/p>\n<p>Rama i serviloset Netanyahut me \u2018I dashur Bibi\u2019 dhe fal\u00ebnderime t\u00eb tepruara<\/p>\n<p>Pasi iu drejtua Hamasit, Rama kaloi n\u00eb lavd\u00ebrimin e udh\u00ebheq\u00ebsve izraelit\u00eb. Ai fal\u00ebnderoi presidentin Herzog, kryetarin e Knesset-it Amir Ohana, kryeministrin Netanyahu dhe figura t\u00eb opozit\u00ebs, duke e quajtur momentin thell\u00ebsisht emocional.<\/p>\n<p>Ai pranoi nervozizmin e tij, duke b\u00ebr\u00eb shaka se \u201cgjunj\u00ebt po m\u00eb dridhen\u201d dhe duke e krahasuar fjalimin para Netanyahut me \u201cnj\u00eb provim fjalimi\u201d, duke qen\u00eb se, sipas tij, kryeministri \u00ebsht\u00eb nd\u00ebr orator\u00ebt m\u00eb t\u00eb mir\u00eb n\u00eb bot\u00eb.<\/p>\n<p>Duke iu drejtuar drejtp\u00ebrdrejt Netanyahut si \u201ci dashur Bibi\u201d, ai tha se do t\u00eb \u201cb\u00ebj\u00eb m\u00eb t\u00eb mir\u00ebn\u2026 p\u00ebr t\u2019i mbijetuar gjykimit tuaj\u201d dhe b\u00ebri shaka se ishte \u201cfol\u00ebsi i dyt\u00eb pas Trump-it q\u00eb nuk mund ta shmangni thjesht duke mos d\u00ebgjuar\u201d. Ai e p\u00ebrmbylli k\u00ebt\u00eb pjes\u00eb duke shprehur, \u201cme frym\u00ebmarrje m\u00eb t\u00eb qet\u00eb\u201d, \u201cmir\u00ebnjohjen m\u00eb t\u00eb thell\u00eb dhe m\u00eb t\u00eb sinqert\u00eb p\u00ebr mikpritjen\u201d.<\/p>\n<p>Laci theksoi se Rama e sheh Netanyahun si nj\u00eb \u201ckatapult\u00eb q\u00eb mund ta shtyj\u00eb\u201d drejt nj\u00eb takimi me presidentin amerikan Donald Trump, \u201ci cili duket se nuk e favorizon shum\u00eb Ram\u00ebn\u201d.<\/p>\n<p>Sipas Lacit, Rama sheh tek Izraeli dhe lobi sionist nd\u00ebrkomb\u00ebtar nj\u00eb mund\u00ebsi p\u00ebr t\u2019u shp\u00ebtuar \u00e7\u00ebshtjeve t\u00eb korrupsionit t\u00eb qeveris\u00eb s\u00eb tij, duke supozuar se Prokuroria e Posa\u00e7me Kund\u00ebr Korrupsionit do t\u00eb \u201cintimidohet\u201d nga p\u00ebrmasat e fjalimit t\u00eb tij.<\/p>\n<p>Rama i referohet historis\u00eb hebraike t\u00eb Shqip\u00ebris\u00eb nd\u00ebrsa mb\u00ebshtet gjenocidin n\u00eb Gaza<\/p>\n<p>Duke folur p\u00ebr marr\u00ebdh\u00ebniet e ngushta t\u00eb Shqip\u00ebris\u00eb me Izraelin, Rama theksoi rolin historik t\u00eb vendit t\u00eb tij n\u00eb mbrojtjen e hebrenjve, duke th\u00ebn\u00eb se rekordi i Shqip\u00ebris\u00eb gjat\u00eb Luft\u00ebs s\u00eb Dyt\u00eb Bot\u00ebrore ishte i pakrahasuesh\u00ebm n\u00eb Evrop\u00eb.<\/p>\n<p>Ai tha se Shqip\u00ebria sh\u00ebrbeu si streh\u00eb e sigurt p\u00ebr hebrenjt\u00eb q\u00eb iknin nga persekutimi, duke theksuar se mbrojtja e komuniteteve hebraike nuk ishte p\u00ebrjashtim, por pjes\u00eb e jet\u00ebs s\u00eb p\u00ebrditshme n\u00eb vend.<\/p>\n<p>Rama tha se Shqip\u00ebria s\u00eb shpejti do t\u00eb hap\u00eb muzeun e saj t\u00eb par\u00eb kushtuar mbrojtjes dhe shp\u00ebtimit t\u00eb hebrenjve n\u00eb qytetin jugor t\u00eb Vlor\u00ebs, duke v\u00ebn\u00eb n\u00eb dukje se n\u00eb shekullin XVI, hebrenjt\u00eb q\u00eb iknin nga persekutimi n\u00eb Evrop\u00ebn Per\u00ebndimore p\u00ebrb\u00ebnin m\u00eb shum\u00eb se gjysm\u00ebn e popullsis\u00eb s\u00eb qytetit.<\/p>\n<p>Ai shtoi se, pavar\u00ebsisht madh\u00ebsis\u00eb s\u00eb vog\u00ebl, Shqip\u00ebria ishte i vetmi vend n\u00eb Evrop\u00eb q\u00eb doli nga Lufta e Dyt\u00eb Bot\u00ebrore me nj\u00eb popullsi hebraike m\u00eb t\u00eb madhe se n\u00eb fillim t\u00eb luft\u00ebs.<\/p>\n<p>Rama tha se asnj\u00eb vend tjet\u00ebr evropian nuk mund t\u00eb pretendonte nj\u00eb \u201cflet\u00eb historike t\u00eb past\u00ebr\u201d, duke theksuar se asnj\u00eb hebre \u201cnuk iu dor\u00ebzua nazist\u00ebve\u201d.<\/p>\n<p>Ai argumentoi se historia e Shqip\u00ebris\u00eb tregon se t\u00eb qen\u00ebt mysliman dhe antisemit nuk jan\u00eb domosdoshm\u00ebrisht t\u00eb lidhura, duke th\u00ebn\u00eb se antisemitizmi nuk buron nga feja, por nga tradhtia e saj.<\/p>\n<p>Rama shtoi m\u00eb tej: \u201cEkziston nj\u00eb histori e thell\u00eb q\u00eb i lidh popujt tan\u00eb. Kapitulli kulmor, sigurisht, \u00ebsht\u00eb koha e err\u00ebt e Holokaustit.\u201d<\/p>\n<p>Megjithat\u00eb, Laci theksoi se Shqip\u00ebria ka qen\u00eb nj\u00eb vend \u201cpaqedash\u00ebs\u201d q\u00eb nga viti 1912 dhe nuk ka precedent\u00eb t\u00eb mb\u00ebshtetjes s\u00eb agresor\u00ebve apo t\u00eb shkeljes s\u00eb ndonj\u00eb shteti fqinj.<\/p>\n<p>\u201cNj\u00eb histori q\u00eb vlen t\u00eb glorifikohet \u00ebsht\u00eb strehimi i hebrenjve gjat\u00eb Luft\u00ebs s\u00eb Dyt\u00eb Bot\u00ebrore, kur ata po persekutoheshin barbarisht nga Gestapo e Hitlerit. Ky mbrojtje nuk erdhi si rezultat i p\u00ebrkat\u00ebsis\u00eb fetare apo etnike, por si rezultat i humanizmit t\u00eb popullit shqiptar, i cili gjithmon\u00eb ka q\u00ebndruar n\u00eb solidaritet me viktim\u00ebn\u201d, tha ai.<\/p>\n<p>Rama p\u00ebrs\u00ebrit linj\u00ebn izraelite p\u00ebr Iranin, p\u00ebrqafon q\u00ebndrim konfrontues<\/p>\n<p>Rama kritikoi ashp\u00ebr regjimin iranian, duke u rreshtuar ngusht\u00eb me q\u00ebndrimin izraelit.<\/p>\n<p>\u201cPrej shum\u00eb vitesh tashm\u00eb, Shqip\u00ebria ka ofruar mbrojtje p\u00ebr disa mij\u00ebra qytetar\u00eb iranian\u00eb, t\u00eb cil\u00ebve opozita ndaj kasap\u00ebve t\u00eb Teheranit ua vuri jet\u00ebn n\u00eb rrezik serioz\u201d, tha ai, duke shtuar: \u201cKjo nuk ishte pa rrezik p\u00ebr ne, dhe nuk \u00ebsht\u00eb as sot. T\u00eb mbetesh njer\u00ebzor kur njer\u00ebzill\u00ebku yt \u00ebsht\u00eb n\u00ebn presion, nuk \u00ebsht\u00eb kurr\u00eb pa rrezik.\u201d<\/p>\n<p>Duke kujtuar mbrojtjen e Shqip\u00ebris\u00eb p\u00ebr mij\u00ebra qytetar\u00eb iranian\u00eb q\u00eb iknin nga persekutimi, ai theksoi q\u00ebndrimin vendimtar t\u00eb vendit pavar\u00ebsisht presionit nga aleat\u00ebt. \u201cNe u dham\u00eb personelit t\u00eb ambasad\u00ebs iraniane 24 or\u00eb afat p\u00ebr t\u2019u larguar nga vendi dhe i nd\u00ebrprem\u00eb edhe ato lidhje t\u00eb pakta q\u00eb kishim me Republik\u00ebn Khomeiniste, t\u00eb cil\u00ebn nuk do ta p\u00ebrshkruaj kurr\u00eb si islame, sepse Islami \u00ebsht\u00eb dashuri dhe p\u00ebrul\u00ebsi, nd\u00ebrsa khomeinizmi \u00ebsht\u00eb urrejtje dhe vdekje\u201d, deklaroi Rama.<\/p>\n<p>Rama e glorifikon Marr\u00ebveshjen e Abrahamit nd\u00ebrsa gjenocidi palestinez vazhdon<\/p>\n<p>Kryeministri shqiptar lavd\u00ebroi Marr\u00ebveshjet e Abrahamit si nj\u00eb \u201cmarr\u00ebveshje paqeje mahnit\u00ebse\u201d, duke th\u00ebn\u00eb se ato tregojn\u00eb se \u201cpaqja nuk \u00ebsht\u00eb thjesht nj\u00eb rrug\u00eb e mundshme drejt s\u00eb ardhmes, por e vetmja rrug\u00eb e mundshme e s\u00eb ardhmes\u201d.<\/p>\n<p>Ai theksoi r\u00ebnd\u00ebsin\u00eb e udh\u00ebheqjes vizionare n\u00eb rajon. Sipas tij, Emiratet e Bashkuara Arabe dhe disa vende t\u00eb tjera tregojn\u00eb se \u201cpaqja \u00ebsht\u00eb e mundur dhe se ajo mund t\u2019i ngrej\u00eb t\u00eb gjitha kombet paqeb\u00ebr\u00ebse pothuajse si nj\u00eb mrekulli brenda sfer\u00ebs s\u00eb feve abrahamike\u201d.<\/p>\n<p>Rama sjell historin\u00eb e besimit t\u00eb familjes p\u00ebr t\u00eb n\u00ebnvizuar mesazhin pro-Izrael<\/p>\n<p>Ai solli edhe shembuj personal\u00eb, duke theksuar se ai \u00ebsht\u00eb katolik, gruaja e tij \u00ebsht\u00eb myslimane, f\u00ebmij\u00ebt e tij m\u00eb t\u00eb m\u00ebdhenj jan\u00eb t\u00eb krishter\u00eb ortodoks\u00eb, nd\u00ebrsa djali i tij m\u00eb i vog\u00ebl do ta zgjedh\u00eb besimin e vet n\u00eb t\u00eb ardhmen.<\/p>\n<p>Rama tha se do t\u00eb ishte \u201cplot\u00ebsisht n\u00eb rregull t\u00eb ishe mysliman apo i krishter\u00eb\u201d, duke shtuar se edhe mund\u00ebsia q\u00eb djali i tij t\u00eb b\u00ebhej hebre do t\u00eb ishte e mir\u00ebpritur, duke th\u00ebn\u00eb se kjo \u201cnuk \u00ebsht\u00eb aspak e pamundur\u201d.<\/p>\n<p>Duke fal\u00ebnderuar zyrtar\u00ebt izraelit\u00eb p\u00ebr ftes\u00ebn, Rama tha: \u201cM\u00eb lejoni tani t\u00eb shpreh, me frym\u00ebmarrje m\u00eb t\u00eb qet\u00eb, ndaj kryetarit t\u00eb parlamentit, kryeministrit dhe liderit t\u00eb opozit\u00ebs, mir\u00ebnjohjen time m\u00eb t\u00eb thell\u00eb dhe m\u00eb t\u00eb sinqert\u00eb p\u00ebr mikpritjen sot. Ju faleminderit t\u00eb gjith\u00ebve, nuk mund t\u00eb jem m\u00eb mir\u00ebnjoh\u00ebs.\u201d<\/p>\n<p>Ligjv\u00ebn\u00ebsit arab\u00eb largohen gjat\u00eb fjalimit t\u00eb nj\u00ebansh\u00ebm t\u00eb Ram\u00ebs<\/p>\n<p>Deklaratat e Ram\u00ebs, t\u00eb cilat faj\u00ebsuan Hamasin p\u00ebr tragjedin\u00eb n\u00eb Gaza dhe e hodh\u00ebn posht\u00eb kritik\u00ebn ndaj Izraelit si t\u00eb gabuar, nxit\u00ebn ligjv\u00ebn\u00ebsit arab\u00eb n\u00eb Knesset t\u00eb bojkotonin fjalimin e tij.<\/p>\n<p>Sipas tij, kritika ndaj Izraelit nga larg rrezikon t\u00eb jet\u00eb jo vet\u00ebm \u201ce padrejt\u00eb, por thelb\u00ebsisht e padrejt\u00eb\u201d.<\/p>\n<p>Ai e p\u00ebrfundoi duke cituar thirrjen p\u00ebr paqe t\u00eb ish-kryeministrit izraelit Yitzhak Rabin: \u201cJepini paqes nj\u00eb shans\u201d, duke shtuar: \u201cQoft\u00eb kujtimi i atyre q\u00eb humb\u00ebn jet\u00ebn nj\u00eb bekim.<\/p>\n<p>Qoft\u00eb guximi i atyre q\u00eb refuzuan t\u00eb pajtohen nj\u00eb busull. Qoft\u00eb Shteti i Izraelit i sigurt p\u00ebrjet\u00eb. Qoft\u00eb palestinez\u00ebt t\u00eb jetojn\u00eb me dinjitet n\u00eb shtetin e tyre\u201d, pa b\u00ebr\u00eb asnj\u00eb referenc\u00eb p\u00ebr palestinez\u00ebt e vrar\u00eb nga Izraeli n\u00eb Gaza.<\/p>\n<p>Kryeministri izraelit Benjamin Netanyahu, i cili gjithashtu iu drejtua Knesset-it, e lavd\u00ebroi Ram\u00ebn dhe \u201cnd\u00ebrgjegjen morale\u201d t\u00eb Shqip\u00ebris\u00eb, duke theksuar mb\u00ebshtetjen e pal\u00ebkundur t\u00eb vendit p\u00ebr Izraelin.<\/p>\n<p>Gjat\u00eb nj\u00eb vizite t\u00eb m\u00ebparshme n\u00eb Izrael n\u00eb vitin 2025, Rama e kishte p\u00ebrshkruar Hamasin si \u201cnazist\u00ebt e shekullit t\u00eb ri\u201d, duke th\u00ebn\u00eb se \u201csi\u00e7 na ka m\u00ebsuar historia, nuk ka kompromis me nazist\u00ebt\u201d.<\/p>\n<p>Nga Gazeta Sot<\/p>\n","protected":false},"excerpt":{"rendered":"<p>29 Janar 2026 Kryeministri shqiptar, Edi Rama, e mbrojti Izraelin nga p\u00ebrgjegj\u00ebsia gjat\u00eb nj\u00eb fjalimi n\u00eb Knesset, duke ia atribuuar t\u00ebr\u00ebsisht Hamasit katastrof\u00ebn humanitare n\u00eb Gaza dhe duke injoruar mbi 71 mij\u00eb palestinez\u00eb t\u00eb vrar\u00eb n\u00eb gjenocidin e vazhduesh\u00ebm t\u00eb Izraelit. Duke iu drejtuar parlamentit izraelit, Knesset-it, t\u00eb mart\u00ebn, Rama e hapi fjalimin duke shprehur [&hellip;]<\/p>\n","protected":false},"author":9,"featured_media":97043,"comment_status":"open","ping_status":"open","sticky":false,"template":"","format":"standard","meta":{"jetpack_post_was_ever_published":false,"_jetpack_newsletter_access":"","_jetpack_dont_email_post_to_subs":false,"_jetpack_newsletter_tier_id":0,"_jetpack_memberships_contains_paywalled_content":false,"_jetpack_memberships_contains_paid_content":false,"footnotes":"","jetpack_publicize_message":"","jetpack_publicize_feature_enabled":true,"jetpack_social_post_already_shared":true,"jetpack_social_options":{"image_generator_settings":{"template":"highway","default_image_id":0,"font":"","enabled":false},"version":2}},"categories":[27,1],"tags":[],"class_list":["post-97042","post","type-post","status-publish","format-standard","has-post-thumbnail","hentry","category-blogu-i-udhetarit","category-njoftime-shtypi"],"jetpack_publicize_connections":[],"jetpack_featured_media_url":"https:\/\/i0.wp.com\/www.shqiperia.com\/blog\/wp-content\/uploads\/2026\/01\/auto_ramaaaaa1769622407.jpg?fit=900%2C506&ssl=1","jetpack_sharing_enabled":true,"jetpack_shortlink":"https:\/\/wp.me\/p5Z6wp-pfc","jetpack-related-posts":[{"id":94504,"url":"https:\/\/www.shqiperia.com\/blog\/erdogan-merz-perplasen-per-gazen-debati-ne-publik-presidenti-turk-pse-nuk-e-sheh-gjermania-gjenocidin-e-izraelit\/","url_meta":{"origin":97042,"position":0},"title":"Erdogan-Merz p\u00ebrplasen p\u00ebr Gaz\u00ebn\/ Debati n\u00eb publik, presidenti turk: &#8211; Pse nuk e sheh Gjermania gjenocidin e Izraelit?","author":"Kurt Farka","date":"October 30, 2025","format":false,"excerpt":"30 Tetor 2025 Ndon\u00ebse ishte vizita e par\u00eb e kancelarit gjerman Friedrih Merz n\u00eb Turqi q\u00eb kur e mori k\u00ebt\u00eb detyr\u00eb, presidenti Rexhep Tajip Erdoan, e kritikoi \u201cp\u00ebr mosv\u00ebmendje ndaj gjenocidit dhe sulmeve t\u00eb Izraelit n\u00eb Gaza\u201d. N\u00eb nj\u00eb konferenc\u00eb t\u00eb p\u00ebrbashk\u00ebt p\u00ebr media, ai iu drejtua ashp\u00ebr kancelarit. \u00a0\u201cA\u2026","rel":"","context":"In &quot;Njoftime Shtypi&quot;","block_context":{"text":"Njoftime Shtypi","link":"https:\/\/www.shqiperia.com\/blog\/category\/njoftime-shtypi\/"},"img":{"alt_text":"","src":"https:\/\/i0.wp.com\/www.shqiperia.com\/blog\/wp-content\/uploads\/2025\/10\/LM7FIV3V2FLD7CFRPDHSAGOCHQ_sd.jpg?fit=1200%2C675&ssl=1&resize=350%2C200","width":350,"height":200,"srcset":"https:\/\/i0.wp.com\/www.shqiperia.com\/blog\/wp-content\/uploads\/2025\/10\/LM7FIV3V2FLD7CFRPDHSAGOCHQ_sd.jpg?fit=1200%2C675&ssl=1&resize=350%2C200 1x, https:\/\/i0.wp.com\/www.shqiperia.com\/blog\/wp-content\/uploads\/2025\/10\/LM7FIV3V2FLD7CFRPDHSAGOCHQ_sd.jpg?fit=1200%2C675&ssl=1&resize=525%2C300 1.5x, https:\/\/i0.wp.com\/www.shqiperia.com\/blog\/wp-content\/uploads\/2025\/10\/LM7FIV3V2FLD7CFRPDHSAGOCHQ_sd.jpg?fit=1200%2C675&ssl=1&resize=700%2C400 2x, https:\/\/i0.wp.com\/www.shqiperia.com\/blog\/wp-content\/uploads\/2025\/10\/LM7FIV3V2FLD7CFRPDHSAGOCHQ_sd.jpg?fit=1200%2C675&ssl=1&resize=1050%2C600 3x"},"classes":[]},{"id":95932,"url":"https:\/\/www.shqiperia.com\/blog\/ministri-izraelit-del-kunder-planit-te-trump-dhe-netanyahut-izraeli-nuk-do-largohet-kurre-nga-gaza\/","url_meta":{"origin":97042,"position":1},"title":"Ministri izraelit del kund\u00ebr planit t\u00eb Trump dhe Netanyahut: &#8211; Izraeli nuk do largohet kurr\u00eb nga Gaza!","author":"Kurt Farka","date":"December 24, 2025","format":false,"excerpt":"24 Dhjetor 2025 Izraeli \u201cnuk do t\u00eb largohet kurr\u00eb nga Gaza\u201d, tha Ministri i Mbrojtjes, Izrael Katz, duke menduar p\u00ebr iden\u00eb e rivendosjes s\u00eb vendbanimeve t\u00eb paligjshme n\u00eb enklav\u00ebn palestineze. V\u00ebrejtjet shkaktuan reagime t\u00eb gjera, duke e b\u00ebr\u00eb Katz t\u00eb t\u00ebrhiqej disi nga pohimi i tij. Ministri e b\u00ebri deklarat\u00ebn\u2026","rel":"","context":"In &quot;Blogu i Udh\u00ebtarit&quot;","block_context":{"text":"Blogu i Udh\u00ebtarit","link":"https:\/\/www.shqiperia.com\/blog\/category\/blogu-i-udhetarit\/"},"img":{"alt_text":"","src":"https:\/\/i0.wp.com\/www.shqiperia.com\/blog\/wp-content\/uploads\/2025\/12\/2025-07-04t084507z-877350946-rc2iffaijr1b-rtrmadp-3-israel-palestinians-gaza-scaled.jpg?fit=1200%2C800&ssl=1&resize=350%2C200","width":350,"height":200,"srcset":"https:\/\/i0.wp.com\/www.shqiperia.com\/blog\/wp-content\/uploads\/2025\/12\/2025-07-04t084507z-877350946-rc2iffaijr1b-rtrmadp-3-israel-palestinians-gaza-scaled.jpg?fit=1200%2C800&ssl=1&resize=350%2C200 1x, https:\/\/i0.wp.com\/www.shqiperia.com\/blog\/wp-content\/uploads\/2025\/12\/2025-07-04t084507z-877350946-rc2iffaijr1b-rtrmadp-3-israel-palestinians-gaza-scaled.jpg?fit=1200%2C800&ssl=1&resize=525%2C300 1.5x, https:\/\/i0.wp.com\/www.shqiperia.com\/blog\/wp-content\/uploads\/2025\/12\/2025-07-04t084507z-877350946-rc2iffaijr1b-rtrmadp-3-israel-palestinians-gaza-scaled.jpg?fit=1200%2C800&ssl=1&resize=700%2C400 2x, https:\/\/i0.wp.com\/www.shqiperia.com\/blog\/wp-content\/uploads\/2025\/12\/2025-07-04t084507z-877350946-rc2iffaijr1b-rtrmadp-3-israel-palestinians-gaza-scaled.jpg?fit=1200%2C800&ssl=1&resize=1050%2C600 3x"},"classes":[]},{"id":83147,"url":"https:\/\/www.shqiperia.com\/blog\/trump-netanyahut-nese-nuk-zgjidhem-president-do-nise-lufta-e-trete-boterore\/","url_meta":{"origin":97042,"position":2},"title":"Trump \u2013 Netanyahut: N\u00ebse nuk zgjidhem president, do nis\u00eb Lufta e Tret\u00eb Bot\u00ebrore","author":"Kurt Farka","date":"July 27, 2024","format":false,"excerpt":"27 Korrik 2024 Donald Trump sulmoi rival\u00ebt e tij demokrat\u00eb gjat\u00eb nj\u00eb takimi me kryeministrin izraelit Benjamin Netanyahu n\u00eb Florida, duke parashikuar katastrof\u00eb n\u00eb Lindjen e Mesme n\u00ebse ai nuk rizgjedhet president i SHBA n\u00eb n\u00ebntor.\u201cNe kemi t\u00eb paaft\u00eb q\u00eb udh\u00ebheqin vendin ton\u00eb\u00a0,\u201d\u00a0tha Trump, i ulur p\u00ebrball\u00eb Netanyahut, i cili\u2026","rel":"","context":"In &quot;Blogu i Udh\u00ebtarit&quot;","block_context":{"text":"Blogu i Udh\u00ebtarit","link":"https:\/\/www.shqiperia.com\/blog\/category\/blogu-i-udhetarit\/"},"img":{"alt_text":"","src":"https:\/\/i0.wp.com\/www.shqiperia.com\/blog\/wp-content\/uploads\/2024\/07\/IMG_8782.jpg?fit=800%2C450&ssl=1&resize=350%2C200","width":350,"height":200,"srcset":"https:\/\/i0.wp.com\/www.shqiperia.com\/blog\/wp-content\/uploads\/2024\/07\/IMG_8782.jpg?fit=800%2C450&ssl=1&resize=350%2C200 1x, https:\/\/i0.wp.com\/www.shqiperia.com\/blog\/wp-content\/uploads\/2024\/07\/IMG_8782.jpg?fit=800%2C450&ssl=1&resize=525%2C300 1.5x, https:\/\/i0.wp.com\/www.shqiperia.com\/blog\/wp-content\/uploads\/2024\/07\/IMG_8782.jpg?fit=800%2C450&ssl=1&resize=700%2C400 2x"},"classes":[]},{"id":90048,"url":"https:\/\/www.shqiperia.com\/blog\/izraeli-bllokon-hyrjen-e-te-gjithe-ndihmave-humanitare-ne-gaza\/","url_meta":{"origin":97042,"position":3},"title":"Izraeli bllokon hyrjen e t\u00eb gjith\u00eb ndihmave humanitare n\u00eb Gaza","author":"Kurt Farka","date":"March 2, 2025","format":false,"excerpt":"2 Mars 2025 Qeveria izraelite thot\u00eb se ka bllokuar hyrjen e t\u00eb gjith\u00eb ndihmave humanitare n\u00eb Gaza p\u00ebr shkak se faza e par\u00eb e arm\u00ebpushimit me Hamasin ka skaduar. Zyra e kryeministrit Benjamin Netanyahu tha se Hamasi deri m\u00eb tani kishte refuzuar t\u00eb pranonte nj\u00eb zgjatje t\u00eb p\u00ebrkohshme t\u00eb arm\u00ebpushimit\u2026","rel":"","context":"In &quot;Blogu i Udh\u00ebtarit&quot;","block_context":{"text":"Blogu i Udh\u00ebtarit","link":"https:\/\/www.shqiperia.com\/blog\/category\/blogu-i-udhetarit\/"},"img":{"alt_text":"","src":"https:\/\/i0.wp.com\/www.shqiperia.com\/blog\/wp-content\/uploads\/2025\/03\/gaz.jpg?fit=923%2C504&ssl=1&resize=350%2C200","width":350,"height":200,"srcset":"https:\/\/i0.wp.com\/www.shqiperia.com\/blog\/wp-content\/uploads\/2025\/03\/gaz.jpg?fit=923%2C504&ssl=1&resize=350%2C200 1x, https:\/\/i0.wp.com\/www.shqiperia.com\/blog\/wp-content\/uploads\/2025\/03\/gaz.jpg?fit=923%2C504&ssl=1&resize=525%2C300 1.5x, https:\/\/i0.wp.com\/www.shqiperia.com\/blog\/wp-content\/uploads\/2025\/03\/gaz.jpg?fit=923%2C504&ssl=1&resize=700%2C400 2x"},"classes":[]},{"id":81076,"url":"https:\/\/www.shqiperia.com\/blog\/erdogan-pas-gazes-izraeli-do-te-synoje-turqine-netanyahu-do-te-vdese-ne-burg-si-mlladic\/","url_meta":{"origin":97042,"position":4},"title":"Erdogan: Pas Gaz\u00ebs, Izraeli do t\u00eb synoj\u00eb Turqin\u00eb! &#8211; Netanyahu do t\u00eb vdes\u00eb n\u00eb burg si Mlladi\u00e7","author":"Kurt Farka","date":"May 16, 2024","format":false,"excerpt":"16 Maji 2024 Presidenti turk, Rexhep Tajip Erdogan, ka ashp\u00ebrsuar gjuh\u00ebn ndaj kryeministrit Izraelit, Benjamin Netanyahut. Dit\u00ebn e sotme ai \u00ebsht\u00eb shprehur se Netanyahu \u00ebsht\u00eb i destinuar t\u00eb vdes\u00eb n\u00eb burg si Ratko Mlladi\u00e7, i d\u00ebnuar me burgim t\u00eb p\u00ebrjetsh\u00ebm p\u00ebr gjenocidin e Srebrenic\u00ebs. \u201cHer\u00ebt a von\u00eb kasapi i Gaz\u00ebs,\u2026","rel":"","context":"In &quot;Blogu i Udh\u00ebtarit&quot;","block_context":{"text":"Blogu i Udh\u00ebtarit","link":"https:\/\/www.shqiperia.com\/blog\/category\/blogu-i-udhetarit\/"},"img":{"alt_text":"","src":"https:\/\/i0.wp.com\/www.shqiperia.com\/blog\/wp-content\/uploads\/2024\/05\/800-0-66451e68c89e1.jpg?fit=780%2C440&ssl=1&resize=350%2C200","width":350,"height":200,"srcset":"https:\/\/i0.wp.com\/www.shqiperia.com\/blog\/wp-content\/uploads\/2024\/05\/800-0-66451e68c89e1.jpg?fit=780%2C440&ssl=1&resize=350%2C200 1x, https:\/\/i0.wp.com\/www.shqiperia.com\/blog\/wp-content\/uploads\/2024\/05\/800-0-66451e68c89e1.jpg?fit=780%2C440&ssl=1&resize=525%2C300 1.5x, https:\/\/i0.wp.com\/www.shqiperia.com\/blog\/wp-content\/uploads\/2024\/05\/800-0-66451e68c89e1.jpg?fit=780%2C440&ssl=1&resize=700%2C400 2x"},"classes":[]},{"id":76908,"url":"https:\/\/www.shqiperia.com\/blog\/gjykata-e-larte-e-izraelit-rrezon-ligjin-e-drejtesise\/","url_meta":{"origin":97042,"position":5},"title":"Gjykata e Lart\u00eb e Izraelit rr\u00ebzon Ligjin e Drejt\u00ebsis\u00eb","author":"Kurt Farka","date":"January 1, 2024","format":false,"excerpt":"1 Janar 2024 Gjykata e Lart\u00eb e Izraelit ka rr\u00ebzuar reformat e diskutueshme gjyq\u00ebsore q\u00eb shkaktuan protesta mbar\u00ebkomb\u00ebtare vitin e kaluar kund\u00ebr qeveris\u00eb s\u00eb Netanyahut. Reformat kufizon Gjykat\u00ebn e Lart\u00eb dhe do t\u2019i jepnin qeveris\u00eb nj\u00eb z\u00eb m\u00eb t\u00eb madh n\u00eb em\u00ebrimin e gjyqtar\u00ebve. Kritik\u00ebt thon\u00eb se ata do t\u00eb\u2026","rel":"","context":"In &quot;Blogu i Udh\u00ebtarit&quot;","block_context":{"text":"Blogu i Udh\u00ebtarit","link":"https:\/\/www.shqiperia.com\/blog\/category\/blogu-i-udhetarit\/"},"img":{"alt_text":"","src":"https:\/\/i0.wp.com\/www.shqiperia.com\/blog\/wp-content\/uploads\/2024\/01\/Download.jpg?resize=350%2C200&ssl=1","width":350,"height":200,"srcset":"https:\/\/i0.wp.com\/www.shqiperia.com\/blog\/wp-content\/uploads\/2024\/01\/Download.jpg?resize=350%2C200&ssl=1 1x, https:\/\/i0.wp.com\/www.shqiperia.com\/blog\/wp-content\/uploads\/2024\/01\/Download.jpg?resize=525%2C300&ssl=1 1.5x, https:\/\/i0.wp.com\/www.shqiperia.com\/blog\/wp-content\/uploads\/2024\/01\/Download.jpg?resize=700%2C400&ssl=1 2x"},"classes":[]}],"_links":{"self":[{"href":"https:\/\/www.shqiperia.com\/blog\/wp-json\/wp\/v2\/posts\/97042","targetHints":{"allow":["GET"]}}],"collection":[{"href":"https:\/\/www.shqiperia.com\/blog\/wp-json\/wp\/v2\/posts"}],"about":[{"href":"https:\/\/www.shqiperia.com\/blog\/wp-json\/wp\/v2\/types\/post"}],"author":[{"embeddable":true,"href":"https:\/\/www.shqiperia.com\/blog\/wp-json\/wp\/v2\/users\/9"}],"replies":[{"embeddable":true,"href":"https:\/\/www.shqiperia.com\/blog\/wp-json\/wp\/v2\/comments?post=97042"}],"version-history":[{"count":1,"href":"https:\/\/www.shqiperia.com\/blog\/wp-json\/wp\/v2\/posts\/97042\/revisions"}],"predecessor-version":[{"id":97044,"href":"https:\/\/www.shqiperia.com\/blog\/wp-json\/wp\/v2\/posts\/97042\/revisions\/97044"}],"wp:featuredmedia":[{"embeddable":true,"href":"https:\/\/www.shqiperia.com\/blog\/wp-json\/wp\/v2\/media\/97043"}],"wp:attachment":[{"href":"https:\/\/www.shqiperia.com\/blog\/wp-json\/wp\/v2\/media?parent=97042"}],"wp:term":[{"taxonomy":"category","embeddable":true,"href":"https:\/\/www.shqiperia.com\/blog\/wp-json\/wp\/v2\/categories?post=97042"},{"taxonomy":"post_tag","embeddable":true,"href":"https:\/\/www.shqiperia.com\/blog\/wp-json\/wp\/v2\/tags?post=97042"}],"curies":[{"name":"wp","href":"https:\/\/api.w.org\/{rel}","templated":true}]}}