{"id":97039,"date":"2026-01-28T18:17:13","date_gmt":"2026-01-28T18:17:13","guid":{"rendered":"https:\/\/www.shqiperia.com\/blog\/?p=97039"},"modified":"2026-01-28T18:17:13","modified_gmt":"2026-01-28T18:17:13","slug":"berisha-denoncon-ramen-ne-strasburg-bllokoi-kerkesen-e-prokurorise-speciale-per-arrestimin-e-ballukut","status":"publish","type":"post","link":"https:\/\/www.shqiperia.com\/blog\/berisha-denoncon-ramen-ne-strasburg-bllokoi-kerkesen-e-prokurorise-speciale-per-arrestimin-e-ballukut\/","title":{"rendered":"Berisha denoncon Ram\u00ebn n\u00eb Strasburg: &#8211; Bllokoi k\u00ebrkes\u00ebn e Prokuroris\u00eb Speciale p\u00ebr arrestimin e Ballukut"},"content":{"rendered":"<div id=\"attachment_97040\" style=\"width: 756px\" class=\"wp-caption alignnone\"><img data-recalc-dims=\"1\" loading=\"lazy\" decoding=\"async\" aria-describedby=\"caption-attachment-97040\" data-attachment-id=\"97040\" data-permalink=\"https:\/\/www.shqiperia.com\/blog\/berisha-denoncon-ramen-ne-strasburg-bllokoi-kerkesen-e-prokurorise-speciale-per-arrestimin-e-ballukut\/d5c97e82-8892-43bc-aa2c-54718a5d5d0f_sd\/\" data-orig-file=\"https:\/\/i0.wp.com\/www.shqiperia.com\/blog\/wp-content\/uploads\/2026\/01\/d5c97e82-8892-43bc-aa2c-54718a5d5d0f_sd.webp?fit=1280%2C720&amp;ssl=1\" data-orig-size=\"1280,720\" data-comments-opened=\"1\" data-image-meta=\"{&quot;aperture&quot;:&quot;0&quot;,&quot;credit&quot;:&quot;&quot;,&quot;camera&quot;:&quot;&quot;,&quot;caption&quot;:&quot;&quot;,&quot;created_timestamp&quot;:&quot;0&quot;,&quot;copyright&quot;:&quot;&quot;,&quot;focal_length&quot;:&quot;0&quot;,&quot;iso&quot;:&quot;0&quot;,&quot;shutter_speed&quot;:&quot;0&quot;,&quot;title&quot;:&quot;&quot;,&quot;orientation&quot;:&quot;0&quot;}\" data-image-title=\"Sali Berisha\" data-image-description=\"\" data-image-caption=\"&lt;p&gt;Sali Berisha&lt;\/p&gt;\n\" data-medium-file=\"https:\/\/i0.wp.com\/www.shqiperia.com\/blog\/wp-content\/uploads\/2026\/01\/d5c97e82-8892-43bc-aa2c-54718a5d5d0f_sd.webp?fit=300%2C169&amp;ssl=1\" data-large-file=\"https:\/\/i0.wp.com\/www.shqiperia.com\/blog\/wp-content\/uploads\/2026\/01\/d5c97e82-8892-43bc-aa2c-54718a5d5d0f_sd.webp?fit=1024%2C576&amp;ssl=1\" class=\" wp-image-97040\" alt=\"\" src=\"https:\/\/i0.wp.com\/www.shqiperia.com\/blog\/wp-content\/uploads\/2026\/01\/d5c97e82-8892-43bc-aa2c-54718a5d5d0f_sd.webp?resize=746%2C420&#038;ssl=1\" width=\"746\" height=\"420\" srcset=\"https:\/\/i0.wp.com\/www.shqiperia.com\/blog\/wp-content\/uploads\/2026\/01\/d5c97e82-8892-43bc-aa2c-54718a5d5d0f_sd.webp?resize=300%2C169&amp;ssl=1 300w, https:\/\/i0.wp.com\/www.shqiperia.com\/blog\/wp-content\/uploads\/2026\/01\/d5c97e82-8892-43bc-aa2c-54718a5d5d0f_sd.webp?resize=1024%2C576&amp;ssl=1 1024w, https:\/\/i0.wp.com\/www.shqiperia.com\/blog\/wp-content\/uploads\/2026\/01\/d5c97e82-8892-43bc-aa2c-54718a5d5d0f_sd.webp?resize=768%2C432&amp;ssl=1 768w, https:\/\/i0.wp.com\/www.shqiperia.com\/blog\/wp-content\/uploads\/2026\/01\/d5c97e82-8892-43bc-aa2c-54718a5d5d0f_sd.webp?resize=450%2C253&amp;ssl=1 450w, https:\/\/i0.wp.com\/www.shqiperia.com\/blog\/wp-content\/uploads\/2026\/01\/d5c97e82-8892-43bc-aa2c-54718a5d5d0f_sd.webp?resize=600%2C338&amp;ssl=1 600w, https:\/\/i0.wp.com\/www.shqiperia.com\/blog\/wp-content\/uploads\/2026\/01\/d5c97e82-8892-43bc-aa2c-54718a5d5d0f_sd.webp?resize=400%2C225&amp;ssl=1 400w, https:\/\/i0.wp.com\/www.shqiperia.com\/blog\/wp-content\/uploads\/2026\/01\/d5c97e82-8892-43bc-aa2c-54718a5d5d0f_sd.webp?w=1280&amp;ssl=1 1280w\" sizes=\"auto, (max-width: 746px) 100vw, 746px\" \/><p id=\"caption-attachment-97040\" class=\"wp-caption-text\">Sali Berisha<\/p><\/div>\n<p>29 Janar 2026<\/p>\n<p><strong>Nga: Top Channel<\/strong><\/p>\n<div class=\"firstP\">\n<p>Nga Strasburgu, kreu i Partis\u00eb Demokratike, Sali Berisha denoncoi kryeministrin Edi Rama se \u2018bllokoi k\u00ebrkes\u00ebn e Prokuroris\u00eb Speciale p\u00ebr arrestimin e zv.kryeministres Belinda Balluku\u2019.<\/p>\n<\/div>\n<p>Nga salla e Asambles\u00eb Parlamentare t\u00eb K\u00ebshillit t\u00eb Europ\u00ebs, kryedemokrati e quajti akt antikushtetues \u2018bllokimin e k\u00ebrkes\u00ebs s\u00eb SPAK\u2019.<\/p>\n<p><strong>Pjese nga fjala:<\/strong><\/p>\n<p>K\u00ebtu, nga salla e Asambles\u00eb Parlamentare t\u00eb K\u00ebshillit t\u00eb Europ\u00ebs, d\u00ebnoj me forc\u00ebn m\u00eb t\u00eb madhe aktin pu\u00e7ist, antikushtetues t\u00eb Ramaduros dhe veglave t\u00eb tij, Peleshit t\u00eb parlamentit, t\u00eb cil\u00ebt n\u00eb nj\u00eb vendim jasht\u00eb \u00e7do lloji dhe kushtetute bllokoi k\u00ebrkes\u00ebn e Prokuroris\u00eb Speciale p\u00ebr arrestimin e kryehajdutes s\u00eb vendit, Lubi Ballukut, vet\u00ebm e vet\u00ebm se aferat e saj jan\u00eb t\u00eb pandashme me aferat e Ramaduros.<\/p>\n<p>Me k\u00ebt\u00eb akt, Edi Rama fakton para shqiptar\u00ebve dhe komunitetit nd\u00ebrkomb\u00ebtar se ai \u00ebsht\u00eb padrinoja, jo vet\u00ebm i narkoshtetit por dhe i sistemit kleptokratik q\u00eb ka vendosur n\u00eb Shqip\u00ebri.<\/p>\n<p>Me k\u00ebt\u00eb akt, ai u thot\u00eb shqiptar\u00ebve se ne ju kemi vjedhur dhe do t\u00eb vazhdojm\u00eb t\u2019ju vjedhim.<\/p>\n<p>Por ky vendim \u00ebsht\u00eb nj\u00eb kushtrim i madh p\u00ebr qytetar\u00ebt shqiptar\u00eb, revolt\u00ebn, zem\u00ebrimin e tyre, t\u00eb ngrihen n\u00eb revolt\u00eb dhe zem\u00ebrim p\u00ebr t\u00eb larguar nj\u00eb minut\u00eb e m\u00eb par\u00eb k\u00ebt\u00eb organizat\u00eb kriminale t\u00eb kryesuar nga Edi Rama, nga pushteti.<\/p>\n<p>Shqiptar\u00ebt n\u00eb k\u00ebt\u00eb betej\u00eb kan\u00eb me vete, kan\u00eb mb\u00ebshtetje, kan\u00eb aleat\u00eb t\u00eb gjitha institucionet nd\u00ebrkomb\u00ebtare dhe mbar\u00eb qytetar\u00ebt e lir\u00eb n\u00eb Europ\u00eb dhe n\u00eb bot\u00eb, t\u00eb cil\u00ebt shohin tashm\u00eb qart\u00eb tek narkodiktatori i Tiran\u00ebs nj\u00eb kopje siameze t\u00eb Norieg\u00ebs apo Maduros s\u00eb Venezuel\u00ebs.<\/p>\n","protected":false},"excerpt":{"rendered":"<p>29 Janar 2026 Nga: Top Channel Nga Strasburgu, kreu i Partis\u00eb Demokratike, Sali Berisha denoncoi kryeministrin Edi Rama se \u2018bllokoi k\u00ebrkes\u00ebn e Prokuroris\u00eb Speciale p\u00ebr arrestimin e zv.kryeministres Belinda Balluku\u2019. Nga salla e Asambles\u00eb Parlamentare t\u00eb K\u00ebshillit t\u00eb Europ\u00ebs, kryedemokrati e quajti akt antikushtetues \u2018bllokimin e k\u00ebrkes\u00ebs s\u00eb SPAK\u2019. Pjese nga fjala: K\u00ebtu, nga salla [&hellip;]<\/p>\n","protected":false},"author":9,"featured_media":97040,"comment_status":"open","ping_status":"open","sticky":false,"template":"","format":"standard","meta":{"jetpack_post_was_ever_published":false,"_jetpack_newsletter_access":"","_jetpack_dont_email_post_to_subs":false,"_jetpack_newsletter_tier_id":0,"_jetpack_memberships_contains_paywalled_content":false,"_jetpack_memberships_contains_paid_content":false,"footnotes":"","jetpack_publicize_message":"","jetpack_publicize_feature_enabled":true,"jetpack_social_post_already_shared":true,"jetpack_social_options":{"image_generator_settings":{"template":"highway","default_image_id":0,"font":"","enabled":false},"version":2}},"categories":[27,1,2],"tags":[],"class_list":["post-97039","post","type-post","status-publish","format-standard","has-post-thumbnail","hentry","category-blogu-i-udhetarit","category-njoftime-shtypi","category-politika"],"jetpack_publicize_connections":[],"jetpack_featured_media_url":"https:\/\/i0.wp.com\/www.shqiperia.com\/blog\/wp-content\/uploads\/2026\/01\/d5c97e82-8892-43bc-aa2c-54718a5d5d0f_sd.webp?fit=1280%2C720&ssl=1","jetpack_sharing_enabled":true,"jetpack_shortlink":"https:\/\/wp.me\/p5Z6wp-pf9","jetpack-related-posts":[{"id":74463,"url":"https:\/\/www.shqiperia.com\/blog\/kryetari-i-pd-se-sali-berisha-takim-me-nje-delegacion-te-asamblese-parlamentare-te-keshillit-te-evropes\/","url_meta":{"origin":97039,"position":0},"title":"Kryetari i PD-s\u00eb Sali Berisha takim me nje delegacion t\u00eb Asambles\u00eb Parlamentare t\u00eb K\u00ebshillit t\u00eb Evrop\u00ebs","author":"Kurt Farka","date":"September 26, 2023","format":false,"excerpt":"26 Shtator 2023 Sali Berisha, ka pritur sot n\u00eb nj\u00eb takim nj\u00eb delegacion t\u00eb raporter\u00ebve t\u00eb Asambles\u00eb Parlamentare t\u00eb K\u00ebshillit t\u00eb Evrop\u00ebs t\u00eb p\u00ebrb\u00ebr\u00eb nga Asim Mollazada, Jonut Stroe, Bas Klein dhe Giulia Re, shefe e zyr\u00ebs s\u00eb KiE n\u00eb Shqip\u00ebri. Zyra e shtypit t\u00eb PD, njofton se Berisha iu\u2026","rel":"","context":"In &quot;Blogu i Udh\u00ebtarit&quot;","block_context":{"text":"Blogu i Udh\u00ebtarit","link":"https:\/\/www.shqiperia.com\/blog\/category\/blogu-i-udhetarit\/"},"img":{"alt_text":"","src":"https:\/\/i0.wp.com\/www.shqiperia.com\/blog\/wp-content\/uploads\/2023\/09\/800-0-d0be476b66bc514c7d4ed572ef0c21aa.jpg?fit=800%2C534&ssl=1&resize=350%2C200","width":350,"height":200,"srcset":"https:\/\/i0.wp.com\/www.shqiperia.com\/blog\/wp-content\/uploads\/2023\/09\/800-0-d0be476b66bc514c7d4ed572ef0c21aa.jpg?fit=800%2C534&ssl=1&resize=350%2C200 1x, https:\/\/i0.wp.com\/www.shqiperia.com\/blog\/wp-content\/uploads\/2023\/09\/800-0-d0be476b66bc514c7d4ed572ef0c21aa.jpg?fit=800%2C534&ssl=1&resize=525%2C300 1.5x, https:\/\/i0.wp.com\/www.shqiperia.com\/blog\/wp-content\/uploads\/2023\/09\/800-0-d0be476b66bc514c7d4ed572ef0c21aa.jpg?fit=800%2C534&ssl=1&resize=700%2C400 2x"},"classes":[]},{"id":95844,"url":"https:\/\/www.shqiperia.com\/blog\/pd-zbret-para-kryeministrise-opozita-nis-stinen-e-protestave-kunder-rames\/","url_meta":{"origin":97039,"position":1},"title":"PD zbret para Kryeministris\u00eb, opozita nis stin\u00ebn e protestave kund\u00ebr Ram\u00ebs","author":"Kurt Farka","date":"December 22, 2025","format":false,"excerpt":"22 Dhjetor 2025 PD dhe mb\u00ebshtet\u00ebsit e saj zbresin n\u00eb Bulevardin qendror t\u00eb kryeqytetit, n\u00eb nj\u00eb protest\u00eb komb\u00ebtare kund\u00ebr Qeveris\u00eb dhe kryeministrit Edi Rama, pasi ky i fundit bllokoi heqjen e imunitetit p\u00ebr Belinda Ballukun, duke refuzuar k\u00ebrkes\u00ebn e SPAK p\u00ebr arrestimin e saj. Balluku akuzohet p\u00ebr korrupsion me tenderat\u2026","rel":"","context":"In &quot;Blogu i Udh\u00ebtarit&quot;","block_context":{"text":"Blogu i Udh\u00ebtarit","link":"https:\/\/www.shqiperia.com\/blog\/category\/blogu-i-udhetarit\/"},"img":{"alt_text":"","src":"https:\/\/i0.wp.com\/www.shqiperia.com\/blog\/wp-content\/uploads\/2025\/12\/Screenshot_6.jpg?fit=1200%2C567&ssl=1&resize=350%2C200","width":350,"height":200,"srcset":"https:\/\/i0.wp.com\/www.shqiperia.com\/blog\/wp-content\/uploads\/2025\/12\/Screenshot_6.jpg?fit=1200%2C567&ssl=1&resize=350%2C200 1x, https:\/\/i0.wp.com\/www.shqiperia.com\/blog\/wp-content\/uploads\/2025\/12\/Screenshot_6.jpg?fit=1200%2C567&ssl=1&resize=525%2C300 1.5x, https:\/\/i0.wp.com\/www.shqiperia.com\/blog\/wp-content\/uploads\/2025\/12\/Screenshot_6.jpg?fit=1200%2C567&ssl=1&resize=700%2C400 2x, https:\/\/i0.wp.com\/www.shqiperia.com\/blog\/wp-content\/uploads\/2025\/12\/Screenshot_6.jpg?fit=1200%2C567&ssl=1&resize=1050%2C600 3x"},"classes":[]},{"id":53629,"url":"https:\/\/www.shqiperia.com\/blog\/nderprerje-energjie-elektrike-ne-gjykate-spak-kerkoi-12-vite-burg-per-saimir-tahirin\/","url_meta":{"origin":97039,"position":2},"title":"Nderprerje energjie elektrike ne Gjykate: &#8211; SPAK k\u00ebrkoi 12 vite burg p\u00ebr Saimir Tahirin","author":"Kurt Farka","date":"January 31, 2022","format":false,"excerpt":"Nderprerje energjie elektrike ne Gjykate: - SPAK k\u00ebrkoi 12 vite burg p\u00ebr Saimir Tahirin 31 JANAR 2022 N\u00eb Gjykat\u00ebn e Apelit t\u00eb GJKKO-s\u00eb, seanca ndaj ish-ministrit t\u00eb Brendsh\u00ebm Samir Tahiri \u00ebsht\u00eb nd\u00ebrprer\u00eb. Shkak m\u00ebsohet se \u00ebsht\u00eb b\u00ebr\u00eb nd\u00ebrprerja e energjis\u00eb elektrike. N\u00eb k\u00ebt\u00eb seanc\u00eb. SPAK k\u00ebrkoi 12 vite burg p\u00ebr\u2026","rel":"","context":"In &quot;Blogu i Udh\u00ebtarit&quot;","block_context":{"text":"Blogu i Udh\u00ebtarit","link":"https:\/\/www.shqiperia.com\/blog\/category\/blogu-i-udhetarit\/"},"img":{"alt_text":"","src":"https:\/\/i0.wp.com\/www.shqiperia.com\/blog\/wp-content\/uploads\/2022\/01\/Saimir-Tahiri.jpg?fit=850%2C445&ssl=1&resize=350%2C200","width":350,"height":200,"srcset":"https:\/\/i0.wp.com\/www.shqiperia.com\/blog\/wp-content\/uploads\/2022\/01\/Saimir-Tahiri.jpg?fit=850%2C445&ssl=1&resize=350%2C200 1x, https:\/\/i0.wp.com\/www.shqiperia.com\/blog\/wp-content\/uploads\/2022\/01\/Saimir-Tahiri.jpg?fit=850%2C445&ssl=1&resize=525%2C300 1.5x, https:\/\/i0.wp.com\/www.shqiperia.com\/blog\/wp-content\/uploads\/2022\/01\/Saimir-Tahiri.jpg?fit=850%2C445&ssl=1&resize=700%2C400 2x"},"classes":[]},{"id":91115,"url":"https:\/\/www.shqiperia.com\/blog\/sali-berisha-udheton-me-7-prill-drejt-strasburgut-ne-nje-vizite-zyrtare\/","url_meta":{"origin":97039,"position":3},"title":"Sali Berisha udh\u00ebton m\u00eb 7 prill drejt Strasburgut ne nje vizite Zyrtare.","author":"Kurt Farka","date":"April 6, 2025","format":false,"excerpt":"6 Prill 2025 Kryetari i Partis\u00eb Demokratike, Sali Berisha, do t\u00eb zhvilloj\u00eb gjat\u00eb dit\u00ebs s\u00eb h\u00ebn\u00eb, 7 prill, nj\u00eb vizit\u00eb zyrtare n\u00eb Asamblen\u00eb Parlamentare t\u00eb K\u00ebshillit t\u00eb Europ\u00ebs n\u00eb Strasburg. I shoq\u00ebruar nga deputetja Albana Vokshi, an\u00ebtare e delegacionit shqiptar n\u00eb Asamblen\u00eb Parlamentare n\u00eb K\u00ebshillin e Europ\u00ebs, deputeti Vangjel Dule,\u2026","rel":"","context":"In &quot;Blogu i Udh\u00ebtarit&quot;","block_context":{"text":"Blogu i Udh\u00ebtarit","link":"https:\/\/www.shqiperia.com\/blog\/category\/blogu-i-udhetarit\/"},"img":{"alt_text":"","src":"https:\/\/i0.wp.com\/www.shqiperia.com\/blog\/wp-content\/uploads\/2025\/04\/1703772766_saliberisha.jpeg?fit=780%2C440&ssl=1&resize=350%2C200","width":350,"height":200,"srcset":"https:\/\/i0.wp.com\/www.shqiperia.com\/blog\/wp-content\/uploads\/2025\/04\/1703772766_saliberisha.jpeg?fit=780%2C440&ssl=1&resize=350%2C200 1x, https:\/\/i0.wp.com\/www.shqiperia.com\/blog\/wp-content\/uploads\/2025\/04\/1703772766_saliberisha.jpeg?fit=780%2C440&ssl=1&resize=525%2C300 1.5x, https:\/\/i0.wp.com\/www.shqiperia.com\/blog\/wp-content\/uploads\/2025\/04\/1703772766_saliberisha.jpeg?fit=780%2C440&ssl=1&resize=700%2C400 2x"},"classes":[]},{"id":90522,"url":"https:\/\/www.shqiperia.com\/blog\/hajdut-xhepash-berisha-publikon-pergjimet-e-balles-ja-si-ben-pazare-suel-cela-pini-i-thote-se-dosjen-do-e-kalonin-ne-ofl\/","url_meta":{"origin":97039,"position":4},"title":"&#8220;Hajdut xhepash&#8221; &#8211; Berisha publikon p\u00ebrgjimet e Ball\u00ebs: &#8211; Ja si b\u00ebn pazare Suel \u00c7ela, pini i thot\u00eb se dosjen do e kalonin n\u00eb OFL","author":"Kurt Farka","date":"March 17, 2025","format":false,"excerpt":"17 Mars 2025 Kreu i PD, Sali Berisha \u00ebsht\u00eb paraqitur vet\u00ebm pak momente m\u00eb par\u00eb n\u00eb ambientet e Prokuroris\u00eb s\u00eb Posa\u00e7me, SPAK. N\u00eb nj\u00eb prononcim p\u00ebr media, Berisha u shpreh se amnistimi i krimit elektoral nga Dumani dhe Skapi i partis\u00eb \u00ebsht\u00eb krimi antikushtetues dhe antidemokratik m\u00eb i madh n\u00eb\u2026","rel":"","context":"In &quot;Njoftime Shtypi&quot;","block_context":{"text":"Njoftime Shtypi","link":"https:\/\/www.shqiperia.com\/blog\/category\/njoftime-shtypi\/"},"img":{"alt_text":"","src":"https:\/\/i0.wp.com\/www.shqiperia.com\/blog\/wp-content\/uploads\/2025\/03\/600-388-6c15a571f3a7afaa197868443593d546.jpg?fit=600%2C388&ssl=1&resize=350%2C200","width":350,"height":200,"srcset":"https:\/\/i0.wp.com\/www.shqiperia.com\/blog\/wp-content\/uploads\/2025\/03\/600-388-6c15a571f3a7afaa197868443593d546.jpg?fit=600%2C388&ssl=1&resize=350%2C200 1x, https:\/\/i0.wp.com\/www.shqiperia.com\/blog\/wp-content\/uploads\/2025\/03\/600-388-6c15a571f3a7afaa197868443593d546.jpg?fit=600%2C388&ssl=1&resize=525%2C300 1.5x"},"classes":[]},{"id":95801,"url":"https:\/\/www.shqiperia.com\/blog\/kerkesa-e-spak-per-heqjen-e-imunitetit-dhe-arrestimin-e-ballukut-rama-ja-vendimi-qe-do-marrim\/","url_meta":{"origin":97039,"position":5},"title":"K\u00ebrkesa e SPAK p\u00ebr heqjen e imunitetit dhe arrestimin e Ballukut, Rama: &#8211; Ja vendimi q\u00eb do marrim","author":"Kurt Farka","date":"December 22, 2025","format":false,"excerpt":"22 Dhjetor 2025 Kryeministri Edi Rama, ka reaguar s\u00ebrish lidhur me k\u00ebrkes\u00ebn nga SPAK n\u00eb Kuvendin e Shqip\u00ebris\u00eb p\u00ebr heqjen e imunitetit t\u00eb z\u00ebvend\u00ebskryeministres Belinda Balluku, e cila \u00ebsht\u00eb marr\u00eb e pandehur dhe ndodhet n\u00ebn hetim p\u00ebr afera t\u00eb dyshuara korruptive. N\u00eb podcastin e tij \u201cFlasim\u201d,\u00a0Rama u shpreh se \u00ebsht\u00eb\u2026","rel":"","context":"In &quot;Blogu i Udh\u00ebtarit&quot;","block_context":{"text":"Blogu i Udh\u00ebtarit","link":"https:\/\/www.shqiperia.com\/blog\/category\/blogu-i-udhetarit\/"},"img":{"alt_text":"","src":"https:\/\/i0.wp.com\/www.shqiperia.com\/blog\/wp-content\/uploads\/2025\/12\/900-0-1730463866xscreenshot-8-361.png?fit=900%2C550&ssl=1&resize=350%2C200","width":350,"height":200,"srcset":"https:\/\/i0.wp.com\/www.shqiperia.com\/blog\/wp-content\/uploads\/2025\/12\/900-0-1730463866xscreenshot-8-361.png?fit=900%2C550&ssl=1&resize=350%2C200 1x, https:\/\/i0.wp.com\/www.shqiperia.com\/blog\/wp-content\/uploads\/2025\/12\/900-0-1730463866xscreenshot-8-361.png?fit=900%2C550&ssl=1&resize=525%2C300 1.5x, https:\/\/i0.wp.com\/www.shqiperia.com\/blog\/wp-content\/uploads\/2025\/12\/900-0-1730463866xscreenshot-8-361.png?fit=900%2C550&ssl=1&resize=700%2C400 2x"},"classes":[]}],"_links":{"self":[{"href":"https:\/\/www.shqiperia.com\/blog\/wp-json\/wp\/v2\/posts\/97039","targetHints":{"allow":["GET"]}}],"collection":[{"href":"https:\/\/www.shqiperia.com\/blog\/wp-json\/wp\/v2\/posts"}],"about":[{"href":"https:\/\/www.shqiperia.com\/blog\/wp-json\/wp\/v2\/types\/post"}],"author":[{"embeddable":true,"href":"https:\/\/www.shqiperia.com\/blog\/wp-json\/wp\/v2\/users\/9"}],"replies":[{"embeddable":true,"href":"https:\/\/www.shqiperia.com\/blog\/wp-json\/wp\/v2\/comments?post=97039"}],"version-history":[{"count":1,"href":"https:\/\/www.shqiperia.com\/blog\/wp-json\/wp\/v2\/posts\/97039\/revisions"}],"predecessor-version":[{"id":97041,"href":"https:\/\/www.shqiperia.com\/blog\/wp-json\/wp\/v2\/posts\/97039\/revisions\/97041"}],"wp:featuredmedia":[{"embeddable":true,"href":"https:\/\/www.shqiperia.com\/blog\/wp-json\/wp\/v2\/media\/97040"}],"wp:attachment":[{"href":"https:\/\/www.shqiperia.com\/blog\/wp-json\/wp\/v2\/media?parent=97039"}],"wp:term":[{"taxonomy":"category","embeddable":true,"href":"https:\/\/www.shqiperia.com\/blog\/wp-json\/wp\/v2\/categories?post=97039"},{"taxonomy":"post_tag","embeddable":true,"href":"https:\/\/www.shqiperia.com\/blog\/wp-json\/wp\/v2\/tags?post=97039"}],"curies":[{"name":"wp","href":"https:\/\/api.w.org\/{rel}","templated":true}]}}