{"id":97036,"date":"2026-01-28T18:11:42","date_gmt":"2026-01-28T18:11:42","guid":{"rendered":"https:\/\/www.shqiperia.com\/blog\/?p=97036"},"modified":"2026-01-28T18:11:42","modified_gmt":"2026-01-28T18:11:42","slug":"paralajmerimi-i-cuditshem-i-papa-leonit-mos-flisni-me-te-dashurat-tuaja-te-krijuara-me-ai-ndryshe-do-te-perballeni-me-pasoja-te-dhimbshme","status":"publish","type":"post","link":"https:\/\/www.shqiperia.com\/blog\/paralajmerimi-i-cuditshem-i-papa-leonit-mos-flisni-me-te-dashurat-tuaja-te-krijuara-me-ai-ndryshe-do-te-perballeni-me-pasoja-te-dhimbshme\/","title":{"rendered":"Paralajm\u00ebrimi i \u00e7uditsh\u00ebm i Papa Leonit: Mos flisni me t\u00eb dashurat tuaja t\u00eb krijuara me AI, ndryshe do t\u00eb p\u00ebrballeni me pasoja t\u00eb dhimbshme"},"content":{"rendered":"<div class=\"firstP\">\n<p><img data-recalc-dims=\"1\" loading=\"lazy\" decoding=\"async\" data-attachment-id=\"97037\" data-permalink=\"https:\/\/www.shqiperia.com\/blog\/paralajmerimi-i-cuditshem-i-papa-leonit-mos-flisni-me-te-dashurat-tuaja-te-krijuara-me-ai-ndryshe-do-te-perballeni-me-pasoja-te-dhimbshme\/pope-leo-xiv-acknowledged-faithfuls-1054763510_a7a442_sd\/\" data-orig-file=\"https:\/\/i0.wp.com\/www.shqiperia.com\/blog\/wp-content\/uploads\/2026\/01\/pope-leo-xiv-acknowledged-faithfuls-1054763510_a7a442_sd.webp?fit=1280%2C720&amp;ssl=1\" data-orig-size=\"1280,720\" data-comments-opened=\"1\" data-image-meta=\"{&quot;aperture&quot;:&quot;0&quot;,&quot;credit&quot;:&quot;&quot;,&quot;camera&quot;:&quot;&quot;,&quot;caption&quot;:&quot;&quot;,&quot;created_timestamp&quot;:&quot;0&quot;,&quot;copyright&quot;:&quot;&quot;,&quot;focal_length&quot;:&quot;0&quot;,&quot;iso&quot;:&quot;0&quot;,&quot;shutter_speed&quot;:&quot;0&quot;,&quot;title&quot;:&quot;&quot;,&quot;orientation&quot;:&quot;0&quot;}\" data-image-title=\"pope-leo-xiv-acknowledged-faithfuls-1054763510_a7a442_sd\" data-image-description=\"\" data-image-caption=\"\" data-medium-file=\"https:\/\/i0.wp.com\/www.shqiperia.com\/blog\/wp-content\/uploads\/2026\/01\/pope-leo-xiv-acknowledged-faithfuls-1054763510_a7a442_sd.webp?fit=300%2C169&amp;ssl=1\" data-large-file=\"https:\/\/i0.wp.com\/www.shqiperia.com\/blog\/wp-content\/uploads\/2026\/01\/pope-leo-xiv-acknowledged-faithfuls-1054763510_a7a442_sd.webp?fit=1024%2C576&amp;ssl=1\" class=\"alignnone  wp-image-97037\" alt=\"\" src=\"https:\/\/i0.wp.com\/www.shqiperia.com\/blog\/wp-content\/uploads\/2026\/01\/pope-leo-xiv-acknowledged-faithfuls-1054763510_a7a442_sd.webp?resize=588%2C331&#038;ssl=1\" width=\"588\" height=\"331\" srcset=\"https:\/\/i0.wp.com\/www.shqiperia.com\/blog\/wp-content\/uploads\/2026\/01\/pope-leo-xiv-acknowledged-faithfuls-1054763510_a7a442_sd.webp?resize=300%2C169&amp;ssl=1 300w, https:\/\/i0.wp.com\/www.shqiperia.com\/blog\/wp-content\/uploads\/2026\/01\/pope-leo-xiv-acknowledged-faithfuls-1054763510_a7a442_sd.webp?resize=1024%2C576&amp;ssl=1 1024w, https:\/\/i0.wp.com\/www.shqiperia.com\/blog\/wp-content\/uploads\/2026\/01\/pope-leo-xiv-acknowledged-faithfuls-1054763510_a7a442_sd.webp?resize=768%2C432&amp;ssl=1 768w, https:\/\/i0.wp.com\/www.shqiperia.com\/blog\/wp-content\/uploads\/2026\/01\/pope-leo-xiv-acknowledged-faithfuls-1054763510_a7a442_sd.webp?resize=450%2C253&amp;ssl=1 450w, https:\/\/i0.wp.com\/www.shqiperia.com\/blog\/wp-content\/uploads\/2026\/01\/pope-leo-xiv-acknowledged-faithfuls-1054763510_a7a442_sd.webp?resize=600%2C338&amp;ssl=1 600w, https:\/\/i0.wp.com\/www.shqiperia.com\/blog\/wp-content\/uploads\/2026\/01\/pope-leo-xiv-acknowledged-faithfuls-1054763510_a7a442_sd.webp?resize=400%2C225&amp;ssl=1 400w, https:\/\/i0.wp.com\/www.shqiperia.com\/blog\/wp-content\/uploads\/2026\/01\/pope-leo-xiv-acknowledged-faithfuls-1054763510_a7a442_sd.webp?w=1280&amp;ssl=1 1280w\" sizes=\"auto, (max-width: 588px) 100vw, 588px\" \/><\/p>\n<p>29 Janara 2026<\/p>\n<p>Papa Leoni XIV ka paralajm\u00ebruar besimtar\u00ebt, ve\u00e7an\u00ebrisht burrat, q\u00eb t\u00eb mos bien pre e marr\u00ebdh\u00ebnieve virtuale me chatbot\u00eb t\u00eb inteligjenc\u00ebs artificiale, duke theksuar se k\u00ebto lidhje \u201ctep\u00ebr t\u00eb p\u00ebrk\u00ebdhelura\u201d mund t\u00eb ken\u00eb pasoja serioze emocionale dhe shoq\u00ebrore.<\/p>\n<\/div>\n<p>N\u00eb mesazhin e tij p\u00ebr Dit\u00ebn Bot\u00ebrore t\u00eb Komunikimeve Sociale, Papa u shpreh se n\u00eb bot\u00ebn digjitale t\u00eb sotme po b\u00ebhet gjithnj\u00eb e m\u00eb e v\u00ebshtir\u00eb t\u00eb dallosh n\u00ebse po komunikon me njer\u00ebz real\u00eb apo me robot\u00eb. Ai theksoi r\u00ebnd\u00ebsin\u00eb urgjente t\u00eb \u201cruajtjes s\u00eb z\u00ebrave dhe fytyrave njer\u00ebzore\u201d, duke paralajm\u00ebruar se pa marr\u00ebdh\u00ebnie reale nuk mund t\u00eb ket\u00eb miq\u00ebsi apo lidhje t\u00eb v\u00ebrteta.<\/p>\n<p>\u201cFytyrat dhe z\u00ebrat jan\u00eb t\u00eb shenjt\u00eb,\u201d tha Papa, duke shtuar se teknologjia digjitale rrezikon t\u00eb ndryshoj\u00eb themelet e qytet\u00ebrimit njer\u00ebzor.<\/p>\n<p>Papa Leoni XIV pranoi se chatbot\u00ebt me AI mund t\u00eb jen\u00eb arg\u00ebtues, por i cil\u00ebsoi ata si mashtrues, sidomos p\u00ebr personat m\u00eb t\u00eb pambrojtur. Sipas tij, p\u00ebr shkak se jan\u00eb gjithmon\u00eb t\u00eb pranish\u00ebm dhe emocionalisht \u201ct\u00eb dashur\u201d, ata mund t\u00eb ndikojn\u00eb n\u00eb gjendjen emocionale t\u00eb individ\u00ebve dhe t\u00eb pushtojn\u00eb sfer\u00ebn e intimitetit personal.<\/p>\n<p>Ai paralajm\u00ebroi gjithashtu se z\u00ebvend\u00ebsimi i marr\u00ebdh\u00ebnieve njer\u00ebzore me sisteme t\u00eb inteligjenc\u00ebs artificiale mund t\u00eb d\u00ebmtoj\u00eb jo vet\u00ebm jet\u00ebn personale, por edhe struktur\u00ebn sociale, kulturore dhe politike t\u00eb shoq\u00ebris\u00eb.<\/p>\n<p>Papa kritikoi edhe algoritmet e rrjeteve sociale, duke th\u00ebn\u00eb se ato favorizojn\u00eb emocionet e shpejta dhe d\u00ebmtojn\u00eb mendimin kritik, duke rritur polarizimin shoq\u00ebror.<\/p>\n<p>Megjithat\u00eb, ai theksoi se inovacioni digjital nuk duhet ndalur, por duhet drejtuar me kujdes, duke qen\u00eb t\u00eb vet\u00ebdijsh\u00ebm p\u00ebr natyr\u00ebn e tij t\u00eb dyfisht\u00eb.<\/p>\n<p>Ky nuk \u00ebsht\u00eb paralajm\u00ebrimi i par\u00eb nga Vatikani p\u00ebr rreziqet e inteligjenc\u00ebs artificiale. N\u00eb vitin 2024, Papa Fran\u00e7esku kishte deklaruar se teknologjit\u00eb simuluese b\u00ebhen \u201ct\u00eb rrezikshme kur shtremb\u00ebrojn\u00eb marr\u00ebdh\u00ebniet tona me realitetin dhe me nj\u00ebri-tjetrin\u201d, duke k\u00ebrkuar m\u00eb shum\u00eb rregullim t\u00eb AI p\u00ebr t\u00eb shmangur pasojat e d\u00ebmshme dhe diskriminuese.<\/p>\n","protected":false},"excerpt":{"rendered":"<p>29 Janara 2026 Papa Leoni XIV ka paralajm\u00ebruar besimtar\u00ebt, ve\u00e7an\u00ebrisht burrat, q\u00eb t\u00eb mos bien pre e marr\u00ebdh\u00ebnieve virtuale me chatbot\u00eb t\u00eb inteligjenc\u00ebs artificiale, duke theksuar se k\u00ebto lidhje \u201ctep\u00ebr t\u00eb p\u00ebrk\u00ebdhelura\u201d mund t\u00eb ken\u00eb pasoja serioze emocionale dhe shoq\u00ebrore. N\u00eb mesazhin e tij p\u00ebr Dit\u00ebn Bot\u00ebrore t\u00eb Komunikimeve Sociale, Papa u shpreh se n\u00eb [&hellip;]<\/p>\n","protected":false},"author":9,"featured_media":97037,"comment_status":"open","ping_status":"open","sticky":false,"template":"","format":"standard","meta":{"jetpack_post_was_ever_published":false,"_jetpack_newsletter_access":"","_jetpack_dont_email_post_to_subs":false,"_jetpack_newsletter_tier_id":0,"_jetpack_memberships_contains_paywalled_content":false,"_jetpack_memberships_contains_paid_content":false,"footnotes":"","jetpack_publicize_message":"","jetpack_publicize_feature_enabled":true,"jetpack_social_post_already_shared":true,"jetpack_social_options":{"image_generator_settings":{"template":"highway","default_image_id":0,"font":"","enabled":false},"version":2}},"categories":[27,1],"tags":[],"class_list":["post-97036","post","type-post","status-publish","format-standard","has-post-thumbnail","hentry","category-blogu-i-udhetarit","category-njoftime-shtypi"],"jetpack_publicize_connections":[],"jetpack_featured_media_url":"https:\/\/i0.wp.com\/www.shqiperia.com\/blog\/wp-content\/uploads\/2026\/01\/pope-leo-xiv-acknowledged-faithfuls-1054763510_a7a442_sd.webp?fit=1280%2C720&ssl=1","jetpack_sharing_enabled":true,"jetpack_shortlink":"https:\/\/wp.me\/p5Z6wp-pf6","jetpack-related-posts":[{"id":81834,"url":"https:\/\/www.shqiperia.com\/blog\/papa-francesku-paralajmeron-lideret-boterore-per-rreziqet-nga-inteligjenca-artificiale\/","url_meta":{"origin":97036,"position":0},"title":"Papa Fran\u00e7esku paralajm\u00ebron lider\u00ebt bot\u00ebror\u00eb p\u00ebr rreziqet nga inteligjenca artificiale","author":"Kurt Farka","date":"June 15, 2024","format":false,"excerpt":"15 Qershor 2024 Papa Fran\u00e7esku u b\u00eb Papa i par\u00eb q\u00eb iu drejtua nj\u00eb samiti t\u00eb shtat\u00eb vendeve m\u00eb t\u00eb industrializuara n\u00eb bot\u00eb (G7), duke paralajm\u00ebruar lider\u00ebt bot\u00ebror\u00eb se Inteligjenca Artificiale nuk duhet t\u00eb lejohet kurr\u00eb t\u00eb ket\u00eb ep\u00ebrsi mbi njer\u00ebzimin. Papa tha Inteligjenca Artificiale p\u00ebrfaq\u00ebson nj\u00eb \"transformim epokal\" p\u00ebr\u2026","rel":"","context":"In &quot;Blogu i Udh\u00ebtarit&quot;","block_context":{"text":"Blogu i Udh\u00ebtarit","link":"https:\/\/www.shqiperia.com\/blog\/category\/blogu-i-udhetarit\/"},"img":{"alt_text":"","src":"https:\/\/i0.wp.com\/www.shqiperia.com\/blog\/wp-content\/uploads\/2024\/06\/800-0-f24651a4d89cadb5e681a6d5625ea8ec.jpg?fit=800%2C420&ssl=1&resize=350%2C200","width":350,"height":200,"srcset":"https:\/\/i0.wp.com\/www.shqiperia.com\/blog\/wp-content\/uploads\/2024\/06\/800-0-f24651a4d89cadb5e681a6d5625ea8ec.jpg?fit=800%2C420&ssl=1&resize=350%2C200 1x, https:\/\/i0.wp.com\/www.shqiperia.com\/blog\/wp-content\/uploads\/2024\/06\/800-0-f24651a4d89cadb5e681a6d5625ea8ec.jpg?fit=800%2C420&ssl=1&resize=525%2C300 1.5x, https:\/\/i0.wp.com\/www.shqiperia.com\/blog\/wp-content\/uploads\/2024\/06\/800-0-f24651a4d89cadb5e681a6d5625ea8ec.jpg?fit=800%2C420&ssl=1&resize=700%2C400 2x"},"classes":[]},{"id":98673,"url":"https:\/\/www.shqiperia.com\/blog\/rrezikojme-nje-renie-te-dyte-te-piramidave-ne-shqiperi-buxhuku-mund-te-shkojme-ne-krizen-e-97-es\/","url_meta":{"origin":97036,"position":1},"title":"\u201cRrezikojm\u00eb nj\u00eb r\u00ebnie t\u00eb dyt\u00eb t\u00eb \u201cpiramidave\u201d n\u00eb Shqip\u00ebri\u201d, Buxhuku: Mund t\u00eb shkojm\u00eb n\u00eb kriz\u00ebn e \u201997-\u00ebs!","author":"Kurt Farka","date":"March 25, 2026","format":false,"excerpt":"25 Mars 2026 Kreu i \u201cKonfindustria\u201d, Gjergj Buxhuku, i ftuar n\u00eb nj\u00eb studio televizive ka paralajm\u00ebruar p\u00ebr nj\u00eb situat\u00eb tep\u00ebr t\u00eb rrezikshme ekonomike n\u00eb Shqip\u00ebri, n\u00eb kushtet e kriz\u00ebs energjetike dhe rritjes s\u00eb \u00e7mimeve pas tensioneve n\u00eb Iran dhe bllokimit t\u00eb Ngushtic\u00ebs s\u00eb Hormuzit. Sipas Buxhukut, Shqip\u00ebria ndodhet n\u00eb nj\u00eb\u2026","rel":"","context":"In &quot;Blogu i Udh\u00ebtarit&quot;","block_context":{"text":"Blogu i Udh\u00ebtarit","link":"https:\/\/www.shqiperia.com\/blog\/category\/blogu-i-udhetarit\/"},"img":{"alt_text":"","src":"https:\/\/i0.wp.com\/www.shqiperia.com\/blog\/wp-content\/uploads\/2026\/03\/IMG_1480.jpeg?fit=800%2C397&ssl=1&resize=350%2C200","width":350,"height":200,"srcset":"https:\/\/i0.wp.com\/www.shqiperia.com\/blog\/wp-content\/uploads\/2026\/03\/IMG_1480.jpeg?fit=800%2C397&ssl=1&resize=350%2C200 1x, https:\/\/i0.wp.com\/www.shqiperia.com\/blog\/wp-content\/uploads\/2026\/03\/IMG_1480.jpeg?fit=800%2C397&ssl=1&resize=525%2C300 1.5x, https:\/\/i0.wp.com\/www.shqiperia.com\/blog\/wp-content\/uploads\/2026\/03\/IMG_1480.jpeg?fit=800%2C397&ssl=1&resize=700%2C400 2x"},"classes":[]},{"id":79149,"url":"https:\/\/www.shqiperia.com\/blog\/papa-nxit-ukrainen-te-kete-guxim-per-negociata-kievi-reagon-ashper\/","url_meta":{"origin":97036,"position":2},"title":"Papa nxit Ukrain\u00ebn t\u00eb ket\u00eb guxim p\u00ebr negociata, Kievi reagon ashp\u00ebr","author":"Kurt Farka","date":"March 12, 2024","format":false,"excerpt":"12 Mars 2024 Presidenti i Ukrain\u00ebs Volodymyr Zelenskyy hodhi posht\u00eb thirrjet e Papa Fran\u00e7eksut p\u00ebr bisedime me Rusin\u00eb, nd\u00ebrkoh\u00eb q\u00eb ministri i jasht\u00ebm i Ukrain\u00ebs tha se vendi i tij kurr\u00eb nuk do t\u00eb kapitulloj\u00eb. \u201cKur lig\u00ebsia ruse filloi k\u00ebt\u00eb luft\u00eb m\u00eb 24 shkurt, t\u00eb gjith\u00eb ukrainasit u ngrit\u00ebn p\u00ebr\u2026","rel":"","context":"In &quot;Blogu i Udh\u00ebtarit&quot;","block_context":{"text":"Blogu i Udh\u00ebtarit","link":"https:\/\/www.shqiperia.com\/blog\/category\/blogu-i-udhetarit\/"},"img":{"alt_text":"","src":"https:\/\/i0.wp.com\/www.shqiperia.com\/blog\/wp-content\/uploads\/2024\/03\/7986086_10221722_zelensky_papa.jpg?fit=1200%2C658&ssl=1&resize=350%2C200","width":350,"height":200,"srcset":"https:\/\/i0.wp.com\/www.shqiperia.com\/blog\/wp-content\/uploads\/2024\/03\/7986086_10221722_zelensky_papa.jpg?fit=1200%2C658&ssl=1&resize=350%2C200 1x, https:\/\/i0.wp.com\/www.shqiperia.com\/blog\/wp-content\/uploads\/2024\/03\/7986086_10221722_zelensky_papa.jpg?fit=1200%2C658&ssl=1&resize=525%2C300 1.5x, https:\/\/i0.wp.com\/www.shqiperia.com\/blog\/wp-content\/uploads\/2024\/03\/7986086_10221722_zelensky_papa.jpg?fit=1200%2C658&ssl=1&resize=700%2C400 2x, https:\/\/i0.wp.com\/www.shqiperia.com\/blog\/wp-content\/uploads\/2024\/03\/7986086_10221722_zelensky_papa.jpg?fit=1200%2C658&ssl=1&resize=1050%2C600 3x"},"classes":[]},{"id":93602,"url":"https:\/\/www.shqiperia.com\/blog\/robert-papa-trondit-ramen-dosja-mcgonigal-ka-8-mije-faqe-8-pergjime-te-kryeministrit-shqiptar-korrupsion-me\/","url_meta":{"origin":97036,"position":3},"title":"Robert Papa trondit Ram\u00ebn, dosja \u201cMcGonigal\u201d ka 8 mij\u00eb faqe, 8 p\u00ebrgjime t\u00eb kryeministrit shqiptar, korrupsion me\u2026","author":"Kurt Farka","date":"September 9, 2025","format":false,"excerpt":"9 Shtator 2025 Dosja \u201cMcGonigal\u201d po rikthehet si nj\u00eb makth i hapur p\u00ebr kryeministrin Edi Rama. Nga Shtetet e Bashkuara t\u00eb Amerik\u00ebs (SHBA), gazetari dhe analisti Robert Papa zbardh detaje t\u00eb forta: mbi 8.000 faqe hetime, tet\u00eb p\u00ebrgjime direkte t\u00eb kryeministrit shqiptar, miliona dollar\u00eb korrupsion dhe lidhje t\u00eb err\u00ebta me\u2026","rel":"","context":"In &quot;Blogu i Udh\u00ebtarit&quot;","block_context":{"text":"Blogu i Udh\u00ebtarit","link":"https:\/\/www.shqiperia.com\/blog\/category\/blogu-i-udhetarit\/"},"img":{"alt_text":"","src":"https:\/\/i0.wp.com\/www.shqiperia.com\/blog\/wp-content\/uploads\/2025\/09\/foto-7-3.jpg?fit=768%2C402&ssl=1&resize=350%2C200","width":350,"height":200,"srcset":"https:\/\/i0.wp.com\/www.shqiperia.com\/blog\/wp-content\/uploads\/2025\/09\/foto-7-3.jpg?fit=768%2C402&ssl=1&resize=350%2C200 1x, https:\/\/i0.wp.com\/www.shqiperia.com\/blog\/wp-content\/uploads\/2025\/09\/foto-7-3.jpg?fit=768%2C402&ssl=1&resize=525%2C300 1.5x, https:\/\/i0.wp.com\/www.shqiperia.com\/blog\/wp-content\/uploads\/2025\/09\/foto-7-3.jpg?fit=768%2C402&ssl=1&resize=700%2C400 2x"},"classes":[]},{"id":99465,"url":"https:\/\/www.shqiperia.com\/blog\/bota-po-shkaterrohet-nga-nje-grup-tiranesh-mesazhi-i-forte-i-papes-miliarda-dollare-te-shpenzuara-per-te-vrare-dhe-asnje-per-te-sheruar-dhe-edukuar\/","url_meta":{"origin":97036,"position":4},"title":"\u201cBota po shkat\u00ebrrohet nga nj\u00eb grup tiran\u00ebsh\u201d, mesazhi i fort\u00eb i Pap\u00ebs: &#8211; Miliarda dollar\u00eb t\u00eb shpenzuara p\u00ebr t\u00eb vrar\u00eb dhe asnj\u00eb p\u00ebr t\u00eb sh\u00ebruar dhe edukuar","author":"Kurt Farka","date":"April 17, 2026","format":false,"excerpt":"17 Prill 2026 Mes mesazheve t\u00eb forta p\u00ebr paqen, Papa ka ngritur alarmin p\u00ebr gjendjen e bot\u00ebs, duke akuzuar se ajo po shkat\u00ebrrohet nga luft\u00ebrat dhe interesat e ngushta t\u00eb pushtetit. Gjat\u00eb nj\u00eb vizite n\u00eb Bamenda,\u00a0Papa\u00a0Leoni XIV deklaroi se miliarda dollar\u00eb shpenzohen p\u00ebr t\u00eb vrar\u00eb dhe shkat\u00ebrruar, nd\u00ebrsa mungojn\u00eb fondet\u2026","rel":"","context":"In &quot;Blogu i Udh\u00ebtarit&quot;","block_context":{"text":"Blogu i Udh\u00ebtarit","link":"https:\/\/www.shqiperia.com\/blog\/category\/blogu-i-udhetarit\/"},"img":{"alt_text":"","src":"https:\/\/i0.wp.com\/www.shqiperia.com\/blog\/wp-content\/uploads\/2026\/04\/69e161b7d3ac7_sd-1.webp?fit=1200%2C675&ssl=1&resize=350%2C200","width":350,"height":200,"srcset":"https:\/\/i0.wp.com\/www.shqiperia.com\/blog\/wp-content\/uploads\/2026\/04\/69e161b7d3ac7_sd-1.webp?fit=1200%2C675&ssl=1&resize=350%2C200 1x, https:\/\/i0.wp.com\/www.shqiperia.com\/blog\/wp-content\/uploads\/2026\/04\/69e161b7d3ac7_sd-1.webp?fit=1200%2C675&ssl=1&resize=525%2C300 1.5x, https:\/\/i0.wp.com\/www.shqiperia.com\/blog\/wp-content\/uploads\/2026\/04\/69e161b7d3ac7_sd-1.webp?fit=1200%2C675&ssl=1&resize=700%2C400 2x, https:\/\/i0.wp.com\/www.shqiperia.com\/blog\/wp-content\/uploads\/2026\/04\/69e161b7d3ac7_sd-1.webp?fit=1200%2C675&ssl=1&resize=1050%2C600 3x"},"classes":[]},{"id":14488,"url":"https:\/\/www.shqiperia.com\/blog\/sherbimi-sekret-shqiptar-skandal-me-bublikimin-e-detajeve\/","url_meta":{"origin":97036,"position":5},"title":"Sherbimi  Sekret Shqiptar,  Skandal  me bublikimin e detajeve. &#8211;","author":"Kurt Farka","date":"December 9, 2018","format":false,"excerpt":"Sherbimi \u00a0Sekret Shqiptar, \u00a0Skandal \u00a0me bublikimin e detajeve. - An\u00ebtarja e NATO-s, Shqip\u00ebria, poston informacion sensitiv n\u00eb internet p\u00ebr operativ\u00ebt m\u00eb t\u00eb lart\u00eb t\u00eb zbulimit t\u00eb saj, me detajet p\u00ebr identitetin e tyre, makinat, rolet operacional\u00eb, udh\u00ebtimet e zakonet e p\u00ebrditshme,\u00a0 n\u00eb dispozicion t\u00eb publikut, duke krijuar nj\u00eb t\u00eb \u00e7ar\u00eb\u2026","rel":"","context":"In &quot;Blogu i Udh\u00ebtarit&quot;","block_context":{"text":"Blogu i Udh\u00ebtarit","link":"https:\/\/www.shqiperia.com\/blog\/category\/blogu-i-udhetarit\/"},"img":{"alt_text":"","src":"https:\/\/i0.wp.com\/www.shqiperia.com\/blog\/wp-content\/uploads\/2018\/12\/index-12-300x131.jpg?resize=350%2C200","width":350,"height":200},"classes":[]}],"_links":{"self":[{"href":"https:\/\/www.shqiperia.com\/blog\/wp-json\/wp\/v2\/posts\/97036","targetHints":{"allow":["GET"]}}],"collection":[{"href":"https:\/\/www.shqiperia.com\/blog\/wp-json\/wp\/v2\/posts"}],"about":[{"href":"https:\/\/www.shqiperia.com\/blog\/wp-json\/wp\/v2\/types\/post"}],"author":[{"embeddable":true,"href":"https:\/\/www.shqiperia.com\/blog\/wp-json\/wp\/v2\/users\/9"}],"replies":[{"embeddable":true,"href":"https:\/\/www.shqiperia.com\/blog\/wp-json\/wp\/v2\/comments?post=97036"}],"version-history":[{"count":1,"href":"https:\/\/www.shqiperia.com\/blog\/wp-json\/wp\/v2\/posts\/97036\/revisions"}],"predecessor-version":[{"id":97038,"href":"https:\/\/www.shqiperia.com\/blog\/wp-json\/wp\/v2\/posts\/97036\/revisions\/97038"}],"wp:featuredmedia":[{"embeddable":true,"href":"https:\/\/www.shqiperia.com\/blog\/wp-json\/wp\/v2\/media\/97037"}],"wp:attachment":[{"href":"https:\/\/www.shqiperia.com\/blog\/wp-json\/wp\/v2\/media?parent=97036"}],"wp:term":[{"taxonomy":"category","embeddable":true,"href":"https:\/\/www.shqiperia.com\/blog\/wp-json\/wp\/v2\/categories?post=97036"},{"taxonomy":"post_tag","embeddable":true,"href":"https:\/\/www.shqiperia.com\/blog\/wp-json\/wp\/v2\/tags?post=97036"}],"curies":[{"name":"wp","href":"https:\/\/api.w.org\/{rel}","templated":true}]}}