{"id":97034,"date":"2026-01-28T09:09:15","date_gmt":"2026-01-28T09:09:15","guid":{"rendered":"https:\/\/www.shqiperia.com\/blog\/?p=97034"},"modified":"2026-01-28T09:09:15","modified_gmt":"2026-01-28T09:09:15","slug":"kush-ishin-kataret-grupi-fetar-qe-guxoi-te-sfidonte-kishen-katolike","status":"publish","type":"post","link":"https:\/\/www.shqiperia.com\/blog\/kush-ishin-kataret-grupi-fetar-qe-guxoi-te-sfidonte-kishen-katolike\/","title":{"rendered":"Kush ishin katar\u00ebt, grupi fetar q\u00eb guxoi t\u00eb sfidonte Kish\u00ebn Katolike"},"content":{"rendered":"<p>N\u00eb fillim t\u00eb shekullit XIII, Europa p\u00ebrjetoi rritjen e disa komuniteteve t\u00eb krishtera disidente, mes tyre katar\u00ebt dhe valdez\u00ebt, t\u00eb p\u00ebrhapur n\u00eb rajone t\u00eb ndryshme. K\u00ebto l\u00ebvizje vinin n\u00eb dyshim elemente themelore t\u00eb doktrin\u00ebs katolike, si vlefshm\u00ebria e sakramenteve dhe roli i Kish\u00ebs n\u00eb shp\u00ebtimin e shpirtit. Ata besonin se Kisha ishte larguar nga ideali i krishter\u00eb dhe k\u00ebrkonin nj\u00eb kthim te varf\u00ebria ungjillore. Para krijimit t\u00eb Inkuizicionit, Kisha p\u00ebrpiqej ta zgjidhte k\u00ebt\u00eb p\u00ebr\u00e7arje p\u00ebrmes debateve publike, me shpres\u00ebn p\u00ebr t&#8217;i rikthyer disident\u00ebt n\u00eb &#8220;besimin e v\u00ebrtet\u00eb&#8221;.<\/p>\n<p><img data-recalc-dims=\"1\" loading=\"lazy\" decoding=\"async\" class=\"\" alt=\"Image\" src=\"https:\/\/i0.wp.com\/www.syri.net\/uploads\/syri.net\/images\/2026\/January\/26\/auto_fd05122b-a71d-475b-bb50-1a035317b7bc1769420601.jpg?resize=745%2C1157&#038;ssl=1\" width=\"745\" height=\"1157\" \/><\/p>\n<p>Diego de Acebes, peshkop i dioqez\u00ebs s\u00eb Burgos de Osma n\u00eb Kastilje, e pa nga af\u00ebr p\u00ebrhapjen e katarizmit dhe paralajm\u00ebroi klerin e Franc\u00ebs jugore p\u00ebr nevoj\u00ebn e ndryshimit t\u00eb stilit t\u00eb jetes\u00ebs. Ai e dinte se, kur prift\u00ebrinjt\u00eb predikonin kund\u00ebr herezis\u00eb, disident\u00ebt i akuzonin p\u00ebr hipokrizi dhe jet\u00eb luksoze. N\u00ebse Kisha donte t\u00eb kishte sukses, kleri duhej t\u00eb hiqte dor\u00eb nga pasuria dhe t\u00eb jetonte sipas asaj q\u00eb predikonte. N\u00eb vitin 1207, n\u00eb qytetin e Montrealit t\u00eb Franc\u00ebs jugore, u organizua nj\u00eb debat publik mes udh\u00ebheq\u00ebsve katar\u00eb dhe Diego de Acebesit me kanunin e tij, Dominik de Guzm\u00e1nin (themeluesi i ardhsh\u00ebm i Urdhrit Domenikan). Diakoni katar Arnaud Oth e quajti Kish\u00ebn Katolike &#8220;Kisha e djallit&#8221;, duke e krahasuar me Babilonin\u00eb e p\u00ebrmendur n\u00eb Apokalips.<\/p>\n<p><span><strong>Kryq\u00ebzata albigensiane<\/strong><\/span><\/p>\n<p>Trazirat fetare u shoq\u00ebruan me paq\u00ebndrueshm\u00ebri politike, ve\u00e7an\u00ebrisht n\u00eb Okcitanin\u00eb e Franc\u00ebs jugore, ku kurora franceze nuk kishte autoritet t\u00eb fort\u00eb. Kjo krijoi hap\u00ebsir\u00eb p\u00ebr toleranc\u00eb fetare nga ana e fisnik\u00ebve dhe dob\u00ebsoi ndikimin e Kish\u00ebs. Disa figura t\u00eb r\u00ebnd\u00ebsishme fisnike, si vikonti i Karason\u00ebs dhe kont\u00ebt e Tuluz\u00ebs e t\u00eb Foix-s\u00eb, mb\u00ebshtet\u00ebn katar\u00ebt. Papati reagoi me masa t\u00eb ashpra: ligje q\u00eb parashikonin nd\u00ebshkime t\u00eb r\u00ebnda p\u00ebr heretik\u00ebt dhe thirrje drejtuar sundimtar\u00ebve p\u00ebr t&#8217;i d\u00ebbuar ata nga zot\u00ebrimet e tyre.<\/p>\n<p><img data-recalc-dims=\"1\" loading=\"lazy\" decoding=\"async\" class=\"\" alt=\"Image\" src=\"https:\/\/i0.wp.com\/www.syri.net\/uploads\/syri.net\/images\/2026\/January\/26\/auto_c8f8bdad-338e-47cc-8e8a-cc9142d32dca1769420599.jpg?resize=692%2C858&#038;ssl=1\" width=\"692\" height=\"858\" \/>Situata shp\u00ebrtheu n\u00eb janar t\u00eb vitit 1208, kur legati papnor Pierre de Castelnau u vra. Papa Ino\u00e7enti III u b\u00ebri thirrje fisnik\u00ebve t\u00eb Europ\u00ebs t\u00eb bashkoheshin n\u00eb nj\u00eb kryq\u00ebzat\u00eb kund\u00ebr heretik\u00ebve dhe mbrojt\u00ebsve t\u00eb tyre. N\u00eb vitin 1209 nisi Kryq\u00ebzata Albigensiane, q\u00eb synonte shkat\u00ebrrimin e katar\u00ebve n\u00eb t\u00eb gjith\u00eb Franc\u00ebn jugore. Masakra e B\u00e9ziersit, ku sipas disa burimeve u vran\u00eb deri n\u00eb 20 mij\u00eb njer\u00ebz, u b\u00eb simbol i dhun\u00ebs ekstreme t\u00eb k\u00ebsaj periudhe.<\/p>\n<p><strong><span>Nd\u00ebrhyrja e Inkuizicionit<\/span><\/strong><\/p>\n<p>Kryq\u00ebzata p\u00ebrfundoi n\u00eb vitin 1229 me Traktatin e Meaux-Paris mes mbretit francez dhe Raymond VII t\u00eb Tuluz\u00ebs. Konti u detyrua t\u00eb pranonte sovranitetin francez, t\u00eb t\u00ebrhiqte mb\u00ebshtetjen p\u00ebr vasal\u00ebt e tij dhe t\u00eb ndihmonte Kish\u00ebn n\u00eb luft\u00ebn kund\u00ebr herezis\u00eb. Ai financoi Fakultetin e Teologjis\u00eb n\u00eb Universitetin e Tuluz\u00ebs dhe institucionalizoi procedurat inkuizitore. Prej k\u00ebtij momenti, katar\u00ebt u p\u00ebrball\u00ebn me nj\u00eb mjedis gjithnj\u00eb e m\u00eb shtyp\u00ebs.<\/p>\n<p><img data-recalc-dims=\"1\" loading=\"lazy\" decoding=\"async\" class=\"\" alt=\"Image\" src=\"https:\/\/i0.wp.com\/www.syri.net\/uploads\/syri.net\/images\/2026\/January\/26\/auto_c4eb51f7-79de-4b77-8fe7-f4e7c38e1a081769420599.jpg?resize=656%2C782&#038;ssl=1\" width=\"656\" height=\"782\" \/>Inkuizicioni, i formalizuar n\u00eb shekullin XIII, u ngarkoi peshkop\u00ebve detyr\u00ebn p\u00ebr t\u00eb zbuluar dhe nd\u00ebshkuar heretik\u00ebt. Papa Gregori IX e shpalli herezin\u00eb nj\u00eb krim t\u00eb r\u00ebnd\u00eb dhe i dha Urdhrit Domenikan kompetenca t\u00eb gjera p\u00ebr hetime. U krijuan tribunale inkuizitore q\u00eb vepronin pa nj\u00eb seli fikse.<\/p>\n<p><span><strong>Fitorja e represionit<\/strong><\/span><\/p>\n<p>Kulmi i veprimtaris\u00eb inkuizitore u arrit n\u00eb Tuluz\u00eb n\u00eb vitet 1245\u20131246, kur mij\u00ebra burra e gra u thirr\u00ebn p\u00ebr t&#8217;u marr\u00eb n\u00eb pyetje mbi besimin e tyre dhe kontaktet me heretik\u00ebt. Ata q\u00eb k\u00ebmb\u00ebngulnin n\u00eb bindjet e tyre d\u00ebnoheshin si heretik\u00eb, u konfiskohej pasuria dhe dor\u00ebzoheshin autoriteteve civile p\u00ebr t&#8217;u djegur n\u00eb turr\u00eb.<\/p>\n<p><img data-recalc-dims=\"1\" loading=\"lazy\" decoding=\"async\" class=\"\" alt=\"Image\" src=\"https:\/\/i0.wp.com\/www.syri.net\/uploads\/syri.net\/images\/2026\/January\/26\/auto_8dc12ecb-0b5e-4dff-a5ab-a48992c74e941769420597.jpg?resize=640%2C407&#038;ssl=1\" width=\"640\" height=\"407\" \/>N\u00eb k\u00ebt\u00eb periudh\u00eb u hartuan edhe manualet e para t\u00eb inkuizitor\u00ebve, ku p\u00ebrcaktoheshin procedurat ligjore kund\u00ebr atyre q\u00eb p\u00ebrhapnin ose mb\u00ebshtesnin herezin\u00eb. Si pasoj\u00eb, katarizmi u shp\u00ebrb\u00eb n\u00eb Franc\u00ebn jugore, por mbijetoi dhe u p\u00ebrhap n\u00eb Italin\u00eb veriore, ku pasuesit njiheshin si patarin\u00eb. Ata gjet\u00ebn mb\u00ebshtetje te elitat urbane dhe disa familje fisnike.<\/p>\n<p><span><strong>Ringjallja dhe fundi i katarizmit<\/strong><\/span><\/p>\n<p>N\u00eb fillim t\u00eb shekullit XIV, Pierre Authier nga Foix udh\u00ebtoi n\u00eb Lombardi, u konvertua dhe u kthye p\u00ebr t\u00eb ringjallur katarizmin n\u00eb Okcitani. Suksesi i tij \u00e7oi n\u00eb hetime masive n\u00eb fshatin Montaillou n\u00eb vitet 1308 dhe 1320. Pas vdekjes s\u00eb Authierit, l\u00ebvizja u shp\u00ebrb\u00eb. Disa katar\u00eb u arratis\u00ebn n\u00eb Spanj\u00eb, mes tyre Guillaume B\u00e9libaste, katar i fundit &#8220;perfectus&#8221;. Ai u tradhtua, u kap dhe me 24 gusht 1321 u dogj i gjall\u00eb, pa hequr dor\u00eb nga besimi i tij.<\/p>\n<p><img data-recalc-dims=\"1\" loading=\"lazy\" decoding=\"async\" class=\"\" alt=\"Image\" src=\"https:\/\/i0.wp.com\/www.syri.net\/uploads\/syri.net\/images\/2026\/January\/26\/auto_f862f5bb-2d67-43ce-ba42-616596a1f6521769420601.jpg?resize=703%2C819&#038;ssl=1\" width=\"703\" height=\"819\" \/>Me k\u00ebt\u00eb akt simbolik u shua p\u00ebrfundimisht katarizmi si l\u00ebvizje e organizuar, por historia e tij mbetet nj\u00eb d\u00ebshmi e sfid\u00ebs s\u00eb guximshme ndaj autoritetit absolut t\u00eb Kish\u00ebs mesjetare.<\/p>\n<div class=\"fotogaleri\">\n<div class=\"bx-wrapper\">\n<div class=\"bx-viewport\">\n<ul class=\"read-slider\">\n<li><a href=\"https:\/\/www.syri.net\/fotogaleria\/858591\/kush-ishin-kataret-grupi-fetar-qe-guxoi-te-sfidonte-kishen-katolike\/\"><img data-recalc-dims=\"1\" loading=\"lazy\" decoding=\"async\" class=\"\" alt=\"\" src=\"https:\/\/i0.wp.com\/www.syri.net\/uploads\/syri.net\/images\/2026\/January\/26\/auto_5ade733e-7368-4f7a-a21e-b908e8a4fc631769420596.jpg?resize=700%2C539&#038;ssl=1\" width=\"700\" height=\"539\" \/><\/a><\/li>\n<\/ul>\n<\/div>\n<\/div>\n<\/div>\n","protected":false},"excerpt":{"rendered":"<p>N\u00eb fillim t\u00eb shekullit XIII, Europa p\u00ebrjetoi rritjen e disa komuniteteve t\u00eb krishtera disidente, mes tyre katar\u00ebt dhe valdez\u00ebt, t\u00eb p\u00ebrhapur n\u00eb rajone t\u00eb ndryshme. K\u00ebto l\u00ebvizje vinin n\u00eb dyshim elemente themelore t\u00eb doktrin\u00ebs katolike, si vlefshm\u00ebria e sakramenteve dhe roli i Kish\u00ebs n\u00eb shp\u00ebtimin e shpirtit. Ata besonin se Kisha ishte larguar nga ideali [&hellip;]<\/p>\n","protected":false},"author":9,"featured_media":0,"comment_status":"open","ping_status":"open","sticky":false,"template":"","format":"standard","meta":{"jetpack_post_was_ever_published":false,"_jetpack_newsletter_access":"","_jetpack_dont_email_post_to_subs":false,"_jetpack_newsletter_tier_id":0,"_jetpack_memberships_contains_paywalled_content":false,"_jetpack_memberships_contains_paid_content":false,"footnotes":"","jetpack_publicize_message":"","jetpack_publicize_feature_enabled":true,"jetpack_social_post_already_shared":true,"jetpack_social_options":{"image_generator_settings":{"template":"highway","default_image_id":0,"font":"","enabled":false},"version":2}},"categories":[27,85],"tags":[],"class_list":["post-97034","post","type-post","status-publish","format-standard","hentry","category-blogu-i-udhetarit","category-histori"],"jetpack_publicize_connections":[],"jetpack_featured_media_url":"","jetpack_sharing_enabled":true,"jetpack_shortlink":"https:\/\/wp.me\/p5Z6wp-pf4","jetpack-related-posts":[{"id":20554,"url":"https:\/\/www.shqiperia.com\/blog\/kisha-serbe-e-fillimeve-te-shek-xii-ishte-pjese-e-arqipeshkvise-romano-katolike-te-tivarit\/","url_meta":{"origin":97034,"position":0},"title":"Kisha serbe e fillimeve t\u00eb shek. XII ishte pjes\u00eb e Arqipeshkvis\u00eb romano-katolike te Tivarit.","author":"Kurt Farka","date":"May 1, 2019","format":false,"excerpt":"Kisha serbe e fillimeve t\u00eb shek. XII ishte pjes\u00eb e Arqipeshkvis\u00eb romano-katolike te Tivarit. Nga: Jahja Drancolli Raritete dokumentare historike: Kisha serbe e fillimeve t\u00eb shek. XII nuk zot\u00ebronte formacion t\u00eb organizuar kishtar. Ajo si e till\u00eb ishte pjes\u00eb e Arqipeshkvis\u00eb romano-katolike t\u00eb Tivarit! Papa Calixtus II sipas bull\u00ebs s\u00eb\u2026","rel":"","context":"In &quot;Blogu i Udh\u00ebtarit&quot;","block_context":{"text":"Blogu i Udh\u00ebtarit","link":"https:\/\/www.shqiperia.com\/blog\/category\/blogu-i-udhetarit\/"},"img":{"alt_text":"","src":"https:\/\/i0.wp.com\/www.shqiperia.com\/blog\/wp-content\/uploads\/2019\/05\/55644707_2064728497159978_6645508764302573568_n.jpg?fit=513%2C341&ssl=1&resize=350%2C200","width":350,"height":200},"classes":[]},{"id":14114,"url":"https:\/\/www.shqiperia.com\/blog\/kisha-katolike-e-shen-antonit-shen-ndout-gjakove\/","url_meta":{"origin":97034,"position":1},"title":"KISHA KATOLIKE E SH\u00cbN ANTONIT (SH\u00cbN NDOUT) \u2013 Gjakov\u00eb.","author":"Kurt Farka","date":"November 25, 2018","format":false,"excerpt":"KISHA KATOLIKE E SH\u00cbN ANTONIT (SH\u00cbN NDOUT) \u2013 Gjakov\u00eb. Kisha e Sh\u00ebn Ndout gjendet p\u00ebrball\u00eb Kish\u00ebs s\u00eb Sh\u00ebn Palit dhe Sh\u00ebn Pjetrit, n\u00eb Gjakov\u00eb. Kisha e par\u00eb ishte nd\u00ebrtuar m\u00eb 1882 dhe quhej Kisha e Pat\u00ebr Mil\u00ebs, por ajo u shkat\u00ebrrua m\u00eb von\u00eb. M\u00eb 1931, Pat\u00ebr Lorenc Mazreku e nd\u00ebrtoi\u2026","rel":"","context":"In &quot;Blogu i Udh\u00ebtarit&quot;","block_context":{"text":"Blogu i Udh\u00ebtarit","link":"https:\/\/www.shqiperia.com\/blog\/category\/blogu-i-udhetarit\/"},"img":{"alt_text":"","src":"https:\/\/i0.wp.com\/www.shqiperia.com\/blog\/wp-content\/uploads\/2018\/11\/KISHA-SH%C3%8BN-NDOUT-%E2%80%93-Gjakov%C3%AB.-5.jpg?fit=900%2C1200&ssl=1&resize=350%2C200","width":350,"height":200,"srcset":"https:\/\/i0.wp.com\/www.shqiperia.com\/blog\/wp-content\/uploads\/2018\/11\/KISHA-SH%C3%8BN-NDOUT-%E2%80%93-Gjakov%C3%AB.-5.jpg?fit=900%2C1200&ssl=1&resize=350%2C200 1x, https:\/\/i0.wp.com\/www.shqiperia.com\/blog\/wp-content\/uploads\/2018\/11\/KISHA-SH%C3%8BN-NDOUT-%E2%80%93-Gjakov%C3%AB.-5.jpg?fit=900%2C1200&ssl=1&resize=525%2C300 1.5x, https:\/\/i0.wp.com\/www.shqiperia.com\/blog\/wp-content\/uploads\/2018\/11\/KISHA-SH%C3%8BN-NDOUT-%E2%80%93-Gjakov%C3%AB.-5.jpg?fit=900%2C1200&ssl=1&resize=700%2C400 2x"},"classes":[]},{"id":3991,"url":"https:\/\/www.shqiperia.com\/blog\/e-kaluara-katolike-e-mitrovices-foto\/","url_meta":{"origin":97034,"position":2},"title":"E kaluara katolike e Mitrovic\u00ebs (+Foto)","author":"Kurt Farka","date":"February 27, 2018","format":false,"excerpt":"T\u00eb par\u00ebt e shqiptar\u00ebve q\u00eb tani luten n\u00ebp\u00ebr xhami, dikur p\u00ebrkuleshin n\u00eb kisha katolike. K\u00ebshtu thon\u00eb goj\u00ebdh\u00ebnat e t\u00eb dh\u00ebnat historike, t\u00eb cilat tregojn\u00eb se gjurm\u00eb kishash jan\u00eb gjetur n\u00eb \u00e7do fshat t\u00eb Mitrovic\u00ebs. \u2018Muret e Kish\u00ebs\u2019, \u2018Kroni i Kish\u00ebs\u2019, \u2018Birat e Kish\u00ebs\u2019, jan\u00eb vet\u00ebm disa nga emrat e vendeve,\u2026","rel":"","context":"In &quot;Histori&quot;","block_context":{"text":"Histori","link":"https:\/\/www.shqiperia.com\/blog\/category\/histori\/"},"img":{"alt_text":"","src":"https:\/\/i0.wp.com\/www.shqiperia.com\/blog\/wp-content\/uploads\/2018\/02\/1-kisha-600x338.jpg?fit=600%2C338&ssl=1&resize=350%2C200","width":350,"height":200,"srcset":"https:\/\/i0.wp.com\/www.shqiperia.com\/blog\/wp-content\/uploads\/2018\/02\/1-kisha-600x338.jpg?fit=600%2C338&ssl=1&resize=350%2C200 1x, https:\/\/i0.wp.com\/www.shqiperia.com\/blog\/wp-content\/uploads\/2018\/02\/1-kisha-600x338.jpg?fit=600%2C338&ssl=1&resize=525%2C300 1.5x"},"classes":[]},{"id":72637,"url":"https:\/\/www.shqiperia.com\/blog\/gjermania-me-rekorde-te-braktisjes-se-institucioneve-fetare\/","url_meta":{"origin":97034,"position":3},"title":"Gjermania me rekorde t\u00eb braktisjes s\u00eb institucioneve fetare","author":"Kurt Farka","date":"July 10, 2023","format":false,"excerpt":"10 Korrik 2023 Largimet nga Kisha Katolike n\u00eb Gjermani kan\u00eb arritur nj\u00eb nivel rekord. N\u00eb vitin 2021, ia kthyen shpin\u00ebn Kish\u00ebs rreth 359 mij\u00eb veta, q\u00eb ishte nj\u00eb rekord p\u00ebr at\u00eb koh\u00eb. Rreth 21 milion\u00eb veta jan\u00eb n\u00eb Gjermani ende pjes\u00ebtar\u00eb t\u00eb Kish\u00ebs Katolike. Ve\u00e7an\u00ebrisht pas prezantimit t\u00eb nj\u00eb ekspertize\u2026","rel":"","context":"In &quot;Blogu i Udh\u00ebtarit&quot;","block_context":{"text":"Blogu i Udh\u00ebtarit","link":"https:\/\/www.shqiperia.com\/blog\/category\/blogu-i-udhetarit\/"},"img":{"alt_text":"","src":"https:\/\/i0.wp.com\/www.shqiperia.com\/blog\/wp-content\/uploads\/2023\/07\/Download-300x158.jpg?resize=350%2C200&ssl=1","width":350,"height":200,"srcset":"https:\/\/i0.wp.com\/www.shqiperia.com\/blog\/wp-content\/uploads\/2023\/07\/Download-300x158.jpg?resize=350%2C200&ssl=1 1x, https:\/\/i0.wp.com\/www.shqiperia.com\/blog\/wp-content\/uploads\/2023\/07\/Download-300x158.jpg?resize=525%2C300&ssl=1 1.5x, https:\/\/i0.wp.com\/www.shqiperia.com\/blog\/wp-content\/uploads\/2023\/07\/Download-300x158.jpg?resize=700%2C400&ssl=1 2x"},"classes":[]},{"id":12052,"url":"https:\/\/www.shqiperia.com\/blog\/kisha-katolike-u-ba-ortodokse\/","url_meta":{"origin":97034,"position":4},"title":"Kisha Katolike u ba Ortodokse. &#8211;","author":"Kurt Farka","date":"September 30, 2018","format":false,"excerpt":"Kisha Katolike u ba Ortodokse. - Shenim nga Arben Llalla. Kisha katolike Sh\u00ebn Gjon Pag\u00ebzuesi e nd\u00ebrtuar n\u00eb vitin 1196, n\u00eb fshatin Barkmadh af\u00ebr Janin\u00ebs. Pas vitit 1960 kjo kish\u00eb \u00ebsht\u00eb kthyer n\u00eb ortodokse dhe emri i fshatit nga Barkmadh n\u00eb Kastrica. Fotoja me ngjyra tregon kish\u00ebn n\u00eb gjendjen e\u2026","rel":"","context":"In &quot;Blogu i Udh\u00ebtarit&quot;","block_context":{"text":"Blogu i Udh\u00ebtarit","link":"https:\/\/www.shqiperia.com\/blog\/category\/blogu-i-udhetarit\/"},"img":{"alt_text":"","src":"https:\/\/i0.wp.com\/www.shqiperia.com\/blog\/wp-content\/uploads\/2018\/09\/42371149_2621075271239835_1941403072664174592_n.jpg?fit=960%2C563&ssl=1&resize=350%2C200","width":350,"height":200,"srcset":"https:\/\/i0.wp.com\/www.shqiperia.com\/blog\/wp-content\/uploads\/2018\/09\/42371149_2621075271239835_1941403072664174592_n.jpg?fit=960%2C563&ssl=1&resize=350%2C200 1x, https:\/\/i0.wp.com\/www.shqiperia.com\/blog\/wp-content\/uploads\/2018\/09\/42371149_2621075271239835_1941403072664174592_n.jpg?fit=960%2C563&ssl=1&resize=525%2C300 1.5x, https:\/\/i0.wp.com\/www.shqiperia.com\/blog\/wp-content\/uploads\/2018\/09\/42371149_2621075271239835_1941403072664174592_n.jpg?fit=960%2C563&ssl=1&resize=700%2C400 2x"},"classes":[]},{"id":63989,"url":"https:\/\/www.shqiperia.com\/blog\/kisha-katolike-e-shqetesuar-shpopullimi-i-shqiperise-problem-dramatik\/","url_meta":{"origin":97034,"position":5},"title":"Kisha katolike e shqet\u00ebsuar: &#8211; Shpopullimi i Shqip\u00ebris\u00eb problem dramatik","author":"Kurt Farka","date":"November 5, 2022","format":false,"excerpt":"4 Nentor 2022 N\u00eb Shqip\u00ebri, drejtuesit e kish\u00ebs katolike, shpreh\u00ebn t\u00eb premten shqet\u00ebsim p\u00ebr fenomenin e shpopullimit, si pasoj\u00eb e nj\u00eb emigrimi n\u00eb rritje. Nj\u00eb problem q\u00eb ipeshkinjt\u00eb e Shqip\u00ebris\u00eb shprehen se \u201cpo i shkaktohet n\u00eb m\u00ebnyr\u00eb dramatike vendit ton\u00eb\u201d. N\u00eb nj\u00eb deklarat\u00eb t\u00eb lexuar nga presidenti i Konferenc\u00ebs Ipeshkvore\u2026","rel":"","context":"In &quot;Blogu i Udh\u00ebtarit&quot;","block_context":{"text":"Blogu i Udh\u00ebtarit","link":"https:\/\/www.shqiperia.com\/blog\/category\/blogu-i-udhetarit\/"},"img":{"alt_text":"","src":"https:\/\/i0.wp.com\/www.shqiperia.com\/blog\/wp-content\/uploads\/2022\/11\/angelo-massafra.jpg?fit=942%2C566&ssl=1&resize=350%2C200","width":350,"height":200,"srcset":"https:\/\/i0.wp.com\/www.shqiperia.com\/blog\/wp-content\/uploads\/2022\/11\/angelo-massafra.jpg?fit=942%2C566&ssl=1&resize=350%2C200 1x, https:\/\/i0.wp.com\/www.shqiperia.com\/blog\/wp-content\/uploads\/2022\/11\/angelo-massafra.jpg?fit=942%2C566&ssl=1&resize=525%2C300 1.5x, https:\/\/i0.wp.com\/www.shqiperia.com\/blog\/wp-content\/uploads\/2022\/11\/angelo-massafra.jpg?fit=942%2C566&ssl=1&resize=700%2C400 2x"},"classes":[]}],"_links":{"self":[{"href":"https:\/\/www.shqiperia.com\/blog\/wp-json\/wp\/v2\/posts\/97034","targetHints":{"allow":["GET"]}}],"collection":[{"href":"https:\/\/www.shqiperia.com\/blog\/wp-json\/wp\/v2\/posts"}],"about":[{"href":"https:\/\/www.shqiperia.com\/blog\/wp-json\/wp\/v2\/types\/post"}],"author":[{"embeddable":true,"href":"https:\/\/www.shqiperia.com\/blog\/wp-json\/wp\/v2\/users\/9"}],"replies":[{"embeddable":true,"href":"https:\/\/www.shqiperia.com\/blog\/wp-json\/wp\/v2\/comments?post=97034"}],"version-history":[{"count":1,"href":"https:\/\/www.shqiperia.com\/blog\/wp-json\/wp\/v2\/posts\/97034\/revisions"}],"predecessor-version":[{"id":97035,"href":"https:\/\/www.shqiperia.com\/blog\/wp-json\/wp\/v2\/posts\/97034\/revisions\/97035"}],"wp:attachment":[{"href":"https:\/\/www.shqiperia.com\/blog\/wp-json\/wp\/v2\/media?parent=97034"}],"wp:term":[{"taxonomy":"category","embeddable":true,"href":"https:\/\/www.shqiperia.com\/blog\/wp-json\/wp\/v2\/categories?post=97034"},{"taxonomy":"post_tag","embeddable":true,"href":"https:\/\/www.shqiperia.com\/blog\/wp-json\/wp\/v2\/tags?post=97034"}],"curies":[{"name":"wp","href":"https:\/\/api.w.org\/{rel}","templated":true}]}}