{"id":97031,"date":"2026-01-28T08:59:32","date_gmt":"2026-01-28T08:59:32","guid":{"rendered":"https:\/\/www.shqiperia.com\/blog\/?p=97031"},"modified":"2026-01-28T08:59:32","modified_gmt":"2026-01-28T08:59:32","slug":"balluku-shtyhet-mbledhja-e-keshillit-te-mandateve-zbardhet-urdhri","status":"publish","type":"post","link":"https:\/\/www.shqiperia.com\/blog\/balluku-shtyhet-mbledhja-e-keshillit-te-mandateve-zbardhet-urdhri\/","title":{"rendered":"\u201cBalluku\u201d\/ Shtyhet mbledhja e K\u00ebshillit t\u00eb Mandateve, zbardhet urdhri"},"content":{"rendered":"<p><img data-recalc-dims=\"1\" loading=\"lazy\" decoding=\"async\" data-attachment-id=\"97032\" data-permalink=\"https:\/\/www.shqiperia.com\/blog\/balluku-shtyhet-mbledhja-e-keshillit-te-mandateve-zbardhet-urdhri\/balluku-peleshi\/\" data-orig-file=\"https:\/\/i0.wp.com\/www.shqiperia.com\/blog\/wp-content\/uploads\/2026\/01\/balluku-peleshi.jpg?fit=706%2C433&amp;ssl=1\" data-orig-size=\"706,433\" data-comments-opened=\"1\" data-image-meta=\"{&quot;aperture&quot;:&quot;0&quot;,&quot;credit&quot;:&quot;&quot;,&quot;camera&quot;:&quot;&quot;,&quot;caption&quot;:&quot;&quot;,&quot;created_timestamp&quot;:&quot;0&quot;,&quot;copyright&quot;:&quot;&quot;,&quot;focal_length&quot;:&quot;0&quot;,&quot;iso&quot;:&quot;0&quot;,&quot;shutter_speed&quot;:&quot;0&quot;,&quot;title&quot;:&quot;&quot;,&quot;orientation&quot;:&quot;0&quot;}\" data-image-title=\"balluku peleshi\" data-image-description=\"\" data-image-caption=\"\" data-medium-file=\"https:\/\/i0.wp.com\/www.shqiperia.com\/blog\/wp-content\/uploads\/2026\/01\/balluku-peleshi.jpg?fit=300%2C184&amp;ssl=1\" data-large-file=\"https:\/\/i0.wp.com\/www.shqiperia.com\/blog\/wp-content\/uploads\/2026\/01\/balluku-peleshi.jpg?fit=706%2C433&amp;ssl=1\" class=\"alignnone  wp-image-97032\" alt=\"\" src=\"https:\/\/i0.wp.com\/www.shqiperia.com\/blog\/wp-content\/uploads\/2026\/01\/balluku-peleshi.jpg?resize=729%2C447&#038;ssl=1\" width=\"729\" height=\"447\" srcset=\"https:\/\/i0.wp.com\/www.shqiperia.com\/blog\/wp-content\/uploads\/2026\/01\/balluku-peleshi.jpg?resize=300%2C184&amp;ssl=1 300w, https:\/\/i0.wp.com\/www.shqiperia.com\/blog\/wp-content\/uploads\/2026\/01\/balluku-peleshi.jpg?resize=450%2C276&amp;ssl=1 450w, https:\/\/i0.wp.com\/www.shqiperia.com\/blog\/wp-content\/uploads\/2026\/01\/balluku-peleshi.jpg?resize=600%2C368&amp;ssl=1 600w, https:\/\/i0.wp.com\/www.shqiperia.com\/blog\/wp-content\/uploads\/2026\/01\/balluku-peleshi.jpg?resize=400%2C245&amp;ssl=1 400w, https:\/\/i0.wp.com\/www.shqiperia.com\/blog\/wp-content\/uploads\/2026\/01\/balluku-peleshi.jpg?w=706&amp;ssl=1 706w\" sizes=\"auto, (max-width: 729px) 100vw, 729px\" \/><\/p>\n<p>28 Janar 2026<\/p>\n<p>Mbledhja e K\u00ebshillit t\u00eb Mandateve dhe Imuniteteve, e cila ishte parashikuar q\u00eb t\u00eb mblidhej sot p\u00ebr Belinda Ballukut \u00ebsht\u00eb shtyr\u00eb.<\/p>\n<p>Me urdh\u00ebr t\u00eb kreut t\u00eb Kuvendit Niko Peleshi, mbledhja do t\u00eb zhvillohet nes\u00ebr, n\u00eb or\u00ebn 12:00.<\/p>\n<p>\u201cTe nderuar anetare te Keshillit per Rregulloren, Mandatet dhe Imunitetit! Ju njoftojme me Urdher te Kryetarit nr. 8, date 27.01.2026 shtyrjen e mbledhjes qe do te zhvillohej sot, date 28.01.2026, ora 12:00\u201d, thuhet n\u00eb njoftim.<\/p>\n","protected":false},"excerpt":{"rendered":"<p>28 Janar 2026 Mbledhja e K\u00ebshillit t\u00eb Mandateve dhe Imuniteteve, e cila ishte parashikuar q\u00eb t\u00eb mblidhej sot p\u00ebr Belinda Ballukut \u00ebsht\u00eb shtyr\u00eb. Me urdh\u00ebr t\u00eb kreut t\u00eb Kuvendit Niko Peleshi, mbledhja do t\u00eb zhvillohet nes\u00ebr, n\u00eb or\u00ebn 12:00. \u201cTe nderuar anetare te Keshillit per Rregulloren, Mandatet dhe Imunitetit! Ju njoftojme me Urdher te Kryetarit [&hellip;]<\/p>\n","protected":false},"author":9,"featured_media":97032,"comment_status":"open","ping_status":"open","sticky":false,"template":"","format":"standard","meta":{"jetpack_post_was_ever_published":false,"_jetpack_newsletter_access":"","_jetpack_dont_email_post_to_subs":false,"_jetpack_newsletter_tier_id":0,"_jetpack_memberships_contains_paywalled_content":false,"_jetpack_memberships_contains_paid_content":false,"footnotes":"","jetpack_publicize_message":"","jetpack_publicize_feature_enabled":true,"jetpack_social_post_already_shared":true,"jetpack_social_options":{"image_generator_settings":{"template":"highway","default_image_id":0,"font":"","enabled":false},"version":2}},"categories":[27,1,2],"tags":[],"class_list":["post-97031","post","type-post","status-publish","format-standard","has-post-thumbnail","hentry","category-blogu-i-udhetarit","category-njoftime-shtypi","category-politika"],"jetpack_publicize_connections":[],"jetpack_featured_media_url":"https:\/\/i0.wp.com\/www.shqiperia.com\/blog\/wp-content\/uploads\/2026\/01\/balluku-peleshi.jpg?fit=706%2C433&ssl=1","jetpack_sharing_enabled":true,"jetpack_shortlink":"https:\/\/wp.me\/p5Z6wp-pf1","jetpack-related-posts":[{"id":96550,"url":"https:\/\/www.shqiperia.com\/blog\/spak-kerkon-arrestimin-e-ballukut-kuvendi-ne-28-janar-mbledhja-e-keshillit-te-mandateve-dhe-imunitetit\/","url_meta":{"origin":97031,"position":0},"title":"SPAK k\u00ebrkon arrestimin e Ballukut, Kuvendi: &#8211; N\u00eb 28 janar, mbledhja e K\u00ebshillit t\u00eb Mandateve dhe Imunitetit","author":"Kurt Farka","date":"January 13, 2026","format":false,"excerpt":"13 Janar 2026 K\u00ebshilli p\u00ebr Rregulloren, Mandatet dhe Imunitetet do t\u00eb mblidhet n\u00eb dat\u00ebn 28 janar ora 12:00, p\u00ebr \u00e7\u00ebshtjen \u2018Balluku\u2019. Sipas urdh\u00ebrit t\u00eb kryeparlamentarit Niko Peleshi, k\u00ebrkesa e SPAK per t\u2019i hequr imunitetin zv.kryeministres Belinda Ballukut do t\u00eb shqyrtohet nj\u00eb jav\u00eb pasi Gjykata Kushtetuese do t\u00eb ket\u00eb shqyrtuar ankimimin\u2026","rel":"","context":"In &quot;Blogu i Udh\u00ebtarit&quot;","block_context":{"text":"Blogu i Udh\u00ebtarit","link":"https:\/\/www.shqiperia.com\/blog\/category\/blogu-i-udhetarit\/"},"img":{"alt_text":"","src":"https:\/\/i0.wp.com\/www.shqiperia.com\/blog\/wp-content\/uploads\/2026\/01\/images-1.jpg?resize=350%2C200&ssl=1","width":350,"height":200,"srcset":"https:\/\/i0.wp.com\/www.shqiperia.com\/blog\/wp-content\/uploads\/2026\/01\/images-1.jpg?resize=350%2C200&ssl=1 1x, https:\/\/i0.wp.com\/www.shqiperia.com\/blog\/wp-content\/uploads\/2026\/01\/images-1.jpg?resize=525%2C300&ssl=1 1.5x"},"classes":[]},{"id":95695,"url":"https:\/\/www.shqiperia.com\/blog\/bardhi-flet-pas-mbledhjes-kycen-usb-qe-ka-faktet-denancuese\/","url_meta":{"origin":97031,"position":1},"title":"Bardhi flet pas mbledhjes: Ky\u00e7\u00ebn USB-qe ka faktet denancuese","author":"Kurt Farka","date":"December 19, 2025","format":false,"excerpt":"19 Dhjetor 2025 Kreu i Grupit Parlamentar t\u00eb PD, GAzment Bardhi ka folur p\u00ebr mediat pas p\u00ebrfundimit t\u00eb mbledhjes s\u00eb sotme t\u00eb K\u00ebshillit t\u00eb Mandateve. Ai u shpreh se opozita ka k\u00ebrkuar q\u00eb mbledhja t\u00eb zhvillohej n\u00eb m\u00ebnyr\u00eb transparente p\u00ebr publikun, nd\u00ebrsa shtoi se n\u00ebse do t\u00eb ishte respektuar q\u00ebndrimi\u2026","rel":"","context":"In &quot;Blogu i Udh\u00ebtarit&quot;","block_context":{"text":"Blogu i Udh\u00ebtarit","link":"https:\/\/www.shqiperia.com\/blog\/category\/blogu-i-udhetarit\/"},"img":{"alt_text":"","src":"https:\/\/i0.wp.com\/www.shqiperia.com\/blog\/wp-content\/uploads\/2025\/12\/0o0.jpg?fit=1200%2C593&ssl=1&resize=350%2C200","width":350,"height":200,"srcset":"https:\/\/i0.wp.com\/www.shqiperia.com\/blog\/wp-content\/uploads\/2025\/12\/0o0.jpg?fit=1200%2C593&ssl=1&resize=350%2C200 1x, https:\/\/i0.wp.com\/www.shqiperia.com\/blog\/wp-content\/uploads\/2025\/12\/0o0.jpg?fit=1200%2C593&ssl=1&resize=525%2C300 1.5x, https:\/\/i0.wp.com\/www.shqiperia.com\/blog\/wp-content\/uploads\/2025\/12\/0o0.jpg?fit=1200%2C593&ssl=1&resize=700%2C400 2x, https:\/\/i0.wp.com\/www.shqiperia.com\/blog\/wp-content\/uploads\/2025\/12\/0o0.jpg?fit=1200%2C593&ssl=1&resize=1050%2C600 3x"},"classes":[]},{"id":95680,"url":"https:\/\/www.shqiperia.com\/blog\/tre-prokurore-ne-salle-spak-kerkon-arrestimin-e-ballukut-nis-mblidhja-e-keshillit-te-mandateve-per-zv-kryeministren\/","url_meta":{"origin":97031,"position":2},"title":"Tre prokuror\u00eb n\u00eb sall\u00eb\/ SPAK k\u00ebrkon arrestimin e Ballukut, nis mblidhja e K\u00ebshillit t\u00eb Mandateve p\u00ebr zv.kryeministren","author":"Kurt Farka","date":"December 19, 2025","format":false,"excerpt":"19 Dhjetor 2025 Nis mbledhja e K\u00ebshillit te Mandateve dhe Imunitetit ku do t\u00eb shqyrtohet k\u00ebrkesa e SPAK p\u00ebr autorizimin p\u00ebr arrestimin e z\u00ebvend\u00ebskryeministres, Belinda Balluku. T\u00eb pranish\u00ebm jan\u00eb 3 prokuror\u00eb, mes tyre kreu i ri i SPAK, Klodian Braho, Dritan Pren\u00e7i dhe Dorina Bejko. Po ashtu raportohet se n\u00eb\u2026","rel":"","context":"In &quot;Blogu i Udh\u00ebtarit&quot;","block_context":{"text":"Blogu i Udh\u00ebtarit","link":"https:\/\/www.shqiperia.com\/blog\/category\/blogu-i-udhetarit\/"},"img":{"alt_text":"","src":"https:\/\/i0.wp.com\/www.shqiperia.com\/blog\/wp-content\/uploads\/2025\/12\/balluku-655x450-1.jpg?fit=655%2C450&ssl=1&resize=350%2C200","width":350,"height":200,"srcset":"https:\/\/i0.wp.com\/www.shqiperia.com\/blog\/wp-content\/uploads\/2025\/12\/balluku-655x450-1.jpg?fit=655%2C450&ssl=1&resize=350%2C200 1x, https:\/\/i0.wp.com\/www.shqiperia.com\/blog\/wp-content\/uploads\/2025\/12\/balluku-655x450-1.jpg?fit=655%2C450&ssl=1&resize=525%2C300 1.5x"},"classes":[]},{"id":79849,"url":"https:\/\/www.shqiperia.com\/blog\/keshilli-i-mandateve-mblidhet-te-henen-per-olta-xhacken-debat-ne-konferencen-e-kryetareve\/","url_meta":{"origin":97031,"position":3},"title":"\u201cK\u00ebshilli i Mandateve mblidhet t\u00eb h\u00ebn\u00ebn p\u00ebr Olta Xha\u00e7k\u00ebn\u201d, debat n\u00eb Konferenc\u00ebn e Kryetar\u00ebve","author":"Kurt Farka","date":"April 3, 2024","format":false,"excerpt":"3 Prrill 2024 Mbledhja e K\u00ebshillit t\u00eb Mandateve do zhvillohet t\u00eb h\u00ebn\u00ebn lidhur me \u00e7\u00ebshtjen e mandatit t\u00eb deputetes Olta Xha\u00e7ka. Nd\u00ebrkoh\u00eb q\u00eb nuk ka munguar debati n\u00eb Konferenc\u00ebn e Kryetar\u00ebve mes kreut t\u00eb grupit parlamentar t\u00eb PD, Gazment Bardhit dhe kryetares s\u00eb Kuvendit, Lindita Nikolla. Bardhi i \u00ebsht\u00eb drejtuar\u2026","rel":"","context":"In &quot;Blogu i Udh\u00ebtarit&quot;","block_context":{"text":"Blogu i Udh\u00ebtarit","link":"https:\/\/www.shqiperia.com\/blog\/category\/blogu-i-udhetarit\/"},"img":{"alt_text":"","src":"https:\/\/i0.wp.com\/www.shqiperia.com\/blog\/wp-content\/uploads\/2024\/04\/images-1.jpg?resize=350%2C200&ssl=1","width":350,"height":200,"srcset":"https:\/\/i0.wp.com\/www.shqiperia.com\/blog\/wp-content\/uploads\/2024\/04\/images-1.jpg?resize=350%2C200&ssl=1 1x, https:\/\/i0.wp.com\/www.shqiperia.com\/blog\/wp-content\/uploads\/2024\/04\/images-1.jpg?resize=525%2C300&ssl=1 1.5x, https:\/\/i0.wp.com\/www.shqiperia.com\/blog\/wp-content\/uploads\/2024\/04\/images-1.jpg?resize=700%2C400&ssl=1 2x"},"classes":[]},{"id":38780,"url":"https:\/\/www.shqiperia.com\/blog\/perfundon-mbledhja-e-keshillit-politik-damian-gjiknuri-del-me-deklaraten-e-forte-pas-ultimatumit-te-pd-per-nderhyrjen-e-osbe-odihr-opozita-erdhi-serish-me-te-njejten-retorike\/","url_meta":{"origin":97031,"position":4},"title":"P\u00ebrfundon mbledhja e K\u00ebshillit Politik, Damian Gjiknuri del me deklarat\u00ebn e fort\u00eb pas ultimatumit t\u00eb PD p\u00ebr nd\u00ebrhyrjen e OSBE\/ODIHR: &#8211; Opozita erdhi s\u00ebrish me t\u00eb nj\u00ebjt\u00ebn retorik\u00eb!","author":"Kurt Farka","date":"September 22, 2020","format":false,"excerpt":"P\u00ebrfundon mbledhja e K\u00ebshillit Politik, Damian Gjiknuri del me deklarat\u00ebn e fort\u00eb pas ultimatumit t\u00eb PD p\u00ebr nd\u00ebrhyrjen e OSBE\/ODIHR: - Opozita erdhi s\u00ebrish me t\u00eb nj\u00ebjt\u00ebn retorik\u00eb! 22 SHTATOR 2020 Ka p\u00ebrfunduar takimi i K\u00ebshillit Politik, n\u00eb t\u00eb cil\u00ebn PD prezantoi edhe nj\u00eb draft me 5 pyetje ku k\u00ebrkon\u2026","rel":"","context":"In &quot;Blogu i Udh\u00ebtarit&quot;","block_context":{"text":"Blogu i Udh\u00ebtarit","link":"https:\/\/www.shqiperia.com\/blog\/category\/blogu-i-udhetarit\/"},"img":{"alt_text":"","src":"https:\/\/i0.wp.com\/www.shqiperia.com\/blog\/wp-content\/uploads\/2020\/09\/800-0-5f69eee39acf6.jpg?fit=800%2C451&ssl=1&resize=350%2C200","width":350,"height":200,"srcset":"https:\/\/i0.wp.com\/www.shqiperia.com\/blog\/wp-content\/uploads\/2020\/09\/800-0-5f69eee39acf6.jpg?fit=800%2C451&ssl=1&resize=350%2C200 1x, https:\/\/i0.wp.com\/www.shqiperia.com\/blog\/wp-content\/uploads\/2020\/09\/800-0-5f69eee39acf6.jpg?fit=800%2C451&ssl=1&resize=525%2C300 1.5x, https:\/\/i0.wp.com\/www.shqiperia.com\/blog\/wp-content\/uploads\/2020\/09\/800-0-5f69eee39acf6.jpg?fit=800%2C451&ssl=1&resize=700%2C400 2x"},"classes":[]},{"id":24866,"url":"https:\/\/www.shqiperia.com\/blog\/konstituimi-i-keshillit-bashkiak-te-shkodres-tensionohet-situata-protestuesit-konfrontohen-me-policine\/","url_meta":{"origin":97031,"position":5},"title":"Konstituimi i k\u00ebshillit bashkiak t\u00eb Shkodr\u00ebs, tensionohet situata. Protestuesit konfrontohen me policin\u00eb","author":"Kurt Farka","date":"August 19, 2019","format":false,"excerpt":"Konstituimi i k\u00ebshillit bashkiak t\u00eb Shkodr\u00ebs, tensionohet situata. Protestuesit konfrontohen me policin\u00eb Aug 19, 2019 Mb\u00ebshtet\u00ebsit e opozit\u00ebs jan\u00eb konfrontuar sot me forcat e rendit, n\u00eb nj\u00eb koh\u00eb q\u00eb n\u00eb ambientet e brendshme t\u00eb Biblotek\u00ebs u zhvillua mbledhja e konstituimit t\u00eb K\u00ebshillit bashkiak t\u00eb Shkodr\u00ebs. Protestuesit kan\u00eb tentuar t\u00eb futen\u2026","rel":"","context":"In &quot;Blogu i Udh\u00ebtarit&quot;","block_context":{"text":"Blogu i Udh\u00ebtarit","link":"https:\/\/www.shqiperia.com\/blog\/category\/blogu-i-udhetarit\/"},"img":{"alt_text":"","src":"https:\/\/i0.wp.com\/www.shqiperia.com\/blog\/wp-content\/uploads\/2019\/08\/mbledhja.jpg?fit=1200%2C602&ssl=1&resize=350%2C200","width":350,"height":200,"srcset":"https:\/\/i0.wp.com\/www.shqiperia.com\/blog\/wp-content\/uploads\/2019\/08\/mbledhja.jpg?fit=1200%2C602&ssl=1&resize=350%2C200 1x, https:\/\/i0.wp.com\/www.shqiperia.com\/blog\/wp-content\/uploads\/2019\/08\/mbledhja.jpg?fit=1200%2C602&ssl=1&resize=525%2C300 1.5x, https:\/\/i0.wp.com\/www.shqiperia.com\/blog\/wp-content\/uploads\/2019\/08\/mbledhja.jpg?fit=1200%2C602&ssl=1&resize=700%2C400 2x, https:\/\/i0.wp.com\/www.shqiperia.com\/blog\/wp-content\/uploads\/2019\/08\/mbledhja.jpg?fit=1200%2C602&ssl=1&resize=1050%2C600 3x"},"classes":[]}],"_links":{"self":[{"href":"https:\/\/www.shqiperia.com\/blog\/wp-json\/wp\/v2\/posts\/97031","targetHints":{"allow":["GET"]}}],"collection":[{"href":"https:\/\/www.shqiperia.com\/blog\/wp-json\/wp\/v2\/posts"}],"about":[{"href":"https:\/\/www.shqiperia.com\/blog\/wp-json\/wp\/v2\/types\/post"}],"author":[{"embeddable":true,"href":"https:\/\/www.shqiperia.com\/blog\/wp-json\/wp\/v2\/users\/9"}],"replies":[{"embeddable":true,"href":"https:\/\/www.shqiperia.com\/blog\/wp-json\/wp\/v2\/comments?post=97031"}],"version-history":[{"count":1,"href":"https:\/\/www.shqiperia.com\/blog\/wp-json\/wp\/v2\/posts\/97031\/revisions"}],"predecessor-version":[{"id":97033,"href":"https:\/\/www.shqiperia.com\/blog\/wp-json\/wp\/v2\/posts\/97031\/revisions\/97033"}],"wp:featuredmedia":[{"embeddable":true,"href":"https:\/\/www.shqiperia.com\/blog\/wp-json\/wp\/v2\/media\/97032"}],"wp:attachment":[{"href":"https:\/\/www.shqiperia.com\/blog\/wp-json\/wp\/v2\/media?parent=97031"}],"wp:term":[{"taxonomy":"category","embeddable":true,"href":"https:\/\/www.shqiperia.com\/blog\/wp-json\/wp\/v2\/categories?post=97031"},{"taxonomy":"post_tag","embeddable":true,"href":"https:\/\/www.shqiperia.com\/blog\/wp-json\/wp\/v2\/tags?post=97031"}],"curies":[{"name":"wp","href":"https:\/\/api.w.org\/{rel}","templated":true}]}}