{"id":97028,"date":"2026-01-28T08:50:29","date_gmt":"2026-01-28T08:50:29","guid":{"rendered":"https:\/\/www.shqiperia.com\/blog\/?p=97028"},"modified":"2026-01-28T08:50:29","modified_gmt":"2026-01-28T08:50:29","slug":"pamje-turperuese-kreut-95-vjecar-te-veteraneve-te-lanc-i-nderrojne-braven-e-lene-jashte","status":"publish","type":"post","link":"https:\/\/www.shqiperia.com\/blog\/pamje-turperuese-kreut-95-vjecar-te-veteraneve-te-lanc-i-nderrojne-braven-e-lene-jashte\/","title":{"rendered":"Pamje turp\u00ebruese, kreut 95-vje\u00e7ar t\u00eb Veteran\u00ebve t\u00eb LAN\u00c7 i nd\u00ebrrojn\u00eb brav\u00ebn, e l\u00ebn\u00eb jasht\u00eb"},"content":{"rendered":"<p><img data-recalc-dims=\"1\" loading=\"lazy\" decoding=\"async\" data-attachment-id=\"97029\" data-permalink=\"https:\/\/www.shqiperia.com\/blog\/pamje-turperuese-kreut-95-vjecar-te-veteraneve-te-lanc-i-nderrojne-braven-e-lene-jashte\/screenshot_20260126_144838_gallery\/\" data-orig-file=\"https:\/\/i0.wp.com\/www.shqiperia.com\/blog\/wp-content\/uploads\/2026\/01\/Screenshot_20260126_144838_Gallery.webp?fit=697%2C550&amp;ssl=1\" data-orig-size=\"697,550\" data-comments-opened=\"1\" data-image-meta=\"{&quot;aperture&quot;:&quot;0&quot;,&quot;credit&quot;:&quot;&quot;,&quot;camera&quot;:&quot;&quot;,&quot;caption&quot;:&quot;&quot;,&quot;created_timestamp&quot;:&quot;0&quot;,&quot;copyright&quot;:&quot;&quot;,&quot;focal_length&quot;:&quot;0&quot;,&quot;iso&quot;:&quot;0&quot;,&quot;shutter_speed&quot;:&quot;0&quot;,&quot;title&quot;:&quot;&quot;,&quot;orientation&quot;:&quot;0&quot;}\" data-image-title=\"Screenshot_20260126_144838_Gallery\" data-image-description=\"\" data-image-caption=\"\" data-medium-file=\"https:\/\/i0.wp.com\/www.shqiperia.com\/blog\/wp-content\/uploads\/2026\/01\/Screenshot_20260126_144838_Gallery.webp?fit=300%2C237&amp;ssl=1\" data-large-file=\"https:\/\/i0.wp.com\/www.shqiperia.com\/blog\/wp-content\/uploads\/2026\/01\/Screenshot_20260126_144838_Gallery.webp?fit=697%2C550&amp;ssl=1\" class=\"alignnone  wp-image-97029\" alt=\"\" src=\"https:\/\/i0.wp.com\/www.shqiperia.com\/blog\/wp-content\/uploads\/2026\/01\/Screenshot_20260126_144838_Gallery.webp?resize=563%2C445&#038;ssl=1\" width=\"563\" height=\"445\" srcset=\"https:\/\/i0.wp.com\/www.shqiperia.com\/blog\/wp-content\/uploads\/2026\/01\/Screenshot_20260126_144838_Gallery.webp?resize=300%2C237&amp;ssl=1 300w, https:\/\/i0.wp.com\/www.shqiperia.com\/blog\/wp-content\/uploads\/2026\/01\/Screenshot_20260126_144838_Gallery.webp?resize=450%2C355&amp;ssl=1 450w, https:\/\/i0.wp.com\/www.shqiperia.com\/blog\/wp-content\/uploads\/2026\/01\/Screenshot_20260126_144838_Gallery.webp?resize=600%2C473&amp;ssl=1 600w, https:\/\/i0.wp.com\/www.shqiperia.com\/blog\/wp-content\/uploads\/2026\/01\/Screenshot_20260126_144838_Gallery.webp?resize=400%2C316&amp;ssl=1 400w, https:\/\/i0.wp.com\/www.shqiperia.com\/blog\/wp-content\/uploads\/2026\/01\/Screenshot_20260126_144838_Gallery.webp?w=697&amp;ssl=1 697w\" sizes=\"auto, (max-width: 563px) 100vw, 563px\" \/><\/p>\n<p>28 Janar 2026<\/p>\n<p>Nj\u00eb pamje q\u00eb turp\u00ebron Organizat\u00ebn e Veteran\u00ebve t\u00eb Luft\u00ebs \u00ebsht\u00eb d\u00ebrguar n\u00eb redaksin\u00eb e gazet\u00ebs DITA. N\u00eb video shfaqet kreu 95-vje\u00e7ar i saj Hulusi Hako, n\u00eb der\u00ebn e zyr\u00ebs s\u00eb institucionit q\u00eb p\u00ebrfaq\u00ebson.<\/p>\n<p>I pafuqish\u00ebm t\u00eb hyj\u00eb brenda sepse brav\u00ebn ia kan\u00eb nd\u00ebrruar.<\/p>\n<p>Prej koh\u00ebsh, Organizata e Veteran\u00ebve dhe Pasardh\u00ebsve t\u00eb LAN\u00c7 po vuan nga p\u00ebr\u00e7arje t\u00eb brendshme dhe konflikte gjyq\u00ebsore p\u00ebr drejtimin, legjitimitetin dhe administrimin<\/p>\n<p>Por pavar\u00ebsisht se kush ka t\u00eb drejt\u00eb n\u00eb k\u00ebt\u00eb p\u00ebrplasje, m\u00ebnyra si trajtohet nj\u00eb figur\u00eb 95-vje\u00e7are, p\u00ebrfaq\u00ebsuese e brezit q\u00eb mbajti mbi shpin\u00eb nj\u00eb luft\u00eb bot\u00ebrore, \u00ebsht\u00eb e papranueshme.<\/p>\n<p>Kjo organzat\u00eb q\u00eb mban titullin e lart\u00eb Nderi i Kombit duhet t\u00eb mbaj\u00eb gjall\u00eb kujtes\u00ebn e t\u00eb r\u00ebn\u00ebve t\u00eb Luft\u00ebs s\u00eb Dyt\u00eb Bot\u00ebrore dhe respektin p\u00ebr ata q\u00eb i mbijetuan asaj. Nj\u00eb veteran 95-vje\u00e7ar p\u00ebrball\u00eb nj\u00eb dere t\u00eb mbyllur \u00ebsht\u00eb nj\u00eb imazh i dhimbsh\u00ebm i mllefit dhe banalizimit t\u00eb historis\u00eb.<\/p>\n<p>Publiku ka t\u00eb drejt\u00eb t\u00eb dij\u00eb \u00e7far\u00eb po ndodh realisht brenda k\u00ebsaj organizate dhe institucionet p\u00ebrkat\u00ebse, ve\u00e7an\u00ebrisht PS dhe Ministria e Mbrojtjes kan\u00eb detyrimin t\u00eb reagojn\u00eb.<\/p>\n<p>Pas incidentit dhe nj\u00eb denoncimi n\u00eb Polici, Hako ka dh\u00ebn\u00eb nj\u00eb deklarat\u00eb p\u00ebr media ku thuhet:<\/p>\n<p><em>V\u00ebllez\u00ebr dhe motra t\u00eb OVG-s\u00eb, dashamir\u00ebs. Me dhimbje dhe habi e p\u00ebrjetova dit\u00ebn e sotme, e h\u00ebn\u00eb, 26 janar.<span>\u00a0<\/span><\/em><em>Shkoj n\u00eb m\u00ebngjes n\u00eb zyr\u00eb, p\u00ebr pun\u00ebt e mia, dhe kisha l\u00ebn\u00eb takime me dy profesor\u00eb. Brava e der\u00ebs ishte nd\u00ebrruar.<\/em><\/p>\n<p><em>Bashk\u00ebpun\u00ebtor\u00ebt e mi, Veli Myftari dhe Ilir Bello, me detyrat dhe kompetencat p\u00ebrkat\u00ebse, kishin gjetur koh\u00ebn ta realizonin k\u00ebt\u00eb veprim mafioz, p\u00ebr t\u00eb konkretizuar vendimin e nj\u00eb far\u00eb kryesie, e cila \u00ebsht\u00eb mbledhur n\u00eb ilegalitet, me njer\u00ebz t\u00eb selektuar, p\u00ebr t\u00eb m\u00eb pezulluar mua si kryetar.<\/em><\/p>\n<p><em>Mbeta n\u00eb korridor, nd\u00ebrsa ata, t\u00eb qet\u00eb, kan\u00eb shkuar n\u00eb P\u00ebrmet me autobusin e dh\u00ebn\u00eb nga Ministria e Mbrojtjes, gj\u00eb p\u00ebr t\u00eb cil\u00ebn as nuk jam lajm\u00ebruar<\/em>.<\/p>\n<p><img data-recalc-dims=\"1\" loading=\"lazy\" decoding=\"async\" class=\"aligncenter  wp-image-298152\" alt=\"\" src=\"https:\/\/i0.wp.com\/gazetadita.al\/wp-content\/uploads\/2026\/01\/IMG-20260126-WA0010.webp?resize=861%2C646&#038;ssl=1\" width=\"861\" height=\"646\" \/><\/p>\n<p>P\u00ebr situat\u00ebn kan\u00eb reaguar edhe nj\u00eb grup profesor\u00ebsh t\u00eb njohur. Ata i jan\u00eb drejtuar zv.ministrit t\u00eb Mbrojtjes, Enkel Joti:<\/p>\n<p><strong>Zoti Enkel<\/strong>,<\/p>\n<p><em>Jemi t\u00eb detyruar t\u2019ju v\u00ebm\u00eb n\u00eb dijeni p\u00ebr nj\u00eb situat\u00eb skandalesh t\u00eb r\u00ebnda q\u00eb po ndodhin n\u00eb Organizat\u00ebn Komb\u00ebtare t\u00eb Veteran\u00ebve, e cila, ve\u00e7 t\u00eb tjerave, ka edhe var\u00ebsi financiare nga dikasteri juaj.<span>\u00a0<\/span><\/em><em>Thelbi i skandalit lidhet me shp\u00ebrdorime dhe vjedhje financiare q\u00eb kan\u00eb ndodhur aty me fondet publike, si edhe me luft\u00ebn midis klaneve p\u00ebr kontrollin e organizat\u00ebs.<\/em><\/p>\n<p><em>Nj\u00eb grup, apo klan, me n\u00eb krye Veli Myftarin, Servet Agollin etj., kan\u00eb izoluar dhe p\u00ebrz\u00ebn\u00eb nga zyrat kryetarin aktual t\u00eb organizat\u00ebs, prof. Hulusi Hako, i cili po p\u00ebrpiqet t\u2019i ndaloj\u00eb k\u00ebto veprime.<span>\u00a0<\/span><\/em><em>Megjithat\u00eb, n\u00eb m\u00ebnyr\u00eb skandaloze, sot u p\u00ebrdor edhe forc\u00eb fizike ndaj nj\u00eb veterani 95-vje\u00e7ar, t\u00eb cilit nuk iu lejua t\u00eb futej n\u00eb zyr\u00eb. P\u00ebr k\u00ebt\u00eb ngjarje u njoftua edhe Policia.<\/em><\/p>\n<p><em>Ju lutemi q\u00eb, me kompetencat q\u00eb ju jep ligji, t\u00eb nd\u00ebrhyni urgjentisht p\u00ebr t\u00eb ushtruar kontroll financiar, por edhe p\u00ebr t\u00eb normalizuar situat\u00ebn n\u00eb k\u00ebt\u00eb organizat\u00eb.<\/em><\/p>\n<p><strong>Me respekt:<\/strong><\/p>\n<p><strong>Petro Koci, Spartak Braho, Prof. Ksenofon Krisafi, Pellumb Xhufi, Fatos Klosi, Sali Onuzi, Fatos Tarifa, Marenglen Kasmi etj.<\/strong><\/p>\n<p>Nga: Gazeta Sot<\/p>\n","protected":false},"excerpt":{"rendered":"<p>28 Janar 2026 Nj\u00eb pamje q\u00eb turp\u00ebron Organizat\u00ebn e Veteran\u00ebve t\u00eb Luft\u00ebs \u00ebsht\u00eb d\u00ebrguar n\u00eb redaksin\u00eb e gazet\u00ebs DITA. N\u00eb video shfaqet kreu 95-vje\u00e7ar i saj Hulusi Hako, n\u00eb der\u00ebn e zyr\u00ebs s\u00eb institucionit q\u00eb p\u00ebrfaq\u00ebson. I pafuqish\u00ebm t\u00eb hyj\u00eb brenda sepse brav\u00ebn ia kan\u00eb nd\u00ebrruar. Prej koh\u00ebsh, Organizata e Veteran\u00ebve dhe Pasardh\u00ebsve t\u00eb LAN\u00c7 [&hellip;]<\/p>\n","protected":false},"author":9,"featured_media":97029,"comment_status":"open","ping_status":"open","sticky":false,"template":"","format":"standard","meta":{"jetpack_post_was_ever_published":false,"_jetpack_newsletter_access":"","_jetpack_dont_email_post_to_subs":false,"_jetpack_newsletter_tier_id":0,"_jetpack_memberships_contains_paywalled_content":false,"_jetpack_memberships_contains_paid_content":false,"footnotes":"","jetpack_publicize_message":"","jetpack_publicize_feature_enabled":true,"jetpack_social_post_already_shared":true,"jetpack_social_options":{"image_generator_settings":{"template":"highway","default_image_id":0,"font":"","enabled":false},"version":2}},"categories":[27,1,35],"tags":[],"class_list":["post-97028","post","type-post","status-publish","format-standard","has-post-thumbnail","hentry","category-blogu-i-udhetarit","category-njoftime-shtypi","category-shoqerore"],"jetpack_publicize_connections":[],"jetpack_featured_media_url":"https:\/\/i0.wp.com\/www.shqiperia.com\/blog\/wp-content\/uploads\/2026\/01\/Screenshot_20260126_144838_Gallery.webp?fit=697%2C550&ssl=1","jetpack_sharing_enabled":true,"jetpack_shortlink":"https:\/\/wp.me\/p5Z6wp-peY","jetpack-related-posts":[{"id":47286,"url":"https:\/\/www.shqiperia.com\/blog\/nuk-kursejne-as-qemalin-deklarate-skandaloze-e-drejtorit-te-arkivave-te-shtetit-ai-nuk-ka-bere-asnje-akt-heroik-eshte-mit-absurd\/","url_meta":{"origin":97028,"position":0},"title":"Nuk kursejn\u00eb as Qemalin, deklarat\u00eb skandaloze e drejtorit t\u00eb Arkivave t\u00eb Shtetit: &#8211; \u201cAi nuk ka b\u00ebr\u00eb asnj\u00eb akt heroik, \u00ebsht\u00eb mit absurd\u201d","author":"Kurt Farka","date":"May 6, 2021","format":false,"excerpt":"Nuk kursejn\u00eb as Qemalin, deklarat\u00eb skandaloze e drejtorit t\u00eb Arkivave t\u00eb Shtetit: - \u201cAi nuk ka b\u00ebr\u00eb asnj\u00eb akt heroik, \u00ebsht\u00eb mit absurd\u201d 6 maji 2021 Drejtori i Arkivave Shqiptare, Ardit Bido, ka qen\u00eb i ftuar n\u00eb emisionin \u2018Opinion\u2019 ku ka komentuar vrasjen e Qemal Staf\u00ebs, t\u00eb ndodhur n\u00eb 5\u2026","rel":"","context":"In &quot;Blogu i Udh\u00ebtarit&quot;","block_context":{"text":"Blogu i Udh\u00ebtarit","link":"https:\/\/www.shqiperia.com\/blog\/category\/blogu-i-udhetarit\/"},"img":{"alt_text":"","src":"https:\/\/i0.wp.com\/www.shqiperia.com\/blog\/wp-content\/uploads\/2021\/05\/Ardit-Bido-Edi-Rama.jpg?fit=512%2C223&ssl=1&resize=350%2C200","width":350,"height":200},"classes":[]},{"id":90605,"url":"https:\/\/www.shqiperia.com\/blog\/misioni-antishqiptar-i-kryeministrit-rama-per-te-degjeneruar-lanc-si-po-investohet\/","url_meta":{"origin":97028,"position":1},"title":"Misioni antishqiptar i kryeministrit Rama p\u00ebr t\u00eb degjeneruar LAN\u00c7, si po investohet\u2026","author":"Kurt Farka","date":"March 20, 2025","format":false,"excerpt":"20 Mars 2025 Edi Rama, Kryeballisti i koh\u00ebve moderne. Si po investohet p\u00ebr ta quajtur luft\u00eb civile rezistenc\u00ebn kund\u00ebr okupatorit n\u00ebp\u00ebrmjet instituteve t\u00eb mbushura me sharlatan\u00eb, strategjia e njeriut q\u00eb ka z\u00ebvend\u00ebsuar pulat me biftek\u00ebt 10 mij\u00eb euro dhe ver\u00eb 33 mij\u00eb dollar\u00eb shishja N\u00eb nj\u00eb moment t\u00eb trishtuar p\u00ebr\u2026","rel":"","context":"In &quot;Njoftime Shtypi&quot;","block_context":{"text":"Njoftime Shtypi","link":"https:\/\/www.shqiperia.com\/blog\/category\/njoftime-shtypi\/"},"img":{"alt_text":"","src":"https:\/\/i0.wp.com\/www.shqiperia.com\/blog\/wp-content\/uploads\/2025\/03\/Edi-Rama.png?fit=900%2C546&ssl=1&resize=350%2C200","width":350,"height":200,"srcset":"https:\/\/i0.wp.com\/www.shqiperia.com\/blog\/wp-content\/uploads\/2025\/03\/Edi-Rama.png?fit=900%2C546&ssl=1&resize=350%2C200 1x, https:\/\/i0.wp.com\/www.shqiperia.com\/blog\/wp-content\/uploads\/2025\/03\/Edi-Rama.png?fit=900%2C546&ssl=1&resize=525%2C300 1.5x, https:\/\/i0.wp.com\/www.shqiperia.com\/blog\/wp-content\/uploads\/2025\/03\/Edi-Rama.png?fit=900%2C546&ssl=1&resize=700%2C400 2x"},"classes":[]},{"id":92243,"url":"https:\/\/www.shqiperia.com\/blog\/lista-e-hapur-e-ps-ne-tirane-beteja-historike-mes-ministrave-deputeteve-dhe-veteraneve\/","url_meta":{"origin":97028,"position":2},"title":"Lista e hapur e PS n\u00eb Tiran\u00eb\/ Beteja historike mes ministrave, deputet\u00ebve dhe veteran\u00ebve.","author":"Kurt Farka","date":"May 4, 2025","format":false,"excerpt":"4 Maji 2025 .. Sondazhet deri m\u00eb tani nuk i japin PS jo m\u00eb shum\u00eb se 17 mandate. Fush\u00ebbeteja e 11 majit ka nj\u00eb p\u00ebrq\u00ebndrim t\u00eb lart\u00eb n\u00eb kryeqytet, kjo p\u00ebr shkak jo vet\u00ebm t\u00eb numrave t\u00eb lart\u00eb t\u00eb deputet\u00ebve dhe popullsis\u00eb, por dhe figurave q\u00eb po luftojn\u00eb p\u00ebr 1\u2026","rel":"","context":"In &quot;Blogu i Udh\u00ebtarit&quot;","block_context":{"text":"Blogu i Udh\u00ebtarit","link":"https:\/\/www.shqiperia.com\/blog\/category\/blogu-i-udhetarit\/"},"img":{"alt_text":"","src":"https:\/\/i0.wp.com\/www.shqiperia.com\/blog\/wp-content\/uploads\/2025\/05\/640-0-whatsapp-image-2025-05-03-at-82932-pm-361.jpeg?fit=640%2C331&ssl=1&resize=350%2C200","width":350,"height":200,"srcset":"https:\/\/i0.wp.com\/www.shqiperia.com\/blog\/wp-content\/uploads\/2025\/05\/640-0-whatsapp-image-2025-05-03-at-82932-pm-361.jpeg?fit=640%2C331&ssl=1&resize=350%2C200 1x, https:\/\/i0.wp.com\/www.shqiperia.com\/blog\/wp-content\/uploads\/2025\/05\/640-0-whatsapp-image-2025-05-03-at-82932-pm-361.jpeg?fit=640%2C331&ssl=1&resize=525%2C300 1.5x"},"classes":[]},{"id":27965,"url":"https:\/\/www.shqiperia.com\/blog\/kreu-i-pksh-se-muharrem-xhafa-ish-shef-i-sektorit-te-edukimit-ne-kq-te-ppsh-qeveria-nuk-njeh-enver-hoxhen-si-drejtuesin-e-lanc-it\/","url_meta":{"origin":97028,"position":3},"title":"Kreu i PKSH-s\u00eb, Muharrem Xhafa, ish-shef i Sektorit t\u00eb Edukimit n\u00eb KQ t\u00eb PPSH: &#8211; Qeveria nuk njeh Enver Hoxh\u00ebn si drejtuesin e LAN\u00c7-it","author":"Kurt Farka","date":"November 9, 2019","format":false,"excerpt":"Kreu i PKSH-s\u00eb, Muharrem Xhafa, ish-shef i Sektorit t\u00eb Edukimit n\u00eb KQ t\u00eb PPSH: - Qeveria nuk njeh Enver Hoxh\u00ebn si drejtuesin e LAN\u00c7-it \u00a08 nentor 2019 Kreu i PKSH-s\u00eb, Muharrem Xhafa, ish-shef i Sektorit t\u00eb Edukimit n\u00eb KQ t\u00eb PPSH, shprehet i revoltuar ndaj k\u00ebsaj\u00a0 m\u00ebnyre t\u00eb nderimit t\u00eb\u2026","rel":"","context":"In &quot;Politika&quot;","block_context":{"text":"Politika","link":"https:\/\/www.shqiperia.com\/blog\/category\/politika\/"},"img":{"alt_text":"","src":"https:\/\/i0.wp.com\/www.shqiperia.com\/blog\/wp-content\/uploads\/2019\/11\/muharrem-xhafa-Kryetari-aktual-i-PKSH.jpg?fit=1200%2C630&ssl=1&resize=350%2C200","width":350,"height":200,"srcset":"https:\/\/i0.wp.com\/www.shqiperia.com\/blog\/wp-content\/uploads\/2019\/11\/muharrem-xhafa-Kryetari-aktual-i-PKSH.jpg?fit=1200%2C630&ssl=1&resize=350%2C200 1x, https:\/\/i0.wp.com\/www.shqiperia.com\/blog\/wp-content\/uploads\/2019\/11\/muharrem-xhafa-Kryetari-aktual-i-PKSH.jpg?fit=1200%2C630&ssl=1&resize=525%2C300 1.5x, https:\/\/i0.wp.com\/www.shqiperia.com\/blog\/wp-content\/uploads\/2019\/11\/muharrem-xhafa-Kryetari-aktual-i-PKSH.jpg?fit=1200%2C630&ssl=1&resize=700%2C400 2x, https:\/\/i0.wp.com\/www.shqiperia.com\/blog\/wp-content\/uploads\/2019\/11\/muharrem-xhafa-Kryetari-aktual-i-PKSH.jpg?fit=1200%2C630&ssl=1&resize=1050%2C600 3x"},"classes":[]},{"id":84873,"url":"https:\/\/www.shqiperia.com\/blog\/mbyllja-e-muzeut-historik-kombetar-si-truk-per-turistet\/","url_meta":{"origin":97028,"position":4},"title":"Mbyllja e Muzeut Historik Komb\u00ebtar si truk p\u00ebr turist\u00ebt","author":"Kurt Farka","date":"September 22, 2024","format":false,"excerpt":"\u00a0 Nga Lutfi Dervishi 6 Mars 2024, N\u00eb nj\u00eb zhvillim q\u00eb tronditi n\u00eb themel bot\u00ebn e turizmit dhe at\u00eb kulturore, Muzeu Historik Komb\u00ebtar njoftoi se do t\u00eb jet\u00eb mbyllur\u00a0 nga 15 Marsi 2024 deri m\u00eb 15 Marsin 2028, ose e th\u00ebn\u00eb n\u00eb m\u00ebnyr\u00eb t\u00eb p\u00ebrmbledhur \u201cvet\u00ebm 4 vjet\u201d. Arsyeja? Restaurim!\u2026","rel":"","context":"In &quot;Arte&quot;","block_context":{"text":"Arte","link":"https:\/\/www.shqiperia.com\/blog\/category\/arte\/"},"img":{"alt_text":"","src":"https:\/\/i0.wp.com\/www.shqiperia.com\/blog\/wp-content\/uploads\/2024\/09\/1045_1695580560.jpg?fit=1024%2C763&ssl=1&resize=350%2C200","width":350,"height":200,"srcset":"https:\/\/i0.wp.com\/www.shqiperia.com\/blog\/wp-content\/uploads\/2024\/09\/1045_1695580560.jpg?fit=1024%2C763&ssl=1&resize=350%2C200 1x, https:\/\/i0.wp.com\/www.shqiperia.com\/blog\/wp-content\/uploads\/2024\/09\/1045_1695580560.jpg?fit=1024%2C763&ssl=1&resize=525%2C300 1.5x, https:\/\/i0.wp.com\/www.shqiperia.com\/blog\/wp-content\/uploads\/2024\/09\/1045_1695580560.jpg?fit=1024%2C763&ssl=1&resize=700%2C400 2x"},"classes":[]},{"id":95233,"url":"https:\/\/www.shqiperia.com\/blog\/homazhe-kenge-dhe-shqiptari-prekazi-zemra-e-festes-per-28-nentorin-ne-kosove\/","url_meta":{"origin":97028,"position":5},"title":"Homazhe, k\u00ebng\u00eb dhe shqiptari\/ Prekazi, \u2018zemra\u2019 e fest\u00ebs p\u00ebr 28 N\u00ebntorin n\u00eb Kosov\u00eb","author":"Kurt Farka","date":"November 28, 2025","format":false,"excerpt":"28 Nentor 2025 Prekazi ishte epiqendra e festive p\u00ebr 28 N\u00ebntorin n\u00eb Kosov\u00eb. P\u00ebrfaq\u00ebsues politik\u00eb dhe t\u00eb institucioneve nderuan sakrific\u00ebn e t\u00eb r\u00ebn\u00ebve p\u00ebr liri. \u201cKjo \u00ebsht\u00eb dit\u00eb feste p\u00ebr shqiptar\u00ebt kudo q\u00eb ndodhen. \u00cbsht\u00eb dit\u00eb e shenjt\u00eb p\u00ebr ne dhe prandaj qytetar\u00ebt nga t\u00eb gjitha trevat, p\u00ebrfshir\u00eb edhe nga\u2026","rel":"","context":"In &quot;Blogu i Udh\u00ebtarit&quot;","block_context":{"text":"Blogu i Udh\u00ebtarit","link":"https:\/\/www.shqiperia.com\/blog\/category\/blogu-i-udhetarit\/"},"img":{"alt_text":"","src":"https:\/\/i0.wp.com\/www.shqiperia.com\/blog\/wp-content\/uploads\/2025\/11\/prekazz.jpg?fit=900%2C506&ssl=1&resize=350%2C200","width":350,"height":200,"srcset":"https:\/\/i0.wp.com\/www.shqiperia.com\/blog\/wp-content\/uploads\/2025\/11\/prekazz.jpg?fit=900%2C506&ssl=1&resize=350%2C200 1x, https:\/\/i0.wp.com\/www.shqiperia.com\/blog\/wp-content\/uploads\/2025\/11\/prekazz.jpg?fit=900%2C506&ssl=1&resize=525%2C300 1.5x, https:\/\/i0.wp.com\/www.shqiperia.com\/blog\/wp-content\/uploads\/2025\/11\/prekazz.jpg?fit=900%2C506&ssl=1&resize=700%2C400 2x"},"classes":[]}],"_links":{"self":[{"href":"https:\/\/www.shqiperia.com\/blog\/wp-json\/wp\/v2\/posts\/97028","targetHints":{"allow":["GET"]}}],"collection":[{"href":"https:\/\/www.shqiperia.com\/blog\/wp-json\/wp\/v2\/posts"}],"about":[{"href":"https:\/\/www.shqiperia.com\/blog\/wp-json\/wp\/v2\/types\/post"}],"author":[{"embeddable":true,"href":"https:\/\/www.shqiperia.com\/blog\/wp-json\/wp\/v2\/users\/9"}],"replies":[{"embeddable":true,"href":"https:\/\/www.shqiperia.com\/blog\/wp-json\/wp\/v2\/comments?post=97028"}],"version-history":[{"count":1,"href":"https:\/\/www.shqiperia.com\/blog\/wp-json\/wp\/v2\/posts\/97028\/revisions"}],"predecessor-version":[{"id":97030,"href":"https:\/\/www.shqiperia.com\/blog\/wp-json\/wp\/v2\/posts\/97028\/revisions\/97030"}],"wp:featuredmedia":[{"embeddable":true,"href":"https:\/\/www.shqiperia.com\/blog\/wp-json\/wp\/v2\/media\/97029"}],"wp:attachment":[{"href":"https:\/\/www.shqiperia.com\/blog\/wp-json\/wp\/v2\/media?parent=97028"}],"wp:term":[{"taxonomy":"category","embeddable":true,"href":"https:\/\/www.shqiperia.com\/blog\/wp-json\/wp\/v2\/categories?post=97028"},{"taxonomy":"post_tag","embeddable":true,"href":"https:\/\/www.shqiperia.com\/blog\/wp-json\/wp\/v2\/tags?post=97028"}],"curies":[{"name":"wp","href":"https:\/\/api.w.org\/{rel}","templated":true}]}}