{"id":97025,"date":"2026-01-28T08:43:49","date_gmt":"2026-01-28T08:43:49","guid":{"rendered":"https:\/\/www.shqiperia.com\/blog\/?p=97025"},"modified":"2026-01-28T08:43:49","modified_gmt":"2026-01-28T08:43:49","slug":"drama-siciliane-e-nishemit-banoret-nuk-do-te-kthehen-me-kurre-ne-shtepite-e-tyre","status":"publish","type":"post","link":"https:\/\/www.shqiperia.com\/blog\/drama-siciliane-e-nishemit-banoret-nuk-do-te-kthehen-me-kurre-ne-shtepite-e-tyre\/","title":{"rendered":"DRAMA SI\u00c7ILIANE e Nishemit: Banor\u00ebt nuk do t\u00eb kthehen m\u00eb kurr\u00eb n\u00eb sht\u00ebpit\u00eb e tyre"},"content":{"rendered":"<p><img data-recalc-dims=\"1\" loading=\"lazy\" decoding=\"async\" data-attachment-id=\"97026\" data-permalink=\"https:\/\/www.shqiperia.com\/blog\/drama-siciliane-e-nishemit-banoret-nuk-do-te-kthehen-me-kurre-ne-shtepite-e-tyre\/640-0-nishajpg-1769542588\/\" data-orig-file=\"https:\/\/i0.wp.com\/www.shqiperia.com\/blog\/wp-content\/uploads\/2026\/01\/640-0-nishajpg-1769542588.jpg?fit=640%2C426&amp;ssl=1\" data-orig-size=\"640,426\" data-comments-opened=\"1\" data-image-meta=\"{&quot;aperture&quot;:&quot;0&quot;,&quot;credit&quot;:&quot;&quot;,&quot;camera&quot;:&quot;&quot;,&quot;caption&quot;:&quot;&quot;,&quot;created_timestamp&quot;:&quot;0&quot;,&quot;copyright&quot;:&quot;&quot;,&quot;focal_length&quot;:&quot;0&quot;,&quot;iso&quot;:&quot;0&quot;,&quot;shutter_speed&quot;:&quot;0&quot;,&quot;title&quot;:&quot;&quot;,&quot;orientation&quot;:&quot;0&quot;}\" data-image-title=\"-640-0-nishajpg-1769542588\" data-image-description=\"\" data-image-caption=\"\" data-medium-file=\"https:\/\/i0.wp.com\/www.shqiperia.com\/blog\/wp-content\/uploads\/2026\/01\/640-0-nishajpg-1769542588.jpg?fit=300%2C200&amp;ssl=1\" data-large-file=\"https:\/\/i0.wp.com\/www.shqiperia.com\/blog\/wp-content\/uploads\/2026\/01\/640-0-nishajpg-1769542588.jpg?fit=640%2C426&amp;ssl=1\" class=\"alignnone  wp-image-97026\" alt=\"\" src=\"https:\/\/i0.wp.com\/www.shqiperia.com\/blog\/wp-content\/uploads\/2026\/01\/640-0-nishajpg-1769542588.jpg?resize=594%2C396&#038;ssl=1\" width=\"594\" height=\"396\" srcset=\"https:\/\/i0.wp.com\/www.shqiperia.com\/blog\/wp-content\/uploads\/2026\/01\/640-0-nishajpg-1769542588.jpg?resize=300%2C200&amp;ssl=1 300w, https:\/\/i0.wp.com\/www.shqiperia.com\/blog\/wp-content\/uploads\/2026\/01\/640-0-nishajpg-1769542588.jpg?resize=600%2C399&amp;ssl=1 600w, https:\/\/i0.wp.com\/www.shqiperia.com\/blog\/wp-content\/uploads\/2026\/01\/640-0-nishajpg-1769542588.jpg?resize=450%2C300&amp;ssl=1 450w, https:\/\/i0.wp.com\/www.shqiperia.com\/blog\/wp-content\/uploads\/2026\/01\/640-0-nishajpg-1769542588.jpg?resize=400%2C266&amp;ssl=1 400w, https:\/\/i0.wp.com\/www.shqiperia.com\/blog\/wp-content\/uploads\/2026\/01\/640-0-nishajpg-1769542588.jpg?w=640&amp;ssl=1 640w\" sizes=\"auto, (max-width: 594px) 100vw, 594px\" \/><\/p>\n<p>28 Janar 2026<\/p>\n<p>Rr\u00ebshqitja e dheut q\u00eb shkat\u00ebrroi qytetin Niscemi, nj\u00eb qytet me 30 000 banor\u00eb i vendosur 22 kilometra nga Gela n\u00eb province e Caltanissett\u00ebs dhe 100 kilometra nga Catania, \u00ebsht\u00eb kat\u00ebr kilometra e gjat\u00eb.<\/p>\n<p>Nj\u00eb mij\u00eb njer\u00ebz u detyruan t\u00eb braktisin sht\u00ebpit\u00eb, zyrat dhe bizneset e vendosura pran\u00eb zon\u00ebs s\u00eb kuqe.<\/p>\n<p>Shum\u00eb familje jan\u00eb zhvendosur tek t\u00eb af\u00ebrmit, nd\u00ebrsa t\u00eb tjer\u00eb aktualisht po q\u00ebndrojn\u00eb n\u00eb palestr\u00ebn sportive t\u00eb ngritur p\u00ebr evakuimin.<\/p>\n<p>Niscemi \u00ebsht\u00eb pothuajse i izoluar. Lagje t\u00eb t\u00ebra \u2013 Sante Croci, Trappeto dhe Via Popolo \u2013 jan\u00eb evakuuar. Rrug\u00ebt kryesore jan\u00eb t\u00eb mbyllura.<\/p>\n<p>N\u00eb bashkin\u00eb e qytetit, kryetari i Bashkis\u00eb s\u00eb Niscemi-t, Massimiliano Conti, po koordinon qendr\u00ebn e operacioneve, n\u00eb kontakt t\u00eb ngusht\u00eb me agjencit\u00eb komb\u00ebtare dhe rajonale t\u00eb Mbrojtjes Civile dhe Prefektur\u00ebn e Caltanissetta-s.<\/p>\n<p><em>\u201cNumri i t\u00eb evakuuarve po rritet sepse rr\u00ebshqitja e dheut nuk \u00ebsht\u00eb ndalur, k\u00ebshtu q\u00eb, nd\u00ebrsa vazhdon t\u00eb rr\u00ebshqas\u00eb, fronti i rr\u00ebshqitjes s\u00eb dheut po hyn n\u00eb qytet dhe b\u00ebhet gjithnj\u00eb e m\u00eb e r\u00ebnd\u00ebsishme t\u00eb rritet numri i t\u00eb evakuuarve\u201d,<\/em><span>\u00a0<\/span>paralajm\u00ebron kreu i Departamentit t\u00eb Mbrojtjes Civile, Fabio Ciciliano.<\/p>\n<p><em>\u201cN\u00ebse sht\u00ebpia e tyre \u00ebsht\u00eb pran\u00eb rr\u00ebshqitje t\u00eb dheut ata nuk do t\u00eb kthehen kurr\u00eb n\u00eb sht\u00ebpit\u00eb e tyre. Ne duhet t\u00eb sigurojm\u00eb edhe komunikim t\u00eb duhur n\u00eb k\u00ebt\u00eb situat\u00eb\u201d,<\/em><span>\u00a0<\/span>shton ai.<\/p>\n","protected":false},"excerpt":{"rendered":"<p>28 Janar 2026 Rr\u00ebshqitja e dheut q\u00eb shkat\u00ebrroi qytetin Niscemi, nj\u00eb qytet me 30 000 banor\u00eb i vendosur 22 kilometra nga Gela n\u00eb province e Caltanissett\u00ebs dhe 100 kilometra nga Catania, \u00ebsht\u00eb kat\u00ebr kilometra e gjat\u00eb. Nj\u00eb mij\u00eb njer\u00ebz u detyruan t\u00eb braktisin sht\u00ebpit\u00eb, zyrat dhe bizneset e vendosura pran\u00eb zon\u00ebs s\u00eb kuqe. Shum\u00eb familje [&hellip;]<\/p>\n","protected":false},"author":9,"featured_media":97026,"comment_status":"open","ping_status":"open","sticky":false,"template":"","format":"standard","meta":{"jetpack_post_was_ever_published":false,"_jetpack_newsletter_access":"","_jetpack_dont_email_post_to_subs":false,"_jetpack_newsletter_tier_id":0,"_jetpack_memberships_contains_paywalled_content":false,"_jetpack_memberships_contains_paid_content":false,"footnotes":"","jetpack_publicize_message":"","jetpack_publicize_feature_enabled":true,"jetpack_social_post_already_shared":true,"jetpack_social_options":{"image_generator_settings":{"template":"highway","default_image_id":0,"font":"","enabled":false},"version":2}},"categories":[27,1],"tags":[],"class_list":["post-97025","post","type-post","status-publish","format-standard","has-post-thumbnail","hentry","category-blogu-i-udhetarit","category-njoftime-shtypi"],"jetpack_publicize_connections":[],"jetpack_featured_media_url":"https:\/\/i0.wp.com\/www.shqiperia.com\/blog\/wp-content\/uploads\/2026\/01\/640-0-nishajpg-1769542588.jpg?fit=640%2C426&ssl=1","jetpack_sharing_enabled":true,"jetpack_shortlink":"https:\/\/wp.me\/p5Z6wp-peV","jetpack-related-posts":[{"id":54053,"url":"https:\/\/www.shqiperia.com\/blog\/shtepite-muzeale-ne-delvine-drejt-rrenimit-bashkia-percjellin-vlerat-e-qytetit-banoret-te-aplikojne-per-fonde-album-foto\/","url_meta":{"origin":97025,"position":0},"title":"Sht\u00ebpit\u00eb muzeale n\u00eb Delvin\u00eb drejt rr\u00ebnimit! Bashkia: P\u00ebrcjellin vlerat e qytetit, banor\u00ebt t\u00eb aplikojn\u00eb p\u00ebr fonde! &#8211; Album Foto","author":"Kurt Farka","date":"February 15, 2022","format":false,"excerpt":"Sht\u00ebpit\u00eb muzeale n\u00eb Delvin\u00eb drejt rr\u00ebnimit! Bashkia: P\u00ebrcjellin vlerat e qytetit, banor\u00ebt t\u00eb aplikojn\u00eb p\u00ebr fonde! - Album Foto 12 Shkurt2022 Sht\u00ebpit\u00eb muzeale n\u00eb Delvin\u00eb n\u00eb lagjen e vjet\u00ebr Llak\u00eb rrezikojn\u00eb shembjen. Shumica e pronar\u00ebve jan\u00eb larguar, nd\u00ebrsa shpresa e tyre mbeten grantet e qeveris\u00eb n\u00ebp\u00ebrmjet projekteve t\u00eb rijet\u00ebsimit p\u00ebr\u2026","rel":"","context":"In &quot;Histori&quot;","block_context":{"text":"Histori","link":"https:\/\/www.shqiperia.com\/blog\/category\/histori\/"},"img":{"alt_text":"","src":"https:\/\/i0.wp.com\/www.shqiperia.com\/blog\/wp-content\/uploads\/2022\/02\/Shtepite-muzeale-ne-Delvine-drejt-rrenimit-4.jpg?fit=1200%2C649&ssl=1&resize=350%2C200","width":350,"height":200,"srcset":"https:\/\/i0.wp.com\/www.shqiperia.com\/blog\/wp-content\/uploads\/2022\/02\/Shtepite-muzeale-ne-Delvine-drejt-rrenimit-4.jpg?fit=1200%2C649&ssl=1&resize=350%2C200 1x, https:\/\/i0.wp.com\/www.shqiperia.com\/blog\/wp-content\/uploads\/2022\/02\/Shtepite-muzeale-ne-Delvine-drejt-rrenimit-4.jpg?fit=1200%2C649&ssl=1&resize=525%2C300 1.5x, https:\/\/i0.wp.com\/www.shqiperia.com\/blog\/wp-content\/uploads\/2022\/02\/Shtepite-muzeale-ne-Delvine-drejt-rrenimit-4.jpg?fit=1200%2C649&ssl=1&resize=700%2C400 2x, https:\/\/i0.wp.com\/www.shqiperia.com\/blog\/wp-content\/uploads\/2022\/02\/Shtepite-muzeale-ne-Delvine-drejt-rrenimit-4.jpg?fit=1200%2C649&ssl=1&resize=1050%2C600 3x"},"classes":[]},{"id":47034,"url":"https:\/\/www.shqiperia.com\/blog\/arkeologet-zbuluan-nje-qytet-antik-50-kilometra-jashte-romes\/","url_meta":{"origin":97025,"position":1},"title":"Arkeolog\u00ebt zbuluan nj\u00eb qytet antik 50 kilometra jasht\u00eb Rom\u00ebs","author":"Kurt Farka","date":"April 28, 2021","format":false,"excerpt":"Arkeolog\u00ebt zbuluan nj\u00eb qytet antik 50 kilometra jasht\u00eb Rom\u00ebs Arkeolog\u00ebt nuk kan\u00eb m\u00eb nevoj\u00eb t\u00eb g\u00ebrmojn\u00eb qytete t\u00eb varrosura p\u00ebr t\u00eb zbuluar se si duken. Nj\u00eb grup studiuesish belg\u00eb dhe britanik\u00eb koh\u00ebt e fundit hartuan t\u00eb gjith\u00eb qytetin antik t\u00eb Falerii Novi, rreth 50 kilometra jasht\u00eb Rom\u00ebs, duke p\u00ebrdorur teknologjin\u00eb\u2026","rel":"","context":"In &quot;Histori&quot;","block_context":{"text":"Histori","link":"https:\/\/www.shqiperia.com\/blog\/category\/histori\/"},"img":{"alt_text":"","src":"https:\/\/i0.wp.com\/www.shqiperia.com\/blog\/wp-content\/uploads\/2021\/04\/Zbululohet-nje-qytet-antik-50-kilometra-jashte-Romes-2.png?fit=587%2C295&ssl=1&resize=350%2C200","width":350,"height":200,"srcset":"https:\/\/i0.wp.com\/www.shqiperia.com\/blog\/wp-content\/uploads\/2021\/04\/Zbululohet-nje-qytet-antik-50-kilometra-jashte-Romes-2.png?fit=587%2C295&ssl=1&resize=350%2C200 1x, https:\/\/i0.wp.com\/www.shqiperia.com\/blog\/wp-content\/uploads\/2021\/04\/Zbululohet-nje-qytet-antik-50-kilometra-jashte-Romes-2.png?fit=587%2C295&ssl=1&resize=525%2C300 1.5x"},"classes":[]},{"id":40276,"url":"https:\/\/www.shqiperia.com\/blog\/franca-ne-karantine-kaos-ne-paris-kolona-e-makinave-700-kilometra-qytetaret-dynden-ne-dyqane-dhe-largohen-nga-qyteti\/","url_meta":{"origin":97025,"position":2},"title":"Franca n\u00eb karantin\u00eb. &#8211;\u00a0 Kaos n\u00eb Paris, kolona e makinave 700 kilometra, qytetar\u00ebt dynden n\u00eb dyqane dhe largohen nga qyteti","author":"Kurt Farka","date":"October 30, 2020","format":false,"excerpt":"Franca n\u00eb karantin\u00eb. -\u00a0 Kaos n\u00eb Paris, kolona e makinave 700 kilometra, qytetar\u00ebt dynden n\u00eb dyqane dhe largohen nga qyteti 30 TETOR 2020 Parisi \u00ebsht\u00eb \u2018pushtuar\u2019 nga makinat vet\u00ebm pak or\u00eb para se t\u00eb ndodhte bllokimi i ri komb\u00ebtar n\u00eb t\u00eb gjith\u00eb Franc\u00ebn. Trafiku i r\u00ebnduar arrinte deri n\u00eb 700\u2026","rel":"","context":"In &quot;Blogu i Udh\u00ebtarit&quot;","block_context":{"text":"Blogu i Udh\u00ebtarit","link":"https:\/\/www.shqiperia.com\/blog\/category\/blogu-i-udhetarit\/"},"img":{"alt_text":"","src":"https:\/\/i0.wp.com\/www.shqiperia.com\/blog\/wp-content\/uploads\/2020\/10\/640-0-5f9bd8677049e-Copy.jpg?fit=640%2C286&ssl=1&resize=350%2C200","width":350,"height":200,"srcset":"https:\/\/i0.wp.com\/www.shqiperia.com\/blog\/wp-content\/uploads\/2020\/10\/640-0-5f9bd8677049e-Copy.jpg?fit=640%2C286&ssl=1&resize=350%2C200 1x, https:\/\/i0.wp.com\/www.shqiperia.com\/blog\/wp-content\/uploads\/2020\/10\/640-0-5f9bd8677049e-Copy.jpg?fit=640%2C286&ssl=1&resize=525%2C300 1.5x"},"classes":[]},{"id":6704,"url":"https:\/\/www.shqiperia.com\/blog\/shipska-fshati-me-5-familje-por-qe-nuk-te-le-ta-braktisesh\/","url_meta":{"origin":97025,"position":3},"title":"Shipska, fshati me 5 familje, por q\u00eb nuk t\u00eb l\u00eb ta braktis\u00ebsh . &#8211;","author":"Kurt Farka","date":"April 20, 2018","format":false,"excerpt":"Shipska \u00ebsht\u00eb fshati i harruar, ku jetojn\u00eb vet\u00ebn pes\u00eb familje. Gjithsesi ajo ka di\u00e7ka t\u00eb ve\u00e7ant\u00eb q\u00eb nuk t\u00eb l\u00eb ta braktis\u00ebsh. Banor\u00ebt po i rikthehen nostalgjis\u00eb s\u00eb jet\u00ebs n\u00eb\u00a0 fshatin e tyre.\u00a0 Kan\u00eb filluar pun\u00ebn p\u00ebr t\u00eb rind\u00ebrtuar sht\u00ebpit\u00eb e tyre. Kjo sip\u00ebrmarrje, qoft\u00eb edhe p\u00ebr t\u00eb kaluar fundjav\u00ebn\u2026","rel":"","context":"In &quot;Blogu i Udh\u00ebtarit&quot;","block_context":{"text":"Blogu i Udh\u00ebtarit","link":"https:\/\/www.shqiperia.com\/blog\/category\/blogu-i-udhetarit\/"},"img":{"alt_text":"","src":"https:\/\/i0.wp.com\/www.shqiperia.com\/blog\/wp-content\/uploads\/2018\/04\/shipska-2.jpg?fit=700%2C464&ssl=1&resize=350%2C200","width":350,"height":200,"srcset":"https:\/\/i0.wp.com\/www.shqiperia.com\/blog\/wp-content\/uploads\/2018\/04\/shipska-2.jpg?fit=700%2C464&ssl=1&resize=350%2C200 1x, https:\/\/i0.wp.com\/www.shqiperia.com\/blog\/wp-content\/uploads\/2018\/04\/shipska-2.jpg?fit=700%2C464&ssl=1&resize=525%2C300 1.5x, https:\/\/i0.wp.com\/www.shqiperia.com\/blog\/wp-content\/uploads\/2018\/04\/shipska-2.jpg?fit=700%2C464&ssl=1&resize=700%2C400 2x"},"classes":[]},{"id":83344,"url":"https:\/\/www.shqiperia.com\/blog\/kroaci-shtepite-e-vjetra-shiten-me-cmim-te-ulet-per-te-terhequr-banore-te-rinj\/","url_meta":{"origin":97025,"position":4},"title":"Kroaci, sht\u00ebpit\u00eb e vjetra shiten me \u00e7mim t\u00eb ul\u00ebt p\u00ebr t\u00eb t\u00ebrhequr banor\u00eb t\u00eb rinj","author":"Kurt Farka","date":"August 7, 2024","format":false,"excerpt":"9 Gusht 2024 Keni \u00ebnd\u00ebrruar ndonj\u00ebher\u00eb t\u00eb keni nj\u00eb sht\u00ebpi n\u00eb gadishullin e Istrias? Nj\u00eb qytez\u00eb historike n\u00eb Kroaci shpreson t\u00eb t\u00ebrheq\u00eb banor\u00eb t\u00eb rinj duke shitur objekte t\u00eb vjet\u00ebruara n\u00eb pron\u00ebsi t\u00eb qytetit, n\u00eb qendr\u00ebn e tij mesjetare. Bler\u00ebsit mund ta shtyjn\u00eb pages\u00ebn deri n\u00eb dy vite, n\u00ebse angazhohen\u2026","rel":"","context":"In &quot;Blogu i Udh\u00ebtarit&quot;","block_context":{"text":"Blogu i Udh\u00ebtarit","link":"https:\/\/www.shqiperia.com\/blog\/category\/blogu-i-udhetarit\/"},"img":{"alt_text":"","src":"https:\/\/i0.wp.com\/www.shqiperia.com\/blog\/wp-content\/uploads\/2024\/08\/kroaci.jpg?fit=962%2C567&ssl=1&resize=350%2C200","width":350,"height":200,"srcset":"https:\/\/i0.wp.com\/www.shqiperia.com\/blog\/wp-content\/uploads\/2024\/08\/kroaci.jpg?fit=962%2C567&ssl=1&resize=350%2C200 1x, https:\/\/i0.wp.com\/www.shqiperia.com\/blog\/wp-content\/uploads\/2024\/08\/kroaci.jpg?fit=962%2C567&ssl=1&resize=525%2C300 1.5x, https:\/\/i0.wp.com\/www.shqiperia.com\/blog\/wp-content\/uploads\/2024\/08\/kroaci.jpg?fit=962%2C567&ssl=1&resize=700%2C400 2x"},"classes":[]},{"id":66540,"url":"https:\/\/www.shqiperia.com\/blog\/lumi-i-ballkanit-i-njohur-per-bukurinee-tij-kthehet-ne-grumbull-plehrash-mediat-nderkombetare-nxjerrin-pamjet\/","url_meta":{"origin":97025,"position":5},"title":"Lumi i Ballkanit i njohur p\u00ebr bukurin\u00ebe tij kthehet n\u00eb grumbull plehrash. &#8211; Mediat nd\u00ebrkomb\u00ebtare nxjerrin pamjet","author":"Kurt Farka","date":"January 22, 2023","format":false,"excerpt":"22 Janar 2023 Tonelata me shishe plastike, fu\u00e7i t\u00eb ndryshkura, goma t\u00eb p\u00ebrdorura, pajisje sht\u00ebpiake, drur\u00eb dhe mbeturina t\u00eb tjera jan\u00eb grumbulluar pas nj\u00eb pengese n\u00eb lumin Drina n\u00eb Bosnje-Hercegovin\u00eb, e cila gjarp\u00ebron n\u00ebp\u00ebr kodra pyjore. Pjesa m\u00eb e madhe e k\u00ebtyre mbeturinave u hodh n\u00eb grumbullimet buz\u00eb lumenjve t\u00eb\u2026","rel":"","context":"In &quot;Blogu i Udh\u00ebtarit&quot;","block_context":{"text":"Blogu i Udh\u00ebtarit","link":"https:\/\/www.shqiperia.com\/blog\/category\/blogu-i-udhetarit\/"},"img":{"alt_text":"","src":"https:\/\/i0.wp.com\/www.shqiperia.com\/blog\/wp-content\/uploads\/2023\/01\/773x435_cmsv2_fcb86002-e0a5-5734-a9ad-c7548ae034e2-7323354.jpg?fit=773%2C435&ssl=1&resize=350%2C200","width":350,"height":200,"srcset":"https:\/\/i0.wp.com\/www.shqiperia.com\/blog\/wp-content\/uploads\/2023\/01\/773x435_cmsv2_fcb86002-e0a5-5734-a9ad-c7548ae034e2-7323354.jpg?fit=773%2C435&ssl=1&resize=350%2C200 1x, https:\/\/i0.wp.com\/www.shqiperia.com\/blog\/wp-content\/uploads\/2023\/01\/773x435_cmsv2_fcb86002-e0a5-5734-a9ad-c7548ae034e2-7323354.jpg?fit=773%2C435&ssl=1&resize=525%2C300 1.5x, https:\/\/i0.wp.com\/www.shqiperia.com\/blog\/wp-content\/uploads\/2023\/01\/773x435_cmsv2_fcb86002-e0a5-5734-a9ad-c7548ae034e2-7323354.jpg?fit=773%2C435&ssl=1&resize=700%2C400 2x"},"classes":[]}],"_links":{"self":[{"href":"https:\/\/www.shqiperia.com\/blog\/wp-json\/wp\/v2\/posts\/97025","targetHints":{"allow":["GET"]}}],"collection":[{"href":"https:\/\/www.shqiperia.com\/blog\/wp-json\/wp\/v2\/posts"}],"about":[{"href":"https:\/\/www.shqiperia.com\/blog\/wp-json\/wp\/v2\/types\/post"}],"author":[{"embeddable":true,"href":"https:\/\/www.shqiperia.com\/blog\/wp-json\/wp\/v2\/users\/9"}],"replies":[{"embeddable":true,"href":"https:\/\/www.shqiperia.com\/blog\/wp-json\/wp\/v2\/comments?post=97025"}],"version-history":[{"count":1,"href":"https:\/\/www.shqiperia.com\/blog\/wp-json\/wp\/v2\/posts\/97025\/revisions"}],"predecessor-version":[{"id":97027,"href":"https:\/\/www.shqiperia.com\/blog\/wp-json\/wp\/v2\/posts\/97025\/revisions\/97027"}],"wp:featuredmedia":[{"embeddable":true,"href":"https:\/\/www.shqiperia.com\/blog\/wp-json\/wp\/v2\/media\/97026"}],"wp:attachment":[{"href":"https:\/\/www.shqiperia.com\/blog\/wp-json\/wp\/v2\/media?parent=97025"}],"wp:term":[{"taxonomy":"category","embeddable":true,"href":"https:\/\/www.shqiperia.com\/blog\/wp-json\/wp\/v2\/categories?post=97025"},{"taxonomy":"post_tag","embeddable":true,"href":"https:\/\/www.shqiperia.com\/blog\/wp-json\/wp\/v2\/tags?post=97025"}],"curies":[{"name":"wp","href":"https:\/\/api.w.org\/{rel}","templated":true}]}}