{"id":97021,"date":"2026-01-28T08:20:13","date_gmt":"2026-01-28T08:20:13","guid":{"rendered":"https:\/\/www.shqiperia.com\/blog\/?p=97021"},"modified":"2026-01-28T08:20:13","modified_gmt":"2026-01-28T08:20:13","slug":"lufta-ne-ukraine-konflikti-me-i-pergjakshem-qe-nga-lufta-e-dyte-boterore-rreth-2-milione-ushtare-te-vrare","status":"publish","type":"post","link":"https:\/\/www.shqiperia.com\/blog\/lufta-ne-ukraine-konflikti-me-i-pergjakshem-qe-nga-lufta-e-dyte-boterore-rreth-2-milione-ushtare-te-vrare\/","title":{"rendered":"Lufta n\u00eb Ukrain\u00eb\/ Konflikti m\u00eb i p\u00ebrgjaksh\u00ebm q\u00eb nga Lufta e Dyt\u00eb Bot\u00ebrore, rreth 2 milion\u00eb ushtar\u00eb t\u00eb vrar\u00eb"},"content":{"rendered":"<div class=\"firstP\">\n<p><img data-recalc-dims=\"1\" loading=\"lazy\" decoding=\"async\" data-attachment-id=\"97022\" data-permalink=\"https:\/\/www.shqiperia.com\/blog\/lufta-ne-ukraine-konflikti-me-i-pergjakshem-qe-nga-lufta-e-dyte-boterore-rreth-2-milione-ushtare-te-vrare\/forcat-ruse-dhe\/\" data-orig-file=\"https:\/\/i0.wp.com\/www.shqiperia.com\/blog\/wp-content\/uploads\/2026\/01\/forcat-ruse-dhe.jpg?fit=895%2C502&amp;ssl=1\" data-orig-size=\"895,502\" data-comments-opened=\"1\" data-image-meta=\"{&quot;aperture&quot;:&quot;0&quot;,&quot;credit&quot;:&quot;&quot;,&quot;camera&quot;:&quot;&quot;,&quot;caption&quot;:&quot;&quot;,&quot;created_timestamp&quot;:&quot;0&quot;,&quot;copyright&quot;:&quot;&quot;,&quot;focal_length&quot;:&quot;0&quot;,&quot;iso&quot;:&quot;0&quot;,&quot;shutter_speed&quot;:&quot;0&quot;,&quot;title&quot;:&quot;&quot;,&quot;orientation&quot;:&quot;0&quot;}\" data-image-title=\"forcat-ruse-dhe\" data-image-description=\"\" data-image-caption=\"\" data-medium-file=\"https:\/\/i0.wp.com\/www.shqiperia.com\/blog\/wp-content\/uploads\/2026\/01\/forcat-ruse-dhe.jpg?fit=300%2C168&amp;ssl=1\" data-large-file=\"https:\/\/i0.wp.com\/www.shqiperia.com\/blog\/wp-content\/uploads\/2026\/01\/forcat-ruse-dhe.jpg?fit=895%2C502&amp;ssl=1\" class=\"alignnone  wp-image-97022\" alt=\"\" src=\"https:\/\/i0.wp.com\/www.shqiperia.com\/blog\/wp-content\/uploads\/2026\/01\/forcat-ruse-dhe.jpg?resize=677%2C379&#038;ssl=1\" width=\"677\" height=\"379\" srcset=\"https:\/\/i0.wp.com\/www.shqiperia.com\/blog\/wp-content\/uploads\/2026\/01\/forcat-ruse-dhe.jpg?resize=300%2C168&amp;ssl=1 300w, https:\/\/i0.wp.com\/www.shqiperia.com\/blog\/wp-content\/uploads\/2026\/01\/forcat-ruse-dhe.jpg?resize=768%2C431&amp;ssl=1 768w, https:\/\/i0.wp.com\/www.shqiperia.com\/blog\/wp-content\/uploads\/2026\/01\/forcat-ruse-dhe.jpg?resize=450%2C252&amp;ssl=1 450w, https:\/\/i0.wp.com\/www.shqiperia.com\/blog\/wp-content\/uploads\/2026\/01\/forcat-ruse-dhe.jpg?resize=600%2C337&amp;ssl=1 600w, https:\/\/i0.wp.com\/www.shqiperia.com\/blog\/wp-content\/uploads\/2026\/01\/forcat-ruse-dhe.jpg?resize=400%2C224&amp;ssl=1 400w, https:\/\/i0.wp.com\/www.shqiperia.com\/blog\/wp-content\/uploads\/2026\/01\/forcat-ruse-dhe.jpg?w=895&amp;ssl=1 895w\" sizes=\"auto, (max-width: 677px) 100vw, 677px\" \/><\/p>\n<p>28 Janar 2026<\/p>\n<p>Numri i ushtar\u00ebve rus\u00eb dhe ukrainas t\u00eb vrar\u00eb, t\u00eb plagosur ose t\u00eb zhdukur gjat\u00eb gati kat\u00ebr viteve t\u00eb luft\u00ebs n\u00eb Ukrain\u00eb mund t\u00eb arrij\u00eb n\u00eb rreth dy milion\u00eb deri n\u00eb pranver\u00eb, sipas nj\u00eb studimi t\u00eb ri t\u00eb publikuar nga Qendra p\u00ebr Studime Strategjike dhe Nd\u00ebrkomb\u00ebtare (CSIS) n\u00eb Uashington.<\/p>\n<\/div>\n<p>Studimi vler\u00ebson se gati 1.2 milion trupa ruse dhe rreth 600 mij\u00eb trupa ukrainase jan\u00eb vrar\u00eb, plagosur ose rezultojn\u00eb t\u00eb zhdukur, duke e \u00e7uar numrin total t\u00eb viktimave n\u00eb pothuajse 1.8 milion\u00eb persona.<\/p>\n<p>P\u00ebrcaktimi i shifrave t\u00eb sakta ka qen\u00eb i v\u00ebshtir\u00eb gjat\u00eb gjith\u00eb konfliktit, pasi Rusia dyshohet se n\u00ebnvler\u00ebson humbjet e saj, nd\u00ebrsa Ukraina nuk publikon statistika zyrtare. Studiuesit jan\u00eb mb\u00ebshtetur n\u00eb vler\u00ebsime t\u00eb qeverive amerikane dhe britanike, si dhe burime t\u00eb tjera t\u00eb pavarura.<\/p>\n<p>Raporti paraqet nj\u00eb pamje t\u00eb zymt\u00eb t\u00eb p\u00ebrparimit t\u00eb Rusis\u00eb n\u00eb fush\u00ebn e betej\u00ebs. Trupat ruse po avancojn\u00eb me rit\u00ebm shum\u00eb t\u00eb ngadalt\u00eb, n\u00eb disa zona vet\u00ebm 50 deri n\u00eb 230 metra n\u00eb dit\u00eb. Q\u00eb nga janari i vitit 2024, Rusia ka pushtuar vet\u00ebm 1.5 p\u00ebrqind shtes\u00eb t\u00eb territorit ukrainas, duke kontrolluar n\u00eb total rreth 20 p\u00ebrqind t\u00eb vendit.<\/p>\n<p>Megjith\u00ebse dimri ka ngadal\u00ebsuar operacionet ushtarake p\u00ebr t\u00eb dyja pal\u00ebt, Rusia ka sh\u00ebnuar p\u00ebrparime n\u00eb rajonet lindore t\u00eb Luhanskut dhe Donetskut, ku p\u00ebrpjekjet p\u00ebr kontroll t\u00eb plot\u00eb vazhdojn\u00eb.<\/p>\n<p>Taktikat e luft\u00ebs kan\u00eb ndryshuar ndjesh\u00ebm. P\u00ebr shkak t\u00eb pranis\u00eb s\u00eb vazhdueshme t\u00eb dron\u00ebve, Rusia po p\u00ebrdor gjithnj\u00eb e m\u00eb shum\u00eb grupe t\u00eb vogla ushtar\u00ebsh n\u00eb k\u00ebmb\u00eb ose me moto\u00e7ikleta, n\u00eb vend t\u00eb mjeteve t\u00eb r\u00ebnda t\u00eb blinduara. Nga ana tjet\u00ebr, operator\u00ebt ukrainas t\u00eb dron\u00ebve monitorojn\u00eb gjurm\u00ebt n\u00eb d\u00ebbor\u00eb p\u00ebr t\u00eb zbuluar l\u00ebvizjet ruse.<\/p>\n<p>Raporti u publikua pak dit\u00eb pasi p\u00ebrfunduan bisedimet e para trepal\u00ebshe mes zyrtar\u00ebve rus\u00eb, ukrainas dhe amerikan\u00eb, t\u00eb cilat u p\u00ebrshkruan si relativisht pozitive. Presidenti ukrainas Volodymyr Zelensky deklaroi se negociatat kan\u00eb sh\u00ebnuar p\u00ebrparim, nd\u00ebrsa Kremlini njoftoi se bisedimet do t\u00eb rifillojn\u00eb jav\u00ebn e ardhshme.<\/p>\n<p>Sipas studimit, rreth 325,000 ushtar\u00eb rus\u00eb jan\u00eb vrar\u00eb q\u00eb nga fillimi i pushtimit n\u00eb shkurt 2022, nd\u00ebrsa 100,000 deri n\u00eb 140,000 trupa ukrainase vler\u00ebsohet se kan\u00eb humbur jet\u00ebn. Vet\u00ebm gjat\u00eb vitit 2025, Rusia ka p\u00ebsuar rreth 415,000 viktima, me nj\u00eb mesatare prej 35,000 n\u00eb muaj.<\/p>\n<p>Autor\u00ebt e raportit theksojn\u00eb gjithashtu ndikimin e r\u00ebnd\u00eb t\u00eb luft\u00ebs n\u00eb ekonomin\u00eb ruse, e cila po p\u00ebrballet me rritje t\u00eb ngadalt\u00eb, r\u00ebnie t\u00eb prodhimit dhe munges\u00eb inovacioni teknologjik.<\/p>\n<p>\u201cPerformanca e dob\u00ebt ushtarake dhe r\u00ebnia e produktivitetit ekonomik tregojn\u00eb se Rusia \u00ebsht\u00eb n\u00eb nj\u00eb r\u00ebnie serioze si fuqi e madhe,\u201d thuhet n\u00eb studim.<\/p>\n","protected":false},"excerpt":{"rendered":"<p>28 Janar 2026 Numri i ushtar\u00ebve rus\u00eb dhe ukrainas t\u00eb vrar\u00eb, t\u00eb plagosur ose t\u00eb zhdukur gjat\u00eb gati kat\u00ebr viteve t\u00eb luft\u00ebs n\u00eb Ukrain\u00eb mund t\u00eb arrij\u00eb n\u00eb rreth dy milion\u00eb deri n\u00eb pranver\u00eb, sipas nj\u00eb studimi t\u00eb ri t\u00eb publikuar nga Qendra p\u00ebr Studime Strategjike dhe Nd\u00ebrkomb\u00ebtare (CSIS) n\u00eb Uashington. Studimi vler\u00ebson se gati [&hellip;]<\/p>\n","protected":false},"author":9,"featured_media":97022,"comment_status":"open","ping_status":"open","sticky":false,"template":"","format":"standard","meta":{"jetpack_post_was_ever_published":false,"_jetpack_newsletter_access":"","_jetpack_dont_email_post_to_subs":false,"_jetpack_newsletter_tier_id":0,"_jetpack_memberships_contains_paywalled_content":false,"_jetpack_memberships_contains_paid_content":false,"footnotes":"","jetpack_publicize_message":"","jetpack_publicize_feature_enabled":true,"jetpack_social_post_already_shared":true,"jetpack_social_options":{"image_generator_settings":{"template":"highway","default_image_id":0,"font":"","enabled":false},"version":2}},"categories":[27,1],"tags":[],"class_list":["post-97021","post","type-post","status-publish","format-standard","has-post-thumbnail","hentry","category-blogu-i-udhetarit","category-njoftime-shtypi"],"jetpack_publicize_connections":[],"jetpack_featured_media_url":"https:\/\/i0.wp.com\/www.shqiperia.com\/blog\/wp-content\/uploads\/2026\/01\/forcat-ruse-dhe.jpg?fit=895%2C502&ssl=1","jetpack_sharing_enabled":true,"jetpack_shortlink":"https:\/\/wp.me\/p5Z6wp-peR","jetpack-related-posts":[{"id":55921,"url":"https:\/\/www.shqiperia.com\/blog\/sa-jane-humbjet-reale-te-ushtrise-ruse-gjate-luftes-ne-ukraine\/","url_meta":{"origin":97021,"position":0},"title":"Sa jan\u00eb humbjet reale t\u00eb ushtris\u00eb ruse gjat\u00eb luft\u00ebs n\u00eb Ukrain\u00eb?","author":"Kurt Farka","date":"March 24, 2022","format":false,"excerpt":"Sa jan\u00eb humbjet reale t\u00eb ushtris\u00eb ruse gjat\u00eb luft\u00ebs n\u00eb Ukrain\u00eb? 24 MARS 2022 Se sa ushtar\u00ebve rus\u00eb u ka kushtuar deri tani jet\u00ebn, lufta n\u00eb Ukrain\u00eb \u00ebsht\u00eb shum\u00eb e v\u00ebshtir\u00eb t\u00eb vler\u00ebsohet. Informacionet p\u00ebr k\u00ebt\u00eb jan\u00eb jasht\u00ebzakonisht kontradiktore dhe nuk mund t\u00eb verifikohen n\u00eb m\u00ebnyr\u00eb t\u00eb pavarur. Ministria ruse\u2026","rel":"","context":"In &quot;Blogu i Udh\u00ebtarit&quot;","block_context":{"text":"Blogu i Udh\u00ebtarit","link":"https:\/\/www.shqiperia.com\/blog\/category\/blogu-i-udhetarit\/"},"img":{"alt_text":"","src":"https:\/\/i0.wp.com\/www.shqiperia.com\/blog\/wp-content\/uploads\/2022\/03\/640-0-623c287b26bf7-1.jpg?fit=610%2C331&ssl=1&resize=350%2C200","width":350,"height":200,"srcset":"https:\/\/i0.wp.com\/www.shqiperia.com\/blog\/wp-content\/uploads\/2022\/03\/640-0-623c287b26bf7-1.jpg?fit=610%2C331&ssl=1&resize=350%2C200 1x, https:\/\/i0.wp.com\/www.shqiperia.com\/blog\/wp-content\/uploads\/2022\/03\/640-0-623c287b26bf7-1.jpg?fit=610%2C331&ssl=1&resize=525%2C300 1.5x"},"classes":[]},{"id":87568,"url":"https:\/\/www.shqiperia.com\/blog\/seuli-100-ushtare-nga-koreja-e-veriut-jane-vrare-dhe-1000-te-plagosur-ne-luften-ndaj-ukraines\/","url_meta":{"origin":97021,"position":1},"title":"Seuli: 100 ushtar\u00eb nga Koreja e Veriut jan\u00eb vrar\u00eb dhe 1000 te plagosur n\u00eb luft\u00ebn ndaj Ukrain\u00ebs","author":"Kurt Farka","date":"December 19, 2024","format":false,"excerpt":"19 Dhjetor 2024 T\u00eb pakt\u00ebn 100 ushtar\u00eb t\u00eb Kores\u00eb s\u00eb Veriut jan\u00eb vrar\u00eb n\u00eb luftimet n\u00eb luft\u00ebn e Ukrain\u00ebs q\u00eb nga hyrja n\u00eb luftime n\u00eb an\u00ebn ruse n\u00eb fillim t\u00eb k\u00ebtij muaji, ka th\u00ebn\u00eb nj\u00eb deputet i Kores\u00eb s\u00eb Jugut. Lee Sung-kuon, duke folur me gazetar\u00ebt pasi parlamenti u informua\u2026","rel":"","context":"In &quot;Blogu i Udh\u00ebtarit&quot;","block_context":{"text":"Blogu i Udh\u00ebtarit","link":"https:\/\/www.shqiperia.com\/blog\/category\/blogu-i-udhetarit\/"},"img":{"alt_text":"","src":"https:\/\/i0.wp.com\/www.shqiperia.com\/blog\/wp-content\/uploads\/2024\/12\/ushtare-te-Korese-se-Veriut1.jpg?fit=930%2C520&ssl=1&resize=350%2C200","width":350,"height":200,"srcset":"https:\/\/i0.wp.com\/www.shqiperia.com\/blog\/wp-content\/uploads\/2024\/12\/ushtare-te-Korese-se-Veriut1.jpg?fit=930%2C520&ssl=1&resize=350%2C200 1x, https:\/\/i0.wp.com\/www.shqiperia.com\/blog\/wp-content\/uploads\/2024\/12\/ushtare-te-Korese-se-Veriut1.jpg?fit=930%2C520&ssl=1&resize=525%2C300 1.5x, https:\/\/i0.wp.com\/www.shqiperia.com\/blog\/wp-content\/uploads\/2024\/12\/ushtare-te-Korese-se-Veriut1.jpg?fit=930%2C520&ssl=1&resize=700%2C400 2x"},"classes":[]},{"id":56301,"url":"https:\/\/www.shqiperia.com\/blog\/tronditese-ekipi-i-cnn-lokalizon-varrin-masiv-ne-bucha-mbi-300-civile-te-vrare-dhe-masakruar\/","url_meta":{"origin":97021,"position":2},"title":"Trondit\u00ebse: &#8211; \u00a0Ekipi i CNN lokalizon varrin masiv n\u00eb Bucha, mbi 300 civil\u00eb t\u00eb vrar\u00eb dhe masakruar","author":"Kurt Farka","date":"April 3, 2022","format":false,"excerpt":"Trondit\u00ebse: - \u00a0Ekipi i CNN lokalizon varrin masiv n\u00eb Bucha, mbi 300 civil\u00eb t\u00eb vrar\u00eb dhe masakruar 3 PRILL 2022 Nj\u00eb varr masiv \u00ebsht\u00eb zbuluar n\u00eb qytetin Bucha, n\u00eb periferi t\u00eb kryeqytetit ukrainas t\u00eb Kievit, i cili tronditi gjith\u00eb mediat dhe autoritetet nd\u00ebrkomb\u00ebtare. B\u00ebhet me dije se varri masiv i\u2026","rel":"","context":"In &quot;Blogu i Udh\u00ebtarit&quot;","block_context":{"text":"Blogu i Udh\u00ebtarit","link":"https:\/\/www.shqiperia.com\/blog\/category\/blogu-i-udhetarit\/"},"img":{"alt_text":"","src":"https:\/\/i0.wp.com\/www.shqiperia.com\/blog\/wp-content\/uploads\/2022\/04\/640-0-6249d1f986a30.png?fit=640%2C369&ssl=1&resize=350%2C200","width":350,"height":200,"srcset":"https:\/\/i0.wp.com\/www.shqiperia.com\/blog\/wp-content\/uploads\/2022\/04\/640-0-6249d1f986a30.png?fit=640%2C369&ssl=1&resize=350%2C200 1x, https:\/\/i0.wp.com\/www.shqiperia.com\/blog\/wp-content\/uploads\/2022\/04\/640-0-6249d1f986a30.png?fit=640%2C369&ssl=1&resize=525%2C300 1.5x"},"classes":[]},{"id":39099,"url":"https:\/\/www.shqiperia.com\/blog\/dhjetera-te-vrare-dhe-qindra-te-plagosur-pse-konflikti-armeni-azerbajxhan-mund-ti-kushtoje-shqiperise-qindra-miliona-euro\/","url_meta":{"origin":97021,"position":3},"title":"Dhjet\u00ebra t\u00eb vrar\u00eb dhe qindra t\u00eb plagosur\/ Pse konflikti Armeni-Azerbajxhan, mund t\u2019i kushtoj\u00eb Shqip\u00ebris\u00eb qindra miliona euro","author":"Kurt Farka","date":"September 30, 2020","format":false,"excerpt":"Dhjet\u00ebra t\u00eb vrar\u00eb dhe qindra t\u00eb plagosur\/ Pse konflikti Armeni-Azerbajxhan, mund t\u2019i kushtoj\u00eb Shqip\u00ebris\u00eb qindra miliona euro 30 SHTATOR 2020 Armenia dhe Azerbajxhani, po p\u00ebrplasen s\u00ebrish mbi rajonin e kontestuar t\u00eb Nagorno-Karabakut. Deri tani luftimet kan\u00eb shkaktuar dhjet\u00ebra t\u00eb vrar\u00eb, dhe qindra t\u00eb plagosur. Lufta e viteve 1992-1994, shkaktoi 20\u2026","rel":"","context":"In &quot;Blogu i Udh\u00ebtarit&quot;","block_context":{"text":"Blogu i Udh\u00ebtarit","link":"https:\/\/www.shqiperia.com\/blog\/category\/blogu-i-udhetarit\/"},"img":{"alt_text":"","src":"https:\/\/i0.wp.com\/www.shqiperia.com\/blog\/wp-content\/uploads\/2020\/09\/800-0-997e46461ad1635752120fc5cef9f88d.jpg?fit=731%2C391&ssl=1&resize=350%2C200","width":350,"height":200,"srcset":"https:\/\/i0.wp.com\/www.shqiperia.com\/blog\/wp-content\/uploads\/2020\/09\/800-0-997e46461ad1635752120fc5cef9f88d.jpg?fit=731%2C391&ssl=1&resize=350%2C200 1x, https:\/\/i0.wp.com\/www.shqiperia.com\/blog\/wp-content\/uploads\/2020\/09\/800-0-997e46461ad1635752120fc5cef9f88d.jpg?fit=731%2C391&ssl=1&resize=525%2C300 1.5x, https:\/\/i0.wp.com\/www.shqiperia.com\/blog\/wp-content\/uploads\/2020\/09\/800-0-997e46461ad1635752120fc5cef9f88d.jpg?fit=731%2C391&ssl=1&resize=700%2C400 2x"},"classes":[]},{"id":54411,"url":"https:\/\/www.shqiperia.com\/blog\/lufta-u-kthye-ne-evrope-ukraina-ne-flake-pas-sulmeve-te-rusise\/","url_meta":{"origin":97021,"position":4},"title":"Lufta u kthye n\u00eb Evrop\u00eb!    &#8211; Ukraina n\u00eb flak\u00eb pas sulmeve t\u00eb Rusis\u00eb","author":"Kurt Farka","date":"February 24, 2022","format":false,"excerpt":"Lufta u kthye n\u00eb Evrop\u00eb! Ukraina n\u00eb flak\u00eb pas sulmeve t\u00eb Rusis\u00eb 24 SHKURT 2022 Rusia ka nisur dit\u00ebn e sotme nj\u00eb luft\u00eb t\u00eb gjithanshme ndaj Ukrain\u00ebs me sulme t\u00eb nj\u00ebkohshme q\u00eb vijn\u00eb nga jugu, lindja dhe veriu, nga toka dhe nga ajri. Raketat dhe bombat ran\u00eb nga qielli, tanket\u2026","rel":"","context":"In &quot;Blogu i Udh\u00ebtarit&quot;","block_context":{"text":"Blogu i Udh\u00ebtarit","link":"https:\/\/www.shqiperia.com\/blog\/category\/blogu-i-udhetarit\/"},"img":{"alt_text":"","src":"https:\/\/i0.wp.com\/www.shqiperia.com\/blog\/wp-content\/uploads\/2022\/02\/Lufta-kthehet-ne-Evrope.png?fit=640%2C434&ssl=1&resize=350%2C200","width":350,"height":200,"srcset":"https:\/\/i0.wp.com\/www.shqiperia.com\/blog\/wp-content\/uploads\/2022\/02\/Lufta-kthehet-ne-Evrope.png?fit=640%2C434&ssl=1&resize=350%2C200 1x, https:\/\/i0.wp.com\/www.shqiperia.com\/blog\/wp-content\/uploads\/2022\/02\/Lufta-kthehet-ne-Evrope.png?fit=640%2C434&ssl=1&resize=525%2C300 1.5x"},"classes":[]},{"id":76691,"url":"https:\/\/www.shqiperia.com\/blog\/gati-21-mije-palestinez-te-vrare-dhe-55-mije-te-plagosur-qe-nga-nisja-e-luftes-ne-gaza-ne-24-oret-e-fundit-jane-vrare-241-persona\/","url_meta":{"origin":97021,"position":5},"title":"Gati 21 mij\u00eb palestinez t\u00eb vrar\u00eb dhe 55 mij\u00eb t\u00eb plagosur q\u00eb nga nisja e luft\u00ebs n\u00eb Gaza: &#8211; N\u00eb 24 or\u00ebt e fundit jan\u00eb vrar\u00eb 241 persona","author":"Kurt Farka","date":"December 26, 2023","format":false,"excerpt":"26 Dhjetor 2023 Ministria e sh\u00ebndet\u00ebsis\u00eb s\u00eb Gaz\u00ebs raportoi m\u00eb her\u00ebt sot (26 dhjetor) se 241 palestinez\u00eb ishin vrar\u00eb dhe 382 u plagos\u00ebn n\u00eb 24 or\u00ebt e fundit\u00a0 Ata than\u00eb gjithashtu se 20,915 njer\u00ebz jan\u00eb vrar\u00eb dhe 54,918 jan\u00eb plagosur n\u00eb sulmet izraelite n\u00eb Gaza q\u00eb nga 7 tetori. Tani,\u2026","rel":"","context":"In &quot;Blogu i Udh\u00ebtarit&quot;","block_context":{"text":"Blogu i Udh\u00ebtarit","link":"https:\/\/www.shqiperia.com\/blog\/category\/blogu-i-udhetarit\/"},"img":{"alt_text":"","src":"https:\/\/i0.wp.com\/www.shqiperia.com\/blog\/wp-content\/uploads\/2023\/12\/gaza4-770x433-1.jpg?fit=770%2C433&ssl=1&resize=350%2C200","width":350,"height":200,"srcset":"https:\/\/i0.wp.com\/www.shqiperia.com\/blog\/wp-content\/uploads\/2023\/12\/gaza4-770x433-1.jpg?fit=770%2C433&ssl=1&resize=350%2C200 1x, https:\/\/i0.wp.com\/www.shqiperia.com\/blog\/wp-content\/uploads\/2023\/12\/gaza4-770x433-1.jpg?fit=770%2C433&ssl=1&resize=525%2C300 1.5x, https:\/\/i0.wp.com\/www.shqiperia.com\/blog\/wp-content\/uploads\/2023\/12\/gaza4-770x433-1.jpg?fit=770%2C433&ssl=1&resize=700%2C400 2x"},"classes":[]}],"_links":{"self":[{"href":"https:\/\/www.shqiperia.com\/blog\/wp-json\/wp\/v2\/posts\/97021","targetHints":{"allow":["GET"]}}],"collection":[{"href":"https:\/\/www.shqiperia.com\/blog\/wp-json\/wp\/v2\/posts"}],"about":[{"href":"https:\/\/www.shqiperia.com\/blog\/wp-json\/wp\/v2\/types\/post"}],"author":[{"embeddable":true,"href":"https:\/\/www.shqiperia.com\/blog\/wp-json\/wp\/v2\/users\/9"}],"replies":[{"embeddable":true,"href":"https:\/\/www.shqiperia.com\/blog\/wp-json\/wp\/v2\/comments?post=97021"}],"version-history":[{"count":1,"href":"https:\/\/www.shqiperia.com\/blog\/wp-json\/wp\/v2\/posts\/97021\/revisions"}],"predecessor-version":[{"id":97023,"href":"https:\/\/www.shqiperia.com\/blog\/wp-json\/wp\/v2\/posts\/97021\/revisions\/97023"}],"wp:featuredmedia":[{"embeddable":true,"href":"https:\/\/www.shqiperia.com\/blog\/wp-json\/wp\/v2\/media\/97022"}],"wp:attachment":[{"href":"https:\/\/www.shqiperia.com\/blog\/wp-json\/wp\/v2\/media?parent=97021"}],"wp:term":[{"taxonomy":"category","embeddable":true,"href":"https:\/\/www.shqiperia.com\/blog\/wp-json\/wp\/v2\/categories?post=97021"},{"taxonomy":"post_tag","embeddable":true,"href":"https:\/\/www.shqiperia.com\/blog\/wp-json\/wp\/v2\/tags?post=97021"}],"curies":[{"name":"wp","href":"https:\/\/api.w.org\/{rel}","templated":true}]}}