{"id":97018,"date":"2026-01-27T20:41:53","date_gmt":"2026-01-27T20:41:53","guid":{"rendered":"https:\/\/www.shqiperia.com\/blog\/?p=97018"},"modified":"2026-01-27T20:41:53","modified_gmt":"2026-01-27T20:41:53","slug":"netanyahu-nuk-do-te-lejojme-krijimin-e-nje-shteti-palestinez-izraeli-do-te-kontrolloje-sigurine-nga-jordania-ne-mesdhe","status":"publish","type":"post","link":"https:\/\/www.shqiperia.com\/blog\/netanyahu-nuk-do-te-lejojme-krijimin-e-nje-shteti-palestinez-izraeli-do-te-kontrolloje-sigurine-nga-jordania-ne-mesdhe\/","title":{"rendered":"Netanyahu: &#8211; Nuk do t\u00eb lejojm\u00eb krijimin e nj\u00eb shteti palestinez, Izraeli do t\u00eb kontrolloj\u00eb sigurin\u00eb nga Jordania n\u00eb Mesdhe"},"content":{"rendered":"<div id=\"attachment_97019\" style=\"width: 681px\" class=\"wp-caption alignnone\"><img data-recalc-dims=\"1\" loading=\"lazy\" decoding=\"async\" aria-describedby=\"caption-attachment-97019\" data-attachment-id=\"97019\" data-permalink=\"https:\/\/www.shqiperia.com\/blog\/netanyahu-nuk-do-te-lejojme-krijimin-e-nje-shteti-palestinez-izraeli-do-te-kontrolloje-sigurine-nga-jordania-ne-mesdhe\/netanyahu\/\" data-orig-file=\"https:\/\/i0.wp.com\/www.shqiperia.com\/blog\/wp-content\/uploads\/2026\/01\/Netanyahu.jpg?fit=1360%2C706&amp;ssl=1\" data-orig-size=\"1360,706\" data-comments-opened=\"1\" data-image-meta=\"{&quot;aperture&quot;:&quot;0&quot;,&quot;credit&quot;:&quot;&quot;,&quot;camera&quot;:&quot;&quot;,&quot;caption&quot;:&quot;&quot;,&quot;created_timestamp&quot;:&quot;0&quot;,&quot;copyright&quot;:&quot;&quot;,&quot;focal_length&quot;:&quot;0&quot;,&quot;iso&quot;:&quot;0&quot;,&quot;shutter_speed&quot;:&quot;0&quot;,&quot;title&quot;:&quot;&quot;,&quot;orientation&quot;:&quot;0&quot;}\" data-image-title=\"Netanyahu\" data-image-description=\"\" data-image-caption=\"&lt;p&gt;Netanyahu&lt;\/p&gt;\n\" data-medium-file=\"https:\/\/i0.wp.com\/www.shqiperia.com\/blog\/wp-content\/uploads\/2026\/01\/Netanyahu.jpg?fit=300%2C156&amp;ssl=1\" data-large-file=\"https:\/\/i0.wp.com\/www.shqiperia.com\/blog\/wp-content\/uploads\/2026\/01\/Netanyahu.jpg?fit=1024%2C532&amp;ssl=1\" class=\" wp-image-97019\" alt=\"\" src=\"https:\/\/i0.wp.com\/www.shqiperia.com\/blog\/wp-content\/uploads\/2026\/01\/Netanyahu.jpg?resize=671%2C349&#038;ssl=1\" width=\"671\" height=\"349\" srcset=\"https:\/\/i0.wp.com\/www.shqiperia.com\/blog\/wp-content\/uploads\/2026\/01\/Netanyahu.jpg?resize=300%2C156&amp;ssl=1 300w, https:\/\/i0.wp.com\/www.shqiperia.com\/blog\/wp-content\/uploads\/2026\/01\/Netanyahu.jpg?resize=1024%2C532&amp;ssl=1 1024w, https:\/\/i0.wp.com\/www.shqiperia.com\/blog\/wp-content\/uploads\/2026\/01\/Netanyahu.jpg?resize=768%2C399&amp;ssl=1 768w, https:\/\/i0.wp.com\/www.shqiperia.com\/blog\/wp-content\/uploads\/2026\/01\/Netanyahu.jpg?resize=450%2C234&amp;ssl=1 450w, https:\/\/i0.wp.com\/www.shqiperia.com\/blog\/wp-content\/uploads\/2026\/01\/Netanyahu.jpg?resize=600%2C311&amp;ssl=1 600w, https:\/\/i0.wp.com\/www.shqiperia.com\/blog\/wp-content\/uploads\/2026\/01\/Netanyahu.jpg?resize=1300%2C675&amp;ssl=1 1300w, https:\/\/i0.wp.com\/www.shqiperia.com\/blog\/wp-content\/uploads\/2026\/01\/Netanyahu.jpg?resize=400%2C208&amp;ssl=1 400w, https:\/\/i0.wp.com\/www.shqiperia.com\/blog\/wp-content\/uploads\/2026\/01\/Netanyahu.jpg?w=1360&amp;ssl=1 1360w\" sizes=\"auto, (max-width: 671px) 100vw, 671px\" \/><p id=\"caption-attachment-97019\" class=\"wp-caption-text\">Netanyahu<\/p><\/div>\n<h5>27 Janar 2026<\/h5>\n<h5>Izraeli nuk do t\u00eb lejoj\u00eb krijimin e nj\u00eb shteti palestinez dhe, sigurisht, jo n\u00eb Gaza, deklaroi mbr\u00ebmjen e sotme kryeministri izraelit Benjamin Netanyahu, duke theksuar se vendi i tij do t\u00eb ruaj\u00eb kontrollin e siguris\u00eb n\u00eb t\u00eb gjith\u00eb zon\u00ebn, nga lumi Jordan deri n\u00eb Detin Mesdhe.<\/h5>\n<p><em>\u201cD\u00ebgjoj t\u00eb thon\u00eb se do t\u00eb miratoj krijimin e nj\u00eb shteti palestinez n\u00eb Gaza. Kjo nuk ka ndodhur dhe nuk do t\u00eb ndodh\u00eb\u201d,<\/em><span>\u00a0<\/span>tha ai n\u00eb nj\u00eb konferenc\u00eb p\u00ebr shtyp, duke u shprehur triumfalisht se \u201ce ka penguar vazhdimisht krijimin e nj\u00eb shteti palestinez\u201d.<\/p>\n<p><em>\u201cSot, por edhe nes\u00ebr, nuk do ta lejojm\u00eb\u201d<\/em>, k\u00ebmb\u00ebnguli Netanyahu. Sipas tij, Izraeli do t\u00eb ket\u00eb kontrollin e siguris\u00eb n\u00eb nj\u00eb territor \u201cnga Jordani deri n\u00eb (Detin) Mesdhe\u201d, pra n\u00eb territorin e vet dhe n\u00eb t\u00eb gjitha territoret palestineze t\u00eb pushtuara.<\/p>\n<p>N\u00eb Gaza, Izraeli tani po p\u00ebrqendrohet n\u00eb dy misione kryesore:<em><span>\u00a0<\/span>\u201c\u00e7armatimin e Hamasit dhe demilitarizimin\u201d<\/em><span>\u00a0<\/span>e enklav\u00ebs, pasi u gjet edhe trupi i pajet\u00eb i pengut t\u00eb fundit nga ata q\u00eb ishin rr\u00ebmbyer m\u00eb 7 tetor 2023.<\/p>\n<p><em>\u201cSi\u00e7 i thash\u00eb edhe presidentit\u201d t\u00eb SHBA-s\u00eb, Donald Trump, n\u00ebn presionin e t\u00eb cilit u arrit arm\u00ebpushimi n\u00eb enklav\u00eb, ekziston vet\u00ebm nj\u00eb alternativ\u00eb, ose n\u00eb m\u00ebnyr\u00ebn e leht\u00eb, ose n\u00eb m\u00ebnyr\u00ebn e v\u00ebshtir\u00eb. Por n\u00eb \u00e7do rast, ne do t\u2019ia dalim\u201d,<\/em><span>\u00a0<\/span>shtoi ai.<\/p>\n","protected":false},"excerpt":{"rendered":"<p>27 Janar 2026 Izraeli nuk do t\u00eb lejoj\u00eb krijimin e nj\u00eb shteti palestinez dhe, sigurisht, jo n\u00eb Gaza, deklaroi mbr\u00ebmjen e sotme kryeministri izraelit Benjamin Netanyahu, duke theksuar se vendi i tij do t\u00eb ruaj\u00eb kontrollin e siguris\u00eb n\u00eb t\u00eb gjith\u00eb zon\u00ebn, nga lumi Jordan deri n\u00eb Detin Mesdhe. \u201cD\u00ebgjoj t\u00eb thon\u00eb se do t\u00eb [&hellip;]<\/p>\n","protected":false},"author":9,"featured_media":97019,"comment_status":"open","ping_status":"open","sticky":false,"template":"","format":"standard","meta":{"jetpack_post_was_ever_published":false,"_jetpack_newsletter_access":"","_jetpack_dont_email_post_to_subs":false,"_jetpack_newsletter_tier_id":0,"_jetpack_memberships_contains_paywalled_content":false,"_jetpack_memberships_contains_paid_content":false,"footnotes":"","jetpack_publicize_message":"","jetpack_publicize_feature_enabled":true,"jetpack_social_post_already_shared":true,"jetpack_social_options":{"image_generator_settings":{"template":"highway","default_image_id":0,"font":"","enabled":false},"version":2}},"categories":[27,85,1,2],"tags":[],"class_list":["post-97018","post","type-post","status-publish","format-standard","has-post-thumbnail","hentry","category-blogu-i-udhetarit","category-histori","category-njoftime-shtypi","category-politika"],"jetpack_publicize_connections":[],"jetpack_featured_media_url":"https:\/\/i0.wp.com\/www.shqiperia.com\/blog\/wp-content\/uploads\/2026\/01\/Netanyahu.jpg?fit=1360%2C706&ssl=1","jetpack_sharing_enabled":true,"jetpack_shortlink":"https:\/\/wp.me\/p5Z6wp-peO","jetpack-related-posts":[{"id":76419,"url":"https:\/\/www.shqiperia.com\/blog\/deklarata-e-forte-e-netanyahut-jam-krenar-qe-kam-penguar-krijimin-e-shtetit-palestinez\/","url_meta":{"origin":97018,"position":0},"title":"Deklarata e fort\u00eb e Netanyahut: Jam krenar q\u00eb kam penguar krijimin e shtetit palestinez","author":"Kurt Farka","date":"December 17, 2023","format":false,"excerpt":"17 Dhjetor 2023 Kryeministri i Izraelit, Benjamin Netanyahu ka p\u00ebrs\u00ebritur synimet e tij p\u00ebr eliminimin e grupit t\u00eb militant\u00ebve terrorist n\u00eb Gaza, Hamasit. N\u00eb nj\u00eb konferenc\u00eb p\u00ebr gazetar\u00ebt, ai u pyet se si e sheh Gaz\u00ebn e t\u00eb nes\u00ebrmes. Netanyahu tha se do t\u00eb \u00e7militarizoj\u00eb Gaz\u00ebn dhe ushtria izraelite do\u2026","rel":"","context":"In &quot;Njoftime Shtypi&quot;","block_context":{"text":"Njoftime Shtypi","link":"https:\/\/www.shqiperia.com\/blog\/category\/njoftime-shtypi\/"},"img":{"alt_text":"","src":"https:\/\/i0.wp.com\/www.shqiperia.com\/blog\/wp-content\/uploads\/2023\/12\/800-0-f42dd409e70f725f1a9850a42c3d9917.jpg?fit=800%2C420&ssl=1&resize=350%2C200","width":350,"height":200,"srcset":"https:\/\/i0.wp.com\/www.shqiperia.com\/blog\/wp-content\/uploads\/2023\/12\/800-0-f42dd409e70f725f1a9850a42c3d9917.jpg?fit=800%2C420&ssl=1&resize=350%2C200 1x, https:\/\/i0.wp.com\/www.shqiperia.com\/blog\/wp-content\/uploads\/2023\/12\/800-0-f42dd409e70f725f1a9850a42c3d9917.jpg?fit=800%2C420&ssl=1&resize=525%2C300 1.5x, https:\/\/i0.wp.com\/www.shqiperia.com\/blog\/wp-content\/uploads\/2023\/12\/800-0-f42dd409e70f725f1a9850a42c3d9917.jpg?fit=800%2C420&ssl=1&resize=700%2C400 2x"},"classes":[]},{"id":94831,"url":"https:\/\/www.shqiperia.com\/blog\/reuters-zbulon-skenarin-ndarja-de-facto-e-gazes-e-mundur-njera-zone-nen-kontrollin-e-izraelit-dhe-tjetra-nen-kontrollin-e-hamasit\/","url_meta":{"origin":97018,"position":1},"title":"\u201cReuters\u201d zbulon skenarin: Ndarja \u2018de facto\u2019 e Gaz\u00ebs e mundur, nj\u00ebra zon\u00eb n\u00ebn kontrollin e Izraelit dhe tjetra n\u00ebn kontrollin e Hamasit","author":"Kurt Farka","date":"November 12, 2025","format":false,"excerpt":"12 Nentor 2025 Skenari i ndarjes \u2018de facto\u2019 t\u00eb Rripit t\u00eb Gaz\u00ebs n\u00eb dy zona, nj\u00eb n\u00ebn kontrollin izraelit dhe nj\u00eb n\u00ebn kontrollin e Hamasit, po duket gjithnj\u00eb e m\u00eb i mundsh\u00ebm, n\u00eb nj\u00eb koh\u00eb kur p\u00ebrpjekjet p\u00ebr t\u00eb \u00e7uar p\u00ebrpara planin e Donald Trump p\u00ebr t\u2019i dh\u00ebn\u00eb fund luft\u00ebs\u2026","rel":"","context":"In &quot;Blogu i Udh\u00ebtarit&quot;","block_context":{"text":"Blogu i Udh\u00ebtarit","link":"https:\/\/www.shqiperia.com\/blog\/category\/blogu-i-udhetarit\/"},"img":{"alt_text":"","src":"https:\/\/i0.wp.com\/www.shqiperia.com\/blog\/wp-content\/uploads\/2025\/11\/gaza1.jpg?fit=1098%2C648&ssl=1&resize=350%2C200","width":350,"height":200,"srcset":"https:\/\/i0.wp.com\/www.shqiperia.com\/blog\/wp-content\/uploads\/2025\/11\/gaza1.jpg?fit=1098%2C648&ssl=1&resize=350%2C200 1x, https:\/\/i0.wp.com\/www.shqiperia.com\/blog\/wp-content\/uploads\/2025\/11\/gaza1.jpg?fit=1098%2C648&ssl=1&resize=525%2C300 1.5x, https:\/\/i0.wp.com\/www.shqiperia.com\/blog\/wp-content\/uploads\/2025\/11\/gaza1.jpg?fit=1098%2C648&ssl=1&resize=700%2C400 2x, https:\/\/i0.wp.com\/www.shqiperia.com\/blog\/wp-content\/uploads\/2025\/11\/gaza1.jpg?fit=1098%2C648&ssl=1&resize=1050%2C600 3x"},"classes":[]},{"id":89029,"url":"https:\/\/www.shqiperia.com\/blog\/trump-kerkoi-zhvendosjen-e-palestinezeve-nga-gaza-reagojne-ashper-vendet-arabe\/","url_meta":{"origin":97018,"position":2},"title":"Trump k\u00ebrkoi zhvendosjen e palestinez\u00ebve nga Gaza. &#8211; Reagojn\u00eb ashp\u00ebr vendet arabe","author":"Kurt Farka","date":"February 5, 2025","format":false,"excerpt":"5 Shkurt 2025 T\u00eb mart\u00ebn, ish-presidenti amerikan Donald Trump u takua me kryeministrin izraelit Benjamin Netanyahu dhe gjat\u00eb nj\u00eb konference me gazetar\u00ebtpropozoi q\u00eb palestinez\u00ebt t\u00eb largoheshin nga Gaza p\u00ebr t\u2019u strehuar n\u00eb Jordanin\u00eb fqinje, Egjipt dhe vende t\u00eb tjera t\u00eb rajonit. Trump argumentoi se, n\u00ebse marr\u00ebveshjet e zhvendosjes do t\u00eb\u2026","rel":"","context":"In &quot;Blogu i Udh\u00ebtarit&quot;","block_context":{"text":"Blogu i Udh\u00ebtarit","link":"https:\/\/www.shqiperia.com\/blog\/category\/blogu-i-udhetarit\/"},"img":{"alt_text":"","src":"https:\/\/i0.wp.com\/www.shqiperia.com\/blog\/wp-content\/uploads\/2025\/02\/Trump-2.jpg?fit=892%2C516&ssl=1&resize=350%2C200","width":350,"height":200,"srcset":"https:\/\/i0.wp.com\/www.shqiperia.com\/blog\/wp-content\/uploads\/2025\/02\/Trump-2.jpg?fit=892%2C516&ssl=1&resize=350%2C200 1x, https:\/\/i0.wp.com\/www.shqiperia.com\/blog\/wp-content\/uploads\/2025\/02\/Trump-2.jpg?fit=892%2C516&ssl=1&resize=525%2C300 1.5x, https:\/\/i0.wp.com\/www.shqiperia.com\/blog\/wp-content\/uploads\/2025\/02\/Trump-2.jpg?fit=892%2C516&ssl=1&resize=700%2C400 2x"},"classes":[]},{"id":90048,"url":"https:\/\/www.shqiperia.com\/blog\/izraeli-bllokon-hyrjen-e-te-gjithe-ndihmave-humanitare-ne-gaza\/","url_meta":{"origin":97018,"position":3},"title":"Izraeli bllokon hyrjen e t\u00eb gjith\u00eb ndihmave humanitare n\u00eb Gaza","author":"Kurt Farka","date":"March 2, 2025","format":false,"excerpt":"2 Mars 2025 Qeveria izraelite thot\u00eb se ka bllokuar hyrjen e t\u00eb gjith\u00eb ndihmave humanitare n\u00eb Gaza p\u00ebr shkak se faza e par\u00eb e arm\u00ebpushimit me Hamasin ka skaduar. Zyra e kryeministrit Benjamin Netanyahu tha se Hamasi deri m\u00eb tani kishte refuzuar t\u00eb pranonte nj\u00eb zgjatje t\u00eb p\u00ebrkohshme t\u00eb arm\u00ebpushimit\u2026","rel":"","context":"In &quot;Blogu i Udh\u00ebtarit&quot;","block_context":{"text":"Blogu i Udh\u00ebtarit","link":"https:\/\/www.shqiperia.com\/blog\/category\/blogu-i-udhetarit\/"},"img":{"alt_text":"","src":"https:\/\/i0.wp.com\/www.shqiperia.com\/blog\/wp-content\/uploads\/2025\/03\/gaz.jpg?fit=923%2C504&ssl=1&resize=350%2C200","width":350,"height":200,"srcset":"https:\/\/i0.wp.com\/www.shqiperia.com\/blog\/wp-content\/uploads\/2025\/03\/gaz.jpg?fit=923%2C504&ssl=1&resize=350%2C200 1x, https:\/\/i0.wp.com\/www.shqiperia.com\/blog\/wp-content\/uploads\/2025\/03\/gaz.jpg?fit=923%2C504&ssl=1&resize=525%2C300 1.5x, https:\/\/i0.wp.com\/www.shqiperia.com\/blog\/wp-content\/uploads\/2025\/03\/gaz.jpg?fit=923%2C504&ssl=1&resize=700%2C400 2x"},"classes":[]},{"id":81076,"url":"https:\/\/www.shqiperia.com\/blog\/erdogan-pas-gazes-izraeli-do-te-synoje-turqine-netanyahu-do-te-vdese-ne-burg-si-mlladic\/","url_meta":{"origin":97018,"position":4},"title":"Erdogan: Pas Gaz\u00ebs, Izraeli do t\u00eb synoj\u00eb Turqin\u00eb! &#8211; Netanyahu do t\u00eb vdes\u00eb n\u00eb burg si Mlladi\u00e7","author":"Kurt Farka","date":"May 16, 2024","format":false,"excerpt":"16 Maji 2024 Presidenti turk, Rexhep Tajip Erdogan, ka ashp\u00ebrsuar gjuh\u00ebn ndaj kryeministrit Izraelit, Benjamin Netanyahut. Dit\u00ebn e sotme ai \u00ebsht\u00eb shprehur se Netanyahu \u00ebsht\u00eb i destinuar t\u00eb vdes\u00eb n\u00eb burg si Ratko Mlladi\u00e7, i d\u00ebnuar me burgim t\u00eb p\u00ebrjetsh\u00ebm p\u00ebr gjenocidin e Srebrenic\u00ebs. \u201cHer\u00ebt a von\u00eb kasapi i Gaz\u00ebs,\u2026","rel":"","context":"In &quot;Blogu i Udh\u00ebtarit&quot;","block_context":{"text":"Blogu i Udh\u00ebtarit","link":"https:\/\/www.shqiperia.com\/blog\/category\/blogu-i-udhetarit\/"},"img":{"alt_text":"","src":"https:\/\/i0.wp.com\/www.shqiperia.com\/blog\/wp-content\/uploads\/2024\/05\/800-0-66451e68c89e1.jpg?fit=780%2C440&ssl=1&resize=350%2C200","width":350,"height":200,"srcset":"https:\/\/i0.wp.com\/www.shqiperia.com\/blog\/wp-content\/uploads\/2024\/05\/800-0-66451e68c89e1.jpg?fit=780%2C440&ssl=1&resize=350%2C200 1x, https:\/\/i0.wp.com\/www.shqiperia.com\/blog\/wp-content\/uploads\/2024\/05\/800-0-66451e68c89e1.jpg?fit=780%2C440&ssl=1&resize=525%2C300 1.5x, https:\/\/i0.wp.com\/www.shqiperia.com\/blog\/wp-content\/uploads\/2024\/05\/800-0-66451e68c89e1.jpg?fit=780%2C440&ssl=1&resize=700%2C400 2x"},"classes":[]},{"id":91721,"url":"https:\/\/www.shqiperia.com\/blog\/propozim-i-ri-per-armepushim-ne-gaza-ndermjetesit-paraqesin-plan-me-afat-deri-ne-7-vjet\/","url_meta":{"origin":97018,"position":5},"title":"Propozim i ri p\u00ebr arm\u00ebpushim n\u00eb Gaza, nd\u00ebrmjet\u00ebsit paraqesin plan me afat deri n\u00eb 7 vjet","author":"Kurt Farka","date":"April 21, 2025","format":false,"excerpt":"21 Prill 2025 Nj\u00eb zyrtar i lart\u00eb palestinez, i p\u00ebrfshir\u00eb n\u00eb negociatat p\u00ebr arm\u00ebpushim mes Izraelit dhe Hamasit, ka deklaruar p\u00ebr BBC se nd\u00ebrmjet\u00ebsit nga Katari dhe Egjipti kan\u00eb paraqitur nj\u00eb propozim t\u00eb ri p\u00ebr ndalimin e luft\u00ebs n\u00eb Rripin e Gaz\u00ebs. Plani p\u00ebrfshin arm\u00ebpushim 5 deri n\u00eb 7 vjet,\u2026","rel":"","context":"In &quot;Blogu i Udh\u00ebtarit&quot;","block_context":{"text":"Blogu i Udh\u00ebtarit","link":"https:\/\/www.shqiperia.com\/blog\/category\/blogu-i-udhetarit\/"},"img":{"alt_text":"","src":"https:\/\/i0.wp.com\/www.shqiperia.com\/blog\/wp-content\/uploads\/2025\/04\/gaza.jpg?fit=891%2C481&ssl=1&resize=350%2C200","width":350,"height":200,"srcset":"https:\/\/i0.wp.com\/www.shqiperia.com\/blog\/wp-content\/uploads\/2025\/04\/gaza.jpg?fit=891%2C481&ssl=1&resize=350%2C200 1x, https:\/\/i0.wp.com\/www.shqiperia.com\/blog\/wp-content\/uploads\/2025\/04\/gaza.jpg?fit=891%2C481&ssl=1&resize=525%2C300 1.5x, https:\/\/i0.wp.com\/www.shqiperia.com\/blog\/wp-content\/uploads\/2025\/04\/gaza.jpg?fit=891%2C481&ssl=1&resize=700%2C400 2x"},"classes":[]}],"_links":{"self":[{"href":"https:\/\/www.shqiperia.com\/blog\/wp-json\/wp\/v2\/posts\/97018","targetHints":{"allow":["GET"]}}],"collection":[{"href":"https:\/\/www.shqiperia.com\/blog\/wp-json\/wp\/v2\/posts"}],"about":[{"href":"https:\/\/www.shqiperia.com\/blog\/wp-json\/wp\/v2\/types\/post"}],"author":[{"embeddable":true,"href":"https:\/\/www.shqiperia.com\/blog\/wp-json\/wp\/v2\/users\/9"}],"replies":[{"embeddable":true,"href":"https:\/\/www.shqiperia.com\/blog\/wp-json\/wp\/v2\/comments?post=97018"}],"version-history":[{"count":1,"href":"https:\/\/www.shqiperia.com\/blog\/wp-json\/wp\/v2\/posts\/97018\/revisions"}],"predecessor-version":[{"id":97020,"href":"https:\/\/www.shqiperia.com\/blog\/wp-json\/wp\/v2\/posts\/97018\/revisions\/97020"}],"wp:featuredmedia":[{"embeddable":true,"href":"https:\/\/www.shqiperia.com\/blog\/wp-json\/wp\/v2\/media\/97019"}],"wp:attachment":[{"href":"https:\/\/www.shqiperia.com\/blog\/wp-json\/wp\/v2\/media?parent=97018"}],"wp:term":[{"taxonomy":"category","embeddable":true,"href":"https:\/\/www.shqiperia.com\/blog\/wp-json\/wp\/v2\/categories?post=97018"},{"taxonomy":"post_tag","embeddable":true,"href":"https:\/\/www.shqiperia.com\/blog\/wp-json\/wp\/v2\/tags?post=97018"}],"curies":[{"name":"wp","href":"https:\/\/api.w.org\/{rel}","templated":true}]}}