{"id":97015,"date":"2026-01-27T20:38:01","date_gmt":"2026-01-27T20:38:01","guid":{"rendered":"https:\/\/www.shqiperia.com\/blog\/?p=97015"},"modified":"2026-01-27T20:38:01","modified_gmt":"2026-01-27T20:38:01","slug":"banoret-e-juglindjes-ne-panik-kater-termete-brenda-dites","status":"publish","type":"post","link":"https:\/\/www.shqiperia.com\/blog\/banoret-e-juglindjes-ne-panik-kater-termete-brenda-dites\/","title":{"rendered":"Banor\u00ebt e juglindjes n\u00eb panik, kat\u00ebr t\u00ebrmete brenda dit\u00ebs"},"content":{"rendered":"<p><img data-recalc-dims=\"1\" loading=\"lazy\" decoding=\"async\" data-attachment-id=\"97016\" data-permalink=\"https:\/\/www.shqiperia.com\/blog\/banoret-e-juglindjes-ne-panik-kater-termete-brenda-dites\/termet1-770x440-1-752x440-1\/\" data-orig-file=\"https:\/\/i0.wp.com\/www.shqiperia.com\/blog\/wp-content\/uploads\/2026\/01\/termet1-770x440-1-752x440-1.jpg?fit=752%2C440&amp;ssl=1\" data-orig-size=\"752,440\" data-comments-opened=\"1\" data-image-meta=\"{&quot;aperture&quot;:&quot;0&quot;,&quot;credit&quot;:&quot;&quot;,&quot;camera&quot;:&quot;&quot;,&quot;caption&quot;:&quot;&quot;,&quot;created_timestamp&quot;:&quot;0&quot;,&quot;copyright&quot;:&quot;&quot;,&quot;focal_length&quot;:&quot;0&quot;,&quot;iso&quot;:&quot;0&quot;,&quot;shutter_speed&quot;:&quot;0&quot;,&quot;title&quot;:&quot;&quot;,&quot;orientation&quot;:&quot;0&quot;}\" data-image-title=\"termet1-770&#215;440-1-752&#215;440-1\" data-image-description=\"\" data-image-caption=\"\" data-medium-file=\"https:\/\/i0.wp.com\/www.shqiperia.com\/blog\/wp-content\/uploads\/2026\/01\/termet1-770x440-1-752x440-1.jpg?fit=300%2C176&amp;ssl=1\" data-large-file=\"https:\/\/i0.wp.com\/www.shqiperia.com\/blog\/wp-content\/uploads\/2026\/01\/termet1-770x440-1-752x440-1.jpg?fit=752%2C440&amp;ssl=1\" class=\"alignnone  wp-image-97016\" alt=\"\" src=\"https:\/\/i0.wp.com\/www.shqiperia.com\/blog\/wp-content\/uploads\/2026\/01\/termet1-770x440-1-752x440-1.jpg?resize=678%2C398&#038;ssl=1\" width=\"678\" height=\"398\" srcset=\"https:\/\/i0.wp.com\/www.shqiperia.com\/blog\/wp-content\/uploads\/2026\/01\/termet1-770x440-1-752x440-1.jpg?resize=300%2C176&amp;ssl=1 300w, https:\/\/i0.wp.com\/www.shqiperia.com\/blog\/wp-content\/uploads\/2026\/01\/termet1-770x440-1-752x440-1.jpg?resize=450%2C263&amp;ssl=1 450w, https:\/\/i0.wp.com\/www.shqiperia.com\/blog\/wp-content\/uploads\/2026\/01\/termet1-770x440-1-752x440-1.jpg?resize=600%2C351&amp;ssl=1 600w, https:\/\/i0.wp.com\/www.shqiperia.com\/blog\/wp-content\/uploads\/2026\/01\/termet1-770x440-1-752x440-1.jpg?resize=400%2C234&amp;ssl=1 400w, https:\/\/i0.wp.com\/www.shqiperia.com\/blog\/wp-content\/uploads\/2026\/01\/termet1-770x440-1-752x440-1.jpg?w=752&amp;ssl=1 752w\" sizes=\"auto, (max-width: 678px) 100vw, 678px\" \/><\/p>\n<p>27 Janar 2026<\/p>\n<p>Aktiviteti sizmik ka rikthyer frik\u00ebn te banor\u00ebt e juglindjes s\u00eb vendit, pasi brenda vet\u00ebm 12 or\u00ebve jan\u00eb regjistruar kat\u00ebr l\u00ebkundje t\u00ebrmeti, t\u00eb cilat jan\u00eb ndjer\u00eb n\u00eb qytetin e Kor\u00e7\u00ebs dhe n\u00eb zonat p\u00ebrreth.<\/p>\n<p>N\u00eb 04:47, nj\u00eb t\u00ebrmet me magnitud\u00eb 2.7 ball\u00eb goditi zon\u00ebn e Bick\u00ebs.<\/p>\n<p>Por shqet\u00ebsimi \u00ebsht\u00eb shtuar ndjesh\u00ebm n\u00eb or\u00ebt e pasdites, kur tre t\u00ebrmete t\u00eb tjera jan\u00eb regjistruar brenda nj\u00eb harku kohor prej vet\u00ebm 50 minutash.<\/p>\n<p>N\u00eb or\u00ebn 15:22, nj\u00eb t\u00ebrmet me magnitud\u00eb 3.1 ball\u00eb, me epiqend\u00ebr n\u00eb Ho\u00e7isht, \u00ebsht\u00eb ndjer\u00eb duksh\u00ebm n\u00eb Kor\u00e7\u00eb dhe zonat p\u00ebrreth.<\/p>\n<p>Vet\u00ebm tre minuta m\u00eb pas, n\u00eb 15:25, nj\u00eb tjet\u00ebr l\u00ebkundje me magnitud\u00eb 3.0 ball\u00eb ka pasur epiqendr\u00ebn n\u00eb Grac\u00eb.<\/p>\n<p>T\u00ebrmeti i kat\u00ebrt \u00ebsht\u00eb regjistruar n\u00eb or\u00ebn 16:12, me epiqend\u00ebr n\u00eb Plas\u00eb, me magnitud\u00eb 2.6 ball\u00eb.<\/p>\n<p><img data-recalc-dims=\"1\" loading=\"lazy\" decoding=\"async\" class=\"alignnone size-medium wp-image-1033998\" alt=\"\" src=\"https:\/\/i0.wp.com\/www.vizionplus.tv\/wp-content\/uploads\/2026\/01\/f7455a93-5d78-446b-bc43-b555e2447936-800x392.jpg?resize=800%2C392&#038;ssl=1\" width=\"800\" height=\"392\" data-pin-no-hover=\"true\" \/><\/p>\n<p>Megjith\u00ebse magnitudat kan\u00eb qen\u00eb t\u00eb moderuara, frekuenca e lart\u00eb e l\u00ebkundjeve brenda nj\u00eb kohe kaq t\u00eb shkurt\u00ebr ka rritur ndjesin\u00eb e pasiguris\u00eb te qytetar\u00ebt.<\/p>\n<p>Deri n\u00eb k\u00ebto momente nuk raportohet p\u00ebr d\u00ebme materiale apo persona t\u00eb l\u00ebnduar, nd\u00ebrsa autoritetet dhe specialist\u00ebt e sizmologjis\u00eb po monitorojn\u00eb situat\u00ebn.<\/p>\n<p>Sipas ekspert\u00ebve, zona e juglindjes njihet p\u00ebr aktivitet sizmik, por kat\u00ebr t\u00ebrmete brenda 12 or\u00ebve mbeten nj\u00eb zhvillim q\u00eb k\u00ebrkon v\u00ebmendje.<\/p>\n","protected":false},"excerpt":{"rendered":"<p>27 Janar 2026 Aktiviteti sizmik ka rikthyer frik\u00ebn te banor\u00ebt e juglindjes s\u00eb vendit, pasi brenda vet\u00ebm 12 or\u00ebve jan\u00eb regjistruar kat\u00ebr l\u00ebkundje t\u00ebrmeti, t\u00eb cilat jan\u00eb ndjer\u00eb n\u00eb qytetin e Kor\u00e7\u00ebs dhe n\u00eb zonat p\u00ebrreth. N\u00eb 04:47, nj\u00eb t\u00ebrmet me magnitud\u00eb 2.7 ball\u00eb goditi zon\u00ebn e Bick\u00ebs. Por shqet\u00ebsimi \u00ebsht\u00eb shtuar ndjesh\u00ebm n\u00eb or\u00ebt [&hellip;]<\/p>\n","protected":false},"author":9,"featured_media":97016,"comment_status":"open","ping_status":"open","sticky":false,"template":"","format":"standard","meta":{"jetpack_post_was_ever_published":false,"_jetpack_newsletter_access":"","_jetpack_dont_email_post_to_subs":false,"_jetpack_newsletter_tier_id":0,"_jetpack_memberships_contains_paywalled_content":false,"_jetpack_memberships_contains_paid_content":false,"footnotes":"","jetpack_publicize_message":"","jetpack_publicize_feature_enabled":true,"jetpack_social_post_already_shared":true,"jetpack_social_options":{"image_generator_settings":{"template":"highway","default_image_id":0,"font":"","enabled":false},"version":2}},"categories":[1],"tags":[],"class_list":["post-97015","post","type-post","status-publish","format-standard","has-post-thumbnail","hentry","category-njoftime-shtypi"],"jetpack_publicize_connections":[],"jetpack_featured_media_url":"https:\/\/i0.wp.com\/www.shqiperia.com\/blog\/wp-content\/uploads\/2026\/01\/termet1-770x440-1-752x440-1.jpg?fit=752%2C440&ssl=1","jetpack_sharing_enabled":true,"jetpack_shortlink":"https:\/\/wp.me\/p5Z6wp-peL","jetpack-related-posts":[{"id":75327,"url":"https:\/\/www.shqiperia.com\/blog\/dy-dridhje-toke-brenda-50-sekondave-pas-stuhise-termeti-godet-shqiperine\/","url_meta":{"origin":97015,"position":0},"title":"Dy dridhje toke brenda 50 sekondave, pas stuhis\u00eb, t\u00ebrmeti godet Shqip\u00ebrin\u00eb","author":"Kurt Farka","date":"November 5, 2023","format":false,"excerpt":"5 Nentor 2023 Pas stuhis\u00eb s\u00eb t\u00eb premtes dhe t\u00eb shtun\u00ebs Shqip\u00ebria sot \u00ebsht\u00eb l\u00ebkundur nga t\u00ebrmeti. Dy l\u00ebkundje sizmike, sipas\u00a0Institutit t\u00eb Gjeoshkencave\u00a0me magnitud\u00eb 4.1 dhe 3.8 ball\u00eb jan\u00eb regjistruar dit\u00ebn e sotme n\u00eb or\u00ebn 14:50:07 dhe 14:50:46 me epiqend\u00ebr n\u00eb Elbasan. Konkretisht epiqendra ka qen\u00eb n\u00eb Bradashesh. Goditja kryesore\u2026","rel":"","context":"In &quot;Blogu i Udh\u00ebtarit&quot;","block_context":{"text":"Blogu i Udh\u00ebtarit","link":"https:\/\/www.shqiperia.com\/blog\/category\/blogu-i-udhetarit\/"},"img":{"alt_text":"","src":"https:\/\/i0.wp.com\/www.shqiperia.com\/blog\/wp-content\/uploads\/2023\/11\/800-0-4abcb4d2842ab1eb6c210559b65cde25.jpg?fit=800%2C451&ssl=1&resize=350%2C200","width":350,"height":200,"srcset":"https:\/\/i0.wp.com\/www.shqiperia.com\/blog\/wp-content\/uploads\/2023\/11\/800-0-4abcb4d2842ab1eb6c210559b65cde25.jpg?fit=800%2C451&ssl=1&resize=350%2C200 1x, https:\/\/i0.wp.com\/www.shqiperia.com\/blog\/wp-content\/uploads\/2023\/11\/800-0-4abcb4d2842ab1eb6c210559b65cde25.jpg?fit=800%2C451&ssl=1&resize=525%2C300 1.5x, https:\/\/i0.wp.com\/www.shqiperia.com\/blog\/wp-content\/uploads\/2023\/11\/800-0-4abcb4d2842ab1eb6c210559b65cde25.jpg?fit=800%2C451&ssl=1&resize=700%2C400 2x"},"classes":[]},{"id":63067,"url":"https:\/\/www.shqiperia.com\/blog\/termet-ne-greqi-me-magnitude-1-3-balle-i-parapriu-pasgoditjes-me-magnitude-5-balle\/","url_meta":{"origin":97015,"position":1},"title":"Termet ne Greqi: &#8211; Me magnitud\u00eb 1.3 ball\u00eb i parapriu\u00a0 pasgoditjes me magnitud\u00eb 5 balle","author":"Kurt Farka","date":"October 9, 2022","format":false,"excerpt":"9 Tetor 2022 Nj\u00eb t\u00ebrmet me magnitud\u00eb 5 ball\u00eb i shkall\u00ebs Rihter ka ndodhur n\u00eb or\u00ebn 01:02 me epiqend\u00ebr 26.1 km n\u00eb juglindje t\u00eb Amfis\u00ebs me nj\u00eb thell\u00ebsi 10 km, sipas Institutit Gjeodinamik t\u00eb Greqis\u00eb. T\u00ebrmeti \u00ebsht\u00eb ndjer\u00eb ve\u00e7an\u00ebrisht n\u00eb Atik\u00eb. Nj\u00eb paragoditje me magnitud\u00eb 1.3 ball\u00eb i parapriu goditjes\u2026","rel":"","context":"In &quot;Blogu i Udh\u00ebtarit&quot;","block_context":{"text":"Blogu i Udh\u00ebtarit","link":"https:\/\/www.shqiperia.com\/blog\/category\/blogu-i-udhetarit\/"},"img":{"alt_text":"","src":"https:\/\/i0.wp.com\/www.shqiperia.com\/blog\/wp-content\/uploads\/2022\/10\/Termet-ne-Greqi.jpg?fit=640%2C340&ssl=1&resize=350%2C200","width":350,"height":200,"srcset":"https:\/\/i0.wp.com\/www.shqiperia.com\/blog\/wp-content\/uploads\/2022\/10\/Termet-ne-Greqi.jpg?fit=640%2C340&ssl=1&resize=350%2C200 1x, https:\/\/i0.wp.com\/www.shqiperia.com\/blog\/wp-content\/uploads\/2022\/10\/Termet-ne-Greqi.jpg?fit=640%2C340&ssl=1&resize=525%2C300 1.5x"},"classes":[]},{"id":68291,"url":"https:\/\/www.shqiperia.com\/blog\/nuk-ka-fund-tmerri-edhe-pas-tragjedise-3-termete-godasin-serish-turqine\/","url_meta":{"origin":97015,"position":2},"title":"Nuk ka fund tmerri edhe pas tragjedis\u00eb, 3 t\u00ebrmete godasin s\u00ebrish Turqin\u00eb","author":"Kurt Farka","date":"February 18, 2023","format":false,"excerpt":"18 Shkurt Nj\u00eb t\u00ebrmet i ri me magnitud\u00eb 5.2 goditi pjes\u00ebn qendrore t\u00eb Turqis\u00eb, mbr\u00ebmjen e s\u00eb shtun\u00ebs sipas t\u00eb dh\u00ebnave t\u00eb Qendr\u00ebs Sizmologjike Evropiane-Mesdhetare (EMSC). T\u00ebrmeti ka pasur nj\u00eb thell\u00ebsi prej 10 kilometrash, 13 km larg Goksunit. Pas k\u00ebsaj, jan\u00eb regjistruar edhe dy l\u00ebkundje t\u00eb tjera me magnitud\u00eb 3.3\u2026","rel":"","context":"In &quot;Blogu i Udh\u00ebtarit&quot;","block_context":{"text":"Blogu i Udh\u00ebtarit","link":"https:\/\/www.shqiperia.com\/blog\/category\/blogu-i-udhetarit\/"},"img":{"alt_text":"","src":"https:\/\/i0.wp.com\/www.shqiperia.com\/blog\/wp-content\/uploads\/2023\/02\/800-0-5fbf9e2f7e4f09fabfeaa6dbdb8f8b71-1.jpg?fit=800%2C453&ssl=1&resize=350%2C200","width":350,"height":200,"srcset":"https:\/\/i0.wp.com\/www.shqiperia.com\/blog\/wp-content\/uploads\/2023\/02\/800-0-5fbf9e2f7e4f09fabfeaa6dbdb8f8b71-1.jpg?fit=800%2C453&ssl=1&resize=350%2C200 1x, https:\/\/i0.wp.com\/www.shqiperia.com\/blog\/wp-content\/uploads\/2023\/02\/800-0-5fbf9e2f7e4f09fabfeaa6dbdb8f8b71-1.jpg?fit=800%2C453&ssl=1&resize=525%2C300 1.5x, https:\/\/i0.wp.com\/www.shqiperia.com\/blog\/wp-content\/uploads\/2023\/02\/800-0-5fbf9e2f7e4f09fabfeaa6dbdb8f8b71-1.jpg?fit=800%2C453&ssl=1&resize=700%2C400 2x"},"classes":[]},{"id":71667,"url":"https:\/\/www.shqiperia.com\/blog\/kater-termete-brenda-pak-oreve-ne-shqiperi\/","url_meta":{"origin":97015,"position":3},"title":"Kat\u00ebr t\u00ebrmete brenda pak or\u00ebve n\u00eb Shqip\u00ebri","author":"Kurt Farka","date":"May 23, 2023","format":false,"excerpt":"23 Maji 2023 Brenda pak or\u00ebve Shqip\u00ebria \u00ebsht\u00eb l\u00ebkundur nga disa goditje sizmike, q\u00eb fatmir\u00ebsisht kan\u00eb qen\u00eb me magnitud\u00eb t\u00eb ul\u00ebt, sipas Institutit Sizmologjik. M\u00ebngjesin e sot\u00ebm n\u00eb or\u00ebn 05:17:27 \u00ebsht\u00eb sh\u00ebnuar nj\u00eb t\u00ebrmet 3.1 ball\u00eb me epiqend\u00ebr n\u00eb kufirin me Malin e Zi, q\u00eb \u00ebsht\u00eb ndjer\u00eb edhe n\u00eb nj\u00eb\u2026","rel":"","context":"In &quot;Blogu i Udh\u00ebtarit&quot;","block_context":{"text":"Blogu i Udh\u00ebtarit","link":"https:\/\/www.shqiperia.com\/blog\/category\/blogu-i-udhetarit\/"},"img":{"alt_text":"","src":"https:\/\/i0.wp.com\/www.shqiperia.com\/blog\/wp-content\/uploads\/2023\/05\/termeti-5.jpg?fit=780%2C440&ssl=1&resize=350%2C200","width":350,"height":200,"srcset":"https:\/\/i0.wp.com\/www.shqiperia.com\/blog\/wp-content\/uploads\/2023\/05\/termeti-5.jpg?fit=780%2C440&ssl=1&resize=350%2C200 1x, https:\/\/i0.wp.com\/www.shqiperia.com\/blog\/wp-content\/uploads\/2023\/05\/termeti-5.jpg?fit=780%2C440&ssl=1&resize=525%2C300 1.5x, https:\/\/i0.wp.com\/www.shqiperia.com\/blog\/wp-content\/uploads\/2023\/05\/termeti-5.jpg?fit=780%2C440&ssl=1&resize=700%2C400 2x"},"classes":[]},{"id":69953,"url":"https:\/\/www.shqiperia.com\/blog\/lekundje-te-shpeshta-termeti-ne-korce-prej-oreve-te-para-te-mengjesit-ja-ku-ishte-epiqendra\/","url_meta":{"origin":97015,"position":4},"title":"L\u00ebkundje t\u00eb shpeshta t\u00ebrmeti n\u00eb Kor\u00e7\u00eb prej or\u00ebve t\u00eb para t\u00eb m\u00ebngjesit, ja ku ishte epiqendra","author":"Kurt Farka","date":"March 23, 2023","format":false,"excerpt":"23 Mars 2023 Nj\u00eb t\u00ebrmet \u00ebsht\u00eb regjistruar n\u00eb or\u00ebt e para t\u00eb m\u00ebngjesit n\u00eb qytetin e Kor\u00e7\u00ebs. Sipas IGJEUM, t\u00ebrmeti me magnitud\u00eb 4.4 ka qen\u00eb me epiqend\u00ebr n\u00eb Mollas nd\u00ebrkoh\u00eb q\u00eb \u00ebsht\u00eb ndjer\u00eb n\u00eb t\u00eb gjitha zonat p\u00ebrreth. T\u00ebrmeti \u00ebsht\u00eb shoq\u00ebruar nga disa pasgoditje, dhe m\u00eb e madhja ka qen\u00eb\u2026","rel":"","context":"In &quot;Blogu i Udh\u00ebtarit&quot;","block_context":{"text":"Blogu i Udh\u00ebtarit","link":"https:\/\/www.shqiperia.com\/blog\/category\/blogu-i-udhetarit\/"},"img":{"alt_text":"","src":"https:\/\/i0.wp.com\/www.shqiperia.com\/blog\/wp-content\/uploads\/2023\/03\/termet.jpg?fit=765%2C423&ssl=1&resize=350%2C200","width":350,"height":200,"srcset":"https:\/\/i0.wp.com\/www.shqiperia.com\/blog\/wp-content\/uploads\/2023\/03\/termet.jpg?fit=765%2C423&ssl=1&resize=350%2C200 1x, https:\/\/i0.wp.com\/www.shqiperia.com\/blog\/wp-content\/uploads\/2023\/03\/termet.jpg?fit=765%2C423&ssl=1&resize=525%2C300 1.5x, https:\/\/i0.wp.com\/www.shqiperia.com\/blog\/wp-content\/uploads\/2023\/03\/termet.jpg?fit=765%2C423&ssl=1&resize=700%2C400 2x"},"classes":[]},{"id":76940,"url":"https:\/\/www.shqiperia.com\/blog\/vazhdojne-termetet-ne-vendin-tone\/","url_meta":{"origin":97015,"position":5},"title":"Vazhdojn\u00eb T\u00ebrmetet n\u00eb vendin ton\u00eb","author":"Kurt Farka","date":"January 3, 2024","format":false,"excerpt":"3 Janar 2023 Termet me 3.8 balle goditi Shqiperin\u00eb ne mesnaten e dat\u00ebs 2 janar duke gdhir\u00eb 3 janari. Qyteti i Kuk\u00ebsit \u00ebsht\u00eb tronditur nga nj\u00eb t\u00ebrmet gjat\u00eb mesnat\u00ebs. Sipas t\u00eb dh\u00ebnave, t\u00ebrmeti\u00a0 ka qen\u00eb me magnitud\u00eb 3.8 ball\u00eb, nd\u00ebrsa m\u00ebsohet se epiqendra ka qen\u00eb n\u00eb Vlahen t\u00eb Kuk\u00ebsit. Po\u2026","rel":"","context":"In &quot;Blogu i Udh\u00ebtarit&quot;","block_context":{"text":"Blogu i Udh\u00ebtarit","link":"https:\/\/www.shqiperia.com\/blog\/category\/blogu-i-udhetarit\/"},"img":{"alt_text":"","src":"https:\/\/i0.wp.com\/www.shqiperia.com\/blog\/wp-content\/uploads\/2024\/01\/800-0-65950ca20f42b.jpg?fit=800%2C443&ssl=1&resize=350%2C200","width":350,"height":200,"srcset":"https:\/\/i0.wp.com\/www.shqiperia.com\/blog\/wp-content\/uploads\/2024\/01\/800-0-65950ca20f42b.jpg?fit=800%2C443&ssl=1&resize=350%2C200 1x, https:\/\/i0.wp.com\/www.shqiperia.com\/blog\/wp-content\/uploads\/2024\/01\/800-0-65950ca20f42b.jpg?fit=800%2C443&ssl=1&resize=525%2C300 1.5x, https:\/\/i0.wp.com\/www.shqiperia.com\/blog\/wp-content\/uploads\/2024\/01\/800-0-65950ca20f42b.jpg?fit=800%2C443&ssl=1&resize=700%2C400 2x"},"classes":[]}],"_links":{"self":[{"href":"https:\/\/www.shqiperia.com\/blog\/wp-json\/wp\/v2\/posts\/97015","targetHints":{"allow":["GET"]}}],"collection":[{"href":"https:\/\/www.shqiperia.com\/blog\/wp-json\/wp\/v2\/posts"}],"about":[{"href":"https:\/\/www.shqiperia.com\/blog\/wp-json\/wp\/v2\/types\/post"}],"author":[{"embeddable":true,"href":"https:\/\/www.shqiperia.com\/blog\/wp-json\/wp\/v2\/users\/9"}],"replies":[{"embeddable":true,"href":"https:\/\/www.shqiperia.com\/blog\/wp-json\/wp\/v2\/comments?post=97015"}],"version-history":[{"count":1,"href":"https:\/\/www.shqiperia.com\/blog\/wp-json\/wp\/v2\/posts\/97015\/revisions"}],"predecessor-version":[{"id":97017,"href":"https:\/\/www.shqiperia.com\/blog\/wp-json\/wp\/v2\/posts\/97015\/revisions\/97017"}],"wp:featuredmedia":[{"embeddable":true,"href":"https:\/\/www.shqiperia.com\/blog\/wp-json\/wp\/v2\/media\/97016"}],"wp:attachment":[{"href":"https:\/\/www.shqiperia.com\/blog\/wp-json\/wp\/v2\/media?parent=97015"}],"wp:term":[{"taxonomy":"category","embeddable":true,"href":"https:\/\/www.shqiperia.com\/blog\/wp-json\/wp\/v2\/categories?post=97015"},{"taxonomy":"post_tag","embeddable":true,"href":"https:\/\/www.shqiperia.com\/blog\/wp-json\/wp\/v2\/tags?post=97015"}],"curies":[{"name":"wp","href":"https:\/\/api.w.org\/{rel}","templated":true}]}}