{"id":97012,"date":"2026-01-27T12:46:15","date_gmt":"2026-01-27T12:46:15","guid":{"rendered":"https:\/\/www.shqiperia.com\/blog\/?p=97012"},"modified":"2026-01-27T12:46:15","modified_gmt":"2026-01-27T12:46:15","slug":"a-mund-te-perdoren-bletet-si-model-per-te-komunikuar-me-jete-inteligjente-jashtetokesore","status":"publish","type":"post","link":"https:\/\/www.shqiperia.com\/blog\/a-mund-te-perdoren-bletet-si-model-per-te-komunikuar-me-jete-inteligjente-jashtetokesore\/","title":{"rendered":"A mund t\u00eb p\u00ebrdoren blet\u00ebt si model p\u00ebr t\u00eb komunikuar me jet\u00eb inteligjente jasht\u00ebtok\u00ebsore?"},"content":{"rendered":"<p><img data-recalc-dims=\"1\" loading=\"lazy\" decoding=\"async\" data-attachment-id=\"97013\" data-permalink=\"https:\/\/www.shqiperia.com\/blog\/a-mund-te-perdoren-bletet-si-model-per-te-komunikuar-me-jete-inteligjente-jashtetokesore\/44fb5c279400310a392bb724ff7223e0-1024x576\/\" data-orig-file=\"https:\/\/i0.wp.com\/www.shqiperia.com\/blog\/wp-content\/uploads\/2026\/01\/44fb5c279400310a392bb724ff7223e0-1024x576-1.webp?fit=1024%2C576&amp;ssl=1\" data-orig-size=\"1024,576\" data-comments-opened=\"1\" data-image-meta=\"{&quot;aperture&quot;:&quot;0&quot;,&quot;credit&quot;:&quot;&quot;,&quot;camera&quot;:&quot;&quot;,&quot;caption&quot;:&quot;&quot;,&quot;created_timestamp&quot;:&quot;0&quot;,&quot;copyright&quot;:&quot;&quot;,&quot;focal_length&quot;:&quot;0&quot;,&quot;iso&quot;:&quot;0&quot;,&quot;shutter_speed&quot;:&quot;0&quot;,&quot;title&quot;:&quot;&quot;,&quot;orientation&quot;:&quot;0&quot;}\" data-image-title=\"44fb5c279400310a392bb724ff7223e0-1024&#215;576\" data-image-description=\"\" data-image-caption=\"\" data-medium-file=\"https:\/\/i0.wp.com\/www.shqiperia.com\/blog\/wp-content\/uploads\/2026\/01\/44fb5c279400310a392bb724ff7223e0-1024x576-1.webp?fit=300%2C169&amp;ssl=1\" data-large-file=\"https:\/\/i0.wp.com\/www.shqiperia.com\/blog\/wp-content\/uploads\/2026\/01\/44fb5c279400310a392bb724ff7223e0-1024x576-1.webp?fit=1024%2C576&amp;ssl=1\" class=\"alignnone  wp-image-97013\" alt=\"\" src=\"https:\/\/i0.wp.com\/www.shqiperia.com\/blog\/wp-content\/uploads\/2026\/01\/44fb5c279400310a392bb724ff7223e0-1024x576-1.webp?resize=616%2C347&#038;ssl=1\" width=\"616\" height=\"347\" srcset=\"https:\/\/i0.wp.com\/www.shqiperia.com\/blog\/wp-content\/uploads\/2026\/01\/44fb5c279400310a392bb724ff7223e0-1024x576-1.webp?resize=300%2C169&amp;ssl=1 300w, https:\/\/i0.wp.com\/www.shqiperia.com\/blog\/wp-content\/uploads\/2026\/01\/44fb5c279400310a392bb724ff7223e0-1024x576-1.webp?resize=768%2C432&amp;ssl=1 768w, https:\/\/i0.wp.com\/www.shqiperia.com\/blog\/wp-content\/uploads\/2026\/01\/44fb5c279400310a392bb724ff7223e0-1024x576-1.webp?resize=450%2C253&amp;ssl=1 450w, https:\/\/i0.wp.com\/www.shqiperia.com\/blog\/wp-content\/uploads\/2026\/01\/44fb5c279400310a392bb724ff7223e0-1024x576-1.webp?resize=600%2C338&amp;ssl=1 600w, https:\/\/i0.wp.com\/www.shqiperia.com\/blog\/wp-content\/uploads\/2026\/01\/44fb5c279400310a392bb724ff7223e0-1024x576-1.webp?resize=400%2C225&amp;ssl=1 400w, https:\/\/i0.wp.com\/www.shqiperia.com\/blog\/wp-content\/uploads\/2026\/01\/44fb5c279400310a392bb724ff7223e0-1024x576-1.webp?w=1024&amp;ssl=1 1024w\" sizes=\"auto, (max-width: 616px) 100vw, 616px\" \/><\/p>\n<p>27 Janar 2026<\/p>\n<p>Shkenc\u00ebtar\u00ebt po eksplorojn\u00eb iden\u00eb q\u00eb blet\u00ebt mund t\u00eb sh\u00ebrbejn\u00eb si model p\u00ebr zhvillimin e nj\u00eb gjuhe universale p\u00ebr komunikim me civilizime jasht\u00ebtok\u00ebsore. Nj\u00eb studim i ri sugjeron se, megjith\u00ebse truri i njeriut dhe ai i blet\u00ebve jan\u00eb shum\u00eb t\u00eb ndrysh\u00ebm, t\u00eb dyja llojet jan\u00eb n\u00eb gjendje t\u00eb kryejn\u00eb operacione matematikore.<\/p>\n<p>Blet\u00ebt p\u00ebrdorin vall\u00ebzimin \u201cwaggle\u201d p\u00ebr t\u00eb komunikuar vendndodhjen dhe cil\u00ebsin\u00eb e burimeve t\u00eb ushqimit, nd\u00ebrsa njer\u00ebzit zhvilluan gjuh\u00ebn. Kjo tregon se, edhe p\u00ebr specie shum\u00eb t\u00eb ndryshme, ekzistojn\u00eb m\u00ebnyra t\u00eb sofistikuara komunikimi dhe bashk\u00ebpunimi.<\/p>\n<p>Eksperimentet e fundit kan\u00eb treguar se blet\u00ebt mund t\u00eb m\u00ebsojn\u00eb shtimin dhe zbritjen, t\u00eb kategorizojn\u00eb sasit\u00eb si tek ose \u00e7ift, t\u00eb rendisin objekte dhe madje t\u00eb kuptojn\u00eb konceptin e \u201czeros\u201d. Ata madje mund t\u00eb lidhin simbolet me numrat, nj\u00eb m\u00ebnyr\u00eb e ngjashme me t\u00eb m\u00ebsuarit e shkrimit t\u00eb numrave tek njer\u00ebzit.<\/p>\n<p>Kjo aft\u00ebsi sugjeron se matematika mund t\u00eb jet\u00eb baza e nj\u00eb gjuhe universale, e kuptueshme nga specie inteligjente shum\u00eb t\u00eb ndryshme, p\u00ebrfshir\u00eb edhe potencialisht jet\u00ebn jasht\u00ebtok\u00ebsore. N\u00ebse kjo hipotez\u00eb v\u00ebrtetohet, matematik\u00ebn mund ta p\u00ebrdorim si \u201cur\u00eb\u201d p\u00ebr t\u00eb komunikuar me civilizime n\u00eb yjet m\u00eb t\u00eb larg\u00ebt.<\/p>\n<p>Ky zbulim jo vet\u00ebm q\u00eb vler\u00ebson zgjuarsin\u00eb e blet\u00ebve, por hap edhe diskutimin mbi pyetjen n\u00ebse matematika \u00ebsht\u00eb nj\u00eb krijim ekskluzivisht njer\u00ebzor apo nj\u00eb pasoj\u00eb universale e inteligjenc\u00ebs.<\/p>\n","protected":false},"excerpt":{"rendered":"<p>27 Janar 2026 Shkenc\u00ebtar\u00ebt po eksplorojn\u00eb iden\u00eb q\u00eb blet\u00ebt mund t\u00eb sh\u00ebrbejn\u00eb si model p\u00ebr zhvillimin e nj\u00eb gjuhe universale p\u00ebr komunikim me civilizime jasht\u00ebtok\u00ebsore. Nj\u00eb studim i ri sugjeron se, megjith\u00ebse truri i njeriut dhe ai i blet\u00ebve jan\u00eb shum\u00eb t\u00eb ndrysh\u00ebm, t\u00eb dyja llojet jan\u00eb n\u00eb gjendje t\u00eb kryejn\u00eb operacione matematikore. Blet\u00ebt p\u00ebrdorin [&hellip;]<\/p>\n","protected":false},"author":9,"featured_media":97013,"comment_status":"open","ping_status":"open","sticky":false,"template":"","format":"standard","meta":{"jetpack_post_was_ever_published":false,"_jetpack_newsletter_access":"","_jetpack_dont_email_post_to_subs":false,"_jetpack_newsletter_tier_id":0,"_jetpack_memberships_contains_paywalled_content":false,"_jetpack_memberships_contains_paid_content":false,"footnotes":"","jetpack_publicize_message":"","jetpack_publicize_feature_enabled":true,"jetpack_social_post_already_shared":true,"jetpack_social_options":{"image_generator_settings":{"template":"highway","default_image_id":0,"font":"","enabled":false},"version":2}},"categories":[27,14],"tags":[],"class_list":["post-97012","post","type-post","status-publish","format-standard","has-post-thumbnail","hentry","category-blogu-i-udhetarit","category-press-releases"],"jetpack_publicize_connections":[],"jetpack_featured_media_url":"https:\/\/i0.wp.com\/www.shqiperia.com\/blog\/wp-content\/uploads\/2026\/01\/44fb5c279400310a392bb724ff7223e0-1024x576-1.webp?fit=1024%2C576&ssl=1","jetpack_sharing_enabled":true,"jetpack_shortlink":"https:\/\/wp.me\/p5Z6wp-peI","jetpack-related-posts":[{"id":98872,"url":"https:\/\/www.shqiperia.com\/blog\/bletet-mund-te-marrin-fryme-nen-uje\/","url_meta":{"origin":97012,"position":0},"title":"Blet\u00ebt mund t\u00eb marrin frym\u00eb n\u00ebn uj\u00eb","author":"Kurt Farka","date":"March 31, 2026","format":false,"excerpt":"31 Mars 2026 Zbulimi vjen pasi studiuesit aksidentalisht p\u00ebrmbyt\u00ebn nj\u00eb frigorifer laboratori Zbulimet shkencore po pasurohen \u00e7do dit\u00eb, duke treguar se bota e kafsh\u00ebve \u00ebsht\u00eb ende plot mistere dhe surpriza q\u00eb priten t\u00eb zbulohen n\u00eb vazhdim, duke d\u00ebshmuar se edhe krijesa t\u00eb vogla si blet\u00ebt, fshehin aft\u00ebsi t\u00eb jasht\u00ebzakonshme q\u00eb\u2026","rel":"","context":"In &quot;Blogu i Udh\u00ebtarit&quot;","block_context":{"text":"Blogu i Udh\u00ebtarit","link":"https:\/\/www.shqiperia.com\/blog\/category\/blogu-i-udhetarit\/"},"img":{"alt_text":"","src":"https:\/\/i0.wp.com\/www.shqiperia.com\/blog\/wp-content\/uploads\/2026\/03\/bleta-1.webp?fit=814%2C502&ssl=1&resize=350%2C200","width":350,"height":200,"srcset":"https:\/\/i0.wp.com\/www.shqiperia.com\/blog\/wp-content\/uploads\/2026\/03\/bleta-1.webp?fit=814%2C502&ssl=1&resize=350%2C200 1x, https:\/\/i0.wp.com\/www.shqiperia.com\/blog\/wp-content\/uploads\/2026\/03\/bleta-1.webp?fit=814%2C502&ssl=1&resize=525%2C300 1.5x, https:\/\/i0.wp.com\/www.shqiperia.com\/blog\/wp-content\/uploads\/2026\/03\/bleta-1.webp?fit=814%2C502&ssl=1&resize=700%2C400 2x"},"classes":[]},{"id":47981,"url":"https:\/\/www.shqiperia.com\/blog\/bletet-ne-rrezik-zhdukjeje-shba-do-te-perdore-aplikacion-dhe-kamera-vezhgimi-per-kosheret\/","url_meta":{"origin":97012,"position":1},"title":"Blet\u00ebt n\u00eb rrezik zhdukjeje, &#8211; SHBA do t\u00eb p\u00ebrdor\u00eb aplikacion dhe kamera v\u00ebzhgimi p\u00ebr kosheret","author":"Kurt Farka","date":"June 19, 2021","format":false,"excerpt":"Blet\u00ebt n\u00eb rrezik zhdukjeje, - SHBA do t\u00eb p\u00ebrdor\u00eb aplikacion dhe kamera v\u00ebzhgimi p\u00ebr kosheret 15 qershor \u00a02021 Bletaria \u00ebsht\u00eb nj\u00eb nga industrit\u00eb m\u00eb t\u00eb vjetra n\u00eb ekzistenc\u00eb, por p\u00ebrballet me k\u00ebrc\u00ebnime t\u00eb shumta. Nj\u00eb num\u00ebr i firmave t\u00eb teknologjis\u00eb shpresojn\u00eb t\u00eb ndihmojn\u00eb blet\u00ebt t\u00eb ket\u00eb nj\u00eb t\u00eb ardhme m\u00eb\u2026","rel":"","context":"In &quot;Blogu i Udh\u00ebtarit&quot;","block_context":{"text":"Blogu i Udh\u00ebtarit","link":"https:\/\/www.shqiperia.com\/blog\/category\/blogu-i-udhetarit\/"},"img":{"alt_text":"","src":"https:\/\/i0.wp.com\/www.shqiperia.com\/blog\/wp-content\/uploads\/2021\/06\/Bletet-ne-rrezik.jpg?fit=984%2C520&ssl=1&resize=350%2C200","width":350,"height":200,"srcset":"https:\/\/i0.wp.com\/www.shqiperia.com\/blog\/wp-content\/uploads\/2021\/06\/Bletet-ne-rrezik.jpg?fit=984%2C520&ssl=1&resize=350%2C200 1x, https:\/\/i0.wp.com\/www.shqiperia.com\/blog\/wp-content\/uploads\/2021\/06\/Bletet-ne-rrezik.jpg?fit=984%2C520&ssl=1&resize=525%2C300 1.5x, https:\/\/i0.wp.com\/www.shqiperia.com\/blog\/wp-content\/uploads\/2021\/06\/Bletet-ne-rrezik.jpg?fit=984%2C520&ssl=1&resize=700%2C400 2x"},"classes":[]},{"id":76139,"url":"https:\/\/www.shqiperia.com\/blog\/njihuni-me-bletet-blu-te-rralla-por-mahnitese\/","url_meta":{"origin":97012,"position":2},"title":"Njihuni me blet\u00ebt blu. &#8211; T\u00eb rralla, por mahnit\u00ebse!","author":"Kurt Farka","date":"December 7, 2023","format":false,"excerpt":"7 Dhjetor 2023 A e dinit se ekzistojn\u00eb blet\u00eb n\u00eb ngjyr\u00eb blu?! N\u00ebse nuk e ke par\u00eb kurr\u00eb nj\u00eb t\u00eb till\u00eb, at\u00ebher\u00eb duhet t\u00eb lexosh t\u00eb gjitha shpjegimet e m\u00ebposhtme. Ne jemi m\u00ebsuar t\u00eb shohim shum\u00eb shpesh blet\u00ebt e famshme verdh e zi, apo jo? N\u00eb fakt, blet\u00ebt blu jan\u00eb\u2026","rel":"","context":"In &quot;Blogu i Udh\u00ebtarit&quot;","block_context":{"text":"Blogu i Udh\u00ebtarit","link":"https:\/\/www.shqiperia.com\/blog\/category\/blogu-i-udhetarit\/"},"img":{"alt_text":"","src":"https:\/\/i0.wp.com\/www.shqiperia.com\/blog\/wp-content\/uploads\/2023\/12\/image-12-1.png?fit=700%2C514&ssl=1&resize=350%2C200","width":350,"height":200,"srcset":"https:\/\/i0.wp.com\/www.shqiperia.com\/blog\/wp-content\/uploads\/2023\/12\/image-12-1.png?fit=700%2C514&ssl=1&resize=350%2C200 1x, https:\/\/i0.wp.com\/www.shqiperia.com\/blog\/wp-content\/uploads\/2023\/12\/image-12-1.png?fit=700%2C514&ssl=1&resize=525%2C300 1.5x, https:\/\/i0.wp.com\/www.shqiperia.com\/blog\/wp-content\/uploads\/2023\/12\/image-12-1.png?fit=700%2C514&ssl=1&resize=700%2C400 2x"},"classes":[]},{"id":69630,"url":"https:\/\/www.shqiperia.com\/blog\/vaksina-shpeton-bletet-asgjesimi-i-bleteve-alarmant-ekspertet-shprese-te-vaksina\/","url_meta":{"origin":97012,"position":3},"title":"Vaksina shp\u00ebton blet\u00ebt? &#8211; Asgjesimi i blet\u00ebve alarmant, ekspert\u00ebt shpres\u00eb te vaksina","author":"Kurt Farka","date":"March 14, 2023","format":false,"excerpt":"14 Marsi 2023 Asgjesimi i blet\u00ebve me ritme alarmante n\u00eb t\u00eb gjith\u00eb bot\u00ebn p\u00ebr shkak t\u00eb s\u00ebmundjeve, parazit\u00ebve dhe ngrohjes globale, b\u00ebri q\u00eb studiuesit t\u00eb propozonin vaksin\u00ebn e par\u00eb p\u00ebr insektet. Por a po funksionon vaksina? Ju njeh materiali n\u00eb vijim. Rreziku i zhdukjes s\u00eb blet\u00ebve me ritme alarmante solli\u2026","rel":"","context":"In &quot;Blogu i Udh\u00ebtarit&quot;","block_context":{"text":"Blogu i Udh\u00ebtarit","link":"https:\/\/www.shqiperia.com\/blog\/category\/blogu-i-udhetarit\/"},"img":{"alt_text":"","src":"https:\/\/i0.wp.com\/www.shqiperia.com\/blog\/wp-content\/uploads\/2023\/03\/640-0-bee-1678643069.jpg?fit=640%2C427&ssl=1&resize=350%2C200","width":350,"height":200,"srcset":"https:\/\/i0.wp.com\/www.shqiperia.com\/blog\/wp-content\/uploads\/2023\/03\/640-0-bee-1678643069.jpg?fit=640%2C427&ssl=1&resize=350%2C200 1x, https:\/\/i0.wp.com\/www.shqiperia.com\/blog\/wp-content\/uploads\/2023\/03\/640-0-bee-1678643069.jpg?fit=640%2C427&ssl=1&resize=525%2C300 1.5x"},"classes":[]},{"id":99332,"url":"https:\/\/www.shqiperia.com\/blog\/bletet-tani-konsiderohen-zyrtarisht-si-specia-me-e-rendesishme-e-gjalle\/","url_meta":{"origin":97012,"position":4},"title":"Blet\u00ebt tani konsiderohen zyrtarisht si specia m\u00eb e r\u00ebnd\u00ebsishme e gjall\u00eb","author":"Kurt Farka","date":"April 12, 2026","format":false,"excerpt":"13 Prill 2026 Blet\u00ebt mund t\u00eb jen\u00eb t\u00eb vogla, por roli i tyre n\u00eb bot\u00ebn ton\u00eb \u00ebsht\u00eb i jasht\u00ebzakonsh\u00ebm. K\u00ebta polenizues t\u00eb vegj\u00ebl ndihmojn\u00eb n\u00eb riprodhimin e bim\u00ebve, gj\u00eb q\u00eb ndikon drejtp\u00ebrdrejt n\u00eb ushqimin q\u00eb konsumojm\u00eb \u00e7do dit\u00eb. Nga frutat dhe perimet, te arrat dhe farat, nj\u00eb pjes\u00eb e madhe\u2026","rel":"","context":"In &quot;Blogu i Udh\u00ebtarit&quot;","block_context":{"text":"Blogu i Udh\u00ebtarit","link":"https:\/\/www.shqiperia.com\/blog\/category\/blogu-i-udhetarit\/"},"img":{"alt_text":"","src":"https:\/\/i0.wp.com\/www.shqiperia.com\/blog\/wp-content\/uploads\/2026\/04\/auto_-640-0-69db549ec88ac1776009838.jpeg?fit=900%2C714&ssl=1&resize=350%2C200","width":350,"height":200,"srcset":"https:\/\/i0.wp.com\/www.shqiperia.com\/blog\/wp-content\/uploads\/2026\/04\/auto_-640-0-69db549ec88ac1776009838.jpeg?fit=900%2C714&ssl=1&resize=350%2C200 1x, https:\/\/i0.wp.com\/www.shqiperia.com\/blog\/wp-content\/uploads\/2026\/04\/auto_-640-0-69db549ec88ac1776009838.jpeg?fit=900%2C714&ssl=1&resize=525%2C300 1.5x, https:\/\/i0.wp.com\/www.shqiperia.com\/blog\/wp-content\/uploads\/2026\/04\/auto_-640-0-69db549ec88ac1776009838.jpeg?fit=900%2C714&ssl=1&resize=700%2C400 2x"},"classes":[]},{"id":18587,"url":"https:\/\/www.shqiperia.com\/blog\/rreth-80-mije-blete-sulmojne-hajdutin-e-koshereve\/","url_meta":{"origin":97012,"position":5},"title":"Rreth 80 mij\u00eb blet\u00eb sulmojn\u00eb hajdutin e koshereve. &#8211;","author":"Kurt Farka","date":"March 19, 2019","format":false,"excerpt":"Rreth 80 mij\u00eb blet\u00eb sulmojn\u00eb hajdutin e koshereve. - Nj\u00eb hajdut kosheresh u ndoq nga 80 mij\u00eb blet\u00eb t\u00eb zem\u00ebruara pasi ai tentoi q\u00eb t\u00eb rr\u00ebmbente nj\u00ebr\u00ebn prej tyre. Autori k\u00ebrceu mbi nj\u00eb gardh dhe u rr\u00ebzua mbi koshere. Kjo b\u00ebri q\u00eb zgjuaji me afro 20 mij\u00eb insekte t\u00eb zem\u00ebrohej\u2026","rel":"","context":"In &quot;Blogu i Udh\u00ebtarit&quot;","block_context":{"text":"Blogu i Udh\u00ebtarit","link":"https:\/\/www.shqiperia.com\/blog\/category\/blogu-i-udhetarit\/"},"img":{"alt_text":"","src":"https:\/\/i0.wp.com\/www.shqiperia.com\/blog\/wp-content\/uploads\/2019\/03\/BBUFktS-640x912-Copy.jpg?fit=640%2C383&ssl=1&resize=350%2C200","width":350,"height":200,"srcset":"https:\/\/i0.wp.com\/www.shqiperia.com\/blog\/wp-content\/uploads\/2019\/03\/BBUFktS-640x912-Copy.jpg?fit=640%2C383&ssl=1&resize=350%2C200 1x, https:\/\/i0.wp.com\/www.shqiperia.com\/blog\/wp-content\/uploads\/2019\/03\/BBUFktS-640x912-Copy.jpg?fit=640%2C383&ssl=1&resize=525%2C300 1.5x"},"classes":[]}],"_links":{"self":[{"href":"https:\/\/www.shqiperia.com\/blog\/wp-json\/wp\/v2\/posts\/97012","targetHints":{"allow":["GET"]}}],"collection":[{"href":"https:\/\/www.shqiperia.com\/blog\/wp-json\/wp\/v2\/posts"}],"about":[{"href":"https:\/\/www.shqiperia.com\/blog\/wp-json\/wp\/v2\/types\/post"}],"author":[{"embeddable":true,"href":"https:\/\/www.shqiperia.com\/blog\/wp-json\/wp\/v2\/users\/9"}],"replies":[{"embeddable":true,"href":"https:\/\/www.shqiperia.com\/blog\/wp-json\/wp\/v2\/comments?post=97012"}],"version-history":[{"count":1,"href":"https:\/\/www.shqiperia.com\/blog\/wp-json\/wp\/v2\/posts\/97012\/revisions"}],"predecessor-version":[{"id":97014,"href":"https:\/\/www.shqiperia.com\/blog\/wp-json\/wp\/v2\/posts\/97012\/revisions\/97014"}],"wp:featuredmedia":[{"embeddable":true,"href":"https:\/\/www.shqiperia.com\/blog\/wp-json\/wp\/v2\/media\/97013"}],"wp:attachment":[{"href":"https:\/\/www.shqiperia.com\/blog\/wp-json\/wp\/v2\/media?parent=97012"}],"wp:term":[{"taxonomy":"category","embeddable":true,"href":"https:\/\/www.shqiperia.com\/blog\/wp-json\/wp\/v2\/categories?post=97012"},{"taxonomy":"post_tag","embeddable":true,"href":"https:\/\/www.shqiperia.com\/blog\/wp-json\/wp\/v2\/tags?post=97012"}],"curies":[{"name":"wp","href":"https:\/\/api.w.org\/{rel}","templated":true}]}}