{"id":97009,"date":"2026-01-27T12:43:48","date_gmt":"2026-01-27T12:43:48","guid":{"rendered":"https:\/\/www.shqiperia.com\/blog\/?p=97009"},"modified":"2026-01-27T12:43:48","modified_gmt":"2026-01-27T12:43:48","slug":"ish-punonjesi-i-aku-se-zbulon-bakteret-e-rrezikshme-ne-akullore-ne-tregun-shqiptar","status":"publish","type":"post","link":"https:\/\/www.shqiperia.com\/blog\/ish-punonjesi-i-aku-se-zbulon-bakteret-e-rrezikshme-ne-akullore-ne-tregun-shqiptar\/","title":{"rendered":"Ish-punonj\u00ebsi i AKU-s\u00eb zbulon bakteret e rrezikshme n\u00eb akullore n\u00eb tregun shqiptar"},"content":{"rendered":"<p><img data-recalc-dims=\"1\" loading=\"lazy\" decoding=\"async\" data-attachment-id=\"97010\" data-permalink=\"https:\/\/www.shqiperia.com\/blog\/ish-punonjesi-i-aku-se-zbulon-bakteret-e-rrezikshme-ne-akullore-ne-tregun-shqiptar\/akullore-696x430\/\" data-orig-file=\"https:\/\/i0.wp.com\/www.shqiperia.com\/blog\/wp-content\/uploads\/2026\/01\/akullore-696x430-1.jpg?fit=696%2C430&amp;ssl=1\" data-orig-size=\"696,430\" data-comments-opened=\"1\" data-image-meta=\"{&quot;aperture&quot;:&quot;0&quot;,&quot;credit&quot;:&quot;&quot;,&quot;camera&quot;:&quot;&quot;,&quot;caption&quot;:&quot;&quot;,&quot;created_timestamp&quot;:&quot;0&quot;,&quot;copyright&quot;:&quot;&quot;,&quot;focal_length&quot;:&quot;0&quot;,&quot;iso&quot;:&quot;0&quot;,&quot;shutter_speed&quot;:&quot;0&quot;,&quot;title&quot;:&quot;&quot;,&quot;orientation&quot;:&quot;0&quot;}\" data-image-title=\"akullore-696&#215;430\" data-image-description=\"\" data-image-caption=\"\" data-medium-file=\"https:\/\/i0.wp.com\/www.shqiperia.com\/blog\/wp-content\/uploads\/2026\/01\/akullore-696x430-1.jpg?fit=300%2C185&amp;ssl=1\" data-large-file=\"https:\/\/i0.wp.com\/www.shqiperia.com\/blog\/wp-content\/uploads\/2026\/01\/akullore-696x430-1.jpg?fit=696%2C430&amp;ssl=1\" class=\"alignnone  wp-image-97010\" alt=\"\" src=\"https:\/\/i0.wp.com\/www.shqiperia.com\/blog\/wp-content\/uploads\/2026\/01\/akullore-696x430-1.jpg?resize=670%2C413&#038;ssl=1\" width=\"670\" height=\"413\" srcset=\"https:\/\/i0.wp.com\/www.shqiperia.com\/blog\/wp-content\/uploads\/2026\/01\/akullore-696x430-1.jpg?resize=300%2C185&amp;ssl=1 300w, https:\/\/i0.wp.com\/www.shqiperia.com\/blog\/wp-content\/uploads\/2026\/01\/akullore-696x430-1.jpg?resize=450%2C278&amp;ssl=1 450w, https:\/\/i0.wp.com\/www.shqiperia.com\/blog\/wp-content\/uploads\/2026\/01\/akullore-696x430-1.jpg?resize=600%2C371&amp;ssl=1 600w, https:\/\/i0.wp.com\/www.shqiperia.com\/blog\/wp-content\/uploads\/2026\/01\/akullore-696x430-1.jpg?resize=400%2C247&amp;ssl=1 400w, https:\/\/i0.wp.com\/www.shqiperia.com\/blog\/wp-content\/uploads\/2026\/01\/akullore-696x430-1.jpg?w=696&amp;ssl=1 696w\" sizes=\"auto, (max-width: 670px) 100vw, 670px\" \/><\/p>\n<p>27 Janar 2026<\/p>\n<p>Siguria ushqimore dhe standardet q\u00eb ndjek Shqip\u00ebria n\u00eb k\u00ebt\u00eb fush\u00eb u vun\u00eb n\u00eb qend\u00ebr t\u00eb v\u00ebmendjes n\u00eb emisionin \u201cAldo Morning Show\u201d n\u00eb Tv Klan, ku i ftuar ishte Granit Sokoli, ish-punonj\u00ebs i AKU-s\u00eb.<\/p>\n<p>Duke u ndalur te problematikat serioze q\u00eb has vendi yn\u00eb, ve\u00e7an\u00ebrisht n\u00eb kuad\u00ebr t\u00eb negociatave me Bashkimin Europian, Sokoli ngriti shqet\u00ebsime t\u00eb forta mbi cil\u00ebsin\u00eb dhe kontrollin e produkteve ushqimore n\u00eb treg.<\/p>\n<p>Ai theksoi se, pavar\u00ebsisht deklaratave zyrtare apo raportimeve mediatike, \u00ebsht\u00eb e pamundur t\u00eb flitet p\u00ebr siguri t\u00eb plot\u00eb ushqimore, duke sjell\u00eb si shembuj raste konkrete nga analizat e tij nd\u00ebr vite, p\u00ebrfshir\u00eb edhe zbulimin e ngarkesave t\u00eb rrezikshme bakteriale n\u00eb akullore t\u00eb shitura n\u00eb dyqane t\u00eb njohura t\u00eb Tiran\u00ebs.<\/p>\n<p><strong>Granit Sokoli:<\/strong><span>\u00a0<\/span><em>Q\u00eb n\u00eb vitin 2020-2001, un\u00eb kam b\u00ebr\u00eb sistematikisht analiza t\u00eb produkteve ushqimore men kostot e mia. Ka qen\u00eb t\u00eb menaxhuara nga projekte t\u00eb ndryshme. Vazhdoj ta b\u00ebj akoma. Nuk mund t\u00eb jemi kurr\u00eb t\u00eb sigurt p\u00ebr at\u00eb se \u00e7far\u00eb konsumojn\u00eb, sido q\u00eb t\u00eb jet\u00eb dhe \u00e7far\u00eb do q\u00eb t\u00eb thon\u00eb mediat, \u00ebsht\u00eb e pamundur q\u00eb t\u00eb kemi nj\u00eb produkt t\u00eb sigurt. Ne i kemi rastet m\u00eb t\u00eb fundit t\u00eb ushqimit t\u00eb foshnjave, q\u00eb jan\u00eb kompani gjigande nd\u00ebrkomb\u00ebtare dhe kan\u00eb nj\u00eb seri problemesh me produktet e tyre dhe po i t\u00ebrheqin nga nj\u00eb s\u00ebr\u00eb tregjesh n\u00eb Europ\u00eb, e deri n\u00eb Kin\u00eb. N\u00ebse flasim p\u00ebr alerte nd\u00ebrkomb\u00ebtare do t\u00eb t\u00ebrhiqen se nuk ke se nga ia mban, \u00ebsht\u00eb padiskutim e pashmangshme.<\/em><\/p>\n<p><strong>Aldo:<\/strong><span>\u00a0<\/span><em>Cili \u00ebsht\u00eb rasti m\u00eb i r\u00ebnd\u00eb q\u00eb ti ke gjetur?<\/em><\/p>\n<p><strong>Granit Sokoli:<\/strong><span>\u00a0<\/span><em>Un\u00eb kam gjetur akullore me etobaktere, jan\u00eb ngarkesa mikrobike t\u00eb cilat nuk duhet q\u00eb t\u00eb jen\u00eb n\u00eb akullore bashk\u00eb me bakterin stafilokok q\u00eb vjen nga l\u00ebnda e par\u00eb, kryesisht qum\u00ebshti, por edhe uji.<\/em><\/p>\n<p><strong>Aldo:<\/strong><span>\u00a0<\/span><em>Fajin e ka kompania, apo edhe qum\u00ebshti?<\/em><\/p>\n<p><strong>Granit Sokoli:<\/strong><span>\u00a0<\/span><em>Prodhuesi! Por, k\u00ebtu nuk b\u00ebhet fjal\u00eb p\u00ebr akulloret e paketuara, por p\u00ebr ato masivet q\u00eb i gjejm\u00eb n\u00eb \u00e7do cep t\u00eb Tiran\u00ebs. Dhe un\u00eb kam gjetur jo te ambulant\u00ebt q\u00eb l\u00ebviz, por tek dyqanet q\u00eb jan\u00eb nd\u00ebr m\u00eb t\u00eb njohurat n\u00eb Tiran\u00eb. Pes\u00eb analiza me probleme. Akulloret kan\u00eb rezultuar me probleme, djathi q\u00eb kam analizuar po ashtu ka rezultuar me listeria.<\/em><\/p>\n<p><em><strong>tvklan.al<\/strong><\/em><\/p>\n","protected":false},"excerpt":{"rendered":"<p>27 Janar 2026 Siguria ushqimore dhe standardet q\u00eb ndjek Shqip\u00ebria n\u00eb k\u00ebt\u00eb fush\u00eb u vun\u00eb n\u00eb qend\u00ebr t\u00eb v\u00ebmendjes n\u00eb emisionin \u201cAldo Morning Show\u201d n\u00eb Tv Klan, ku i ftuar ishte Granit Sokoli, ish-punonj\u00ebs i AKU-s\u00eb. Duke u ndalur te problematikat serioze q\u00eb has vendi yn\u00eb, ve\u00e7an\u00ebrisht n\u00eb kuad\u00ebr t\u00eb negociatave me Bashkimin Europian, Sokoli [&hellip;]<\/p>\n","protected":false},"author":9,"featured_media":97010,"comment_status":"open","ping_status":"open","sticky":false,"template":"","format":"standard","meta":{"jetpack_post_was_ever_published":false,"_jetpack_newsletter_access":"","_jetpack_dont_email_post_to_subs":false,"_jetpack_newsletter_tier_id":0,"_jetpack_memberships_contains_paywalled_content":false,"_jetpack_memberships_contains_paid_content":false,"footnotes":"","jetpack_publicize_message":"","jetpack_publicize_feature_enabled":true,"jetpack_social_post_already_shared":true,"jetpack_social_options":{"image_generator_settings":{"template":"highway","default_image_id":0,"font":"","enabled":false},"version":2}},"categories":[27,1,2,35],"tags":[],"class_list":["post-97009","post","type-post","status-publish","format-standard","has-post-thumbnail","hentry","category-blogu-i-udhetarit","category-njoftime-shtypi","category-politika","category-shoqerore"],"jetpack_publicize_connections":[],"jetpack_featured_media_url":"https:\/\/i0.wp.com\/www.shqiperia.com\/blog\/wp-content\/uploads\/2026\/01\/akullore-696x430-1.jpg?fit=696%2C430&ssl=1","jetpack_sharing_enabled":true,"jetpack_shortlink":"https:\/\/wp.me\/p5Z6wp-peF","jetpack-related-posts":[{"id":49127,"url":"https:\/\/www.shqiperia.com\/blog\/lende-te-rrezikshme-ne-akullore-dhe-cokollata-aku-kerkon-asgjesimin-e-36-tone-akullore-bounty-snickers-dhe-twix\/","url_meta":{"origin":97009,"position":0},"title":"L\u00ebnd\u00eb t\u00eb rrezikshme n\u00eb akullore dhe \u00e7okollata! &#8211; AKU k\u00ebrkon asgj\u00ebsimin e 36 ton\u00eb akullore &#8220;Bounty&#8221;, &#8220;Snickers&#8221; dhe &#8220;Twix&#8221;","author":"Kurt Farka","date":"August 13, 2021","format":false,"excerpt":"L\u00ebnd\u00eb t\u00eb rrezikshme n\u00eb akullore dhe \u00e7okollata! - AKU k\u00ebrkon asgj\u00ebsimin e 36 ton\u00eb akullore \"Bounty\", \"Snickers\" dhe \"Twix\" 13 GUSHT 2021 N\u00eb \u00e7okollatat dhe akulloret e kompanis\u00eb \u201cMars\u201d \u00ebsht\u00eb konstatuar oksid etileni, nj\u00eb substanc\u00eb shum\u00eb e rrezikshme p\u00ebr sh\u00ebndetin e konsumator\u00ebve. Nga kjo e premte nuk do t`i shihni\u2026","rel":"","context":"In &quot;Blogu i Udh\u00ebtarit&quot;","block_context":{"text":"Blogu i Udh\u00ebtarit","link":"https:\/\/www.shqiperia.com\/blog\/category\/blogu-i-udhetarit\/"},"img":{"alt_text":"","src":"https:\/\/i0.wp.com\/www.shqiperia.com\/blog\/wp-content\/uploads\/2021\/08\/640-0-6116d66961dd4.jpg?fit=640%2C355&ssl=1&resize=350%2C200","width":350,"height":200,"srcset":"https:\/\/i0.wp.com\/www.shqiperia.com\/blog\/wp-content\/uploads\/2021\/08\/640-0-6116d66961dd4.jpg?fit=640%2C355&ssl=1&resize=350%2C200 1x, https:\/\/i0.wp.com\/www.shqiperia.com\/blog\/wp-content\/uploads\/2021\/08\/640-0-6116d66961dd4.jpg?fit=640%2C355&ssl=1&resize=525%2C300 1.5x"},"classes":[]},{"id":59013,"url":"https:\/\/www.shqiperia.com\/blog\/prof-ramadan-sokoli-102-vjetori-i-lindjes-nje-nga-studiuesit-me-te-shquar-te-etnokultures-trashegimise-dhe-qyteterimit-iliro-arberor\/","url_meta":{"origin":97009,"position":1},"title":"Prof. Ramadan Sokoli, 102 vjetori i lindjes \u2013 Nj\u00eb nga studiuesit m\u00eb t\u00eb shquar t\u00eb etnokultur\u00ebs, trash\u00ebgimis\u00eb dhe qytet\u00ebrimit Iliro-arb\u00ebror","author":"Kurt Farka","date":"June 14, 2022","format":false,"excerpt":"Prof. Ramadan Sokoli, 102 vjetori i lindjes \u2013 Nj\u00eb nga studiuesit m\u00eb t\u00eb shquar t\u00eb etnokultur\u00ebs, trash\u00ebgimis\u00eb dhe qytet\u00ebrimit Iliro-arb\u00ebror Nga Gazeta BOTA SOT, Prishtine. NGA: JAHO BRAHAJ Fotografi q\u00eb publikohet p\u00ebr her\u00eb t\u00eb par\u00eb pas 24 vitesh Ramadan Sokoli (14 qershor 1920 - 12 mars 2008) Ramadan Sokoli (14\u2026","rel":"","context":"In &quot;Blogu i Udh\u00ebtarit&quot;","block_context":{"text":"Blogu i Udh\u00ebtarit","link":"https:\/\/www.shqiperia.com\/blog\/category\/blogu-i-udhetarit\/"},"img":{"alt_text":"","src":"https:\/\/i0.wp.com\/www.shqiperia.com\/blog\/wp-content\/uploads\/2022\/06\/Prof.-Ramadan-Sokoli-102-vjetori-i-lindjes-%E2%80%93-Nje-nga-studiuesit-me-te-shquar-te-etnokultures-trashegimise-dhe-qyteterimit-Iliro-arberor.jpg?fit=720%2C446&ssl=1&resize=350%2C200","width":350,"height":200,"srcset":"https:\/\/i0.wp.com\/www.shqiperia.com\/blog\/wp-content\/uploads\/2022\/06\/Prof.-Ramadan-Sokoli-102-vjetori-i-lindjes-%E2%80%93-Nje-nga-studiuesit-me-te-shquar-te-etnokultures-trashegimise-dhe-qyteterimit-Iliro-arberor.jpg?fit=720%2C446&ssl=1&resize=350%2C200 1x, https:\/\/i0.wp.com\/www.shqiperia.com\/blog\/wp-content\/uploads\/2022\/06\/Prof.-Ramadan-Sokoli-102-vjetori-i-lindjes-%E2%80%93-Nje-nga-studiuesit-me-te-shquar-te-etnokultures-trashegimise-dhe-qyteterimit-Iliro-arberor.jpg?fit=720%2C446&ssl=1&resize=525%2C300 1.5x, https:\/\/i0.wp.com\/www.shqiperia.com\/blog\/wp-content\/uploads\/2022\/06\/Prof.-Ramadan-Sokoli-102-vjetori-i-lindjes-%E2%80%93-Nje-nga-studiuesit-me-te-shquar-te-etnokultures-trashegimise-dhe-qyteterimit-Iliro-arberor.jpg?fit=720%2C446&ssl=1&resize=700%2C400 2x"},"classes":[]},{"id":82830,"url":"https:\/\/www.shqiperia.com\/blog\/kreu-i-klsh-akulloret-e-kontaminuara-me-oksid-etileni-u-tregtuan-ne-2021-jane-konsumuar-13-2-ton\/","url_meta":{"origin":97009,"position":2},"title":"Kreu i KLSH: Akulloret e kontaminuara me Oksid Etileni u tregtuan n\u00eb 2021, jan\u00eb konsumuar 13.2 ton","author":"Kurt Farka","date":"July 17, 2024","format":false,"excerpt":"17 Korrik 2024 Kreu i KLSH, Arben Shehu ka ngritur 'alarmin' n\u00eb Komisionin e Ekonomis\u00eb dhe Financave, nd\u00ebrsa zbuloi se n\u00eb Shqip\u00ebri jan\u00eb treguar akullore t\u00eb kontaminuara me Oksid Etileni q\u00eb shkaktojn\u00eb kancer, leucemi dhe ndikojn\u00eb n\u00eb aft\u00ebsin\u00eb riprodhuese tek meshkujt. Shehu tha se auditimi i vitit 2021 konstatoi se\u2026","rel":"","context":"In &quot;Blogu i Udh\u00ebtarit&quot;","block_context":{"text":"Blogu i Udh\u00ebtarit","link":"https:\/\/www.shqiperia.com\/blog\/category\/blogu-i-udhetarit\/"},"img":{"alt_text":"","src":"https:\/\/i0.wp.com\/www.shqiperia.com\/blog\/wp-content\/uploads\/2024\/07\/serttttt.jpg?fit=780%2C440&ssl=1&resize=350%2C200","width":350,"height":200,"srcset":"https:\/\/i0.wp.com\/www.shqiperia.com\/blog\/wp-content\/uploads\/2024\/07\/serttttt.jpg?fit=780%2C440&ssl=1&resize=350%2C200 1x, https:\/\/i0.wp.com\/www.shqiperia.com\/blog\/wp-content\/uploads\/2024\/07\/serttttt.jpg?fit=780%2C440&ssl=1&resize=525%2C300 1.5x, https:\/\/i0.wp.com\/www.shqiperia.com\/blog\/wp-content\/uploads\/2024\/07\/serttttt.jpg?fit=780%2C440&ssl=1&resize=700%2C400 2x"},"classes":[]},{"id":35895,"url":"https:\/\/www.shqiperia.com\/blog\/ramadan-sokoli-personalitet-ne-fushen-e-muzikes-shqiptare\/","url_meta":{"origin":97009,"position":3},"title":"Ramadan Sokoli; &#8211; personalitet n\u00eb fush\u00ebn e muzik\u00ebs shqiptare","author":"Kurt Farka","date":"June 21, 2020","format":false,"excerpt":"Ramadan Sokoli; - personalitet n\u00eb fush\u00ebn e muzik\u00ebs shqiptare 20 Qershor 2020 Ramadan Sokoli etnomuzikolog, muzikant dhe kompozitor, vler\u00ebsohet si nj\u00eb nga studiuesit m\u00eb t\u00eb dalluar t\u00eb muzik\u00ebs shqiptare dhe ballkanike. Ramadan Sokoli lindi n\u00eb qershor t\u00eb 1920 n\u00eb Shkod\u00ebr. Me rastin e 100-vjetorit t\u00eb vjetorit t\u00eb lindjes t\u00eb studiuesit\u2026","rel":"","context":"In &quot;Blogu i Udh\u00ebtarit&quot;","block_context":{"text":"Blogu i Udh\u00ebtarit","link":"https:\/\/www.shqiperia.com\/blog\/category\/blogu-i-udhetarit\/"},"img":{"alt_text":"","src":"https:\/\/i0.wp.com\/www.shqiperia.com\/blog\/wp-content\/uploads\/2020\/06\/Ramadan-Sokoli.jpg?fit=800%2C463&ssl=1&resize=350%2C200","width":350,"height":200,"srcset":"https:\/\/i0.wp.com\/www.shqiperia.com\/blog\/wp-content\/uploads\/2020\/06\/Ramadan-Sokoli.jpg?fit=800%2C463&ssl=1&resize=350%2C200 1x, https:\/\/i0.wp.com\/www.shqiperia.com\/blog\/wp-content\/uploads\/2020\/06\/Ramadan-Sokoli.jpg?fit=800%2C463&ssl=1&resize=525%2C300 1.5x, https:\/\/i0.wp.com\/www.shqiperia.com\/blog\/wp-content\/uploads\/2020\/06\/Ramadan-Sokoli.jpg?fit=800%2C463&ssl=1&resize=700%2C400 2x"},"classes":[]},{"id":23324,"url":"https:\/\/www.shqiperia.com\/blog\/kam-folur-kunder-pushtetit-popullor-por-nuk-jam-spiune-historia-prekese-e-sopranos-si-u-arrestua-nga-ish-sigurimi-i-shtetit-per-lidhje-me\/","url_meta":{"origin":97009,"position":4},"title":"\u201cKam folur kund\u00ebr pushtetit popullor, por nuk jam spiune\u201d, historia prek\u00ebse e sopranos. Si u arrestua nga ish-sigurimi i Shtetit p\u00ebr lidhje me\u2026","author":"Kurt Farka","date":"July 20, 2019","format":false,"excerpt":"\u201cKam folur kund\u00ebr pushtetit popullor, por nuk jam spiune\u201d, historia prek\u00ebse e sopranos. Si u arrestua nga ish-sigurimi i Shtetit p\u00ebr lidhje me\u2026 Jul 20, 2019 Ishte pranver\u00eb, nj\u00eb dit\u00eb maji n\u00eb vitin 1947, kur u ndal nj\u00eb melodi. N\u00ebp\u00ebr sallat modeste t\u00eb radio-Tiran\u00ebs, u shua z\u00ebri. \u201cKan\u00eb arrestuar sopranon\u201d,\u2026","rel":"","context":"In &quot;Arte&quot;","block_context":{"text":"Arte","link":"https:\/\/www.shqiperia.com\/blog\/category\/arte\/"},"img":{"alt_text":"","src":"https:\/\/i0.wp.com\/www.shqiperia.com\/blog\/wp-content\/uploads\/2019\/07\/MErita-sokoli-burgu.jpg?fit=600%2C400&ssl=1&resize=350%2C200","width":350,"height":200,"srcset":"https:\/\/i0.wp.com\/www.shqiperia.com\/blog\/wp-content\/uploads\/2019\/07\/MErita-sokoli-burgu.jpg?fit=600%2C400&ssl=1&resize=350%2C200 1x, https:\/\/i0.wp.com\/www.shqiperia.com\/blog\/wp-content\/uploads\/2019\/07\/MErita-sokoli-burgu.jpg?fit=600%2C400&ssl=1&resize=525%2C300 1.5x"},"classes":[]},{"id":43011,"url":"https:\/\/www.shqiperia.com\/blog\/te-prekur-nga-koronavirusi-jo-vetem-njerezit-rreth-5000-kuti-me-kete-produkt-ushqimor-te-prodhuar-ne-kine-rezultojne-te-kontaminuara-me-covid-19\/","url_meta":{"origin":97009,"position":5},"title":"T\u00eb prekur nga koronavirusi jo vet\u00ebm njer\u00ebzit, rreth 5000 kuti me k\u00ebt\u00eb produkt ushqimor t\u00eb prodhuar n\u00eb Kin\u00eb rezultojn\u00eb t\u00eb kontaminuara me COVID-19","author":"Kurt Farka","date":"January 17, 2021","format":false,"excerpt":"T\u00eb prekur nga koronavirusi jo vet\u00ebm njer\u00ebzit, rreth 5000 kuti me k\u00ebt\u00eb produkt ushqimor t\u00eb prodhuar n\u00eb Kin\u00eb rezultojn\u00eb t\u00eb kontaminuara me COVID-19 17 JANAR 2021 Covid-19 nuk gjendet vet\u00ebm te njer\u00ebzit, por tanim\u00eb edhe n\u00eb nj\u00eb akullore n\u00eb Kin\u00eb, q\u00eb askush nuk d\u00ebshiron ta provoj\u00eb. Gjat\u00eb testimit rutinor t\u00eb\u2026","rel":"","context":"In &quot;Blogu i Udh\u00ebtarit&quot;","block_context":{"text":"Blogu i Udh\u00ebtarit","link":"https:\/\/www.shqiperia.com\/blog\/category\/blogu-i-udhetarit\/"},"img":{"alt_text":"","src":"https:\/\/i0.wp.com\/www.shqiperia.com\/blog\/wp-content\/uploads\/2021\/01\/640-0-6003ff2e0af5d.jpg?fit=640%2C346&ssl=1&resize=350%2C200","width":350,"height":200,"srcset":"https:\/\/i0.wp.com\/www.shqiperia.com\/blog\/wp-content\/uploads\/2021\/01\/640-0-6003ff2e0af5d.jpg?fit=640%2C346&ssl=1&resize=350%2C200 1x, https:\/\/i0.wp.com\/www.shqiperia.com\/blog\/wp-content\/uploads\/2021\/01\/640-0-6003ff2e0af5d.jpg?fit=640%2C346&ssl=1&resize=525%2C300 1.5x"},"classes":[]}],"_links":{"self":[{"href":"https:\/\/www.shqiperia.com\/blog\/wp-json\/wp\/v2\/posts\/97009","targetHints":{"allow":["GET"]}}],"collection":[{"href":"https:\/\/www.shqiperia.com\/blog\/wp-json\/wp\/v2\/posts"}],"about":[{"href":"https:\/\/www.shqiperia.com\/blog\/wp-json\/wp\/v2\/types\/post"}],"author":[{"embeddable":true,"href":"https:\/\/www.shqiperia.com\/blog\/wp-json\/wp\/v2\/users\/9"}],"replies":[{"embeddable":true,"href":"https:\/\/www.shqiperia.com\/blog\/wp-json\/wp\/v2\/comments?post=97009"}],"version-history":[{"count":1,"href":"https:\/\/www.shqiperia.com\/blog\/wp-json\/wp\/v2\/posts\/97009\/revisions"}],"predecessor-version":[{"id":97011,"href":"https:\/\/www.shqiperia.com\/blog\/wp-json\/wp\/v2\/posts\/97009\/revisions\/97011"}],"wp:featuredmedia":[{"embeddable":true,"href":"https:\/\/www.shqiperia.com\/blog\/wp-json\/wp\/v2\/media\/97010"}],"wp:attachment":[{"href":"https:\/\/www.shqiperia.com\/blog\/wp-json\/wp\/v2\/media?parent=97009"}],"wp:term":[{"taxonomy":"category","embeddable":true,"href":"https:\/\/www.shqiperia.com\/blog\/wp-json\/wp\/v2\/categories?post=97009"},{"taxonomy":"post_tag","embeddable":true,"href":"https:\/\/www.shqiperia.com\/blog\/wp-json\/wp\/v2\/tags?post=97009"}],"curies":[{"name":"wp","href":"https:\/\/api.w.org\/{rel}","templated":true}]}}