{"id":97005,"date":"2026-01-27T12:39:01","date_gmt":"2026-01-27T12:39:01","guid":{"rendered":"https:\/\/www.shqiperia.com\/blog\/?p=97005"},"modified":"2026-01-27T12:39:01","modified_gmt":"2026-01-27T12:39:01","slug":"dorezoni-imunitetin-e-hajduteve-qytetaret-paralajmerojne-protesta-para-kryesise-se-kuvendit-keshilli-i-mandateve-vendos-per-ballukun-spak-kerkon-ta-arrestoje","status":"publish","type":"post","link":"https:\/\/www.shqiperia.com\/blog\/dorezoni-imunitetin-e-hajduteve-qytetaret-paralajmerojne-protesta-para-kryesise-se-kuvendit-keshilli-i-mandateve-vendos-per-ballukun-spak-kerkon-ta-arrestoje\/","title":{"rendered":"\u201cDor\u00ebzoni imunitetin e hajdut\u00ebve\u201d- Qytetar\u00ebt paralajm\u00ebrojn\u00eb protesta para kryesis\u00eb s\u00eb Kuvendit! K\u00ebshilli i Mandateve vendos p\u00ebr Ballukun, SPAK k\u00ebrkon ta arrestoj\u00eb"},"content":{"rendered":"<p><img data-recalc-dims=\"1\" loading=\"lazy\" decoding=\"async\" data-attachment-id=\"97006\" data-permalink=\"https:\/\/www.shqiperia.com\/blog\/dorezoni-imunitetin-e-hajduteve-qytetaret-paralajmerojne-protesta-para-kryesise-se-kuvendit-keshilli-i-mandateve-vendos-per-ballukun-spak-kerkon-ta-arrestoje\/proteste-neser\/\" data-orig-file=\"https:\/\/i0.wp.com\/www.shqiperia.com\/blog\/wp-content\/uploads\/2026\/01\/proteste-neser.jpg?fit=654%2C541&amp;ssl=1\" data-orig-size=\"654,541\" data-comments-opened=\"1\" data-image-meta=\"{&quot;aperture&quot;:&quot;0&quot;,&quot;credit&quot;:&quot;&quot;,&quot;camera&quot;:&quot;&quot;,&quot;caption&quot;:&quot;&quot;,&quot;created_timestamp&quot;:&quot;0&quot;,&quot;copyright&quot;:&quot;&quot;,&quot;focal_length&quot;:&quot;0&quot;,&quot;iso&quot;:&quot;0&quot;,&quot;shutter_speed&quot;:&quot;0&quot;,&quot;title&quot;:&quot;&quot;,&quot;orientation&quot;:&quot;0&quot;}\" data-image-title=\"proteste-neser\" data-image-description=\"\" data-image-caption=\"\" data-medium-file=\"https:\/\/i0.wp.com\/www.shqiperia.com\/blog\/wp-content\/uploads\/2026\/01\/proteste-neser.jpg?fit=300%2C248&amp;ssl=1\" data-large-file=\"https:\/\/i0.wp.com\/www.shqiperia.com\/blog\/wp-content\/uploads\/2026\/01\/proteste-neser.jpg?fit=654%2C541&amp;ssl=1\" class=\"alignnone  wp-image-97006\" alt=\"\" src=\"https:\/\/i0.wp.com\/www.shqiperia.com\/blog\/wp-content\/uploads\/2026\/01\/proteste-neser.jpg?resize=636%2C526&#038;ssl=1\" width=\"636\" height=\"526\" srcset=\"https:\/\/i0.wp.com\/www.shqiperia.com\/blog\/wp-content\/uploads\/2026\/01\/proteste-neser.jpg?resize=300%2C248&amp;ssl=1 300w, https:\/\/i0.wp.com\/www.shqiperia.com\/blog\/wp-content\/uploads\/2026\/01\/proteste-neser.jpg?resize=450%2C372&amp;ssl=1 450w, https:\/\/i0.wp.com\/www.shqiperia.com\/blog\/wp-content\/uploads\/2026\/01\/proteste-neser.jpg?resize=600%2C496&amp;ssl=1 600w, https:\/\/i0.wp.com\/www.shqiperia.com\/blog\/wp-content\/uploads\/2026\/01\/proteste-neser.jpg?resize=400%2C331&amp;ssl=1 400w, https:\/\/i0.wp.com\/www.shqiperia.com\/blog\/wp-content\/uploads\/2026\/01\/proteste-neser.jpg?w=654&amp;ssl=1 654w\" sizes=\"auto, (max-width: 636px) 100vw, 636px\" \/><\/p>\n<p><strong>27 Janar 2026<\/strong><\/p>\n<p><strong>Nj\u00eb grup qytetar\u00ebsh kan\u00eb paralajm\u00ebruar dit\u00ebn e nes\u00ebrme nj\u00eb protest\u00eb para kryesis\u00eb s\u00eb Kuvendit, ku do t\u00eb mblidhet K\u00ebshilli i Mandateve dhe Rregullores p\u00ebr heqjen e imunitetit t\u00eb Belinda Ballukut, p\u00ebr t\u00eb cil\u00ebn SPAK k\u00ebrkon autorizimin p\u00ebr arrestim.<\/strong><\/p>\n<p>Me sloganin \u201cDor\u00ebzoni imunitetin e hajdut\u00ebve\u201d, qytetar\u00ebt do t\u00eb mblidhen n\u00eb or\u00ebn 10:00 p\u00ebr t\u00eb k\u00ebrkuar q\u00eb K\u00ebshilli i Mandateve t\u00eb marr\u00eb vendimin p\u00ebr t\u2019i hequr imunitetin Belinda Ballukut.<\/p>\n<p>Opozita nga ana e saj ka akuzuar kryetarin e Kuvendit, Niko Peleshi se ka shkelur Rregulloren e Kuvendit me urdh\u00ebr politik t\u00eb Ram\u00ebs dhe ka penguar drejt\u00ebsin\u00eb.<\/p>\n<p>Nd\u00ebrkoh\u00eb Gjykata Kushtetuese p\u00ebrfundoi t\u00eb enjten shqyrtimin e \u00e7\u00ebshtjes p\u00ebr ligjshm\u00ebrin\u00eb e pezullimit nga detyra e zv.kryeministres dhe ministres s\u00eb Infrastruktur\u00ebs dhe Energjis\u00eb, Belinda Balluku, e cila \u00ebsht\u00eb marr\u00eb e pandehur nga Prokuroria e Posa\u00e7me, SPAK, p\u00ebr vepr\u00ebn penale t\u00eb \u201cshkeljes s\u00eb barazis\u00eb n\u00eb tendera\u201d n\u00eb disa procedura tenderimi me vler\u00eb qindra-milion\u00eb euro.<\/p>\n<p>Gjykata u vu n\u00eb l\u00ebvizje nga nj\u00eb k\u00ebrkes\u00eb e kryeministrit Edi Rama, i cili pretendoi se Gjykata e Posa\u00e7me, GJKKO, kishte nd\u00ebrhyr\u00eb n\u00eb kompetencat e tij kushtetuese me pezullimin nga funksionet ekzekutive t\u00eb bashk\u00ebpun\u00ebtores s\u00eb tij dhe se masa binte ndesh me imunitetin q\u00eb Kushtetuta u jep deputet\u00ebve dhe ministrave.<\/p>\n<p>Me t\u00eb nj\u00ebjtat argumente u paraqit\u00ebn n\u00eb seanc\u00ebs e s\u00eb enjtes para trup\u00ebs s\u00eb gjyqtar\u00ebve t\u00eb Gjykat\u00ebs Kushtetuese edhe p\u00ebrfaq\u00ebsuesit ligjor\u00eb t\u00eb Kuvendit t\u00eb Shqip\u00ebris\u00eb dhe Presidentit t\u00eb Republik\u00ebs, q\u00eb mor\u00ebn pjes\u00eb si pal\u00eb t\u00eb interesuara n\u00eb proces.<\/p>\n<p>Vendimin p\u00ebr pezullimin nga detyra t\u00eb Ballukut e mbrojt\u00ebn prokuror\u00ebt e SPAK-ut, Dritan Pren\u00e7i dhe Dorina Bejko, t\u00eb cil\u00ebt argumentuan se masa e pezullimit nga detyra nuk c\u00ebnonte kompetencat e Kryeministrit, por ishte b\u00ebr\u00eb n\u00eb favor t\u00eb interesit publik, pasi q\u00ebndrimi n\u00eb detyr\u00eb i t\u00eb pandehur\u00ebs p\u00ebrb\u00ebn rrezik p\u00ebr p\u00ebrs\u00ebritjen e krimit p\u00ebr t\u00eb cil\u00ebn akuzohet dhe helmim t\u00eb provave n\u00eb d\u00ebm t\u00eb hetimit ndaj saj.<\/p>\n<p>SPAK e konsideroi ankes\u00ebn e Kryeministrit n\u00eb Gjykat\u00eb Kushtetuese p\u00ebr t\u00eb shfuqizuar nj\u00eb mas\u00eb gjykate si nd\u00ebrhyrje n\u00eb pun\u00ebn e organeve ligjore t\u00eb drejt\u00ebsis\u00eb.<\/p>\n","protected":false},"excerpt":{"rendered":"<p>27 Janar 2026 Nj\u00eb grup qytetar\u00ebsh kan\u00eb paralajm\u00ebruar dit\u00ebn e nes\u00ebrme nj\u00eb protest\u00eb para kryesis\u00eb s\u00eb Kuvendit, ku do t\u00eb mblidhet K\u00ebshilli i Mandateve dhe Rregullores p\u00ebr heqjen e imunitetit t\u00eb Belinda Ballukut, p\u00ebr t\u00eb cil\u00ebn SPAK k\u00ebrkon autorizimin p\u00ebr arrestim. Me sloganin \u201cDor\u00ebzoni imunitetin e hajdut\u00ebve\u201d, qytetar\u00ebt do t\u00eb mblidhen n\u00eb or\u00ebn 10:00 p\u00ebr [&hellip;]<\/p>\n","protected":false},"author":9,"featured_media":97006,"comment_status":"open","ping_status":"open","sticky":false,"template":"","format":"standard","meta":{"jetpack_post_was_ever_published":false,"_jetpack_newsletter_access":"","_jetpack_dont_email_post_to_subs":false,"_jetpack_newsletter_tier_id":0,"_jetpack_memberships_contains_paywalled_content":false,"_jetpack_memberships_contains_paid_content":false,"footnotes":"","jetpack_publicize_message":"","jetpack_publicize_feature_enabled":true,"jetpack_social_post_already_shared":true,"jetpack_social_options":{"image_generator_settings":{"template":"highway","default_image_id":0,"font":"","enabled":false},"version":2}},"categories":[27,1,2],"tags":[],"class_list":["post-97005","post","type-post","status-publish","format-standard","has-post-thumbnail","hentry","category-blogu-i-udhetarit","category-njoftime-shtypi","category-politika"],"jetpack_publicize_connections":[],"jetpack_featured_media_url":"https:\/\/i0.wp.com\/www.shqiperia.com\/blog\/wp-content\/uploads\/2026\/01\/proteste-neser.jpg?fit=654%2C541&ssl=1","jetpack_sharing_enabled":true,"jetpack_shortlink":"https:\/\/wp.me\/p5Z6wp-peB","jetpack-related-posts":[{"id":96550,"url":"https:\/\/www.shqiperia.com\/blog\/spak-kerkon-arrestimin-e-ballukut-kuvendi-ne-28-janar-mbledhja-e-keshillit-te-mandateve-dhe-imunitetit\/","url_meta":{"origin":97005,"position":0},"title":"SPAK k\u00ebrkon arrestimin e Ballukut, Kuvendi: &#8211; N\u00eb 28 janar, mbledhja e K\u00ebshillit t\u00eb Mandateve dhe Imunitetit","author":"Kurt Farka","date":"January 13, 2026","format":false,"excerpt":"13 Janar 2026 K\u00ebshilli p\u00ebr Rregulloren, Mandatet dhe Imunitetet do t\u00eb mblidhet n\u00eb dat\u00ebn 28 janar ora 12:00, p\u00ebr \u00e7\u00ebshtjen \u2018Balluku\u2019. Sipas urdh\u00ebrit t\u00eb kryeparlamentarit Niko Peleshi, k\u00ebrkesa e SPAK per t\u2019i hequr imunitetin zv.kryeministres Belinda Ballukut do t\u00eb shqyrtohet nj\u00eb jav\u00eb pasi Gjykata Kushtetuese do t\u00eb ket\u00eb shqyrtuar ankimimin\u2026","rel":"","context":"In &quot;Blogu i Udh\u00ebtarit&quot;","block_context":{"text":"Blogu i Udh\u00ebtarit","link":"https:\/\/www.shqiperia.com\/blog\/category\/blogu-i-udhetarit\/"},"img":{"alt_text":"","src":"https:\/\/i0.wp.com\/www.shqiperia.com\/blog\/wp-content\/uploads\/2026\/01\/images-1.jpg?resize=350%2C200&ssl=1","width":350,"height":200,"srcset":"https:\/\/i0.wp.com\/www.shqiperia.com\/blog\/wp-content\/uploads\/2026\/01\/images-1.jpg?resize=350%2C200&ssl=1 1x, https:\/\/i0.wp.com\/www.shqiperia.com\/blog\/wp-content\/uploads\/2026\/01\/images-1.jpg?resize=525%2C300&ssl=1 1.5x"},"classes":[]},{"id":97101,"url":"https:\/\/www.shqiperia.com\/blog\/spak-ka-regjistruar-procedimin-penal-ndaj-kryetarit-te-kuvendit-per-mos-mbledhjen-e-keshillit-te-mandateve\/","url_meta":{"origin":97005,"position":1},"title":"SPAK ka regjistruar procedimin penal ndaj Kryetarit te Kuvendit, p\u00ebr mos mbledhjen e k\u00ebshillit t\u00eb mandateve.","author":"Kurt Farka","date":"January 29, 2026","format":false,"excerpt":"29 Janar 2026 Konferenca e Kryetar\u00ebve u p\u00ebrfshi sot nga debate mes opozit\u00ebs he maxhoranc\u00ebs p\u00ebr c\u00ebshtjen e shtyrjes s\u00eb mbledhjes s\u00eb k\u00ebshillit t\u00eb mantave q\u00eb do shqyrtonte k\u00ebrk\u00ebs\u00ebn e spak p\u00ebr imunitetin e Ballukut. N\u00eb debat e sip\u00ebr, Gazment Bardhi njoftoi Konferencen e Kryetareve se SPAK ka regjistruar procedimin\u2026","rel":"","context":"In &quot;Blogu i Udh\u00ebtarit&quot;","block_context":{"text":"Blogu i Udh\u00ebtarit","link":"https:\/\/www.shqiperia.com\/blog\/category\/blogu-i-udhetarit\/"},"img":{"alt_text":"","src":"https:\/\/i0.wp.com\/www.shqiperia.com\/blog\/wp-content\/uploads\/2026\/01\/Niko-Peleshi.webp?fit=1200%2C675&ssl=1&resize=350%2C200","width":350,"height":200,"srcset":"https:\/\/i0.wp.com\/www.shqiperia.com\/blog\/wp-content\/uploads\/2026\/01\/Niko-Peleshi.webp?fit=1200%2C675&ssl=1&resize=350%2C200 1x, https:\/\/i0.wp.com\/www.shqiperia.com\/blog\/wp-content\/uploads\/2026\/01\/Niko-Peleshi.webp?fit=1200%2C675&ssl=1&resize=525%2C300 1.5x, https:\/\/i0.wp.com\/www.shqiperia.com\/blog\/wp-content\/uploads\/2026\/01\/Niko-Peleshi.webp?fit=1200%2C675&ssl=1&resize=700%2C400 2x, https:\/\/i0.wp.com\/www.shqiperia.com\/blog\/wp-content\/uploads\/2026\/01\/Niko-Peleshi.webp?fit=1200%2C675&ssl=1&resize=1050%2C600 3x"},"classes":[]},{"id":95691,"url":"https:\/\/www.shqiperia.com\/blog\/i-gjati-ne-spak-per-drejtesi-deri-ne-fund-pankartat-me-mesazhet-pikante-nga-protesta-e-shehajt\/","url_meta":{"origin":97005,"position":2},"title":"\u201cI gjati n\u00eb SPAK\u201d, \u201cP\u00ebr drejt\u00ebsi deri n\u00eb fund\u201d, pankartat me mesazhet pikante nga protesta e Shehajt","author":"Kurt Farka","date":"December 19, 2025","format":false,"excerpt":"19 Dhjetor 2025 Ashtu si\u00e7 ishte paralajm\u00ebruar, ka nisur protesta e Partis\u00eb Mund\u00ebsia, n\u00eb Kryesin\u00eb e Kuvendit, ku do t\u00eb mbahet dhe mbledhja e K\u00ebshillit t\u00eb Mandateve, ku do t\u00eb diskutohet p\u00ebr imunitetin e Belinda Ballukut, p\u00ebr t\u00eb cil\u00ebn SPAK k\u00ebrkon arrestimin e saj Si\u00e7 shihet nga pamjet, p\u00ebrfaq\u00ebsues dhe\u2026","rel":"","context":"In &quot;Blogu i Udh\u00ebtarit&quot;","block_context":{"text":"Blogu i Udh\u00ebtarit","link":"https:\/\/www.shqiperia.com\/blog\/category\/blogu-i-udhetarit\/"},"img":{"alt_text":"","src":"https:\/\/i0.wp.com\/www.shqiperia.com\/blog\/wp-content\/uploads\/2025\/12\/ramaaaretertyeryryr-e1742811957319.jpg?fit=751%2C411&ssl=1&resize=350%2C200","width":350,"height":200,"srcset":"https:\/\/i0.wp.com\/www.shqiperia.com\/blog\/wp-content\/uploads\/2025\/12\/ramaaaretertyeryryr-e1742811957319.jpg?fit=751%2C411&ssl=1&resize=350%2C200 1x, https:\/\/i0.wp.com\/www.shqiperia.com\/blog\/wp-content\/uploads\/2025\/12\/ramaaaretertyeryryr-e1742811957319.jpg?fit=751%2C411&ssl=1&resize=525%2C300 1.5x, https:\/\/i0.wp.com\/www.shqiperia.com\/blog\/wp-content\/uploads\/2025\/12\/ramaaaretertyeryryr-e1742811957319.jpg?fit=751%2C411&ssl=1&resize=700%2C400 2x"},"classes":[]},{"id":95656,"url":"https:\/\/www.shqiperia.com\/blog\/provat-sekrete-te-spak-per-ballukun-ne-kasaforten-e-kuvendit-peleshi-do-hapen-ne-pranine-e-prokurorit-pd-duam-usb-ne-ja-strategjia-e-ps-ne-mbledhjen-e-keshillit\/","url_meta":{"origin":97005,"position":3},"title":"Provat sekrete t\u00eb SPAK p\u00ebr Ballukun n\u00eb kasafort\u00ebn e Kuvendit, Peleshi: &#8211; Do hapen n\u00eb pranin\u00eb e prokurorit. PD: Duam USB-n\u00eb. Ja strategjia e PS n\u00eb mbledhjen e K\u00ebshillit","author":"Kurt Farka","date":"December 17, 2025","format":false,"excerpt":"17 Dhjetor 2025 Nga: Top Channel I vetmi dokument i b\u00ebr\u00eb publik deri m\u00eb tani me firm\u00ebn e Altin Dumanit d\u00ebrguar Kuvendit, \u00ebsht\u00eb ai ku k\u00ebrkohet autorizim p\u00ebr arrestimin e numrit dy t\u00eb qeveris\u00eb, zv.kryeministres Belinda Balluku. Por krahas k\u00ebtij dokumenti. Sipas burimeve t\u00eb Top Channel, SPAK n\u00eb kryesin\u00eb e\u2026","rel":"","context":"In &quot;Blogu i Udh\u00ebtarit&quot;","block_context":{"text":"Blogu i Udh\u00ebtarit","link":"https:\/\/www.shqiperia.com\/blog\/category\/blogu-i-udhetarit\/"},"img":{"alt_text":"","src":"https:\/\/i0.wp.com\/www.shqiperia.com\/blog\/wp-content\/uploads\/2025\/12\/1765972664_belindaballukudhenikopeleshi.jpg?fit=780%2C440&ssl=1&resize=350%2C200","width":350,"height":200,"srcset":"https:\/\/i0.wp.com\/www.shqiperia.com\/blog\/wp-content\/uploads\/2025\/12\/1765972664_belindaballukudhenikopeleshi.jpg?fit=780%2C440&ssl=1&resize=350%2C200 1x, https:\/\/i0.wp.com\/www.shqiperia.com\/blog\/wp-content\/uploads\/2025\/12\/1765972664_belindaballukudhenikopeleshi.jpg?fit=780%2C440&ssl=1&resize=525%2C300 1.5x, https:\/\/i0.wp.com\/www.shqiperia.com\/blog\/wp-content\/uploads\/2025\/12\/1765972664_belindaballukudhenikopeleshi.jpg?fit=780%2C440&ssl=1&resize=700%2C400 2x"},"classes":[]},{"id":95683,"url":"https:\/\/www.shqiperia.com\/blog\/kreu-i-ri-i-spak-shkon-ne-keshillin-e-mandateve-shoqerohet-nga-dy-prokuroret-e-ceshtjes-balluku\/","url_meta":{"origin":97005,"position":4},"title":"Kreu i ri i SPAK shkon n\u00eb K\u00ebshillin e Mandateve, shoq\u00ebrohet nga dy prokuror\u00ebt e \u00e7\u00ebshtjes \u2018Balluku\u2019","author":"Kurt Farka","date":"December 19, 2025","format":false,"excerpt":"19 Dhjetor 2025 Pak para or\u00ebs 10:30 kur do t\u00eb mbahet seanca n\u00eb K\u00ebshillin e Mandateve p\u00ebr imunitetin e Belinda Ballukut, kreu i ri i SPAK Klodian Braho ka dal\u00eb nga zyra dhe i jan\u00eb drejtuar ambienteve t\u00eb Kryesis\u00eb s\u00eb Parlamentit Gazetarja Anila Hoxha raporton se ai shoq\u00ebrohet nga dy\u2026","rel":"","context":"In &quot;Blogu i Udh\u00ebtarit&quot;","block_context":{"text":"Blogu i Udh\u00ebtarit","link":"https:\/\/www.shqiperia.com\/blog\/category\/blogu-i-udhetarit\/"},"img":{"alt_text":"","src":"https:\/\/i0.wp.com\/www.shqiperia.com\/blog\/wp-content\/uploads\/2025\/12\/gfhfghfh.webp?fit=1027%2C572&ssl=1&resize=350%2C200","width":350,"height":200,"srcset":"https:\/\/i0.wp.com\/www.shqiperia.com\/blog\/wp-content\/uploads\/2025\/12\/gfhfghfh.webp?fit=1027%2C572&ssl=1&resize=350%2C200 1x, https:\/\/i0.wp.com\/www.shqiperia.com\/blog\/wp-content\/uploads\/2025\/12\/gfhfghfh.webp?fit=1027%2C572&ssl=1&resize=525%2C300 1.5x, https:\/\/i0.wp.com\/www.shqiperia.com\/blog\/wp-content\/uploads\/2025\/12\/gfhfghfh.webp?fit=1027%2C572&ssl=1&resize=700%2C400 2x"},"classes":[]},{"id":97104,"url":"https:\/\/www.shqiperia.com\/blog\/spak-ka-prova-qe-balluku-po-intimidon-deshmitaret\/","url_meta":{"origin":97005,"position":5},"title":"\u201cSPAK ka prova q\u00eb Balluku po intimidon d\u00ebshmitar\u00ebt\u201d","author":"Kurt Farka","date":"January 29, 2026","format":false,"excerpt":"29 Janar 2026 Drejtuesi i Departamentit \u201cBrainGrain\u201d n\u00eb PD, Tedi Kopliku, n\u00eb nj\u00eb lidhje me studion e News24, e ka quajtur t\u00eb pakuptimt\u00eb arsyen q\u00eb mazhoranca ka paraqitur p\u00ebr shtyrjen e mbledhjes s\u00eb K\u00ebshillit t\u00eb Mandateve p\u00ebr heqjen e imunitetit t\u00eb zv\/kryeministres Belinda Balluku. Kopliku tha se SPAK ka prova\u2026","rel":"","context":"In &quot;Blogu i Udh\u00ebtarit&quot;","block_context":{"text":"Blogu i Udh\u00ebtarit","link":"https:\/\/www.shqiperia.com\/blog\/category\/blogu-i-udhetarit\/"},"img":{"alt_text":"","src":"https:\/\/i0.wp.com\/www.shqiperia.com\/blog\/wp-content\/uploads\/2026\/01\/belinda-balluku-1.jpg?fit=800%2C482&ssl=1&resize=350%2C200","width":350,"height":200,"srcset":"https:\/\/i0.wp.com\/www.shqiperia.com\/blog\/wp-content\/uploads\/2026\/01\/belinda-balluku-1.jpg?fit=800%2C482&ssl=1&resize=350%2C200 1x, https:\/\/i0.wp.com\/www.shqiperia.com\/blog\/wp-content\/uploads\/2026\/01\/belinda-balluku-1.jpg?fit=800%2C482&ssl=1&resize=525%2C300 1.5x, https:\/\/i0.wp.com\/www.shqiperia.com\/blog\/wp-content\/uploads\/2026\/01\/belinda-balluku-1.jpg?fit=800%2C482&ssl=1&resize=700%2C400 2x"},"classes":[]}],"_links":{"self":[{"href":"https:\/\/www.shqiperia.com\/blog\/wp-json\/wp\/v2\/posts\/97005","targetHints":{"allow":["GET"]}}],"collection":[{"href":"https:\/\/www.shqiperia.com\/blog\/wp-json\/wp\/v2\/posts"}],"about":[{"href":"https:\/\/www.shqiperia.com\/blog\/wp-json\/wp\/v2\/types\/post"}],"author":[{"embeddable":true,"href":"https:\/\/www.shqiperia.com\/blog\/wp-json\/wp\/v2\/users\/9"}],"replies":[{"embeddable":true,"href":"https:\/\/www.shqiperia.com\/blog\/wp-json\/wp\/v2\/comments?post=97005"}],"version-history":[{"count":1,"href":"https:\/\/www.shqiperia.com\/blog\/wp-json\/wp\/v2\/posts\/97005\/revisions"}],"predecessor-version":[{"id":97007,"href":"https:\/\/www.shqiperia.com\/blog\/wp-json\/wp\/v2\/posts\/97005\/revisions\/97007"}],"wp:featuredmedia":[{"embeddable":true,"href":"https:\/\/www.shqiperia.com\/blog\/wp-json\/wp\/v2\/media\/97006"}],"wp:attachment":[{"href":"https:\/\/www.shqiperia.com\/blog\/wp-json\/wp\/v2\/media?parent=97005"}],"wp:term":[{"taxonomy":"category","embeddable":true,"href":"https:\/\/www.shqiperia.com\/blog\/wp-json\/wp\/v2\/categories?post=97005"},{"taxonomy":"post_tag","embeddable":true,"href":"https:\/\/www.shqiperia.com\/blog\/wp-json\/wp\/v2\/tags?post=97005"}],"curies":[{"name":"wp","href":"https:\/\/api.w.org\/{rel}","templated":true}]}}