{"id":97002,"date":"2026-01-27T12:32:39","date_gmt":"2026-01-27T12:32:39","guid":{"rendered":"https:\/\/www.shqiperia.com\/blog\/?p=97002"},"modified":"2026-01-27T12:32:39","modified_gmt":"2026-01-27T12:32:39","slug":"nje-e-katerta-e-shqiptareve-me-arsim-te-larte-jane-larguar-ja-cfare-thote-raporti-i-berzh","status":"publish","type":"post","link":"https:\/\/www.shqiperia.com\/blog\/nje-e-katerta-e-shqiptareve-me-arsim-te-larte-jane-larguar-ja-cfare-thote-raporti-i-berzh\/","title":{"rendered":"Nj\u00eb e kat\u00ebrta e shqiptar\u00ebve me arsim t\u00eb lart\u00eb jan\u00eb larguar, ja \u00e7far\u00eb thot\u00eb raporti i BERZH"},"content":{"rendered":"<div class=\"s-ct-inner\">\n<div class=\"e-ct-outer\">\n<div class=\"entry-content rbct clearfix is-highlight-shares\">\n<p><img data-recalc-dims=\"1\" loading=\"lazy\" decoding=\"async\" data-attachment-id=\"97003\" data-permalink=\"https:\/\/www.shqiperia.com\/blog\/nje-e-katerta-e-shqiptareve-me-arsim-te-larte-jane-larguar-ja-cfare-thote-raporti-i-berzh\/emigrimi-i-te-arsimuarve\/\" data-orig-file=\"https:\/\/i0.wp.com\/www.shqiperia.com\/blog\/wp-content\/uploads\/2026\/01\/emigrimi-i-te-arsimuarve.webp?fit=920%2C576&amp;ssl=1\" data-orig-size=\"920,576\" data-comments-opened=\"1\" data-image-meta=\"{&quot;aperture&quot;:&quot;0&quot;,&quot;credit&quot;:&quot;&quot;,&quot;camera&quot;:&quot;&quot;,&quot;caption&quot;:&quot;&quot;,&quot;created_timestamp&quot;:&quot;0&quot;,&quot;copyright&quot;:&quot;&quot;,&quot;focal_length&quot;:&quot;0&quot;,&quot;iso&quot;:&quot;0&quot;,&quot;shutter_speed&quot;:&quot;0&quot;,&quot;title&quot;:&quot;&quot;,&quot;orientation&quot;:&quot;0&quot;}\" data-image-title=\"emigrimi-i-te-arsimuarve\" data-image-description=\"\" data-image-caption=\"\" data-medium-file=\"https:\/\/i0.wp.com\/www.shqiperia.com\/blog\/wp-content\/uploads\/2026\/01\/emigrimi-i-te-arsimuarve.webp?fit=300%2C188&amp;ssl=1\" data-large-file=\"https:\/\/i0.wp.com\/www.shqiperia.com\/blog\/wp-content\/uploads\/2026\/01\/emigrimi-i-te-arsimuarve.webp?fit=920%2C576&amp;ssl=1\" class=\"alignnone  wp-image-97003\" alt=\"\" src=\"https:\/\/i0.wp.com\/www.shqiperia.com\/blog\/wp-content\/uploads\/2026\/01\/emigrimi-i-te-arsimuarve.webp?resize=709%2C444&#038;ssl=1\" width=\"709\" height=\"444\" srcset=\"https:\/\/i0.wp.com\/www.shqiperia.com\/blog\/wp-content\/uploads\/2026\/01\/emigrimi-i-te-arsimuarve.webp?resize=300%2C188&amp;ssl=1 300w, https:\/\/i0.wp.com\/www.shqiperia.com\/blog\/wp-content\/uploads\/2026\/01\/emigrimi-i-te-arsimuarve.webp?resize=768%2C481&amp;ssl=1 768w, https:\/\/i0.wp.com\/www.shqiperia.com\/blog\/wp-content\/uploads\/2026\/01\/emigrimi-i-te-arsimuarve.webp?resize=450%2C282&amp;ssl=1 450w, https:\/\/i0.wp.com\/www.shqiperia.com\/blog\/wp-content\/uploads\/2026\/01\/emigrimi-i-te-arsimuarve.webp?resize=600%2C376&amp;ssl=1 600w, https:\/\/i0.wp.com\/www.shqiperia.com\/blog\/wp-content\/uploads\/2026\/01\/emigrimi-i-te-arsimuarve.webp?resize=400%2C250&amp;ssl=1 400w, https:\/\/i0.wp.com\/www.shqiperia.com\/blog\/wp-content\/uploads\/2026\/01\/emigrimi-i-te-arsimuarve.webp?w=920&amp;ssl=1 920w\" sizes=\"auto, (max-width: 709px) 100vw, 709px\" \/><\/p>\n<p>27 Janar 2026<\/p>\n<p>Raporti i Tranzicionit 2025\u201326 i Bank\u00ebs Europiane p\u00ebr Rind\u00ebrtim dhe Zhvillim (BERZH): \u201cNj\u00eb bot\u00eb e vjet\u00ebr, por m\u00eb e guximshme\u201d, i cili do t\u00eb prezantohet sot n\u00eb ambientet e Bank\u00ebs s\u00eb Shqip\u00ebris\u00eb e v\u00eb fokusin tek emigracioni, i cili \u00ebsht\u00eb b\u00ebr\u00eb mjaft shqet\u00ebsues n\u00eb vend dhe nuk duket se po ndalet.<\/p>\n<p>Sipas raportit, Shqip\u00ebria dhe Kosova jan\u00eb dy vendet q\u00eb kan\u00eb p\u00ebrjetuar emigracionin m\u00eb t\u00eb lart\u00eb t\u00eb popullsis\u00eb n\u00eb hap\u00ebsir\u00ebn post-komuniste q\u00eb nga viti 1990.<\/p>\n<p>Grafik\u00ebt e raportit tregojn\u00eb qart\u00eb se Shqip\u00ebria ka humbur rreth 40 p\u00ebr qind t\u00eb popullsis\u00eb s\u00eb vitit 1990 p\u00ebr periudh\u00ebn 1990-2023, vet\u00ebm p\u00ebrmes emigracionit neto, niveli m\u00eb i dyt\u00eb m\u00eb i lart\u00eb n\u00eb Europ\u00eb dhe n\u00eb t\u00eb gjith\u00eb grupin e ekonomive t\u00eb BERZH.<\/p>\n<p>Nga ana tjet\u00ebr, shtesa natyrore ka qen\u00eb pozitive p\u00ebr pjes\u00ebn m\u00eb t\u00eb madhe t\u00eb periudh\u00ebs dhe ka kompensuar rreth 27 p\u00ebr qind t\u00eb popullsis\u00eb s\u00eb vitit 1990, \u00e7ka e zbut pjes\u00ebrisht goditjen, por jo aq sa t\u00eb neutralizoj\u00eb flukset e largimit.<\/p>\n<p>Edhe Kosova ka humbur 50% t\u00eb popullsis\u00eb s\u00eb vitit 1990 p\u00ebr t\u00eb nj\u00ebjt\u00ebn periudh\u00eb, niveli m\u00eb i lart\u00eb n\u00eb Europ\u00eb, ndon\u00ebse ka pasur nj\u00eb shtes\u00eb m\u00eb t\u00eb kart\u00eb natyrore se Shqip\u00ebria me gati 40%.<\/p>\n<p>Raporti thot\u00eb se ky boshll\u00ebk i madh demografik po p\u00ebrkthehet n\u00eb nj\u00eb frenim t\u00eb ndjesh\u00ebm ekonomik p\u00ebr Shqip\u00ebrin\u00eb. N\u00eb grafikun e dyt\u00eb t\u00eb raportit, BERZH mat p\u00ebr her\u00eb t\u00eb par\u00eb ndikimin vjetor t\u00eb demografis\u00eb n\u00eb rritjen e PBB-s\u00eb p\u00ebr frym\u00eb.<\/p>\n<p>P\u00ebr Shqip\u00ebrin\u00eb, kontributi i popullsis\u00eb ka qen\u00eb negativ gjat\u00eb viteve 2000\u20132023, me rreth \u20130.2 pik\u00eb p\u00ebrqindje rritje t\u00eb humbur \u00e7do vit.<\/p>\n<p>P\u00ebr periudh\u00ebn 2024\u20132050, ndikimi pritet t\u00eb thellohet n\u00eb \u20130.3 deri \u20130.4 pik\u00eb p\u00ebrqindje n\u00eb vit, duke e b\u00ebr\u00eb Shqip\u00ebrin\u00eb nj\u00eb nga ekonomit\u00eb m\u00eb t\u00eb ekspozuara n\u00eb gjith\u00eb rajonin e BERZH. Edhe n\u00eb horizontin 2050\u20132100, sinjali mbetet negativ, \u00e7ka tregon se plakja e popullsis\u00eb dhe pak\u00ebsimi i forc\u00ebs s\u00eb pun\u00ebs do t\u00eb vijojn\u00eb t\u00eb shoq\u00ebrojn\u00eb ekonomin\u00eb edhe n\u00eb dekadat e ardhshme.<\/p>\n<p>Mungesa e fuqis\u00eb pun\u00ebtore, rritja e numrit t\u00eb t\u00eb moshuarve dhe dob\u00ebsimi i baz\u00ebs s\u00eb kontribuuesve n\u00eb skemat sociale po e vendosin ekonomin\u00eb n\u00ebn presion t\u00eb vazhduesh\u00ebm.<\/p>\n<p>Raporti sugjeron se n\u00eb munges\u00eb t\u00eb rritjes s\u00eb produktivitetit, investimeve teknologjike, rritjes s\u00eb kapitalit njer\u00ebzor dhe p\u00ebrmir\u00ebsimit t\u00eb klim\u00ebs s\u00eb biznesit, emigracioni masiv do t\u00eb vazhdoj\u00eb t\u00eb frenoj\u00eb rritjen ekonomike p\u00ebr t\u00eb pakt\u00ebn edhe tre dekada.<\/p>\n<p><strong>Solovova e BERZH: nj\u00eb e kat\u00ebrta e shqiptar\u00ebve me arsim t\u00eb lart\u00eb jan\u00eb larguar, nd\u00ebrmerrni politika aktive p\u00ebr rikthimin e talenteve<\/strong><\/p>\n<p>Ekaterina Solovova, P\u00ebrfaq\u00ebsuese Rezidente e BERZH-it n\u00eb Shqip\u00ebri, ka pohuar n\u00eb\u00a0<a href=\"https:\/\/monitor.al\/solovova-e-berzh-shqiperia-ka-nevoje-per-politika-aktive-per-rikthimin-e-talenteve\/\">nj\u00eb intervist\u00eb<\/a>\u00a0p\u00ebr \u201cMonitor\u201d n\u00eb fillim t\u00eb janarit se Raporti i fundit i Tranzicionit i BERZH-it n\u00ebnvizon se, mes personave me arsim t\u00eb lart\u00eb n\u00eb Shqip\u00ebri, pothuajse nj\u00eb e kat\u00ebrta jan\u00eb larguar, nd\u00ebrsa relativisht pak persona me arsim t\u00eb lart\u00eb kan\u00eb ardhur nga vende t\u00eb tjera.<\/p>\n<p>Kjo prirje vihet re n\u00eb shum\u00eb ekonomi t\u00eb Europ\u00ebs n\u00eb zhvillim n\u00eb p\u00ebrgjith\u00ebsi dhe ve\u00e7an\u00ebrisht n\u00eb Ballkanin Per\u00ebndimor, ku vet\u00ebm pak vende (si Bosnja dhe Hercegovina) kan\u00eb edhe norma m\u00eb t\u00eb larta emigrimi t\u00eb personave me arsim universitar.<\/p>\n<p>P\u00ebrvoja e vendeve t\u00eb tjera, nga Polonia deri n\u00eb Meksik\u00eb, sugjeron se, teksa kushtet p\u00ebrmir\u00ebsohen dhe t\u00eb ardhurat rriten, bilanci i migracionit neto ndryshon gradualisht. Individ\u00ebt e arsimuar kthehen n\u00eb num\u00ebr m\u00eb t\u00eb madh dhe punonj\u00ebsit e kualifikuar fillojn\u00eb t\u00eb synojn\u00eb t\u00eb l\u00ebvizin drejt vendit nga shtete t\u00eb tjera.<\/p>\n<p>Sfida p\u00ebr politik\u00ebb\u00ebr\u00ebsit \u00ebsht\u00eb t\u00eb krijojn\u00eb kushtet e duhura p\u00ebr ata q\u00eb kthehen me ide, aft\u00ebsi dhe kapital t\u00eb fituar jasht\u00eb vendit, kushte q\u00eb u mund\u00ebsojn\u00eb t\u00eb jen\u00eb sa m\u00eb produktiv\u00eb.<\/p>\n<p>Duke u bazuar n\u00eb p\u00ebrvoj\u00ebn e vendeve t\u00eb tjera, disa masa praktike p\u00ebr t\u00eb nxitur kthimin e personave t\u00eb kualifikuar mund t\u00eb p\u00ebrfshijn\u00eb, p\u00ebr shembull, regjistrim t\u00eb p\u00ebrshpejtuar t\u00eb biznesit p\u00ebr emigrant\u00ebt e kthyer, leht\u00ebsime tatimore dhe skema bashk\u00eb-investimi, ku shteti ose institucionet mb\u00ebshtet\u00ebse p\u00ebrputhin kapitalin e tyre me kontribute shtes\u00eb.<\/p>\n<p>Po aq t\u00eb r\u00ebnd\u00ebsishme, n\u00eb mos edhe m\u00eb shum\u00eb, jan\u00eb masat q\u00eb synojn\u00eb forcimin e m\u00ebtejsh\u00ebm t\u00eb qeverisjes dhe p\u00ebrmir\u00ebsimin e klim\u00ebs s\u00eb biznesit n\u00eb p\u00ebrgjith\u00ebsi.<\/p>\n<p><strong>Si po ikin personat e arsimuar<\/strong><\/p>\n<p>P\u00ebrllogaritjet e Bank\u00ebs Europiane p\u00ebr Rind\u00ebrtim dhe Zhvillim (BERZH) n\u00eb raportin e tranzicionit tregojn\u00eb se rreth 23% e t\u00eb arsimuarve nga vendi yn\u00eb tashm\u00eb kan\u00eb emigruar.<\/p>\n<p>Shqip\u00ebria ka nivel t\u00eb lart\u00eb t\u00eb emigracionit n\u00eb popullsin\u00eb e arsimuar n\u00eb vitet 2023-2024 dhe kthime shum\u00eb m\u00eb t\u00eb ul\u00ebta t\u00eb tyre krahasuar me 38 vende t\u00eb Rajonit t\u00eb BERZH.<\/p>\n<p>M\u00eb keq se Shqip\u00ebria renditen Bosnja, Autoriteti Palestinez dhe n\u00eb nj\u00eb nivel t\u00eb ngjash\u00ebm \u00ebsht\u00eb Taxhikistani.<\/p>\n<p>T\u00eb dh\u00ebnat n\u00eb grafikun e m\u00ebposht\u00ebm tregojn\u00eb se vendet e tjera n\u00eb tranzicion kan\u00eb p\u00ebrqindje m\u00eb t\u00eb ul\u00ebta t\u00eb emigrimit t\u00eb trurit dhe kthime t\u00eb larta.<\/p>\n<p>T\u00eb dh\u00ebnat tregojn\u00eb se mbi 23% e t\u00eb arsimuarve shqiptar\u00eb kishin emigruar n\u00eb 2023-2024, vet\u00ebm 2-3% e tyre rikthehen.<\/p>\n<p>Studimi tregon se vendi po humbet m\u00eb shum\u00eb profesionist\u00eb sesa arrin t\u00eb t\u00ebrheq\u00eb. N\u00eb krahasim me ekonomit\u00eb e tjera, Shqip\u00ebria pozicionohet n\u00eb grupin e vendeve me emigracion t\u00eb lart\u00eb t\u00eb t\u00eb arsimuarve, n\u00eb nivele shum\u00eb m\u00eb t\u00eb larta se ekonomit\u00eb e Europ\u00ebs n\u00eb Zhvillim, p\u00ebrve\u00e7 Bosnj\u00ebs, e cila nd\u00ebr t\u00eb tjera vuan nga konfliktet nd\u00ebr-etnike dhe mungesa e stabilitetit politik.<\/p>\n<p>Sakaq, niveli i kthimit t\u00eb profesionist\u00ebve mbetet minimal, shum\u00eb m\u00eb i ul\u00ebt se edhe vendet e tjera t\u00eb vogla t\u00eb Europ\u00ebs Juglindore. N\u00eb k\u00ebt\u00eb m\u00ebnyr\u00eb, Shqip\u00ebria nuk po arrin t\u00eb jet\u00eb nj\u00eb destinacion t\u00ebrheq\u00ebs p\u00ebr talentet nd\u00ebrkomb\u00ebtare, nd\u00ebrkoh\u00eb q\u00eb humb vazhdimisht profesionist\u00eb drejt vendeve m\u00eb t\u00eb zhvilluara.<\/p>\n<p>Shqip\u00ebria ka diferenc\u00eb shum\u00eb t\u00eb madhe midis \u201cdaljes\u201d dhe \u201chyrjes\u201d s\u00eb talenteve, nj\u00eb nga disproporcionet m\u00eb t\u00eb larta mes ekonomive t\u00eb EBRD-s\u00eb.<\/p>\n<p>Studime t\u00eb tjera vendase kan\u00eb treguar se profesionist\u00ebt shqiptar\u00eb largohen kryesisht p\u00ebr mund\u00ebsi m\u00eb t\u00eb mira pune dhe paga shum\u00eb m\u00eb t\u00eb larta n\u00eb vendet e BE-s\u00eb, nj\u00eb treg m\u00eb t\u00eb q\u00ebndruesh\u00ebm t\u00eb karrier\u00ebs dhe kushte m\u00eb t\u00eb avancuara t\u00eb k\u00ebrkimit, inovacionit dhe specializimit.<\/p>\n<p>Nd\u00ebrkoh\u00eb, Shqip\u00ebria mbetet pak t\u00ebrheq\u00ebse p\u00ebr profesionist\u00ebt e huaj p\u00ebr shkak t\u00eb tregut t\u00eb vog\u00ebl, pagave konkurruese t\u00eb ul\u00ebta, mund\u00ebsive t\u00eb kufizuara n\u00eb sektor\u00ebt e teknologjis\u00eb dhe k\u00ebrkimit, si dhe klim\u00ebs institucionale e ekonomike q\u00eb ende vler\u00ebsohet si e brisht\u00eb.<\/p>\n<p>Zhvillimet demografike me ikjen e trurit po i krijojn\u00eb vendit rreth vicioz q\u00eb shtyn m\u00eb tej emigracionin. Sa m\u00eb shum\u00eb profesionist\u00eb largohen, aq m\u00eb e v\u00ebshtir\u00eb b\u00ebhet modernizimi i ekonomis\u00eb dhe rritja e produktivitetit.<\/p>\n<p>Nga ana tjet\u00ebr, mungesa e nj\u00eb ekonomie t\u00eb avancuar e b\u00ebn edhe m\u00eb t\u00eb pak\u00ebt ardhjen e talenteve nga jasht\u00eb dhe nxit ikjen e atyre q\u00eb mbeten ose formohen n\u00eb vend.<\/p>\n<p><img data-recalc-dims=\"1\" loading=\"lazy\" decoding=\"async\" class=\"alignnone wp-image-298177 size-large\" alt=\"\" src=\"https:\/\/i0.wp.com\/gazetadita.al\/wp-content\/uploads\/2026\/01\/ech-1-1024x463.webp?resize=1024%2C463&#038;ssl=1\" width=\"1024\" height=\"463\" \/><img data-recalc-dims=\"1\" loading=\"lazy\" decoding=\"async\" class=\"alignnone wp-image-298176 size-large\" alt=\"\" src=\"https:\/\/i0.wp.com\/gazetadita.al\/wp-content\/uploads\/2026\/01\/ech2-1-1024x418.webp?resize=1024%2C418&#038;ssl=1\" width=\"1024\" height=\"418\" \/><img data-recalc-dims=\"1\" loading=\"lazy\" decoding=\"async\" class=\"alignnone wp-image-298175 size-large\" alt=\"\" src=\"https:\/\/i0.wp.com\/gazetadita.al\/wp-content\/uploads\/2026\/01\/Grafik-BERZH-1024x506.webp?resize=1024%2C506&#038;ssl=1\" width=\"1024\" height=\"506\" \/><\/p>\n<p><strong>Monitor.al<\/strong><\/p>\n<\/div>\n<\/div>\n<\/div>\n<div class=\"e-shared-sec entry-sec\">\n<div class=\"e-shared-header h4\"><i class=\"rbi rbi-share\" aria-hidden=\"true\"><\/i><\/div>\n<\/div>\n","protected":false},"excerpt":{"rendered":"<p>27 Janar 2026 Raporti i Tranzicionit 2025\u201326 i Bank\u00ebs Europiane p\u00ebr Rind\u00ebrtim dhe Zhvillim (BERZH): \u201cNj\u00eb bot\u00eb e vjet\u00ebr, por m\u00eb e guximshme\u201d, i cili do t\u00eb prezantohet sot n\u00eb ambientet e Bank\u00ebs s\u00eb Shqip\u00ebris\u00eb e v\u00eb fokusin tek emigracioni, i cili \u00ebsht\u00eb b\u00ebr\u00eb mjaft shqet\u00ebsues n\u00eb vend dhe nuk duket se po ndalet. Sipas [&hellip;]<\/p>\n","protected":false},"author":9,"featured_media":97003,"comment_status":"open","ping_status":"open","sticky":false,"template":"","format":"standard","meta":{"jetpack_post_was_ever_published":false,"_jetpack_newsletter_access":"","_jetpack_dont_email_post_to_subs":false,"_jetpack_newsletter_tier_id":0,"_jetpack_memberships_contains_paywalled_content":false,"_jetpack_memberships_contains_paid_content":false,"footnotes":"","jetpack_publicize_message":"","jetpack_publicize_feature_enabled":true,"jetpack_social_post_already_shared":true,"jetpack_social_options":{"image_generator_settings":{"template":"highway","default_image_id":0,"font":"","enabled":false},"version":2}},"categories":[27,1,35],"tags":[],"class_list":["post-97002","post","type-post","status-publish","format-standard","has-post-thumbnail","hentry","category-blogu-i-udhetarit","category-njoftime-shtypi","category-shoqerore"],"jetpack_publicize_connections":[],"jetpack_featured_media_url":"https:\/\/i0.wp.com\/www.shqiperia.com\/blog\/wp-content\/uploads\/2026\/01\/emigrimi-i-te-arsimuarve.webp?fit=920%2C576&ssl=1","jetpack_sharing_enabled":true,"jetpack_shortlink":"https:\/\/wp.me\/p5Z6wp-pey","jetpack-related-posts":[{"id":77212,"url":"https:\/\/www.shqiperia.com\/blog\/raporti-i-eurostat-per-shpopullimin\/","url_meta":{"origin":97002,"position":0},"title":"Raporti i EUROSTAT p\u00ebr shpopullimin","author":"Kurt Farka","date":"January 13, 2024","format":false,"excerpt":"13 Janar 2024 Sipas shifrave t\u00eb EUROSTAT dhe jo institucioneve shqiptare, ne dhjet\u00eb vitet e fundit jan\u00eb rreth 1 milion\u00eb shqiptar\u00eb q\u00eb kan\u00eb braktisur vendin. Deputeti i Partis\u00eb Demokratike, Dashnor Sula p\u00ebrmes nj\u00eb postimi n\u00eb rrjetin social Facebook, shprehet se t\u00eb gjith\u00eb jan\u00eb t\u00eb shqet\u00ebsuar p\u00ebr shpopullimin e Shqip\u00ebris\u00eb, p\u00ebrve\u00e7\u2026","rel":"","context":"In &quot;Njoftime Shtypi&quot;","block_context":{"text":"Njoftime Shtypi","link":"https:\/\/www.shqiperia.com\/blog\/category\/njoftime-shtypi\/"},"img":{"alt_text":"","src":"https:\/\/i0.wp.com\/www.shqiperia.com\/blog\/wp-content\/uploads\/2024\/01\/d0af5b77cff9d39a20cb8bdc2cf9f1da_XL-1.jpg?fit=800%2C490&ssl=1&resize=350%2C200","width":350,"height":200,"srcset":"https:\/\/i0.wp.com\/www.shqiperia.com\/blog\/wp-content\/uploads\/2024\/01\/d0af5b77cff9d39a20cb8bdc2cf9f1da_XL-1.jpg?fit=800%2C490&ssl=1&resize=350%2C200 1x, https:\/\/i0.wp.com\/www.shqiperia.com\/blog\/wp-content\/uploads\/2024\/01\/d0af5b77cff9d39a20cb8bdc2cf9f1da_XL-1.jpg?fit=800%2C490&ssl=1&resize=525%2C300 1.5x, https:\/\/i0.wp.com\/www.shqiperia.com\/blog\/wp-content\/uploads\/2024\/01\/d0af5b77cff9d39a20cb8bdc2cf9f1da_XL-1.jpg?fit=800%2C490&ssl=1&resize=700%2C400 2x"},"classes":[]},{"id":88846,"url":"https:\/\/www.shqiperia.com\/blog\/berzh-plakja-dhe-emigracioni-rrezik-i-larte-per-perspektiven-ekonomike-te-shqiperise\/","url_meta":{"origin":97002,"position":1},"title":"BERZH: &#8211; Plakja dhe emigracioni, rrezik i lart\u00eb p\u00ebr perspektiv\u00ebn ekonomike t\u00eb Shqiperise.","author":"Kurt Farka","date":"January 31, 2025","format":false,"excerpt":"31 Janar 2025 Tranzicioni demografik i Shqip\u00ebris\u00eb, me nivel t\u00eb lart\u00eb emigracioni n\u00eb moshat e reja dhe me plakje t\u00eb shpejt\u00eb t\u00eb popullsis\u00eb, \u00ebsht\u00eb nj\u00eb faktor me rrezik t\u00eb lart\u00eb p\u00ebr q\u00ebndrueshm\u00ebrin\u00eb ekonomike t\u00eb Shqip\u00ebris\u00eb, vler\u00ebson BERZH n\u00eb draft-strategjin\u00eb e bashk\u00ebpunimit 2025-2030. Nga kat\u00ebr rreziqe q\u00eb cenojn\u00eb sigurin\u00eb ekonomike t\u00eb\u2026","rel":"","context":"In &quot;Blogu i Udh\u00ebtarit&quot;","block_context":{"text":"Blogu i Udh\u00ebtarit","link":"https:\/\/www.shqiperia.com\/blog\/category\/blogu-i-udhetarit\/"},"img":{"alt_text":"","src":"https:\/\/i0.wp.com\/www.shqiperia.com\/blog\/wp-content\/uploads\/2025\/01\/indeksimi-i-pensioneve-1024x796-1.jpg?fit=1024%2C682&ssl=1&resize=350%2C200","width":350,"height":200,"srcset":"https:\/\/i0.wp.com\/www.shqiperia.com\/blog\/wp-content\/uploads\/2025\/01\/indeksimi-i-pensioneve-1024x796-1.jpg?fit=1024%2C682&ssl=1&resize=350%2C200 1x, https:\/\/i0.wp.com\/www.shqiperia.com\/blog\/wp-content\/uploads\/2025\/01\/indeksimi-i-pensioneve-1024x796-1.jpg?fit=1024%2C682&ssl=1&resize=525%2C300 1.5x, https:\/\/i0.wp.com\/www.shqiperia.com\/blog\/wp-content\/uploads\/2025\/01\/indeksimi-i-pensioneve-1024x796-1.jpg?fit=1024%2C682&ssl=1&resize=700%2C400 2x"},"classes":[]},{"id":29790,"url":"https:\/\/www.shqiperia.com\/blog\/berzh-per-ppp-te-pa-analize-kosto-fitim-pa-transparence-pa-pergjegjshmeri\/","url_meta":{"origin":97002,"position":2},"title":"BERZH p\u00ebr PPP-t\u00eb: Pa analiz\u00eb kosto-fitim, pa transparenc\u00eb, pa p\u00ebrgjegjshm\u00ebri.-","author":"Kurt Farka","date":"December 28, 2019","format":false,"excerpt":"BERZH p\u00ebr PPP-t\u00eb: Pa analiz\u00eb kosto-fitim, pa transparenc\u00eb, pa p\u00ebrgjegjshm\u00ebri 20 netor 2019 Banka Europiane p\u00ebr Rind\u00ebrtim dhe Zhvillim (BERZH) n\u00eb raportin e fundit t\u00eb Tranzicionit 2019-2020 \u00ebsht\u00eb treguar e ashp\u00ebr ndaj projekteve me partneritet publik privat (PPP), q\u00eb ka nd\u00ebrmarr\u00eb gjer\u00ebsisht qeveria shqiptare. \u201cPPP-t\u00eb e m\u00ebdha t\u00eb diskutueshme vazhdojn\u00eb\u2026","rel":"","context":"In &quot;Blogu i Udh\u00ebtarit&quot;","block_context":{"text":"Blogu i Udh\u00ebtarit","link":"https:\/\/www.shqiperia.com\/blog\/category\/blogu-i-udhetarit\/"},"img":{"alt_text":"","src":"https:\/\/i0.wp.com\/www.shqiperia.com\/blog\/wp-content\/uploads\/2019\/12\/qeveria-PPP-933x445-905x450-1.jpg?fit=905%2C450&ssl=1&resize=350%2C200","width":350,"height":200,"srcset":"https:\/\/i0.wp.com\/www.shqiperia.com\/blog\/wp-content\/uploads\/2019\/12\/qeveria-PPP-933x445-905x450-1.jpg?fit=905%2C450&ssl=1&resize=350%2C200 1x, https:\/\/i0.wp.com\/www.shqiperia.com\/blog\/wp-content\/uploads\/2019\/12\/qeveria-PPP-933x445-905x450-1.jpg?fit=905%2C450&ssl=1&resize=525%2C300 1.5x, https:\/\/i0.wp.com\/www.shqiperia.com\/blog\/wp-content\/uploads\/2019\/12\/qeveria-PPP-933x445-905x450-1.jpg?fit=905%2C450&ssl=1&resize=700%2C400 2x"},"classes":[]},{"id":97179,"url":"https:\/\/www.shqiperia.com\/blog\/berzh-po-largohet-mosha-20-39-vjec-popullsia-me-tkurrje-me-te-shpejte\/","url_meta":{"origin":97002,"position":3},"title":"BERZH: &#8211; Po largohet mosha 20-39 vje\u00e7, popullsia me tkurrje m\u00eb t\u00eb shpejt\u00eb","author":"Kurt Farka","date":"January 31, 2026","format":false,"excerpt":"31 Janar 2026 Shqip\u00ebria renditet nd\u00ebr vendet me tkurrjen m\u00eb t\u00eb shpejt\u00eb t\u00eb popullsis\u00eb si pasoj\u00eb e lindshm\u00ebris\u00eb s\u00eb ul\u00ebt dhe emigracionit t\u00eb lart\u00eb. Largimi jasht\u00eb vendit, nj\u00eb nd\u00ebr plag\u00ebt m\u00eb t\u00eb m\u00ebdha n\u00eb Shqip\u00ebri po thellohet m\u00eb shum\u00eb p\u00ebr shkak t\u00eb emigrimit kryesisht t\u00eb forc\u00ebs s\u00eb pun\u00ebs. N\u00eb raportin\u2026","rel":"","context":"In &quot;Blogu i Udh\u00ebtarit&quot;","block_context":{"text":"Blogu i Udh\u00ebtarit","link":"https:\/\/www.shqiperia.com\/blog\/category\/blogu-i-udhetarit\/"},"img":{"alt_text":"","src":"https:\/\/i0.wp.com\/www.shqiperia.com\/blog\/wp-content\/uploads\/2026\/01\/Dizajn-pa-titull-6-6-442x249-1.webp?fit=442%2C249&ssl=1&resize=350%2C200","width":350,"height":200},"classes":[]},{"id":78721,"url":"https:\/\/www.shqiperia.com\/blog\/raporti-i-berzh-kambana-e-alarmit-po-bie-forte-standardi-i-jeteses-ne-shqiperi-eshte-perkeqesuar\/","url_meta":{"origin":97002,"position":4},"title":"Raporti i BERZH: &#8211; Kambana e alarmit po bie fort\u00eb, standardi i jetes\u00ebs n\u00eb Shqip\u00ebri \u00ebsht\u00eb p\u00ebrkeq\u00ebsuar!","author":"Kurt Farka","date":"February 28, 2024","format":false,"excerpt":"28 Shkurt 23024 Oriola Pampuri n\u00eb nj\u00eb deklarat\u00eb p\u00ebr shtyp ka komentuar\u00a0Raportin e BERZH\u00a0i cili thekson se pas viti 2018 qeveria n\u00eb Shqip\u00ebri ka qen\u00eb pengesa p\u00ebr investitor\u00ebt e huaj dhe inkurajoi largimin e t\u00eb rinjve.\u00a0 DEKLARATA E N\u00cbNKRYETARES DHE DEPUTETES S\u00cb PD, ORIOLA PAMPURI Standardi i jetes\u00ebs n\u00eb Shqip\u00ebri\u2026","rel":"","context":"In &quot;Blogu i Udh\u00ebtarit&quot;","block_context":{"text":"Blogu i Udh\u00ebtarit","link":"https:\/\/www.shqiperia.com\/blog\/category\/blogu-i-udhetarit\/"},"img":{"alt_text":"","src":"https:\/\/i0.wp.com\/www.shqiperia.com\/blog\/wp-content\/uploads\/2024\/02\/bles.jpg?fit=765%2C383&ssl=1&resize=350%2C200","width":350,"height":200,"srcset":"https:\/\/i0.wp.com\/www.shqiperia.com\/blog\/wp-content\/uploads\/2024\/02\/bles.jpg?fit=765%2C383&ssl=1&resize=350%2C200 1x, https:\/\/i0.wp.com\/www.shqiperia.com\/blog\/wp-content\/uploads\/2024\/02\/bles.jpg?fit=765%2C383&ssl=1&resize=525%2C300 1.5x, https:\/\/i0.wp.com\/www.shqiperia.com\/blog\/wp-content\/uploads\/2024\/02\/bles.jpg?fit=765%2C383&ssl=1&resize=700%2C400 2x"},"classes":[]},{"id":67327,"url":"https:\/\/www.shqiperia.com\/blog\/berzh-per-shqiperine-dilni-nga-lista-gri-e-pastrimit-te-parave\/","url_meta":{"origin":97002,"position":5},"title":"BERZH p\u00ebr Shqip\u00ebrin\u00eb: &#8211; Dilni nga \u2018lista gri\u2019 e pastrimit t\u00eb parave","author":"Kurt Farka","date":"February 4, 2023","format":false,"excerpt":"4 Shkurt 2023 Banka Evropiane p\u00ebr Rind\u00ebrtim dhe Zhvillim (BERZH) ka k\u00ebrkuar s\u00eb fundmi q\u00eb Shqip\u00ebria duhet q\u00eb t\u00eb b\u00ebj\u00eb m\u00eb shum\u00eb p\u00ebr\u00a0 t\u00eb p\u00ebrmir\u00ebsuar\u00a0 reform\u00ebn n\u00eb gjyq\u00ebsor. Alexander Plekhanov \u00ebsht\u00eb drejtor i BERZH p\u00ebr \"Ndikimi i Tranzicionit dhe Ekonomive Bot\u00ebrore\u201d. Alexander Plekhanov nga BERZH thot\u00eb n\u00eb nj\u00eb intervist\u00eb p\u00ebr\u2026","rel":"","context":"In &quot;Blogu i Udh\u00ebtarit&quot;","block_context":{"text":"Blogu i Udh\u00ebtarit","link":"https:\/\/www.shqiperia.com\/blog\/category\/blogu-i-udhetarit\/"},"img":{"alt_text":"","src":"https:\/\/i0.wp.com\/www.shqiperia.com\/blog\/wp-content\/uploads\/2023\/02\/800-0-63de00b11df67.jpg?fit=800%2C418&ssl=1&resize=350%2C200","width":350,"height":200,"srcset":"https:\/\/i0.wp.com\/www.shqiperia.com\/blog\/wp-content\/uploads\/2023\/02\/800-0-63de00b11df67.jpg?fit=800%2C418&ssl=1&resize=350%2C200 1x, https:\/\/i0.wp.com\/www.shqiperia.com\/blog\/wp-content\/uploads\/2023\/02\/800-0-63de00b11df67.jpg?fit=800%2C418&ssl=1&resize=525%2C300 1.5x, https:\/\/i0.wp.com\/www.shqiperia.com\/blog\/wp-content\/uploads\/2023\/02\/800-0-63de00b11df67.jpg?fit=800%2C418&ssl=1&resize=700%2C400 2x"},"classes":[]}],"_links":{"self":[{"href":"https:\/\/www.shqiperia.com\/blog\/wp-json\/wp\/v2\/posts\/97002","targetHints":{"allow":["GET"]}}],"collection":[{"href":"https:\/\/www.shqiperia.com\/blog\/wp-json\/wp\/v2\/posts"}],"about":[{"href":"https:\/\/www.shqiperia.com\/blog\/wp-json\/wp\/v2\/types\/post"}],"author":[{"embeddable":true,"href":"https:\/\/www.shqiperia.com\/blog\/wp-json\/wp\/v2\/users\/9"}],"replies":[{"embeddable":true,"href":"https:\/\/www.shqiperia.com\/blog\/wp-json\/wp\/v2\/comments?post=97002"}],"version-history":[{"count":1,"href":"https:\/\/www.shqiperia.com\/blog\/wp-json\/wp\/v2\/posts\/97002\/revisions"}],"predecessor-version":[{"id":97004,"href":"https:\/\/www.shqiperia.com\/blog\/wp-json\/wp\/v2\/posts\/97002\/revisions\/97004"}],"wp:featuredmedia":[{"embeddable":true,"href":"https:\/\/www.shqiperia.com\/blog\/wp-json\/wp\/v2\/media\/97003"}],"wp:attachment":[{"href":"https:\/\/www.shqiperia.com\/blog\/wp-json\/wp\/v2\/media?parent=97002"}],"wp:term":[{"taxonomy":"category","embeddable":true,"href":"https:\/\/www.shqiperia.com\/blog\/wp-json\/wp\/v2\/categories?post=97002"},{"taxonomy":"post_tag","embeddable":true,"href":"https:\/\/www.shqiperia.com\/blog\/wp-json\/wp\/v2\/tags?post=97002"}],"curies":[{"name":"wp","href":"https:\/\/api.w.org\/{rel}","templated":true}]}}