{"id":96999,"date":"2026-01-27T12:29:49","date_gmt":"2026-01-27T12:29:49","guid":{"rendered":"https:\/\/www.shqiperia.com\/blog\/?p=96999"},"modified":"2026-01-27T12:29:49","modified_gmt":"2026-01-27T12:29:49","slug":"trupa-te-zhdukur-varreza-masive-dhe-30-mije-te-vdekur-cila-eshte-e-verteta-e-numrit-te-viktimave-ne-iran","status":"publish","type":"post","link":"https:\/\/www.shqiperia.com\/blog\/trupa-te-zhdukur-varreza-masive-dhe-30-mije-te-vdekur-cila-eshte-e-verteta-e-numrit-te-viktimave-ne-iran\/","title":{"rendered":"Trupa t\u00eb zhdukur, varreza masive dhe \u201830 mij\u00eb t\u00eb vdekur\u2019: cila \u00ebsht\u00eb e v\u00ebrteta e numrit t\u00eb viktimave n\u00eb Iran?"},"content":{"rendered":"<div class=\"firstP\">\n<p><img data-recalc-dims=\"1\" loading=\"lazy\" decoding=\"async\" data-attachment-id=\"97000\" data-permalink=\"https:\/\/www.shqiperia.com\/blog\/trupa-te-zhdukur-varreza-masive-dhe-30-mije-te-vdekur-cila-eshte-e-verteta-e-numrit-te-viktimave-ne-iran\/dizajn-pa-titull-9-3\/\" data-orig-file=\"https:\/\/i0.wp.com\/www.shqiperia.com\/blog\/wp-content\/uploads\/2026\/01\/Dizajn-pa-titull-9-3.webp?fit=659%2C379&amp;ssl=1\" data-orig-size=\"659,379\" data-comments-opened=\"1\" data-image-meta=\"{&quot;aperture&quot;:&quot;0&quot;,&quot;credit&quot;:&quot;&quot;,&quot;camera&quot;:&quot;&quot;,&quot;caption&quot;:&quot;&quot;,&quot;created_timestamp&quot;:&quot;0&quot;,&quot;copyright&quot;:&quot;&quot;,&quot;focal_length&quot;:&quot;0&quot;,&quot;iso&quot;:&quot;0&quot;,&quot;shutter_speed&quot;:&quot;0&quot;,&quot;title&quot;:&quot;&quot;,&quot;orientation&quot;:&quot;0&quot;}\" data-image-title=\"Dizajn-pa-titull-9-3\" data-image-description=\"\" data-image-caption=\"\" data-medium-file=\"https:\/\/i0.wp.com\/www.shqiperia.com\/blog\/wp-content\/uploads\/2026\/01\/Dizajn-pa-titull-9-3.webp?fit=300%2C173&amp;ssl=1\" data-large-file=\"https:\/\/i0.wp.com\/www.shqiperia.com\/blog\/wp-content\/uploads\/2026\/01\/Dizajn-pa-titull-9-3.webp?fit=659%2C379&amp;ssl=1\" class=\"alignnone  wp-image-97000\" alt=\"\" src=\"https:\/\/i0.wp.com\/www.shqiperia.com\/blog\/wp-content\/uploads\/2026\/01\/Dizajn-pa-titull-9-3.webp?resize=616%2C355&#038;ssl=1\" width=\"616\" height=\"355\" srcset=\"https:\/\/i0.wp.com\/www.shqiperia.com\/blog\/wp-content\/uploads\/2026\/01\/Dizajn-pa-titull-9-3.webp?resize=300%2C173&amp;ssl=1 300w, https:\/\/i0.wp.com\/www.shqiperia.com\/blog\/wp-content\/uploads\/2026\/01\/Dizajn-pa-titull-9-3.webp?resize=450%2C259&amp;ssl=1 450w, https:\/\/i0.wp.com\/www.shqiperia.com\/blog\/wp-content\/uploads\/2026\/01\/Dizajn-pa-titull-9-3.webp?resize=600%2C345&amp;ssl=1 600w, https:\/\/i0.wp.com\/www.shqiperia.com\/blog\/wp-content\/uploads\/2026\/01\/Dizajn-pa-titull-9-3.webp?resize=400%2C230&amp;ssl=1 400w, https:\/\/i0.wp.com\/www.shqiperia.com\/blog\/wp-content\/uploads\/2026\/01\/Dizajn-pa-titull-9-3.webp?w=659&amp;ssl=1 659w\" sizes=\"auto, (max-width: 616px) 100vw, 616px\" \/><\/p>\n<p>27 Janar 2026<\/p>\n<p>T\u00eb enjten, m\u00eb 8 janar, n\u00eb nj\u00eb qytet iranian me p\u00ebrmasa mesatare, telefoni i Dr. Ahmadit* filloi t\u00eb binte pa pushim. Koleget e tij n\u00eb repartet lokale t\u00eb urgjenc\u00ebs po shqet\u00ebsoheshin.<\/p>\n<\/div>\n<p>Gjat\u00eb gjith\u00eb jav\u00ebs, njer\u00ebzit kishin dal\u00eb n\u00eb rrug\u00eb dhe ishin p\u00ebrballur me policin\u00eb, e cila p\u00ebrdorte shkopinj gome dhe arm\u00eb me plumba gome. Me trajtim mjek\u00ebsor, plag\u00ebt e tyre nuk duhej t\u00eb ishin shum\u00eb serioze. Por stafi i urgjenc\u00ebs besonte se shum\u00eb t\u00eb rinj t\u00eb plagosur po i shmangeshin spitaleve, t\u00eb tmerruar se regjistrimi si pacient\u00eb traumatike do t\u00eb \u00e7onte n\u00eb identifikimin dhe arrestimin e tyre.<\/p>\n<p>N\u00eb heshtje, Ahmadi [i cili mbetet anonim nga frika e hakmarrjes, por identiteti, kredencialet dhe prania e tij n\u00eb Iran gjat\u00eb trazirave jan\u00eb verifikuar nga Guardian] dhe bashk\u00ebshortja e tij nis\u00ebn t\u00eb trajtonin pacient\u00eb n\u00eb nj\u00eb vend jasht\u00eb sistemit spitalor shtet\u00ebror t\u00eb Iranit. T\u00eb njoftuar nga nj\u00eb rrjet lokal, t\u00eb rinjt\u00eb e plagosur filluan t\u00eb vinin tek ata. Kryesisht sillnin plag\u00eb sip\u00ebrfaq\u00ebsore \u2013 prerje q\u00eb kishin nevoj\u00eb p\u00ebr qepje dhe antibiotik\u00eb. Me kalimin e mbr\u00ebmjes s\u00eb s\u00eb enjtes, gjithnj\u00eb e m\u00eb shum\u00eb njer\u00ebz vinin p\u00ebr t\u2019u mjekuar.<\/p>\n<p>Dit\u00ebn tjet\u00ebr, gjith\u00e7ka ndryshoi papritur. Protestuesit vazhdonin t\u00eb vinin, por plag\u00ebt e tyre ishin plag\u00eb me arm\u00eb zjarri nga distanc\u00eb e af\u00ebrt dhe plag\u00eb t\u00eb r\u00ebnda me thik\u00eb, zakonisht n\u00eb kraharor, sy dhe organe gjenitale. Shum\u00eb prej tyre rezultuan fatale.<\/p>\n<p>Ahmadi u trondit nga numri i madh i t\u00eb vrar\u00ebve \u2013 m\u00eb shum\u00eb se 40 vet\u00ebm n\u00eb qytetin e tij t\u00eb vog\u00ebl \u2013 por me internetin e nd\u00ebrprer\u00eb, askush nuk e dinte se cila ishte tabloja n\u00eb nivel komb\u00ebtar. P\u00ebr ta kuptuar m\u00eb mir\u00eb situat\u00ebn, Ahmadi krijoi nj\u00eb rrjet prej m\u00eb shum\u00eb se 80 profesionist\u00ebsh mjek\u00ebsor\u00eb n\u00eb 12 nga 31 provincat e Iranit p\u00ebr t\u00eb ndar\u00eb v\u00ebzhgime dhe t\u00eb dh\u00ebna dhe p\u00ebr t\u00eb nd\u00ebrtuar nj\u00eb pamje m\u00eb t\u00eb qart\u00eb t\u00eb dhun\u00ebs.<\/p>\n<p>V\u00ebzhgimet e tyre, t\u00eb ndara me<span>\u00a0<\/span><a href=\"https:\/\/www.theguardian.com\/global-development\/2026\/jan\/27\/iran-protests-death-toll-disappeared-bodies-mass-burials-30000-dead\">Guardian<\/a><span>\u00a0<\/span>dhe t\u00eb kombinuara me d\u00ebshmi nga morgje dhe varreza n\u00eb mbar\u00eb vendin, fillojn\u00eb t\u00eb zbulojn\u00eb p\u00ebrmasat e jasht\u00ebzakonshme t\u00eb dhun\u00ebs s\u00eb ushtruar ndaj iranian\u00ebve gjat\u00eb shtypjes shtet\u00ebrore. Ahmadi dhe koleg\u00ebt e tij hezitojn\u00eb t\u00eb japin nj\u00eb shif\u00ebr t\u00eb sakt\u00eb t\u00eb viktimave, por bien dakord se \u201ct\u00eb gjitha shifrat e publikuara zyrtarisht p\u00ebrfaq\u00ebsojn\u00eb nj\u00eb n\u00ebnvler\u00ebsim t\u00eb madh\u201d. Duke krahasuar numrin e t\u00eb vdekurve q\u00eb pan\u00eb vet\u00eb me mesataret spitalore, ata vler\u00ebsojn\u00eb se shifra mund t\u00eb kaloj\u00eb 30 mij\u00eb, shum\u00eb m\u00eb tep\u00ebr se t\u00eb dh\u00ebnat zyrtare. Kjo bazohet n\u00eb p\u00ebrfundimin se \u201cvdekjet e regjistruara zyrtarisht t\u00eb lidhura me shtypjen p\u00ebrfaq\u00ebsojn\u00eb me gjas\u00eb m\u00eb pak se 10% t\u00eb numrit real t\u00eb viktimave\u201d.<\/p>\n<p>Vler\u00ebsimet p\u00ebr numrin e t\u00eb vrar\u00ebve ndryshojn\u00eb ndjesh\u00ebm, t\u00eb penguara nga nd\u00ebrprerja e vazhdueshme e internetit. Qeveria iraniane ka pranuar m\u00eb shum\u00eb se 3 mij\u00eb t\u00eb vdekur, nd\u00ebrsa organizata me seli n\u00eb SHBA HRANA (Human Rights Activists News Agency), shifrat e s\u00eb cil\u00ebs kan\u00eb qen\u00eb t\u00eb besueshme gjat\u00eb shtypjeve t\u00eb m\u00ebparshme, thot\u00eb se ka verifikuar m\u00eb shum\u00eb se 6 mij\u00eb t\u00eb vdekur dhe ka edhe mbi 17 mij\u00eb vdekje t\u00eb tjera t\u00eb regjistruara n\u00ebn hetim, duke dh\u00ebn\u00eb nj\u00eb total t\u00eb mundsh\u00ebm prej rreth 22 mij\u00eb. Vler\u00ebsime t\u00eb tjera nga mjek\u00eb jasht\u00eb Iranit shkojn\u00eb deri n\u00eb 33 mij\u00eb ose m\u00eb shum\u00eb.<\/p>\n<p>D\u00ebshmit\u00eb nga morgjet, varrezat dhe spitalet n\u00eb mbar\u00eb vendin tregojn\u00eb p\u00ebr p\u00ebrpjekje t\u00eb koordinuara t\u00eb autoriteteve p\u00ebr t\u00eb fshehur p\u00ebrmasat reale t\u00eb viktimave: trupa q\u00eb transportoheshin me furgon\u00eb akulloresh dhe kamion\u00eb mishi; grumbuj t\u00eb vdekurish t\u00eb varrosur me nxitim; dhe qindra trupa q\u00eb duket se jan\u00eb zhdukur nga rrjeti i institucioneve mjeko-ligjore t\u00eb Iranit.<\/p>\n<p>Gjuha q\u00eb p\u00ebrdor Ahmadi \u00ebsht\u00eb e matur dhe klinike, por ai shp\u00ebrthen n\u00eb lot kur p\u00ebrshkruan dhun\u00ebn e dokumentuar nga mjek\u00ebt. \u201cNga k\u00ebndv\u00ebshtrimi mjek\u00ebsor, plag\u00ebt q\u00eb pam\u00eb tregojn\u00eb nj\u00eb brutalitet pa kufij \u2013 si n\u00eb p\u00ebrmasa, ashtu edhe n\u00eb metoda,\u201d thot\u00eb ai. Nj\u00eb tjet\u00ebr mjek, me baz\u00eb n\u00eb Teheran, i thot\u00eb Guardian: \u201cJam n\u00eb prag t\u00eb nj\u00eb kolapsi psikologjik. Ata kan\u00eb kryer vrasje masive. Askush nuk mund ta imagjinoj\u00eb\u2026 pash\u00eb vet\u00ebm gjak, gjak dhe gjak.\u201d<\/p>\n<p>Rrjeti i Ahmadit gjeti t\u00eb pakt\u00ebn shtat\u00eb koleg\u00eb t\u00eb tjer\u00eb nga institucione mjeko-ligjore n\u00eb kat\u00ebr provinca t\u00eb m\u00ebdha, t\u00eb cil\u00ebt raportuan p\u00ebrvoja t\u00eb ngjashme. Video t\u00eb verifikuara nga morgu i Kahrizakut n\u00eb Teheran tregojn\u00eb skena t\u00eb ngjashme, p\u00ebrfshir\u00eb at\u00eb q\u00eb duket si qindra trupa t\u00eb shtrir\u00eb n\u00eb rrug\u00eb jasht\u00eb objektit.<\/p>\n<p>Guardian foli gjithashtu me tre d\u00ebshmitar\u00eb q\u00eb, n\u00eb m\u00ebnyr\u00eb t\u00eb pavarur, p\u00ebrshkruan presion p\u00ebr varrime masive dhe grumbuj me qindra trupa n\u00eb nj\u00eb varrez\u00eb t\u00eb madhe (Behesht-e Sakineh) n\u00eb qytetin e Karajit, 30 milje (50 km) n\u00eb per\u00ebndim t\u00eb Teheranit.<\/p>\n<p>N\u00eb mbar\u00eb Iranin, n\u00eb morgje dhe varreza, trupat u grumbulluan \u2013 duke mbingarkuar shum\u00eb spitale dhe institucione mjeko-ligjore, t\u00eb cilat u detyruan t\u00eb kthenin mbrapsht kamion\u00eb t\u00eb mbushur me kufoma. Punonj\u00ebsit e varrezave dhe t\u00eb mjek\u00ebsis\u00eb ligjore p\u00ebrshkruajn\u00eb kaos, me raporte se autoritetet po shtynin p\u00ebr varrime t\u00eb shpejta masive p\u00ebr t\u00eb fshehur numrin e t\u00eb vdekurve.<\/p>\n<p>N\u00eb nj\u00eb morg, stafi thot\u00eb se u p\u00ebrball me disa kamion\u00eb t\u00eb mbushur me trupa, shum\u00eb m\u00eb tep\u00ebr sesa kapaciteti i ftohjes dhe ruajtjes s\u00eb objektit. Kur punonj\u00ebsit protestuan se nuk mund ta p\u00ebrballonin k\u00ebt\u00eb volum kufomash, dy kamion\u00eb me t\u00eb vdekur u d\u00ebrguan diku tjet\u00ebr \u2013 por kur punonj\u00ebsit e morgut u p\u00ebrpoq\u00ebn t\u00eb zbulonin se ku ishin \u00e7uar trupat, zbuluan se asnj\u00eb nga institucionet e m\u00ebdha mjeko-ligjore t\u00eb rajonit nuk i kishte pranuar ato. Mjek\u00ebt \u201cshpreh\u00ebn dyshime se kjo lidhej me dafn-e dast-e jam\u2019i [varrim masiv]\u201d.<\/p>\n<p>N\u00eb nj\u00eb d\u00ebshmi me shkrim t\u00eb ndar\u00eb me Guardian, Reza*, nj\u00eb d\u00ebshmitar q\u00eb thot\u00eb se ishte i pranish\u00ebm n\u00eb Behesht-e Sakineh, shkruan: \u201cM\u00eb 10 dhe 11 janar, ata soll\u00ebn qindra trupa q\u00eb thuhej se ishin t\u00eb paidentifikuar dhe pa pretendues.\u201d Shum\u00eb nga t\u00eb vdekurit, thot\u00eb ai, u transportuan me kamion\u00e7ina t\u00eb vogla q\u00eb zakonisht p\u00ebrdoren p\u00ebr fruta dhe perime, dhe jo t\u00eb gjith\u00eb ishin t\u00eb vendosur n\u00eb qese mortore.<\/p>\n<p>\u201cK\u00ebto mjete b\u00ebjn\u00eb dhjet\u00ebra udh\u00ebtime vajtje-ardhje nga objektet e magazinimit\u2026 kam par\u00eb trupa n\u00eb k\u00ebta kamion\u00eb aq t\u00eb ngjeshur sa duhej forc\u00eb p\u00ebr t\u2019i ndar\u00eb. Gjaku ishte ende i fresk\u00ebt dhe i thar\u00eb kur i grumbullonin n\u00eb pirgje.\u201d<\/p>\n<p class=\"last\"><strong>Top Channel<\/strong><\/p>\n","protected":false},"excerpt":{"rendered":"<p>27 Janar 2026 T\u00eb enjten, m\u00eb 8 janar, n\u00eb nj\u00eb qytet iranian me p\u00ebrmasa mesatare, telefoni i Dr. Ahmadit* filloi t\u00eb binte pa pushim. Koleget e tij n\u00eb repartet lokale t\u00eb urgjenc\u00ebs po shqet\u00ebsoheshin. Gjat\u00eb gjith\u00eb jav\u00ebs, njer\u00ebzit kishin dal\u00eb n\u00eb rrug\u00eb dhe ishin p\u00ebrballur me policin\u00eb, e cila p\u00ebrdorte shkopinj gome dhe arm\u00eb me [&hellip;]<\/p>\n","protected":false},"author":9,"featured_media":97000,"comment_status":"open","ping_status":"open","sticky":false,"template":"","format":"standard","meta":{"jetpack_post_was_ever_published":false,"_jetpack_newsletter_access":"","_jetpack_dont_email_post_to_subs":false,"_jetpack_newsletter_tier_id":0,"_jetpack_memberships_contains_paywalled_content":false,"_jetpack_memberships_contains_paid_content":false,"footnotes":"","jetpack_publicize_message":"","jetpack_publicize_feature_enabled":true,"jetpack_social_post_already_shared":true,"jetpack_social_options":{"image_generator_settings":{"template":"highway","default_image_id":0,"font":"","enabled":false},"version":2}},"categories":[27,1],"tags":[],"class_list":["post-96999","post","type-post","status-publish","format-standard","has-post-thumbnail","hentry","category-blogu-i-udhetarit","category-njoftime-shtypi"],"jetpack_publicize_connections":[],"jetpack_featured_media_url":"https:\/\/i0.wp.com\/www.shqiperia.com\/blog\/wp-content\/uploads\/2026\/01\/Dizajn-pa-titull-9-3.webp?fit=659%2C379&ssl=1","jetpack_sharing_enabled":true,"jetpack_shortlink":"https:\/\/wp.me\/p5Z6wp-pev","jetpack-related-posts":[{"id":47130,"url":"https:\/\/www.shqiperia.com\/blog\/shefi-i-urgjences-kombetare-jep-lajmin-e-keq-brenda-2-3-javesh-do-te-rriten\/","url_meta":{"origin":96999,"position":0},"title":"Shefi i Urgjenc\u00ebs Komb\u00ebtare jep \u2018lajmin e keq\u2019: &#8211; Brenda 2-3 jav\u00ebsh do t\u00eb rriten&#8230;","author":"Kurt Farka","date":"May 1, 2021","format":false,"excerpt":"1 MAJ 2021 Shefi i Urgjenc\u00ebs Komb\u00ebtare, Sk\u00ebnder Brataj tregon se n\u00eb k\u00ebt\u00eb periudh\u00eb jan\u00eb shtuar thirrjet p\u00ebr Covid, vizitat n\u00eb banes\u00eb si dhe ka nj\u00eb rritje t\u00eb leht\u00eb t\u00eb shtrimeve n\u00eb spital. \u201cPat\u00ebm disa dit\u00eb q\u00eb qendr\u00ebn e Urgjenc\u00ebs Komb\u00ebtare ishin zero k\u00ebrkesat p\u00ebr tampon, tani kan\u00eb filluar jan\u00eb\u2026","rel":"","context":"In &quot;Blogu i Udh\u00ebtarit&quot;","block_context":{"text":"Blogu i Udh\u00ebtarit","link":"https:\/\/www.shqiperia.com\/blog\/category\/blogu-i-udhetarit\/"},"img":{"alt_text":"","src":"https:\/\/i0.wp.com\/www.shqiperia.com\/blog\/wp-content\/uploads\/2021\/05\/Skender-Brataj.jpg?fit=640%2C339&ssl=1&resize=350%2C200","width":350,"height":200,"srcset":"https:\/\/i0.wp.com\/www.shqiperia.com\/blog\/wp-content\/uploads\/2021\/05\/Skender-Brataj.jpg?fit=640%2C339&ssl=1&resize=350%2C200 1x, https:\/\/i0.wp.com\/www.shqiperia.com\/blog\/wp-content\/uploads\/2021\/05\/Skender-Brataj.jpg?fit=640%2C339&ssl=1&resize=525%2C300 1.5x"},"classes":[]},{"id":96489,"url":"https:\/\/www.shqiperia.com\/blog\/protesta-ne-iran-me-65-te-vdekur-deshmite-tronditese-te-mjekeve-shumica-jane-te-rinj-morgu-i-mbushur\/","url_meta":{"origin":96999,"position":1},"title":"Protesta n\u00eb Iran me 65 t\u00eb vdekur, d\u00ebshmit\u00eb trondit\u00ebse t\u00eb mjek\u00ebve: &#8211; Shumica jan\u00eb t\u00eb rinj, morgu i mbushur\u2026","author":"Kurt Farka","date":"January 11, 2026","format":false,"excerpt":"11 Janar 2026 Stafi i tre spitaleve n\u00eb Iran ka deklaruar se spitalet e tyre jan\u00eb t\u00eb mbipopulluara me pacient\u00eb t\u00eb plagosur dhe t\u00eb vdekur, nd\u00ebrsa protestat masive antiqeveritare vazhdojn\u00eb. Nj\u00eb mjek n\u00eb Teheran raportoi p\u00ebr \u201ct\u00eb sht\u00ebna direkte n\u00eb kokat dhe zemrat e t\u00eb rinjve\u201d, nd\u00ebrsa nj\u00eb spital i\u2026","rel":"","context":"In &quot;Blogu i Udh\u00ebtarit&quot;","block_context":{"text":"Blogu i Udh\u00ebtarit","link":"https:\/\/www.shqiperia.com\/blog\/category\/blogu-i-udhetarit\/"},"img":{"alt_text":"","src":"https:\/\/i0.wp.com\/www.shqiperia.com\/blog\/wp-content\/uploads\/2026\/01\/protestat-iran-dita-11-eskalime-te-medha-2026.jpg?fit=1000%2C563&ssl=1&resize=350%2C200","width":350,"height":200,"srcset":"https:\/\/i0.wp.com\/www.shqiperia.com\/blog\/wp-content\/uploads\/2026\/01\/protestat-iran-dita-11-eskalime-te-medha-2026.jpg?fit=1000%2C563&ssl=1&resize=350%2C200 1x, https:\/\/i0.wp.com\/www.shqiperia.com\/blog\/wp-content\/uploads\/2026\/01\/protestat-iran-dita-11-eskalime-te-medha-2026.jpg?fit=1000%2C563&ssl=1&resize=525%2C300 1.5x, https:\/\/i0.wp.com\/www.shqiperia.com\/blog\/wp-content\/uploads\/2026\/01\/protestat-iran-dita-11-eskalime-te-medha-2026.jpg?fit=1000%2C563&ssl=1&resize=700%2C400 2x"},"classes":[]},{"id":8279,"url":"https:\/\/www.shqiperia.com\/blog\/shqiptaret-ortodokse-ne-maqedoni-po-kthehen-ne-origjinen-e-tyre\/","url_meta":{"origin":96999,"position":2},"title":"Shqiptar\u00ebt ortodoks\u00eb n\u00eb Maqedoni po kthehen n\u00eb origjinen e tyre. &#8211;","author":"Kurt Farka","date":"June 2, 2018","format":false,"excerpt":"Shqiptar\u00ebt ortodoks\u00eb n\u00eb Maqedoni po kthehen n\u00eb origjinen e tyre. - Intelektuali i shquar, shqiptar ortodoks Branisllav Sinadinovski thot\u00eb se n\u00eb Maqedoni mungojn\u00eb kishat ortodokse shqiptare, nd\u00ebrsa nga ana tjet\u00ebr, nuk mungojn\u00eb, sipas tij, k\u00ebrc\u00ebnimet dhe sulmet p\u00ebr t\u00eb penguar deklarimin e hapur dhe zyrtar t\u00eb tyre si shqiptar\u00eb.\u201cMesazhi im\u2026","rel":"","context":"In &quot;Histori&quot;","block_context":{"text":"Histori","link":"https:\/\/www.shqiperia.com\/blog\/category\/histori\/"},"img":{"alt_text":"","src":"https:\/\/i0.wp.com\/www.shqiperia.com\/blog\/wp-content\/uploads\/2018\/06\/1-62_1520871529-3194760.jpg?fit=633%2C347&ssl=1&resize=350%2C200","width":350,"height":200,"srcset":"https:\/\/i0.wp.com\/www.shqiperia.com\/blog\/wp-content\/uploads\/2018\/06\/1-62_1520871529-3194760.jpg?fit=633%2C347&ssl=1&resize=350%2C200 1x, https:\/\/i0.wp.com\/www.shqiperia.com\/blog\/wp-content\/uploads\/2018\/06\/1-62_1520871529-3194760.jpg?fit=633%2C347&ssl=1&resize=525%2C300 1.5x"},"classes":[]},{"id":65704,"url":"https:\/\/www.shqiperia.com\/blog\/si-e-paralajmeroi-vete-vis-martinaj-kontrollin-ne-shtepine-e-tij-mesazhet-qe-shkembeu-me-familjaret-kujdes-mund-te\/","url_meta":{"origin":96999,"position":3},"title":"Si e paralajm\u00ebroi vet\u00eb Vis Martinaj kontrollin n\u00eb sht\u00ebpin\u00eb e tij, mesazhet q\u00eb shk\u00ebmbeu me familjar\u00ebt: &#8211; \u201cKujdes, mund t\u00eb&#8230;\u201d","author":"Kurt Farka","date":"December 27, 2022","format":false,"excerpt":"27 Dhjetor 2022 FNSH dhe RENEA-t zhvilluan dit\u00ebn e djeshme nj\u00eb operacion k\u00ebrkimi n\u00eb banes\u00ebn e t\u00eb shum\u00ebk\u00ebrkuarit Ervis Martinaj, dhe familjar\u00ebve t\u00eb tij, ku u gjet nj\u00eb arsenal arm\u00ebsh. Arm\u00ebt ishin fshehur n\u00eb kosheret e blet\u00ebve, nd\u00ebrsa n\u00eb k\u00ebt\u00eb sasi arm\u00ebsh dhe municionesh, kishte element\u00eb q\u00eb kryesisht gjenden n\u00eb\u2026","rel":"","context":"In &quot;Blogu i Udh\u00ebtarit&quot;","block_context":{"text":"Blogu i Udh\u00ebtarit","link":"https:\/\/www.shqiperia.com\/blog\/category\/blogu-i-udhetarit\/"},"img":{"alt_text":"","src":"https:\/\/i0.wp.com\/www.shqiperia.com\/blog\/wp-content\/uploads\/2022\/12\/640-0-5c738163c68aaa2459842ee453493db2.jpg?fit=640%2C361&ssl=1&resize=350%2C200","width":350,"height":200,"srcset":"https:\/\/i0.wp.com\/www.shqiperia.com\/blog\/wp-content\/uploads\/2022\/12\/640-0-5c738163c68aaa2459842ee453493db2.jpg?fit=640%2C361&ssl=1&resize=350%2C200 1x, https:\/\/i0.wp.com\/www.shqiperia.com\/blog\/wp-content\/uploads\/2022\/12\/640-0-5c738163c68aaa2459842ee453493db2.jpg?fit=640%2C361&ssl=1&resize=525%2C300 1.5x"},"classes":[]},{"id":96554,"url":"https:\/\/www.shqiperia.com\/blog\/masaker-ne-iran-rruget-mbushen-me-njerez-te-vdekur-qeveria-nuk-terhiqet\/","url_meta":{"origin":96999,"position":4},"title":"Masak\u00ebr n\u00eb Iran, rrug\u00ebt mbushen me njer\u00ebz t\u00eb vdekur, Qeveria nuk t\u00ebrhiqet","author":"Kurt Farka","date":"January 13, 2026","format":false,"excerpt":"13 Janar 2026 Kryengritja kund\u00ebr regjimit t\u00eb mullah\u00ebve n\u00eb Iran po merr gjithnj\u00eb e m\u00eb shum\u00eb jet\u00eb njer\u00ebzish. Foto dhe pamje video trondit\u00ebse nga Qendra Mjeko-Ligjore Kahrizak n\u00eb Teheran tregojn\u00eb familjar\u00eb t\u00eb d\u00ebshp\u00ebruar e n\u00eb zi si dhe rreshta t\u00eb pafund trupash t\u00eb pajet\u00eb n\u00eb thas\u00eb plastik\u00eb, n\u00ebn qiell t\u00eb\u2026","rel":"","context":"In &quot;Blogu i Udh\u00ebtarit&quot;","block_context":{"text":"Blogu i Udh\u00ebtarit","link":"https:\/\/www.shqiperia.com\/blog\/category\/blogu-i-udhetarit\/"},"img":{"alt_text":"","src":"https:\/\/i0.wp.com\/www.shqiperia.com\/blog\/wp-content\/uploads\/2026\/01\/900-0-a3323ab3290e58f8e0094be8a7b05d64.webp?fit=900%2C506&ssl=1&resize=350%2C200","width":350,"height":200,"srcset":"https:\/\/i0.wp.com\/www.shqiperia.com\/blog\/wp-content\/uploads\/2026\/01\/900-0-a3323ab3290e58f8e0094be8a7b05d64.webp?fit=900%2C506&ssl=1&resize=350%2C200 1x, https:\/\/i0.wp.com\/www.shqiperia.com\/blog\/wp-content\/uploads\/2026\/01\/900-0-a3323ab3290e58f8e0094be8a7b05d64.webp?fit=900%2C506&ssl=1&resize=525%2C300 1.5x, https:\/\/i0.wp.com\/www.shqiperia.com\/blog\/wp-content\/uploads\/2026\/01\/900-0-a3323ab3290e58f8e0094be8a7b05d64.webp?fit=900%2C506&ssl=1&resize=700%2C400 2x"},"classes":[]},{"id":63451,"url":"https:\/\/www.shqiperia.com\/blog\/shkolla-shqipe-e-cila-u-krijua-nga-refugjatet-ne-venedik\/","url_meta":{"origin":96999,"position":5},"title":"Shkolla shqipe e cila u krijua nga refugjat\u00ebt n\u00eb Venedik","author":"Kurt Farka","date":"October 21, 2022","format":false,"excerpt":"21 Tetor 2022 P\u00ebr disa mund t\u00eb jet\u00eb befasi kur m\u00ebsojn\u00eb se n\u00eb qytetin e bukur t\u00eb Venedikut (Venezia) n\u00eb Itali u vendos\u00ebn fisi ilir i Venet\u00ebve, rreth vitit 1200 para Krishtit. Po aq interesant mund t\u00eb jet\u00eb fakti se nj\u00eb shkoll\u00eb shqipe (Scuola Albanesi) n\u00eb kuptimin e nj\u00eb v\u00ebllaz\u00ebrie\u2026","rel":"","context":"In &quot;Arte&quot;","block_context":{"text":"Arte","link":"https:\/\/www.shqiperia.com\/blog\/category\/arte\/"},"img":{"alt_text":"","src":"https:\/\/i0.wp.com\/www.shqiperia.com\/blog\/wp-content\/uploads\/2022\/10\/Screenshot-2022-10-17-214757.jpg?fit=1201%2C651&ssl=1&resize=350%2C200","width":350,"height":200,"srcset":"https:\/\/i0.wp.com\/www.shqiperia.com\/blog\/wp-content\/uploads\/2022\/10\/Screenshot-2022-10-17-214757.jpg?fit=1201%2C651&ssl=1&resize=350%2C200 1x, https:\/\/i0.wp.com\/www.shqiperia.com\/blog\/wp-content\/uploads\/2022\/10\/Screenshot-2022-10-17-214757.jpg?fit=1201%2C651&ssl=1&resize=525%2C300 1.5x, https:\/\/i0.wp.com\/www.shqiperia.com\/blog\/wp-content\/uploads\/2022\/10\/Screenshot-2022-10-17-214757.jpg?fit=1201%2C651&ssl=1&resize=700%2C400 2x, https:\/\/i0.wp.com\/www.shqiperia.com\/blog\/wp-content\/uploads\/2022\/10\/Screenshot-2022-10-17-214757.jpg?fit=1201%2C651&ssl=1&resize=1050%2C600 3x"},"classes":[]}],"_links":{"self":[{"href":"https:\/\/www.shqiperia.com\/blog\/wp-json\/wp\/v2\/posts\/96999","targetHints":{"allow":["GET"]}}],"collection":[{"href":"https:\/\/www.shqiperia.com\/blog\/wp-json\/wp\/v2\/posts"}],"about":[{"href":"https:\/\/www.shqiperia.com\/blog\/wp-json\/wp\/v2\/types\/post"}],"author":[{"embeddable":true,"href":"https:\/\/www.shqiperia.com\/blog\/wp-json\/wp\/v2\/users\/9"}],"replies":[{"embeddable":true,"href":"https:\/\/www.shqiperia.com\/blog\/wp-json\/wp\/v2\/comments?post=96999"}],"version-history":[{"count":1,"href":"https:\/\/www.shqiperia.com\/blog\/wp-json\/wp\/v2\/posts\/96999\/revisions"}],"predecessor-version":[{"id":97001,"href":"https:\/\/www.shqiperia.com\/blog\/wp-json\/wp\/v2\/posts\/96999\/revisions\/97001"}],"wp:featuredmedia":[{"embeddable":true,"href":"https:\/\/www.shqiperia.com\/blog\/wp-json\/wp\/v2\/media\/97000"}],"wp:attachment":[{"href":"https:\/\/www.shqiperia.com\/blog\/wp-json\/wp\/v2\/media?parent=96999"}],"wp:term":[{"taxonomy":"category","embeddable":true,"href":"https:\/\/www.shqiperia.com\/blog\/wp-json\/wp\/v2\/categories?post=96999"},{"taxonomy":"post_tag","embeddable":true,"href":"https:\/\/www.shqiperia.com\/blog\/wp-json\/wp\/v2\/tags?post=96999"}],"curies":[{"name":"wp","href":"https:\/\/api.w.org\/{rel}","templated":true}]}}