{"id":96996,"date":"2026-01-27T12:27:04","date_gmt":"2026-01-27T12:27:04","guid":{"rendered":"https:\/\/www.shqiperia.com\/blog\/?p=96996"},"modified":"2026-01-27T12:27:04","modified_gmt":"2026-01-27T12:27:04","slug":"e-turpshme-ministrja-kociu-thyen-heshtjen-per-shoqerimin-e-te-miturit-gjate-protestes-po-qellonte-efektivet-me-gure","status":"publish","type":"post","link":"https:\/\/www.shqiperia.com\/blog\/e-turpshme-ministrja-kociu-thyen-heshtjen-per-shoqerimin-e-te-miturit-gjate-protestes-po-qellonte-efektivet-me-gure\/","title":{"rendered":"E turpshme: &#8211; Ministrja Ko\u00e7iu thyen heshtjen p\u00ebr shoq\u00ebrimin e t\u00eb miturit gjat\u00eb protest\u00ebs: Po q\u00ebllonte efektiv\u00ebt me gur\u00eb"},"content":{"rendered":"<div class=\"firstP\">\n<div id=\"attachment_96997\" style=\"width: 706px\" class=\"wp-caption alignnone\"><img data-recalc-dims=\"1\" loading=\"lazy\" decoding=\"async\" aria-describedby=\"caption-attachment-96997\" data-attachment-id=\"96997\" data-permalink=\"https:\/\/www.shqiperia.com\/blog\/e-turpshme-ministrja-kociu-thyen-heshtjen-per-shoqerimin-e-te-miturit-gjate-protestes-po-qellonte-efektivet-me-gure\/mixcollage-27-jan-2026-01-08-pm-5837-800x450\/\" data-orig-file=\"https:\/\/i0.wp.com\/www.shqiperia.com\/blog\/wp-content\/uploads\/2026\/01\/MixCollage-27-Jan-2026-01-08-PM-5837-800x450-1.webp?fit=800%2C450&amp;ssl=1\" data-orig-size=\"800,450\" data-comments-opened=\"1\" data-image-meta=\"{&quot;aperture&quot;:&quot;0&quot;,&quot;credit&quot;:&quot;&quot;,&quot;camera&quot;:&quot;&quot;,&quot;caption&quot;:&quot;&quot;,&quot;created_timestamp&quot;:&quot;0&quot;,&quot;copyright&quot;:&quot;&quot;,&quot;focal_length&quot;:&quot;0&quot;,&quot;iso&quot;:&quot;0&quot;,&quot;shutter_speed&quot;:&quot;0&quot;,&quot;title&quot;:&quot;&quot;,&quot;orientation&quot;:&quot;0&quot;}\" data-image-title=\"Albana Ko\u00e7iu\" data-image-description=\"\" data-image-caption=\"&lt;p&gt;Albana Ko\u00e7iu &lt;\/p&gt;\n\" data-medium-file=\"https:\/\/i0.wp.com\/www.shqiperia.com\/blog\/wp-content\/uploads\/2026\/01\/MixCollage-27-Jan-2026-01-08-PM-5837-800x450-1.webp?fit=300%2C169&amp;ssl=1\" data-large-file=\"https:\/\/i0.wp.com\/www.shqiperia.com\/blog\/wp-content\/uploads\/2026\/01\/MixCollage-27-Jan-2026-01-08-PM-5837-800x450-1.webp?fit=800%2C450&amp;ssl=1\" class=\" wp-image-96997\" alt=\"\" src=\"https:\/\/i0.wp.com\/www.shqiperia.com\/blog\/wp-content\/uploads\/2026\/01\/MixCollage-27-Jan-2026-01-08-PM-5837-800x450-1.webp?resize=696%2C392&#038;ssl=1\" width=\"696\" height=\"392\" srcset=\"https:\/\/i0.wp.com\/www.shqiperia.com\/blog\/wp-content\/uploads\/2026\/01\/MixCollage-27-Jan-2026-01-08-PM-5837-800x450-1.webp?resize=300%2C169&amp;ssl=1 300w, https:\/\/i0.wp.com\/www.shqiperia.com\/blog\/wp-content\/uploads\/2026\/01\/MixCollage-27-Jan-2026-01-08-PM-5837-800x450-1.webp?resize=768%2C432&amp;ssl=1 768w, https:\/\/i0.wp.com\/www.shqiperia.com\/blog\/wp-content\/uploads\/2026\/01\/MixCollage-27-Jan-2026-01-08-PM-5837-800x450-1.webp?resize=450%2C253&amp;ssl=1 450w, https:\/\/i0.wp.com\/www.shqiperia.com\/blog\/wp-content\/uploads\/2026\/01\/MixCollage-27-Jan-2026-01-08-PM-5837-800x450-1.webp?resize=600%2C338&amp;ssl=1 600w, https:\/\/i0.wp.com\/www.shqiperia.com\/blog\/wp-content\/uploads\/2026\/01\/MixCollage-27-Jan-2026-01-08-PM-5837-800x450-1.webp?resize=400%2C225&amp;ssl=1 400w, https:\/\/i0.wp.com\/www.shqiperia.com\/blog\/wp-content\/uploads\/2026\/01\/MixCollage-27-Jan-2026-01-08-PM-5837-800x450-1.webp?w=800&amp;ssl=1 800w\" sizes=\"auto, (max-width: 696px) 100vw, 696px\" \/><p id=\"caption-attachment-96997\" class=\"wp-caption-text\">Albana Ko\u00e7iu<\/p><\/div>\n<p>27 Janar 2026<\/p>\n<p>Ministrja e Brendshme, Albana Ko\u00e7iu ka folur lidhur me protest\u00ebn e fundit t\u00eb opozit\u00ebs ku p\u00ebr shkak t\u00eb tensioneve, u shoq\u00ebrua n\u00eb komisariat nj\u00eb i mitur 14-vje\u00e7ar.<\/p>\n<\/div>\n<p data-start=\"224\" data-end=\"1883\">\u201cAkti normativ \u00ebsht\u00eb i r\u00ebnd\u00ebsish\u00ebm edhe p\u00ebr ministrin\u00eb e Pun\u00ebve t\u00eb Brendshme. Do t\u00eb b\u00ebjm\u00eb t\u00eb mundur t\u00eb kemi m\u00eb shum\u00eb mb\u00ebshtetje p\u00ebr t\u00eb gjitha institucionet e ministris\u00eb s\u00eb Brendshme, Policia apo Garda. Garda do t\u00eb vazhdoj\u00eb t\u00eb marr\u00eb mb\u00ebshtetje dhe do t\u00eb vijoj\u00eb mb\u00ebshtetja edhe p\u00ebr punonj\u00ebsit e policis\u00eb.<\/p>\n<p data-start=\"224\" data-end=\"1883\">Me protest\u00ebn q\u00eb u zhvillua dit\u00ebn e shtun\u00eb dhe rolin e policis\u00eb s\u00eb shtetit n\u00eb k\u00ebt\u00eb protest\u00eb. Diskutimi k\u00ebtu p\u00ebrballi punonj\u00ebsit e policis\u00eb s\u00eb shtetit. Kam detyrimin moral p\u00ebr t\u00eb garantuar qytetar\u00ebt q\u00eb policia e kreu detyr\u00ebn m\u00eb s\u00eb miri. Nuk u ushtrua dhun\u00eb ndaj protestuesve, por policia u p\u00ebrball me dhun\u00eb, u sulmuan me Molotov, l\u00ebnd\u00eb piroteknike dhe sende t\u00eb forta, duke u l\u00ebnduar 11 prej tyre.<br data-start=\"921\" data-end=\"924\" \/>Policia ka vepruar sipas rregullave, ka b\u00ebr\u00eb thirrje t\u00eb vazhdueshme p\u00ebr ruajtjen e qet\u00ebsis\u00eb, kur k\u00ebto u shp\u00ebrfill\u00ebn, u nd\u00ebrmorr\u00ebn masa p\u00ebr shp\u00ebrndarjen e turm\u00ebs sipas rregullores. Akuzat jan\u00eb t\u00eb pav\u00ebrteta dhe t\u00eb pabazuara. \u00c7do veprim \u00ebsht\u00eb kryer sipas ligjit. E drejta p\u00ebr protest\u00eb \u00ebsht\u00eb kushtetuese, por dhuna nuk \u00ebsht\u00eb nj\u00eb e drejt\u00eb.<\/p>\n<p data-start=\"224\" data-end=\"1883\">Dua t\u00eb ndalem te rasti i diskutuar p\u00ebr t\u00eb p\u00ebrdorur opinionin publik dhe manipulimin politik. Rasti i shoq\u00ebrimit t\u00eb nj\u00eb t\u00eb mituri, gjat\u00eb veprimeve t\u00eb policis\u00eb s\u00eb shtetit, u konstatua i mituri duke gjuajtur me gur\u00eb dhe sende t\u00eb forta drejt polic\u00ebve. P\u00ebr t\u00eb mbrojtur jet\u00ebn e polic\u00ebve dhe vet\u00eb t\u00eb miturit, ai u mor p\u00ebr verifikim. B\u00ebhej fjal\u00eb p\u00ebr nj\u00eb 14-vje\u00e7ar, n\u00eb asnj\u00eb moment nuk \u00ebsht\u00eb trajtuar n\u00eb m\u00ebnyr\u00eb t\u00eb paligjshme apo \u00e7njer\u00ebzore. Ka q\u00ebndruar n\u00eb nj\u00eb ambient t\u00eb p\u00ebrshtatsh\u00ebm n\u00eb p\u00ebrputhje me standardet p\u00ebr mbrojtjen e t\u00eb miturve. Askush nuk \u00ebsht\u00eb mbi ligjin, askush nuk duhet t\u00eb p\u00ebrdor\u00eb f\u00ebmij\u00ebt p\u00ebr t\u00eb justifikuar dhun\u00ebn\u201d-u shpreh Ko\u00e7iu.<\/p>\n","protected":false},"excerpt":{"rendered":"<p>27 Janar 2026 Ministrja e Brendshme, Albana Ko\u00e7iu ka folur lidhur me protest\u00ebn e fundit t\u00eb opozit\u00ebs ku p\u00ebr shkak t\u00eb tensioneve, u shoq\u00ebrua n\u00eb komisariat nj\u00eb i mitur 14-vje\u00e7ar. \u201cAkti normativ \u00ebsht\u00eb i r\u00ebnd\u00ebsish\u00ebm edhe p\u00ebr ministrin\u00eb e Pun\u00ebve t\u00eb Brendshme. Do t\u00eb b\u00ebjm\u00eb t\u00eb mundur t\u00eb kemi m\u00eb shum\u00eb mb\u00ebshtetje p\u00ebr t\u00eb gjitha [&hellip;]<\/p>\n","protected":false},"author":9,"featured_media":96997,"comment_status":"open","ping_status":"open","sticky":false,"template":"","format":"standard","meta":{"jetpack_post_was_ever_published":false,"_jetpack_newsletter_access":"","_jetpack_dont_email_post_to_subs":false,"_jetpack_newsletter_tier_id":0,"_jetpack_memberships_contains_paywalled_content":false,"_jetpack_memberships_contains_paid_content":false,"footnotes":"","jetpack_publicize_message":"","jetpack_publicize_feature_enabled":true,"jetpack_social_post_already_shared":true,"jetpack_social_options":{"image_generator_settings":{"template":"highway","default_image_id":0,"font":"","enabled":false},"version":2}},"categories":[27,1,2,14,35],"tags":[],"class_list":["post-96996","post","type-post","status-publish","format-standard","has-post-thumbnail","hentry","category-blogu-i-udhetarit","category-njoftime-shtypi","category-politika","category-press-releases","category-shoqerore"],"jetpack_publicize_connections":[],"jetpack_featured_media_url":"https:\/\/i0.wp.com\/www.shqiperia.com\/blog\/wp-content\/uploads\/2026\/01\/MixCollage-27-Jan-2026-01-08-PM-5837-800x450-1.webp?fit=800%2C450&ssl=1","jetpack_sharing_enabled":true,"jetpack_shortlink":"https:\/\/wp.me\/p5Z6wp-pes","jetpack-related-posts":[{"id":97855,"url":"https:\/\/www.shqiperia.com\/blog\/atentati-ndaj-altin-dumanit-ministrja-e-brendshme-konfirmon-rritjen-e-masave-te-sigurise-per-ish-kreun-e-spak\/","url_meta":{"origin":96996,"position":0},"title":"Atentati ndaj Altin Dumanit\/ Ministrja e Brendshme konfirmon rritjen e masave t\u00eb siguris\u00eb , p\u00ebr ish-kreun e SPAK","author":"Kurt Farka","date":"February 21, 2026","format":false,"excerpt":"21 Shkurt 2026 Nga: Gazeta Sot Rriten masat e siguris\u00eb p\u00ebr ish-kreun e SPAK, Altin Dumani, pas zbulimit t\u00eb nj\u00eb plani t\u00eb strukturuar p\u00ebr eliminimin e tij fizik. Ministrja e Brendshme, Albana Ko\u00e7iu, ka mohuar dje lajmet\u00a0e fundit q\u00eb u raportuan n\u00eb media\u00a0se Garda e Republik\u00ebs nuk ka zbatuar vendimin\u2026","rel":"","context":"In &quot;Blogu i Udh\u00ebtarit&quot;","block_context":{"text":"Blogu i Udh\u00ebtarit","link":"https:\/\/www.shqiperia.com\/blog\/category\/blogu-i-udhetarit\/"},"img":{"alt_text":"","src":"https:\/\/i0.wp.com\/www.shqiperia.com\/blog\/wp-content\/uploads\/2026\/02\/Altin-Dumani.jpeg?fit=996%2C570&ssl=1&resize=350%2C200","width":350,"height":200,"srcset":"https:\/\/i0.wp.com\/www.shqiperia.com\/blog\/wp-content\/uploads\/2026\/02\/Altin-Dumani.jpeg?fit=996%2C570&ssl=1&resize=350%2C200 1x, https:\/\/i0.wp.com\/www.shqiperia.com\/blog\/wp-content\/uploads\/2026\/02\/Altin-Dumani.jpeg?fit=996%2C570&ssl=1&resize=525%2C300 1.5x, https:\/\/i0.wp.com\/www.shqiperia.com\/blog\/wp-content\/uploads\/2026\/02\/Altin-Dumani.jpeg?fit=996%2C570&ssl=1&resize=700%2C400 2x"},"classes":[]},{"id":55530,"url":"https:\/\/www.shqiperia.com\/blog\/ne-banese-iu-gjeten-vepra-arti-me-vlere-8-mln-euro-kush-eshte-artan-kociu-61-vjecari-i-arrestuar-ne-2013-n-per-fshehje-te-thesareve-kulturorelexime-17-03-22-nje-61-vjecar-nga-tirana-i-cili-hiqe\/","url_meta":{"origin":96996,"position":1},"title":"N\u00eb banes\u00eb iu gjet\u00ebn vepra arti me vler\u00eb 8 mln euro. &#8211; Kush \u00ebsht\u00eb Artan Ko\u00e7iu, 61-vje\u00e7ari i arrestuar n\u00eb 2013-n p\u00ebr fshehje t\u00eb thesareve kulturore","author":"Kurt Farka","date":"March 17, 2022","format":false,"excerpt":"N\u00eb banes\u00eb iu gjet\u00ebn vepra arti me vler\u00eb 8 mln euro. - Kush \u00ebsht\u00eb Artan Ko\u00e7iu, 61-vje\u00e7ari i arrestuar n\u00eb 2013-n p\u00ebr fshehje t\u00eb thesareve kulturoreLexime - 17.03.22 Nj\u00eb 61-vje\u00e7ar nga Tirana, i cili hiqej si zdrukth\u00ebtar, ka r\u00ebn\u00eb n\u00eb prangat e policis\u00eb s\u00eb kryeqytetit, pasi iu gjet\u00ebn n\u00eb sht\u00ebpi\u2026","rel":"","context":"In &quot;Arte&quot;","block_context":{"text":"Arte","link":"https:\/\/www.shqiperia.com\/blog\/category\/arte\/"},"img":{"alt_text":"","src":"https:\/\/i0.wp.com\/www.shqiperia.com\/blog\/wp-content\/uploads\/2022\/03\/800-0-d4f53c71413d33e519bb15359fa4a7fb-768x512-1.jpg?fit=768%2C442&ssl=1&resize=350%2C200","width":350,"height":200,"srcset":"https:\/\/i0.wp.com\/www.shqiperia.com\/blog\/wp-content\/uploads\/2022\/03\/800-0-d4f53c71413d33e519bb15359fa4a7fb-768x512-1.jpg?fit=768%2C442&ssl=1&resize=350%2C200 1x, https:\/\/i0.wp.com\/www.shqiperia.com\/blog\/wp-content\/uploads\/2022\/03\/800-0-d4f53c71413d33e519bb15359fa4a7fb-768x512-1.jpg?fit=768%2C442&ssl=1&resize=525%2C300 1.5x, https:\/\/i0.wp.com\/www.shqiperia.com\/blog\/wp-content\/uploads\/2022\/03\/800-0-d4f53c71413d33e519bb15359fa4a7fb-768x512-1.jpg?fit=768%2C442&ssl=1&resize=700%2C400 2x"},"classes":[]},{"id":97911,"url":"https:\/\/www.shqiperia.com\/blog\/nga-vlora-e-mallakastra-ne-protesten-kunder-resortit-ne-rrjoll-arrestohet-nje-banor\/","url_meta":{"origin":96996,"position":2},"title":"Nga Vlora e Mallakastra n\u00eb protest\u00ebn kund\u00ebr resortit n\u00eb Rrjoll, arrestohet nj\u00eb banor","author":"Kurt Farka","date":"February 22, 2026","format":false,"excerpt":"22 Shkurt 2026 Banor\u00ebt e fshatit Rrjoll n\u00eb Velipoj\u00eb t\u00eb Shkodr\u00ebs kan\u00eb dal\u00eb s\u00ebrish n\u00eb protest\u00eb dit\u00ebn e sotme, kund\u00ebr nd\u00ebrtimit t\u00eb resortit luksoz \u201cBlu Borgo\u201d t\u00eb nd\u00ebrtuesit dhe botuesit Bashkim Ulaj. Ata jan\u00eb zotuar t\u00eb mbrojn\u00eb me \u00e7do kusht tok\u00ebn dhe t\u00eb mos lejojn\u00eb grabitjen e pron\u00ebs nga oligarku\u2026","rel":"","context":"In &quot;Blogu i Udh\u00ebtarit&quot;","block_context":{"text":"Blogu i Udh\u00ebtarit","link":"https:\/\/www.shqiperia.com\/blog\/category\/blogu-i-udhetarit\/"},"img":{"alt_text":"","src":"https:\/\/i0.wp.com\/www.shqiperia.com\/blog\/wp-content\/uploads\/2026\/02\/1771762546_proteste.webp?fit=780%2C440&ssl=1&resize=350%2C200","width":350,"height":200,"srcset":"https:\/\/i0.wp.com\/www.shqiperia.com\/blog\/wp-content\/uploads\/2026\/02\/1771762546_proteste.webp?fit=780%2C440&ssl=1&resize=350%2C200 1x, https:\/\/i0.wp.com\/www.shqiperia.com\/blog\/wp-content\/uploads\/2026\/02\/1771762546_proteste.webp?fit=780%2C440&ssl=1&resize=525%2C300 1.5x, https:\/\/i0.wp.com\/www.shqiperia.com\/blog\/wp-content\/uploads\/2026\/02\/1771762546_proteste.webp?fit=780%2C440&ssl=1&resize=700%2C400 2x"},"classes":[]},{"id":97865,"url":"https:\/\/www.shqiperia.com\/blog\/france24-akuzat-per-korrupsion-qeveritar-cojne-ne-perleshje-mes-policise-dhe-qytetareve-ne-tirane\/","url_meta":{"origin":96996,"position":3},"title":"France24: &#8211; Akuzat p\u00ebr korrupsion qeveritar \u00e7ojn\u00eb n\u00eb p\u00ebrleshje mes policis\u00eb dhe qytetar\u00ebve n\u00eb Tiran\u00eb","author":"Kurt Farka","date":"February 21, 2026","format":false,"excerpt":"21 Shkurt 2026 Policia shqiptare t\u00eb premten p\u00ebrdori topa uji dhe gaz lotsjell\u00ebs p\u00ebr t\u00eb shp\u00ebrndar\u00eb protestat e reja kund\u00ebr korrupsionit nga demonstruesit e krahut t\u00eb djatht\u00eb t\u00eb opozit\u00ebs, t\u00eb cil\u00ebt hodh\u00ebn fishekzjarr\u00eb dhe bomba molotov t\u00eb b\u00ebra vet\u00eb, raporton media shtet\u00ebrore franceze, France24. Mij\u00ebra mb\u00ebshtet\u00ebs t\u00eb Partis\u00eb Demokratike (PD)\u2026","rel":"","context":"In &quot;Blogu i Udh\u00ebtarit&quot;","block_context":{"text":"Blogu i Udh\u00ebtarit","link":"https:\/\/www.shqiperia.com\/blog\/category\/blogu-i-udhetarit\/"},"img":{"alt_text":"","src":"https:\/\/i0.wp.com\/www.shqiperia.com\/blog\/wp-content\/uploads\/2026\/02\/600-388-e087bab0feeb240bcdbeb5f88f388253.jpeg?fit=600%2C388&ssl=1&resize=350%2C200","width":350,"height":200,"srcset":"https:\/\/i0.wp.com\/www.shqiperia.com\/blog\/wp-content\/uploads\/2026\/02\/600-388-e087bab0feeb240bcdbeb5f88f388253.jpeg?fit=600%2C388&ssl=1&resize=350%2C200 1x, https:\/\/i0.wp.com\/www.shqiperia.com\/blog\/wp-content\/uploads\/2026\/02\/600-388-e087bab0feeb240bcdbeb5f88f388253.jpeg?fit=600%2C388&ssl=1&resize=525%2C300 1.5x"},"classes":[]},{"id":80755,"url":"https:\/\/www.shqiperia.com\/blog\/projektligji-per-shendetin-riprodhues-e-nenat-me-qira-kociu-nuk-ka-qellim-komercial\/","url_meta":{"origin":96996,"position":4},"title":"Projektligji p\u00ebr sh\u00ebndetin riprodhues e n\u00ebnat \u201cme qira\u201d.  Ko\u00e7iu: Nuk ka q\u00ebllim komercial!","author":"Kurt Farka","date":"May 7, 2024","format":false,"excerpt":"7 Maji 2024 Ligji p\u00ebr sh\u00ebndetin riprodhues \u00ebsht\u00eb nj\u00eb domosdoshm\u00ebri p\u00ebr t\u00eb azhornuar n\u00eb ligj me t\u00eb rejat e koh\u00ebs. K\u00ebshtu deklaroi ministrja e Sh\u00ebndet\u00ebsis\u00eb dhe Mbrojtjes Sociale, Albana Ko\u00e7iu, gjat\u00eb nj\u00eb intervist\u00eb p\u00ebr emisionin \u201cReal Story\u201d n\u00eb\u00a0ABC News. Ministrja ftoi t\u00eb gjith\u00eb ata q\u00eb kund\u00ebrshtojn\u00eb surrogacin\u00eb, krahas kund\u00ebrshtimit n\u00eb\u2026","rel":"","context":"In &quot;Blogu i Udh\u00ebtarit&quot;","block_context":{"text":"Blogu i Udh\u00ebtarit","link":"https:\/\/www.shqiperia.com\/blog\/category\/blogu-i-udhetarit\/"},"img":{"alt_text":"","src":"https:\/\/i0.wp.com\/www.shqiperia.com\/blog\/wp-content\/uploads\/2024\/05\/thumbs_b_c_03db72df39d1ceff7cecde3cc61eff36.jpg?fit=858%2C486&ssl=1&resize=350%2C200","width":350,"height":200,"srcset":"https:\/\/i0.wp.com\/www.shqiperia.com\/blog\/wp-content\/uploads\/2024\/05\/thumbs_b_c_03db72df39d1ceff7cecde3cc61eff36.jpg?fit=858%2C486&ssl=1&resize=350%2C200 1x, https:\/\/i0.wp.com\/www.shqiperia.com\/blog\/wp-content\/uploads\/2024\/05\/thumbs_b_c_03db72df39d1ceff7cecde3cc61eff36.jpg?fit=858%2C486&ssl=1&resize=525%2C300 1.5x, https:\/\/i0.wp.com\/www.shqiperia.com\/blog\/wp-content\/uploads\/2024\/05\/thumbs_b_c_03db72df39d1ceff7cecde3cc61eff36.jpg?fit=858%2C486&ssl=1&resize=700%2C400 2x"},"classes":[]},{"id":41710,"url":"https:\/\/www.shqiperia.com\/blog\/turma-del-jashte-kontrollit-para-ministrise-se-brendshme-plagoset-kengetari-i-cili-po-udheheq-protesten\/","url_meta":{"origin":96996,"position":5},"title":"Turma del jasht\u00eb kontrollit para Ministris\u00eb s\u00eb Brendshme, plagoset k\u00ebng\u00ebtari i cili po udh\u00ebheq protest\u00ebn","author":"Kurt Farka","date":"December 9, 2020","format":false,"excerpt":"Turma del jasht\u00eb kontrollit para Ministris\u00eb s\u00eb Brendshme, plagoset k\u00ebng\u00ebtari i cili po udh\u00ebheq protest\u00ebn 9 DHJETOR 2020 N\u00eb protest\u00ebn q\u00eb po b\u00ebhet p\u00ebrpara ministris\u00eb s\u00eb Brendshme \u00ebsht\u00eb i pranish\u00ebm edhe reperi Stresi. Nd\u00ebrsa situata tashm\u00eb \u00ebsht\u00eb p\u00ebrshkall\u00ebzuar, m\u00ebsohet se Stresi ka marr\u00eb disa l\u00ebndime. P\u00ebr momentin turma ka dal\u00eb\u2026","rel":"","context":"In &quot;Blogu i Udh\u00ebtarit&quot;","block_context":{"text":"Blogu i Udh\u00ebtarit","link":"https:\/\/www.shqiperia.com\/blog\/category\/blogu-i-udhetarit\/"},"img":{"alt_text":"","src":"https:\/\/i0.wp.com\/www.shqiperia.com\/blog\/wp-content\/uploads\/2020\/12\/640-0-5fd0f7d2a4f4a.png?fit=640%2C305&ssl=1&resize=350%2C200","width":350,"height":200,"srcset":"https:\/\/i0.wp.com\/www.shqiperia.com\/blog\/wp-content\/uploads\/2020\/12\/640-0-5fd0f7d2a4f4a.png?fit=640%2C305&ssl=1&resize=350%2C200 1x, https:\/\/i0.wp.com\/www.shqiperia.com\/blog\/wp-content\/uploads\/2020\/12\/640-0-5fd0f7d2a4f4a.png?fit=640%2C305&ssl=1&resize=525%2C300 1.5x"},"classes":[]}],"_links":{"self":[{"href":"https:\/\/www.shqiperia.com\/blog\/wp-json\/wp\/v2\/posts\/96996","targetHints":{"allow":["GET"]}}],"collection":[{"href":"https:\/\/www.shqiperia.com\/blog\/wp-json\/wp\/v2\/posts"}],"about":[{"href":"https:\/\/www.shqiperia.com\/blog\/wp-json\/wp\/v2\/types\/post"}],"author":[{"embeddable":true,"href":"https:\/\/www.shqiperia.com\/blog\/wp-json\/wp\/v2\/users\/9"}],"replies":[{"embeddable":true,"href":"https:\/\/www.shqiperia.com\/blog\/wp-json\/wp\/v2\/comments?post=96996"}],"version-history":[{"count":1,"href":"https:\/\/www.shqiperia.com\/blog\/wp-json\/wp\/v2\/posts\/96996\/revisions"}],"predecessor-version":[{"id":96998,"href":"https:\/\/www.shqiperia.com\/blog\/wp-json\/wp\/v2\/posts\/96996\/revisions\/96998"}],"wp:featuredmedia":[{"embeddable":true,"href":"https:\/\/www.shqiperia.com\/blog\/wp-json\/wp\/v2\/media\/96997"}],"wp:attachment":[{"href":"https:\/\/www.shqiperia.com\/blog\/wp-json\/wp\/v2\/media?parent=96996"}],"wp:term":[{"taxonomy":"category","embeddable":true,"href":"https:\/\/www.shqiperia.com\/blog\/wp-json\/wp\/v2\/categories?post=96996"},{"taxonomy":"post_tag","embeddable":true,"href":"https:\/\/www.shqiperia.com\/blog\/wp-json\/wp\/v2\/tags?post=96996"}],"curies":[{"name":"wp","href":"https:\/\/api.w.org\/{rel}","templated":true}]}}