{"id":96991,"date":"2026-01-26T22:36:39","date_gmt":"2026-01-26T22:36:39","guid":{"rendered":"https:\/\/www.shqiperia.com\/blog\/?p=96991"},"modified":"2026-01-26T22:36:55","modified_gmt":"2026-01-26T22:36:55","slug":"zbulohet-99-ci-qe-pergatiti-padine-ndaj-prokurorit-ols-dado-per-llogari-te-zdromsit","status":"publish","type":"post","link":"https:\/\/www.shqiperia.com\/blog\/zbulohet-99-ci-qe-pergatiti-padine-ndaj-prokurorit-ols-dado-per-llogari-te-zdromsit\/","title":{"rendered":"Zbulohet &#8220;99-\u00e7i&#8221; q\u00eb p\u00ebrgatiti padin\u00eb ndaj prokurorit Ols Dado p\u00ebr llogari t\u00eb &#8220;Zdromsit&#8221;"},"content":{"rendered":"<div id=\"attachment_96993\" style=\"width: 672px\" class=\"wp-caption alignnone\"><img data-recalc-dims=\"1\" loading=\"lazy\" decoding=\"async\" aria-describedby=\"caption-attachment-96993\" data-attachment-id=\"96993\" data-permalink=\"https:\/\/www.shqiperia.com\/blog\/zbulohet-99-ci-qe-pergatiti-padine-ndaj-prokurorit-ols-dado-per-llogari-te-zdromsit\/foto-arkiv-veliaj-ndreca\/\" data-orig-file=\"https:\/\/i0.wp.com\/www.shqiperia.com\/blog\/wp-content\/uploads\/2026\/01\/Foto-Arkiv-Veliaj-Ndreca.jpg?fit=780%2C440&amp;ssl=1\" data-orig-size=\"780,440\" data-comments-opened=\"1\" data-image-meta=\"{&quot;aperture&quot;:&quot;0&quot;,&quot;credit&quot;:&quot;&quot;,&quot;camera&quot;:&quot;&quot;,&quot;caption&quot;:&quot;&quot;,&quot;created_timestamp&quot;:&quot;0&quot;,&quot;copyright&quot;:&quot;&quot;,&quot;focal_length&quot;:&quot;0&quot;,&quot;iso&quot;:&quot;0&quot;,&quot;shutter_speed&quot;:&quot;0&quot;,&quot;title&quot;:&quot;&quot;,&quot;orientation&quot;:&quot;0&quot;}\" data-image-title=\"Foto Arkiv Veliaj &#8211; Ndreca\" data-image-description=\"\" data-image-caption=\"&lt;p&gt;Foto Arkiv Veliaj &#8211; Ndreca&lt;\/p&gt;\n\" data-medium-file=\"https:\/\/i0.wp.com\/www.shqiperia.com\/blog\/wp-content\/uploads\/2026\/01\/Foto-Arkiv-Veliaj-Ndreca.jpg?fit=300%2C169&amp;ssl=1\" data-large-file=\"https:\/\/i0.wp.com\/www.shqiperia.com\/blog\/wp-content\/uploads\/2026\/01\/Foto-Arkiv-Veliaj-Ndreca.jpg?fit=780%2C440&amp;ssl=1\" class=\" wp-image-96993\" alt=\"\" src=\"https:\/\/i0.wp.com\/www.shqiperia.com\/blog\/wp-content\/uploads\/2026\/01\/Foto-Arkiv-Veliaj-Ndreca.jpg?resize=662%2C373&#038;ssl=1\" width=\"662\" height=\"373\" srcset=\"https:\/\/i0.wp.com\/www.shqiperia.com\/blog\/wp-content\/uploads\/2026\/01\/Foto-Arkiv-Veliaj-Ndreca.jpg?resize=300%2C169&amp;ssl=1 300w, https:\/\/i0.wp.com\/www.shqiperia.com\/blog\/wp-content\/uploads\/2026\/01\/Foto-Arkiv-Veliaj-Ndreca.jpg?resize=768%2C433&amp;ssl=1 768w, https:\/\/i0.wp.com\/www.shqiperia.com\/blog\/wp-content\/uploads\/2026\/01\/Foto-Arkiv-Veliaj-Ndreca.jpg?resize=450%2C254&amp;ssl=1 450w, https:\/\/i0.wp.com\/www.shqiperia.com\/blog\/wp-content\/uploads\/2026\/01\/Foto-Arkiv-Veliaj-Ndreca.jpg?resize=600%2C338&amp;ssl=1 600w, https:\/\/i0.wp.com\/www.shqiperia.com\/blog\/wp-content\/uploads\/2026\/01\/Foto-Arkiv-Veliaj-Ndreca.jpg?resize=400%2C226&amp;ssl=1 400w, https:\/\/i0.wp.com\/www.shqiperia.com\/blog\/wp-content\/uploads\/2026\/01\/Foto-Arkiv-Veliaj-Ndreca.jpg?w=780&amp;ssl=1 780w\" sizes=\"auto, (max-width: 662px) 100vw, 662px\" \/><p id=\"caption-attachment-96993\" class=\"wp-caption-text\">Foto Arkiv: Veliaj &#8211; Ndreca<\/p><\/div>\n<p>26 Janar 2026<\/p>\n<p>Kryebashkiaku i arrestuar i Tiran\u00ebs, Erion Veliaj vijoi sulmin e tij t\u00eb radh\u00ebs me drejt\u00ebsin\u00eb, teksa pak dit\u00eb m\u00eb par\u00eb paditi n\u00eb Gjykat\u00ebn Administrative prokurorin e SPAK-ut, Ols Dado.<\/p>\n<p>N\u00eb fakt hetimet jan\u00eb kryer nga dy prokuror\u00eb Ols Dado dhe Altin Dumani, por k\u00ebtij t\u00eb fundit nuk guxon t&#8217;ia p\u00ebrmend\u00eb emrin. Nd\u00ebrsa ndaj Dados ka l\u00ebshuar mashtrime me shumic\u00eb deri n\u00eb institucione t\u00eb r\u00ebnd\u00ebsishme nd\u00ebrkomb\u00ebtare.<\/p>\n<p>K\u00ebrkes\u00eb-padia, drejtuar Gjykat\u00ebs Administrative t\u00eb Tiran\u00ebs, mban dat\u00ebn 20 janar 2026, p\u00ebrmes s\u00eb cil\u00ebs kryebashkiaku i arrestuar me 13 akuza t\u00eb r\u00ebnda penale, k\u00ebrkon nga qelia e tij shkarkimin e Dados dhe shpalljen e em\u00ebrimit t\u00eb tij t\u00eb paligjsh\u00ebm.<\/p>\n<div class=\"horizontal imazhiim\" data-mce-contenteditable=\"false\">\n<p><img data-recalc-dims=\"1\" loading=\"lazy\" decoding=\"async\" class=\"\" alt=\"FOTO+EMRI\/ Zbulohet &quot;99-\u00e7i&quot; q\u00eb p\u00ebrgatiti padin\u00eb\" src=\"https:\/\/i0.wp.com\/media.oranews.tv\/oranews.tv\/media3\/-640-0-640-0-1769435238xkerkese-padi-erioni-270-1769447109.png?resize=790%2C996&#038;ssl=1\" width=\"790\" height=\"996\" data-size=\"x\" data-id=\"795321\" data-mce-contenteditable=\"true\" \/><\/p>\n<div class=\"captionposhte\"><span class=\"tit\"><strong>K\u00ebrkesa e Veliajt ndaj Dados<\/strong><\/span><\/div>\n<\/div>\n<p>Veliaj \u00e7on nj\u00eb padi p\u00ebr t\u00eb nxitur nj\u00eb konflikt me prokurorin Dado, pas sulmeve t\u00eb p\u00ebrs\u00ebritura, q\u00eb tregojn\u00eb frik\u00ebn e Zdromsit p\u00ebr p\u00ebrballjen me drejt\u00ebsin\u00eb.<\/p>\n<p>Kall\u00ebzimi ndaj Dados p\u00ebrban hije t\u00eb err\u00ebta t\u00eb veprimit t\u00eb Veliajt, p\u00ebrmes bashk\u00ebpun\u00ebtor\u00ebve t\u00eb tij 99-\u00e7a t\u00eb shum\u00ebakuzuar apo n\u00ebn hetim p\u00ebr vepra t\u00eb ndryshme penale.<\/p>\n<p>Kjo padi sipas burimeve pran\u00eb stafit t\u00eb Veliajt, mban autor\u00ebsin\u00eb dhe fshihet edhe nj\u00eb em\u00ebr me akuz\u00eb apo dhe n\u00eb hetim nga SPAK, ai \u00ebsht\u00eb 99-\u00e7i, Plarent Ndreca.<\/p>\n<div class=\"horizontal imazhiim\" data-mce-contenteditable=\"false\">\n<p><img data-recalc-dims=\"1\" loading=\"lazy\" decoding=\"async\" class=\"\" alt=\"FOTO+EMRI\/ Zbulohet &quot;99-\u00e7i&quot; q\u00eb p\u00ebrgatiti padin\u00eb\" src=\"https:\/\/i0.wp.com\/media.oranews.tv\/oranews.tv\/media3\/-640-0-dc7dcaf135935561c374bf4b5e86b55e.jpg?resize=796%2C418&#038;ssl=1\" width=\"796\" height=\"418\" data-size=\"x\" data-id=\"795323\" data-mce-contenteditable=\"true\" \/><\/p>\n<div class=\"captionposhte\"><span class=\"tit\"><strong>N\u00eb foto: Plarent Ndreca<\/strong><\/span><\/div>\n<\/div>\n<p><strong>Por si lidhet Ndreca me \u00e7\u00ebshtjen e Veliajt dhe padin\u00eb ndaj Dados?<\/strong><\/p>\n<p>Si\u00e7 \u00ebsht\u00eb tashm\u00eb e publikuar me fakte e t\u00eb dh\u00ebna zyrtare, Ndreca \u00ebsht\u00eb nj\u00eb ish-99-\u00e7, i kthyer n\u00eb Rilindas dhe bashk\u00ebpun\u00ebtor i ngusht\u00eb i Zdromsit t\u00eb Bashkis\u00eb Tiran\u00eb, si\u00e7 vet\u00ebquhet kryebashkiaku. Ndreca ka ushtruar disa funksione publike. Ai ka qen\u00eb edhe deputet i Kuvendit t\u00eb Shqip\u00ebris\u00eb.<\/p>\n<p><strong>NDRECA N\u00cbN AKUZ\u00cb<\/strong><\/p>\n<p>M\u00eb dat\u00eb 27 n\u00ebntor 2024, p\u00ebrmes nj\u00eb njoftimi, Prokuroria e Posa\u00e7me b\u00ebri me dije se d\u00ebrgoi p\u00ebr gjykim 16 persona p\u00ebr shkelje n\u00eb tenderat publik\u00eb, mes s\u00eb cil\u00ebve edhe Plarent Ndrec\u00ebn.<\/p>\n<p>Plarent (Pjet\u00ebr) Ndreca akuzohej nga SPAK p\u00ebr kryerjen e vepr\u00ebs penale &#8220;Shkelja e barazis\u00eb s\u00eb pjes\u00ebmarr\u00ebsve n\u00eb tendera apo ankande publike&#8221;, kryer n\u00eb bashk\u00ebpunim parashikuar nga neni 258-25 i K.Penal (sipas parashikimit para ndryshimeve t\u00eb b\u00ebra me ligjin Nr.43\/2021).<\/p>\n<p>Shkeljet rezultonin t\u00eb kryera gjat\u00eb procedurave t\u00eb nj\u00eb tenderi n\u00eb koh\u00ebn kur Ndreca mbante detyr\u00ebn si Sekretari i P\u00ebrgjithsh\u00ebm i Ministris\u00eb s\u00eb Brendshme, kur institucioni drejtohej nga Sand\u00ebr Lleshaj. CNA n\u00eb at\u00eb koh\u00eb publikoi edhe skandalin e blerjes s\u00eb nj\u00eb mjeti luksoz n\u00eb koh\u00ebn e pandemis\u00eb.<\/p>\n<p>I njohur si mik i ngusht\u00eb i kryebashkiakut t\u00eb arrestuar, Ndreca jo n\u00eb pak raste ka shfaqur q\u00ebndrimet e tij publike pro Veliajt, por edhe \u201ctalentin\u201d e tij si jurist p\u00ebr trajtimin e \u00e7\u00ebshtjes n\u00eb Gjykat\u00ebn Kushtetuese.<\/p>\n<p>CNA ka m\u00ebsuar nga burime t\u00eb konfirmuara se p\u00ebrpilimin e k\u00ebrkes\u00eb-padis\u00eb ndaj prokurorit Ols Dado e ka p\u00ebrgatitur Plarent Ndreca. N\u00eb rolin e kamikazit politik apo t\u00eb paditurit jurist pas firm\u00ebs s\u00eb Veliajt, padia \u00ebsht\u00eb \u00e7uar n\u00eb Gjykat\u00ebn Administrative.<\/p>\n<p>N\u00eb k\u00ebt\u00eb m\u00ebnyr\u00eb, Veliaj dhe Ndreca, t\u00eb bashkuar si dy njer\u00ebz t\u00eb skandaleve dhe t\u00eb akuzuar nga drejt\u00ebsia, kan\u00eb vepruar s\u00ebrish kund\u00ebr SPAK-ut dhe kan\u00eb vijuar sulmet ndaj nj\u00eb prokurori q\u00eb thjesht b\u00ebn detyr\u00ebn e tij, vet\u00ebm e vet\u00ebm q\u00eb Dado t\u00eb t\u00ebrhiqet nga \u00e7\u00ebshtja p\u00ebr konflikt interesi. Erion Veliaj dhe Plarent Ndreca, duken t\u00eb koordinuar me skenare nga m\u00eb absurdet.<\/p>\n<p>Rasti i sulmit ndaj prokurorit Ols Dado tregon qart\u00eb fytyr\u00ebn e zyrtar\u00ebve t\u00eb korruptuar, se kan\u00eb t\u00eb nj\u00ebjtin hall, pasi duan me doemos t\u2019i shmangen drejt\u00ebsis\u00eb, p\u00ebrmes sulmeve t\u00eb ul\u00ebta, me procedura e teknikalitete nga m\u00eb t\u00eb ndryshmet. Drejt\u00ebsia vonon, por nuk harron edhe p\u00ebr prepotent\u00ebt, arrogant\u00ebt apo mashtruesit publik\u00eb q\u00eb vijn\u00eb nga politika apo jasht\u00eb saj.<strong>\/ Marr\u00eb nga<span>\u00a0<\/span><a href=\"https:\/\/www.cna.al\/aktualitet\/ekskluzive-zbulohet-99-ci-qe-pergatiti-padine-ndaj-prokurorit-ols-dad-i453314\">CNA<\/a><\/strong><\/p>\n","protected":false},"excerpt":{"rendered":"<p>26 Janar 2026 Kryebashkiaku i arrestuar i Tiran\u00ebs, Erion Veliaj vijoi sulmin e tij t\u00eb radh\u00ebs me drejt\u00ebsin\u00eb, teksa pak dit\u00eb m\u00eb par\u00eb paditi n\u00eb Gjykat\u00ebn Administrative prokurorin e SPAK-ut, Ols Dado. N\u00eb fakt hetimet jan\u00eb kryer nga dy prokuror\u00eb Ols Dado dhe Altin Dumani, por k\u00ebtij t\u00eb fundit nuk guxon t&#8217;ia p\u00ebrmend\u00eb emrin. Nd\u00ebrsa [&hellip;]<\/p>\n","protected":false},"author":9,"featured_media":96992,"comment_status":"open","ping_status":"open","sticky":false,"template":"","format":"standard","meta":{"jetpack_post_was_ever_published":false,"_jetpack_newsletter_access":"","_jetpack_dont_email_post_to_subs":false,"_jetpack_newsletter_tier_id":0,"_jetpack_memberships_contains_paywalled_content":false,"_jetpack_memberships_contains_paid_content":false,"footnotes":"","jetpack_publicize_message":"","jetpack_publicize_feature_enabled":true,"jetpack_social_post_already_shared":true,"jetpack_social_options":{"image_generator_settings":{"template":"highway","default_image_id":0,"font":"","enabled":false},"version":2}},"categories":[27,1,14],"tags":[],"class_list":["post-96991","post","type-post","status-publish","format-standard","has-post-thumbnail","hentry","category-blogu-i-udhetarit","category-njoftime-shtypi","category-press-releases"],"jetpack_publicize_connections":[],"jetpack_featured_media_url":"https:\/\/i0.wp.com\/www.shqiperia.com\/blog\/wp-content\/uploads\/2026\/01\/1617532139_plarentttt.jpg?fit=780%2C440&ssl=1","jetpack_sharing_enabled":true,"jetpack_shortlink":"https:\/\/wp.me\/p5Z6wp-pen","jetpack-related-posts":[{"id":90226,"url":"https:\/\/www.shqiperia.com\/blog\/fatmir-xhafaj-lobisti-ilegal-i-veliajt-te-gjyqtaret-speciale-si-po-tenton-ta-nxjerre-nga-qelia\/","url_meta":{"origin":96991,"position":0},"title":"Fatmir Xhafaj, lobisti ilegal i Veliajt te gjyqtar\u00ebt special\u00eb. &#8211; Si po tenton ta nxjerr\u00eb nga qelia?","author":"Kurt Farka","date":"March 8, 2025","format":false,"excerpt":"8 Mars 2025 Erion Veliaj duket po p\u00ebrpiqet t\u00eb l\u00ebviz\u00eb t\u00eb gjith\u00eb fijet e mundshme p\u00ebr t\u00eb l\u00ebn\u00eb qelin\u00eb dhe p\u00ebr k\u00ebt\u00eb ka angazhuar edhe bashk\u00ebpun\u00ebtorin e tij n\u00eb Partin\u00eb Socialiste, Fatmir Xhafaj. Kryetari i Bashkis\u00eb s\u00eb Tiran\u00ebs u arrestuar m\u00eb 10 shkurt me urdh\u00ebr t\u00eb SPAK me akuzat p\u00ebr\u2026","rel":"","context":"In &quot;Blogu i Udh\u00ebtarit&quot;","block_context":{"text":"Blogu i Udh\u00ebtarit","link":"https:\/\/www.shqiperia.com\/blog\/category\/blogu-i-udhetarit\/"},"img":{"alt_text":"","src":"https:\/\/i0.wp.com\/www.shqiperia.com\/blog\/wp-content\/uploads\/2025\/03\/1739620386_xhafaj.jpg?fit=780%2C440&ssl=1&resize=350%2C200","width":350,"height":200,"srcset":"https:\/\/i0.wp.com\/www.shqiperia.com\/blog\/wp-content\/uploads\/2025\/03\/1739620386_xhafaj.jpg?fit=780%2C440&ssl=1&resize=350%2C200 1x, https:\/\/i0.wp.com\/www.shqiperia.com\/blog\/wp-content\/uploads\/2025\/03\/1739620386_xhafaj.jpg?fit=780%2C440&ssl=1&resize=525%2C300 1.5x, https:\/\/i0.wp.com\/www.shqiperia.com\/blog\/wp-content\/uploads\/2025\/03\/1739620386_xhafaj.jpg?fit=780%2C440&ssl=1&resize=700%2C400 2x"},"classes":[]},{"id":88157,"url":"https:\/\/www.shqiperia.com\/blog\/veliaj-ne-sulm-ndaj-spak-ut-te-shkrihet\/","url_meta":{"origin":96991,"position":1},"title":"Veliaj, n\u00eb sulm ndaj SPAK-ut: &#8211; T\u00eb shkrihet!","author":"Kurt Farka","date":"January 8, 2025","format":false,"excerpt":"8 Janar 2025 Kryebashkiaku i Tiran\u00ebs, n\u00ebn hetim p\u00ebr 4 akuza nga SPAK-u, k\u00ebrkon q\u00eb ta shkrij\u00eb k\u00ebt\u00eb institucion. CNA ka mundur t\u00eb siguroj\u00eb informacione zyrtare nga mazhoranca dhe nga l\u00ebvizjet e kryebashkiakut t\u00eb Tiran\u00ebs, i cili tashm\u00eb ka dal\u00eb me tezat e tij t\u00eb reja. \u201cNe nuk mund t\u00eb\u2026","rel":"","context":"In &quot;Blogu i Udh\u00ebtarit&quot;","block_context":{"text":"Blogu i Udh\u00ebtarit","link":"https:\/\/www.shqiperia.com\/blog\/category\/blogu-i-udhetarit\/"},"img":{"alt_text":"","src":"https:\/\/i0.wp.com\/www.shqiperia.com\/blog\/wp-content\/uploads\/2025\/01\/640-0-64fef9c0b69d0.jpg?fit=640%2C424&ssl=1&resize=350%2C200","width":350,"height":200,"srcset":"https:\/\/i0.wp.com\/www.shqiperia.com\/blog\/wp-content\/uploads\/2025\/01\/640-0-64fef9c0b69d0.jpg?fit=640%2C424&ssl=1&resize=350%2C200 1x, https:\/\/i0.wp.com\/www.shqiperia.com\/blog\/wp-content\/uploads\/2025\/01\/640-0-64fef9c0b69d0.jpg?fit=640%2C424&ssl=1&resize=525%2C300 1.5x"},"classes":[]},{"id":88252,"url":"https:\/\/www.shqiperia.com\/blog\/ish-deputeti-ngre-alarmin-kryebashkiaku-i-tiranes-po-kerkon-azil-politik-rama-do-e\/","url_meta":{"origin":96991,"position":2},"title":"Ish-deputeti ngre alarmin: &#8211; Kryebashkiaku i Tiran\u00ebs po k\u00ebrkon azil politik, Rama do e\u2026","author":"Kurt Farka","date":"January 11, 2025","format":false,"excerpt":"11 Janar 2025 Drejtuesi politik i Tiran\u00ebs, Belind K\u00eblli\u00e7i, ka shprehur kritika t\u00eb forta ndaj Prokuroris\u00eb s\u00eb Posa\u00e7me p\u00ebr vones\u00ebn n\u00eb marrjen e masave ligjore ndaj kryebashkiakut Erion Veliaj, duke theksuar se faktet dhe provat jan\u00eb t\u00eb qarta dhe t\u00eb njohura p\u00ebr publikun. K\u00eblli\u00e7i ka shtuar se Veliaj po p\u00ebrfiton\u2026","rel":"","context":"In &quot;Blogu i Udh\u00ebtarit&quot;","block_context":{"text":"Blogu i Udh\u00ebtarit","link":"https:\/\/www.shqiperia.com\/blog\/category\/blogu-i-udhetarit\/"},"img":{"alt_text":"","src":"https:\/\/i0.wp.com\/www.shqiperia.com\/blog\/wp-content\/uploads\/2025\/01\/Rama-Veliaj.jpg?fit=840%2C460&ssl=1&resize=350%2C200","width":350,"height":200,"srcset":"https:\/\/i0.wp.com\/www.shqiperia.com\/blog\/wp-content\/uploads\/2025\/01\/Rama-Veliaj.jpg?fit=840%2C460&ssl=1&resize=350%2C200 1x, https:\/\/i0.wp.com\/www.shqiperia.com\/blog\/wp-content\/uploads\/2025\/01\/Rama-Veliaj.jpg?fit=840%2C460&ssl=1&resize=525%2C300 1.5x, https:\/\/i0.wp.com\/www.shqiperia.com\/blog\/wp-content\/uploads\/2025\/01\/Rama-Veliaj.jpg?fit=840%2C460&ssl=1&resize=700%2C400 2x"},"classes":[]},{"id":89388,"url":"https:\/\/www.shqiperia.com\/blog\/a-u-sakrifikua-veliaj-per-te-shpetuar-ramen-gazetari-zbulon-detajet-rama-e-ka-ditur-qe-nga-data-24-janar-reagimi\/","url_meta":{"origin":96991,"position":3},"title":"A u sakrifikua Veliaj p\u00ebr t\u00eb shp\u00ebtuar Ram\u00ebn? &#8211; Gazetari zbulon detajet: &#8211; Rama e ka ditur q\u00eb nga data 24 janar, reagimi\u2026","author":"Kurt Farka","date":"February 11, 2025","format":false,"excerpt":"11\u00a0 Shkurt 2025 Gjat\u00eb dit\u00ebs kan\u00eb nisur t\u00eb dalin n\u00eb drit\u00eb detaje t\u00eb shumta t\u00eb dosjes voluminoze t\u00eb SPAK-ut dhe fakti q\u00eb kryebashkiaku k\u00ebrc\u00ebnoi me mesazhe agjent\u00ebt e BKH, nd\u00ebrsa bashk\u00ebshortja e tij d\u00ebshmitar\u00ebt. Q\u00eb n\u00eb m\u00ebngjes e deri n\u00eb mbrojtje, kryeministri Edi Rama i ka dal\u00eb n\u00eb mbrojtje pasuesit\u2026","rel":"","context":"In &quot;Blogu i Udh\u00ebtarit&quot;","block_context":{"text":"Blogu i Udh\u00ebtarit","link":"https:\/\/www.shqiperia.com\/blog\/category\/blogu-i-udhetarit\/"},"img":{"alt_text":"","src":"https:\/\/i0.wp.com\/www.shqiperia.com\/blog\/wp-content\/uploads\/2025\/02\/Erion-Veliaj.jpg?fit=600%2C388&ssl=1&resize=350%2C200","width":350,"height":200,"srcset":"https:\/\/i0.wp.com\/www.shqiperia.com\/blog\/wp-content\/uploads\/2025\/02\/Erion-Veliaj.jpg?fit=600%2C388&ssl=1&resize=350%2C200 1x, https:\/\/i0.wp.com\/www.shqiperia.com\/blog\/wp-content\/uploads\/2025\/02\/Erion-Veliaj.jpg?fit=600%2C388&ssl=1&resize=525%2C300 1.5x"},"classes":[]},{"id":99552,"url":"https:\/\/www.shqiperia.com\/blog\/arben-malaj-dal-deshmitar-veliaj-skeme-me-oligarket-kunder-pronareve-te-tokave\/","url_meta":{"origin":96991,"position":4},"title":"Arben Malaj: &#8211; Dal d\u00ebshmitar, Veliaj skem\u00eb me oligark\u00ebt kund\u00ebr pronar\u00ebve t\u00eb tokave!","author":"Kurt Farka","date":"April 19, 2026","format":false,"excerpt":"19 Prill 2026 Ish-ministri i PS-s\u00eb, Arben Malaj, ka komentuar k\u00ebrkes\u00ebn e kryebashkiakut t\u00eb Tiran\u00ebs, Erion Veliaj, p\u00ebr p\u00ebrjashtimin e prokurorit t\u00eb \u00e7\u00ebshtjes s\u00eb tij, Ols Dado, me pretendimin se em\u00ebrimi i tij n\u00eb vitin 2008 \u00ebsht\u00eb i pavlefsh\u00ebm. N\u00eb nj\u00eb postim n\u00eb Facebook, Malaj shkruan se Veliaj nuk \u00ebsht\u00eb\u2026","rel":"","context":"In &quot;Blogu i Udh\u00ebtarit&quot;","block_context":{"text":"Blogu i Udh\u00ebtarit","link":"https:\/\/www.shqiperia.com\/blog\/category\/blogu-i-udhetarit\/"},"img":{"alt_text":"","src":"https:\/\/i0.wp.com\/www.shqiperia.com\/blog\/wp-content\/uploads\/2026\/04\/5597181678787005730.jpg?fit=900%2C469&ssl=1&resize=350%2C200","width":350,"height":200,"srcset":"https:\/\/i0.wp.com\/www.shqiperia.com\/blog\/wp-content\/uploads\/2026\/04\/5597181678787005730.jpg?fit=900%2C469&ssl=1&resize=350%2C200 1x, https:\/\/i0.wp.com\/www.shqiperia.com\/blog\/wp-content\/uploads\/2026\/04\/5597181678787005730.jpg?fit=900%2C469&ssl=1&resize=525%2C300 1.5x, https:\/\/i0.wp.com\/www.shqiperia.com\/blog\/wp-content\/uploads\/2026\/04\/5597181678787005730.jpg?fit=900%2C469&ssl=1&resize=700%2C400 2x"},"classes":[]},{"id":88399,"url":"https:\/\/www.shqiperia.com\/blog\/korrupsion-pastrim-parash-deklarime-te-rreme-te-pasurise-courrier-des-balkans-shkelqimi-dhe-renia-e-erion-veliajt-a-do-te-mundet-kryebashkiaku-i-tiranes-ti-shpet\/","url_meta":{"origin":96991,"position":5},"title":"&#8220;Korrupsion, pastrim parash, deklarime t\u00eb rreme t\u00eb pasuris\u00eb&#8230;&#8221;\/ \u201cCourrier des Balkans\u201d: Shk\u00eblqimi dhe r\u00ebnia e Erion Veliajt, a do t\u00eb mundet kryebashkiaku i Tiran\u00ebs t\u2019i shp\u00ebtoj\u00eb burgut?","author":"Kurt Farka","date":"January 14, 2025","format":false,"excerpt":"14 Janar 2025 Nga Katerina Sula Akuzat p\u00ebr korrupsion po bien mbi t\u00eb. Si\u00e7 demonstrojn\u00eb qytetar\u00ebt q\u00eb k\u00ebrkojn\u00eb dore\u00ebheqjen e tij, Kryebashkiaku i Tiran\u00ebs Erion Veliaj \u00ebsht\u00eb n\u00ebn hetim nga SPAK. I larguar nga Partia Socialiste, a do t\u00eb mundet njeriu i mbrojtur nga kryeministri Edi Rama t\u2019i shp\u00ebtoj\u00eb burgut?\u2026","rel":"","context":"In &quot;Blogu i Udh\u00ebtarit&quot;","block_context":{"text":"Blogu i Udh\u00ebtarit","link":"https:\/\/www.shqiperia.com\/blog\/category\/blogu-i-udhetarit\/"},"img":{"alt_text":"","src":"https:\/\/i0.wp.com\/www.shqiperia.com\/blog\/wp-content\/uploads\/2025\/01\/640-0-veliaj-proteste-pd-2-1736776347-1.jpg?fit=640%2C426&ssl=1&resize=350%2C200","width":350,"height":200,"srcset":"https:\/\/i0.wp.com\/www.shqiperia.com\/blog\/wp-content\/uploads\/2025\/01\/640-0-veliaj-proteste-pd-2-1736776347-1.jpg?fit=640%2C426&ssl=1&resize=350%2C200 1x, https:\/\/i0.wp.com\/www.shqiperia.com\/blog\/wp-content\/uploads\/2025\/01\/640-0-veliaj-proteste-pd-2-1736776347-1.jpg?fit=640%2C426&ssl=1&resize=525%2C300 1.5x"},"classes":[]}],"_links":{"self":[{"href":"https:\/\/www.shqiperia.com\/blog\/wp-json\/wp\/v2\/posts\/96991","targetHints":{"allow":["GET"]}}],"collection":[{"href":"https:\/\/www.shqiperia.com\/blog\/wp-json\/wp\/v2\/posts"}],"about":[{"href":"https:\/\/www.shqiperia.com\/blog\/wp-json\/wp\/v2\/types\/post"}],"author":[{"embeddable":true,"href":"https:\/\/www.shqiperia.com\/blog\/wp-json\/wp\/v2\/users\/9"}],"replies":[{"embeddable":true,"href":"https:\/\/www.shqiperia.com\/blog\/wp-json\/wp\/v2\/comments?post=96991"}],"version-history":[{"count":2,"href":"https:\/\/www.shqiperia.com\/blog\/wp-json\/wp\/v2\/posts\/96991\/revisions"}],"predecessor-version":[{"id":96995,"href":"https:\/\/www.shqiperia.com\/blog\/wp-json\/wp\/v2\/posts\/96991\/revisions\/96995"}],"wp:featuredmedia":[{"embeddable":true,"href":"https:\/\/www.shqiperia.com\/blog\/wp-json\/wp\/v2\/media\/96992"}],"wp:attachment":[{"href":"https:\/\/www.shqiperia.com\/blog\/wp-json\/wp\/v2\/media?parent=96991"}],"wp:term":[{"taxonomy":"category","embeddable":true,"href":"https:\/\/www.shqiperia.com\/blog\/wp-json\/wp\/v2\/categories?post=96991"},{"taxonomy":"post_tag","embeddable":true,"href":"https:\/\/www.shqiperia.com\/blog\/wp-json\/wp\/v2\/tags?post=96991"}],"curies":[{"name":"wp","href":"https:\/\/api.w.org\/{rel}","templated":true}]}}