{"id":96985,"date":"2026-01-26T22:21:05","date_gmt":"2026-01-26T22:21:05","guid":{"rendered":"https:\/\/www.shqiperia.com\/blog\/?p=96985"},"modified":"2026-01-26T22:21:05","modified_gmt":"2026-01-26T22:21:05","slug":"andi-tela-policia-ndjehet-si-pjese-e-pushtetit-i-sheh-protestuesit-si-armiq","status":"publish","type":"post","link":"https:\/\/www.shqiperia.com\/blog\/andi-tela-policia-ndjehet-si-pjese-e-pushtetit-i-sheh-protestuesit-si-armiq\/","title":{"rendered":"Andi Tela: Policia ndjehet si pjes\u00eb e pushtetit, i sheh protestuesit si armiq"},"content":{"rendered":"<p><img data-recalc-dims=\"1\" loading=\"lazy\" decoding=\"async\" data-attachment-id=\"96986\" data-permalink=\"https:\/\/www.shqiperia.com\/blog\/andi-tela-policia-ndjehet-si-pjese-e-pushtetit-i-sheh-protestuesit-si-armiq\/auto_auto_anditela17473382911757362075\/\" data-orig-file=\"https:\/\/i0.wp.com\/www.shqiperia.com\/blog\/wp-content\/uploads\/2026\/01\/auto_auto_anditela17473382911757362075.jpg?fit=900%2C536&amp;ssl=1\" data-orig-size=\"900,536\" data-comments-opened=\"1\" data-image-meta=\"{&quot;aperture&quot;:&quot;0&quot;,&quot;credit&quot;:&quot;&quot;,&quot;camera&quot;:&quot;&quot;,&quot;caption&quot;:&quot;&quot;,&quot;created_timestamp&quot;:&quot;0&quot;,&quot;copyright&quot;:&quot;&quot;,&quot;focal_length&quot;:&quot;0&quot;,&quot;iso&quot;:&quot;0&quot;,&quot;shutter_speed&quot;:&quot;0&quot;,&quot;title&quot;:&quot;&quot;,&quot;orientation&quot;:&quot;0&quot;}\" data-image-title=\"auto_auto_anditela17473382911757362075\" data-image-description=\"\" data-image-caption=\"\" data-medium-file=\"https:\/\/i0.wp.com\/www.shqiperia.com\/blog\/wp-content\/uploads\/2026\/01\/auto_auto_anditela17473382911757362075.jpg?fit=300%2C179&amp;ssl=1\" data-large-file=\"https:\/\/i0.wp.com\/www.shqiperia.com\/blog\/wp-content\/uploads\/2026\/01\/auto_auto_anditela17473382911757362075.jpg?fit=900%2C536&amp;ssl=1\" class=\"alignnone  wp-image-96986\" alt=\"\" src=\"https:\/\/i0.wp.com\/www.shqiperia.com\/blog\/wp-content\/uploads\/2026\/01\/auto_auto_anditela17473382911757362075.jpg?resize=515%2C307&#038;ssl=1\" width=\"515\" height=\"307\" srcset=\"https:\/\/i0.wp.com\/www.shqiperia.com\/blog\/wp-content\/uploads\/2026\/01\/auto_auto_anditela17473382911757362075.jpg?resize=300%2C179&amp;ssl=1 300w, https:\/\/i0.wp.com\/www.shqiperia.com\/blog\/wp-content\/uploads\/2026\/01\/auto_auto_anditela17473382911757362075.jpg?resize=768%2C457&amp;ssl=1 768w, https:\/\/i0.wp.com\/www.shqiperia.com\/blog\/wp-content\/uploads\/2026\/01\/auto_auto_anditela17473382911757362075.jpg?resize=450%2C268&amp;ssl=1 450w, https:\/\/i0.wp.com\/www.shqiperia.com\/blog\/wp-content\/uploads\/2026\/01\/auto_auto_anditela17473382911757362075.jpg?resize=600%2C357&amp;ssl=1 600w, https:\/\/i0.wp.com\/www.shqiperia.com\/blog\/wp-content\/uploads\/2026\/01\/auto_auto_anditela17473382911757362075.jpg?resize=400%2C238&amp;ssl=1 400w, https:\/\/i0.wp.com\/www.shqiperia.com\/blog\/wp-content\/uploads\/2026\/01\/auto_auto_anditela17473382911757362075.jpg?w=900&amp;ssl=1 900w\" sizes=\"auto, (max-width: 515px) 100vw, 515px\" \/><\/p>\n<p>26 Janar 2026<\/p>\n<p>Analisti Andi Tela, i ftuar n\u00eb emisionin \u201cT\u00eb Paekspozuarit\u201d n\u00eb MCN TV, d\u00ebnoi dhun\u00ebn e policis\u00eb n\u00eb protest\u00ebn e PD-s\u00eb t\u00eb shtun\u00ebn e kaluar, duke u shprehur se p\u00ebrdorimi pa mas\u00eb i gazit lotsjell\u00ebs tregoi se policia ndjehet se pjes\u00eb e pushtetit dhe i shikon protestuesit si armiq.<\/p>\n<p>\u201c<em>Po i b\u00ebjm\u00eb gjyqin opozit\u00ebs. PD nuk tha se Rama do t\u00eb ikte t\u00eb shtun\u00ebn. Lulzim Bashas thoshte do t\u00eb ik\u00eb sot, do t\u00eb ik\u00eb nes\u00ebr.<\/em><\/p>\n<p><em>Protesta e t\u00eb shtun\u00ebs u tha se nuk do t\u00eb rr\u00ebzoj\u00eb qeverin\u00eb. Kjo ishte me m\u00eb shum\u00eb njer\u00ebz se n\u00eb dhjetor, m\u00eb shum\u00eb agresivitet. Ato media t\u00eb huaja q\u00eb pasqyruan protest\u00ebn pyesin pse po dalin, \u00e7far\u00eb ndodhi.<\/em><\/p>\n<p><em>P\u00ebr cilat arsye policia shqiptare reagon n\u00eb k\u00ebt\u00eb form\u00eb agresiviteti. Protesta po zhvendosej me urdh\u00ebr t\u00eb Berish\u00ebs drejt parlamentit. Mbaruan fishekzjarret dhe molotov\u00ebt dhe u dha zjarr q\u00eb t\u00eb hedhin uj\u00eb dhe gaz lot\u00ebsjell\u00ebs dhe hidhej gaz i skaduar me sasi t\u00eb madhe q\u00eb gjithkush t\u00eb largohej dhe t\u00eb mos kthehej m\u00eb. Edhe ajo pjes\u00eb e policis\u00eb ndjehet pjes\u00eb e pushtetit se k\u00ebta jan\u00eb armiqt\u00eb tan\u00eb.<\/em><\/p>\n<p><em>Pse duhet t\u2019ua hedh\u00ebsh njer\u00ebzve k\u00ebt\u00eb gaz? Sepse ata jan\u00eb armiqt\u00eb tan\u00eb, thon\u00eb k\u00ebta t\u00eb policis\u00eb<\/em>\u201d,\u00a0tha Tela.<\/p>\n","protected":false},"excerpt":{"rendered":"<p>26 Janar 2026 Analisti Andi Tela, i ftuar n\u00eb emisionin \u201cT\u00eb Paekspozuarit\u201d n\u00eb MCN TV, d\u00ebnoi dhun\u00ebn e policis\u00eb n\u00eb protest\u00ebn e PD-s\u00eb t\u00eb shtun\u00ebn e kaluar, duke u shprehur se p\u00ebrdorimi pa mas\u00eb i gazit lotsjell\u00ebs tregoi se policia ndjehet se pjes\u00eb e pushtetit dhe i shikon protestuesit si armiq. \u201cPo i b\u00ebjm\u00eb gjyqin [&hellip;]<\/p>\n","protected":false},"author":9,"featured_media":96986,"comment_status":"open","ping_status":"open","sticky":false,"template":"","format":"standard","meta":{"jetpack_post_was_ever_published":false,"_jetpack_newsletter_access":"","_jetpack_dont_email_post_to_subs":false,"_jetpack_newsletter_tier_id":0,"_jetpack_memberships_contains_paywalled_content":false,"_jetpack_memberships_contains_paid_content":false,"footnotes":"","jetpack_publicize_message":"","jetpack_publicize_feature_enabled":true,"jetpack_social_post_already_shared":true,"jetpack_social_options":{"image_generator_settings":{"template":"highway","default_image_id":0,"font":"","enabled":false},"version":2}},"categories":[27,1,2],"tags":[],"class_list":["post-96985","post","type-post","status-publish","format-standard","has-post-thumbnail","hentry","category-blogu-i-udhetarit","category-njoftime-shtypi","category-politika"],"jetpack_publicize_connections":[],"jetpack_featured_media_url":"https:\/\/i0.wp.com\/www.shqiperia.com\/blog\/wp-content\/uploads\/2026\/01\/auto_auto_anditela17473382911757362075.jpg?fit=900%2C536&ssl=1","jetpack_sharing_enabled":true,"jetpack_shortlink":"https:\/\/wp.me\/p5Z6wp-peh","jetpack-related-posts":[{"id":87734,"url":"https:\/\/www.shqiperia.com\/blog\/protesta-e-pd-policia-nderhyn-tek-zogu-i-zi-perpiqet-te-shperndaje-protestuesit-nuk-ja-arrin\/","url_meta":{"origin":96985,"position":0},"title":"Protesta e PD\/ Policia nd\u00ebrhyn tek Zogu i Zi, p\u00ebrpiqet t\u00eb shp\u00ebrndaj\u00eb protestuesit, nuk ja arrin","author":"Kurt Farka","date":"December 23, 2024","format":false,"excerpt":"23 Dhjetor 2024 Partia Demokratike po mban protest\u00ebn e radh\u00ebs, n\u00eb pes\u00eb pika kryesore t\u00eb Tiran\u00ebs. Policia fillimisht kishte b\u00ebr\u00eb thirrje q\u00eb protestuesit t\u00eb mos bllokojn\u00eb makinat, duke krijuar k\u00ebshtu trafik t\u00eb r\u00ebnduar. Nd\u00ebrsa, m\u00ebsohet se policia po nd\u00ebrhyn te Zogu i Zi, p\u00ebr t\u00eb shp\u00ebrndar\u00eb protestuesit. Edhe n\u00eb k\u00ebt\u00eb\u2026","rel":"","context":"In &quot;Blogu i Udh\u00ebtarit&quot;","block_context":{"text":"Blogu i Udh\u00ebtarit","link":"https:\/\/www.shqiperia.com\/blog\/category\/blogu-i-udhetarit\/"},"img":{"alt_text":"","src":"https:\/\/i0.wp.com\/www.shqiperia.com\/blog\/wp-content\/uploads\/2024\/12\/protesta-2-1536x1024-1.jpg?fit=1200%2C800&ssl=1&resize=350%2C200","width":350,"height":200,"srcset":"https:\/\/i0.wp.com\/www.shqiperia.com\/blog\/wp-content\/uploads\/2024\/12\/protesta-2-1536x1024-1.jpg?fit=1200%2C800&ssl=1&resize=350%2C200 1x, https:\/\/i0.wp.com\/www.shqiperia.com\/blog\/wp-content\/uploads\/2024\/12\/protesta-2-1536x1024-1.jpg?fit=1200%2C800&ssl=1&resize=525%2C300 1.5x, https:\/\/i0.wp.com\/www.shqiperia.com\/blog\/wp-content\/uploads\/2024\/12\/protesta-2-1536x1024-1.jpg?fit=1200%2C800&ssl=1&resize=700%2C400 2x, https:\/\/i0.wp.com\/www.shqiperia.com\/blog\/wp-content\/uploads\/2024\/12\/protesta-2-1536x1024-1.jpg?fit=1200%2C800&ssl=1&resize=1050%2C600 3x"},"classes":[]},{"id":81650,"url":"https:\/\/www.shqiperia.com\/blog\/pas-dy-oresh-perplasje-me-policine-mbyllet-protesta-e-rithemelimit-para-kuvendit\/","url_meta":{"origin":96985,"position":1},"title":"Pas dy or\u00ebsh p\u00ebrplasje me policin\u00eb, mbyllet protesta e Rithemelimit para Kuvendit","author":"Kurt Farka","date":"June 6, 2024","format":false,"excerpt":"7 Qershor 2024 \u00cbsht\u00eb mbyllur protesta e opozit\u00ebs p\u00ebrpara parlamentit t\u00eb Shqip\u00ebris\u00eb. Gazetari Osman Stafa ka dh\u00ebn\u00eb detaje nga protesta. \u201cProtestuesit kan\u00eb mbyllur protest\u00ebn. Flamur Noka iu ka b\u00ebr\u00eb thirrje protestuesve q\u00eb t\u00eb shp\u00ebrndahen, edhe p\u00ebr shkak t\u00eb temperaturave t\u00eb larta dhe tashm\u00eb opozita do t\u00eb protestoj\u00eb t\u00eb h\u00ebn\u00ebn n\u00eb\u2026","rel":"","context":"In &quot;Blogu i Udh\u00ebtarit&quot;","block_context":{"text":"Blogu i Udh\u00ebtarit","link":"https:\/\/www.shqiperia.com\/blog\/category\/blogu-i-udhetarit\/"},"img":{"alt_text":"","src":"https:\/\/i0.wp.com\/www.shqiperia.com\/blog\/wp-content\/uploads\/2024\/06\/800-0-6ad3bf14464f11d3ce7aaba6a2646ad3.jpg?fit=800%2C450&ssl=1&resize=350%2C200","width":350,"height":200,"srcset":"https:\/\/i0.wp.com\/www.shqiperia.com\/blog\/wp-content\/uploads\/2024\/06\/800-0-6ad3bf14464f11d3ce7aaba6a2646ad3.jpg?fit=800%2C450&ssl=1&resize=350%2C200 1x, https:\/\/i0.wp.com\/www.shqiperia.com\/blog\/wp-content\/uploads\/2024\/06\/800-0-6ad3bf14464f11d3ce7aaba6a2646ad3.jpg?fit=800%2C450&ssl=1&resize=525%2C300 1.5x, https:\/\/i0.wp.com\/www.shqiperia.com\/blog\/wp-content\/uploads\/2024\/06\/800-0-6ad3bf14464f11d3ce7aaba6a2646ad3.jpg?fit=800%2C450&ssl=1&resize=700%2C400 2x"},"classes":[]},{"id":97694,"url":"https:\/\/www.shqiperia.com\/blog\/o-hajdut-pronash-i-thane-rames-mjaft-genjeve-policia-shoqeron-protestuesit\/","url_meta":{"origin":96985,"position":2},"title":"&#8216;O hajdut pronash&#8217;\/ I than\u00eb Ram\u00ebs &#8216;mjaft g\u00ebnjeve&#8217; Policia shoq\u00ebron protestuesit","author":"Kurt Farka","date":"February 14, 2026","format":false,"excerpt":"14 Shkurt 2026 Skenat si n\u00eb komuniz\u00ebm u regjistruan sot n\u00eb qytetin e Durr\u00ebsit. Policia shoq\u00ebroi qytetar\u00eb protestues t\u00eb cil\u00ebt ishin vendosur para bashkis\u00eb ku po mbahej takimi I kryeministrit Edi Rama me banor\u00ebt, t\u00eb cil\u00ebt u preken banesat nga projekti TID. Shkaku? Pse thirr\u00ebn \u2018Mjaft rrejte\u2019 dhe e quajt\u00ebn\u2026","rel":"","context":"In &quot;Blogu i Udh\u00ebtarit&quot;","block_context":{"text":"Blogu i Udh\u00ebtarit","link":"https:\/\/www.shqiperia.com\/blog\/category\/blogu-i-udhetarit\/"},"img":{"alt_text":"","src":"https:\/\/i0.wp.com\/www.shqiperia.com\/blog\/wp-content\/uploads\/2026\/02\/20250513_0073.webp?fit=1200%2C801&ssl=1&resize=350%2C200","width":350,"height":200,"srcset":"https:\/\/i0.wp.com\/www.shqiperia.com\/blog\/wp-content\/uploads\/2026\/02\/20250513_0073.webp?fit=1200%2C801&ssl=1&resize=350%2C200 1x, https:\/\/i0.wp.com\/www.shqiperia.com\/blog\/wp-content\/uploads\/2026\/02\/20250513_0073.webp?fit=1200%2C801&ssl=1&resize=525%2C300 1.5x, https:\/\/i0.wp.com\/www.shqiperia.com\/blog\/wp-content\/uploads\/2026\/02\/20250513_0073.webp?fit=1200%2C801&ssl=1&resize=700%2C400 2x, https:\/\/i0.wp.com\/www.shqiperia.com\/blog\/wp-content\/uploads\/2026\/02\/20250513_0073.webp?fit=1200%2C801&ssl=1&resize=1050%2C600 3x"},"classes":[]},{"id":41795,"url":"https:\/\/www.shqiperia.com\/blog\/policia-demonstroi-force-sot-nazarko-ishte-protesta-e-te-rinjve-ngjan-me-ate-te-jelek-verdheve-ne-france-opozita-duhet-duartrokitur-per\/","url_meta":{"origin":96985,"position":3},"title":"\u201cPolicia demonstroi forc\u00eb sot\u201d\/ Nazarko: Ishte protesta e t\u00eb rinjve, ngjan me at\u00eb t\u00eb jelek verdh\u00ebve n\u00eb Franc\u00eb. Opozita duhet duartrokitur p\u00ebr\u2026","author":"Kurt Farka","date":"December 11, 2020","format":false,"excerpt":"\u201cPolicia demonstroi forc\u00eb sot\u201d\/ Nazarko: Ishte protesta e t\u00eb rinjve, ngjan me at\u00eb t\u00eb jelek verdh\u00ebve n\u00eb Franc\u00eb. Opozita duhet duartrokitur p\u00ebr\u2026 11 dhjetor 2020 Analisti Mentor Nazarko, i ftuar n\u00eb rubrik\u00ebn \u201cOpinion\u201d n\u00eb \u201cNews 24\u201d deklaroi se gjat\u00eb protest\u00ebs s\u00eb sotme p\u00ebr vrasjen e Klodian Rash\u00ebs, policia demonstroi m\u00eb\u2026","rel":"","context":"In &quot;Blogu i Udh\u00ebtarit&quot;","block_context":{"text":"Blogu i Udh\u00ebtarit","link":"https:\/\/www.shqiperia.com\/blog\/category\/blogu-i-udhetarit\/"},"img":{"alt_text":"","src":"https:\/\/i0.wp.com\/www.shqiperia.com\/blog\/wp-content\/uploads\/2020\/12\/protestanatatre-11.jpg?fit=1149%2C677&ssl=1&resize=350%2C200","width":350,"height":200,"srcset":"https:\/\/i0.wp.com\/www.shqiperia.com\/blog\/wp-content\/uploads\/2020\/12\/protestanatatre-11.jpg?fit=1149%2C677&ssl=1&resize=350%2C200 1x, https:\/\/i0.wp.com\/www.shqiperia.com\/blog\/wp-content\/uploads\/2020\/12\/protestanatatre-11.jpg?fit=1149%2C677&ssl=1&resize=525%2C300 1.5x, https:\/\/i0.wp.com\/www.shqiperia.com\/blog\/wp-content\/uploads\/2020\/12\/protestanatatre-11.jpg?fit=1149%2C677&ssl=1&resize=700%2C400 2x, https:\/\/i0.wp.com\/www.shqiperia.com\/blog\/wp-content\/uploads\/2020\/12\/protestanatatre-11.jpg?fit=1149%2C677&ssl=1&resize=1050%2C600 3x"},"classes":[]},{"id":59481,"url":"https:\/\/www.shqiperia.com\/blog\/grupi-i-pd-bashkohet-per-protesten-e-7-korrikut\/","url_meta":{"origin":96985,"position":4},"title":"Grupi i PD bashkohet p\u00ebr protest\u00ebn e 7 korrikut!","author":"Kurt Farka","date":"June 28, 2022","format":false,"excerpt":"28 Qershor 2022 Ish-Kryeministri Sali Berisha konfirmoi dje edhe vendin e protest\u00ebs s\u00eb dat\u00ebs 7 korrik, e cila do t\u00eb jet\u00eb para Kryeministris\u00eb, n\u00eb or\u00ebn 19:00. N\u00eb nj\u00eb postim n\u00eb \u201cFacebook\u201d, Berisha ftoi t\u00eb gjith\u00eb q\u00eb t\u00eb bashkohen n\u00eb at\u00eb q\u00eb ai e quajti \u201cFronti p\u00ebr t\u00eb Shp\u00ebtuar Shqip\u00ebrin\u00eb\u201d. Nd\u00ebrkoh\u00eb,\u2026","rel":"","context":"In &quot;Blogu i Udh\u00ebtarit&quot;","block_context":{"text":"Blogu i Udh\u00ebtarit","link":"https:\/\/www.shqiperia.com\/blog\/category\/blogu-i-udhetarit\/"},"img":{"alt_text":"","src":"https:\/\/i0.wp.com\/www.shqiperia.com\/blog\/wp-content\/uploads\/2022\/06\/Grupi-i-PD-bashkohet-per-protesten-e-7-korrikut.jpg?fit=675%2C373&ssl=1&resize=350%2C200","width":350,"height":200,"srcset":"https:\/\/i0.wp.com\/www.shqiperia.com\/blog\/wp-content\/uploads\/2022\/06\/Grupi-i-PD-bashkohet-per-protesten-e-7-korrikut.jpg?fit=675%2C373&ssl=1&resize=350%2C200 1x, https:\/\/i0.wp.com\/www.shqiperia.com\/blog\/wp-content\/uploads\/2022\/06\/Grupi-i-PD-bashkohet-per-protesten-e-7-korrikut.jpg?fit=675%2C373&ssl=1&resize=525%2C300 1.5x"},"classes":[]},{"id":99495,"url":"https:\/\/www.shqiperia.com\/blog\/perballja-me-regjimin-jetike-berisha-akuza-policise-hodhen-spraj-ariu-dhe-dhunuan-zyrtaret-e-pd-se\/","url_meta":{"origin":96985,"position":5},"title":"\u201cP\u00ebrballja me regjimin, jetike\u201d, Berisha akuza Policis\u00eb: &#8211; Hodh\u00ebn spraj ariu dhe dhunuan zyrtar\u00ebt e PD-s\u00eb","author":"Kurt Farka","date":"April 18, 2026","format":false,"excerpt":"18 Prill 2026 Nga: tvklan.al Kryetari i Partis\u00eb Demokratike Sali Berisha ka dal\u00eb n\u00eb nj\u00eb komunikim n\u00eb rrjetet sociale me qytetar\u00ebt, ku po flet p\u00ebr protest\u00ebn e zhvilluar mbr\u00ebmjen e kaluar, m\u00eb 17 prill, para Kryeministris\u00eb. Gjat\u00eb fjal\u00ebs s\u00eb tij, Berisha ngriti akuza nga forcave t\u00eb Policis\u00eb s\u00eb Shtetit, duke\u2026","rel":"","context":"In &quot;Blogu i Udh\u00ebtarit&quot;","block_context":{"text":"Blogu i Udh\u00ebtarit","link":"https:\/\/www.shqiperia.com\/blog\/category\/blogu-i-udhetarit\/"},"img":{"alt_text":"","src":"https:\/\/i0.wp.com\/www.shqiperia.com\/blog\/wp-content\/uploads\/2026\/04\/Kukes-protesta-okok-2-1.jpeg?fit=1068%2C712&ssl=1&resize=350%2C200","width":350,"height":200,"srcset":"https:\/\/i0.wp.com\/www.shqiperia.com\/blog\/wp-content\/uploads\/2026\/04\/Kukes-protesta-okok-2-1.jpeg?fit=1068%2C712&ssl=1&resize=350%2C200 1x, https:\/\/i0.wp.com\/www.shqiperia.com\/blog\/wp-content\/uploads\/2026\/04\/Kukes-protesta-okok-2-1.jpeg?fit=1068%2C712&ssl=1&resize=525%2C300 1.5x, https:\/\/i0.wp.com\/www.shqiperia.com\/blog\/wp-content\/uploads\/2026\/04\/Kukes-protesta-okok-2-1.jpeg?fit=1068%2C712&ssl=1&resize=700%2C400 2x, https:\/\/i0.wp.com\/www.shqiperia.com\/blog\/wp-content\/uploads\/2026\/04\/Kukes-protesta-okok-2-1.jpeg?fit=1068%2C712&ssl=1&resize=1050%2C600 3x"},"classes":[]}],"_links":{"self":[{"href":"https:\/\/www.shqiperia.com\/blog\/wp-json\/wp\/v2\/posts\/96985","targetHints":{"allow":["GET"]}}],"collection":[{"href":"https:\/\/www.shqiperia.com\/blog\/wp-json\/wp\/v2\/posts"}],"about":[{"href":"https:\/\/www.shqiperia.com\/blog\/wp-json\/wp\/v2\/types\/post"}],"author":[{"embeddable":true,"href":"https:\/\/www.shqiperia.com\/blog\/wp-json\/wp\/v2\/users\/9"}],"replies":[{"embeddable":true,"href":"https:\/\/www.shqiperia.com\/blog\/wp-json\/wp\/v2\/comments?post=96985"}],"version-history":[{"count":1,"href":"https:\/\/www.shqiperia.com\/blog\/wp-json\/wp\/v2\/posts\/96985\/revisions"}],"predecessor-version":[{"id":96987,"href":"https:\/\/www.shqiperia.com\/blog\/wp-json\/wp\/v2\/posts\/96985\/revisions\/96987"}],"wp:featuredmedia":[{"embeddable":true,"href":"https:\/\/www.shqiperia.com\/blog\/wp-json\/wp\/v2\/media\/96986"}],"wp:attachment":[{"href":"https:\/\/www.shqiperia.com\/blog\/wp-json\/wp\/v2\/media?parent=96985"}],"wp:term":[{"taxonomy":"category","embeddable":true,"href":"https:\/\/www.shqiperia.com\/blog\/wp-json\/wp\/v2\/categories?post=96985"},{"taxonomy":"post_tag","embeddable":true,"href":"https:\/\/www.shqiperia.com\/blog\/wp-json\/wp\/v2\/tags?post=96985"}],"curies":[{"name":"wp","href":"https:\/\/api.w.org\/{rel}","templated":true}]}}