{"id":96982,"date":"2026-01-26T22:17:00","date_gmt":"2026-01-26T22:17:00","guid":{"rendered":"https:\/\/www.shqiperia.com\/blog\/?p=96982"},"modified":"2026-01-26T22:17:00","modified_gmt":"2026-01-26T22:17:00","slug":"fotoreporteri-rrefen-sulmin-gjate-protestes-bilani-rashe-pertoke-me-sulmoi-nje-person-me-uniforme-policie","status":"publish","type":"post","link":"https:\/\/www.shqiperia.com\/blog\/fotoreporteri-rrefen-sulmin-gjate-protestes-bilani-rashe-pertoke-me-sulmoi-nje-person-me-uniforme-policie\/","title":{"rendered":"Fotoreporteri rr\u00ebfen sulmin gjat\u00eb protest\u00ebs. Bilani: &#8211; Rash\u00eb p\u00ebrtok\u00eb, m\u00eb sulmoi nj\u00eb person me uniform\u00eb policie"},"content":{"rendered":"<p><img data-recalc-dims=\"1\" loading=\"lazy\" decoding=\"async\" data-attachment-id=\"96983\" data-permalink=\"https:\/\/www.shqiperia.com\/blog\/fotoreporteri-rrefen-sulmin-gjate-protestes-bilani-rashe-pertoke-me-sulmoi-nje-person-me-uniforme-policie\/capture-868\/\" data-orig-file=\"https:\/\/i0.wp.com\/www.shqiperia.com\/blog\/wp-content\/uploads\/2026\/01\/Capture-868.jpg?fit=334%2C235&amp;ssl=1\" data-orig-size=\"334,235\" data-comments-opened=\"1\" data-image-meta=\"{&quot;aperture&quot;:&quot;0&quot;,&quot;credit&quot;:&quot;Elmaz&quot;,&quot;camera&quot;:&quot;&quot;,&quot;caption&quot;:&quot;&quot;,&quot;created_timestamp&quot;:&quot;1769463551&quot;,&quot;copyright&quot;:&quot;&quot;,&quot;focal_length&quot;:&quot;0&quot;,&quot;iso&quot;:&quot;0&quot;,&quot;shutter_speed&quot;:&quot;0&quot;,&quot;title&quot;:&quot;&quot;,&quot;orientation&quot;:&quot;0&quot;}\" data-image-title=\"Capture-868\" data-image-description=\"\" data-image-caption=\"\" data-medium-file=\"https:\/\/i0.wp.com\/www.shqiperia.com\/blog\/wp-content\/uploads\/2026\/01\/Capture-868.jpg?fit=300%2C211&amp;ssl=1\" data-large-file=\"https:\/\/i0.wp.com\/www.shqiperia.com\/blog\/wp-content\/uploads\/2026\/01\/Capture-868.jpg?fit=334%2C235&amp;ssl=1\" class=\"alignnone  wp-image-96983\" alt=\"\" src=\"https:\/\/i0.wp.com\/www.shqiperia.com\/blog\/wp-content\/uploads\/2026\/01\/Capture-868.jpg?resize=569%2C400&#038;ssl=1\" width=\"569\" height=\"400\" srcset=\"https:\/\/i0.wp.com\/www.shqiperia.com\/blog\/wp-content\/uploads\/2026\/01\/Capture-868.jpg?resize=300%2C211&amp;ssl=1 300w, https:\/\/i0.wp.com\/www.shqiperia.com\/blog\/wp-content\/uploads\/2026\/01\/Capture-868.jpg?w=334&amp;ssl=1 334w\" sizes=\"auto, (max-width: 569px) 100vw, 569px\" \/><\/p>\n<p>26 Janar 2026<\/p>\n<p>Fotoreporteri Felix Bilani ka rr\u00ebfyer n\u00eb nj\u00eb emision televiziv momentet q\u00eb p\u00ebrjetoi gjat\u00eb protest\u00ebs komb\u00ebtare t\u00eb opozit\u00ebs, ku sipas tij u sulmua me sprej piperi direkt n\u00eb fytyr\u00eb, duke humbur p\u00ebr disa sekonda orientimin dhe duke r\u00ebn\u00eb p\u00ebrtok\u00eb.<\/p>\n<p>Bilani u shpreh se nj\u00eb ngjarje e till\u00eb \u00ebsht\u00eb e paprecedent\u00eb n\u00eb historin\u00eb e protestave n\u00eb vend. \u201cKurr\u00eb n\u00eb historin\u00eb e protestave nuk \u00ebsht\u00eb sulmuar me gaz lotsjell\u00ebs apo peper sprej n\u00eb fytyr\u00eb\u201d, deklaroi ai, duke p\u00ebrshkruar situat\u00ebn e tensionuar pran\u00eb selis\u00eb s\u00eb Partis\u00eb Demokratike, ku ishin t\u00eb pranish\u00ebm topi i ujit, automjete policie dhe dy deputet\u00eb t\u00eb PD-s\u00eb q\u00eb po konfrontoheshin me efektiv\u00ebt.<\/p>\n<p>Sipas fotoreporterit, ai ishte duke kryer detyr\u00ebn profesionale, me aparatin fotografik n\u00eb nj\u00eb dor\u00eb dhe telefonin n\u00eb tjetr\u00ebn p\u00ebr t\u00eb xhiruar pamje p\u00ebr redaksin\u00eb, kur papritur u sulmua. \u201cNuk pash\u00eb m\u00eb asgj\u00eb, vet\u00ebm ndjeva sprajin n\u00eb fytyr\u00eb dhe p\u00ebr 3-4 sekonda rash\u00eb n\u00eb tok\u00eb\u201d, tha Bilani, duke shtuar se personi q\u00eb e sp\u00ebrkati ishte i veshur me uniform\u00eb policie.<\/p>\n<p>Ai tregoi se pas incidentit u transportua me ambulanc\u00eb, ku iu dha oksigjen, nd\u00ebrsa theksoi se p\u00ebrdorimi i sprejit duhet t\u00eb b\u00ebhet me kujdes, pasi pasojat mund t\u00eb jen\u00eb serioze. \u201cUn\u00eb jam diabetik dhe kardiak. Policia duhet ta dij\u00eb q\u00eb nuk p\u00ebrdoret spraji kund\u00ebr njer\u00ebzve pa ditur pasojat\u201d, u shpreh ai.<\/p>\n<p>M\u00eb pas, Bilani tregoi se u d\u00ebrgua n\u00eb QSUT, ku efekti i sprejit nisi t\u00eb zbehej, por p\u00ebr shkak t\u00eb gjendjes s\u00eb r\u00ebnduar psikologjike dhe fizike, ai vendosi t\u00eb largohej me vullnetin e tij nga spitali. \u201cFirmosa q\u00eb do t\u00eb dilja me d\u00ebshir\u00ebn time dhe shkova n\u00eb sht\u00ebpi. Kam konsumuar qum\u00ebsht dhe uj\u00eb, sipas k\u00ebshill\u00ebs s\u00eb miqve mjek\u00eb\u201d, tha ai.<\/p>\n<p>Edhe dit\u00ebn pas ngjarjes, fotoreporteri pohon se pasojat vazhdojn\u00eb. \u201cSyt\u00eb i kam ende shum\u00eb t\u00eb r\u00ebnd\u00eb, sepse isha n\u00eb distanc\u00eb shum\u00eb t\u00eb af\u00ebrt kur u p\u00ebrdor spraji\u201d, p\u00ebrfundoi Bilani.<\/p>\n","protected":false},"excerpt":{"rendered":"<p>26 Janar 2026 Fotoreporteri Felix Bilani ka rr\u00ebfyer n\u00eb nj\u00eb emision televiziv momentet q\u00eb p\u00ebrjetoi gjat\u00eb protest\u00ebs komb\u00ebtare t\u00eb opozit\u00ebs, ku sipas tij u sulmua me sprej piperi direkt n\u00eb fytyr\u00eb, duke humbur p\u00ebr disa sekonda orientimin dhe duke r\u00ebn\u00eb p\u00ebrtok\u00eb. Bilani u shpreh se nj\u00eb ngjarje e till\u00eb \u00ebsht\u00eb e paprecedent\u00eb n\u00eb historin\u00eb e [&hellip;]<\/p>\n","protected":false},"author":9,"featured_media":96983,"comment_status":"open","ping_status":"open","sticky":false,"template":"","format":"standard","meta":{"jetpack_post_was_ever_published":false,"_jetpack_newsletter_access":"","_jetpack_dont_email_post_to_subs":false,"_jetpack_newsletter_tier_id":0,"_jetpack_memberships_contains_paywalled_content":false,"_jetpack_memberships_contains_paid_content":false,"footnotes":"","jetpack_publicize_message":"","jetpack_publicize_feature_enabled":true,"jetpack_social_post_already_shared":true,"jetpack_social_options":{"image_generator_settings":{"template":"highway","default_image_id":0,"font":"","enabled":false},"version":2}},"categories":[27,1,2],"tags":[],"class_list":["post-96982","post","type-post","status-publish","format-standard","has-post-thumbnail","hentry","category-blogu-i-udhetarit","category-njoftime-shtypi","category-politika"],"jetpack_publicize_connections":[],"jetpack_featured_media_url":"https:\/\/i0.wp.com\/www.shqiperia.com\/blog\/wp-content\/uploads\/2026\/01\/Capture-868.jpg?fit=334%2C235&ssl=1","jetpack_sharing_enabled":true,"jetpack_shortlink":"https:\/\/wp.me\/p5Z6wp-pee","jetpack-related-posts":[{"id":17547,"url":"https:\/\/www.shqiperia.com\/blog\/deutsche-welle-proteste-masive-e-opozites-per-renien-e-qeverise-rama\/","url_meta":{"origin":96982,"position":0},"title":"Deutsche Welle: Protest\u00eb masive e opozit\u00ebs p\u00ebr r\u00ebnien e qeveris\u00eb Rama","author":"Kurt Farka","date":"February 17, 2019","format":false,"excerpt":"Deutsche Welle: Protest\u00eb masive e opozit\u00ebs p\u00ebr r\u00ebnien e qeveris\u00eb Rama 16 Shkurt, 2019 Sot n\u00eb Tiran\u00eb zhvillohet nj\u00eb protest\u00eb e madhe e opozit\u00ebs kund\u00ebr qeveris\u00eb Rama, t\u00eb cil\u00ebn opozita e akuzon p\u00ebr korrupsion e lidhje me krimin. Policia e Shtetit gjendet n\u00eb gatishm\u00ebri t\u00eb lart\u00eb p\u00ebr shmangien e dhun\u00ebs.\u2026","rel":"","context":"In &quot;Blogu i Udh\u00ebtarit&quot;","block_context":{"text":"Blogu i Udh\u00ebtarit","link":"https:\/\/www.shqiperia.com\/blog\/category\/blogu-i-udhetarit\/"},"img":{"alt_text":"","src":"https:\/\/i0.wp.com\/www.shqiperia.com\/blog\/wp-content\/uploads\/2019\/02\/Protesta-e-PD-696x464.jpg?fit=696%2C341&ssl=1&resize=350%2C200","width":350,"height":200,"srcset":"https:\/\/i0.wp.com\/www.shqiperia.com\/blog\/wp-content\/uploads\/2019\/02\/Protesta-e-PD-696x464.jpg?fit=696%2C341&ssl=1&resize=350%2C200 1x, https:\/\/i0.wp.com\/www.shqiperia.com\/blog\/wp-content\/uploads\/2019\/02\/Protesta-e-PD-696x464.jpg?fit=696%2C341&ssl=1&resize=525%2C300 1.5x"},"classes":[]},{"id":18511,"url":"https:\/\/www.shqiperia.com\/blog\/rama-si-asad-mos-i-helmo-femijet-marshimi-i-heshtur-i-te-rinjve-ne-tirane-kunder-perdorimit-te-gazit-lotsjelles-nga-policia\/","url_meta":{"origin":96982,"position":1},"title":"\u201cRama si Asad. Mos i helmo f\u00ebmij\u00ebt\u201d, marshimi i heshtur i t\u00eb rinjve n\u00eb Tiran\u00eb kund\u00ebr p\u00ebrdorimit t\u00eb gazit lotsjell\u00ebs nga policia. &#8211;","author":"Kurt Farka","date":"March 18, 2019","format":false,"excerpt":"\u201cRama si Asad. Mos i helmo f\u00ebmij\u00ebt\u201d, marshimi i heshtur i t\u00eb rinjve n\u00eb Tiran\u00eb kund\u00ebr p\u00ebrdorimit t\u00eb gazit lotsjell\u00ebs nga policia. - 17 Mars, 2019. \u00a0 Krahas festimeve p\u00ebr \u201cDit\u00ebn e Ver\u00ebs\u201d, sot n\u00eb kryeqytet \u00ebsht\u00eb zhvilluar dhe nj\u00eb marshim i heshtur dhe paq\u00ebsor me f\u00ebmij\u00eb dhe t\u00eb rinj,\u2026","rel":"","context":"In &quot;Blogu i Udh\u00ebtarit&quot;","block_context":{"text":"Blogu i Udh\u00ebtarit","link":"https:\/\/www.shqiperia.com\/blog\/category\/blogu-i-udhetarit\/"},"img":{"alt_text":"","src":"https:\/\/i0.wp.com\/www.shqiperia.com\/blog\/wp-content\/uploads\/2019\/03\/kund%C3%ABr-p%C3%ABrdorimit-t%C3%AB-gazit-lotsjell%C3%ABs-nga-policia.jpg?fit=1080%2C622&ssl=1&resize=350%2C200","width":350,"height":200,"srcset":"https:\/\/i0.wp.com\/www.shqiperia.com\/blog\/wp-content\/uploads\/2019\/03\/kund%C3%ABr-p%C3%ABrdorimit-t%C3%AB-gazit-lotsjell%C3%ABs-nga-policia.jpg?fit=1080%2C622&ssl=1&resize=350%2C200 1x, https:\/\/i0.wp.com\/www.shqiperia.com\/blog\/wp-content\/uploads\/2019\/03\/kund%C3%ABr-p%C3%ABrdorimit-t%C3%AB-gazit-lotsjell%C3%ABs-nga-policia.jpg?fit=1080%2C622&ssl=1&resize=525%2C300 1.5x, https:\/\/i0.wp.com\/www.shqiperia.com\/blog\/wp-content\/uploads\/2019\/03\/kund%C3%ABr-p%C3%ABrdorimit-t%C3%AB-gazit-lotsjell%C3%ABs-nga-policia.jpg?fit=1080%2C622&ssl=1&resize=700%2C400 2x, https:\/\/i0.wp.com\/www.shqiperia.com\/blog\/wp-content\/uploads\/2019\/03\/kund%C3%ABr-p%C3%ABrdorimit-t%C3%AB-gazit-lotsjell%C3%ABs-nga-policia.jpg?fit=1080%2C622&ssl=1&resize=1050%2C600 3x"},"classes":[]},{"id":96996,"url":"https:\/\/www.shqiperia.com\/blog\/e-turpshme-ministrja-kociu-thyen-heshtjen-per-shoqerimin-e-te-miturit-gjate-protestes-po-qellonte-efektivet-me-gure\/","url_meta":{"origin":96982,"position":2},"title":"E turpshme: &#8211; Ministrja Ko\u00e7iu thyen heshtjen p\u00ebr shoq\u00ebrimin e t\u00eb miturit gjat\u00eb protest\u00ebs: Po q\u00ebllonte efektiv\u00ebt me gur\u00eb","author":"Kurt Farka","date":"January 27, 2026","format":false,"excerpt":"27 Janar 2026 Ministrja e Brendshme, Albana Ko\u00e7iu ka folur lidhur me protest\u00ebn e fundit t\u00eb opozit\u00ebs ku p\u00ebr shkak t\u00eb tensioneve, u shoq\u00ebrua n\u00eb komisariat nj\u00eb i mitur 14-vje\u00e7ar. \u201cAkti normativ \u00ebsht\u00eb i r\u00ebnd\u00ebsish\u00ebm edhe p\u00ebr ministrin\u00eb e Pun\u00ebve t\u00eb Brendshme. Do t\u00eb b\u00ebjm\u00eb t\u00eb mundur t\u00eb kemi m\u00eb\u2026","rel":"","context":"In &quot;Blogu i Udh\u00ebtarit&quot;","block_context":{"text":"Blogu i Udh\u00ebtarit","link":"https:\/\/www.shqiperia.com\/blog\/category\/blogu-i-udhetarit\/"},"img":{"alt_text":"","src":"https:\/\/i0.wp.com\/www.shqiperia.com\/blog\/wp-content\/uploads\/2026\/01\/MixCollage-27-Jan-2026-01-08-PM-5837-800x450-1.webp?fit=800%2C450&ssl=1&resize=350%2C200","width":350,"height":200,"srcset":"https:\/\/i0.wp.com\/www.shqiperia.com\/blog\/wp-content\/uploads\/2026\/01\/MixCollage-27-Jan-2026-01-08-PM-5837-800x450-1.webp?fit=800%2C450&ssl=1&resize=350%2C200 1x, https:\/\/i0.wp.com\/www.shqiperia.com\/blog\/wp-content\/uploads\/2026\/01\/MixCollage-27-Jan-2026-01-08-PM-5837-800x450-1.webp?fit=800%2C450&ssl=1&resize=525%2C300 1.5x, https:\/\/i0.wp.com\/www.shqiperia.com\/blog\/wp-content\/uploads\/2026\/01\/MixCollage-27-Jan-2026-01-08-PM-5837-800x450-1.webp?fit=800%2C450&ssl=1&resize=700%2C400 2x"},"classes":[]},{"id":14769,"url":"https:\/\/www.shqiperia.com\/blog\/analiza-nje-tjeter-ciklon-i-afrohet-uraganit-te-protestave\/","url_meta":{"origin":96982,"position":3},"title":"ANALIZA\/ \u201cNj\u00eb tjet\u00ebr ciklon i afrohet uraganit t\u00eb protestave\u2026!\u201d","author":"Kurt Farka","date":"December 14, 2018","format":false,"excerpt":"ANALIZA\/ \u201cNj\u00eb tjet\u00ebr ciklon i afrohet uraganit t\u00eb protestave\u2026!\u201d Nga: ILIR \u00c7UMANI 14 dhjetor 2018 Nj\u00eb tjet\u00ebr ciklon i afrohet uraganit t\u00eb protestave t\u00eb student\u00ebve\u2026 Ajo e sindikatave t\u00eb hidrokarbureve n\u00eb lidhje me rritjen e \u00e7mimit t\u00eb naft\u00ebs, e sindikatave t\u00eb infermier\u00ebve p\u00ebr pagat e ul\u00ebta dhe kushtet e v\u00ebshtira\u2026","rel":"","context":"In &quot;Blogu i Udh\u00ebtarit&quot;","block_context":{"text":"Blogu i Udh\u00ebtarit","link":"https:\/\/www.shqiperia.com\/blog\/category\/blogu-i-udhetarit\/"},"img":{"alt_text":"","src":"https:\/\/i0.wp.com\/www.shqiperia.com\/blog\/wp-content\/uploads\/2018\/12\/cumani-928x1024.jpg?fit=928%2C603&ssl=1&resize=350%2C200","width":350,"height":200,"srcset":"https:\/\/i0.wp.com\/www.shqiperia.com\/blog\/wp-content\/uploads\/2018\/12\/cumani-928x1024.jpg?fit=928%2C603&ssl=1&resize=350%2C200 1x, https:\/\/i0.wp.com\/www.shqiperia.com\/blog\/wp-content\/uploads\/2018\/12\/cumani-928x1024.jpg?fit=928%2C603&ssl=1&resize=525%2C300 1.5x, https:\/\/i0.wp.com\/www.shqiperia.com\/blog\/wp-content\/uploads\/2018\/12\/cumani-928x1024.jpg?fit=928%2C603&ssl=1&resize=700%2C400 2x"},"classes":[]},{"id":90457,"url":"https:\/\/www.shqiperia.com\/blog\/studentet-ne-serbi-vazhdojne-te-sfidojne-pushtetin-e-forte-te-presidentit-vucic-ne-rruge-dhe-motociklistet-e-traktoristet\/","url_meta":{"origin":96982,"position":4},"title":"Student\u00ebt n\u00eb Serbi vazhdojn\u00eb t\u00eb sfidojn\u00eb pushtetin e fort\u00eb t\u00eb presidentit Vu\u00e7i\u00e7, n\u00eb rrug\u00eb dhe moto\u00e7iklist\u00ebt e traktorist\u00ebt","author":"Kurt Farka","date":"March 15, 2025","format":false,"excerpt":"15 Mars 2025 Student\u00ebt dhe qytetar\u00ebt kan\u00eb ecur prej dit\u00ebsh n\u00eb drejtim t\u00eb kryeqytetit t\u00eb Serbis\u00eb. Dhjet\u00ebra protesta e incidente kan\u00eb ndodhur vet\u00ebm gjat\u00eb jav\u00ebs. Presidenti Aleksandar Vu\u00e7iq dhe pushteti i tij deri m\u00eb tani nuk dor\u00ebzohen leht\u00eb. Ai thot\u00eb, se protestave u ka ardhur fundi, nd\u00ebrsa student\u00ebt thon\u00eb se\u2026","rel":"","context":"In &quot;Blogu i Udh\u00ebtarit&quot;","block_context":{"text":"Blogu i Udh\u00ebtarit","link":"https:\/\/www.shqiperia.com\/blog\/category\/blogu-i-udhetarit\/"},"img":{"alt_text":"","src":"https:\/\/i0.wp.com\/www.shqiperia.com\/blog\/wp-content\/uploads\/2025\/03\/Serbia1.jpg?fit=1106%2C484&ssl=1&resize=350%2C200","width":350,"height":200,"srcset":"https:\/\/i0.wp.com\/www.shqiperia.com\/blog\/wp-content\/uploads\/2025\/03\/Serbia1.jpg?fit=1106%2C484&ssl=1&resize=350%2C200 1x, https:\/\/i0.wp.com\/www.shqiperia.com\/blog\/wp-content\/uploads\/2025\/03\/Serbia1.jpg?fit=1106%2C484&ssl=1&resize=525%2C300 1.5x, https:\/\/i0.wp.com\/www.shqiperia.com\/blog\/wp-content\/uploads\/2025\/03\/Serbia1.jpg?fit=1106%2C484&ssl=1&resize=700%2C400 2x, https:\/\/i0.wp.com\/www.shqiperia.com\/blog\/wp-content\/uploads\/2025\/03\/Serbia1.jpg?fit=1106%2C484&ssl=1&resize=1050%2C600 3x"},"classes":[]},{"id":76822,"url":"https:\/\/www.shqiperia.com\/blog\/studentet-bllokojne-per-24-ore-qendren-e-beogradit\/","url_meta":{"origin":96982,"position":5},"title":"Student\u00ebt bllokojn\u00eb p\u00ebr 24 or\u00eb qendr\u00ebn e Beogradit","author":"Kurt Farka","date":"December 29, 2023","format":false,"excerpt":"29 Dhjetor 2023 Student\u00ebt filluan m\u00eb 29 dhjetor nj\u00eb bllokad\u00eb 24-or\u00ebshe t\u00eb kryq\u00ebzimit t\u00eb rrug\u00ebve n\u00eb qend\u00ebr t\u00eb Beogradit, duke protestuar pas akuzave p\u00ebr parregullsi n\u00eb zgjedhjet e 17 dhjetorit dhe duke k\u00ebrkuar nga autoritetet atje q\u00eb t\u00eb lejojn\u00eb hapjen e list\u00ebs s\u00eb votuesve. Ky lokacion \u00ebsht\u00eb nj\u00eb nga m\u00eb\u2026","rel":"","context":"In &quot;Blogu i Udh\u00ebtarit&quot;","block_context":{"text":"Blogu i Udh\u00ebtarit","link":"https:\/\/www.shqiperia.com\/blog\/category\/blogu-i-udhetarit\/"},"img":{"alt_text":"","src":"https:\/\/i0.wp.com\/www.shqiperia.com\/blog\/wp-content\/uploads\/2023\/12\/studentet-serbe.png?fit=836%2C468&ssl=1&resize=350%2C200","width":350,"height":200,"srcset":"https:\/\/i0.wp.com\/www.shqiperia.com\/blog\/wp-content\/uploads\/2023\/12\/studentet-serbe.png?fit=836%2C468&ssl=1&resize=350%2C200 1x, https:\/\/i0.wp.com\/www.shqiperia.com\/blog\/wp-content\/uploads\/2023\/12\/studentet-serbe.png?fit=836%2C468&ssl=1&resize=525%2C300 1.5x, https:\/\/i0.wp.com\/www.shqiperia.com\/blog\/wp-content\/uploads\/2023\/12\/studentet-serbe.png?fit=836%2C468&ssl=1&resize=700%2C400 2x"},"classes":[]}],"_links":{"self":[{"href":"https:\/\/www.shqiperia.com\/blog\/wp-json\/wp\/v2\/posts\/96982","targetHints":{"allow":["GET"]}}],"collection":[{"href":"https:\/\/www.shqiperia.com\/blog\/wp-json\/wp\/v2\/posts"}],"about":[{"href":"https:\/\/www.shqiperia.com\/blog\/wp-json\/wp\/v2\/types\/post"}],"author":[{"embeddable":true,"href":"https:\/\/www.shqiperia.com\/blog\/wp-json\/wp\/v2\/users\/9"}],"replies":[{"embeddable":true,"href":"https:\/\/www.shqiperia.com\/blog\/wp-json\/wp\/v2\/comments?post=96982"}],"version-history":[{"count":1,"href":"https:\/\/www.shqiperia.com\/blog\/wp-json\/wp\/v2\/posts\/96982\/revisions"}],"predecessor-version":[{"id":96984,"href":"https:\/\/www.shqiperia.com\/blog\/wp-json\/wp\/v2\/posts\/96982\/revisions\/96984"}],"wp:featuredmedia":[{"embeddable":true,"href":"https:\/\/www.shqiperia.com\/blog\/wp-json\/wp\/v2\/media\/96983"}],"wp:attachment":[{"href":"https:\/\/www.shqiperia.com\/blog\/wp-json\/wp\/v2\/media?parent=96982"}],"wp:term":[{"taxonomy":"category","embeddable":true,"href":"https:\/\/www.shqiperia.com\/blog\/wp-json\/wp\/v2\/categories?post=96982"},{"taxonomy":"post_tag","embeddable":true,"href":"https:\/\/www.shqiperia.com\/blog\/wp-json\/wp\/v2\/tags?post=96982"}],"curies":[{"name":"wp","href":"https:\/\/api.w.org\/{rel}","templated":true}]}}