{"id":96978,"date":"2026-01-26T22:13:11","date_gmt":"2026-01-26T22:13:11","guid":{"rendered":"https:\/\/www.shqiperia.com\/blog\/?p=96978"},"modified":"2026-01-26T22:13:18","modified_gmt":"2026-01-26T22:13:18","slug":"gazi-lotsjelles-i-skaduar-ne-proteste-disa-here-me-i-demshem-myzyraj-ndalohet-sipas-konventave-nderkombetare","status":"publish","type":"post","link":"https:\/\/www.shqiperia.com\/blog\/gazi-lotsjelles-i-skaduar-ne-proteste-disa-here-me-i-demshem-myzyraj-ndalohet-sipas-konventave-nderkombetare\/","title":{"rendered":"\u2018Gazi lotsjell\u00ebs i skaduar n\u00eb protest\u00eb, disa her\u00eb m\u00eb i d\u00ebmsh\u00ebm\u2019. Myzyraj: &#8211; Ndalohet sipas konventave nd\u00ebrkomb\u00ebtare"},"content":{"rendered":"<p><img data-recalc-dims=\"1\" loading=\"lazy\" decoding=\"async\" data-attachment-id=\"96980\" data-permalink=\"https:\/\/www.shqiperia.com\/blog\/gazi-lotsjelles-i-skaduar-ne-proteste-disa-here-me-i-demshem-myzyraj-ndalohet-sipas-konventave-nderkombetare\/dsfgdsfgsdfg-770x413-1\/\" data-orig-file=\"https:\/\/i0.wp.com\/www.shqiperia.com\/blog\/wp-content\/uploads\/2026\/01\/dsfgdsfgsdfg-770x413-1.jpg?fit=770%2C413&amp;ssl=1\" data-orig-size=\"770,413\" data-comments-opened=\"1\" data-image-meta=\"{&quot;aperture&quot;:&quot;0&quot;,&quot;credit&quot;:&quot;Redaksia&quot;,&quot;camera&quot;:&quot;&quot;,&quot;caption&quot;:&quot;&quot;,&quot;created_timestamp&quot;:&quot;1769464597&quot;,&quot;copyright&quot;:&quot;&quot;,&quot;focal_length&quot;:&quot;0&quot;,&quot;iso&quot;:&quot;0&quot;,&quot;shutter_speed&quot;:&quot;0&quot;,&quot;title&quot;:&quot;&quot;,&quot;orientation&quot;:&quot;0&quot;}\" data-image-title=\"dsfgdsfgsdfg-770&#215;413-1\" data-image-description=\"\" data-image-caption=\"\" data-medium-file=\"https:\/\/i0.wp.com\/www.shqiperia.com\/blog\/wp-content\/uploads\/2026\/01\/dsfgdsfgsdfg-770x413-1.jpg?fit=300%2C161&amp;ssl=1\" data-large-file=\"https:\/\/i0.wp.com\/www.shqiperia.com\/blog\/wp-content\/uploads\/2026\/01\/dsfgdsfgsdfg-770x413-1.jpg?fit=770%2C413&amp;ssl=1\" class=\"alignnone wp-image-96980\" alt=\"\" src=\"https:\/\/i0.wp.com\/www.shqiperia.com\/blog\/wp-content\/uploads\/2026\/01\/dsfgdsfgsdfg-770x413-1.jpg?resize=593%2C318&#038;ssl=1\" width=\"593\" height=\"318\" srcset=\"https:\/\/i0.wp.com\/www.shqiperia.com\/blog\/wp-content\/uploads\/2026\/01\/dsfgdsfgsdfg-770x413-1.jpg?resize=300%2C161&amp;ssl=1 300w, https:\/\/i0.wp.com\/www.shqiperia.com\/blog\/wp-content\/uploads\/2026\/01\/dsfgdsfgsdfg-770x413-1.jpg?resize=768%2C412&amp;ssl=1 768w, https:\/\/i0.wp.com\/www.shqiperia.com\/blog\/wp-content\/uploads\/2026\/01\/dsfgdsfgsdfg-770x413-1.jpg?resize=450%2C241&amp;ssl=1 450w, https:\/\/i0.wp.com\/www.shqiperia.com\/blog\/wp-content\/uploads\/2026\/01\/dsfgdsfgsdfg-770x413-1.jpg?resize=600%2C322&amp;ssl=1 600w, https:\/\/i0.wp.com\/www.shqiperia.com\/blog\/wp-content\/uploads\/2026\/01\/dsfgdsfgsdfg-770x413-1.jpg?resize=400%2C215&amp;ssl=1 400w, https:\/\/i0.wp.com\/www.shqiperia.com\/blog\/wp-content\/uploads\/2026\/01\/dsfgdsfgsdfg-770x413-1.jpg?w=770&amp;ssl=1 770w\" sizes=\"auto, (max-width: 593px) 100vw, 593px\" \/><\/p>\n<p>26 Janar 2026<\/p>\n<p>Gazetari Isa Myzyraj, i ftuar n\u00eb nj\u00eb emision televiziv, ka komentuar p\u00ebrdorimin e gazit lotsjell\u00ebs gjat\u00eb protest\u00ebs s\u00eb Partis\u00eb Demokratike, t\u00eb zhvilluar dy dit\u00eb m\u00eb par\u00eb, ku u konstatua se gazi i p\u00ebrdorur ishte i skaduar prej rreth tre vitesh.<\/p>\n<p>Myzyraj u shpreh se n\u00eb shum\u00eb raste, gazi lotsjell\u00ebs i hedhur ndaj protestuesve u rikthye drejt forcave t\u00eb policis\u00eb. Sipas tij, protestuesit ishin t\u00eb p\u00ebrgatitur p\u00ebr rezistenc\u00eb, \u00e7ka ndikoi edhe n\u00eb dinamik\u00ebn e p\u00ebrplasjes mes tyre dhe uniformave blu.<\/p>\n<p>Ai theksoi se gazi lotsjell\u00ebs rezultonte i skaduar q\u00eb prej vitit 2023, duke ngritur shqet\u00ebsime serioze mbi pasojat sh\u00ebndet\u00ebsore t\u00eb p\u00ebrdorimit t\u00eb tij. \u201cKam lexuar se p\u00ebrdorimi i k\u00ebtij gazi \u00ebsht\u00eb disa her\u00eb m\u00eb i d\u00ebmsh\u00ebm dhe i ndaluar qartazi n\u00eb protokollet nd\u00ebrkomb\u00ebtare\u201d, deklaroi gazetari.<\/p>\n<p>Sipas Myzyrajt, institucione nd\u00ebrkomb\u00ebtare si Organizata e Kombeve t\u00eb Bashkuara dhe OSBE kan\u00eb rregulla t\u00eb qarta mbi p\u00ebrdorimin e gazit lotsjell\u00ebs, ve\u00e7an\u00ebrisht kur b\u00ebhet fjal\u00eb p\u00ebr substanca t\u00eb skaduara, t\u00eb cilat mund t\u00eb p\u00ebrb\u00ebjn\u00eb rrezik serioz p\u00ebr sh\u00ebndetin e njer\u00ebzve.<\/p>\n","protected":false},"excerpt":{"rendered":"<p>26 Janar 2026 Gazetari Isa Myzyraj, i ftuar n\u00eb nj\u00eb emision televiziv, ka komentuar p\u00ebrdorimin e gazit lotsjell\u00ebs gjat\u00eb protest\u00ebs s\u00eb Partis\u00eb Demokratike, t\u00eb zhvilluar dy dit\u00eb m\u00eb par\u00eb, ku u konstatua se gazi i p\u00ebrdorur ishte i skaduar prej rreth tre vitesh. Myzyraj u shpreh se n\u00eb shum\u00eb raste, gazi lotsjell\u00ebs i hedhur ndaj [&hellip;]<\/p>\n","protected":false},"author":9,"featured_media":96980,"comment_status":"open","ping_status":"open","sticky":false,"template":"","format":"standard","meta":{"jetpack_post_was_ever_published":false,"_jetpack_newsletter_access":"","_jetpack_dont_email_post_to_subs":false,"_jetpack_newsletter_tier_id":0,"_jetpack_memberships_contains_paywalled_content":false,"_jetpack_memberships_contains_paid_content":false,"footnotes":"","jetpack_publicize_message":"","jetpack_publicize_feature_enabled":true,"jetpack_social_post_already_shared":true,"jetpack_social_options":{"image_generator_settings":{"template":"highway","default_image_id":0,"font":"","enabled":false},"version":2}},"categories":[27,1,2],"tags":[],"class_list":["post-96978","post","type-post","status-publish","format-standard","has-post-thumbnail","hentry","category-blogu-i-udhetarit","category-njoftime-shtypi","category-politika"],"jetpack_publicize_connections":[],"jetpack_featured_media_url":"https:\/\/i0.wp.com\/www.shqiperia.com\/blog\/wp-content\/uploads\/2026\/01\/dsfgdsfgsdfg-770x413-1.jpg?fit=770%2C413&ssl=1","jetpack_sharing_enabled":true,"jetpack_shortlink":"https:\/\/wp.me\/p5Z6wp-pea","jetpack-related-posts":[{"id":96905,"url":"https:\/\/www.shqiperia.com\/blog\/toksikologet-paralajmerojne-nderkohe-se-gazit-te-skaduar-i-hedhur-mbi-protestuesit-mund-te-shkaktoje-probleme-afatgjata-me-frymemarrjen-dhe-deri-te-demtimet-e-perhershme-te-syve\/","url_meta":{"origin":96978,"position":0},"title":"Toksikolog\u00ebt paralajm\u00ebrojn\u00eb nd\u00ebrkoh\u00eb se gazit t\u00eb skaduar i hedhur mbi protestuesit mund t\u00eb shkaktoj\u00eb probleme afatgjata me frym\u00ebmarrjen dhe deri te d\u00ebmtimet e p\u00ebrhershme t\u00eb syve","author":"Kurt Farka","date":"January 25, 2026","format":false,"excerpt":"25 Janar 2026 Nga: Top Channe Policia dhe Garda e Republik\u00ebs akuzohen se kan\u00eb p\u00ebrdorur gaz lotsjell\u00ebs t\u00eb skaduar n\u00eb protest\u00ebn e organizuar nga Partia Demokratike t\u00eb shtun\u00ebn. Fotot nga granatat e hedhura p\u00ebr t\u00eb shp\u00ebrndar\u00eb turmat te Kryeministri dhe Kuvendi tregojn\u00eb se gazi ka skaduar q\u00eb n\u00eb vitin 2023.\u2026","rel":"","context":"In &quot;Blogu i Udh\u00ebtarit&quot;","block_context":{"text":"Blogu i Udh\u00ebtarit","link":"https:\/\/www.shqiperia.com\/blog\/category\/blogu-i-udhetarit\/"},"img":{"alt_text":"","src":"https:\/\/i0.wp.com\/www.shqiperia.com\/blog\/wp-content\/uploads\/2026\/01\/auto_gaz1769296017.jpg?fit=900%2C552&ssl=1&resize=350%2C200","width":350,"height":200,"srcset":"https:\/\/i0.wp.com\/www.shqiperia.com\/blog\/wp-content\/uploads\/2026\/01\/auto_gaz1769296017.jpg?fit=900%2C552&ssl=1&resize=350%2C200 1x, https:\/\/i0.wp.com\/www.shqiperia.com\/blog\/wp-content\/uploads\/2026\/01\/auto_gaz1769296017.jpg?fit=900%2C552&ssl=1&resize=525%2C300 1.5x, https:\/\/i0.wp.com\/www.shqiperia.com\/blog\/wp-content\/uploads\/2026\/01\/auto_gaz1769296017.jpg?fit=900%2C552&ssl=1&resize=700%2C400 2x"},"classes":[]},{"id":17998,"url":"https:\/\/www.shqiperia.com\/blog\/mjeku-jep-alarmin-gazi-lotsjelles-mund-te-shkaktoje-vdekjen\/","url_meta":{"origin":96978,"position":1},"title":"Mjeku jep alarmin: Gazi lotsjell\u00ebs mund t\u00eb shkaktoj\u00eb vdekjen. &#8211;","author":"Kurt Farka","date":"March 3, 2019","format":false,"excerpt":"Mjeku jep alarmin: Gazi lotsjell\u00ebs mund t\u00eb shkaktoj\u00eb vdekjen. - Gazi lotsjell\u00ebs i p\u00ebrdoruar nga forcat e rendit n\u00eb protest\u00ebn e opozit\u00ebs s\u00eb bashkuar, shkaktoi debat p\u00ebr m\u00ebnyr\u00ebn se si u p\u00ebrdor ai si edhe p\u00ebr efektet q\u00eb shkakton te protestuesit. Lidhur me k\u00ebto efekte mjeku pneumolog, Adrian Jorgji, i\u2026","rel":"","context":"In &quot;Blogu i Udh\u00ebtarit&quot;","block_context":{"text":"Blogu i Udh\u00ebtarit","link":"https:\/\/www.shqiperia.com\/blog\/category\/blogu-i-udhetarit\/"},"img":{"alt_text":"","src":"https:\/\/i0.wp.com\/www.shqiperia.com\/blog\/wp-content\/uploads\/2019\/03\/gazi-lotsjelles-2.jpg?fit=403%2C241&ssl=1&resize=350%2C200","width":350,"height":200},"classes":[]},{"id":17955,"url":"https:\/\/www.shqiperia.com\/blog\/letra-e-policise-se-shtetit-ndjese-nese-gazi-lotsjelles-ju-solli-shqetesim-per-shendetin\/","url_meta":{"origin":96978,"position":2},"title":"Letra e Policis\u00eb s\u00eb Shtetit: Ndjes\u00eb n\u00ebse gazi lotsjell\u00ebs ju solli shqet\u00ebsim p\u00ebr sh\u00ebndetin.","author":"Kurt Farka","date":"March 2, 2019","format":false,"excerpt":"Letra e Policis\u00eb s\u00eb Shtetit: Ndjes\u00eb n\u00ebse gazi lotsjell\u00ebs ju solli shqet\u00ebsim p\u00ebr sh\u00ebndetin. Ardi Veliu ka shprehur ndjes\u00eb ndaj klient\u00ebve dhe bizneseve n\u00eb zon\u00ebn para parlamentit p\u00ebr shkak t\u00eb p\u00ebrdorimit t\u00eb gazit lotsjell\u00ebs gjat\u00eb protest\u00ebs s\u00eb opozit\u00ebs. Drejtori i P\u00ebrgjithsh\u00ebm i Policis\u00eb s\u00eb Shtetit Ardi Veliu p\u00ebrmes nj\u00eb letre\u2026","rel":"","context":"In &quot;Blogu i Udh\u00ebtarit&quot;","block_context":{"text":"Blogu i Udh\u00ebtarit","link":"https:\/\/www.shqiperia.com\/blog\/category\/blogu-i-udhetarit\/"},"img":{"alt_text":"","src":"https:\/\/i0.wp.com\/www.shqiperia.com\/blog\/wp-content\/uploads\/2019\/03\/5c793ffa08338ardi-veliu.jpeg?fit=913%2C389&ssl=1&resize=350%2C200","width":350,"height":200,"srcset":"https:\/\/i0.wp.com\/www.shqiperia.com\/blog\/wp-content\/uploads\/2019\/03\/5c793ffa08338ardi-veliu.jpeg?fit=913%2C389&ssl=1&resize=350%2C200 1x, https:\/\/i0.wp.com\/www.shqiperia.com\/blog\/wp-content\/uploads\/2019\/03\/5c793ffa08338ardi-veliu.jpeg?fit=913%2C389&ssl=1&resize=525%2C300 1.5x, https:\/\/i0.wp.com\/www.shqiperia.com\/blog\/wp-content\/uploads\/2019\/03\/5c793ffa08338ardi-veliu.jpeg?fit=913%2C389&ssl=1&resize=700%2C400 2x"},"classes":[]},{"id":72300,"url":"https:\/\/www.shqiperia.com\/blog\/tensionet-ne-kampin-e-mek-ne-manze-lubonja-dukej-sikur-po-pergatitej-nje-sulm-ushtarak-jo-kibernetik-nese-viktima-ka-nderruar-jete-nga-gazi-lotsjelles\/","url_meta":{"origin":96978,"position":3},"title":"Tensionet n\u00eb kampin e MEK n\u00eb Manz\u00eb, Lubonja: &#8211; Dukej sikur po p\u00ebrgatitej nj\u00eb sulm ushtarak, jo kibernetik. &#8211; N\u00ebse viktima ka nd\u00ebrruar jet\u00eb nga gazi lotsjell\u00ebs\u2026","author":"Kurt Farka","date":"June 21, 2023","format":false,"excerpt":"21 Qershor 2023 Analisti Fatos Lubonja ka folur p\u00ebr tensionet e shkaktuara dit\u00ebn e sotme n\u00eb kampin e MEK n\u00eb Manz\u00eb, pas nd\u00ebrhyrjes s\u00eb forcave t\u00eb policis\u00eb. Ai u shpreh se nga ajo q\u00eb ndodhi duket sikur po p\u00ebrgatitej nj\u00eb sulm ushtarak dhe jo kibernetik. Sipas Lubonj\u00ebs, polic\u00ebt kan\u00eb tejkaluar\u2026","rel":"","context":"In &quot;Blogu i Udh\u00ebtarit&quot;","block_context":{"text":"Blogu i Udh\u00ebtarit","link":"https:\/\/www.shqiperia.com\/blog\/category\/blogu-i-udhetarit\/"},"img":{"alt_text":"","src":"https:\/\/i0.wp.com\/www.shqiperia.com\/blog\/wp-content\/uploads\/2023\/06\/lubonjaaa-768x449-1.jpg?fit=768%2C449&ssl=1&resize=350%2C200","width":350,"height":200,"srcset":"https:\/\/i0.wp.com\/www.shqiperia.com\/blog\/wp-content\/uploads\/2023\/06\/lubonjaaa-768x449-1.jpg?fit=768%2C449&ssl=1&resize=350%2C200 1x, https:\/\/i0.wp.com\/www.shqiperia.com\/blog\/wp-content\/uploads\/2023\/06\/lubonjaaa-768x449-1.jpg?fit=768%2C449&ssl=1&resize=525%2C300 1.5x, https:\/\/i0.wp.com\/www.shqiperia.com\/blog\/wp-content\/uploads\/2023\/06\/lubonjaaa-768x449-1.jpg?fit=768%2C449&ssl=1&resize=700%2C400 2x"},"classes":[]},{"id":49277,"url":"https:\/\/www.shqiperia.com\/blog\/serbet-doni-ju-mbajini-kuvat-gazi-lotsjelles-ne-koncertin-e-goran-bregovic-ja-momenti-kur-qytetari-perplaset-me-policine\/","url_meta":{"origin":96978,"position":4},"title":"&#8220;Serb\u00ebt doni ju? Mbajini ku*vat! &#8211; \u00a0Gazi lotsjell\u00ebs n\u00eb koncertin e Goran Bregovi\u00e7, ja momenti kur qytetari p\u00ebrplaset me policin\u00eb","author":"Kurt Farka","date":"August 23, 2021","format":false,"excerpt":"\"Serb\u00ebt doni ju? Mbajini ku*vat! - \u00a0Gazi lotsjell\u00ebs n\u00eb koncertin e Goran Bregovi\u00e7, ja momenti kur qytetari p\u00ebrplaset me policin\u00eb 23 GUSHT 2021 \"Serb\u00ebt doni ju? Mbajini ku*vat! Koncerti i Goran Bregovi\u00e7 n\u00eb Kor\u00e7\u00eb nuk kaloi pa incidente. 8 persona jan\u00eb shoq\u00ebruar nga Policia e Kor\u00e7\u00ebs si t\u00eb dyshuar p\u00ebr\u2026","rel":"","context":"In &quot;Blogu i Udh\u00ebtarit&quot;","block_context":{"text":"Blogu i Udh\u00ebtarit","link":"https:\/\/www.shqiperia.com\/blog\/category\/blogu-i-udhetarit\/"},"img":{"alt_text":"","src":"https:\/\/i0.wp.com\/www.shqiperia.com\/blog\/wp-content\/uploads\/2021\/08\/640-0-6123348451d15.jpg?fit=640%2C359&ssl=1&resize=350%2C200","width":350,"height":200,"srcset":"https:\/\/i0.wp.com\/www.shqiperia.com\/blog\/wp-content\/uploads\/2021\/08\/640-0-6123348451d15.jpg?fit=640%2C359&ssl=1&resize=350%2C200 1x, https:\/\/i0.wp.com\/www.shqiperia.com\/blog\/wp-content\/uploads\/2021\/08\/640-0-6123348451d15.jpg?fit=640%2C359&ssl=1&resize=525%2C300 1.5x"},"classes":[]},{"id":96899,"url":"https:\/\/www.shqiperia.com\/blog\/krimi-i-policise-qe-perdori-sot-gaz-lotsjelles-te-skaduar-teper-te-rrezikshem-duhet-te-hetohet-dhe-te-denohet-rende-penalisht\/","url_meta":{"origin":96978,"position":5},"title":"Krimi i policis\u00eb, q\u00eb p\u00ebrdori sot gaz lotsjell\u00ebs t\u00eb skaduar teper te rrezikshem, duhet t\u00eb hetohet dhe t\u00eb d\u00ebnohet r\u00ebnd\u00eb penalisht","author":"Kurt Farka","date":"January 24, 2026","format":false,"excerpt":"24 Janar 2026 Nga Petrit Vasili\/ Sot, n\u00eb protest\u00ebn e opozit\u00ebs, policia ka p\u00ebrdorur gaz lotsjell\u00ebs t\u00eb skaduar q\u00eb n\u00eb vitin 2023, pra gati tre vjet m\u00eb par\u00eb. Kjo prov\u00eb kaq e r\u00ebnd\u00eb \u00ebsht\u00eb konstatuar n\u00eb terrenin e protest\u00ebs nga gazetari i Syri TV, Klajdi Bodlli. Ky \u00ebsht\u00eb nj\u00eb krim\u2026","rel":"","context":"In &quot;Blogu i Udh\u00ebtarit&quot;","block_context":{"text":"Blogu i Udh\u00ebtarit","link":"https:\/\/www.shqiperia.com\/blog\/category\/blogu-i-udhetarit\/"},"img":{"alt_text":"","src":"https:\/\/i0.wp.com\/www.shqiperia.com\/blog\/wp-content\/uploads\/2026\/01\/auto_7b705dc9-a522-427f-832a-3b1785e8dde61769288881.jpg?fit=900%2C954&ssl=1&resize=350%2C200","width":350,"height":200,"srcset":"https:\/\/i0.wp.com\/www.shqiperia.com\/blog\/wp-content\/uploads\/2026\/01\/auto_7b705dc9-a522-427f-832a-3b1785e8dde61769288881.jpg?fit=900%2C954&ssl=1&resize=350%2C200 1x, https:\/\/i0.wp.com\/www.shqiperia.com\/blog\/wp-content\/uploads\/2026\/01\/auto_7b705dc9-a522-427f-832a-3b1785e8dde61769288881.jpg?fit=900%2C954&ssl=1&resize=525%2C300 1.5x, https:\/\/i0.wp.com\/www.shqiperia.com\/blog\/wp-content\/uploads\/2026\/01\/auto_7b705dc9-a522-427f-832a-3b1785e8dde61769288881.jpg?fit=900%2C954&ssl=1&resize=700%2C400 2x"},"classes":[]}],"_links":{"self":[{"href":"https:\/\/www.shqiperia.com\/blog\/wp-json\/wp\/v2\/posts\/96978","targetHints":{"allow":["GET"]}}],"collection":[{"href":"https:\/\/www.shqiperia.com\/blog\/wp-json\/wp\/v2\/posts"}],"about":[{"href":"https:\/\/www.shqiperia.com\/blog\/wp-json\/wp\/v2\/types\/post"}],"author":[{"embeddable":true,"href":"https:\/\/www.shqiperia.com\/blog\/wp-json\/wp\/v2\/users\/9"}],"replies":[{"embeddable":true,"href":"https:\/\/www.shqiperia.com\/blog\/wp-json\/wp\/v2\/comments?post=96978"}],"version-history":[{"count":1,"href":"https:\/\/www.shqiperia.com\/blog\/wp-json\/wp\/v2\/posts\/96978\/revisions"}],"predecessor-version":[{"id":96981,"href":"https:\/\/www.shqiperia.com\/blog\/wp-json\/wp\/v2\/posts\/96978\/revisions\/96981"}],"wp:featuredmedia":[{"embeddable":true,"href":"https:\/\/www.shqiperia.com\/blog\/wp-json\/wp\/v2\/media\/96980"}],"wp:attachment":[{"href":"https:\/\/www.shqiperia.com\/blog\/wp-json\/wp\/v2\/media?parent=96978"}],"wp:term":[{"taxonomy":"category","embeddable":true,"href":"https:\/\/www.shqiperia.com\/blog\/wp-json\/wp\/v2\/categories?post=96978"},{"taxonomy":"post_tag","embeddable":true,"href":"https:\/\/www.shqiperia.com\/blog\/wp-json\/wp\/v2\/tags?post=96978"}],"curies":[{"name":"wp","href":"https:\/\/api.w.org\/{rel}","templated":true}]}}