{"id":96975,"date":"2026-01-26T12:11:23","date_gmt":"2026-01-26T12:11:23","guid":{"rendered":"https:\/\/www.shqiperia.com\/blog\/?p=96975"},"modified":"2026-01-26T12:11:23","modified_gmt":"2026-01-26T12:11:23","slug":"skulptor-ne-vendlindje-artisti-elton-korbeci-puna-mision-per-te-ruajtur-identitetin-e-historine","status":"publish","type":"post","link":"https:\/\/www.shqiperia.com\/blog\/skulptor-ne-vendlindje-artisti-elton-korbeci-puna-mision-per-te-ruajtur-identitetin-e-historine\/","title":{"rendered":"Skulptor n\u00eb vendlindje, artisti Elton Korbeci: &#8211; Puna mision p\u00ebr t\u00eb ruajtur identitetin e historin\u00eb"},"content":{"rendered":"<div class=\"firstP\">\n<p><img data-recalc-dims=\"1\" loading=\"lazy\" decoding=\"async\" data-attachment-id=\"96976\" data-permalink=\"https:\/\/www.shqiperia.com\/blog\/skulptor-ne-vendlindje-artisti-elton-korbeci-puna-mision-per-te-ruajtur-identitetin-e-historine\/88888_sd-2-800x450\/\" data-orig-file=\"https:\/\/i0.wp.com\/www.shqiperia.com\/blog\/wp-content\/uploads\/2026\/01\/88888_sd-2-800x450-1.webp?fit=800%2C450&amp;ssl=1\" data-orig-size=\"800,450\" data-comments-opened=\"1\" data-image-meta=\"{&quot;aperture&quot;:&quot;0&quot;,&quot;credit&quot;:&quot;&quot;,&quot;camera&quot;:&quot;&quot;,&quot;caption&quot;:&quot;&quot;,&quot;created_timestamp&quot;:&quot;0&quot;,&quot;copyright&quot;:&quot;&quot;,&quot;focal_length&quot;:&quot;0&quot;,&quot;iso&quot;:&quot;0&quot;,&quot;shutter_speed&quot;:&quot;0&quot;,&quot;title&quot;:&quot;&quot;,&quot;orientation&quot;:&quot;0&quot;}\" data-image-title=\"88888_sd-2-800&#215;450\" data-image-description=\"\" data-image-caption=\"\" data-medium-file=\"https:\/\/i0.wp.com\/www.shqiperia.com\/blog\/wp-content\/uploads\/2026\/01\/88888_sd-2-800x450-1.webp?fit=300%2C169&amp;ssl=1\" data-large-file=\"https:\/\/i0.wp.com\/www.shqiperia.com\/blog\/wp-content\/uploads\/2026\/01\/88888_sd-2-800x450-1.webp?fit=800%2C450&amp;ssl=1\" class=\"alignnone  wp-image-96976\" alt=\"\" src=\"https:\/\/i0.wp.com\/www.shqiperia.com\/blog\/wp-content\/uploads\/2026\/01\/88888_sd-2-800x450-1.webp?resize=543%2C306&#038;ssl=1\" width=\"543\" height=\"306\" srcset=\"https:\/\/i0.wp.com\/www.shqiperia.com\/blog\/wp-content\/uploads\/2026\/01\/88888_sd-2-800x450-1.webp?resize=300%2C169&amp;ssl=1 300w, https:\/\/i0.wp.com\/www.shqiperia.com\/blog\/wp-content\/uploads\/2026\/01\/88888_sd-2-800x450-1.webp?resize=768%2C432&amp;ssl=1 768w, https:\/\/i0.wp.com\/www.shqiperia.com\/blog\/wp-content\/uploads\/2026\/01\/88888_sd-2-800x450-1.webp?resize=450%2C253&amp;ssl=1 450w, https:\/\/i0.wp.com\/www.shqiperia.com\/blog\/wp-content\/uploads\/2026\/01\/88888_sd-2-800x450-1.webp?resize=600%2C338&amp;ssl=1 600w, https:\/\/i0.wp.com\/www.shqiperia.com\/blog\/wp-content\/uploads\/2026\/01\/88888_sd-2-800x450-1.webp?resize=400%2C225&amp;ssl=1 400w, https:\/\/i0.wp.com\/www.shqiperia.com\/blog\/wp-content\/uploads\/2026\/01\/88888_sd-2-800x450-1.webp?w=800&amp;ssl=1 800w\" sizes=\"auto, (max-width: 543px) 100vw, 543px\" \/><\/p>\n<p>26 Janar 2026<\/p>\n<p>Elton Korbeci, artisti i ri nga Gjirokastra, ka zgjedhur t\u00eb mos largohet nga vendi, por t\u2019ia kushtoj\u00eb gjith\u00eb pasionin dhe talentin e tij qytetit q\u00eb e ka frym\u00ebzuar.<\/p>\n<\/div>\n<p>I diplomuar n\u00eb skulptur\u00eb dhe piktur\u00eb monumentale, Korbeci e ka kthyer studion e tij n\u00eb nj\u00eb hap\u00ebsir\u00eb arti ku \u00e7do punim tregon histori. N\u00eb muret e studios gjen portrete t\u00eb madh\u00ebsive t\u00eb ndryshme, kryesisht figura historike, si edhe peizazhe magjeps\u00ebse t\u00eb Gjirokastr\u00ebs, q\u00eb jan\u00eb burimi i p\u00ebrhersh\u00ebm i frym\u00ebzimit t\u00eb tij. \u00c7do vep\u00ebr mbart jo vet\u00ebm dor\u00ebn e artistit, por edhe shpirtin e qytetit t\u00eb gurt\u00eb.<\/p>\n<p>P\u00ebrve\u00e7se krijues, Elton Korbeci \u00ebsht\u00eb edhe m\u00ebsues, duke i motivuar t\u00eb rinjt\u00eb t\u00eb ndjekin pasionet e tyre dhe t\u00eb besojn\u00eb te arti. Ai rr\u00ebfen p\u00ebr Top Channel se puna e nj\u00eb skulptori \u00ebsht\u00eb po aq e bukur sa edhe e v\u00ebshtir\u00eb, pasi shumica e veprave t\u00eb tij vler\u00ebsohen m\u00eb shum\u00eb nga t\u00eb huajt, nd\u00ebrsa p\u00ebr vendasit shpesh mbeten t\u00eb paarritshme p\u00ebr shkak t\u00eb \u00e7mimeve.<\/p>\n<p>Megjithat\u00eb, p\u00ebr Korbecin, arti mbetet nj\u00eb mision: t\u00eb ruaj\u00eb identitetin, historin\u00eb dhe bukurin\u00eb e Gjirokastr\u00ebs p\u00ebrmes form\u00ebs dhe ngjyr\u00ebs.<\/p>\n","protected":false},"excerpt":{"rendered":"<p>26 Janar 2026 Elton Korbeci, artisti i ri nga Gjirokastra, ka zgjedhur t\u00eb mos largohet nga vendi, por t\u2019ia kushtoj\u00eb gjith\u00eb pasionin dhe talentin e tij qytetit q\u00eb e ka frym\u00ebzuar. I diplomuar n\u00eb skulptur\u00eb dhe piktur\u00eb monumentale, Korbeci e ka kthyer studion e tij n\u00eb nj\u00eb hap\u00ebsir\u00eb arti ku \u00e7do punim tregon histori. N\u00eb [&hellip;]<\/p>\n","protected":false},"author":9,"featured_media":96976,"comment_status":"open","ping_status":"open","sticky":false,"template":"","format":"standard","meta":{"jetpack_post_was_ever_published":false,"_jetpack_newsletter_access":"","_jetpack_dont_email_post_to_subs":false,"_jetpack_newsletter_tier_id":0,"_jetpack_memberships_contains_paywalled_content":false,"_jetpack_memberships_contains_paid_content":false,"footnotes":"","jetpack_publicize_message":"","jetpack_publicize_feature_enabled":true,"jetpack_social_post_already_shared":true,"jetpack_social_options":{"image_generator_settings":{"template":"highway","default_image_id":0,"font":"","enabled":false},"version":2}},"categories":[87,27,10,1],"tags":[],"class_list":["post-96975","post","type-post","status-publish","format-standard","has-post-thumbnail","hentry","category-arte","category-blogu-i-udhetarit","category-kultura","category-njoftime-shtypi"],"jetpack_publicize_connections":[],"jetpack_featured_media_url":"https:\/\/i0.wp.com\/www.shqiperia.com\/blog\/wp-content\/uploads\/2026\/01\/88888_sd-2-800x450-1.webp?fit=800%2C450&ssl=1","jetpack_sharing_enabled":true,"jetpack_shortlink":"https:\/\/wp.me\/p5Z6wp-pe7","jetpack-related-posts":[{"id":32257,"url":"https:\/\/www.shqiperia.com\/blog\/gani-cekrezi-artisti-qe-skalit-shqiperine-ne-guret-e-lumenjve\/","url_meta":{"origin":96975,"position":0},"title":"Gani \u00c7ekrezi, artisti q\u00eb skalit Shqip\u00ebrin\u00eb n\u00eb gur\u00ebt e lumenjve","author":"Kurt Farka","date":"March 11, 2020","format":false,"excerpt":"Gani \u00c7ekrezi, artisti q\u00eb skalit Shqip\u00ebrin\u00eb n\u00eb gur\u00ebt e lumenjve Artist\u00ebt din\u00eb gjithmon\u00eb si t\u00eb diferencohen kur guxojn\u00eb dhe v\u00ebn\u00eb n\u00eb pun\u00eb kreativitetin e tyre. Gani \u00c7ekrezi \u00ebsht\u00eb nj\u00eb nd\u00ebr ata artist\u00eb q\u00eb ka sjell\u00eb di\u00e7ka ndryshe p\u00ebr tregun shqiptar, q\u00eb me artin e tij i ka dh\u00ebn\u00eb jet\u00eb gurit\u2026","rel":"","context":"In &quot;Arte&quot;","block_context":{"text":"Arte","link":"https:\/\/www.shqiperia.com\/blog\/category\/arte\/"},"img":{"alt_text":"","src":"https:\/\/i0.wp.com\/www.shqiperia.com\/blog\/wp-content\/uploads\/2020\/03\/2-2.jpg?fit=960%2C644&ssl=1&resize=350%2C200","width":350,"height":200,"srcset":"https:\/\/i0.wp.com\/www.shqiperia.com\/blog\/wp-content\/uploads\/2020\/03\/2-2.jpg?fit=960%2C644&ssl=1&resize=350%2C200 1x, https:\/\/i0.wp.com\/www.shqiperia.com\/blog\/wp-content\/uploads\/2020\/03\/2-2.jpg?fit=960%2C644&ssl=1&resize=525%2C300 1.5x, https:\/\/i0.wp.com\/www.shqiperia.com\/blog\/wp-content\/uploads\/2020\/03\/2-2.jpg?fit=960%2C644&ssl=1&resize=700%2C400 2x"},"classes":[]},{"id":8198,"url":"https:\/\/www.shqiperia.com\/blog\/ferdinant-paci-piktor-shkodran\/","url_meta":{"origin":96975,"position":1},"title":"Ferdinant Paci-Piktor Shkodran. &#8211;","author":"Kurt Farka","date":"June 1, 2018","format":false,"excerpt":"Ferdinant Paci-Piktor Shkodran. - E pse jetoi shum\u00eb pak, Ferdinand Paci ka l\u00ebn\u00eb pas nj\u00eb koleksion t\u00eb jasht\u00ebzakonsh\u00ebm tablosh, duke u b\u00ebr\u00eb nj\u00eb prej artist\u00ebve shqiptar\u00eb m\u00eb t\u00eb r\u00ebnd\u00ebsish\u00ebm t\u00eb gjysm\u00ebs s\u00eb dyt\u00eb shekullit t\u00eb XX-t\u00eb. \u201dKooperativistja\u201d tabloja ku gruaja ka veshur nj\u00eb bluz\u00eb t\u00eb kuqe \u00ebsht\u00eb vet\u00ebm nj\u00eb nga\u2026","rel":"","context":"In &quot;Arte&quot;","block_context":{"text":"Arte","link":"https:\/\/www.shqiperia.com\/blog\/category\/arte\/"},"img":{"alt_text":"","src":"https:\/\/i0.wp.com\/www.shqiperia.com\/blog\/wp-content\/uploads\/2018\/06\/Ferdinand-Paci.jpg?fit=489%2C295&ssl=1&resize=350%2C200","width":350,"height":200},"classes":[]},{"id":2747,"url":"https:\/\/www.shqiperia.com\/blog\/clirim-ceka-piktor-album\/","url_meta":{"origin":96975,"position":2},"title":"\u00c7lirim Ceka, Piktor (+album)","author":"Kurt Farka","date":"February 9, 2018","format":false,"excerpt":"\u00c7lirim Ceka. - (02.02. Elbasan, 1945) Piktor, grafist, ilustrator. Piktori \u00c7lirim Ceka i p\u00ebrket artist\u00ebve t\u00eb r\u00ebnd\u00ebsish\u00ebm shqiptar\u00eb t\u00eb realizmit socialist. Ceka ka kryer Institutin e Lart\u00eb t\u00eb Arteve, Tiran\u00eb dhe po n\u00eb k\u00ebt\u00eb Institut ka punuar si pedagog i grafik\u00ebs n\u00eb vitet (1970-1975). Ceka b\u00ebnte pjes\u00eb n\u00eb grupin e\u2026","rel":"","context":"In &quot;Arte&quot;","block_context":{"text":"Arte","link":"https:\/\/www.shqiperia.com\/blog\/category\/arte\/"},"img":{"alt_text":"","src":"https:\/\/i0.wp.com\/www.shqiperia.com\/blog\/wp-content\/uploads\/2018\/02\/Clirim-Ceka-6.jpg?fit=720%2C960&ssl=1&resize=350%2C200","width":350,"height":200,"srcset":"https:\/\/i0.wp.com\/www.shqiperia.com\/blog\/wp-content\/uploads\/2018\/02\/Clirim-Ceka-6.jpg?fit=720%2C960&ssl=1&resize=350%2C200 1x, https:\/\/i0.wp.com\/www.shqiperia.com\/blog\/wp-content\/uploads\/2018\/02\/Clirim-Ceka-6.jpg?fit=720%2C960&ssl=1&resize=525%2C300 1.5x, https:\/\/i0.wp.com\/www.shqiperia.com\/blog\/wp-content\/uploads\/2018\/02\/Clirim-Ceka-6.jpg?fit=720%2C960&ssl=1&resize=700%2C400 2x"},"classes":[]},{"id":18109,"url":"https:\/\/www.shqiperia.com\/blog\/hulumtimi-permes-artit-nga-artisti-bashkohor-ilir-bala\/","url_meta":{"origin":96975,"position":3},"title":"HULUMTIMI PERMES ARTIT NGA ARTISTI BASHKOHOR ILIR BALA. &#8211;","author":"Kurt Farka","date":"March 8, 2019","format":false,"excerpt":"HULUMTIMI PERMES ARTIT NGA ARTISTI BASHKOHOR ILIR BALA. - Artisti i artit figurativ Ilir Bala, kreu shkollen e mesme n\u00eb Liceun Artistik \u201d Prek Jakova\u201d, n\u00eb vitin 1995. Nj\u00eb vit me von\u00eb filloi studimet e larta n\u00eb deg\u00ebn piktur\u00ebs n\u00eb Universitetin e Arteve n\u00eb Tiran\u00eb, ku dhe dipllomohet me sukses\u2026","rel":"","context":"In &quot;Arte&quot;","block_context":{"text":"Arte","link":"https:\/\/www.shqiperia.com\/blog\/category\/arte\/"},"img":{"alt_text":"","src":"https:\/\/i0.wp.com\/www.shqiperia.com\/blog\/wp-content\/uploads\/2019\/03\/53513143_271022190494744_7851110649840009216_n-1170x789.jpg?fit=1170%2C789&ssl=1&resize=350%2C200","width":350,"height":200,"srcset":"https:\/\/i0.wp.com\/www.shqiperia.com\/blog\/wp-content\/uploads\/2019\/03\/53513143_271022190494744_7851110649840009216_n-1170x789.jpg?fit=1170%2C789&ssl=1&resize=350%2C200 1x, https:\/\/i0.wp.com\/www.shqiperia.com\/blog\/wp-content\/uploads\/2019\/03\/53513143_271022190494744_7851110649840009216_n-1170x789.jpg?fit=1170%2C789&ssl=1&resize=525%2C300 1.5x, https:\/\/i0.wp.com\/www.shqiperia.com\/blog\/wp-content\/uploads\/2019\/03\/53513143_271022190494744_7851110649840009216_n-1170x789.jpg?fit=1170%2C789&ssl=1&resize=700%2C400 2x, https:\/\/i0.wp.com\/www.shqiperia.com\/blog\/wp-content\/uploads\/2019\/03\/53513143_271022190494744_7851110649840009216_n-1170x789.jpg?fit=1170%2C789&ssl=1&resize=1050%2C600 3x"},"classes":[]},{"id":17980,"url":"https:\/\/www.shqiperia.com\/blog\/17980-2\/","url_meta":{"origin":96975,"position":4},"title":"Gazeta gjermane komenton ekspozit\u00ebn e Ram\u00ebs dhe situat\u00ebn n\u00eb Shqip\u00ebri: Po protestojn\u00eb dyfish\u2026","author":"Kurt Farka","date":"March 2, 2019","format":false,"excerpt":"Gazeta gjermane komenton ekspozit\u00ebn e Ram\u00ebs dhe situat\u00ebn n\u00eb Shqip\u00ebri: Po protestojn\u00eb dyfish\u2026 \u00a02 mars2019 Gazeta gjermane, \u201ctagesspiege\u201d i ka kushtuar nj\u00eb artikull hapjes s\u00eb ekspozit\u00ebs me piktura t\u00eb Kryeministrit Rama. Artikulli i plot\u00eb: Edi Rama ka probleme t\u00eb tjera ve\u00e7 artit. Shqip\u00ebria, kryeminist\u00ebr i s\u00eb cil\u00ebs ai \u00ebsht\u00eb q\u00eb\u2026","rel":"","context":"In &quot;Blogu i Udh\u00ebtarit&quot;","block_context":{"text":"Blogu i Udh\u00ebtarit","link":"https:\/\/www.shqiperia.com\/blog\/category\/blogu-i-udhetarit\/"},"img":{"alt_text":"","src":"https:\/\/i0.wp.com\/www.shqiperia.com\/blog\/wp-content\/uploads\/2019\/03\/rama-gjerman.png?fit=1019%2C508&ssl=1&resize=350%2C200","width":350,"height":200,"srcset":"https:\/\/i0.wp.com\/www.shqiperia.com\/blog\/wp-content\/uploads\/2019\/03\/rama-gjerman.png?fit=1019%2C508&ssl=1&resize=350%2C200 1x, https:\/\/i0.wp.com\/www.shqiperia.com\/blog\/wp-content\/uploads\/2019\/03\/rama-gjerman.png?fit=1019%2C508&ssl=1&resize=525%2C300 1.5x, https:\/\/i0.wp.com\/www.shqiperia.com\/blog\/wp-content\/uploads\/2019\/03\/rama-gjerman.png?fit=1019%2C508&ssl=1&resize=700%2C400 2x"},"classes":[]},{"id":12383,"url":"https:\/\/www.shqiperia.com\/blog\/dasma-e-lin-delise-nga-italia-ne-shkoder-artisti-genti-tavanxhiu-vepra-ka-vlera-te-vecanta-2\/","url_meta":{"origin":96975,"position":5},"title":"\u201cDasma\u201d e Lin Delis\u00eb nga Italia n\u00eb Shkod\u00ebr, artisti Genti Tavanxhiu: Vepra ka vlera t\u00eb ve\u00e7anta. &#8211;","author":"Kurt Farka","date":"October 7, 2018","format":false,"excerpt":"\u201cDasma\u201d e Lin Delis\u00eb nga Italia n\u00eb Shkod\u00ebr, artisti Genti Tavanxhiu: Vepra ka vlera t\u00eb ve\u00e7anta. - \u201cDasma\u201d vep\u00ebr e autorit Lin Delija pritet t\u00eb ekspozohet p\u00ebr her\u00eb t\u00eb par\u00eb n\u00eb qytetin e Shkodr\u00ebs. Artisti dhe kuratori Genti Tavanxhiu pohon se p\u00ebr t\u00eb sjell vepr\u00ebn e artistit Lin Delija kishte\u2026","rel":"","context":"In &quot;Arte&quot;","block_context":{"text":"Arte","link":"https:\/\/www.shqiperia.com\/blog\/category\/arte\/"},"img":{"alt_text":"","src":"https:\/\/i0.wp.com\/www.shqiperia.com\/blog\/wp-content\/uploads\/2018\/10\/Lin-Delija-3-Copy.jpg?fit=431%2C221&ssl=1&resize=350%2C200","width":350,"height":200},"classes":[]}],"_links":{"self":[{"href":"https:\/\/www.shqiperia.com\/blog\/wp-json\/wp\/v2\/posts\/96975","targetHints":{"allow":["GET"]}}],"collection":[{"href":"https:\/\/www.shqiperia.com\/blog\/wp-json\/wp\/v2\/posts"}],"about":[{"href":"https:\/\/www.shqiperia.com\/blog\/wp-json\/wp\/v2\/types\/post"}],"author":[{"embeddable":true,"href":"https:\/\/www.shqiperia.com\/blog\/wp-json\/wp\/v2\/users\/9"}],"replies":[{"embeddable":true,"href":"https:\/\/www.shqiperia.com\/blog\/wp-json\/wp\/v2\/comments?post=96975"}],"version-history":[{"count":1,"href":"https:\/\/www.shqiperia.com\/blog\/wp-json\/wp\/v2\/posts\/96975\/revisions"}],"predecessor-version":[{"id":96977,"href":"https:\/\/www.shqiperia.com\/blog\/wp-json\/wp\/v2\/posts\/96975\/revisions\/96977"}],"wp:featuredmedia":[{"embeddable":true,"href":"https:\/\/www.shqiperia.com\/blog\/wp-json\/wp\/v2\/media\/96976"}],"wp:attachment":[{"href":"https:\/\/www.shqiperia.com\/blog\/wp-json\/wp\/v2\/media?parent=96975"}],"wp:term":[{"taxonomy":"category","embeddable":true,"href":"https:\/\/www.shqiperia.com\/blog\/wp-json\/wp\/v2\/categories?post=96975"},{"taxonomy":"post_tag","embeddable":true,"href":"https:\/\/www.shqiperia.com\/blog\/wp-json\/wp\/v2\/tags?post=96975"}],"curies":[{"name":"wp","href":"https:\/\/api.w.org\/{rel}","templated":true}]}}