{"id":96972,"date":"2026-01-26T12:06:14","date_gmt":"2026-01-26T12:06:14","guid":{"rendered":"https:\/\/www.shqiperia.com\/blog\/?p=96972"},"modified":"2026-01-26T12:06:14","modified_gmt":"2026-01-26T12:06:14","slug":"vlora-pa-kadaster-strukturat-zhvendosen-drejt-kryeqytetit-zbulohet-data-e-transferimit","status":"publish","type":"post","link":"https:\/\/www.shqiperia.com\/blog\/vlora-pa-kadaster-strukturat-zhvendosen-drejt-kryeqytetit-zbulohet-data-e-transferimit\/","title":{"rendered":"Vlora pa Kadast\u00ebr\/ Strukturat zhvendosen drejt kryeqytetit, zbulohet data e transferimit"},"content":{"rendered":"<p><img data-recalc-dims=\"1\" loading=\"lazy\" decoding=\"async\" data-attachment-id=\"96973\" data-permalink=\"https:\/\/www.shqiperia.com\/blog\/vlora-pa-kadaster-strukturat-zhvendosen-drejt-kryeqytetit-zbulohet-data-e-transferimit\/640-0-image-14-1769425577\/\" data-orig-file=\"https:\/\/i0.wp.com\/www.shqiperia.com\/blog\/wp-content\/uploads\/2026\/01\/640-0-image-14-1769425577.jpg?fit=640%2C448&amp;ssl=1\" data-orig-size=\"640,448\" data-comments-opened=\"1\" data-image-meta=\"{&quot;aperture&quot;:&quot;0&quot;,&quot;credit&quot;:&quot;&quot;,&quot;camera&quot;:&quot;&quot;,&quot;caption&quot;:&quot;&quot;,&quot;created_timestamp&quot;:&quot;0&quot;,&quot;copyright&quot;:&quot;&quot;,&quot;focal_length&quot;:&quot;0&quot;,&quot;iso&quot;:&quot;0&quot;,&quot;shutter_speed&quot;:&quot;0&quot;,&quot;title&quot;:&quot;&quot;,&quot;orientation&quot;:&quot;0&quot;}\" data-image-title=\"640-0-image-14-1769425577\" data-image-description=\"\" data-image-caption=\"\" data-medium-file=\"https:\/\/i0.wp.com\/www.shqiperia.com\/blog\/wp-content\/uploads\/2026\/01\/640-0-image-14-1769425577.jpg?fit=300%2C210&amp;ssl=1\" data-large-file=\"https:\/\/i0.wp.com\/www.shqiperia.com\/blog\/wp-content\/uploads\/2026\/01\/640-0-image-14-1769425577.jpg?fit=640%2C448&amp;ssl=1\" class=\"alignnone  wp-image-96973\" alt=\"\" src=\"https:\/\/i0.wp.com\/www.shqiperia.com\/blog\/wp-content\/uploads\/2026\/01\/640-0-image-14-1769425577.jpg?resize=541%2C379&#038;ssl=1\" width=\"541\" height=\"379\" srcset=\"https:\/\/i0.wp.com\/www.shqiperia.com\/blog\/wp-content\/uploads\/2026\/01\/640-0-image-14-1769425577.jpg?resize=300%2C210&amp;ssl=1 300w, https:\/\/i0.wp.com\/www.shqiperia.com\/blog\/wp-content\/uploads\/2026\/01\/640-0-image-14-1769425577.jpg?resize=450%2C315&amp;ssl=1 450w, https:\/\/i0.wp.com\/www.shqiperia.com\/blog\/wp-content\/uploads\/2026\/01\/640-0-image-14-1769425577.jpg?resize=600%2C420&amp;ssl=1 600w, https:\/\/i0.wp.com\/www.shqiperia.com\/blog\/wp-content\/uploads\/2026\/01\/640-0-image-14-1769425577.jpg?resize=400%2C280&amp;ssl=1 400w, https:\/\/i0.wp.com\/www.shqiperia.com\/blog\/wp-content\/uploads\/2026\/01\/640-0-image-14-1769425577.jpg?w=640&amp;ssl=1 640w\" sizes=\"auto, (max-width: 541px) 100vw, 541px\" \/><\/p>\n<p>26 Janar 2026<\/p>\n<p>Miratohet vendimi p\u00ebr zhvendosjen e strukturave t\u00eb Drejtoris\u00eb Vendore t\u00eb Agjencis\u00eb Shtet\u00ebrore t\u00eb Kadastr\u00ebs s\u00eb Vlor\u00ebs drejt Tiran\u00ebs.<\/p>\n<p>Prej Vlor\u00ebs largohet nj\u00eb tjet\u00ebr institucion, ai i menaxhimit t\u00eb pronave, i cili do t\u00eb jet\u00eb n\u00eb Tiran\u00eb.<\/p>\n<p>Vendimi mban dat\u00ebn 23 janar 2026, i firmosur nga drejtori i p\u00ebrgjithsh\u00ebm i Kadastr\u00ebs, Lorena Goxhobelli.<\/p>\n<div class=\"jeg_ad jeg_ad_article jnews_content_inline_2_ads  \">\n<div class=\"ads-wrapper align-center \">\n<div class=\"ads_code\">\n<div data-type=\"_mgwidget\" data-widget-id=\"1724616\" data-uid=\"0adf5\">\n<div id=\"mgw1724616_0adf5\">\n<div>\n<div class=\"mgbox\">\n<div class=\"col2\" data-template-type=\"container\" data-template-container-places=\"2,3\">\n<div class=\"mgline teaser-ugs8Tmq2ygwvu7qFlnmX0 type-w dsp mgiteration-3\" id=\"1a50b423-faaf-11f0-935f-d404e6774b40\" data-class-condition=\"iteration;mgiteration\" data-i=\"T8fE1rSuRap0BEaAatsxs-7nC2xe0HU9ZYvrDku2cD0c4Oyv-GpbjvH7ZzhTLHj6d611UO7BOGvQAksjvhz1cvclF7St4R7g3Q2PF7m1PaacMADDl_k8eRLk8da2pVfj\" data-observing-start=\"1769429094431\" data-observing-time=\"1317\" data-showed=\"1\">\n<div class=\"image-with-text\">\n<div class=\"text-elements\">\n<div class=\"text_on_hover\">\n<div class=\"mcdomain\"><\/div>\n<\/div>\n<\/div>\n<\/div>\n<\/div>\n<\/div>\n<\/div>\n<\/div>\n<\/div>\n<\/div>\n<\/div>\n<\/div>\n<\/div>\n<p><img data-recalc-dims=\"1\" loading=\"lazy\" decoding=\"async\" class=\"\" alt=\"DOKUMENTI\/ Shkrihet KADASTRA e Vlor\u00ebs, ja ku transferohet!\" src=\"https:\/\/i0.wp.com\/cdnimpuls.com\/voxnews.al\/media3\/-640-0-5fa7953d0b1884d43a3ef481091a7431.jpg?resize=809%2C1335&#038;ssl=1\" width=\"809\" height=\"1335\" data-size=\"x\" data-id=\"195272\" data-pin-no-hover=\"true\" \/><\/p>\n<p>Ky vendim hyn n\u00eb fuqi prej dat\u00ebs 1 shkurt, ku Vlora nuk do t\u00eb ket\u00eb m\u00eb Kadast\u00ebr.<\/p>\n","protected":false},"excerpt":{"rendered":"<p>26 Janar 2026 Miratohet vendimi p\u00ebr zhvendosjen e strukturave t\u00eb Drejtoris\u00eb Vendore t\u00eb Agjencis\u00eb Shtet\u00ebrore t\u00eb Kadastr\u00ebs s\u00eb Vlor\u00ebs drejt Tiran\u00ebs. Prej Vlor\u00ebs largohet nj\u00eb tjet\u00ebr institucion, ai i menaxhimit t\u00eb pronave, i cili do t\u00eb jet\u00eb n\u00eb Tiran\u00eb. Vendimi mban dat\u00ebn 23 janar 2026, i firmosur nga drejtori i p\u00ebrgjithsh\u00ebm i Kadastr\u00ebs, Lorena Goxhobelli. [&hellip;]<\/p>\n","protected":false},"author":9,"featured_media":96973,"comment_status":"open","ping_status":"open","sticky":false,"template":"","format":"standard","meta":{"jetpack_post_was_ever_published":false,"_jetpack_newsletter_access":"","_jetpack_dont_email_post_to_subs":false,"_jetpack_newsletter_tier_id":0,"_jetpack_memberships_contains_paywalled_content":false,"_jetpack_memberships_contains_paid_content":false,"footnotes":"","jetpack_publicize_message":"","jetpack_publicize_feature_enabled":true,"jetpack_social_post_already_shared":true,"jetpack_social_options":{"image_generator_settings":{"template":"highway","default_image_id":0,"font":"","enabled":false},"version":2}},"categories":[27,1,2,35],"tags":[],"class_list":["post-96972","post","type-post","status-publish","format-standard","has-post-thumbnail","hentry","category-blogu-i-udhetarit","category-njoftime-shtypi","category-politika","category-shoqerore"],"jetpack_publicize_connections":[],"jetpack_featured_media_url":"https:\/\/i0.wp.com\/www.shqiperia.com\/blog\/wp-content\/uploads\/2026\/01\/640-0-image-14-1769425577.jpg?fit=640%2C448&ssl=1","jetpack_sharing_enabled":true,"jetpack_shortlink":"https:\/\/wp.me\/p5Z6wp-pe4","jetpack-related-posts":[{"id":97111,"url":"https:\/\/www.shqiperia.com\/blog\/shkrirja-e-kadastres-ne-vlore-nen-shoqerimin-e-policise-nis-transferimi-i-materialeve-drejt-tiranes\/","url_meta":{"origin":96972,"position":0},"title":"Shkrirja e Kadastr\u00ebs n\u00eb Vlor\u00eb\/ N\u00ebn shoq\u00ebrimin e policis\u00eb, nis transferimi i materialeve drejt Tiran\u00ebs","author":"Kurt Farka","date":"January 29, 2026","format":false,"excerpt":"29 Janar 2026 Forca t\u00eb shumta policie jan\u00eb paraqitur mesdit\u00ebn e sotme n\u00eb ambientet e Kadastr\u00ebs s\u00eb Vlor\u00ebs, ku po kryhet paketimi dhe transferimi i dokumentacionit t\u00eb hipotek\u00ebs drejt Tiran\u00ebs. Rreth or\u00ebs 14:00, dokumentet dhe materialet jan\u00eb ngarkuar n\u00eb nj\u00eb kamion dhe po transportohen drejt kryeqytetit, t\u00eb shoq\u00ebruara nga forcat\u2026","rel":"","context":"In &quot;Blogu i Udh\u00ebtarit&quot;","block_context":{"text":"Blogu i Udh\u00ebtarit","link":"https:\/\/www.shqiperia.com\/blog\/category\/blogu-i-udhetarit\/"},"img":{"alt_text":"","src":"https:\/\/i0.wp.com\/www.shqiperia.com\/blog\/wp-content\/uploads\/2026\/01\/ew.jpg?fit=627%2C363&ssl=1&resize=350%2C200","width":350,"height":200,"srcset":"https:\/\/i0.wp.com\/www.shqiperia.com\/blog\/wp-content\/uploads\/2026\/01\/ew.jpg?fit=627%2C363&ssl=1&resize=350%2C200 1x, https:\/\/i0.wp.com\/www.shqiperia.com\/blog\/wp-content\/uploads\/2026\/01\/ew.jpg?fit=627%2C363&ssl=1&resize=525%2C300 1.5x"},"classes":[]},{"id":66313,"url":"https:\/\/www.shqiperia.com\/blog\/regjistri-i-kadastres-do-te-korrigjohet-vendimi-i-qeverise-agjencia-cdo-te-ndodhe-me-hartat\/","url_meta":{"origin":96972,"position":1},"title":"Regjistri i Kadastr\u00ebs do t\u00eb korrigjohet, Vendimi i Qeveris\u00eb: &#8211; Agjencia \u00e7&#8217;do t\u00eb ndodh\u00eb me hartat","author":"Kurt Farka","date":"January 15, 2023","format":false,"excerpt":"15 Janar 2023 Rregjistri i Kadastr\u00ebs Shtet\u00ebrore do t\u00eb korrigjohet p\u00ebr t\u00eb rregulluar pasakt\u00ebsist\u00eb e t\u00eb dh\u00ebnave n\u00eb hartat Kadastrale. Vendimi \u00ebsht\u00eb miratuar nga K\u00ebshilli i Ministrave n\u00eb mbledhjen e fundit ku \u00ebsht\u00eb p\u00ebrcaktuar procedura e korrigjimit. Agjencia Shtet\u00ebrore e Kadastr\u00ebs do t\u00eb korrigjoj\u00eb pasakt\u00ebsit\u00eb n\u00eb regjistrat e t\u00eb dh\u00ebnave\u2026","rel":"","context":"In &quot;Blogu i Udh\u00ebtarit&quot;","block_context":{"text":"Blogu i Udh\u00ebtarit","link":"https:\/\/www.shqiperia.com\/blog\/category\/blogu-i-udhetarit\/"},"img":{"alt_text":"","src":"https:\/\/i0.wp.com\/www.shqiperia.com\/blog\/wp-content\/uploads\/2023\/01\/640-0-743460fe7d3ce2e6f09376e1a1147017.jpg?fit=640%2C360&ssl=1&resize=350%2C200","width":350,"height":200,"srcset":"https:\/\/i0.wp.com\/www.shqiperia.com\/blog\/wp-content\/uploads\/2023\/01\/640-0-743460fe7d3ce2e6f09376e1a1147017.jpg?fit=640%2C360&ssl=1&resize=350%2C200 1x, https:\/\/i0.wp.com\/www.shqiperia.com\/blog\/wp-content\/uploads\/2023\/01\/640-0-743460fe7d3ce2e6f09376e1a1147017.jpg?fit=640%2C360&ssl=1&resize=525%2C300 1.5x"},"classes":[]},{"id":97240,"url":"https:\/\/www.shqiperia.com\/blog\/pasi-kyci-kadastren-e-vlores-rama-paralajmeron-shkrirjen-e-zyrave-ne-rrethe\/","url_meta":{"origin":96972,"position":2},"title":"Pasi ky\u00e7i Kadastr\u00ebn e Vlor\u00ebs, Rama paralajm\u00ebron shkrirjen e zyrave n\u00eb rrethe","author":"Kurt Farka","date":"February 1, 2026","format":false,"excerpt":"1 Shkurt 2026 Kryeministri Edi Rama njoftoi shkrirjen e drejtorive t\u00eb Kadastrave edhe n\u00eb rrethet e tjera, pas zhvendosjes s\u00eb Kadastr\u00ebs s\u00eb Vlor\u00ebs. Kryeministri i b\u00ebri deklaratat n\u00eb podcastin e tij, ku cil\u00ebsoi si histori suksesi vizit\u00ebn n\u00eb Izrael, megjith\u00ebse vet\u00ebm ai dhe Milorad Dodik kan\u00eb pranuar t\u00eb vizitojn\u00eb Izraelin\u2026","rel":"","context":"In &quot;Blogu i Udh\u00ebtarit&quot;","block_context":{"text":"Blogu i Udh\u00ebtarit","link":"https:\/\/www.shqiperia.com\/blog\/category\/blogu-i-udhetarit\/"},"img":{"alt_text":"","src":"https:\/\/i0.wp.com\/www.shqiperia.com\/blog\/wp-content\/uploads\/2026\/02\/IMG_5374.jpeg?fit=870%2C569&ssl=1&resize=350%2C200","width":350,"height":200,"srcset":"https:\/\/i0.wp.com\/www.shqiperia.com\/blog\/wp-content\/uploads\/2026\/02\/IMG_5374.jpeg?fit=870%2C569&ssl=1&resize=350%2C200 1x, https:\/\/i0.wp.com\/www.shqiperia.com\/blog\/wp-content\/uploads\/2026\/02\/IMG_5374.jpeg?fit=870%2C569&ssl=1&resize=525%2C300 1.5x, https:\/\/i0.wp.com\/www.shqiperia.com\/blog\/wp-content\/uploads\/2026\/02\/IMG_5374.jpeg?fit=870%2C569&ssl=1&resize=700%2C400 2x"},"classes":[]},{"id":95042,"url":"https:\/\/www.shqiperia.com\/blog\/vendimi-i-gjkko-qe-pezulloi-belinda-ballukun-gazetarja-zbulon-detajet-hetimet-kalojne-nga-aeroporti-i-vlores-te-pastrimi-i-parave\/","url_meta":{"origin":96972,"position":3},"title":"Vendimi i GJKKO q\u00eb pezulloi Belinda Ballukun, gazetarja zbulon detajet: &#8211; Hetimet kalojn\u00eb nga Aeroporti i Vlor\u00ebs te pastrimi i parave","author":"Kurt Farka","date":"November 21, 2025","format":false,"excerpt":"21 Nentor 2025 Gazetarja Anila Hoxha zbardh detaje lidhur me skandalin e zv.kryeministres, Belinda Balluku, ndaj t\u00eb cil\u00ebs GJKKO vendosi sot dy masa; pezullimin nga detyra dhe bllokimin e pasaport\u00ebs, pasi ajo akuzohet p\u00ebr shkelje t\u00eb barazis\u00eb n\u00eb tenderin p\u00ebr Tunelin e Llogaras\u00eb dhe p\u00ebr projektin e Unaz\u00ebs s\u00eb Madhe\u2026","rel":"","context":"In &quot;Blogu i Udh\u00ebtarit&quot;","block_context":{"text":"Blogu i Udh\u00ebtarit","link":"https:\/\/www.shqiperia.com\/blog\/category\/blogu-i-udhetarit\/"},"img":{"alt_text":"","src":"https:\/\/i0.wp.com\/www.shqiperia.com\/blog\/wp-content\/uploads\/2025\/11\/640-0-img-9391-482.jpeg?fit=640%2C407&ssl=1&resize=350%2C200","width":350,"height":200,"srcset":"https:\/\/i0.wp.com\/www.shqiperia.com\/blog\/wp-content\/uploads\/2025\/11\/640-0-img-9391-482.jpeg?fit=640%2C407&ssl=1&resize=350%2C200 1x, https:\/\/i0.wp.com\/www.shqiperia.com\/blog\/wp-content\/uploads\/2025\/11\/640-0-img-9391-482.jpeg?fit=640%2C407&ssl=1&resize=525%2C300 1.5x"},"classes":[]},{"id":53152,"url":"https:\/\/www.shqiperia.com\/blog\/policia-e-vlores-niset-drejt-fierit-basha-ik-je-non-grata-mbeshtetesit-e-berishes-e-presin-me-proteste-kryedemokratin\/","url_meta":{"origin":96972,"position":4},"title":"Policia e Vlor\u00ebs niset drejt Fierit.  &#8220;Basha ik&#8221;, &#8220;Je non-grata&#8221;. &#8211; Mb\u00ebshtet\u00ebsit e Berish\u00ebs e presin me protest\u00eb kryedemokratin","author":"Kurt Farka","date":"January 16, 2022","format":false,"excerpt":"Policia e Vlor\u00ebs niset drejt Fierit. \"Basha ik\", \"Je non-grata\". - Mb\u00ebshtet\u00ebsit e Berish\u00ebs e presin me protest\u00eb kryedemokratin 16 JANAR 2022, Takimi i kryedemokratit Lulzim Basha n\u00eb teatrin \"Bylis\" n\u00eb Fier pritet t\u00eb shoq\u00ebrohet me tensione. Disa mb\u00ebshtet\u00ebs t\u00eb ish-kryeministrit Sali Berisha kan\u00eb n\u00eb protes\u00eb dhe me mbajn\u00eb pankartat\u2026","rel":"","context":"In &quot;Blogu i Udh\u00ebtarit&quot;","block_context":{"text":"Blogu i Udh\u00ebtarit","link":"https:\/\/www.shqiperia.com\/blog\/category\/blogu-i-udhetarit\/"},"img":{"alt_text":"","src":"https:\/\/i0.wp.com\/www.shqiperia.com\/blog\/wp-content\/uploads\/2022\/01\/640-0-61e3ef7ee0698.jpg?fit=640%2C400&ssl=1&resize=350%2C200","width":350,"height":200,"srcset":"https:\/\/i0.wp.com\/www.shqiperia.com\/blog\/wp-content\/uploads\/2022\/01\/640-0-61e3ef7ee0698.jpg?fit=640%2C400&ssl=1&resize=350%2C200 1x, https:\/\/i0.wp.com\/www.shqiperia.com\/blog\/wp-content\/uploads\/2022\/01\/640-0-61e3ef7ee0698.jpg?fit=640%2C400&ssl=1&resize=525%2C300 1.5x"},"classes":[]},{"id":96781,"url":"https:\/\/www.shqiperia.com\/blog\/investimet-strategjike-ne-zvernec-e-sazan-perfundon-takimi-i-rames-me-ivanka-trump-ne-vlore-largohen-drejt-orikumit\/","url_meta":{"origin":96972,"position":5},"title":"Investimet strategjike n\u00eb Zv\u00ebrnec e Sazan, p\u00ebrfundon takimi i Ram\u00ebs me Ivanka Trump n\u00eb Vlor\u00eb. Largohen drejt Orikumit","author":"Kurt Farka","date":"January 21, 2026","format":false,"excerpt":"21 Janar 2026 Ka p\u00ebrfunduar takimi i kryeministrit Edi Rama me Ivanka Trump, vajz\u00ebn e Donald Trump, n\u00eb Vlor\u00eb. Pas dark\u00ebs private ata jan\u00eb larguar drejt Orikumit. N\u00eb fokus t\u00eb bisedimeve t\u00eb kryeministrit me vajz\u00ebn e Presidentit t\u00eb SHBA do t\u00eb jen\u00eb investimet e mundshme strategjike n\u00eb zon\u00ebn e Vlor\u00ebs.\u2026","rel":"","context":"In &quot;Blogu i Udh\u00ebtarit&quot;","block_context":{"text":"Blogu i Udh\u00ebtarit","link":"https:\/\/www.shqiperia.com\/blog\/category\/blogu-i-udhetarit\/"},"img":{"alt_text":"","src":"https:\/\/i0.wp.com\/www.shqiperia.com\/blog\/wp-content\/uploads\/2026\/01\/erama-trump.jpg?fit=848%2C480&ssl=1&resize=350%2C200","width":350,"height":200,"srcset":"https:\/\/i0.wp.com\/www.shqiperia.com\/blog\/wp-content\/uploads\/2026\/01\/erama-trump.jpg?fit=848%2C480&ssl=1&resize=350%2C200 1x, https:\/\/i0.wp.com\/www.shqiperia.com\/blog\/wp-content\/uploads\/2026\/01\/erama-trump.jpg?fit=848%2C480&ssl=1&resize=525%2C300 1.5x, https:\/\/i0.wp.com\/www.shqiperia.com\/blog\/wp-content\/uploads\/2026\/01\/erama-trump.jpg?fit=848%2C480&ssl=1&resize=700%2C400 2x"},"classes":[]}],"_links":{"self":[{"href":"https:\/\/www.shqiperia.com\/blog\/wp-json\/wp\/v2\/posts\/96972","targetHints":{"allow":["GET"]}}],"collection":[{"href":"https:\/\/www.shqiperia.com\/blog\/wp-json\/wp\/v2\/posts"}],"about":[{"href":"https:\/\/www.shqiperia.com\/blog\/wp-json\/wp\/v2\/types\/post"}],"author":[{"embeddable":true,"href":"https:\/\/www.shqiperia.com\/blog\/wp-json\/wp\/v2\/users\/9"}],"replies":[{"embeddable":true,"href":"https:\/\/www.shqiperia.com\/blog\/wp-json\/wp\/v2\/comments?post=96972"}],"version-history":[{"count":1,"href":"https:\/\/www.shqiperia.com\/blog\/wp-json\/wp\/v2\/posts\/96972\/revisions"}],"predecessor-version":[{"id":96974,"href":"https:\/\/www.shqiperia.com\/blog\/wp-json\/wp\/v2\/posts\/96972\/revisions\/96974"}],"wp:featuredmedia":[{"embeddable":true,"href":"https:\/\/www.shqiperia.com\/blog\/wp-json\/wp\/v2\/media\/96973"}],"wp:attachment":[{"href":"https:\/\/www.shqiperia.com\/blog\/wp-json\/wp\/v2\/media?parent=96972"}],"wp:term":[{"taxonomy":"category","embeddable":true,"href":"https:\/\/www.shqiperia.com\/blog\/wp-json\/wp\/v2\/categories?post=96972"},{"taxonomy":"post_tag","embeddable":true,"href":"https:\/\/www.shqiperia.com\/blog\/wp-json\/wp\/v2\/tags?post=96972"}],"curies":[{"name":"wp","href":"https:\/\/api.w.org\/{rel}","templated":true}]}}