{"id":96969,"date":"2026-01-26T12:03:00","date_gmt":"2026-01-26T12:03:00","guid":{"rendered":"https:\/\/www.shqiperia.com\/blog\/?p=96969"},"modified":"2026-01-26T12:03:00","modified_gmt":"2026-01-26T12:03:00","slug":"doreheqje-e-papritur-ne-ikmt-le-detyren-dallendyshe-bici-zbulohet-emri-qe-e-zevendeson","status":"publish","type":"post","link":"https:\/\/www.shqiperia.com\/blog\/doreheqje-e-papritur-ne-ikmt-le-detyren-dallendyshe-bici-zbulohet-emri-qe-e-zevendeson\/","title":{"rendered":"Dor\u00ebheqje e papritur n\u00eb IKMT\/ L\u00eb detyr\u00ebn Dall\u00ebndyshe Bici, zbulohet emri q\u00eb e z\u00ebvend\u00ebson"},"content":{"rendered":"<p><img data-recalc-dims=\"1\" loading=\"lazy\" decoding=\"async\" data-attachment-id=\"96970\" data-permalink=\"https:\/\/www.shqiperia.com\/blog\/doreheqje-e-papritur-ne-ikmt-le-detyren-dallendyshe-bici-zbulohet-emri-qe-e-zevendeson\/dallendyshe-bici\/\" data-orig-file=\"https:\/\/i0.wp.com\/www.shqiperia.com\/blog\/wp-content\/uploads\/2026\/01\/dallendyshe-bici.jpg?fit=640%2C387&amp;ssl=1\" data-orig-size=\"640,387\" data-comments-opened=\"1\" data-image-meta=\"{&quot;aperture&quot;:&quot;0&quot;,&quot;credit&quot;:&quot;&quot;,&quot;camera&quot;:&quot;&quot;,&quot;caption&quot;:&quot;&quot;,&quot;created_timestamp&quot;:&quot;0&quot;,&quot;copyright&quot;:&quot;&quot;,&quot;focal_length&quot;:&quot;0&quot;,&quot;iso&quot;:&quot;0&quot;,&quot;shutter_speed&quot;:&quot;0&quot;,&quot;title&quot;:&quot;&quot;,&quot;orientation&quot;:&quot;0&quot;}\" data-image-title=\"dallendyshe-bici\" data-image-description=\"\" data-image-caption=\"\" data-medium-file=\"https:\/\/i0.wp.com\/www.shqiperia.com\/blog\/wp-content\/uploads\/2026\/01\/dallendyshe-bici.jpg?fit=300%2C181&amp;ssl=1\" data-large-file=\"https:\/\/i0.wp.com\/www.shqiperia.com\/blog\/wp-content\/uploads\/2026\/01\/dallendyshe-bici.jpg?fit=640%2C387&amp;ssl=1\" class=\"alignnone  wp-image-96970\" alt=\"\" src=\"https:\/\/i0.wp.com\/www.shqiperia.com\/blog\/wp-content\/uploads\/2026\/01\/dallendyshe-bici.jpg?resize=623%2C376&#038;ssl=1\" width=\"623\" height=\"376\" srcset=\"https:\/\/i0.wp.com\/www.shqiperia.com\/blog\/wp-content\/uploads\/2026\/01\/dallendyshe-bici.jpg?resize=300%2C181&amp;ssl=1 300w, https:\/\/i0.wp.com\/www.shqiperia.com\/blog\/wp-content\/uploads\/2026\/01\/dallendyshe-bici.jpg?resize=450%2C272&amp;ssl=1 450w, https:\/\/i0.wp.com\/www.shqiperia.com\/blog\/wp-content\/uploads\/2026\/01\/dallendyshe-bici.jpg?resize=600%2C363&amp;ssl=1 600w, https:\/\/i0.wp.com\/www.shqiperia.com\/blog\/wp-content\/uploads\/2026\/01\/dallendyshe-bici.jpg?resize=400%2C242&amp;ssl=1 400w, https:\/\/i0.wp.com\/www.shqiperia.com\/blog\/wp-content\/uploads\/2026\/01\/dallendyshe-bici.jpg?w=640&amp;ssl=1 640w\" sizes=\"auto, (max-width: 623px) 100vw, 623px\" \/><\/p>\n<p>26 Janar 2026<\/p>\n<p>Dit\u00ebn e sotme \u00ebsht\u00eb larguar nga detyra kryeinspektorja e IKMT-s\u00eb, Dall\u00ebndyshe Bici, pas 18 muajsh n\u00eb at\u00eb detyr\u00eb. Zonja Bici u riem\u00ebrua n\u00eb at\u00eb post n\u00eb muajin korrik t\u00eb vitit 2024, pas nj\u00eb periudhe t\u00eb shkurt\u00ebr n\u00eb krye t\u00eb Kadastr\u00ebs Shtet\u00ebrore.<\/p>\n<p>M\u00ebsohet se n\u00eb krye t\u00eb Inspektoriatit t\u00eb Mbrojtjes s\u00eb Territorit \u00ebsht\u00eb em\u00ebruar Adriatik Kupi, i cili ka qen\u00eb drejtor n\u00eb OSSH. L\u00ebvizja e qeveris\u00eb duket se \u00ebsht\u00eb nj\u00eb rifreskim n\u00eb nj\u00eb nga institucionet q\u00eb kontrollon kryesisht nd\u00ebrtimet pa leje. Gjat\u00eb k\u00ebtyre muajve inspektor\u00ebt e IKMT-s\u00eb kan\u00eb l\u00ebvizur n\u00eb dhjet\u00ebra qytete, p\u00ebr aksionin e lirimit t\u00eb hap\u00ebsirave publike.<\/p>\n<p>N\u00eb t\u00eb nj\u00ebjt\u00ebn koh\u00eb, qeveria po nd\u00ebrmerr disa nisma ligjore p\u00ebr t\u00eb bashkuar inspektoriatet, ato vendore dhe t\u00eb p\u00ebrgjithshme. Aktualisht jemi n\u00eb faz\u00ebn e hartimit t\u00eb baz\u00ebs ligjore, ku vet\u00eb kryeministri Edi Rama ka deklaruar se k\u00ebto Inspektoriate do t\u00eb reformohen, duke hequr hallka, sidomos ato vendore, t\u00eb cilat nuk b\u00ebjn\u00eb asnj\u00eb pun\u00eb n\u00eb terren, por vet\u00ebm \u201cpresin urdhrat nga lart\u201d.<\/p>\n<p>Deri m\u00eb tani nuk ka asnj\u00eb njoftim se ku do t\u00eb em\u00ebrohet Dall\u00ebndyshe Bici, e cila p\u00ebrgjat\u00eb 12 viteve t\u00eb k\u00ebsaj mazhorance n\u00eb pushtet ka mbajtur poste t\u00eb r\u00ebnd\u00ebsishme. N\u00eb vitin 2013 deri n\u00eb vitin 2014 ka punuar si drejtoresh\u00eb e Inspektimit Juridik pran\u00eb INUK-ut, sot IKMT-ja.<\/p>\n<p>M\u00eb pas, p\u00ebrgjat\u00eb 9 viteve, nga gushti i vitit 2014 deri n\u00eb muajin mars t\u00eb vitit 2023, ka punuar si kryeinspektore n\u00eb IKMT. Nga marsi 2023 deri n\u00eb korrik 2024 ka drejtuar Agjencin\u00eb Shtet\u00ebrore t\u00eb Kadastr\u00ebs, duke marr\u00eb postin e Ervin Hoxh\u00ebs, i cili fillimisht u em\u00ebruar minist\u00ebr i Brendsh\u00ebm dhe aktualisht deputet.<\/p>\n<p>Nd\u00ebrkoh\u00eb, n\u00eb vendin e Dall\u00ebndyshe Bicit n\u00eb krye t\u00eb IKMT-s\u00eb do t\u00eb jet\u00eb Adriatik Kupi, nj\u00eb nga njer\u00ebzit e mazhoranc\u00ebs. Fillimisht ka qen\u00eb administrator i Nj\u00ebsis\u00eb Administrative Petrel\u00eb n\u00eb Tiran\u00eb dhe m\u00eb von\u00eb drejtor i Operatorit t\u00eb Sistemit t\u00eb Shp\u00ebrndarjes.<\/p>\n","protected":false},"excerpt":{"rendered":"<p>26 Janar 2026 Dit\u00ebn e sotme \u00ebsht\u00eb larguar nga detyra kryeinspektorja e IKMT-s\u00eb, Dall\u00ebndyshe Bici, pas 18 muajsh n\u00eb at\u00eb detyr\u00eb. Zonja Bici u riem\u00ebrua n\u00eb at\u00eb post n\u00eb muajin korrik t\u00eb vitit 2024, pas nj\u00eb periudhe t\u00eb shkurt\u00ebr n\u00eb krye t\u00eb Kadastr\u00ebs Shtet\u00ebrore. M\u00ebsohet se n\u00eb krye t\u00eb Inspektoriatit t\u00eb Mbrojtjes s\u00eb Territorit \u00ebsht\u00eb [&hellip;]<\/p>\n","protected":false},"author":9,"featured_media":96970,"comment_status":"open","ping_status":"open","sticky":false,"template":"","format":"standard","meta":{"jetpack_post_was_ever_published":false,"_jetpack_newsletter_access":"","_jetpack_dont_email_post_to_subs":false,"_jetpack_newsletter_tier_id":0,"_jetpack_memberships_contains_paywalled_content":false,"_jetpack_memberships_contains_paid_content":false,"footnotes":"","jetpack_publicize_message":"","jetpack_publicize_feature_enabled":true,"jetpack_social_post_already_shared":true,"jetpack_social_options":{"image_generator_settings":{"template":"highway","default_image_id":0,"font":"","enabled":false},"version":2}},"categories":[27,1],"tags":[],"class_list":["post-96969","post","type-post","status-publish","format-standard","has-post-thumbnail","hentry","category-blogu-i-udhetarit","category-njoftime-shtypi"],"jetpack_publicize_connections":[],"jetpack_featured_media_url":"https:\/\/i0.wp.com\/www.shqiperia.com\/blog\/wp-content\/uploads\/2026\/01\/dallendyshe-bici.jpg?fit=640%2C387&ssl=1","jetpack_sharing_enabled":true,"jetpack_shortlink":"https:\/\/wp.me\/p5Z6wp-pe1","jetpack-related-posts":[{"id":99243,"url":"https:\/\/www.shqiperia.com\/blog\/dy-ore-ne-spak-zbardhen-detajet-dallendyshe-bici-u-pyet-per-regjistrimin-e-njeres-prej-vilave-te-ergys-agasit\/","url_meta":{"origin":96969,"position":0},"title":"Dy or\u00eb n\u00eb SPAK, zbardhen detajet. &#8211; Dall\u00ebndyshe Bici u pyet p\u00ebr regjistrimin e nj\u00ebr\u00ebs prej vilave t\u00eb Ergys Agasit","author":"Kurt Farka","date":"April 8, 2026","format":false,"excerpt":"8 Prill 2026 Ish-drejtoresha e Kadastr\u00ebs Dall\u00ebndyshe Bici u pyet dje n\u00eb SPAK p\u00ebr afro dy or\u00eb n\u00eb kuad\u00ebr t\u00eb hetimeve q\u00eb po kryhen p\u00ebr afer\u00ebn e Agjencis\u00eb Komb\u00ebtare t\u00eb Shoq\u00ebris\u00eb s\u00eb Informacionit. Ky institucion akuzohet se ka funksionuar si nj\u00eb grup i strukturuar kriminal q\u00eb drejtohej nga dy biznesmen\u00ebt\u2026","rel":"","context":"In &quot;Politika&quot;","block_context":{"text":"Politika","link":"https:\/\/www.shqiperia.com\/blog\/category\/politika\/"},"img":{"alt_text":"","src":"https:\/\/i0.wp.com\/www.shqiperia.com\/blog\/wp-content\/uploads\/2026\/04\/Screenshot_20260408_093550_Gallery.jpg?fit=720%2C550&ssl=1&resize=350%2C200","width":350,"height":200,"srcset":"https:\/\/i0.wp.com\/www.shqiperia.com\/blog\/wp-content\/uploads\/2026\/04\/Screenshot_20260408_093550_Gallery.jpg?fit=720%2C550&ssl=1&resize=350%2C200 1x, https:\/\/i0.wp.com\/www.shqiperia.com\/blog\/wp-content\/uploads\/2026\/04\/Screenshot_20260408_093550_Gallery.jpg?fit=720%2C550&ssl=1&resize=525%2C300 1.5x, https:\/\/i0.wp.com\/www.shqiperia.com\/blog\/wp-content\/uploads\/2026\/04\/Screenshot_20260408_093550_Gallery.jpg?fit=720%2C550&ssl=1&resize=700%2C400 2x"},"classes":[]},{"id":62010,"url":"https:\/\/www.shqiperia.com\/blog\/balluku-ne-vend-te-veliaj-rama-projekton-zevendeskryeministren-per-postin-e-kryebashkiakes-se-tiranes\/","url_meta":{"origin":96969,"position":1},"title":"Balluku n\u00eb vend t\u00eb Veliaj? &#8211; Rama projekton z\u00ebvend\u00ebskryeministren p\u00ebr postin e kryebashkiakes s\u00eb Tiran\u00ebs","author":"Kurt Farka","date":"September 10, 2022","format":false,"excerpt":"10 Shtator 2022 \"Do harxhojm\u00eb gjysm\u00ebn e koh\u00ebs t\u00eb sqarojm\u00eb cinik\u00ebt, t\u00eb lig\u00ebt, skeptik\u00ebt, dyshuesit, penguesit, st\u00ebrk\u00ebmb\u00ebshat, pabesin\u00eb, thikat pas shpine.\" N\u00eb fakt k\u00ebt\u00eb q\u00ebndrim Kryebashkiaku i Tiran\u00ebs e ka dh\u00ebn\u00eb teksa po p\u00ebrfitonte t\u00eb merrte pik\u00eb nga marrja e titullit kampione e Evrop\u00ebs prej Luiza Geg\u00ebs. Por kjo deklarat\u00eb\u2026","rel":"","context":"In &quot;Blogu i Udh\u00ebtarit&quot;","block_context":{"text":"Blogu i Udh\u00ebtarit","link":"https:\/\/www.shqiperia.com\/blog\/category\/blogu-i-udhetarit\/"},"img":{"alt_text":"","src":"https:\/\/i0.wp.com\/www.shqiperia.com\/blog\/wp-content\/uploads\/2022\/09\/download-300x158.jpg?resize=350%2C200&ssl=1","width":350,"height":200,"srcset":"https:\/\/i0.wp.com\/www.shqiperia.com\/blog\/wp-content\/uploads\/2022\/09\/download-300x158.jpg?resize=350%2C200&ssl=1 1x, https:\/\/i0.wp.com\/www.shqiperia.com\/blog\/wp-content\/uploads\/2022\/09\/download-300x158.jpg?resize=525%2C300&ssl=1 1.5x"},"classes":[]},{"id":56053,"url":"https:\/\/www.shqiperia.com\/blog\/ikmt-pritet-te-shembe-hotelin-ne-orikum-te-vlores-familjaret-kemi-votuar-ramen-nuk-e-lirojme\/","url_meta":{"origin":96969,"position":2},"title":"IKMT pritet te shemb\u00eb hotelin n\u00eb Orikum t\u00eb Vlor\u00ebs, familjar\u00ebt: &#8211; Kemi votuar Ram\u00ebn, nuk e lirojm\u00eb","author":"Kurt Farka","date":"March 29, 2022","format":false,"excerpt":"IKMT pritet te shemb\u00eb hotelin n\u00eb Orikum t\u00eb Vlor\u00ebs, familjar\u00ebt: - Kemi votuar Ram\u00ebn, nuk e lirojm\u00eb 28 Mars 2022 Inspektoriati Komb\u00ebtar p\u00ebr Mbrojtjen e Territorit nisi t\u00eb h\u00ebn\u00ebn shembjet n\u00eb disa objekte n\u00eb zon\u00eb e Radhim\u00ebs. Aksioni u kund\u00ebrshtua nga pronar\u00ebt e objekteve, t\u00eb cil\u00ebt than\u00eb se nuk jan\u00eb\u2026","rel":"","context":"In &quot;Blogu i Udh\u00ebtarit&quot;","block_context":{"text":"Blogu i Udh\u00ebtarit","link":"https:\/\/www.shqiperia.com\/blog\/category\/blogu-i-udhetarit\/"},"img":{"alt_text":"","src":"https:\/\/i0.wp.com\/www.shqiperia.com\/blog\/wp-content\/uploads\/2022\/03\/IKMT-pritet-te-shembe-hotelin-ne-Orikum-te-Vlores-familjaret-Kemi-votuar-Ramen-nuk-e-lirojme.jpg?fit=640%2C377&ssl=1&resize=350%2C200","width":350,"height":200,"srcset":"https:\/\/i0.wp.com\/www.shqiperia.com\/blog\/wp-content\/uploads\/2022\/03\/IKMT-pritet-te-shembe-hotelin-ne-Orikum-te-Vlores-familjaret-Kemi-votuar-Ramen-nuk-e-lirojme.jpg?fit=640%2C377&ssl=1&resize=350%2C200 1x, https:\/\/i0.wp.com\/www.shqiperia.com\/blog\/wp-content\/uploads\/2022\/03\/IKMT-pritet-te-shembe-hotelin-ne-Orikum-te-Vlores-familjaret-Kemi-votuar-Ramen-nuk-e-lirojme.jpg?fit=640%2C377&ssl=1&resize=525%2C300 1.5x"},"classes":[]},{"id":50825,"url":"https:\/\/www.shqiperia.com\/blog\/shifra-ka-mbi-90-mije-shtepi-qe-slegalizohen-cuci-ultimatum-ikmpt\/","url_meta":{"origin":96969,"position":3},"title":"SHIFRA: &#8211; Ka mbi 90 mij\u00eb sht\u00ebpi q\u00eb s\u2019legalizohen, \u00c7u\u00e7i ultimatum IKMPT.","author":"Kurt Farka","date":"October 23, 2021","format":false,"excerpt":"SHIFRA: - Ka mbi 90 mij\u00eb sht\u00ebpi q\u00eb s\u2019legalizohen, \u00c7u\u00e7i ultimatum IKMPT. 23 tetor 2021 KLEMENT BA\u00c7I\/ Ministri i Brendsh\u00ebm, Bledi \u00c7u\u00e7i, i ka k\u00ebrkuar Inspektoratit Komb\u00ebtar t\u00eb Mbrojtjes s\u00eb Territorit q\u00eb t\u00eb nis\u00eb sa m\u00eb shpejt shembjen e t\u00eb gjitha objekteve q\u00eb nuk legalizohen n\u00eb t\u00eb gjith\u00eb territorin e\u2026","rel":"","context":"In &quot;Blogu i Udh\u00ebtarit&quot;","block_context":{"text":"Blogu i Udh\u00ebtarit","link":"https:\/\/www.shqiperia.com\/blog\/category\/blogu-i-udhetarit\/"},"img":{"alt_text":"","src":"https:\/\/i0.wp.com\/www.shqiperia.com\/blog\/wp-content\/uploads\/2021\/10\/1608124316_ramacuci.jpg?fit=800%2C450&ssl=1&resize=350%2C200","width":350,"height":200,"srcset":"https:\/\/i0.wp.com\/www.shqiperia.com\/blog\/wp-content\/uploads\/2021\/10\/1608124316_ramacuci.jpg?fit=800%2C450&ssl=1&resize=350%2C200 1x, https:\/\/i0.wp.com\/www.shqiperia.com\/blog\/wp-content\/uploads\/2021\/10\/1608124316_ramacuci.jpg?fit=800%2C450&ssl=1&resize=525%2C300 1.5x, https:\/\/i0.wp.com\/www.shqiperia.com\/blog\/wp-content\/uploads\/2021\/10\/1608124316_ramacuci.jpg?fit=800%2C450&ssl=1&resize=700%2C400 2x"},"classes":[]},{"id":65559,"url":"https:\/\/www.shqiperia.com\/blog\/korrupsioni-ne-dogana-dhe-ikmt-artan-fuga-asnje-zyrtar-nuk-i-jep-llogari-drejtesise-miliona-leke-te-keqmenaxhuara-dhe-mazhoranca-nuk-reagon\/","url_meta":{"origin":96969,"position":4},"title":"Korrupsioni n\u00eb dogana dhe IKMT. Artan Fuga: &#8211; Asnj\u00eb zyrtar nuk i jep llogari drejt\u00ebsis\u00eb! Miliona lek\u00eb t\u00eb keqmenaxhuara dhe mazhoranca nuk reagon","author":"Kurt Farka","date":"December 20, 2022","format":false,"excerpt":"20 Dhjetor 2022 Akademiku i njohur Artan Fuga u b\u00ebn thirrje organeve t\u00eb drejt\u00ebsis\u00eb q\u00eb t\u00eb veprojn\u00eb ndaj zyrtar\u00ebve q\u00eb akuzohen p\u00ebr afera korruptive. Z. Fuga shpreh shqet\u00ebsimin e mos reagimit t\u00eb mazhoranc\u00ebs dhe se asnj\u00ebri prej t\u00eb akuzuarve p\u00ebr korrupsion nuk i jep llogari drejt\u00ebsis\u00eb. Akademiku iu referua dje\u2026","rel":"","context":"In &quot;Blogu i Udh\u00ebtarit&quot;","block_context":{"text":"Blogu i Udh\u00ebtarit","link":"https:\/\/www.shqiperia.com\/blog\/category\/blogu-i-udhetarit\/"},"img":{"alt_text":"","src":"https:\/\/i0.wp.com\/www.shqiperia.com\/blog\/wp-content\/uploads\/2022\/12\/artan-fuga-770x433-1.jpg?fit=770%2C433&ssl=1&resize=350%2C200","width":350,"height":200,"srcset":"https:\/\/i0.wp.com\/www.shqiperia.com\/blog\/wp-content\/uploads\/2022\/12\/artan-fuga-770x433-1.jpg?fit=770%2C433&ssl=1&resize=350%2C200 1x, https:\/\/i0.wp.com\/www.shqiperia.com\/blog\/wp-content\/uploads\/2022\/12\/artan-fuga-770x433-1.jpg?fit=770%2C433&ssl=1&resize=525%2C300 1.5x, https:\/\/i0.wp.com\/www.shqiperia.com\/blog\/wp-content\/uploads\/2022\/12\/artan-fuga-770x433-1.jpg?fit=770%2C433&ssl=1&resize=700%2C400 2x"},"classes":[]},{"id":71359,"url":"https:\/\/www.shqiperia.com\/blog\/zgjedhjet-arjan-hoxha-denoncon-si-po-shperndan-dallendyshe-bici-certifikata-pronesie-per-vota-aluizni-aku-zrpp-dhe-tatimet-po-bejne-presion\/","url_meta":{"origin":96969,"position":5},"title":"Zgjedhjet\/ Arjan Hoxha denoncon: Si po shp\u00ebrndan Dall\u00ebndyshe Bici certifikata pron\u00ebsie p\u00ebr vota! Aluizni, AKU, ZRPP dhe Tatimet, po b\u00ebjn\u00eb presion","author":"Kurt Farka","date":"May 12, 2023","format":false,"excerpt":"12 Maji 2023 Arjan Hoxha n\u00eb studion e News24, teksa foli p\u00ebr zgjedhjet e 14 majit tha se administrat\u00ebs i b\u00ebhet presion p\u00ebr t\u00eb marr\u00eb pjes\u00eb n\u00eb takime. Gjithashtu ai theksoi se ka pasur shum\u00eb denoncime, duke u ndalur edhe tek rasti i Dall\u00ebndyshe Bicit, p\u00ebr t\u00eb cil\u00ebn tha se\u2026","rel":"","context":"In &quot;Blogu i Udh\u00ebtarit&quot;","block_context":{"text":"Blogu i Udh\u00ebtarit","link":"https:\/\/www.shqiperia.com\/blog\/category\/blogu-i-udhetarit\/"},"img":{"alt_text":"","src":"https:\/\/i0.wp.com\/www.shqiperia.com\/blog\/wp-content\/uploads\/2023\/05\/Arjan-Hoxha1.jpg?fit=688%2C450&ssl=1&resize=350%2C200","width":350,"height":200,"srcset":"https:\/\/i0.wp.com\/www.shqiperia.com\/blog\/wp-content\/uploads\/2023\/05\/Arjan-Hoxha1.jpg?fit=688%2C450&ssl=1&resize=350%2C200 1x, https:\/\/i0.wp.com\/www.shqiperia.com\/blog\/wp-content\/uploads\/2023\/05\/Arjan-Hoxha1.jpg?fit=688%2C450&ssl=1&resize=525%2C300 1.5x"},"classes":[]}],"_links":{"self":[{"href":"https:\/\/www.shqiperia.com\/blog\/wp-json\/wp\/v2\/posts\/96969","targetHints":{"allow":["GET"]}}],"collection":[{"href":"https:\/\/www.shqiperia.com\/blog\/wp-json\/wp\/v2\/posts"}],"about":[{"href":"https:\/\/www.shqiperia.com\/blog\/wp-json\/wp\/v2\/types\/post"}],"author":[{"embeddable":true,"href":"https:\/\/www.shqiperia.com\/blog\/wp-json\/wp\/v2\/users\/9"}],"replies":[{"embeddable":true,"href":"https:\/\/www.shqiperia.com\/blog\/wp-json\/wp\/v2\/comments?post=96969"}],"version-history":[{"count":1,"href":"https:\/\/www.shqiperia.com\/blog\/wp-json\/wp\/v2\/posts\/96969\/revisions"}],"predecessor-version":[{"id":96971,"href":"https:\/\/www.shqiperia.com\/blog\/wp-json\/wp\/v2\/posts\/96969\/revisions\/96971"}],"wp:featuredmedia":[{"embeddable":true,"href":"https:\/\/www.shqiperia.com\/blog\/wp-json\/wp\/v2\/media\/96970"}],"wp:attachment":[{"href":"https:\/\/www.shqiperia.com\/blog\/wp-json\/wp\/v2\/media?parent=96969"}],"wp:term":[{"taxonomy":"category","embeddable":true,"href":"https:\/\/www.shqiperia.com\/blog\/wp-json\/wp\/v2\/categories?post=96969"},{"taxonomy":"post_tag","embeddable":true,"href":"https:\/\/www.shqiperia.com\/blog\/wp-json\/wp\/v2\/tags?post=96969"}],"curies":[{"name":"wp","href":"https:\/\/api.w.org\/{rel}","templated":true}]}}